{"id":110716,"date":"2023-01-16T11:19:51","date_gmt":"2023-01-16T14:19:51","guid":{"rendered":"https:\/\/www.informelitoral.com.ar\/?p=110716"},"modified":"2023-01-16T11:24:45","modified_gmt":"2023-01-16T14:24:45","slug":"murio-el-turista-que-habia-sido-golpeado-por-una-ola-en-pinamar","status":"publish","type":"post","link":"https:\/\/informelitoral.com.ar\/murio-el-turista-que-habia-sido-golpeado-por-una-ola-en-pinamar\/","title":{"rendered":"Muri\u00f3 el turista que hab\u00eda sido golpeado por una ola en Pinamar"},"content":{"rendered":"<section class=\"texto\">El turista rosarino de 71 a\u00f1os que el 5 de enero pasado tuvo un accidente cuando se encontraba de vacaciones en la localidad de Ostende (golpe\u00f3 su cabeza fuertemente contra el piso de arena tras caer bajo el peso de una enorme ola), muri\u00f3 este s\u00e1bado tras permanecer diez d\u00edas en estado delicado en el hospital municipal Pepe Olaechea de Pinamar.Carlos Alberto Mackena, quien resid\u00eda en la vecina ciudad de Funes, no pudo recuperarse de las lesiones que le produjo el traumatismo y falleci\u00f3 a causa de una falla multiorg\u00e1nica, seg\u00fan confirm\u00f3 el secretario de Salud de Pinamar, Eduardo D\u2019Agostino.<\/p>\n<p>Al momento del deceso, este s\u00e1bado por la ma\u00f1ana, Mackena estaba alojado en la unidad de terapia intensiva, donde hab\u00eda ingresado con pron\u00f3stico reservado tras el desafortunado incidente en la zona del Balneario Barlovento de Ostende, en la costa atl\u00e1ntica.<\/p>\n<div class=\"embed\">\n<div class=\"inner-art\">\n<div class=\"clear\"><\/div>\n<\/div>\n<\/div>\n<p>El d\u00eda del accidente las aguas presentaban un fuerte oleaje y si bien estaba permitido el ingreso de los ba\u00f1istas, en algunos sitios hab\u00eda bandera de mar dudoso. Al parecer, el hombre cay\u00f3 en un banco de arena, casi sin profundidad, y se fractur\u00f3 la columna.<\/p>\n<p>Fue sometido a un operativo de salvataje y primeros auxilios por parte de guardavidas y un bombero voluntario. Una vez fuera del mar, rescatistas lo sacaron del paro card\u00edaco que hab\u00eda hecho por la ingesta de agua y la conmoci\u00f3n del golpe. Pudieron reanimarlo y de all\u00ed se mont\u00f3 un dispositivo para trasladarlo al hospital local, donde ingres\u00f3 con una fractura con compromiso medular y fue sedado y estabilizado en coma inducido, relataron oportunamente fuentes sanitarias.<\/p>\n<p>El jefe del operativo de Seguridad en playa, Esteban Maggi, explic\u00f3 c\u00f3mo sucedieron los hechos.<\/p>\n<p>\u201cEste hombre se estaba ba\u00f1ando en el mar y lo tumb\u00f3 una ola, perdi\u00f3 el equilibrio y se golpe\u00f3 la cabeza contra el fondo del mar, a 30 cent\u00edmetros de profundidad. Se hab\u00eda desvanecido y en unos treinta segundos los guardavidas lo sacaron. Hab\u00eda tragado agua y estaba broncoaspirado. Lo drenaron, le aplicaron adrenalina. Se le hizo Resucitaci\u00f3n Cardio Pulmonar (RCP) y despu\u00e9s personal m\u00e9dico pudo regresarle el pulso\u201d, indic\u00f3 Maggi.<\/p>\n<p>El funcionario aclar\u00f3 que en la jornada del jueves pasado no hubo hechos por fuera de lo normal en la zona de playa. \u201cLo tir\u00f3 de golpe al piso y roz\u00f3 contra la arena, no hab\u00eda olas descontroladas, lamentablemente perdi\u00f3 el equilibrio por el golpe de la ola pero no era un oleaje fuerte. Para que eso suceda debe existir viento pampero o sudestada y no pas\u00f3 ninguna de ambas. Ese mismo d\u00eda un hombre de 50 a\u00f1os agarr\u00f3 una tabla para barrenar y tambi\u00e9n se accident\u00f3\u201d, remarc\u00f3 para insistir: \u201cPero no hab\u00eda superolas\u201d.<\/p>\n<p>Las tareas de reanimaci\u00f3n al hombre de 71 a\u00f1os se extendieron media hora. \u201cTuvo mala suerte, en el golpe. All\u00ed no estaba prohibido el ba\u00f1o y en algunos lugares hab\u00eda bandera de mar dudoso, pero la gente se pod\u00eda ba\u00f1ar\u201d, indic\u00f3.<\/p>\n<\/section>\n<div class=\"publi-top publi-listado\">\n<div class=\"publi-728\">\n<div id=\"banner-interior-b\" class=\"banner-zone-found banner-step-1 banner-loop-1 banner-is-adsense banner-is-c banner-step-2\"><\/div>\n<\/div>\n<\/div>\n","protected":false},"excerpt":{"rendered":"<p>El hombre, de 71 a\u00f1os, permaneci\u00f3 diez d\u00edas internado, sin poder recuperarse de la lesi\u00f3n que sufri\u00f3 al caer y golpear la cabeza contra el piso de arena en Ostende.<\/p>\n","protected":false},"author":8,"featured_media":24888,"comment_status":"open","ping_status":"open","sticky":false,"template":"","format":"standard","meta":{"fifu_image_url":"","fifu_image_alt":"","footnotes":""},"categories":[9],"tags":[],"class_list":{"0":"post-110716","1":"post","2":"type-post","3":"status-publish","4":"format-standard","5":"has-post-thumbnail","7":"category-sociedad"},"yoast_head":"<title>Muri\u00f3 el turista que hab\u00eda sido golpeado por una ola en Pinamar - Informe Litoral<\/title>\n<meta name=\"robots\" content=\"index, follow, max-snippet:-1, max-image-preview:large, max-video-preview:-1\" \/>\n<link rel=\"canonical\" href=\"https:\/\/informelitoral.com.ar\/murio-el-turista-que-habia-sido-golpeado-por-una-ola-en-pinamar\/\" \/>\n<meta property=\"og:locale\" content=\"es_ES\" \/>\n<meta property=\"og:type\" content=\"article\" \/>\n<meta property=\"og:title\" content=\"Muri\u00f3 el turista que hab\u00eda sido golpeado por una ola en Pinamar - Informe Litoral\" \/>\n<meta property=\"og:description\" content=\"El hombre, de 71 a\u00f1os, permaneci\u00f3 diez d\u00edas internado, sin poder recuperarse de la lesi\u00f3n que sufri\u00f3 al caer y golpear la cabeza contra el piso de arena en Ostende.\" \/>\n<meta property=\"og:url\" content=\"https:\/\/informelitoral.com.ar\/murio-el-turista-que-habia-sido-golpeado-por-una-ola-en-pinamar\/\" \/>\n<meta property=\"og:site_name\" content=\"Informe Litoral\" \/>\n<meta property=\"article:publisher\" content=\"https:\/\/www.facebook.com\/informelitoral\/\" \/>\n<meta property=\"article:published_time\" content=\"2023-01-16T14:19:51+00:00\" \/>\n<meta property=\"article:modified_time\" content=\"2023-01-16T14:24:45+00:00\" \/>\n<meta property=\"og:image\" content=\"https:\/\/informelitoral.com.ar\/%77%70%2d%63%6f%6e%74%65%6e%74\/uploads\/2018\/02\/policia-patrullero-768x506.jpg\" \/>\n\t<meta property=\"og:image:width\" content=\"768\" \/>\n\t<meta property=\"og:image:height\" content=\"506\" \/>\n\t<meta property=\"og:image:type\" content=\"image\/jpeg\" \/>\n<meta name=\"author\" content=\"Sebastian\" \/>\n<meta name=\"twitter:card\" content=\"summary_large_image\" \/>\n<meta name=\"twitter:creator\" content=\"@InformeLitoral\" \/>\n<meta name=\"twitter:site\" content=\"@InformeLitoral\" \/>\n<meta name=\"twitter:label1\" content=\"Escrito por\" \/>\n\t<meta name=\"twitter:data1\" content=\"Sebastian\" \/>\n\t<meta name=\"twitter:label2\" content=\"Tiempo de lectura\" \/>\n\t<meta name=\"twitter:data2\" content=\"3 minutos\" \/>\n<script type=\"application\/ld+json\" class=\"yoast-schema-graph\">{\"@context\":\"https:\\\/\\\/schema.org\",\"@graph\":[{\"@type\":\"Article\",\"@id\":\"https:\\\/\\\/informelitoral.com.ar\\\/murio-el-turista-que-habia-sido-golpeado-por-una-ola-en-pinamar\\\/#article\",\"isPartOf\":{\"@id\":\"https:\\\/\\\/informelitoral.com.ar\\\/murio-el-turista-que-habia-sido-golpeado-por-una-ola-en-pinamar\\\/\"},\"author\":{\"name\":\"Sebastian\",\"@id\":\"https:\\\/\\\/informelitoral.com.ar\\\/#\\\/schema\\\/person\\\/f05f9f461677119578717524b127d6d5\"},\"headline\":\"Muri\u00f3 el turista que hab\u00eda sido golpeado por una ola en Pinamar\",\"datePublished\":\"2023-01-16T14:19:51+00:00\",\"dateModified\":\"2023-01-16T14:24:45+00:00\",\"mainEntityOfPage\":{\"@id\":\"https:\\\/\\\/informelitoral.com.ar\\\/murio-el-turista-que-habia-sido-golpeado-por-una-ola-en-pinamar\\\/\"},\"wordCount\":529,\"commentCount\":0,\"publisher\":{\"@id\":\"https:\\\/\\\/informelitoral.com.ar\\\/#organization\"},\"image\":{\"@id\":\"https:\\\/\\\/informelitoral.com.ar\\\/murio-el-turista-que-habia-sido-golpeado-por-una-ola-en-pinamar\\\/#primaryimage\"},\"thumbnailUrl\":\"https:\\\/\\\/informelitoral.com.ar\\\/%77%70%2d%63%6f%6e%74%65%6e%74\\\/uploads\\\/2018\\\/02\\\/policia-patrullero-768x506.jpg\",\"articleSection\":[\"Sociedad\"],\"inLanguage\":\"es\",\"potentialAction\":[{\"@type\":\"CommentAction\",\"name\":\"Comment\",\"target\":[\"https:\\\/\\\/informelitoral.com.ar\\\/murio-el-turista-que-habia-sido-golpeado-por-una-ola-en-pinamar\\\/#respond\"]}]},{\"@type\":\"WebPage\",\"@id\":\"https:\\\/\\\/informelitoral.com.ar\\\/murio-el-turista-que-habia-sido-golpeado-por-una-ola-en-pinamar\\\/\",\"url\":\"https:\\\/\\\/informelitoral.com.ar\\\/murio-el-turista-que-habia-sido-golpeado-por-una-ola-en-pinamar\\\/\",\"name\":\"Muri\u00f3 el turista que hab\u00eda sido golpeado por una ola en Pinamar - Informe Litoral\",\"isPartOf\":{\"@id\":\"https:\\\/\\\/informelitoral.com.ar\\\/#website\"},\"primaryImageOfPage\":{\"@id\":\"https:\\\/\\\/informelitoral.com.ar\\\/murio-el-turista-que-habia-sido-golpeado-por-una-ola-en-pinamar\\\/#primaryimage\"},\"image\":{\"@id\":\"https:\\\/\\\/informelitoral.com.ar\\\/murio-el-turista-que-habia-sido-golpeado-por-una-ola-en-pinamar\\\/#primaryimage\"},\"thumbnailUrl\":\"https:\\\/\\\/informelitoral.com.ar\\\/%77%70%2d%63%6f%6e%74%65%6e%74\\\/uploads\\\/2018\\\/02\\\/policia-patrullero-768x506.jpg\",\"datePublished\":\"2023-01-16T14:19:51+00:00\",\"dateModified\":\"2023-01-16T14:24:45+00:00\",\"breadcrumb\":{\"@id\":\"https:\\\/\\\/informelitoral.com.ar\\\/murio-el-turista-que-habia-sido-golpeado-por-una-ola-en-pinamar\\\/#breadcrumb\"},\"inLanguage\":\"es\",\"potentialAction\":[{\"@type\":\"ReadAction\",\"target\":[\"https:\\\/\\\/informelitoral.com.ar\\\/murio-el-turista-que-habia-sido-golpeado-por-una-ola-en-pinamar\\\/\"]}]},{\"@type\":\"ImageObject\",\"inLanguage\":\"es\",\"@id\":\"https:\\\/\\\/informelitoral.com.ar\\\/murio-el-turista-que-habia-sido-golpeado-por-una-ola-en-pinamar\\\/#primaryimage\",\"url\":\"https:\\\/\\\/informelitoral.com.ar\\\/%77%70%2d%63%6f%6e%74%65%6e%74\\\/uploads\\\/2018\\\/02\\\/policia-patrullero-768x506.jpg\",\"contentUrl\":\"https:\\\/\\\/informelitoral.com.ar\\\/%77%70%2d%63%6f%6e%74%65%6e%74\\\/uploads\\\/2018\\\/02\\\/policia-patrullero-768x506.jpg\",\"width\":768,\"height\":506},{\"@type\":\"BreadcrumbList\",\"@id\":\"https:\\\/\\\/informelitoral.com.ar\\\/murio-el-turista-que-habia-sido-golpeado-por-una-ola-en-pinamar\\\/#breadcrumb\",\"itemListElement\":[{\"@type\":\"ListItem\",\"position\":1,\"name\":\"Portada\",\"item\":\"https:\\\/\\\/informelitoral.com.ar\\\/\"},{\"@type\":\"ListItem\",\"position\":2,\"name\":\"Muri\u00f3 el turista que hab\u00eda sido golpeado por una ola en Pinamar\"}]},{\"@type\":\"WebSite\",\"@id\":\"https:\\\/\\\/informelitoral.com.ar\\\/#website\",\"url\":\"https:\\\/\\\/informelitoral.com.ar\\\/\",\"name\":\"Informe Litoral\",\"description\":\"&quot;Nos informamos&quot; \",\"publisher\":{\"@id\":\"https:\\\/\\\/informelitoral.com.ar\\\/#organization\"},\"potentialAction\":[{\"@type\":\"SearchAction\",\"target\":{\"@type\":\"EntryPoint\",\"urlTemplate\":\"https:\\\/\\\/informelitoral.com.ar\\\/?s={search_term_string}\"},\"query-input\":{\"@type\":\"PropertyValueSpecification\",\"valueRequired\":true,\"valueName\":\"search_term_string\"}}],\"inLanguage\":\"es\"},{\"@type\":\"Organization\",\"@id\":\"https:\\\/\\\/informelitoral.com.ar\\\/#organization\",\"name\":\"Informe Litoral\",\"url\":\"https:\\\/\\\/informelitoral.com.ar\\\/\",\"logo\":{\"@type\":\"ImageObject\",\"inLanguage\":\"es\",\"@id\":\"https:\\\/\\\/informelitoral.com.ar\\\/#\\\/schema\\\/logo\\\/image\\\/\",\"url\":\"https:\\\/\\\/informelitoral.com.ar\\\/%77%70%2d%63%6f%6e%74%65%6e%74\\\/uploads\\\/2021\\\/01\\\/circulo.png\",\"contentUrl\":\"https:\\\/\\\/informelitoral.com.ar\\\/%77%70%2d%63%6f%6e%74%65%6e%74\\\/uploads\\\/2021\\\/01\\\/circulo.png\",\"width\":723,\"height\":731,\"caption\":\"Informe Litoral\"},\"image\":{\"@id\":\"https:\\\/\\\/informelitoral.com.ar\\\/#\\\/schema\\\/logo\\\/image\\\/\"},\"sameAs\":[\"https:\\\/\\\/www.facebook.com\\\/informelitoral\\\/\",\"https:\\\/\\\/x.com\\\/InformeLitoral\",\"https:\\\/\\\/www.instagram.com\\\/informelitoral\\\/\",\"https:\\\/\\\/www.youtube.com\\\/channel\\\/UCua4Qvz8Icb6MYqhoq9xLXw\"]},{\"@type\":\"Person\",\"@id\":\"https:\\\/\\\/informelitoral.com.ar\\\/#\\\/schema\\\/person\\\/f05f9f461677119578717524b127d6d5\",\"name\":\"Sebastian\",\"image\":{\"@type\":\"ImageObject\",\"inLanguage\":\"es\",\"@id\":\"https:\\\/\\\/secure.gravatar.com\\\/avatar\\\/b71bf7481d447dfb9583c7f2798e7cc64de6efb9067b74633ed8c31059a3bd82?s=96&d=mm&r=g\",\"url\":\"https:\\\/\\\/secure.gravatar.com\\\/avatar\\\/b71bf7481d447dfb9583c7f2798e7cc64de6efb9067b74633ed8c31059a3bd82?s=96&d=mm&r=g\",\"contentUrl\":\"https:\\\/\\\/secure.gravatar.com\\\/avatar\\\/b71bf7481d447dfb9583c7f2798e7cc64de6efb9067b74633ed8c31059a3bd82?s=96&d=mm&r=g\",\"caption\":\"Sebastian\"},\"url\":\"https:\\\/\\\/informelitoral.com.ar\\\/author\\\/sebastian\\\/\"}]}<\/script>","yoast_head_json":{"title":"Muri\u00f3 el turista que hab\u00eda sido golpeado por una ola en Pinamar - Informe Litoral","robots":{"index":"index","follow":"follow","max-snippet":"max-snippet:-1","max-image-preview":"max-image-preview:large","max-video-preview":"max-video-preview:-1"},"canonical":"https:\/\/informelitoral.com.ar\/murio-el-turista-que-habia-sido-golpeado-por-una-ola-en-pinamar\/","og_locale":"es_ES","og_type":"article","og_title":"Muri\u00f3 el turista que hab\u00eda sido golpeado por una ola en Pinamar - Informe Litoral","og_description":"El hombre, de 71 a\u00f1os, permaneci\u00f3 diez d\u00edas internado, sin poder recuperarse de la lesi\u00f3n que sufri\u00f3 al caer y golpear la cabeza contra el piso de arena en Ostende.","og_url":"https:\/\/informelitoral.com.ar\/murio-el-turista-que-habia-sido-golpeado-por-una-ola-en-pinamar\/","og_site_name":"Informe Litoral","article_publisher":"https:\/\/www.facebook.com\/informelitoral\/","article_published_time":"2023-01-16T14:19:51+00:00","article_modified_time":"2023-01-16T14:24:45+00:00","og_image":[{"width":768,"height":506,"url":"https:\/\/informelitoral.com.ar\/%77%70%2d%63%6f%6e%74%65%6e%74\/uploads\/2018\/02\/policia-patrullero-768x506.jpg","type":"image\/jpeg"}],"author":"Sebastian","twitter_card":"summary_large_image","twitter_creator":"@InformeLitoral","twitter_site":"@InformeLitoral","twitter_misc":{"Escrito por":"Sebastian","Tiempo de lectura":"3 minutos"},"schema":{"@context":"https:\/\/schema.org","@graph":[{"@type":"Article","@id":"https:\/\/informelitoral.com.ar\/murio-el-turista-que-habia-sido-golpeado-por-una-ola-en-pinamar\/#article","isPartOf":{"@id":"https:\/\/informelitoral.com.ar\/murio-el-turista-que-habia-sido-golpeado-por-una-ola-en-pinamar\/"},"author":{"name":"Sebastian","@id":"https:\/\/informelitoral.com.ar\/#\/schema\/person\/f05f9f461677119578717524b127d6d5"},"headline":"Muri\u00f3 el turista que hab\u00eda sido golpeado por una ola en Pinamar","datePublished":"2023-01-16T14:19:51+00:00","dateModified":"2023-01-16T14:24:45+00:00","mainEntityOfPage":{"@id":"https:\/\/informelitoral.com.ar\/murio-el-turista-que-habia-sido-golpeado-por-una-ola-en-pinamar\/"},"wordCount":529,"commentCount":0,"publisher":{"@id":"https:\/\/informelitoral.com.ar\/#organization"},"image":{"@id":"https:\/\/informelitoral.com.ar\/murio-el-turista-que-habia-sido-golpeado-por-una-ola-en-pinamar\/#primaryimage"},"thumbnailUrl":"https:\/\/informelitoral.com.ar\/%77%70%2d%63%6f%6e%74%65%6e%74\/uploads\/2018\/02\/policia-patrullero-768x506.jpg","articleSection":["Sociedad"],"inLanguage":"es","potentialAction":[{"@type":"CommentAction","name":"Comment","target":["https:\/\/informelitoral.com.ar\/murio-el-turista-que-habia-sido-golpeado-por-una-ola-en-pinamar\/#respond"]}]},{"@type":"WebPage","@id":"https:\/\/informelitoral.com.ar\/murio-el-turista-que-habia-sido-golpeado-por-una-ola-en-pinamar\/","url":"https:\/\/informelitoral.com.ar\/murio-el-turista-que-habia-sido-golpeado-por-una-ola-en-pinamar\/","name":"Muri\u00f3 el turista que hab\u00eda sido golpeado por una ola en Pinamar - Informe Litoral","isPartOf":{"@id":"https:\/\/informelitoral.com.ar\/#website"},"primaryImageOfPage":{"@id":"https:\/\/informelitoral.com.ar\/murio-el-turista-que-habia-sido-golpeado-por-una-ola-en-pinamar\/#primaryimage"},"image":{"@id":"https:\/\/informelitoral.com.ar\/murio-el-turista-que-habia-sido-golpeado-por-una-ola-en-pinamar\/#primaryimage"},"thumbnailUrl":"https:\/\/informelitoral.com.ar\/%77%70%2d%63%6f%6e%74%65%6e%74\/uploads\/2018\/02\/policia-patrullero-768x506.jpg","datePublished":"2023-01-16T14:19:51+00:00","dateModified":"2023-01-16T14:24:45+00:00","breadcrumb":{"@id":"https:\/\/informelitoral.com.ar\/murio-el-turista-que-habia-sido-golpeado-por-una-ola-en-pinamar\/#breadcrumb"},"inLanguage":"es","potentialAction":[{"@type":"ReadAction","target":["https:\/\/informelitoral.com.ar\/murio-el-turista-que-habia-sido-golpeado-por-una-ola-en-pinamar\/"]}]},{"@type":"ImageObject","inLanguage":"es","@id":"https:\/\/informelitoral.com.ar\/murio-el-turista-que-habia-sido-golpeado-por-una-ola-en-pinamar\/#primaryimage","url":"https:\/\/informelitoral.com.ar\/%77%70%2d%63%6f%6e%74%65%6e%74\/uploads\/2018\/02\/policia-patrullero-768x506.jpg","contentUrl":"https:\/\/informelitoral.com.ar\/%77%70%2d%63%6f%6e%74%65%6e%74\/uploads\/2018\/02\/policia-patrullero-768x506.jpg","width":768,"height":506},{"@type":"BreadcrumbList","@id":"https:\/\/informelitoral.com.ar\/murio-el-turista-que-habia-sido-golpeado-por-una-ola-en-pinamar\/#breadcrumb","itemListElement":[{"@type":"ListItem","position":1,"name":"Portada","item":"https:\/\/informelitoral.com.ar\/"},{"@type":"ListItem","position":2,"name":"Muri\u00f3 el turista que hab\u00eda sido golpeado por una ola en Pinamar"}]},{"@type":"WebSite","@id":"https:\/\/informelitoral.com.ar\/#website","url":"https:\/\/informelitoral.com.ar\/","name":"Informe Litoral","description":"&quot;Nos informamos&quot; ","publisher":{"@id":"https:\/\/informelitoral.com.ar\/#organization"},"potentialAction":[{"@type":"SearchAction","target":{"@type":"EntryPoint","urlTemplate":"https:\/\/informelitoral.com.ar\/?s={search_term_string}"},"query-input":{"@type":"PropertyValueSpecification","valueRequired":true,"valueName":"search_term_string"}}],"inLanguage":"es"},{"@type":"Organization","@id":"https:\/\/informelitoral.com.ar\/#organization","name":"Informe Litoral","url":"https:\/\/informelitoral.com.ar\/","logo":{"@type":"ImageObject","inLanguage":"es","@id":"https:\/\/informelitoral.com.ar\/#\/schema\/logo\/image\/","url":"https:\/\/informelitoral.com.ar\/%77%70%2d%63%6f%6e%74%65%6e%74\/uploads\/2021\/01\/circulo.png","contentUrl":"https:\/\/informelitoral.com.ar\/%77%70%2d%63%6f%6e%74%65%6e%74\/uploads\/2021\/01\/circulo.png","width":723,"height":731,"caption":"Informe Litoral"},"image":{"@id":"https:\/\/informelitoral.com.ar\/#\/schema\/logo\/image\/"},"sameAs":["https:\/\/www.facebook.com\/informelitoral\/","https:\/\/x.com\/InformeLitoral","https:\/\/www.instagram.com\/informelitoral\/","https:\/\/www.youtube.com\/channel\/UCua4Qvz8Icb6MYqhoq9xLXw"]},{"@type":"Person","@id":"https:\/\/informelitoral.com.ar\/#\/schema\/person\/f05f9f461677119578717524b127d6d5","name":"Sebastian","image":{"@type":"ImageObject","inLanguage":"es","@id":"https:\/\/secure.gravatar.com\/avatar\/b71bf7481d447dfb9583c7f2798e7cc64de6efb9067b74633ed8c31059a3bd82?s=96&d=mm&r=g","url":"https:\/\/secure.gravatar.com\/avatar\/b71bf7481d447dfb9583c7f2798e7cc64de6efb9067b74633ed8c31059a3bd82?s=96&d=mm&r=g","contentUrl":"https:\/\/secure.gravatar.com\/avatar\/b71bf7481d447dfb9583c7f2798e7cc64de6efb9067b74633ed8c31059a3bd82?s=96&d=mm&r=g","caption":"Sebastian"},"url":"https:\/\/informelitoral.com.ar\/author\/sebastian\/"}]}},"_links":{"self":[{"href":"https:\/\/informelitoral.com.ar\/%77%70%2d%6a%73%6f%6e\/wp\/v2\/posts\/110716","targetHints":{"allow":["GET"]}}],"collection":[{"href":"https:\/\/informelitoral.com.ar\/%77%70%2d%6a%73%6f%6e\/wp\/v2\/posts"}],"about":[{"href":"https:\/\/informelitoral.com.ar\/%77%70%2d%6a%73%6f%6e\/wp\/v2\/types\/post"}],"author":[{"embeddable":true,"href":"https:\/\/informelitoral.com.ar\/%77%70%2d%6a%73%6f%6e\/wp\/v2\/users\/8"}],"replies":[{"embeddable":true,"href":"https:\/\/informelitoral.com.ar\/%77%70%2d%6a%73%6f%6e\/wp\/v2\/comments?post=110716"}],"version-history":[{"count":0,"href":"https:\/\/informelitoral.com.ar\/%77%70%2d%6a%73%6f%6e\/wp\/v2\/posts\/110716\/revisions"}],"wp:featuredmedia":[{"embeddable":true,"href":"https:\/\/informelitoral.com.ar\/%77%70%2d%6a%73%6f%6e\/wp\/v2\/media\/24888"}],"wp:attachment":[{"href":"https:\/\/informelitoral.com.ar\/%77%70%2d%6a%73%6f%6e\/wp\/v2\/media?parent=110716"}],"wp:term":[{"taxonomy":"category","embeddable":true,"href":"https:\/\/informelitoral.com.ar\/%77%70%2d%6a%73%6f%6e\/wp\/v2\/categories?post=110716"},{"taxonomy":"post_tag","embeddable":true,"href":"https:\/\/informelitoral.com.ar\/%77%70%2d%6a%73%6f%6e\/wp\/v2\/tags?post=110716"}],"curies":[{"name":"wp","href":"https:\/\/api.w.org\/{rel}","templated":true}]}}