{"id":110011,"date":"2023-01-12T14:49:45","date_gmt":"2023-01-12T17:49:45","guid":{"rendered":"https:\/\/www.informelitoral.com.ar\/?p=110011"},"modified":"2023-01-12T14:51:27","modified_gmt":"2023-01-12T17:51:27","slug":"crimen-de-fernando-uno-de-los-acusados-hablo-por-primera-vez-en-el-jucio","status":"publish","type":"post","link":"https:\/\/informelitoral.com.ar\/crimen-de-fernando-uno-de-los-acusados-hablo-por-primera-vez-en-el-jucio\/","title":{"rendered":"Crimen de Fernando: uno de los acusados habl\u00f3 por primera vez en el jucio"},"content":{"rendered":"<p>En la ma\u00f1ana de este jueves, peritos de la PFA que analizaron videos de la golpiza a Fernando B\u00e1ez Sosa complicaron fuertemente a Luciano Pertossi, uno de los ocho rugbiers acusados por el crimen juzgados en el Tribunal N\u00b01 de Dolores. As\u00ed, tras la proyecci\u00f3n de una filmaci\u00f3n tomada de un tel\u00e9fono celular, Pertossi tom\u00f3 la palabra, el primer imputado en hacerlo en todo el proceso.<\/p>\n<p>La filmaci\u00f3n no era conocida p\u00fablicamente hasta este momento. Su proyecci\u00f3n en la sala motiv\u00f3 que uno de los acusados hablara: \u201cYo no estaba ah\u00ed\u201d, asegur\u00f3.<\/p>\n<p><b>Qu\u00e9 muestra el video que complic\u00f3 a Luciano Pertossi<br \/>\n<\/b>El\u00a0<a href=\"https:\/\/cdn.jwplayer.com\/previews\/D6EQ1LIN\" target=\"_blank\" rel=\"noopener\">video, una de las piezas menos conocidas el caso<\/a>, est\u00e1 filmado desde la vereda de enfrente de Le Brique. Se ve lo que sucede en la parte lateral, delantera y posterior de un auto que est\u00e1 estacionado sobre la Avenida 3. Es en el momento de la golpiza, pero filmado desde otro \u00e1ngulo. Fernando no se ve porque supuestamente est\u00e1 detr\u00e1s del auto. Se ven golpes venir en varias direcciones. Luciano Pertossi emerge por la derecha, vestido con una remera negra con estampa blanca: los peritos lo reconocieron por su ropa mientras estaban en la sala.<\/p>\n<p>En la audiencia, el Ministerio P\u00fablico Fiscal pidi\u00f3 analizar un video que muestra la golpiza a Fernando. El abogado Hugo Tomei dijo que no correspond\u00eda porque era \u201campliaci\u00f3n de la prueba\u201d, pero la jueza Castro no hizo lugar al planteo. Los peritos entonces identificaron a una persona con una prenda negra oscura. \u201cNo llegamos a determinar mucho m\u00e1s\u201d, dijeron. Luego, la compararon con la filmina 75 de su trabajo. Comenz\u00f3 un cruce entre Tomei y los fiscales.<\/p>\n<p>\u201c\u00bfQui\u00e9n era el sujeto 11 en la filmina 75, entonces?<\/p>\n<p>\u201cLuciano Pertossi\u201d, respondi\u00f3 un perito.<\/p>\n<p>As\u00ed,\u00a0<b>Pertossi le hizo un gesto a su defensor y pidi\u00f3 hablar,<\/b>\u00a0frente a su t\u00edo Marcos y Emilia, su hermana y abogada defensora.<\/p>\n<p>Apuntado por los peritos, tom\u00f3 la palabra. Es la primera vez en todo el proceso que uno de los acusados decide hablar ante el Tribunal N\u00b01. Su identificaci\u00f3n fue una sorpresa. Los peritos de la Federal no lo hab\u00edan reconocido en un an\u00e1lisis previo.<\/p>\n<p><b>\u201cQuiero aclarar algo, \u00bflo hago? Yo no estaba ah\u00ed\u201d, asegur\u00f3.<\/b><\/p>\n<p>\u201c\u00bfD\u00f3nde estaba?\u201d, preguntaron los fiscales. Pertossi replic\u00f3: \u201cNo te voy a responder\u201d.<\/p>\n<p>Le reiteraron la pregunta. Pertossi volvi\u00f3 a evadirla. Visiblemente nervioso, dijo: \u201cNo te voy a responder\u201d.<\/p>\n<p><b>Su tono fue cada vez m\u00e1s desafiante. \u201c\u00bfQui\u00e9n es la persona de negro que est\u00e1 atr\u00e1s del auto?\u201d, le reiteraron. \u201cNo quiero responder ninguna otra pregunta, no se esfuercen porque no voy responder m\u00e1s nada\u201d<\/b>, sigui\u00f3. Se neg\u00f3 dos veces a dar ese dato.<\/p>\n<p>Luego, la audiencia pas\u00f3 a un cuarto intermedio, en donde los familiares de los acusados comenzaron a conversar con Hugo Tomei. R\u00e1pidamente los imputados fueron retirados de la sala.<\/p>\n<p>Marcos Pertossi, padre de Lucas, t\u00edo de Ciro y de Luciano, dej\u00f3 la sala con Emilia Pertossi, abogada defensora, hermana de Luciano.<\/p>\n","protected":false},"excerpt":{"rendered":"<p>Luciano Pertossi, uno de los rugbiers acusado por la muerte de Fernando B\u00e1ez Sosa, rompi\u00f3 el silencio luego de que los forenses exhibieran un video en la novena audiencia del proceso. \u00bfQu\u00e9 dijo?<\/p>\n","protected":false},"author":8,"featured_media":109999,"comment_status":"open","ping_status":"open","sticky":false,"template":"","format":"standard","meta":{"fifu_image_url":"","fifu_image_alt":"","footnotes":""},"categories":[14],"tags":[1792,291],"class_list":{"0":"post-110011","1":"post","2":"type-post","3":"status-publish","4":"format-standard","5":"has-post-thumbnail","7":"category-policiales","8":"tag-fernando-baez-sosa","9":"tag-juicio"},"yoast_head":"<title>Crimen de Fernando: uno de los acusados habl\u00f3 por primera vez en el jucio - Informe Litoral<\/title>\n<meta name=\"robots\" content=\"index, follow, max-snippet:-1, max-image-preview:large, max-video-preview:-1\" \/>\n<link rel=\"canonical\" href=\"https:\/\/informelitoral.com.ar\/crimen-de-fernando-uno-de-los-acusados-hablo-por-primera-vez-en-el-jucio\/\" \/>\n<meta property=\"og:locale\" content=\"es_ES\" \/>\n<meta property=\"og:type\" content=\"article\" \/>\n<meta property=\"og:title\" content=\"Crimen de Fernando: uno de los acusados habl\u00f3 por primera vez en el jucio - Informe Litoral\" \/>\n<meta property=\"og:description\" content=\"Luciano Pertossi, uno de los rugbiers acusado por la muerte de Fernando B\u00e1ez Sosa, rompi\u00f3 el silencio luego de que los forenses exhibieran un video en la novena audiencia del proceso. \u00bfQu\u00e9 dijo?\" \/>\n<meta property=\"og:url\" content=\"https:\/\/informelitoral.com.ar\/crimen-de-fernando-uno-de-los-acusados-hablo-por-primera-vez-en-el-jucio\/\" \/>\n<meta property=\"og:site_name\" content=\"Informe Litoral\" \/>\n<meta property=\"article:publisher\" content=\"https:\/\/www.facebook.com\/informelitoral\/\" \/>\n<meta property=\"article:published_time\" content=\"2023-01-12T17:49:45+00:00\" \/>\n<meta property=\"article:modified_time\" content=\"2023-01-12T17:51:27+00:00\" \/>\n<meta property=\"og:image\" content=\"https:\/\/informelitoral.com.ar\/%77%70%2d%63%6f%6e%74%65%6e%74\/uploads\/2023\/01\/o_1673541883.jpg\" \/>\n\t<meta property=\"og:image:width\" content=\"800\" \/>\n\t<meta property=\"og:image:height\" content=\"450\" \/>\n\t<meta property=\"og:image:type\" content=\"image\/jpeg\" \/>\n<meta name=\"author\" content=\"Sebastian\" \/>\n<meta name=\"twitter:card\" content=\"summary_large_image\" \/>\n<meta name=\"twitter:creator\" content=\"@InformeLitoral\" \/>\n<meta name=\"twitter:site\" content=\"@InformeLitoral\" \/>\n<meta name=\"twitter:label1\" content=\"Escrito por\" \/>\n\t<meta name=\"twitter:data1\" content=\"Sebastian\" \/>\n\t<meta name=\"twitter:label2\" content=\"Tiempo de lectura\" \/>\n\t<meta name=\"twitter:data2\" content=\"3 minutos\" \/>\n<script type=\"application\/ld+json\" class=\"yoast-schema-graph\">{\"@context\":\"https:\\\/\\\/schema.org\",\"@graph\":[{\"@type\":\"Article\",\"@id\":\"https:\\\/\\\/informelitoral.com.ar\\\/crimen-de-fernando-uno-de-los-acusados-hablo-por-primera-vez-en-el-jucio\\\/#article\",\"isPartOf\":{\"@id\":\"https:\\\/\\\/informelitoral.com.ar\\\/crimen-de-fernando-uno-de-los-acusados-hablo-por-primera-vez-en-el-jucio\\\/\"},\"author\":{\"name\":\"Sebastian\",\"@id\":\"https:\\\/\\\/informelitoral.com.ar\\\/#\\\/schema\\\/person\\\/f05f9f461677119578717524b127d6d5\"},\"headline\":\"Crimen de Fernando: uno de los acusados habl\u00f3 por primera vez en el jucio\",\"datePublished\":\"2023-01-12T17:49:45+00:00\",\"dateModified\":\"2023-01-12T17:51:27+00:00\",\"mainEntityOfPage\":{\"@id\":\"https:\\\/\\\/informelitoral.com.ar\\\/crimen-de-fernando-uno-de-los-acusados-hablo-por-primera-vez-en-el-jucio\\\/\"},\"wordCount\":526,\"commentCount\":0,\"publisher\":{\"@id\":\"https:\\\/\\\/informelitoral.com.ar\\\/#organization\"},\"image\":{\"@id\":\"https:\\\/\\\/informelitoral.com.ar\\\/crimen-de-fernando-uno-de-los-acusados-hablo-por-primera-vez-en-el-jucio\\\/#primaryimage\"},\"thumbnailUrl\":\"https:\\\/\\\/informelitoral.com.ar\\\/%77%70%2d%63%6f%6e%74%65%6e%74\\\/uploads\\\/2023\\\/01\\\/o_1673541883.jpg\",\"keywords\":[\"Fernando Baez Sosa\",\"Juicio\"],\"articleSection\":[\"Policiales\"],\"inLanguage\":\"es\",\"potentialAction\":[{\"@type\":\"CommentAction\",\"name\":\"Comment\",\"target\":[\"https:\\\/\\\/informelitoral.com.ar\\\/crimen-de-fernando-uno-de-los-acusados-hablo-por-primera-vez-en-el-jucio\\\/#respond\"]}]},{\"@type\":\"WebPage\",\"@id\":\"https:\\\/\\\/informelitoral.com.ar\\\/crimen-de-fernando-uno-de-los-acusados-hablo-por-primera-vez-en-el-jucio\\\/\",\"url\":\"https:\\\/\\\/informelitoral.com.ar\\\/crimen-de-fernando-uno-de-los-acusados-hablo-por-primera-vez-en-el-jucio\\\/\",\"name\":\"Crimen de Fernando: uno de los acusados habl\u00f3 por primera vez en el jucio - Informe Litoral\",\"isPartOf\":{\"@id\":\"https:\\\/\\\/informelitoral.com.ar\\\/#website\"},\"primaryImageOfPage\":{\"@id\":\"https:\\\/\\\/informelitoral.com.ar\\\/crimen-de-fernando-uno-de-los-acusados-hablo-por-primera-vez-en-el-jucio\\\/#primaryimage\"},\"image\":{\"@id\":\"https:\\\/\\\/informelitoral.com.ar\\\/crimen-de-fernando-uno-de-los-acusados-hablo-por-primera-vez-en-el-jucio\\\/#primaryimage\"},\"thumbnailUrl\":\"https:\\\/\\\/informelitoral.com.ar\\\/%77%70%2d%63%6f%6e%74%65%6e%74\\\/uploads\\\/2023\\\/01\\\/o_1673541883.jpg\",\"datePublished\":\"2023-01-12T17:49:45+00:00\",\"dateModified\":\"2023-01-12T17:51:27+00:00\",\"breadcrumb\":{\"@id\":\"https:\\\/\\\/informelitoral.com.ar\\\/crimen-de-fernando-uno-de-los-acusados-hablo-por-primera-vez-en-el-jucio\\\/#breadcrumb\"},\"inLanguage\":\"es\",\"potentialAction\":[{\"@type\":\"ReadAction\",\"target\":[\"https:\\\/\\\/informelitoral.com.ar\\\/crimen-de-fernando-uno-de-los-acusados-hablo-por-primera-vez-en-el-jucio\\\/\"]}]},{\"@type\":\"ImageObject\",\"inLanguage\":\"es\",\"@id\":\"https:\\\/\\\/informelitoral.com.ar\\\/crimen-de-fernando-uno-de-los-acusados-hablo-por-primera-vez-en-el-jucio\\\/#primaryimage\",\"url\":\"https:\\\/\\\/informelitoral.com.ar\\\/%77%70%2d%63%6f%6e%74%65%6e%74\\\/uploads\\\/2023\\\/01\\\/o_1673541883.jpg\",\"contentUrl\":\"https:\\\/\\\/informelitoral.com.ar\\\/%77%70%2d%63%6f%6e%74%65%6e%74\\\/uploads\\\/2023\\\/01\\\/o_1673541883.jpg\",\"width\":800,\"height\":450},{\"@type\":\"BreadcrumbList\",\"@id\":\"https:\\\/\\\/informelitoral.com.ar\\\/crimen-de-fernando-uno-de-los-acusados-hablo-por-primera-vez-en-el-jucio\\\/#breadcrumb\",\"itemListElement\":[{\"@type\":\"ListItem\",\"position\":1,\"name\":\"Portada\",\"item\":\"https:\\\/\\\/informelitoral.com.ar\\\/\"},{\"@type\":\"ListItem\",\"position\":2,\"name\":\"Crimen de Fernando: uno de los acusados habl\u00f3 por primera vez en el jucio\"}]},{\"@type\":\"WebSite\",\"@id\":\"https:\\\/\\\/informelitoral.com.ar\\\/#website\",\"url\":\"https:\\\/\\\/informelitoral.com.ar\\\/\",\"name\":\"Informe Litoral\",\"description\":\"&quot;Nos informamos&quot; \",\"publisher\":{\"@id\":\"https:\\\/\\\/informelitoral.com.ar\\\/#organization\"},\"potentialAction\":[{\"@type\":\"SearchAction\",\"target\":{\"@type\":\"EntryPoint\",\"urlTemplate\":\"https:\\\/\\\/informelitoral.com.ar\\\/?s={search_term_string}\"},\"query-input\":{\"@type\":\"PropertyValueSpecification\",\"valueRequired\":true,\"valueName\":\"search_term_string\"}}],\"inLanguage\":\"es\"},{\"@type\":\"Organization\",\"@id\":\"https:\\\/\\\/informelitoral.com.ar\\\/#organization\",\"name\":\"Informe Litoral\",\"url\":\"https:\\\/\\\/informelitoral.com.ar\\\/\",\"logo\":{\"@type\":\"ImageObject\",\"inLanguage\":\"es\",\"@id\":\"https:\\\/\\\/informelitoral.com.ar\\\/#\\\/schema\\\/logo\\\/image\\\/\",\"url\":\"https:\\\/\\\/informelitoral.com.ar\\\/%77%70%2d%63%6f%6e%74%65%6e%74\\\/uploads\\\/2021\\\/01\\\/circulo.png\",\"contentUrl\":\"https:\\\/\\\/informelitoral.com.ar\\\/%77%70%2d%63%6f%6e%74%65%6e%74\\\/uploads\\\/2021\\\/01\\\/circulo.png\",\"width\":723,\"height\":731,\"caption\":\"Informe Litoral\"},\"image\":{\"@id\":\"https:\\\/\\\/informelitoral.com.ar\\\/#\\\/schema\\\/logo\\\/image\\\/\"},\"sameAs\":[\"https:\\\/\\\/www.facebook.com\\\/informelitoral\\\/\",\"https:\\\/\\\/x.com\\\/InformeLitoral\",\"https:\\\/\\\/www.instagram.com\\\/informelitoral\\\/\",\"https:\\\/\\\/www.youtube.com\\\/channel\\\/UCua4Qvz8Icb6MYqhoq9xLXw\"]},{\"@type\":\"Person\",\"@id\":\"https:\\\/\\\/informelitoral.com.ar\\\/#\\\/schema\\\/person\\\/f05f9f461677119578717524b127d6d5\",\"name\":\"Sebastian\",\"image\":{\"@type\":\"ImageObject\",\"inLanguage\":\"es\",\"@id\":\"https:\\\/\\\/secure.gravatar.com\\\/avatar\\\/b71bf7481d447dfb9583c7f2798e7cc64de6efb9067b74633ed8c31059a3bd82?s=96&d=mm&r=g\",\"url\":\"https:\\\/\\\/secure.gravatar.com\\\/avatar\\\/b71bf7481d447dfb9583c7f2798e7cc64de6efb9067b74633ed8c31059a3bd82?s=96&d=mm&r=g\",\"contentUrl\":\"https:\\\/\\\/secure.gravatar.com\\\/avatar\\\/b71bf7481d447dfb9583c7f2798e7cc64de6efb9067b74633ed8c31059a3bd82?s=96&d=mm&r=g\",\"caption\":\"Sebastian\"},\"url\":\"https:\\\/\\\/informelitoral.com.ar\\\/author\\\/sebastian\\\/\"}]}<\/script>","yoast_head_json":{"title":"Crimen de Fernando: uno de los acusados habl\u00f3 por primera vez en el jucio - Informe Litoral","robots":{"index":"index","follow":"follow","max-snippet":"max-snippet:-1","max-image-preview":"max-image-preview:large","max-video-preview":"max-video-preview:-1"},"canonical":"https:\/\/informelitoral.com.ar\/crimen-de-fernando-uno-de-los-acusados-hablo-por-primera-vez-en-el-jucio\/","og_locale":"es_ES","og_type":"article","og_title":"Crimen de Fernando: uno de los acusados habl\u00f3 por primera vez en el jucio - Informe Litoral","og_description":"Luciano Pertossi, uno de los rugbiers acusado por la muerte de Fernando B\u00e1ez Sosa, rompi\u00f3 el silencio luego de que los forenses exhibieran un video en la novena audiencia del proceso. \u00bfQu\u00e9 dijo?","og_url":"https:\/\/informelitoral.com.ar\/crimen-de-fernando-uno-de-los-acusados-hablo-por-primera-vez-en-el-jucio\/","og_site_name":"Informe Litoral","article_publisher":"https:\/\/www.facebook.com\/informelitoral\/","article_published_time":"2023-01-12T17:49:45+00:00","article_modified_time":"2023-01-12T17:51:27+00:00","og_image":[{"width":800,"height":450,"url":"https:\/\/informelitoral.com.ar\/%77%70%2d%63%6f%6e%74%65%6e%74\/uploads\/2023\/01\/o_1673541883.jpg","type":"image\/jpeg"}],"author":"Sebastian","twitter_card":"summary_large_image","twitter_creator":"@InformeLitoral","twitter_site":"@InformeLitoral","twitter_misc":{"Escrito por":"Sebastian","Tiempo de lectura":"3 minutos"},"schema":{"@context":"https:\/\/schema.org","@graph":[{"@type":"Article","@id":"https:\/\/informelitoral.com.ar\/crimen-de-fernando-uno-de-los-acusados-hablo-por-primera-vez-en-el-jucio\/#article","isPartOf":{"@id":"https:\/\/informelitoral.com.ar\/crimen-de-fernando-uno-de-los-acusados-hablo-por-primera-vez-en-el-jucio\/"},"author":{"name":"Sebastian","@id":"https:\/\/informelitoral.com.ar\/#\/schema\/person\/f05f9f461677119578717524b127d6d5"},"headline":"Crimen de Fernando: uno de los acusados habl\u00f3 por primera vez en el jucio","datePublished":"2023-01-12T17:49:45+00:00","dateModified":"2023-01-12T17:51:27+00:00","mainEntityOfPage":{"@id":"https:\/\/informelitoral.com.ar\/crimen-de-fernando-uno-de-los-acusados-hablo-por-primera-vez-en-el-jucio\/"},"wordCount":526,"commentCount":0,"publisher":{"@id":"https:\/\/informelitoral.com.ar\/#organization"},"image":{"@id":"https:\/\/informelitoral.com.ar\/crimen-de-fernando-uno-de-los-acusados-hablo-por-primera-vez-en-el-jucio\/#primaryimage"},"thumbnailUrl":"https:\/\/informelitoral.com.ar\/%77%70%2d%63%6f%6e%74%65%6e%74\/uploads\/2023\/01\/o_1673541883.jpg","keywords":["Fernando Baez Sosa","Juicio"],"articleSection":["Policiales"],"inLanguage":"es","potentialAction":[{"@type":"CommentAction","name":"Comment","target":["https:\/\/informelitoral.com.ar\/crimen-de-fernando-uno-de-los-acusados-hablo-por-primera-vez-en-el-jucio\/#respond"]}]},{"@type":"WebPage","@id":"https:\/\/informelitoral.com.ar\/crimen-de-fernando-uno-de-los-acusados-hablo-por-primera-vez-en-el-jucio\/","url":"https:\/\/informelitoral.com.ar\/crimen-de-fernando-uno-de-los-acusados-hablo-por-primera-vez-en-el-jucio\/","name":"Crimen de Fernando: uno de los acusados habl\u00f3 por primera vez en el jucio - Informe Litoral","isPartOf":{"@id":"https:\/\/informelitoral.com.ar\/#website"},"primaryImageOfPage":{"@id":"https:\/\/informelitoral.com.ar\/crimen-de-fernando-uno-de-los-acusados-hablo-por-primera-vez-en-el-jucio\/#primaryimage"},"image":{"@id":"https:\/\/informelitoral.com.ar\/crimen-de-fernando-uno-de-los-acusados-hablo-por-primera-vez-en-el-jucio\/#primaryimage"},"thumbnailUrl":"https:\/\/informelitoral.com.ar\/%77%70%2d%63%6f%6e%74%65%6e%74\/uploads\/2023\/01\/o_1673541883.jpg","datePublished":"2023-01-12T17:49:45+00:00","dateModified":"2023-01-12T17:51:27+00:00","breadcrumb":{"@id":"https:\/\/informelitoral.com.ar\/crimen-de-fernando-uno-de-los-acusados-hablo-por-primera-vez-en-el-jucio\/#breadcrumb"},"inLanguage":"es","potentialAction":[{"@type":"ReadAction","target":["https:\/\/informelitoral.com.ar\/crimen-de-fernando-uno-de-los-acusados-hablo-por-primera-vez-en-el-jucio\/"]}]},{"@type":"ImageObject","inLanguage":"es","@id":"https:\/\/informelitoral.com.ar\/crimen-de-fernando-uno-de-los-acusados-hablo-por-primera-vez-en-el-jucio\/#primaryimage","url":"https:\/\/informelitoral.com.ar\/%77%70%2d%63%6f%6e%74%65%6e%74\/uploads\/2023\/01\/o_1673541883.jpg","contentUrl":"https:\/\/informelitoral.com.ar\/%77%70%2d%63%6f%6e%74%65%6e%74\/uploads\/2023\/01\/o_1673541883.jpg","width":800,"height":450},{"@type":"BreadcrumbList","@id":"https:\/\/informelitoral.com.ar\/crimen-de-fernando-uno-de-los-acusados-hablo-por-primera-vez-en-el-jucio\/#breadcrumb","itemListElement":[{"@type":"ListItem","position":1,"name":"Portada","item":"https:\/\/informelitoral.com.ar\/"},{"@type":"ListItem","position":2,"name":"Crimen de Fernando: uno de los acusados habl\u00f3 por primera vez en el jucio"}]},{"@type":"WebSite","@id":"https:\/\/informelitoral.com.ar\/#website","url":"https:\/\/informelitoral.com.ar\/","name":"Informe Litoral","description":"&quot;Nos informamos&quot; ","publisher":{"@id":"https:\/\/informelitoral.com.ar\/#organization"},"potentialAction":[{"@type":"SearchAction","target":{"@type":"EntryPoint","urlTemplate":"https:\/\/informelitoral.com.ar\/?s={search_term_string}"},"query-input":{"@type":"PropertyValueSpecification","valueRequired":true,"valueName":"search_term_string"}}],"inLanguage":"es"},{"@type":"Organization","@id":"https:\/\/informelitoral.com.ar\/#organization","name":"Informe Litoral","url":"https:\/\/informelitoral.com.ar\/","logo":{"@type":"ImageObject","inLanguage":"es","@id":"https:\/\/informelitoral.com.ar\/#\/schema\/logo\/image\/","url":"https:\/\/informelitoral.com.ar\/%77%70%2d%63%6f%6e%74%65%6e%74\/uploads\/2021\/01\/circulo.png","contentUrl":"https:\/\/informelitoral.com.ar\/%77%70%2d%63%6f%6e%74%65%6e%74\/uploads\/2021\/01\/circulo.png","width":723,"height":731,"caption":"Informe Litoral"},"image":{"@id":"https:\/\/informelitoral.com.ar\/#\/schema\/logo\/image\/"},"sameAs":["https:\/\/www.facebook.com\/informelitoral\/","https:\/\/x.com\/InformeLitoral","https:\/\/www.instagram.com\/informelitoral\/","https:\/\/www.youtube.com\/channel\/UCua4Qvz8Icb6MYqhoq9xLXw"]},{"@type":"Person","@id":"https:\/\/informelitoral.com.ar\/#\/schema\/person\/f05f9f461677119578717524b127d6d5","name":"Sebastian","image":{"@type":"ImageObject","inLanguage":"es","@id":"https:\/\/secure.gravatar.com\/avatar\/b71bf7481d447dfb9583c7f2798e7cc64de6efb9067b74633ed8c31059a3bd82?s=96&d=mm&r=g","url":"https:\/\/secure.gravatar.com\/avatar\/b71bf7481d447dfb9583c7f2798e7cc64de6efb9067b74633ed8c31059a3bd82?s=96&d=mm&r=g","contentUrl":"https:\/\/secure.gravatar.com\/avatar\/b71bf7481d447dfb9583c7f2798e7cc64de6efb9067b74633ed8c31059a3bd82?s=96&d=mm&r=g","caption":"Sebastian"},"url":"https:\/\/informelitoral.com.ar\/author\/sebastian\/"}]}},"_links":{"self":[{"href":"https:\/\/informelitoral.com.ar\/%77%70%2d%6a%73%6f%6e\/wp\/v2\/posts\/110011","targetHints":{"allow":["GET"]}}],"collection":[{"href":"https:\/\/informelitoral.com.ar\/%77%70%2d%6a%73%6f%6e\/wp\/v2\/posts"}],"about":[{"href":"https:\/\/informelitoral.com.ar\/%77%70%2d%6a%73%6f%6e\/wp\/v2\/types\/post"}],"author":[{"embeddable":true,"href":"https:\/\/informelitoral.com.ar\/%77%70%2d%6a%73%6f%6e\/wp\/v2\/users\/8"}],"replies":[{"embeddable":true,"href":"https:\/\/informelitoral.com.ar\/%77%70%2d%6a%73%6f%6e\/wp\/v2\/comments?post=110011"}],"version-history":[{"count":0,"href":"https:\/\/informelitoral.com.ar\/%77%70%2d%6a%73%6f%6e\/wp\/v2\/posts\/110011\/revisions"}],"wp:featuredmedia":[{"embeddable":true,"href":"https:\/\/informelitoral.com.ar\/%77%70%2d%6a%73%6f%6e\/wp\/v2\/media\/109999"}],"wp:attachment":[{"href":"https:\/\/informelitoral.com.ar\/%77%70%2d%6a%73%6f%6e\/wp\/v2\/media?parent=110011"}],"wp:term":[{"taxonomy":"category","embeddable":true,"href":"https:\/\/informelitoral.com.ar\/%77%70%2d%6a%73%6f%6e\/wp\/v2\/categories?post=110011"},{"taxonomy":"post_tag","embeddable":true,"href":"https:\/\/informelitoral.com.ar\/%77%70%2d%6a%73%6f%6e\/wp\/v2\/tags?post=110011"}],"curies":[{"name":"wp","href":"https:\/\/api.w.org\/{rel}","templated":true}]}}