{"id":1100,"date":"2013-04-17T14:39:25","date_gmt":"2013-04-17T17:39:25","guid":{"rendered":"http:\/\/www.isletasnoticias.com.ar\/?p=1100"},"modified":"2013-04-17T14:49:50","modified_gmt":"2013-04-17T17:49:50","slug":"aepa-realizara-un-taller-de-redaccion-el-viernes-26","status":"publish","type":"post","link":"https:\/\/informelitoral.com.ar\/aepa-realizara-un-taller-de-redaccion-el-viernes-26\/","title":{"rendered":"AEPA realizar\u00e1 un \u00abTaller de Redacci\u00f3n\u00bb el viernes 26"},"content":{"rendered":"<div align=\"justify\">\u00a0 <strong>La Asociaci\u00f3n Entrerriana de Periodistas Agropecuarios Don Luis\u00a0 Perri\u00e8re, con el apoyo de la Bolsa de Cereales de Entre R\u00edos, proyecta la realizaci\u00f3n de distintos talleres de capacitaci\u00f3n para comunicadores. El primero de los cuales se har\u00e1 el viernes 26 de abril, en la sede de la instituci\u00f3n citada en segundo t\u00e9rmino, ubicada en calle San Martin 553 de Paran\u00e1.<\/strong><\/div>\n<p><a style=\"text-align: justify;\" href=\"http:\/\/www.isletasnoticias.com.ar\/%77%70%2d%63%6f%6e%74%65%6e%74\/uploads\/2013\/04\/taller.jpg\"><img loading=\"lazy\" decoding=\"async\" class=\"size-medium wp-image-1101 alignright\" title=\"El viernes 26, a las 15:00, comenzar\u00e1 el &quot;Taller de Redacci\u00f3n&quot; en la Bolsa de Cereales de Entre R\u00edos.\" alt=\"taller\" src=\"http:\/\/www.isletasnoticias.com.ar\/%77%70%2d%63%6f%6e%74%65%6e%74\/uploads\/2013\/04\/taller-300x159.jpg\" width=\"300\" height=\"159\" srcset=\"https:\/\/informelitoral.com.ar\/%77%70%2d%63%6f%6e%74%65%6e%74\/uploads\/2013\/04\/taller-300x159.jpg 300w, https:\/\/informelitoral.com.ar\/%77%70%2d%63%6f%6e%74%65%6e%74\/uploads\/2013\/04\/taller.jpg 640w\" sizes=\"auto, (max-width: 300px) 100vw, 300px\" \/><\/a><\/p>\n<p style=\"text-align: justify;\"><span style=\"text-decoration: underline;\">El \u00abTaller de Redacci\u00f3n\u00bb,\u00a0\u00a0tendr\u00e1 tres m\u00f3dulos, que se detallan a continuaci\u00f3n:<\/span><\/p>\n<div align=\"justify\">\u00a0<strong>1-\u00a0 A las 15:00: cuestiones b\u00e1sicas de la redacci\u00f3n period\u00edstica<\/strong><\/div>\n<div align=\"justify\">La noticia. Elementos que la componen. Estructuras. Selecci\u00f3n, jerarquizaci\u00f3n y ordenamiento de los elementos constitutivos. Esquema de la pir\u00e1mide invertida. Las seis preguntas b\u00e1sicas del periodista: su incidencia en la redacci\u00f3n. T\u00edtulo informativo y expresivo. El lector modelo.\u00a0Ejemplos o ejercicios.<\/div>\n<div align=\"justify\"><\/div>\n<div align=\"justify\">La encargada de la primer tem\u00e1tica ser\u00e1 <strong>Aixa Boykens<\/strong>, Docente del Taller de Producci\u00f3n Period\u00edstica de la Lic. en Comunicaci\u00f3n Social de Facultad de Ciencias de la Educaci\u00f3n de la UNER.<\/div>\n<div align=\"justify\"><\/div>\n<div align=\"justify\"><\/div>\n<div align=\"justify\"><strong>2- \u00a0A las 16:45: \u201cLa redacci\u00f3n en caliente\u201d, el trabajo cotidiano en un diario<\/strong><\/div>\n<div align=\"justify\">Redacci\u00f3n. Cr\u00f3nica. Entrevistas. Notas breves. El impacto de los medios digitales.<\/div>\n<div align=\"justify\"><\/div>\n<div align=\"justify\">Este m\u00f3dulo estar\u00e1 a cargo del docente <strong>Carlos Damonte,<\/strong> Director Period\u00edstico de Diario UNO de Entre R\u00edos.<\/div>\n<div align=\"justify\"><\/div>\n<div align=\"justify\"><\/div>\n<div align=\"justify\"><strong>3- A las 18:00: \u00a0Proceso de la investigaci\u00f3n period\u00edstica<\/strong><\/div>\n<div align=\"justify\">\u00c9tica y Responsabilidad social. A cargo de\u00a0<strong>Mat\u00edas Longoni<\/strong>, periodista de Diario Clar\u00edn y conductor de \u201c<em>Bichos de Campo\u201d.\u00a0<\/em><\/div>\n<div align=\"justify\"><\/div>\n<div align=\"justify\">Es intenci\u00f3n de la entidad organizadora realizar nuevos talleres en el curso de este a\u00f1o; tentativamente los mismos se har\u00e1n en forma mensual sobre medios digitales, radio, comunicaci\u00f3n institucional, entre otros.<\/div>\n<div align=\"justify\"><\/div>\n<div align=\"justify\">Todas estas reuniones de capacitaci\u00f3n tendr\u00e1n un cupo para la asistencia a los mismos y ser\u00e1n libres para los afiliados de AEPA, con un costo m\u00ednimo de $100, para aquellos que quieran participar. Por otro lado, se proyecta establecer cinco lugares destinados a estudiantes ligados a la tem\u00e1tica.<\/div>\n<div align=\"justify\"><\/div>\n<div align=\"justify\">La Asociaci\u00f3n Entrerriana de Periodistas Agropecuarios Don Luis\u00a0 Perri\u00e8re, cuenta con un sitio web, \u00a0que es:\u00a0www.<b>aepa<\/b>&#8211;<b>donluis<\/b>.com.ar\u00a0donde se puede encontrar informaci\u00f3n sobre sus integrantes, entre otros temas.<\/div>\n","protected":false},"excerpt":{"rendered":"<p>&nbsp; La Asociaci&oacute;n Entrerriana de Periodistas Agropecuarios Don Luis&nbsp; Perri&egrave;re, con el apoyo de la Bolsa de Cereales de Entre R&iacute;os, proyecta la realizaci&oacute;n de distintos talleres de capacitaci&oacute;n para comunicadores. El primero de los cuales se har&aacute; el viernes 26 de abril, en la sede de la instituci&oacute;n citada en segundo t&eacute;rmino, ubicada en [&hellip;]<\/p>\n","protected":false},"author":2,"featured_media":0,"comment_status":"open","ping_status":"open","sticky":false,"template":"","format":"standard","meta":{"fifu_image_url":"","fifu_image_alt":"","footnotes":""},"categories":[6,9],"tags":[],"class_list":{"0":"post-1100","1":"post","2":"type-post","3":"status-publish","4":"format-standard","6":"category-entre-rios","7":"category-sociedad"},"yoast_head":"<title>AEPA realizar\u00e1 un &quot;Taller de Redacci\u00f3n&quot; el viernes 26 - Informe Litoral<\/title>\n<meta name=\"robots\" content=\"index, follow, max-snippet:-1, max-image-preview:large, max-video-preview:-1\" \/>\n<link rel=\"canonical\" href=\"https:\/\/informelitoral.com.ar\/aepa-realizara-un-taller-de-redaccion-el-viernes-26\/\" \/>\n<meta property=\"og:locale\" content=\"es_ES\" \/>\n<meta property=\"og:type\" content=\"article\" \/>\n<meta property=\"og:title\" content=\"AEPA realizar\u00e1 un &quot;Taller de Redacci\u00f3n&quot; el viernes 26 - Informe Litoral\" \/>\n<meta property=\"og:description\" content=\"&nbsp; La Asociaci&oacute;n Entrerriana de Periodistas Agropecuarios Don Luis&nbsp; Perri&egrave;re, con el apoyo de la Bolsa de Cereales de Entre R&iacute;os, proyecta la realizaci&oacute;n de distintos talleres de capacitaci&oacute;n para comunicadores. El primero de los cuales se har&aacute; el viernes 26 de abril, en la sede de la instituci&oacute;n citada en segundo t&eacute;rmino, ubicada en [&hellip;]\" \/>\n<meta property=\"og:url\" content=\"https:\/\/informelitoral.com.ar\/aepa-realizara-un-taller-de-redaccion-el-viernes-26\/\" \/>\n<meta property=\"og:site_name\" content=\"Informe Litoral\" \/>\n<meta property=\"article:publisher\" content=\"https:\/\/www.facebook.com\/informelitoral\/\" \/>\n<meta property=\"article:published_time\" content=\"2013-04-17T17:39:25+00:00\" \/>\n<meta property=\"article:modified_time\" content=\"2013-04-17T17:49:50+00:00\" \/>\n<meta property=\"og:image\" content=\"https:\/\/informelitoral.com.ar\/%77%70%2d%63%6f%6e%74%65%6e%74\/uploads\/2013\/04\/taller.jpg\" \/>\n\t<meta property=\"og:image:width\" content=\"640\" \/>\n\t<meta property=\"og:image:height\" content=\"341\" \/>\n\t<meta property=\"og:image:type\" content=\"image\/jpeg\" \/>\n<meta name=\"author\" content=\"Gonzalo Schmidt\" \/>\n<meta name=\"twitter:card\" content=\"summary_large_image\" \/>\n<meta name=\"twitter:creator\" content=\"@InformeLitoral\" \/>\n<meta name=\"twitter:site\" content=\"@InformeLitoral\" \/>\n<meta name=\"twitter:label1\" content=\"Escrito por\" \/>\n\t<meta name=\"twitter:data1\" content=\"Gonzalo Schmidt\" \/>\n\t<meta name=\"twitter:label2\" content=\"Tiempo de lectura\" \/>\n\t<meta name=\"twitter:data2\" content=\"2 minutos\" \/>\n<script type=\"application\/ld+json\" class=\"yoast-schema-graph\">{\"@context\":\"https:\\\/\\\/schema.org\",\"@graph\":[{\"@type\":\"Article\",\"@id\":\"https:\\\/\\\/informelitoral.com.ar\\\/aepa-realizara-un-taller-de-redaccion-el-viernes-26\\\/#article\",\"isPartOf\":{\"@id\":\"https:\\\/\\\/informelitoral.com.ar\\\/aepa-realizara-un-taller-de-redaccion-el-viernes-26\\\/\"},\"author\":{\"name\":\"Gonzalo Schmidt\",\"@id\":\"https:\\\/\\\/informelitoral.com.ar\\\/#\\\/schema\\\/person\\\/b9d00407c836482871ef1d57bf8e3180\"},\"headline\":\"AEPA realizar\u00e1 un \u00abTaller de Redacci\u00f3n\u00bb el viernes 26\",\"datePublished\":\"2013-04-17T17:39:25+00:00\",\"dateModified\":\"2013-04-17T17:49:50+00:00\",\"mainEntityOfPage\":{\"@id\":\"https:\\\/\\\/informelitoral.com.ar\\\/aepa-realizara-un-taller-de-redaccion-el-viernes-26\\\/\"},\"wordCount\":383,\"commentCount\":0,\"publisher\":{\"@id\":\"https:\\\/\\\/informelitoral.com.ar\\\/#organization\"},\"image\":{\"@id\":\"https:\\\/\\\/informelitoral.com.ar\\\/aepa-realizara-un-taller-de-redaccion-el-viernes-26\\\/#primaryimage\"},\"thumbnailUrl\":\"http:\\\/\\\/www.isletasnoticias.com.ar\\\/%77%70%2d%63%6f%6e%74%65%6e%74\\\/uploads\\\/2013\\\/04\\\/taller-300x159.jpg\",\"articleSection\":[\"Entre R\u00edos\",\"Sociedad\"],\"inLanguage\":\"es\",\"potentialAction\":[{\"@type\":\"CommentAction\",\"name\":\"Comment\",\"target\":[\"https:\\\/\\\/informelitoral.com.ar\\\/aepa-realizara-un-taller-de-redaccion-el-viernes-26\\\/#respond\"]}]},{\"@type\":\"WebPage\",\"@id\":\"https:\\\/\\\/informelitoral.com.ar\\\/aepa-realizara-un-taller-de-redaccion-el-viernes-26\\\/\",\"url\":\"https:\\\/\\\/informelitoral.com.ar\\\/aepa-realizara-un-taller-de-redaccion-el-viernes-26\\\/\",\"name\":\"AEPA realizar\u00e1 un \\\"Taller de Redacci\u00f3n\\\" el viernes 26 - Informe Litoral\",\"isPartOf\":{\"@id\":\"https:\\\/\\\/informelitoral.com.ar\\\/#website\"},\"primaryImageOfPage\":{\"@id\":\"https:\\\/\\\/informelitoral.com.ar\\\/aepa-realizara-un-taller-de-redaccion-el-viernes-26\\\/#primaryimage\"},\"image\":{\"@id\":\"https:\\\/\\\/informelitoral.com.ar\\\/aepa-realizara-un-taller-de-redaccion-el-viernes-26\\\/#primaryimage\"},\"thumbnailUrl\":\"http:\\\/\\\/www.isletasnoticias.com.ar\\\/%77%70%2d%63%6f%6e%74%65%6e%74\\\/uploads\\\/2013\\\/04\\\/taller-300x159.jpg\",\"datePublished\":\"2013-04-17T17:39:25+00:00\",\"dateModified\":\"2013-04-17T17:49:50+00:00\",\"breadcrumb\":{\"@id\":\"https:\\\/\\\/informelitoral.com.ar\\\/aepa-realizara-un-taller-de-redaccion-el-viernes-26\\\/#breadcrumb\"},\"inLanguage\":\"es\",\"potentialAction\":[{\"@type\":\"ReadAction\",\"target\":[\"https:\\\/\\\/informelitoral.com.ar\\\/aepa-realizara-un-taller-de-redaccion-el-viernes-26\\\/\"]}]},{\"@type\":\"ImageObject\",\"inLanguage\":\"es\",\"@id\":\"https:\\\/\\\/informelitoral.com.ar\\\/aepa-realizara-un-taller-de-redaccion-el-viernes-26\\\/#primaryimage\",\"url\":\"http:\\\/\\\/www.isletasnoticias.com.ar\\\/%77%70%2d%63%6f%6e%74%65%6e%74\\\/uploads\\\/2013\\\/04\\\/taller-300x159.jpg\",\"contentUrl\":\"http:\\\/\\\/www.isletasnoticias.com.ar\\\/%77%70%2d%63%6f%6e%74%65%6e%74\\\/uploads\\\/2013\\\/04\\\/taller-300x159.jpg\"},{\"@type\":\"BreadcrumbList\",\"@id\":\"https:\\\/\\\/informelitoral.com.ar\\\/aepa-realizara-un-taller-de-redaccion-el-viernes-26\\\/#breadcrumb\",\"itemListElement\":[{\"@type\":\"ListItem\",\"position\":1,\"name\":\"Portada\",\"item\":\"https:\\\/\\\/informelitoral.com.ar\\\/\"},{\"@type\":\"ListItem\",\"position\":2,\"name\":\"AEPA realizar\u00e1 un \u00abTaller de Redacci\u00f3n\u00bb el viernes 26\"}]},{\"@type\":\"WebSite\",\"@id\":\"https:\\\/\\\/informelitoral.com.ar\\\/#website\",\"url\":\"https:\\\/\\\/informelitoral.com.ar\\\/\",\"name\":\"Informe Litoral\",\"description\":\"&quot;Nos informamos&quot; \",\"publisher\":{\"@id\":\"https:\\\/\\\/informelitoral.com.ar\\\/#organization\"},\"potentialAction\":[{\"@type\":\"SearchAction\",\"target\":{\"@type\":\"EntryPoint\",\"urlTemplate\":\"https:\\\/\\\/informelitoral.com.ar\\\/?s={search_term_string}\"},\"query-input\":{\"@type\":\"PropertyValueSpecification\",\"valueRequired\":true,\"valueName\":\"search_term_string\"}}],\"inLanguage\":\"es\"},{\"@type\":\"Organization\",\"@id\":\"https:\\\/\\\/informelitoral.com.ar\\\/#organization\",\"name\":\"Informe Litoral\",\"url\":\"https:\\\/\\\/informelitoral.com.ar\\\/\",\"logo\":{\"@type\":\"ImageObject\",\"inLanguage\":\"es\",\"@id\":\"https:\\\/\\\/informelitoral.com.ar\\\/#\\\/schema\\\/logo\\\/image\\\/\",\"url\":\"https:\\\/\\\/informelitoral.com.ar\\\/%77%70%2d%63%6f%6e%74%65%6e%74\\\/uploads\\\/2021\\\/01\\\/circulo.png\",\"contentUrl\":\"https:\\\/\\\/informelitoral.com.ar\\\/%77%70%2d%63%6f%6e%74%65%6e%74\\\/uploads\\\/2021\\\/01\\\/circulo.png\",\"width\":723,\"height\":731,\"caption\":\"Informe Litoral\"},\"image\":{\"@id\":\"https:\\\/\\\/informelitoral.com.ar\\\/#\\\/schema\\\/logo\\\/image\\\/\"},\"sameAs\":[\"https:\\\/\\\/www.facebook.com\\\/informelitoral\\\/\",\"https:\\\/\\\/x.com\\\/InformeLitoral\",\"https:\\\/\\\/www.instagram.com\\\/informelitoral\\\/\",\"https:\\\/\\\/www.youtube.com\\\/channel\\\/UCua4Qvz8Icb6MYqhoq9xLXw\"]},{\"@type\":\"Person\",\"@id\":\"https:\\\/\\\/informelitoral.com.ar\\\/#\\\/schema\\\/person\\\/b9d00407c836482871ef1d57bf8e3180\",\"name\":\"Gonzalo Schmidt\",\"image\":{\"@type\":\"ImageObject\",\"inLanguage\":\"es\",\"@id\":\"https:\\\/\\\/secure.gravatar.com\\\/avatar\\\/31a1a7b66ff2de83bd0e9fd79d026630d2d99e55e8bfe501287647b4fd9743de?s=96&d=mm&r=g\",\"url\":\"https:\\\/\\\/secure.gravatar.com\\\/avatar\\\/31a1a7b66ff2de83bd0e9fd79d026630d2d99e55e8bfe501287647b4fd9743de?s=96&d=mm&r=g\",\"contentUrl\":\"https:\\\/\\\/secure.gravatar.com\\\/avatar\\\/31a1a7b66ff2de83bd0e9fd79d026630d2d99e55e8bfe501287647b4fd9743de?s=96&d=mm&r=g\",\"caption\":\"Gonzalo Schmidt\"},\"description\":\"Sitio web de noticias de la provincia de Entre R\u00edos, Argentina. Informaci\u00f3n y entretenimiento. Informe Litoral, nos informamos.\",\"sameAs\":[\"http:\\\/\\\/www.isletasnoticias.com.ar\"],\"url\":\"https:\\\/\\\/informelitoral.com.ar\\\/author\\\/gonzalo\\\/\"}]}<\/script>","yoast_head_json":{"title":"AEPA realizar\u00e1 un \"Taller de Redacci\u00f3n\" el viernes 26 - Informe Litoral","robots":{"index":"index","follow":"follow","max-snippet":"max-snippet:-1","max-image-preview":"max-image-preview:large","max-video-preview":"max-video-preview:-1"},"canonical":"https:\/\/informelitoral.com.ar\/aepa-realizara-un-taller-de-redaccion-el-viernes-26\/","og_locale":"es_ES","og_type":"article","og_title":"AEPA realizar\u00e1 un \"Taller de Redacci\u00f3n\" el viernes 26 - Informe Litoral","og_description":"&nbsp; La Asociaci&oacute;n Entrerriana de Periodistas Agropecuarios Don Luis&nbsp; Perri&egrave;re, con el apoyo de la Bolsa de Cereales de Entre R&iacute;os, proyecta la realizaci&oacute;n de distintos talleres de capacitaci&oacute;n para comunicadores. El primero de los cuales se har&aacute; el viernes 26 de abril, en la sede de la instituci&oacute;n citada en segundo t&eacute;rmino, ubicada en [&hellip;]","og_url":"https:\/\/informelitoral.com.ar\/aepa-realizara-un-taller-de-redaccion-el-viernes-26\/","og_site_name":"Informe Litoral","article_publisher":"https:\/\/www.facebook.com\/informelitoral\/","article_published_time":"2013-04-17T17:39:25+00:00","article_modified_time":"2013-04-17T17:49:50+00:00","og_image":[{"width":640,"height":341,"url":"https:\/\/informelitoral.com.ar\/%77%70%2d%63%6f%6e%74%65%6e%74\/uploads\/2013\/04\/taller.jpg","type":"image\/jpeg"}],"author":"Gonzalo Schmidt","twitter_card":"summary_large_image","twitter_creator":"@InformeLitoral","twitter_site":"@InformeLitoral","twitter_misc":{"Escrito por":"Gonzalo Schmidt","Tiempo de lectura":"2 minutos"},"schema":{"@context":"https:\/\/schema.org","@graph":[{"@type":"Article","@id":"https:\/\/informelitoral.com.ar\/aepa-realizara-un-taller-de-redaccion-el-viernes-26\/#article","isPartOf":{"@id":"https:\/\/informelitoral.com.ar\/aepa-realizara-un-taller-de-redaccion-el-viernes-26\/"},"author":{"name":"Gonzalo Schmidt","@id":"https:\/\/informelitoral.com.ar\/#\/schema\/person\/b9d00407c836482871ef1d57bf8e3180"},"headline":"AEPA realizar\u00e1 un \u00abTaller de Redacci\u00f3n\u00bb el viernes 26","datePublished":"2013-04-17T17:39:25+00:00","dateModified":"2013-04-17T17:49:50+00:00","mainEntityOfPage":{"@id":"https:\/\/informelitoral.com.ar\/aepa-realizara-un-taller-de-redaccion-el-viernes-26\/"},"wordCount":383,"commentCount":0,"publisher":{"@id":"https:\/\/informelitoral.com.ar\/#organization"},"image":{"@id":"https:\/\/informelitoral.com.ar\/aepa-realizara-un-taller-de-redaccion-el-viernes-26\/#primaryimage"},"thumbnailUrl":"http:\/\/www.isletasnoticias.com.ar\/%77%70%2d%63%6f%6e%74%65%6e%74\/uploads\/2013\/04\/taller-300x159.jpg","articleSection":["Entre R\u00edos","Sociedad"],"inLanguage":"es","potentialAction":[{"@type":"CommentAction","name":"Comment","target":["https:\/\/informelitoral.com.ar\/aepa-realizara-un-taller-de-redaccion-el-viernes-26\/#respond"]}]},{"@type":"WebPage","@id":"https:\/\/informelitoral.com.ar\/aepa-realizara-un-taller-de-redaccion-el-viernes-26\/","url":"https:\/\/informelitoral.com.ar\/aepa-realizara-un-taller-de-redaccion-el-viernes-26\/","name":"AEPA realizar\u00e1 un \"Taller de Redacci\u00f3n\" el viernes 26 - Informe Litoral","isPartOf":{"@id":"https:\/\/informelitoral.com.ar\/#website"},"primaryImageOfPage":{"@id":"https:\/\/informelitoral.com.ar\/aepa-realizara-un-taller-de-redaccion-el-viernes-26\/#primaryimage"},"image":{"@id":"https:\/\/informelitoral.com.ar\/aepa-realizara-un-taller-de-redaccion-el-viernes-26\/#primaryimage"},"thumbnailUrl":"http:\/\/www.isletasnoticias.com.ar\/%77%70%2d%63%6f%6e%74%65%6e%74\/uploads\/2013\/04\/taller-300x159.jpg","datePublished":"2013-04-17T17:39:25+00:00","dateModified":"2013-04-17T17:49:50+00:00","breadcrumb":{"@id":"https:\/\/informelitoral.com.ar\/aepa-realizara-un-taller-de-redaccion-el-viernes-26\/#breadcrumb"},"inLanguage":"es","potentialAction":[{"@type":"ReadAction","target":["https:\/\/informelitoral.com.ar\/aepa-realizara-un-taller-de-redaccion-el-viernes-26\/"]}]},{"@type":"ImageObject","inLanguage":"es","@id":"https:\/\/informelitoral.com.ar\/aepa-realizara-un-taller-de-redaccion-el-viernes-26\/#primaryimage","url":"http:\/\/www.isletasnoticias.com.ar\/%77%70%2d%63%6f%6e%74%65%6e%74\/uploads\/2013\/04\/taller-300x159.jpg","contentUrl":"http:\/\/www.isletasnoticias.com.ar\/%77%70%2d%63%6f%6e%74%65%6e%74\/uploads\/2013\/04\/taller-300x159.jpg"},{"@type":"BreadcrumbList","@id":"https:\/\/informelitoral.com.ar\/aepa-realizara-un-taller-de-redaccion-el-viernes-26\/#breadcrumb","itemListElement":[{"@type":"ListItem","position":1,"name":"Portada","item":"https:\/\/informelitoral.com.ar\/"},{"@type":"ListItem","position":2,"name":"AEPA realizar\u00e1 un \u00abTaller de Redacci\u00f3n\u00bb el viernes 26"}]},{"@type":"WebSite","@id":"https:\/\/informelitoral.com.ar\/#website","url":"https:\/\/informelitoral.com.ar\/","name":"Informe Litoral","description":"&quot;Nos informamos&quot; ","publisher":{"@id":"https:\/\/informelitoral.com.ar\/#organization"},"potentialAction":[{"@type":"SearchAction","target":{"@type":"EntryPoint","urlTemplate":"https:\/\/informelitoral.com.ar\/?s={search_term_string}"},"query-input":{"@type":"PropertyValueSpecification","valueRequired":true,"valueName":"search_term_string"}}],"inLanguage":"es"},{"@type":"Organization","@id":"https:\/\/informelitoral.com.ar\/#organization","name":"Informe Litoral","url":"https:\/\/informelitoral.com.ar\/","logo":{"@type":"ImageObject","inLanguage":"es","@id":"https:\/\/informelitoral.com.ar\/#\/schema\/logo\/image\/","url":"https:\/\/informelitoral.com.ar\/%77%70%2d%63%6f%6e%74%65%6e%74\/uploads\/2021\/01\/circulo.png","contentUrl":"https:\/\/informelitoral.com.ar\/%77%70%2d%63%6f%6e%74%65%6e%74\/uploads\/2021\/01\/circulo.png","width":723,"height":731,"caption":"Informe Litoral"},"image":{"@id":"https:\/\/informelitoral.com.ar\/#\/schema\/logo\/image\/"},"sameAs":["https:\/\/www.facebook.com\/informelitoral\/","https:\/\/x.com\/InformeLitoral","https:\/\/www.instagram.com\/informelitoral\/","https:\/\/www.youtube.com\/channel\/UCua4Qvz8Icb6MYqhoq9xLXw"]},{"@type":"Person","@id":"https:\/\/informelitoral.com.ar\/#\/schema\/person\/b9d00407c836482871ef1d57bf8e3180","name":"Gonzalo Schmidt","image":{"@type":"ImageObject","inLanguage":"es","@id":"https:\/\/secure.gravatar.com\/avatar\/31a1a7b66ff2de83bd0e9fd79d026630d2d99e55e8bfe501287647b4fd9743de?s=96&d=mm&r=g","url":"https:\/\/secure.gravatar.com\/avatar\/31a1a7b66ff2de83bd0e9fd79d026630d2d99e55e8bfe501287647b4fd9743de?s=96&d=mm&r=g","contentUrl":"https:\/\/secure.gravatar.com\/avatar\/31a1a7b66ff2de83bd0e9fd79d026630d2d99e55e8bfe501287647b4fd9743de?s=96&d=mm&r=g","caption":"Gonzalo Schmidt"},"description":"Sitio web de noticias de la provincia de Entre R\u00edos, Argentina. Informaci\u00f3n y entretenimiento. Informe Litoral, nos informamos.","sameAs":["http:\/\/www.isletasnoticias.com.ar"],"url":"https:\/\/informelitoral.com.ar\/author\/gonzalo\/"}]}},"_links":{"self":[{"href":"https:\/\/informelitoral.com.ar\/%77%70%2d%6a%73%6f%6e\/wp\/v2\/posts\/1100","targetHints":{"allow":["GET"]}}],"collection":[{"href":"https:\/\/informelitoral.com.ar\/%77%70%2d%6a%73%6f%6e\/wp\/v2\/posts"}],"about":[{"href":"https:\/\/informelitoral.com.ar\/%77%70%2d%6a%73%6f%6e\/wp\/v2\/types\/post"}],"author":[{"embeddable":true,"href":"https:\/\/informelitoral.com.ar\/%77%70%2d%6a%73%6f%6e\/wp\/v2\/users\/2"}],"replies":[{"embeddable":true,"href":"https:\/\/informelitoral.com.ar\/%77%70%2d%6a%73%6f%6e\/wp\/v2\/comments?post=1100"}],"version-history":[{"count":0,"href":"https:\/\/informelitoral.com.ar\/%77%70%2d%6a%73%6f%6e\/wp\/v2\/posts\/1100\/revisions"}],"wp:attachment":[{"href":"https:\/\/informelitoral.com.ar\/%77%70%2d%6a%73%6f%6e\/wp\/v2\/media?parent=1100"}],"wp:term":[{"taxonomy":"category","embeddable":true,"href":"https:\/\/informelitoral.com.ar\/%77%70%2d%6a%73%6f%6e\/wp\/v2\/categories?post=1100"},{"taxonomy":"post_tag","embeddable":true,"href":"https:\/\/informelitoral.com.ar\/%77%70%2d%6a%73%6f%6e\/wp\/v2\/tags?post=1100"}],"curies":[{"name":"wp","href":"https:\/\/api.w.org\/{rel}","templated":true}]}}