{"id":109882,"date":"2023-01-12T10:33:28","date_gmt":"2023-01-12T13:33:28","guid":{"rendered":"https:\/\/www.informelitoral.com.ar\/?p=109882"},"modified":"2023-01-12T12:33:44","modified_gmt":"2023-01-12T15:33:44","slug":"el-pre-mate-2023-comienza-este-viernes-en-federal","status":"publish","type":"post","link":"https:\/\/informelitoral.com.ar\/el-pre-mate-2023-comienza-este-viernes-en-federal\/","title":{"rendered":"El Pre Mate 2023 comienza este viernes en Federal"},"content":{"rendered":"<p><strong>El Pre Mate se plantea en dos instancias de competencia, la primera denominada Pre-selectivos con sus respectivas sedes y la segunda denominada Final.<\/strong><\/p>\n<blockquote><p>M\u00fasica folkl\u00f3rica argentina y cumbia y danzas folkl\u00f3ricas populares tradicionales y estilizadas son los rubros a disputar.<\/p><\/blockquote>\n<p>En esta oportunidad, la Municipalidad de Paran\u00e1 propone la convocatoria de manera federal, como una oportunidad de reconocer y fortalecer lazos con las dem\u00e1s ciudades. Las sedes se concentrar\u00e1n <strong>en Federal este viernes 13 de enero a las 19.30<\/strong>\u00a0en el Centro Municipal de Cultura Roberto Aizenberg (Avenida Belgrano y 25 de Mayo); <strong>en Villaguay el viernes 20 de enero; en Concepci\u00f3n del Uruguay el mi\u00e9rcoles 25 de enero; en Victoria el jueves 26 de enero y en Paran\u00e1 el 2 y 3 de febrero.\u00a0<\/strong><\/p>\n<p><strong>La final del Pre Mate se realizar\u00e1 el jueves 2 y viernes 3 de marzo en Paran\u00e1<\/strong> y se premiar\u00e1 a los distintos rubros con una actuaci\u00f3n de tiempo a convenir en la <a href=\"https:\/\/www.informelitoral.com.ar\/la-mona-jimenez-sera-la-figura-central-de-la-fiesta-nacional-del-mate-2023\/\">33\u00aa Fiesta Nacional del Mate<\/a>, en el d\u00eda y hora a establecer. Se les otorgar\u00e1 adem\u00e1s un premio en concepto de cachet art\u00edstico y un certificado de participaci\u00f3n de la Subsecretar\u00eda de Cultura de la Municipalidad de Paran\u00e1.<\/p>\n<h4><strong>M\u00fasica:<\/strong><\/h4>\n<p>-Folklore y\/o tango: $60.000<br \/>\n-Cumbia: $60.000<\/p>\n<h4><strong>Danza:<\/strong><\/h4>\n<p>-Pareja tradicional: $40.000<br \/>\n-Pareja estilizada: $40.000<br \/>\n-Conjunto de baile folkl\u00f3rico: $85.000<\/p>\n<p>*M\u00e1s informaci\u00f3n en <a href=\"https:\/\/www.parana.gob.ar\/convocatorias\">www.parana.gob.ar\/convocatorias<\/a><\/p>\n<blockquote class=\"wp-embedded-content\" data-secret=\"vTYFpMYEgj\"><p><a href=\"https:\/\/www.informelitoral.com.ar\/la-mona-jimenez-sera-la-figura-central-de-la-fiesta-nacional-del-mate-2023\/\">La Mona Jim\u00e9nez ser\u00e1 la figura central de la Fiesta Nacional del Mate 2023<\/a><\/p><\/blockquote>\n<p><iframe loading=\"lazy\" class=\"wp-embedded-content\" sandbox=\"allow-scripts\" security=\"restricted\" style=\"position: absolute; clip: rect(1px, 1px, 1px, 1px);\" title=\"\u00abLa Mona Jim\u00e9nez ser\u00e1 la figura central de la Fiesta Nacional del Mate 2023\u00bb \u2014 Informe Litoral\" src=\"https:\/\/www.informelitoral.com.ar\/la-mona-jimenez-sera-la-figura-central-de-la-fiesta-nacional-del-mate-2023\/embed\/#?secret=mXagDqiCVr#?secret=vTYFpMYEgj\" data-secret=\"vTYFpMYEgj\" width=\"600\" height=\"338\" frameborder=\"0\" marginwidth=\"0\" marginheight=\"0\" scrolling=\"no\"><\/iframe><\/p>\n","protected":false},"excerpt":{"rendered":"<p>Las audiciones se realizar\u00e1n desde las 19.30 en el Centro Municipal de Cultura Roberto Aizenberg. Mientras, contin\u00faan abiertas las inscripciones en Villaguay, Concepci\u00f3n del Uruguay, Victoria y Paran\u00e1. <\/p>\n","protected":false},"author":8,"featured_media":109883,"comment_status":"open","ping_status":"open","sticky":false,"template":"","format":"standard","meta":{"fifu_image_url":"","fifu_image_alt":"","footnotes":""},"categories":[6],"tags":[4105,45],"class_list":{"0":"post-109882","1":"post","2":"type-post","3":"status-publish","4":"format-standard","5":"has-post-thumbnail","7":"category-entre-rios","8":"tag-fiesta-nacional-del-mate","9":"tag-parana"},"yoast_head":"<title>El Pre Mate 2023 comienza este viernes en Federal - Informe Litoral<\/title>\n<meta name=\"robots\" content=\"index, follow, max-snippet:-1, max-image-preview:large, max-video-preview:-1\" \/>\n<link rel=\"canonical\" href=\"https:\/\/informelitoral.com.ar\/el-pre-mate-2023-comienza-este-viernes-en-federal\/\" \/>\n<meta property=\"og:locale\" content=\"es_ES\" \/>\n<meta property=\"og:type\" content=\"article\" \/>\n<meta property=\"og:title\" content=\"El Pre Mate 2023 comienza este viernes en Federal - Informe Litoral\" \/>\n<meta property=\"og:description\" content=\"Las audiciones se realizar\u00e1n desde las 19.30 en el Centro Municipal de Cultura Roberto Aizenberg. Mientras, contin\u00faan abiertas las inscripciones en Villaguay, Concepci\u00f3n del Uruguay, Victoria y Paran\u00e1.\" \/>\n<meta property=\"og:url\" content=\"https:\/\/informelitoral.com.ar\/el-pre-mate-2023-comienza-este-viernes-en-federal\/\" \/>\n<meta property=\"og:site_name\" content=\"Informe Litoral\" \/>\n<meta property=\"article:publisher\" content=\"https:\/\/www.facebook.com\/informelitoral\/\" \/>\n<meta property=\"article:published_time\" content=\"2023-01-12T13:33:28+00:00\" \/>\n<meta property=\"article:modified_time\" content=\"2023-01-12T15:33:44+00:00\" \/>\n<meta property=\"og:image\" content=\"https:\/\/informelitoral.com.ar\/%77%70%2d%63%6f%6e%74%65%6e%74\/uploads\/2023\/01\/pre-mate-federal.jpg\" \/>\n\t<meta property=\"og:image:width\" content=\"760\" \/>\n\t<meta property=\"og:image:height\" content=\"427\" \/>\n\t<meta property=\"og:image:type\" content=\"image\/jpeg\" \/>\n<meta name=\"author\" content=\"Sebastian\" \/>\n<meta name=\"twitter:card\" content=\"summary_large_image\" \/>\n<meta name=\"twitter:creator\" content=\"@InformeLitoral\" \/>\n<meta name=\"twitter:site\" content=\"@InformeLitoral\" \/>\n<meta name=\"twitter:label1\" content=\"Escrito por\" \/>\n\t<meta name=\"twitter:data1\" content=\"Sebastian\" \/>\n\t<meta name=\"twitter:label2\" content=\"Tiempo de lectura\" \/>\n\t<meta name=\"twitter:data2\" content=\"1 minuto\" \/>\n<script type=\"application\/ld+json\" class=\"yoast-schema-graph\">{\"@context\":\"https:\\\/\\\/schema.org\",\"@graph\":[{\"@type\":\"Article\",\"@id\":\"https:\\\/\\\/informelitoral.com.ar\\\/el-pre-mate-2023-comienza-este-viernes-en-federal\\\/#article\",\"isPartOf\":{\"@id\":\"https:\\\/\\\/informelitoral.com.ar\\\/el-pre-mate-2023-comienza-este-viernes-en-federal\\\/\"},\"author\":{\"name\":\"Sebastian\",\"@id\":\"https:\\\/\\\/informelitoral.com.ar\\\/#\\\/schema\\\/person\\\/f05f9f461677119578717524b127d6d5\"},\"headline\":\"El Pre Mate 2023 comienza este viernes en Federal\",\"datePublished\":\"2023-01-12T13:33:28+00:00\",\"dateModified\":\"2023-01-12T15:33:44+00:00\",\"mainEntityOfPage\":{\"@id\":\"https:\\\/\\\/informelitoral.com.ar\\\/el-pre-mate-2023-comienza-este-viernes-en-federal\\\/\"},\"wordCount\":239,\"commentCount\":0,\"publisher\":{\"@id\":\"https:\\\/\\\/informelitoral.com.ar\\\/#organization\"},\"image\":{\"@id\":\"https:\\\/\\\/informelitoral.com.ar\\\/el-pre-mate-2023-comienza-este-viernes-en-federal\\\/#primaryimage\"},\"thumbnailUrl\":\"https:\\\/\\\/informelitoral.com.ar\\\/%77%70%2d%63%6f%6e%74%65%6e%74\\\/uploads\\\/2023\\\/01\\\/pre-mate-federal.jpg\",\"keywords\":[\"Fiesta Nacional del Mate\",\"Paran\u00e1\"],\"articleSection\":[\"Entre R\u00edos\"],\"inLanguage\":\"es\",\"potentialAction\":[{\"@type\":\"CommentAction\",\"name\":\"Comment\",\"target\":[\"https:\\\/\\\/informelitoral.com.ar\\\/el-pre-mate-2023-comienza-este-viernes-en-federal\\\/#respond\"]}]},{\"@type\":\"WebPage\",\"@id\":\"https:\\\/\\\/informelitoral.com.ar\\\/el-pre-mate-2023-comienza-este-viernes-en-federal\\\/\",\"url\":\"https:\\\/\\\/informelitoral.com.ar\\\/el-pre-mate-2023-comienza-este-viernes-en-federal\\\/\",\"name\":\"El Pre Mate 2023 comienza este viernes en Federal - Informe Litoral\",\"isPartOf\":{\"@id\":\"https:\\\/\\\/informelitoral.com.ar\\\/#website\"},\"primaryImageOfPage\":{\"@id\":\"https:\\\/\\\/informelitoral.com.ar\\\/el-pre-mate-2023-comienza-este-viernes-en-federal\\\/#primaryimage\"},\"image\":{\"@id\":\"https:\\\/\\\/informelitoral.com.ar\\\/el-pre-mate-2023-comienza-este-viernes-en-federal\\\/#primaryimage\"},\"thumbnailUrl\":\"https:\\\/\\\/informelitoral.com.ar\\\/%77%70%2d%63%6f%6e%74%65%6e%74\\\/uploads\\\/2023\\\/01\\\/pre-mate-federal.jpg\",\"datePublished\":\"2023-01-12T13:33:28+00:00\",\"dateModified\":\"2023-01-12T15:33:44+00:00\",\"breadcrumb\":{\"@id\":\"https:\\\/\\\/informelitoral.com.ar\\\/el-pre-mate-2023-comienza-este-viernes-en-federal\\\/#breadcrumb\"},\"inLanguage\":\"es\",\"potentialAction\":[{\"@type\":\"ReadAction\",\"target\":[\"https:\\\/\\\/informelitoral.com.ar\\\/el-pre-mate-2023-comienza-este-viernes-en-federal\\\/\"]}]},{\"@type\":\"ImageObject\",\"inLanguage\":\"es\",\"@id\":\"https:\\\/\\\/informelitoral.com.ar\\\/el-pre-mate-2023-comienza-este-viernes-en-federal\\\/#primaryimage\",\"url\":\"https:\\\/\\\/informelitoral.com.ar\\\/%77%70%2d%63%6f%6e%74%65%6e%74\\\/uploads\\\/2023\\\/01\\\/pre-mate-federal.jpg\",\"contentUrl\":\"https:\\\/\\\/informelitoral.com.ar\\\/%77%70%2d%63%6f%6e%74%65%6e%74\\\/uploads\\\/2023\\\/01\\\/pre-mate-federal.jpg\",\"width\":760,\"height\":427},{\"@type\":\"BreadcrumbList\",\"@id\":\"https:\\\/\\\/informelitoral.com.ar\\\/el-pre-mate-2023-comienza-este-viernes-en-federal\\\/#breadcrumb\",\"itemListElement\":[{\"@type\":\"ListItem\",\"position\":1,\"name\":\"Portada\",\"item\":\"https:\\\/\\\/informelitoral.com.ar\\\/\"},{\"@type\":\"ListItem\",\"position\":2,\"name\":\"El Pre Mate 2023 comienza este viernes en Federal\"}]},{\"@type\":\"WebSite\",\"@id\":\"https:\\\/\\\/informelitoral.com.ar\\\/#website\",\"url\":\"https:\\\/\\\/informelitoral.com.ar\\\/\",\"name\":\"Informe Litoral\",\"description\":\"&quot;Nos informamos&quot; \",\"publisher\":{\"@id\":\"https:\\\/\\\/informelitoral.com.ar\\\/#organization\"},\"potentialAction\":[{\"@type\":\"SearchAction\",\"target\":{\"@type\":\"EntryPoint\",\"urlTemplate\":\"https:\\\/\\\/informelitoral.com.ar\\\/?s={search_term_string}\"},\"query-input\":{\"@type\":\"PropertyValueSpecification\",\"valueRequired\":true,\"valueName\":\"search_term_string\"}}],\"inLanguage\":\"es\"},{\"@type\":\"Organization\",\"@id\":\"https:\\\/\\\/informelitoral.com.ar\\\/#organization\",\"name\":\"Informe Litoral\",\"url\":\"https:\\\/\\\/informelitoral.com.ar\\\/\",\"logo\":{\"@type\":\"ImageObject\",\"inLanguage\":\"es\",\"@id\":\"https:\\\/\\\/informelitoral.com.ar\\\/#\\\/schema\\\/logo\\\/image\\\/\",\"url\":\"https:\\\/\\\/informelitoral.com.ar\\\/%77%70%2d%63%6f%6e%74%65%6e%74\\\/uploads\\\/2021\\\/01\\\/circulo.png\",\"contentUrl\":\"https:\\\/\\\/informelitoral.com.ar\\\/%77%70%2d%63%6f%6e%74%65%6e%74\\\/uploads\\\/2021\\\/01\\\/circulo.png\",\"width\":723,\"height\":731,\"caption\":\"Informe Litoral\"},\"image\":{\"@id\":\"https:\\\/\\\/informelitoral.com.ar\\\/#\\\/schema\\\/logo\\\/image\\\/\"},\"sameAs\":[\"https:\\\/\\\/www.facebook.com\\\/informelitoral\\\/\",\"https:\\\/\\\/x.com\\\/InformeLitoral\",\"https:\\\/\\\/www.instagram.com\\\/informelitoral\\\/\",\"https:\\\/\\\/www.youtube.com\\\/channel\\\/UCua4Qvz8Icb6MYqhoq9xLXw\"]},{\"@type\":\"Person\",\"@id\":\"https:\\\/\\\/informelitoral.com.ar\\\/#\\\/schema\\\/person\\\/f05f9f461677119578717524b127d6d5\",\"name\":\"Sebastian\",\"image\":{\"@type\":\"ImageObject\",\"inLanguage\":\"es\",\"@id\":\"https:\\\/\\\/secure.gravatar.com\\\/avatar\\\/b71bf7481d447dfb9583c7f2798e7cc64de6efb9067b74633ed8c31059a3bd82?s=96&d=mm&r=g\",\"url\":\"https:\\\/\\\/secure.gravatar.com\\\/avatar\\\/b71bf7481d447dfb9583c7f2798e7cc64de6efb9067b74633ed8c31059a3bd82?s=96&d=mm&r=g\",\"contentUrl\":\"https:\\\/\\\/secure.gravatar.com\\\/avatar\\\/b71bf7481d447dfb9583c7f2798e7cc64de6efb9067b74633ed8c31059a3bd82?s=96&d=mm&r=g\",\"caption\":\"Sebastian\"},\"url\":\"https:\\\/\\\/informelitoral.com.ar\\\/author\\\/sebastian\\\/\"}]}<\/script>","yoast_head_json":{"title":"El Pre Mate 2023 comienza este viernes en Federal - Informe Litoral","robots":{"index":"index","follow":"follow","max-snippet":"max-snippet:-1","max-image-preview":"max-image-preview:large","max-video-preview":"max-video-preview:-1"},"canonical":"https:\/\/informelitoral.com.ar\/el-pre-mate-2023-comienza-este-viernes-en-federal\/","og_locale":"es_ES","og_type":"article","og_title":"El Pre Mate 2023 comienza este viernes en Federal - Informe Litoral","og_description":"Las audiciones se realizar\u00e1n desde las 19.30 en el Centro Municipal de Cultura Roberto Aizenberg. Mientras, contin\u00faan abiertas las inscripciones en Villaguay, Concepci\u00f3n del Uruguay, Victoria y Paran\u00e1.","og_url":"https:\/\/informelitoral.com.ar\/el-pre-mate-2023-comienza-este-viernes-en-federal\/","og_site_name":"Informe Litoral","article_publisher":"https:\/\/www.facebook.com\/informelitoral\/","article_published_time":"2023-01-12T13:33:28+00:00","article_modified_time":"2023-01-12T15:33:44+00:00","og_image":[{"width":760,"height":427,"url":"https:\/\/informelitoral.com.ar\/%77%70%2d%63%6f%6e%74%65%6e%74\/uploads\/2023\/01\/pre-mate-federal.jpg","type":"image\/jpeg"}],"author":"Sebastian","twitter_card":"summary_large_image","twitter_creator":"@InformeLitoral","twitter_site":"@InformeLitoral","twitter_misc":{"Escrito por":"Sebastian","Tiempo de lectura":"1 minuto"},"schema":{"@context":"https:\/\/schema.org","@graph":[{"@type":"Article","@id":"https:\/\/informelitoral.com.ar\/el-pre-mate-2023-comienza-este-viernes-en-federal\/#article","isPartOf":{"@id":"https:\/\/informelitoral.com.ar\/el-pre-mate-2023-comienza-este-viernes-en-federal\/"},"author":{"name":"Sebastian","@id":"https:\/\/informelitoral.com.ar\/#\/schema\/person\/f05f9f461677119578717524b127d6d5"},"headline":"El Pre Mate 2023 comienza este viernes en Federal","datePublished":"2023-01-12T13:33:28+00:00","dateModified":"2023-01-12T15:33:44+00:00","mainEntityOfPage":{"@id":"https:\/\/informelitoral.com.ar\/el-pre-mate-2023-comienza-este-viernes-en-federal\/"},"wordCount":239,"commentCount":0,"publisher":{"@id":"https:\/\/informelitoral.com.ar\/#organization"},"image":{"@id":"https:\/\/informelitoral.com.ar\/el-pre-mate-2023-comienza-este-viernes-en-federal\/#primaryimage"},"thumbnailUrl":"https:\/\/informelitoral.com.ar\/%77%70%2d%63%6f%6e%74%65%6e%74\/uploads\/2023\/01\/pre-mate-federal.jpg","keywords":["Fiesta Nacional del Mate","Paran\u00e1"],"articleSection":["Entre R\u00edos"],"inLanguage":"es","potentialAction":[{"@type":"CommentAction","name":"Comment","target":["https:\/\/informelitoral.com.ar\/el-pre-mate-2023-comienza-este-viernes-en-federal\/#respond"]}]},{"@type":"WebPage","@id":"https:\/\/informelitoral.com.ar\/el-pre-mate-2023-comienza-este-viernes-en-federal\/","url":"https:\/\/informelitoral.com.ar\/el-pre-mate-2023-comienza-este-viernes-en-federal\/","name":"El Pre Mate 2023 comienza este viernes en Federal - Informe Litoral","isPartOf":{"@id":"https:\/\/informelitoral.com.ar\/#website"},"primaryImageOfPage":{"@id":"https:\/\/informelitoral.com.ar\/el-pre-mate-2023-comienza-este-viernes-en-federal\/#primaryimage"},"image":{"@id":"https:\/\/informelitoral.com.ar\/el-pre-mate-2023-comienza-este-viernes-en-federal\/#primaryimage"},"thumbnailUrl":"https:\/\/informelitoral.com.ar\/%77%70%2d%63%6f%6e%74%65%6e%74\/uploads\/2023\/01\/pre-mate-federal.jpg","datePublished":"2023-01-12T13:33:28+00:00","dateModified":"2023-01-12T15:33:44+00:00","breadcrumb":{"@id":"https:\/\/informelitoral.com.ar\/el-pre-mate-2023-comienza-este-viernes-en-federal\/#breadcrumb"},"inLanguage":"es","potentialAction":[{"@type":"ReadAction","target":["https:\/\/informelitoral.com.ar\/el-pre-mate-2023-comienza-este-viernes-en-federal\/"]}]},{"@type":"ImageObject","inLanguage":"es","@id":"https:\/\/informelitoral.com.ar\/el-pre-mate-2023-comienza-este-viernes-en-federal\/#primaryimage","url":"https:\/\/informelitoral.com.ar\/%77%70%2d%63%6f%6e%74%65%6e%74\/uploads\/2023\/01\/pre-mate-federal.jpg","contentUrl":"https:\/\/informelitoral.com.ar\/%77%70%2d%63%6f%6e%74%65%6e%74\/uploads\/2023\/01\/pre-mate-federal.jpg","width":760,"height":427},{"@type":"BreadcrumbList","@id":"https:\/\/informelitoral.com.ar\/el-pre-mate-2023-comienza-este-viernes-en-federal\/#breadcrumb","itemListElement":[{"@type":"ListItem","position":1,"name":"Portada","item":"https:\/\/informelitoral.com.ar\/"},{"@type":"ListItem","position":2,"name":"El Pre Mate 2023 comienza este viernes en Federal"}]},{"@type":"WebSite","@id":"https:\/\/informelitoral.com.ar\/#website","url":"https:\/\/informelitoral.com.ar\/","name":"Informe Litoral","description":"&quot;Nos informamos&quot; ","publisher":{"@id":"https:\/\/informelitoral.com.ar\/#organization"},"potentialAction":[{"@type":"SearchAction","target":{"@type":"EntryPoint","urlTemplate":"https:\/\/informelitoral.com.ar\/?s={search_term_string}"},"query-input":{"@type":"PropertyValueSpecification","valueRequired":true,"valueName":"search_term_string"}}],"inLanguage":"es"},{"@type":"Organization","@id":"https:\/\/informelitoral.com.ar\/#organization","name":"Informe Litoral","url":"https:\/\/informelitoral.com.ar\/","logo":{"@type":"ImageObject","inLanguage":"es","@id":"https:\/\/informelitoral.com.ar\/#\/schema\/logo\/image\/","url":"https:\/\/informelitoral.com.ar\/%77%70%2d%63%6f%6e%74%65%6e%74\/uploads\/2021\/01\/circulo.png","contentUrl":"https:\/\/informelitoral.com.ar\/%77%70%2d%63%6f%6e%74%65%6e%74\/uploads\/2021\/01\/circulo.png","width":723,"height":731,"caption":"Informe Litoral"},"image":{"@id":"https:\/\/informelitoral.com.ar\/#\/schema\/logo\/image\/"},"sameAs":["https:\/\/www.facebook.com\/informelitoral\/","https:\/\/x.com\/InformeLitoral","https:\/\/www.instagram.com\/informelitoral\/","https:\/\/www.youtube.com\/channel\/UCua4Qvz8Icb6MYqhoq9xLXw"]},{"@type":"Person","@id":"https:\/\/informelitoral.com.ar\/#\/schema\/person\/f05f9f461677119578717524b127d6d5","name":"Sebastian","image":{"@type":"ImageObject","inLanguage":"es","@id":"https:\/\/secure.gravatar.com\/avatar\/b71bf7481d447dfb9583c7f2798e7cc64de6efb9067b74633ed8c31059a3bd82?s=96&d=mm&r=g","url":"https:\/\/secure.gravatar.com\/avatar\/b71bf7481d447dfb9583c7f2798e7cc64de6efb9067b74633ed8c31059a3bd82?s=96&d=mm&r=g","contentUrl":"https:\/\/secure.gravatar.com\/avatar\/b71bf7481d447dfb9583c7f2798e7cc64de6efb9067b74633ed8c31059a3bd82?s=96&d=mm&r=g","caption":"Sebastian"},"url":"https:\/\/informelitoral.com.ar\/author\/sebastian\/"}]}},"_links":{"self":[{"href":"https:\/\/informelitoral.com.ar\/%77%70%2d%6a%73%6f%6e\/wp\/v2\/posts\/109882","targetHints":{"allow":["GET"]}}],"collection":[{"href":"https:\/\/informelitoral.com.ar\/%77%70%2d%6a%73%6f%6e\/wp\/v2\/posts"}],"about":[{"href":"https:\/\/informelitoral.com.ar\/%77%70%2d%6a%73%6f%6e\/wp\/v2\/types\/post"}],"author":[{"embeddable":true,"href":"https:\/\/informelitoral.com.ar\/%77%70%2d%6a%73%6f%6e\/wp\/v2\/users\/8"}],"replies":[{"embeddable":true,"href":"https:\/\/informelitoral.com.ar\/%77%70%2d%6a%73%6f%6e\/wp\/v2\/comments?post=109882"}],"version-history":[{"count":0,"href":"https:\/\/informelitoral.com.ar\/%77%70%2d%6a%73%6f%6e\/wp\/v2\/posts\/109882\/revisions"}],"wp:featuredmedia":[{"embeddable":true,"href":"https:\/\/informelitoral.com.ar\/%77%70%2d%6a%73%6f%6e\/wp\/v2\/media\/109883"}],"wp:attachment":[{"href":"https:\/\/informelitoral.com.ar\/%77%70%2d%6a%73%6f%6e\/wp\/v2\/media?parent=109882"}],"wp:term":[{"taxonomy":"category","embeddable":true,"href":"https:\/\/informelitoral.com.ar\/%77%70%2d%6a%73%6f%6e\/wp\/v2\/categories?post=109882"},{"taxonomy":"post_tag","embeddable":true,"href":"https:\/\/informelitoral.com.ar\/%77%70%2d%6a%73%6f%6e\/wp\/v2\/tags?post=109882"}],"curies":[{"name":"wp","href":"https:\/\/api.w.org\/{rel}","templated":true}]}}