{"id":109876,"date":"2023-01-12T11:11:58","date_gmt":"2023-01-12T14:11:58","guid":{"rendered":"https:\/\/www.informelitoral.com.ar\/?p=109876"},"modified":"2023-01-12T12:42:23","modified_gmt":"2023-01-12T15:42:23","slug":"bordet-recibira-a-massa-para-visitar-empresa-avicola-y-se-realizaran-anuncios","status":"publish","type":"post","link":"https:\/\/informelitoral.com.ar\/bordet-recibira-a-massa-para-visitar-empresa-avicola-y-se-realizaran-anuncios\/","title":{"rendered":"Bordet recibir\u00e1 a Massa para visitar empresa av\u00edcola y se realizar\u00e1n anuncios"},"content":{"rendered":"<p>El gobernador de Entre R\u00edos, <strong>Gustavo Bordet<\/strong>, recibir\u00e1 este jueves, al ministro de Econom\u00eda, <strong>Sergio Massa<\/strong>, que visitar\u00e1 una planta del<em> Grupo Motta<\/em>, una de las empresas l\u00edderes en producci\u00f3n av\u00edcola del territorio entrerriano.<\/p>\n<p>Fuentes oficiales, confirmaron que Bordet recibir\u00e1 al ministro en el aeropuerto y lo acompa\u00f1ar\u00e1 en la visita a la empresa ubicada en General Racedo, desde donde Massa, realizar\u00e1 importantes anuncios, seg\u00fan se indic\u00f3 a este medio.<\/p>\n<p>El ministro Massa llegar\u00e1 a la provincia, acompa\u00f1ado por el secretario de Agricultura, el entrerriano <strong>Juan Jos\u00e9 Bahillo<\/strong>.<\/p>\n<figure class=\"embed\"><img decoding=\"async\" title=\"\" src=\"https:\/\/elonce-media.elonce.com\/fotos-nuevo\/2022\/08\/16\/o_1660635420.jpg\" alt=\"\" width=\"640\" \/><\/figure>\n<p>Bordet recibir\u00e1 a Massa y a Bahillo, para trasladarse en horas de la tarde, hacia General Racedo, en el departamento Diamante, donde se encuentran las unidades productivas del complejo industrial del Grupo Motta. Seg\u00fan se indic\u00f3, se reunir\u00e1n con las autoridades del establecimiento av\u00edcola y luego realizar\u00e1 una recorrida por la nueva planta frigor\u00edfica CALISA 2.<\/p>\n<p>Cabe recordar que el 24 de septiembre de 2020 estuvo all\u00ed, el presidente Alberto Fern\u00e1ndez.<\/p>\n<p>Posteriormente, se espera que el ministro de Econom\u00eda realice, desde la provincia y junto a las autoridades entrerrianas, importantes anuncios para el sector productivo.<br \/>\nSeg\u00fan trascendi\u00f3, se dar\u00edan a conocer un programa de compensaciones a productores porcinos y av\u00edcolas.<\/p>\n<p>La medida, que tendr\u00e1 una metodolog\u00eda similar a la asistencia directa que se dio a conocer el viernes pasado para los tamberos, busca ayudar a ambas actividades luego del encarecimiento del costo de la alimentaci\u00f3n en el marco del d\u00f3lar soja.<\/p>\n<figure class=\"embed\"><img decoding=\"async\" title=\"\" src=\"https:\/\/elonce-media.elonce.com\/fotos-nuevo\/2023\/01\/12\/o_1673529192.jpg\" alt=\"\" width=\"640\" \/><\/figure>\n<p>De acuerdo a informaci\u00f3n extraoficial, se supo que la asistencia en el caso del sector porcino alcanzar\u00e1 a productores de hasta 1.000 madres y se contemplar\u00e1 hasta 30 pesos por kilo producido durante el mes de diciembre, estableciendo un tope en el monto que se va a compensar. Es una forma de ayudar a la actividad, al igual que al sector ap\u00edcola, luego del encarecimiento del costo de la alimentaci\u00f3n en el marco del d\u00f3lar soja.<\/p>\n<p>Seg\u00fan fuentes privadas, \u00abel Gobierno le pidi\u00f3 al sector av\u00edcola los n\u00fameros reales por cantidad de toneladas de soja\u00bb que se consume. Adem\u00e1s, contaron que la cifra relacionada con las compensaciones que hab\u00edan pedido al principio era en torno a los 3000 millones de pesos. Sin embargo, creen que la que podr\u00eda anunciarse el jueves \u00abser\u00eda menor\u00bb, ya que va en torno al excedente pagado por tonelada.<\/p>\n<h4><b>Detalles del anuncio<\/b><\/h4>\n<p>El Programa de Fortalecimiento Productivo Argentino contempla una inversi\u00f3n de $ 3.500 millones destinada a productores de carne porcina, aviar y huevos.<\/p>\n<p>El anuncio est\u00e1 previsto para las 18.30. Esta inversi\u00f3n compensar\u00e1 el adicional de precio abonado por el poroto de soja, o sus subproductos o alimento, durante el per\u00edodo que dur\u00f3 la segunda ventana del programa Incremento Exportador.<\/p>\n<p>En el caso de los productores porcinos de menos de 1.000 madres, recibir\u00e1n una compensaci\u00f3n de $30.000 por tonelada de soja.<\/p>\n","protected":false},"excerpt":{"rendered":"<p>El gobernador, recibir\u00e1 al ministro de Econom\u00eda en el aeropuerto y lo acompa\u00f1ar\u00e1 en la visita a una planta av\u00edcola del Grupo Motta, en la localidad de General Racedo. Se realizar\u00e1n anuncios para productores y hay expectativa.<\/p>\n","protected":false},"author":8,"featured_media":109808,"comment_status":"open","ping_status":"open","sticky":false,"template":"","format":"standard","meta":{"fifu_image_url":"","fifu_image_alt":"","footnotes":""},"categories":[16],"tags":[3955,1297],"class_list":{"0":"post-109876","1":"post","2":"type-post","3":"status-publish","4":"format-standard","5":"has-post-thumbnail","7":"category-politi","8":"tag-grupo-motta","9":"tag-sergio-massa"},"yoast_head":"<title>Bordet recibir\u00e1 a Massa para visitar empresa av\u00edcola y se realizar\u00e1n anuncios - Informe Litoral<\/title>\n<meta name=\"robots\" content=\"index, follow, max-snippet:-1, max-image-preview:large, max-video-preview:-1\" \/>\n<link rel=\"canonical\" href=\"https:\/\/informelitoral.com.ar\/bordet-recibira-a-massa-para-visitar-empresa-avicola-y-se-realizaran-anuncios\/\" \/>\n<meta property=\"og:locale\" content=\"es_ES\" \/>\n<meta property=\"og:type\" content=\"article\" \/>\n<meta property=\"og:title\" content=\"Bordet recibir\u00e1 a Massa para visitar empresa av\u00edcola y se realizar\u00e1n anuncios - Informe Litoral\" \/>\n<meta property=\"og:description\" content=\"El gobernador, recibir\u00e1 al ministro de Econom\u00eda en el aeropuerto y lo acompa\u00f1ar\u00e1 en la visita a una planta av\u00edcola del Grupo Motta, en la localidad de General Racedo. Se realizar\u00e1n anuncios para productores y hay expectativa.\" \/>\n<meta property=\"og:url\" content=\"https:\/\/informelitoral.com.ar\/bordet-recibira-a-massa-para-visitar-empresa-avicola-y-se-realizaran-anuncios\/\" \/>\n<meta property=\"og:site_name\" content=\"Informe Litoral\" \/>\n<meta property=\"article:publisher\" content=\"https:\/\/www.facebook.com\/informelitoral\/\" \/>\n<meta property=\"article:published_time\" content=\"2023-01-12T14:11:58+00:00\" \/>\n<meta property=\"article:modified_time\" content=\"2023-01-12T15:42:23+00:00\" \/>\n<meta property=\"og:image\" content=\"https:\/\/informelitoral.com.ar\/%77%70%2d%63%6f%6e%74%65%6e%74\/uploads\/2023\/01\/o_1542235155.jpg\" \/>\n\t<meta property=\"og:image:width\" content=\"800\" \/>\n\t<meta property=\"og:image:height\" content=\"450\" \/>\n\t<meta property=\"og:image:type\" content=\"image\/jpeg\" \/>\n<meta name=\"author\" content=\"Sebastian\" \/>\n<meta name=\"twitter:card\" content=\"summary_large_image\" \/>\n<meta name=\"twitter:creator\" content=\"@InformeLitoral\" \/>\n<meta name=\"twitter:site\" content=\"@InformeLitoral\" \/>\n<meta name=\"twitter:label1\" content=\"Escrito por\" \/>\n\t<meta name=\"twitter:data1\" content=\"Sebastian\" \/>\n\t<meta name=\"twitter:label2\" content=\"Tiempo de lectura\" \/>\n\t<meta name=\"twitter:data2\" content=\"2 minutos\" \/>\n<script type=\"application\/ld+json\" class=\"yoast-schema-graph\">{\"@context\":\"https:\\\/\\\/schema.org\",\"@graph\":[{\"@type\":\"Article\",\"@id\":\"https:\\\/\\\/informelitoral.com.ar\\\/bordet-recibira-a-massa-para-visitar-empresa-avicola-y-se-realizaran-anuncios\\\/#article\",\"isPartOf\":{\"@id\":\"https:\\\/\\\/informelitoral.com.ar\\\/bordet-recibira-a-massa-para-visitar-empresa-avicola-y-se-realizaran-anuncios\\\/\"},\"author\":{\"name\":\"Sebastian\",\"@id\":\"https:\\\/\\\/informelitoral.com.ar\\\/#\\\/schema\\\/person\\\/f05f9f461677119578717524b127d6d5\"},\"headline\":\"Bordet recibir\u00e1 a Massa para visitar empresa av\u00edcola y se realizar\u00e1n anuncios\",\"datePublished\":\"2023-01-12T14:11:58+00:00\",\"dateModified\":\"2023-01-12T15:42:23+00:00\",\"mainEntityOfPage\":{\"@id\":\"https:\\\/\\\/informelitoral.com.ar\\\/bordet-recibira-a-massa-para-visitar-empresa-avicola-y-se-realizaran-anuncios\\\/\"},\"wordCount\":504,\"commentCount\":0,\"publisher\":{\"@id\":\"https:\\\/\\\/informelitoral.com.ar\\\/#organization\"},\"image\":{\"@id\":\"https:\\\/\\\/informelitoral.com.ar\\\/bordet-recibira-a-massa-para-visitar-empresa-avicola-y-se-realizaran-anuncios\\\/#primaryimage\"},\"thumbnailUrl\":\"https:\\\/\\\/informelitoral.com.ar\\\/%77%70%2d%63%6f%6e%74%65%6e%74\\\/uploads\\\/2023\\\/01\\\/o_1542235155.jpg\",\"keywords\":[\"Grupo Motta\",\"Sergio Massa\"],\"articleSection\":[\"Politica\"],\"inLanguage\":\"es\",\"potentialAction\":[{\"@type\":\"CommentAction\",\"name\":\"Comment\",\"target\":[\"https:\\\/\\\/informelitoral.com.ar\\\/bordet-recibira-a-massa-para-visitar-empresa-avicola-y-se-realizaran-anuncios\\\/#respond\"]}]},{\"@type\":\"WebPage\",\"@id\":\"https:\\\/\\\/informelitoral.com.ar\\\/bordet-recibira-a-massa-para-visitar-empresa-avicola-y-se-realizaran-anuncios\\\/\",\"url\":\"https:\\\/\\\/informelitoral.com.ar\\\/bordet-recibira-a-massa-para-visitar-empresa-avicola-y-se-realizaran-anuncios\\\/\",\"name\":\"Bordet recibir\u00e1 a Massa para visitar empresa av\u00edcola y se realizar\u00e1n anuncios - Informe Litoral\",\"isPartOf\":{\"@id\":\"https:\\\/\\\/informelitoral.com.ar\\\/#website\"},\"primaryImageOfPage\":{\"@id\":\"https:\\\/\\\/informelitoral.com.ar\\\/bordet-recibira-a-massa-para-visitar-empresa-avicola-y-se-realizaran-anuncios\\\/#primaryimage\"},\"image\":{\"@id\":\"https:\\\/\\\/informelitoral.com.ar\\\/bordet-recibira-a-massa-para-visitar-empresa-avicola-y-se-realizaran-anuncios\\\/#primaryimage\"},\"thumbnailUrl\":\"https:\\\/\\\/informelitoral.com.ar\\\/%77%70%2d%63%6f%6e%74%65%6e%74\\\/uploads\\\/2023\\\/01\\\/o_1542235155.jpg\",\"datePublished\":\"2023-01-12T14:11:58+00:00\",\"dateModified\":\"2023-01-12T15:42:23+00:00\",\"breadcrumb\":{\"@id\":\"https:\\\/\\\/informelitoral.com.ar\\\/bordet-recibira-a-massa-para-visitar-empresa-avicola-y-se-realizaran-anuncios\\\/#breadcrumb\"},\"inLanguage\":\"es\",\"potentialAction\":[{\"@type\":\"ReadAction\",\"target\":[\"https:\\\/\\\/informelitoral.com.ar\\\/bordet-recibira-a-massa-para-visitar-empresa-avicola-y-se-realizaran-anuncios\\\/\"]}]},{\"@type\":\"ImageObject\",\"inLanguage\":\"es\",\"@id\":\"https:\\\/\\\/informelitoral.com.ar\\\/bordet-recibira-a-massa-para-visitar-empresa-avicola-y-se-realizaran-anuncios\\\/#primaryimage\",\"url\":\"https:\\\/\\\/informelitoral.com.ar\\\/%77%70%2d%63%6f%6e%74%65%6e%74\\\/uploads\\\/2023\\\/01\\\/o_1542235155.jpg\",\"contentUrl\":\"https:\\\/\\\/informelitoral.com.ar\\\/%77%70%2d%63%6f%6e%74%65%6e%74\\\/uploads\\\/2023\\\/01\\\/o_1542235155.jpg\",\"width\":800,\"height\":450},{\"@type\":\"BreadcrumbList\",\"@id\":\"https:\\\/\\\/informelitoral.com.ar\\\/bordet-recibira-a-massa-para-visitar-empresa-avicola-y-se-realizaran-anuncios\\\/#breadcrumb\",\"itemListElement\":[{\"@type\":\"ListItem\",\"position\":1,\"name\":\"Portada\",\"item\":\"https:\\\/\\\/informelitoral.com.ar\\\/\"},{\"@type\":\"ListItem\",\"position\":2,\"name\":\"Bordet recibir\u00e1 a Massa para visitar empresa av\u00edcola y se realizar\u00e1n anuncios\"}]},{\"@type\":\"WebSite\",\"@id\":\"https:\\\/\\\/informelitoral.com.ar\\\/#website\",\"url\":\"https:\\\/\\\/informelitoral.com.ar\\\/\",\"name\":\"Informe Litoral\",\"description\":\"&quot;Nos informamos&quot; \",\"publisher\":{\"@id\":\"https:\\\/\\\/informelitoral.com.ar\\\/#organization\"},\"potentialAction\":[{\"@type\":\"SearchAction\",\"target\":{\"@type\":\"EntryPoint\",\"urlTemplate\":\"https:\\\/\\\/informelitoral.com.ar\\\/?s={search_term_string}\"},\"query-input\":{\"@type\":\"PropertyValueSpecification\",\"valueRequired\":true,\"valueName\":\"search_term_string\"}}],\"inLanguage\":\"es\"},{\"@type\":\"Organization\",\"@id\":\"https:\\\/\\\/informelitoral.com.ar\\\/#organization\",\"name\":\"Informe Litoral\",\"url\":\"https:\\\/\\\/informelitoral.com.ar\\\/\",\"logo\":{\"@type\":\"ImageObject\",\"inLanguage\":\"es\",\"@id\":\"https:\\\/\\\/informelitoral.com.ar\\\/#\\\/schema\\\/logo\\\/image\\\/\",\"url\":\"https:\\\/\\\/informelitoral.com.ar\\\/%77%70%2d%63%6f%6e%74%65%6e%74\\\/uploads\\\/2021\\\/01\\\/circulo.png\",\"contentUrl\":\"https:\\\/\\\/informelitoral.com.ar\\\/%77%70%2d%63%6f%6e%74%65%6e%74\\\/uploads\\\/2021\\\/01\\\/circulo.png\",\"width\":723,\"height\":731,\"caption\":\"Informe Litoral\"},\"image\":{\"@id\":\"https:\\\/\\\/informelitoral.com.ar\\\/#\\\/schema\\\/logo\\\/image\\\/\"},\"sameAs\":[\"https:\\\/\\\/www.facebook.com\\\/informelitoral\\\/\",\"https:\\\/\\\/x.com\\\/InformeLitoral\",\"https:\\\/\\\/www.instagram.com\\\/informelitoral\\\/\",\"https:\\\/\\\/www.youtube.com\\\/channel\\\/UCua4Qvz8Icb6MYqhoq9xLXw\"]},{\"@type\":\"Person\",\"@id\":\"https:\\\/\\\/informelitoral.com.ar\\\/#\\\/schema\\\/person\\\/f05f9f461677119578717524b127d6d5\",\"name\":\"Sebastian\",\"image\":{\"@type\":\"ImageObject\",\"inLanguage\":\"es\",\"@id\":\"https:\\\/\\\/secure.gravatar.com\\\/avatar\\\/b71bf7481d447dfb9583c7f2798e7cc64de6efb9067b74633ed8c31059a3bd82?s=96&d=mm&r=g\",\"url\":\"https:\\\/\\\/secure.gravatar.com\\\/avatar\\\/b71bf7481d447dfb9583c7f2798e7cc64de6efb9067b74633ed8c31059a3bd82?s=96&d=mm&r=g\",\"contentUrl\":\"https:\\\/\\\/secure.gravatar.com\\\/avatar\\\/b71bf7481d447dfb9583c7f2798e7cc64de6efb9067b74633ed8c31059a3bd82?s=96&d=mm&r=g\",\"caption\":\"Sebastian\"},\"url\":\"https:\\\/\\\/informelitoral.com.ar\\\/author\\\/sebastian\\\/\"}]}<\/script>","yoast_head_json":{"title":"Bordet recibir\u00e1 a Massa para visitar empresa av\u00edcola y se realizar\u00e1n anuncios - Informe Litoral","robots":{"index":"index","follow":"follow","max-snippet":"max-snippet:-1","max-image-preview":"max-image-preview:large","max-video-preview":"max-video-preview:-1"},"canonical":"https:\/\/informelitoral.com.ar\/bordet-recibira-a-massa-para-visitar-empresa-avicola-y-se-realizaran-anuncios\/","og_locale":"es_ES","og_type":"article","og_title":"Bordet recibir\u00e1 a Massa para visitar empresa av\u00edcola y se realizar\u00e1n anuncios - Informe Litoral","og_description":"El gobernador, recibir\u00e1 al ministro de Econom\u00eda en el aeropuerto y lo acompa\u00f1ar\u00e1 en la visita a una planta av\u00edcola del Grupo Motta, en la localidad de General Racedo. Se realizar\u00e1n anuncios para productores y hay expectativa.","og_url":"https:\/\/informelitoral.com.ar\/bordet-recibira-a-massa-para-visitar-empresa-avicola-y-se-realizaran-anuncios\/","og_site_name":"Informe Litoral","article_publisher":"https:\/\/www.facebook.com\/informelitoral\/","article_published_time":"2023-01-12T14:11:58+00:00","article_modified_time":"2023-01-12T15:42:23+00:00","og_image":[{"width":800,"height":450,"url":"https:\/\/informelitoral.com.ar\/%77%70%2d%63%6f%6e%74%65%6e%74\/uploads\/2023\/01\/o_1542235155.jpg","type":"image\/jpeg"}],"author":"Sebastian","twitter_card":"summary_large_image","twitter_creator":"@InformeLitoral","twitter_site":"@InformeLitoral","twitter_misc":{"Escrito por":"Sebastian","Tiempo de lectura":"2 minutos"},"schema":{"@context":"https:\/\/schema.org","@graph":[{"@type":"Article","@id":"https:\/\/informelitoral.com.ar\/bordet-recibira-a-massa-para-visitar-empresa-avicola-y-se-realizaran-anuncios\/#article","isPartOf":{"@id":"https:\/\/informelitoral.com.ar\/bordet-recibira-a-massa-para-visitar-empresa-avicola-y-se-realizaran-anuncios\/"},"author":{"name":"Sebastian","@id":"https:\/\/informelitoral.com.ar\/#\/schema\/person\/f05f9f461677119578717524b127d6d5"},"headline":"Bordet recibir\u00e1 a Massa para visitar empresa av\u00edcola y se realizar\u00e1n anuncios","datePublished":"2023-01-12T14:11:58+00:00","dateModified":"2023-01-12T15:42:23+00:00","mainEntityOfPage":{"@id":"https:\/\/informelitoral.com.ar\/bordet-recibira-a-massa-para-visitar-empresa-avicola-y-se-realizaran-anuncios\/"},"wordCount":504,"commentCount":0,"publisher":{"@id":"https:\/\/informelitoral.com.ar\/#organization"},"image":{"@id":"https:\/\/informelitoral.com.ar\/bordet-recibira-a-massa-para-visitar-empresa-avicola-y-se-realizaran-anuncios\/#primaryimage"},"thumbnailUrl":"https:\/\/informelitoral.com.ar\/%77%70%2d%63%6f%6e%74%65%6e%74\/uploads\/2023\/01\/o_1542235155.jpg","keywords":["Grupo Motta","Sergio Massa"],"articleSection":["Politica"],"inLanguage":"es","potentialAction":[{"@type":"CommentAction","name":"Comment","target":["https:\/\/informelitoral.com.ar\/bordet-recibira-a-massa-para-visitar-empresa-avicola-y-se-realizaran-anuncios\/#respond"]}]},{"@type":"WebPage","@id":"https:\/\/informelitoral.com.ar\/bordet-recibira-a-massa-para-visitar-empresa-avicola-y-se-realizaran-anuncios\/","url":"https:\/\/informelitoral.com.ar\/bordet-recibira-a-massa-para-visitar-empresa-avicola-y-se-realizaran-anuncios\/","name":"Bordet recibir\u00e1 a Massa para visitar empresa av\u00edcola y se realizar\u00e1n anuncios - Informe Litoral","isPartOf":{"@id":"https:\/\/informelitoral.com.ar\/#website"},"primaryImageOfPage":{"@id":"https:\/\/informelitoral.com.ar\/bordet-recibira-a-massa-para-visitar-empresa-avicola-y-se-realizaran-anuncios\/#primaryimage"},"image":{"@id":"https:\/\/informelitoral.com.ar\/bordet-recibira-a-massa-para-visitar-empresa-avicola-y-se-realizaran-anuncios\/#primaryimage"},"thumbnailUrl":"https:\/\/informelitoral.com.ar\/%77%70%2d%63%6f%6e%74%65%6e%74\/uploads\/2023\/01\/o_1542235155.jpg","datePublished":"2023-01-12T14:11:58+00:00","dateModified":"2023-01-12T15:42:23+00:00","breadcrumb":{"@id":"https:\/\/informelitoral.com.ar\/bordet-recibira-a-massa-para-visitar-empresa-avicola-y-se-realizaran-anuncios\/#breadcrumb"},"inLanguage":"es","potentialAction":[{"@type":"ReadAction","target":["https:\/\/informelitoral.com.ar\/bordet-recibira-a-massa-para-visitar-empresa-avicola-y-se-realizaran-anuncios\/"]}]},{"@type":"ImageObject","inLanguage":"es","@id":"https:\/\/informelitoral.com.ar\/bordet-recibira-a-massa-para-visitar-empresa-avicola-y-se-realizaran-anuncios\/#primaryimage","url":"https:\/\/informelitoral.com.ar\/%77%70%2d%63%6f%6e%74%65%6e%74\/uploads\/2023\/01\/o_1542235155.jpg","contentUrl":"https:\/\/informelitoral.com.ar\/%77%70%2d%63%6f%6e%74%65%6e%74\/uploads\/2023\/01\/o_1542235155.jpg","width":800,"height":450},{"@type":"BreadcrumbList","@id":"https:\/\/informelitoral.com.ar\/bordet-recibira-a-massa-para-visitar-empresa-avicola-y-se-realizaran-anuncios\/#breadcrumb","itemListElement":[{"@type":"ListItem","position":1,"name":"Portada","item":"https:\/\/informelitoral.com.ar\/"},{"@type":"ListItem","position":2,"name":"Bordet recibir\u00e1 a Massa para visitar empresa av\u00edcola y se realizar\u00e1n anuncios"}]},{"@type":"WebSite","@id":"https:\/\/informelitoral.com.ar\/#website","url":"https:\/\/informelitoral.com.ar\/","name":"Informe Litoral","description":"&quot;Nos informamos&quot; ","publisher":{"@id":"https:\/\/informelitoral.com.ar\/#organization"},"potentialAction":[{"@type":"SearchAction","target":{"@type":"EntryPoint","urlTemplate":"https:\/\/informelitoral.com.ar\/?s={search_term_string}"},"query-input":{"@type":"PropertyValueSpecification","valueRequired":true,"valueName":"search_term_string"}}],"inLanguage":"es"},{"@type":"Organization","@id":"https:\/\/informelitoral.com.ar\/#organization","name":"Informe Litoral","url":"https:\/\/informelitoral.com.ar\/","logo":{"@type":"ImageObject","inLanguage":"es","@id":"https:\/\/informelitoral.com.ar\/#\/schema\/logo\/image\/","url":"https:\/\/informelitoral.com.ar\/%77%70%2d%63%6f%6e%74%65%6e%74\/uploads\/2021\/01\/circulo.png","contentUrl":"https:\/\/informelitoral.com.ar\/%77%70%2d%63%6f%6e%74%65%6e%74\/uploads\/2021\/01\/circulo.png","width":723,"height":731,"caption":"Informe Litoral"},"image":{"@id":"https:\/\/informelitoral.com.ar\/#\/schema\/logo\/image\/"},"sameAs":["https:\/\/www.facebook.com\/informelitoral\/","https:\/\/x.com\/InformeLitoral","https:\/\/www.instagram.com\/informelitoral\/","https:\/\/www.youtube.com\/channel\/UCua4Qvz8Icb6MYqhoq9xLXw"]},{"@type":"Person","@id":"https:\/\/informelitoral.com.ar\/#\/schema\/person\/f05f9f461677119578717524b127d6d5","name":"Sebastian","image":{"@type":"ImageObject","inLanguage":"es","@id":"https:\/\/secure.gravatar.com\/avatar\/b71bf7481d447dfb9583c7f2798e7cc64de6efb9067b74633ed8c31059a3bd82?s=96&d=mm&r=g","url":"https:\/\/secure.gravatar.com\/avatar\/b71bf7481d447dfb9583c7f2798e7cc64de6efb9067b74633ed8c31059a3bd82?s=96&d=mm&r=g","contentUrl":"https:\/\/secure.gravatar.com\/avatar\/b71bf7481d447dfb9583c7f2798e7cc64de6efb9067b74633ed8c31059a3bd82?s=96&d=mm&r=g","caption":"Sebastian"},"url":"https:\/\/informelitoral.com.ar\/author\/sebastian\/"}]}},"_links":{"self":[{"href":"https:\/\/informelitoral.com.ar\/%77%70%2d%6a%73%6f%6e\/wp\/v2\/posts\/109876","targetHints":{"allow":["GET"]}}],"collection":[{"href":"https:\/\/informelitoral.com.ar\/%77%70%2d%6a%73%6f%6e\/wp\/v2\/posts"}],"about":[{"href":"https:\/\/informelitoral.com.ar\/%77%70%2d%6a%73%6f%6e\/wp\/v2\/types\/post"}],"author":[{"embeddable":true,"href":"https:\/\/informelitoral.com.ar\/%77%70%2d%6a%73%6f%6e\/wp\/v2\/users\/8"}],"replies":[{"embeddable":true,"href":"https:\/\/informelitoral.com.ar\/%77%70%2d%6a%73%6f%6e\/wp\/v2\/comments?post=109876"}],"version-history":[{"count":0,"href":"https:\/\/informelitoral.com.ar\/%77%70%2d%6a%73%6f%6e\/wp\/v2\/posts\/109876\/revisions"}],"wp:featuredmedia":[{"embeddable":true,"href":"https:\/\/informelitoral.com.ar\/%77%70%2d%6a%73%6f%6e\/wp\/v2\/media\/109808"}],"wp:attachment":[{"href":"https:\/\/informelitoral.com.ar\/%77%70%2d%6a%73%6f%6e\/wp\/v2\/media?parent=109876"}],"wp:term":[{"taxonomy":"category","embeddable":true,"href":"https:\/\/informelitoral.com.ar\/%77%70%2d%6a%73%6f%6e\/wp\/v2\/categories?post=109876"},{"taxonomy":"post_tag","embeddable":true,"href":"https:\/\/informelitoral.com.ar\/%77%70%2d%6a%73%6f%6e\/wp\/v2\/tags?post=109876"}],"curies":[{"name":"wp","href":"https:\/\/api.w.org\/{rel}","templated":true}]}}