{"id":109784,"date":"2023-01-12T09:56:06","date_gmt":"2023-01-12T12:56:06","guid":{"rendered":"https:\/\/www.informelitoral.com.ar\/?p=109784"},"modified":"2023-01-12T10:01:25","modified_gmt":"2023-01-12T13:01:25","slug":"susto-y-preocupacion-por-la-salud-de-carmen-barbieri-el-panorama-fue-tetrico","status":"publish","type":"post","link":"https:\/\/informelitoral.com.ar\/susto-y-preocupacion-por-la-salud-de-carmen-barbieri-el-panorama-fue-tetrico\/","title":{"rendered":"Susto y preocupaci\u00f3n por la salud de Carmen Barbieri: \u201cEl panorama fue t\u00e9trico\u201d"},"content":{"rendered":"<p class=\"paragraph\">A mediados de diciembre Carmen Barbieri tuvo que ser internada de urgencia cuando sufri\u00f3 un accidente en la calle y se lastim\u00f3 el hombro. En ese momento, un rato antes de que terminara LAM (Am\u00e9rica), \u00c1ngel De Brito notific\u00f3 la noticia. \u201cEst\u00e1 en una cl\u00ednica haci\u00e9ndose estudios porque se cay\u00f3 en la calle, y no es la primera vez\u201d, detall\u00f3 Andrea Taboada. \u201cParece que se golpe\u00f3 muy fuerte el hombro y est\u00e1n viendo si no est\u00e1 dislocado\u201d, advirti\u00f3. Acto seguido, Stefi Berardi, que es compa\u00f1era de Carmen en el programa Ma\u00f1an\u00edsima, por Ciudad Magazine, confirm\u00f3 que la conductora ten\u00eda el hombro fuera de lugar.<\/p>\n<p class=\"paragraph\">Al d\u00eda siguiente, desde el programa de Carmen, Pampito Perello Aciar y Berardi, sus panelistas, ampliaron la informaci\u00f3n sobre el estado de salud de la conductora. \u201cCarmen tuvo un accidente dom\u00e9stico en la v\u00eda p\u00fablica cuando sali\u00f3 a pasear a su perrito. Cuando termin\u00f3 el programa lleg\u00f3 a su casa, fue hacer la compra, sac\u00f3 a su perro y este hizo que ella se caiga en la calle. Est\u00e1 internada y tiene el hombro dislocado\u201d, comunicaron.<\/p>\n<p class=\"paragraph\">Si bien estuvo muy dolorida, le acomodaron el hombro en el quir\u00f3fano y fue la propia Carmen quien le envi\u00f3 un video a su prima explicando la situaci\u00f3n. \u201cMe ca\u00ed de rodillas porque me llev\u00e9 puesta una baldosa. Me iba a levantar, pero el perro me tir\u00f3 para adelante con la correa\u201d, hab\u00eda indicado. A su vez, tambi\u00e9n cont\u00f3 c\u00f3mo se hab\u00eda dado la situaci\u00f3n en la que tambi\u00e9n estaba su perro. \u201cMe llev\u00e9 por delante una baldosa de la vereda. Cuando vio que me ca\u00ed de rodillas, \u00e9l se asust\u00f3 y tir\u00f3 para correr. Yo lo ten\u00eda agarrado con el brazo, pero me dio un tir\u00f3n tan grande que yo intent\u00e9 agarrarlo y me saqu\u00e9 el brazo\u201d, concluy\u00f3 en el audio.<\/p>\n<div class=\"jwplayer-ctn\">\n<p>Carmen Barbieri sufri\u00f3 un gran susto con su salud y est\u00e1 de licencia en su programa<\/p>\n<\/div>\n<p class=\"paragraph\">En esta oportunidad, sorprendi\u00f3 que la exvedette falte por segundo d\u00eda consecutivo a su programa de la ma\u00f1ana. \u201cCarmen est\u00e1 con presi\u00f3n baja. Est\u00e1 todo bien, pero hace mucho calor, ella es de presi\u00f3n baja y no la vamos a traer ac\u00e1 para que se desmaye al aire como le pas\u00f3 una vez\u201d, comenz\u00f3 diciendo su panelista al principio del programa de este martes.<\/p>\n<p class=\"paragraph\">Y luego su compa\u00f1era complet\u00f3 la informaci\u00f3n. \u201cSe despert\u00f3 para venir al programa, se levant\u00f3 en su casa y cuando vio que se sent\u00eda as\u00ed suspendi\u00f3, as\u00ed que esperamos que se mejore y ma\u00f1ana vuelva\u201d, a\u00f1adi\u00f3 Estefi Berardi.<\/p>\n<p class=\"paragraph\">\u201c\u00a1El panorama fue t\u00e9trico!\u201d, revel\u00f3 Pampito. Y agreg\u00f3: \u201cHoy Carmen decidi\u00f3 quedarse un d\u00eda m\u00e1s en su casa. Sabemos que ayer estaba con la presi\u00f3n baja, con muchos medicamentos por el tema del brazo, calmantes, y el m\u00e9dico le dijo que eso le estaba haciendo mal, que los cortara&#8230;\u201d, explic\u00f3 el joven al comienzo del ciclo.<\/p>\n<p class=\"paragraph\">Minutos m\u00e1s tarde, agreg\u00f3 que iba a contar algo y que esperaba que Carmen no se enojara. As\u00ed, revel\u00f3 que la conductora se hab\u00eda asustado porque no pod\u00eda hablar, que no se pod\u00eda parar de la cama, y que la llam\u00f3 a Penca, que es su secretaria, y que reci\u00e9n entonces fue la ambulancia para la casa, agreg\u00f3 el periodista, quien manifest\u00f3 que la conductora hab\u00eda pensado que se trataba de un ACV.<\/p>\n<p class=\"paragraph\">Luego, cerr\u00f3: \u201cAunque ella est\u00e1 bien no es una pavada, se llev\u00f3 un susto muy grande\u201d. Finalmente, Stefi habl\u00f3 con Fede Bal y le dijo que su mam\u00e1 se suele asustar mucho. Adem\u00e1s, la joven cont\u00f3 que Barbieri se hab\u00eda quedado en su casa haciendo reposo para recuperarse porque \u201cse sent\u00eda todav\u00eda un poquito floja\u201d.<\/p>\n","protected":false},"excerpt":{"rendered":"<p>La conductora volvi\u00f3 a faltar a Ma\u00f1an\u00edsima por segundo d\u00eda consecutivo y sus compa\u00f1eros revelaron detalles del problema que la afecta<\/p>\n","protected":false},"author":8,"featured_media":109787,"comment_status":"open","ping_status":"open","sticky":false,"template":"","format":"standard","meta":{"fifu_image_url":"","fifu_image_alt":"","footnotes":""},"categories":[12],"tags":[4104],"class_list":{"0":"post-109784","1":"post","2":"type-post","3":"status-publish","4":"format-standard","5":"has-post-thumbnail","7":"category-espectaculos","8":"tag-carmen-barbieri"},"yoast_head":"<title>Susto y preocupaci\u00f3n por la salud de Carmen Barbieri: \u201cEl panorama fue t\u00e9trico\u201d - Informe Litoral<\/title>\n<meta name=\"robots\" content=\"index, follow, max-snippet:-1, max-image-preview:large, max-video-preview:-1\" \/>\n<link rel=\"canonical\" href=\"https:\/\/informelitoral.com.ar\/susto-y-preocupacion-por-la-salud-de-carmen-barbieri-el-panorama-fue-tetrico\/\" \/>\n<meta property=\"og:locale\" content=\"es_ES\" \/>\n<meta property=\"og:type\" content=\"article\" \/>\n<meta property=\"og:title\" content=\"Susto y preocupaci\u00f3n por la salud de Carmen Barbieri: \u201cEl panorama fue t\u00e9trico\u201d - Informe Litoral\" \/>\n<meta property=\"og:description\" content=\"La conductora volvi\u00f3 a faltar a Ma\u00f1an\u00edsima por segundo d\u00eda consecutivo y sus compa\u00f1eros revelaron detalles del problema que la afecta\" \/>\n<meta property=\"og:url\" content=\"https:\/\/informelitoral.com.ar\/susto-y-preocupacion-por-la-salud-de-carmen-barbieri-el-panorama-fue-tetrico\/\" \/>\n<meta property=\"og:site_name\" content=\"Informe Litoral\" \/>\n<meta property=\"article:publisher\" content=\"https:\/\/www.facebook.com\/informelitoral\/\" \/>\n<meta property=\"article:published_time\" content=\"2023-01-12T12:56:06+00:00\" \/>\n<meta property=\"article:modified_time\" content=\"2023-01-12T13:01:25+00:00\" \/>\n<meta property=\"og:image\" content=\"https:\/\/informelitoral.com.ar\/%77%70%2d%63%6f%6e%74%65%6e%74\/uploads\/2023\/01\/carmencita-barbieri-696x392-1.jpg\" \/>\n\t<meta property=\"og:image:width\" content=\"696\" \/>\n\t<meta property=\"og:image:height\" content=\"392\" \/>\n\t<meta property=\"og:image:type\" content=\"image\/jpeg\" \/>\n<meta name=\"author\" content=\"Sebastian\" \/>\n<meta name=\"twitter:card\" content=\"summary_large_image\" \/>\n<meta name=\"twitter:creator\" content=\"@InformeLitoral\" \/>\n<meta name=\"twitter:site\" content=\"@InformeLitoral\" \/>\n<meta name=\"twitter:label1\" content=\"Escrito por\" \/>\n\t<meta name=\"twitter:data1\" content=\"Sebastian\" \/>\n\t<meta name=\"twitter:label2\" content=\"Tiempo de lectura\" \/>\n\t<meta name=\"twitter:data2\" content=\"3 minutos\" \/>\n<script type=\"application\/ld+json\" class=\"yoast-schema-graph\">{\"@context\":\"https:\\\/\\\/schema.org\",\"@graph\":[{\"@type\":\"Article\",\"@id\":\"https:\\\/\\\/informelitoral.com.ar\\\/susto-y-preocupacion-por-la-salud-de-carmen-barbieri-el-panorama-fue-tetrico\\\/#article\",\"isPartOf\":{\"@id\":\"https:\\\/\\\/informelitoral.com.ar\\\/susto-y-preocupacion-por-la-salud-de-carmen-barbieri-el-panorama-fue-tetrico\\\/\"},\"author\":{\"name\":\"Sebastian\",\"@id\":\"https:\\\/\\\/informelitoral.com.ar\\\/#\\\/schema\\\/person\\\/f05f9f461677119578717524b127d6d5\"},\"headline\":\"Susto y preocupaci\u00f3n por la salud de Carmen Barbieri: \u201cEl panorama fue t\u00e9trico\u201d\",\"datePublished\":\"2023-01-12T12:56:06+00:00\",\"dateModified\":\"2023-01-12T13:01:25+00:00\",\"mainEntityOfPage\":{\"@id\":\"https:\\\/\\\/informelitoral.com.ar\\\/susto-y-preocupacion-por-la-salud-de-carmen-barbieri-el-panorama-fue-tetrico\\\/\"},\"wordCount\":666,\"commentCount\":0,\"publisher\":{\"@id\":\"https:\\\/\\\/informelitoral.com.ar\\\/#organization\"},\"image\":{\"@id\":\"https:\\\/\\\/informelitoral.com.ar\\\/susto-y-preocupacion-por-la-salud-de-carmen-barbieri-el-panorama-fue-tetrico\\\/#primaryimage\"},\"thumbnailUrl\":\"https:\\\/\\\/informelitoral.com.ar\\\/%77%70%2d%63%6f%6e%74%65%6e%74\\\/uploads\\\/2023\\\/01\\\/carmencita-barbieri-696x392-1.jpg\",\"keywords\":[\"Carmen Barbieri\"],\"articleSection\":[\"Espect\u00e1culos\"],\"inLanguage\":\"es\",\"potentialAction\":[{\"@type\":\"CommentAction\",\"name\":\"Comment\",\"target\":[\"https:\\\/\\\/informelitoral.com.ar\\\/susto-y-preocupacion-por-la-salud-de-carmen-barbieri-el-panorama-fue-tetrico\\\/#respond\"]}]},{\"@type\":\"WebPage\",\"@id\":\"https:\\\/\\\/informelitoral.com.ar\\\/susto-y-preocupacion-por-la-salud-de-carmen-barbieri-el-panorama-fue-tetrico\\\/\",\"url\":\"https:\\\/\\\/informelitoral.com.ar\\\/susto-y-preocupacion-por-la-salud-de-carmen-barbieri-el-panorama-fue-tetrico\\\/\",\"name\":\"Susto y preocupaci\u00f3n por la salud de Carmen Barbieri: \u201cEl panorama fue t\u00e9trico\u201d - Informe Litoral\",\"isPartOf\":{\"@id\":\"https:\\\/\\\/informelitoral.com.ar\\\/#website\"},\"primaryImageOfPage\":{\"@id\":\"https:\\\/\\\/informelitoral.com.ar\\\/susto-y-preocupacion-por-la-salud-de-carmen-barbieri-el-panorama-fue-tetrico\\\/#primaryimage\"},\"image\":{\"@id\":\"https:\\\/\\\/informelitoral.com.ar\\\/susto-y-preocupacion-por-la-salud-de-carmen-barbieri-el-panorama-fue-tetrico\\\/#primaryimage\"},\"thumbnailUrl\":\"https:\\\/\\\/informelitoral.com.ar\\\/%77%70%2d%63%6f%6e%74%65%6e%74\\\/uploads\\\/2023\\\/01\\\/carmencita-barbieri-696x392-1.jpg\",\"datePublished\":\"2023-01-12T12:56:06+00:00\",\"dateModified\":\"2023-01-12T13:01:25+00:00\",\"breadcrumb\":{\"@id\":\"https:\\\/\\\/informelitoral.com.ar\\\/susto-y-preocupacion-por-la-salud-de-carmen-barbieri-el-panorama-fue-tetrico\\\/#breadcrumb\"},\"inLanguage\":\"es\",\"potentialAction\":[{\"@type\":\"ReadAction\",\"target\":[\"https:\\\/\\\/informelitoral.com.ar\\\/susto-y-preocupacion-por-la-salud-de-carmen-barbieri-el-panorama-fue-tetrico\\\/\"]}]},{\"@type\":\"ImageObject\",\"inLanguage\":\"es\",\"@id\":\"https:\\\/\\\/informelitoral.com.ar\\\/susto-y-preocupacion-por-la-salud-de-carmen-barbieri-el-panorama-fue-tetrico\\\/#primaryimage\",\"url\":\"https:\\\/\\\/informelitoral.com.ar\\\/%77%70%2d%63%6f%6e%74%65%6e%74\\\/uploads\\\/2023\\\/01\\\/carmencita-barbieri-696x392-1.jpg\",\"contentUrl\":\"https:\\\/\\\/informelitoral.com.ar\\\/%77%70%2d%63%6f%6e%74%65%6e%74\\\/uploads\\\/2023\\\/01\\\/carmencita-barbieri-696x392-1.jpg\",\"width\":696,\"height\":392},{\"@type\":\"BreadcrumbList\",\"@id\":\"https:\\\/\\\/informelitoral.com.ar\\\/susto-y-preocupacion-por-la-salud-de-carmen-barbieri-el-panorama-fue-tetrico\\\/#breadcrumb\",\"itemListElement\":[{\"@type\":\"ListItem\",\"position\":1,\"name\":\"Portada\",\"item\":\"https:\\\/\\\/informelitoral.com.ar\\\/\"},{\"@type\":\"ListItem\",\"position\":2,\"name\":\"Susto y preocupaci\u00f3n por la salud de Carmen Barbieri: \u201cEl panorama fue t\u00e9trico\u201d\"}]},{\"@type\":\"WebSite\",\"@id\":\"https:\\\/\\\/informelitoral.com.ar\\\/#website\",\"url\":\"https:\\\/\\\/informelitoral.com.ar\\\/\",\"name\":\"Informe Litoral\",\"description\":\"&quot;Nos informamos&quot; \",\"publisher\":{\"@id\":\"https:\\\/\\\/informelitoral.com.ar\\\/#organization\"},\"potentialAction\":[{\"@type\":\"SearchAction\",\"target\":{\"@type\":\"EntryPoint\",\"urlTemplate\":\"https:\\\/\\\/informelitoral.com.ar\\\/?s={search_term_string}\"},\"query-input\":{\"@type\":\"PropertyValueSpecification\",\"valueRequired\":true,\"valueName\":\"search_term_string\"}}],\"inLanguage\":\"es\"},{\"@type\":\"Organization\",\"@id\":\"https:\\\/\\\/informelitoral.com.ar\\\/#organization\",\"name\":\"Informe Litoral\",\"url\":\"https:\\\/\\\/informelitoral.com.ar\\\/\",\"logo\":{\"@type\":\"ImageObject\",\"inLanguage\":\"es\",\"@id\":\"https:\\\/\\\/informelitoral.com.ar\\\/#\\\/schema\\\/logo\\\/image\\\/\",\"url\":\"https:\\\/\\\/informelitoral.com.ar\\\/%77%70%2d%63%6f%6e%74%65%6e%74\\\/uploads\\\/2021\\\/01\\\/circulo.png\",\"contentUrl\":\"https:\\\/\\\/informelitoral.com.ar\\\/%77%70%2d%63%6f%6e%74%65%6e%74\\\/uploads\\\/2021\\\/01\\\/circulo.png\",\"width\":723,\"height\":731,\"caption\":\"Informe Litoral\"},\"image\":{\"@id\":\"https:\\\/\\\/informelitoral.com.ar\\\/#\\\/schema\\\/logo\\\/image\\\/\"},\"sameAs\":[\"https:\\\/\\\/www.facebook.com\\\/informelitoral\\\/\",\"https:\\\/\\\/x.com\\\/InformeLitoral\",\"https:\\\/\\\/www.instagram.com\\\/informelitoral\\\/\",\"https:\\\/\\\/www.youtube.com\\\/channel\\\/UCua4Qvz8Icb6MYqhoq9xLXw\"]},{\"@type\":\"Person\",\"@id\":\"https:\\\/\\\/informelitoral.com.ar\\\/#\\\/schema\\\/person\\\/f05f9f461677119578717524b127d6d5\",\"name\":\"Sebastian\",\"image\":{\"@type\":\"ImageObject\",\"inLanguage\":\"es\",\"@id\":\"https:\\\/\\\/secure.gravatar.com\\\/avatar\\\/b71bf7481d447dfb9583c7f2798e7cc64de6efb9067b74633ed8c31059a3bd82?s=96&d=mm&r=g\",\"url\":\"https:\\\/\\\/secure.gravatar.com\\\/avatar\\\/b71bf7481d447dfb9583c7f2798e7cc64de6efb9067b74633ed8c31059a3bd82?s=96&d=mm&r=g\",\"contentUrl\":\"https:\\\/\\\/secure.gravatar.com\\\/avatar\\\/b71bf7481d447dfb9583c7f2798e7cc64de6efb9067b74633ed8c31059a3bd82?s=96&d=mm&r=g\",\"caption\":\"Sebastian\"},\"url\":\"https:\\\/\\\/informelitoral.com.ar\\\/author\\\/sebastian\\\/\"}]}<\/script>","yoast_head_json":{"title":"Susto y preocupaci\u00f3n por la salud de Carmen Barbieri: \u201cEl panorama fue t\u00e9trico\u201d - Informe Litoral","robots":{"index":"index","follow":"follow","max-snippet":"max-snippet:-1","max-image-preview":"max-image-preview:large","max-video-preview":"max-video-preview:-1"},"canonical":"https:\/\/informelitoral.com.ar\/susto-y-preocupacion-por-la-salud-de-carmen-barbieri-el-panorama-fue-tetrico\/","og_locale":"es_ES","og_type":"article","og_title":"Susto y preocupaci\u00f3n por la salud de Carmen Barbieri: \u201cEl panorama fue t\u00e9trico\u201d - Informe Litoral","og_description":"La conductora volvi\u00f3 a faltar a Ma\u00f1an\u00edsima por segundo d\u00eda consecutivo y sus compa\u00f1eros revelaron detalles del problema que la afecta","og_url":"https:\/\/informelitoral.com.ar\/susto-y-preocupacion-por-la-salud-de-carmen-barbieri-el-panorama-fue-tetrico\/","og_site_name":"Informe Litoral","article_publisher":"https:\/\/www.facebook.com\/informelitoral\/","article_published_time":"2023-01-12T12:56:06+00:00","article_modified_time":"2023-01-12T13:01:25+00:00","og_image":[{"width":696,"height":392,"url":"https:\/\/informelitoral.com.ar\/%77%70%2d%63%6f%6e%74%65%6e%74\/uploads\/2023\/01\/carmencita-barbieri-696x392-1.jpg","type":"image\/jpeg"}],"author":"Sebastian","twitter_card":"summary_large_image","twitter_creator":"@InformeLitoral","twitter_site":"@InformeLitoral","twitter_misc":{"Escrito por":"Sebastian","Tiempo de lectura":"3 minutos"},"schema":{"@context":"https:\/\/schema.org","@graph":[{"@type":"Article","@id":"https:\/\/informelitoral.com.ar\/susto-y-preocupacion-por-la-salud-de-carmen-barbieri-el-panorama-fue-tetrico\/#article","isPartOf":{"@id":"https:\/\/informelitoral.com.ar\/susto-y-preocupacion-por-la-salud-de-carmen-barbieri-el-panorama-fue-tetrico\/"},"author":{"name":"Sebastian","@id":"https:\/\/informelitoral.com.ar\/#\/schema\/person\/f05f9f461677119578717524b127d6d5"},"headline":"Susto y preocupaci\u00f3n por la salud de Carmen Barbieri: \u201cEl panorama fue t\u00e9trico\u201d","datePublished":"2023-01-12T12:56:06+00:00","dateModified":"2023-01-12T13:01:25+00:00","mainEntityOfPage":{"@id":"https:\/\/informelitoral.com.ar\/susto-y-preocupacion-por-la-salud-de-carmen-barbieri-el-panorama-fue-tetrico\/"},"wordCount":666,"commentCount":0,"publisher":{"@id":"https:\/\/informelitoral.com.ar\/#organization"},"image":{"@id":"https:\/\/informelitoral.com.ar\/susto-y-preocupacion-por-la-salud-de-carmen-barbieri-el-panorama-fue-tetrico\/#primaryimage"},"thumbnailUrl":"https:\/\/informelitoral.com.ar\/%77%70%2d%63%6f%6e%74%65%6e%74\/uploads\/2023\/01\/carmencita-barbieri-696x392-1.jpg","keywords":["Carmen Barbieri"],"articleSection":["Espect\u00e1culos"],"inLanguage":"es","potentialAction":[{"@type":"CommentAction","name":"Comment","target":["https:\/\/informelitoral.com.ar\/susto-y-preocupacion-por-la-salud-de-carmen-barbieri-el-panorama-fue-tetrico\/#respond"]}]},{"@type":"WebPage","@id":"https:\/\/informelitoral.com.ar\/susto-y-preocupacion-por-la-salud-de-carmen-barbieri-el-panorama-fue-tetrico\/","url":"https:\/\/informelitoral.com.ar\/susto-y-preocupacion-por-la-salud-de-carmen-barbieri-el-panorama-fue-tetrico\/","name":"Susto y preocupaci\u00f3n por la salud de Carmen Barbieri: \u201cEl panorama fue t\u00e9trico\u201d - Informe Litoral","isPartOf":{"@id":"https:\/\/informelitoral.com.ar\/#website"},"primaryImageOfPage":{"@id":"https:\/\/informelitoral.com.ar\/susto-y-preocupacion-por-la-salud-de-carmen-barbieri-el-panorama-fue-tetrico\/#primaryimage"},"image":{"@id":"https:\/\/informelitoral.com.ar\/susto-y-preocupacion-por-la-salud-de-carmen-barbieri-el-panorama-fue-tetrico\/#primaryimage"},"thumbnailUrl":"https:\/\/informelitoral.com.ar\/%77%70%2d%63%6f%6e%74%65%6e%74\/uploads\/2023\/01\/carmencita-barbieri-696x392-1.jpg","datePublished":"2023-01-12T12:56:06+00:00","dateModified":"2023-01-12T13:01:25+00:00","breadcrumb":{"@id":"https:\/\/informelitoral.com.ar\/susto-y-preocupacion-por-la-salud-de-carmen-barbieri-el-panorama-fue-tetrico\/#breadcrumb"},"inLanguage":"es","potentialAction":[{"@type":"ReadAction","target":["https:\/\/informelitoral.com.ar\/susto-y-preocupacion-por-la-salud-de-carmen-barbieri-el-panorama-fue-tetrico\/"]}]},{"@type":"ImageObject","inLanguage":"es","@id":"https:\/\/informelitoral.com.ar\/susto-y-preocupacion-por-la-salud-de-carmen-barbieri-el-panorama-fue-tetrico\/#primaryimage","url":"https:\/\/informelitoral.com.ar\/%77%70%2d%63%6f%6e%74%65%6e%74\/uploads\/2023\/01\/carmencita-barbieri-696x392-1.jpg","contentUrl":"https:\/\/informelitoral.com.ar\/%77%70%2d%63%6f%6e%74%65%6e%74\/uploads\/2023\/01\/carmencita-barbieri-696x392-1.jpg","width":696,"height":392},{"@type":"BreadcrumbList","@id":"https:\/\/informelitoral.com.ar\/susto-y-preocupacion-por-la-salud-de-carmen-barbieri-el-panorama-fue-tetrico\/#breadcrumb","itemListElement":[{"@type":"ListItem","position":1,"name":"Portada","item":"https:\/\/informelitoral.com.ar\/"},{"@type":"ListItem","position":2,"name":"Susto y preocupaci\u00f3n por la salud de Carmen Barbieri: \u201cEl panorama fue t\u00e9trico\u201d"}]},{"@type":"WebSite","@id":"https:\/\/informelitoral.com.ar\/#website","url":"https:\/\/informelitoral.com.ar\/","name":"Informe Litoral","description":"&quot;Nos informamos&quot; ","publisher":{"@id":"https:\/\/informelitoral.com.ar\/#organization"},"potentialAction":[{"@type":"SearchAction","target":{"@type":"EntryPoint","urlTemplate":"https:\/\/informelitoral.com.ar\/?s={search_term_string}"},"query-input":{"@type":"PropertyValueSpecification","valueRequired":true,"valueName":"search_term_string"}}],"inLanguage":"es"},{"@type":"Organization","@id":"https:\/\/informelitoral.com.ar\/#organization","name":"Informe Litoral","url":"https:\/\/informelitoral.com.ar\/","logo":{"@type":"ImageObject","inLanguage":"es","@id":"https:\/\/informelitoral.com.ar\/#\/schema\/logo\/image\/","url":"https:\/\/informelitoral.com.ar\/%77%70%2d%63%6f%6e%74%65%6e%74\/uploads\/2021\/01\/circulo.png","contentUrl":"https:\/\/informelitoral.com.ar\/%77%70%2d%63%6f%6e%74%65%6e%74\/uploads\/2021\/01\/circulo.png","width":723,"height":731,"caption":"Informe Litoral"},"image":{"@id":"https:\/\/informelitoral.com.ar\/#\/schema\/logo\/image\/"},"sameAs":["https:\/\/www.facebook.com\/informelitoral\/","https:\/\/x.com\/InformeLitoral","https:\/\/www.instagram.com\/informelitoral\/","https:\/\/www.youtube.com\/channel\/UCua4Qvz8Icb6MYqhoq9xLXw"]},{"@type":"Person","@id":"https:\/\/informelitoral.com.ar\/#\/schema\/person\/f05f9f461677119578717524b127d6d5","name":"Sebastian","image":{"@type":"ImageObject","inLanguage":"es","@id":"https:\/\/secure.gravatar.com\/avatar\/b71bf7481d447dfb9583c7f2798e7cc64de6efb9067b74633ed8c31059a3bd82?s=96&d=mm&r=g","url":"https:\/\/secure.gravatar.com\/avatar\/b71bf7481d447dfb9583c7f2798e7cc64de6efb9067b74633ed8c31059a3bd82?s=96&d=mm&r=g","contentUrl":"https:\/\/secure.gravatar.com\/avatar\/b71bf7481d447dfb9583c7f2798e7cc64de6efb9067b74633ed8c31059a3bd82?s=96&d=mm&r=g","caption":"Sebastian"},"url":"https:\/\/informelitoral.com.ar\/author\/sebastian\/"}]}},"_links":{"self":[{"href":"https:\/\/informelitoral.com.ar\/%77%70%2d%6a%73%6f%6e\/wp\/v2\/posts\/109784","targetHints":{"allow":["GET"]}}],"collection":[{"href":"https:\/\/informelitoral.com.ar\/%77%70%2d%6a%73%6f%6e\/wp\/v2\/posts"}],"about":[{"href":"https:\/\/informelitoral.com.ar\/%77%70%2d%6a%73%6f%6e\/wp\/v2\/types\/post"}],"author":[{"embeddable":true,"href":"https:\/\/informelitoral.com.ar\/%77%70%2d%6a%73%6f%6e\/wp\/v2\/users\/8"}],"replies":[{"embeddable":true,"href":"https:\/\/informelitoral.com.ar\/%77%70%2d%6a%73%6f%6e\/wp\/v2\/comments?post=109784"}],"version-history":[{"count":0,"href":"https:\/\/informelitoral.com.ar\/%77%70%2d%6a%73%6f%6e\/wp\/v2\/posts\/109784\/revisions"}],"wp:featuredmedia":[{"embeddable":true,"href":"https:\/\/informelitoral.com.ar\/%77%70%2d%6a%73%6f%6e\/wp\/v2\/media\/109787"}],"wp:attachment":[{"href":"https:\/\/informelitoral.com.ar\/%77%70%2d%6a%73%6f%6e\/wp\/v2\/media?parent=109784"}],"wp:term":[{"taxonomy":"category","embeddable":true,"href":"https:\/\/informelitoral.com.ar\/%77%70%2d%6a%73%6f%6e\/wp\/v2\/categories?post=109784"},{"taxonomy":"post_tag","embeddable":true,"href":"https:\/\/informelitoral.com.ar\/%77%70%2d%6a%73%6f%6e\/wp\/v2\/tags?post=109784"}],"curies":[{"name":"wp","href":"https:\/\/api.w.org\/{rel}","templated":true}]}}