{"id":10962,"date":"2015-06-08T20:40:00","date_gmt":"2015-06-08T23:40:00","guid":{"rendered":"http:\/\/www.isletasnoticias.com.ar\/?p=10962"},"modified":"2015-06-08T22:25:33","modified_gmt":"2015-06-09T01:25:33","slug":"isletas-la-escuela-n-143-celebro-sus-45-anos-de-vida-institucional","status":"publish","type":"post","link":"https:\/\/informelitoral.com.ar\/isletas-la-escuela-n-143-celebro-sus-45-anos-de-vida-institucional\/","title":{"rendered":"Isletas: la Escuela N\u00b0 143 celebr\u00f3 sus 45 a\u00f1os de vida institucional"},"content":{"rendered":"<p><strong>La Escuela Privada N\u00b0 143, 25 de Mayo, cumpli\u00f3 45 a\u00f1os el 1 de junio y los festej\u00f3 el domingo 7, con un almuerzo y baile. Hubo un buen marco de p\u00fablico, que disfrut\u00f3 de la comida y la actuaci\u00f3n de dos grupos. <em>El agradecimiento a quienes colaboraron en esta nota.<\/em><\/strong><\/p>\n<figure id=\"attachment_10963\" aria-describedby=\"caption-attachment-10963\" style=\"width: 300px\" class=\"wp-caption aligncenter\"><a href=\"http:\/\/www.isletasnoticias.com.ar\/%77%70%2d%63%6f%6e%74%65%6e%74\/uploads\/2015\/06\/1.jpg\"><img loading=\"lazy\" decoding=\"async\" class=\"wp-image-10963 size-medium\" src=\"http:\/\/www.isletasnoticias.com.ar\/%77%70%2d%63%6f%6e%74%65%6e%74\/uploads\/2015\/06\/1-300x225.jpg\" alt=\"1\" width=\"300\" height=\"225\" srcset=\"https:\/\/informelitoral.com.ar\/%77%70%2d%63%6f%6e%74%65%6e%74\/uploads\/2015\/06\/1-300x225.jpg 300w, https:\/\/informelitoral.com.ar\/%77%70%2d%63%6f%6e%74%65%6e%74\/uploads\/2015\/06\/1.jpg 960w\" sizes=\"auto, (max-width: 300px) 100vw, 300px\" \/><\/a><figcaption id=\"caption-attachment-10963\" class=\"wp-caption-text\">Foto: gentileza Ana Schmidt<\/figcaption><\/figure>\n<p>El domingo 7 de junio, tal como estaba previsto, se realiz\u00f3 el almuerzo por los 45 a\u00f1os de la Escuela Privada N\u00b0 143, 25 de Mayo de Isletas.<\/p>\n<p>A pesar del mal tiempo durante los d\u00edas previos, la jornada estuvo agradable, sin lluvia y con sol, lo que ayud\u00f3 para que ex alumnos, ex docentes y vecinos de esta y otras localidades se acerquen a compartir la celebraci\u00f3n.<\/p>\n<p>Tras un breve acto protocolar, se sirvi\u00f3 el almuerzo cuyo men\u00fa consisti\u00f3 en choricitos, carne con cuero, ensaladas y postre empanadas.<\/p>\n<p>Durante la tarde hubo baile, con la presentaci\u00f3n de Mario Mancini y Mar\u00eda Barreto, integrantes del Nuevo Estilo Chamamecero de Crespo, quienes hicieron dos presentaciones, al igual que Revelaci\u00f3n Alemana de esa misma ciudad. Con el sonido de Power DJ de Aranguren, las familias bailaron hasta la entrada del sol.<\/p>\n<p>La ex directora y primera maestra de la instituci\u00f3n, <strong>Diana Rosa Sosa<\/strong>, en breves palabras agradeci\u00f3 a todos los que colaboraron de diferentes formas con la escuela a los largo de estos 45 a\u00f1os, mientras que su actual directora, <strong>Alcira Aguilar<\/strong>, aclar\u00f3 que \u00abPrivada es solo el nombre, pero la instituci\u00f3n no depende de ninguna religi\u00f3n u otra entidad, sino que se sostiene gracias al trabajo de la Cooperadora\u00bb.<\/p>\n<p>Tambi\u00e9n hubo obsequios con el n\u00famero de las tarjetas y remate de tortas, pastelitos y alfajores, con la conducci\u00f3n de Gonzalo Schmidt.<\/p>\n<p>Entre los presentes se encontraban ex docentes, ex alumnos de diferentes localidades, algunos de Buenos Aires, padres, autoridades de la Junta de Gobierno y tambi\u00e9n los dos precandidatos a jefe comunal de la UCR y el FPV.<\/p>\n<p><strong>Agradecimiento\u00a0<\/strong><\/p>\n<p>Desde la entidad educativa, agradecen al senador Daniel Kr\u00e4mer; Lucrecia Franck; Mirta de Viola; Elsa Croza; Ricardo Graff y se\u00f1ora; Omar Gross; Dar\u00edo Gross; Omar Afranchino; Verduler\u00eda La Gringuita; Ra\u00fal Trossero y se\u00f1ora; Fabi\u00e1n Trossero y se\u00f1ora; Cooperadora de la Escuela N\u00b0 34; Cooperadora de la Capilla San Lorenzo; Hugo Andrea; Franco Gim\u00e9nez; Yanina Trossero; Cecilio Aguilar y se\u00f1ora; Mateo L\u00f3pez y se\u00f1ora; Miguel L\u00f3pez; Alejandra Andrea; Micaela Otamendi; Cooperativa La Ganadera; CAUR; LAR; C\u00e9sar Gim\u00e9nez; Rosa de Bruno; Fabi\u00e1n Garc\u00eda; Julio Elizalde y se\u00f1ora; Abel Wagmar y se\u00f1ora; Atilio Zapata y se\u00f1ora; Irma Gieco; Alberto Gim\u00e9nez y se\u00f1ora; Ra\u00fal Zapata; Luis Ch\u00e9mez y se\u00f1ora; Gilberto S\u00e1nchez y familia; Claudia de Sch\u00f6llmann y familia; Diana Sosa; Mart\u00edn Gaioli; Ernesto Graff; Mauricio Olivero; Panader\u00eda Pronto Pan; Gonzalo Schmidt; Distribuci\u00f3n Chacho; Panader\u00eda 4 Hermanos; Pinturer\u00eda Ram\u00edrez; Brauer Materiales para la construcci\u00f3n; Zocorro de Afranchino; Mar\u00eda de Frank; Emilce Bejarano; Miguel Gim\u00e9nez; Norberta de Sch\u00f6llmann y familia; Eduardo Gim\u00e9nez; M\u00f3nica de Gim\u00e9nez; Marta Carrasco; Cooperadora de la Escuela N\u00b0 153; Blanca Sosa; Diego Gauss y se\u00f1ora; Osvaldo Romero y se\u00f1ora y Osvaldo St\u00fcrtz y se\u00f1ora y a todas las personas que integran la cooperara escolar.<\/p>\n","protected":false},"excerpt":{"rendered":"<p>La Escuela Privada N&deg; 143, 25 de Mayo, cumpli&oacute; 45 a&ntilde;os el 1 de junio y los festej&oacute; el domingo 7, con un almuerzo y baile. Hubo un buen marco de p&uacute;blico, que disfrut&oacute; de la comida y la actuaci&oacute;n de dos grupos. El agradecimiento a quienes colaboraron en esta nota. El domingo 7 de [&hellip;]<\/p>\n","protected":false},"author":2,"featured_media":0,"comment_status":"open","ping_status":"open","sticky":false,"template":"","format":"standard","meta":{"fifu_image_url":"","fifu_image_alt":"","footnotes":""},"categories":[4,9],"tags":[],"class_list":{"0":"post-10962","1":"post","2":"type-post","3":"status-publish","4":"format-standard","6":"category-locales","7":"category-sociedad"},"yoast_head":"<title>Isletas: la Escuela N\u00b0 143 celebr\u00f3 sus 45 a\u00f1os de vida institucional - Informe Litoral<\/title>\n<meta name=\"robots\" content=\"index, follow, max-snippet:-1, max-image-preview:large, max-video-preview:-1\" \/>\n<link rel=\"canonical\" href=\"https:\/\/informelitoral.com.ar\/isletas-la-escuela-n-143-celebro-sus-45-anos-de-vida-institucional\/\" \/>\n<meta property=\"og:locale\" content=\"es_ES\" \/>\n<meta property=\"og:type\" content=\"article\" \/>\n<meta property=\"og:title\" content=\"Isletas: la Escuela N\u00b0 143 celebr\u00f3 sus 45 a\u00f1os de vida institucional - Informe Litoral\" \/>\n<meta property=\"og:description\" content=\"La Escuela Privada N&deg; 143, 25 de Mayo, cumpli&oacute; 45 a&ntilde;os el 1 de junio y los festej&oacute; el domingo 7, con un almuerzo y baile. Hubo un buen marco de p&uacute;blico, que disfrut&oacute; de la comida y la actuaci&oacute;n de dos grupos. El agradecimiento a quienes colaboraron en esta nota. El domingo 7 de [&hellip;]\" \/>\n<meta property=\"og:url\" content=\"https:\/\/informelitoral.com.ar\/isletas-la-escuela-n-143-celebro-sus-45-anos-de-vida-institucional\/\" \/>\n<meta property=\"og:site_name\" content=\"Informe Litoral\" \/>\n<meta property=\"article:publisher\" content=\"https:\/\/www.facebook.com\/informelitoral\/\" \/>\n<meta property=\"article:published_time\" content=\"2015-06-08T23:40:00+00:00\" \/>\n<meta property=\"article:modified_time\" content=\"2015-06-09T01:25:33+00:00\" \/>\n<meta property=\"og:image\" content=\"https:\/\/informelitoral.com.ar\/%77%70%2d%63%6f%6e%74%65%6e%74\/uploads\/2015\/06\/1.jpg\" \/>\n\t<meta property=\"og:image:width\" content=\"960\" \/>\n\t<meta property=\"og:image:height\" content=\"720\" \/>\n\t<meta property=\"og:image:type\" content=\"image\/jpeg\" \/>\n<meta name=\"author\" content=\"Gonzalo Schmidt\" \/>\n<meta name=\"twitter:card\" content=\"summary_large_image\" \/>\n<meta name=\"twitter:creator\" content=\"@InformeLitoral\" \/>\n<meta name=\"twitter:site\" content=\"@InformeLitoral\" \/>\n<meta name=\"twitter:label1\" content=\"Escrito por\" \/>\n\t<meta name=\"twitter:data1\" content=\"Gonzalo Schmidt\" \/>\n\t<meta name=\"twitter:label2\" content=\"Tiempo de lectura\" \/>\n\t<meta name=\"twitter:data2\" content=\"3 minutos\" \/>\n<script type=\"application\/ld+json\" class=\"yoast-schema-graph\">{\"@context\":\"https:\\\/\\\/schema.org\",\"@graph\":[{\"@type\":\"Article\",\"@id\":\"https:\\\/\\\/informelitoral.com.ar\\\/isletas-la-escuela-n-143-celebro-sus-45-anos-de-vida-institucional\\\/#article\",\"isPartOf\":{\"@id\":\"https:\\\/\\\/informelitoral.com.ar\\\/isletas-la-escuela-n-143-celebro-sus-45-anos-de-vida-institucional\\\/\"},\"author\":{\"name\":\"Gonzalo Schmidt\",\"@id\":\"https:\\\/\\\/informelitoral.com.ar\\\/#\\\/schema\\\/person\\\/b9d00407c836482871ef1d57bf8e3180\"},\"headline\":\"Isletas: la Escuela N\u00b0 143 celebr\u00f3 sus 45 a\u00f1os de vida institucional\",\"datePublished\":\"2015-06-08T23:40:00+00:00\",\"dateModified\":\"2015-06-09T01:25:33+00:00\",\"mainEntityOfPage\":{\"@id\":\"https:\\\/\\\/informelitoral.com.ar\\\/isletas-la-escuela-n-143-celebro-sus-45-anos-de-vida-institucional\\\/\"},\"wordCount\":581,\"commentCount\":0,\"publisher\":{\"@id\":\"https:\\\/\\\/informelitoral.com.ar\\\/#organization\"},\"image\":{\"@id\":\"https:\\\/\\\/informelitoral.com.ar\\\/isletas-la-escuela-n-143-celebro-sus-45-anos-de-vida-institucional\\\/#primaryimage\"},\"thumbnailUrl\":\"http:\\\/\\\/www.isletasnoticias.com.ar\\\/%77%70%2d%63%6f%6e%74%65%6e%74\\\/uploads\\\/2015\\\/06\\\/1-300x225.jpg\",\"articleSection\":[\"Isletas\",\"Sociedad\"],\"inLanguage\":\"es\",\"potentialAction\":[{\"@type\":\"CommentAction\",\"name\":\"Comment\",\"target\":[\"https:\\\/\\\/informelitoral.com.ar\\\/isletas-la-escuela-n-143-celebro-sus-45-anos-de-vida-institucional\\\/#respond\"]}]},{\"@type\":\"WebPage\",\"@id\":\"https:\\\/\\\/informelitoral.com.ar\\\/isletas-la-escuela-n-143-celebro-sus-45-anos-de-vida-institucional\\\/\",\"url\":\"https:\\\/\\\/informelitoral.com.ar\\\/isletas-la-escuela-n-143-celebro-sus-45-anos-de-vida-institucional\\\/\",\"name\":\"Isletas: la Escuela N\u00b0 143 celebr\u00f3 sus 45 a\u00f1os de vida institucional - Informe Litoral\",\"isPartOf\":{\"@id\":\"https:\\\/\\\/informelitoral.com.ar\\\/#website\"},\"primaryImageOfPage\":{\"@id\":\"https:\\\/\\\/informelitoral.com.ar\\\/isletas-la-escuela-n-143-celebro-sus-45-anos-de-vida-institucional\\\/#primaryimage\"},\"image\":{\"@id\":\"https:\\\/\\\/informelitoral.com.ar\\\/isletas-la-escuela-n-143-celebro-sus-45-anos-de-vida-institucional\\\/#primaryimage\"},\"thumbnailUrl\":\"http:\\\/\\\/www.isletasnoticias.com.ar\\\/%77%70%2d%63%6f%6e%74%65%6e%74\\\/uploads\\\/2015\\\/06\\\/1-300x225.jpg\",\"datePublished\":\"2015-06-08T23:40:00+00:00\",\"dateModified\":\"2015-06-09T01:25:33+00:00\",\"breadcrumb\":{\"@id\":\"https:\\\/\\\/informelitoral.com.ar\\\/isletas-la-escuela-n-143-celebro-sus-45-anos-de-vida-institucional\\\/#breadcrumb\"},\"inLanguage\":\"es\",\"potentialAction\":[{\"@type\":\"ReadAction\",\"target\":[\"https:\\\/\\\/informelitoral.com.ar\\\/isletas-la-escuela-n-143-celebro-sus-45-anos-de-vida-institucional\\\/\"]}]},{\"@type\":\"ImageObject\",\"inLanguage\":\"es\",\"@id\":\"https:\\\/\\\/informelitoral.com.ar\\\/isletas-la-escuela-n-143-celebro-sus-45-anos-de-vida-institucional\\\/#primaryimage\",\"url\":\"http:\\\/\\\/www.isletasnoticias.com.ar\\\/%77%70%2d%63%6f%6e%74%65%6e%74\\\/uploads\\\/2015\\\/06\\\/1-300x225.jpg\",\"contentUrl\":\"http:\\\/\\\/www.isletasnoticias.com.ar\\\/%77%70%2d%63%6f%6e%74%65%6e%74\\\/uploads\\\/2015\\\/06\\\/1-300x225.jpg\"},{\"@type\":\"BreadcrumbList\",\"@id\":\"https:\\\/\\\/informelitoral.com.ar\\\/isletas-la-escuela-n-143-celebro-sus-45-anos-de-vida-institucional\\\/#breadcrumb\",\"itemListElement\":[{\"@type\":\"ListItem\",\"position\":1,\"name\":\"Portada\",\"item\":\"https:\\\/\\\/informelitoral.com.ar\\\/\"},{\"@type\":\"ListItem\",\"position\":2,\"name\":\"Isletas: la Escuela N\u00b0 143 celebr\u00f3 sus 45 a\u00f1os de vida institucional\"}]},{\"@type\":\"WebSite\",\"@id\":\"https:\\\/\\\/informelitoral.com.ar\\\/#website\",\"url\":\"https:\\\/\\\/informelitoral.com.ar\\\/\",\"name\":\"Informe Litoral\",\"description\":\"&quot;Nos informamos&quot; \",\"publisher\":{\"@id\":\"https:\\\/\\\/informelitoral.com.ar\\\/#organization\"},\"potentialAction\":[{\"@type\":\"SearchAction\",\"target\":{\"@type\":\"EntryPoint\",\"urlTemplate\":\"https:\\\/\\\/informelitoral.com.ar\\\/?s={search_term_string}\"},\"query-input\":{\"@type\":\"PropertyValueSpecification\",\"valueRequired\":true,\"valueName\":\"search_term_string\"}}],\"inLanguage\":\"es\"},{\"@type\":\"Organization\",\"@id\":\"https:\\\/\\\/informelitoral.com.ar\\\/#organization\",\"name\":\"Informe Litoral\",\"url\":\"https:\\\/\\\/informelitoral.com.ar\\\/\",\"logo\":{\"@type\":\"ImageObject\",\"inLanguage\":\"es\",\"@id\":\"https:\\\/\\\/informelitoral.com.ar\\\/#\\\/schema\\\/logo\\\/image\\\/\",\"url\":\"https:\\\/\\\/informelitoral.com.ar\\\/%77%70%2d%63%6f%6e%74%65%6e%74\\\/uploads\\\/2021\\\/01\\\/circulo.png\",\"contentUrl\":\"https:\\\/\\\/informelitoral.com.ar\\\/%77%70%2d%63%6f%6e%74%65%6e%74\\\/uploads\\\/2021\\\/01\\\/circulo.png\",\"width\":723,\"height\":731,\"caption\":\"Informe Litoral\"},\"image\":{\"@id\":\"https:\\\/\\\/informelitoral.com.ar\\\/#\\\/schema\\\/logo\\\/image\\\/\"},\"sameAs\":[\"https:\\\/\\\/www.facebook.com\\\/informelitoral\\\/\",\"https:\\\/\\\/x.com\\\/InformeLitoral\",\"https:\\\/\\\/www.instagram.com\\\/informelitoral\\\/\",\"https:\\\/\\\/www.youtube.com\\\/channel\\\/UCua4Qvz8Icb6MYqhoq9xLXw\"]},{\"@type\":\"Person\",\"@id\":\"https:\\\/\\\/informelitoral.com.ar\\\/#\\\/schema\\\/person\\\/b9d00407c836482871ef1d57bf8e3180\",\"name\":\"Gonzalo Schmidt\",\"image\":{\"@type\":\"ImageObject\",\"inLanguage\":\"es\",\"@id\":\"https:\\\/\\\/secure.gravatar.com\\\/avatar\\\/31a1a7b66ff2de83bd0e9fd79d026630d2d99e55e8bfe501287647b4fd9743de?s=96&d=mm&r=g\",\"url\":\"https:\\\/\\\/secure.gravatar.com\\\/avatar\\\/31a1a7b66ff2de83bd0e9fd79d026630d2d99e55e8bfe501287647b4fd9743de?s=96&d=mm&r=g\",\"contentUrl\":\"https:\\\/\\\/secure.gravatar.com\\\/avatar\\\/31a1a7b66ff2de83bd0e9fd79d026630d2d99e55e8bfe501287647b4fd9743de?s=96&d=mm&r=g\",\"caption\":\"Gonzalo Schmidt\"},\"description\":\"Sitio web de noticias de la provincia de Entre R\u00edos, Argentina. Informaci\u00f3n y entretenimiento. Informe Litoral, nos informamos.\",\"sameAs\":[\"http:\\\/\\\/www.isletasnoticias.com.ar\"],\"url\":\"https:\\\/\\\/informelitoral.com.ar\\\/author\\\/gonzalo\\\/\"}]}<\/script>","yoast_head_json":{"title":"Isletas: la Escuela N\u00b0 143 celebr\u00f3 sus 45 a\u00f1os de vida institucional - Informe Litoral","robots":{"index":"index","follow":"follow","max-snippet":"max-snippet:-1","max-image-preview":"max-image-preview:large","max-video-preview":"max-video-preview:-1"},"canonical":"https:\/\/informelitoral.com.ar\/isletas-la-escuela-n-143-celebro-sus-45-anos-de-vida-institucional\/","og_locale":"es_ES","og_type":"article","og_title":"Isletas: la Escuela N\u00b0 143 celebr\u00f3 sus 45 a\u00f1os de vida institucional - Informe Litoral","og_description":"La Escuela Privada N&deg; 143, 25 de Mayo, cumpli&oacute; 45 a&ntilde;os el 1 de junio y los festej&oacute; el domingo 7, con un almuerzo y baile. Hubo un buen marco de p&uacute;blico, que disfrut&oacute; de la comida y la actuaci&oacute;n de dos grupos. El agradecimiento a quienes colaboraron en esta nota. El domingo 7 de [&hellip;]","og_url":"https:\/\/informelitoral.com.ar\/isletas-la-escuela-n-143-celebro-sus-45-anos-de-vida-institucional\/","og_site_name":"Informe Litoral","article_publisher":"https:\/\/www.facebook.com\/informelitoral\/","article_published_time":"2015-06-08T23:40:00+00:00","article_modified_time":"2015-06-09T01:25:33+00:00","og_image":[{"width":960,"height":720,"url":"https:\/\/informelitoral.com.ar\/%77%70%2d%63%6f%6e%74%65%6e%74\/uploads\/2015\/06\/1.jpg","type":"image\/jpeg"}],"author":"Gonzalo Schmidt","twitter_card":"summary_large_image","twitter_creator":"@InformeLitoral","twitter_site":"@InformeLitoral","twitter_misc":{"Escrito por":"Gonzalo Schmidt","Tiempo de lectura":"3 minutos"},"schema":{"@context":"https:\/\/schema.org","@graph":[{"@type":"Article","@id":"https:\/\/informelitoral.com.ar\/isletas-la-escuela-n-143-celebro-sus-45-anos-de-vida-institucional\/#article","isPartOf":{"@id":"https:\/\/informelitoral.com.ar\/isletas-la-escuela-n-143-celebro-sus-45-anos-de-vida-institucional\/"},"author":{"name":"Gonzalo Schmidt","@id":"https:\/\/informelitoral.com.ar\/#\/schema\/person\/b9d00407c836482871ef1d57bf8e3180"},"headline":"Isletas: la Escuela N\u00b0 143 celebr\u00f3 sus 45 a\u00f1os de vida institucional","datePublished":"2015-06-08T23:40:00+00:00","dateModified":"2015-06-09T01:25:33+00:00","mainEntityOfPage":{"@id":"https:\/\/informelitoral.com.ar\/isletas-la-escuela-n-143-celebro-sus-45-anos-de-vida-institucional\/"},"wordCount":581,"commentCount":0,"publisher":{"@id":"https:\/\/informelitoral.com.ar\/#organization"},"image":{"@id":"https:\/\/informelitoral.com.ar\/isletas-la-escuela-n-143-celebro-sus-45-anos-de-vida-institucional\/#primaryimage"},"thumbnailUrl":"http:\/\/www.isletasnoticias.com.ar\/%77%70%2d%63%6f%6e%74%65%6e%74\/uploads\/2015\/06\/1-300x225.jpg","articleSection":["Isletas","Sociedad"],"inLanguage":"es","potentialAction":[{"@type":"CommentAction","name":"Comment","target":["https:\/\/informelitoral.com.ar\/isletas-la-escuela-n-143-celebro-sus-45-anos-de-vida-institucional\/#respond"]}]},{"@type":"WebPage","@id":"https:\/\/informelitoral.com.ar\/isletas-la-escuela-n-143-celebro-sus-45-anos-de-vida-institucional\/","url":"https:\/\/informelitoral.com.ar\/isletas-la-escuela-n-143-celebro-sus-45-anos-de-vida-institucional\/","name":"Isletas: la Escuela N\u00b0 143 celebr\u00f3 sus 45 a\u00f1os de vida institucional - Informe Litoral","isPartOf":{"@id":"https:\/\/informelitoral.com.ar\/#website"},"primaryImageOfPage":{"@id":"https:\/\/informelitoral.com.ar\/isletas-la-escuela-n-143-celebro-sus-45-anos-de-vida-institucional\/#primaryimage"},"image":{"@id":"https:\/\/informelitoral.com.ar\/isletas-la-escuela-n-143-celebro-sus-45-anos-de-vida-institucional\/#primaryimage"},"thumbnailUrl":"http:\/\/www.isletasnoticias.com.ar\/%77%70%2d%63%6f%6e%74%65%6e%74\/uploads\/2015\/06\/1-300x225.jpg","datePublished":"2015-06-08T23:40:00+00:00","dateModified":"2015-06-09T01:25:33+00:00","breadcrumb":{"@id":"https:\/\/informelitoral.com.ar\/isletas-la-escuela-n-143-celebro-sus-45-anos-de-vida-institucional\/#breadcrumb"},"inLanguage":"es","potentialAction":[{"@type":"ReadAction","target":["https:\/\/informelitoral.com.ar\/isletas-la-escuela-n-143-celebro-sus-45-anos-de-vida-institucional\/"]}]},{"@type":"ImageObject","inLanguage":"es","@id":"https:\/\/informelitoral.com.ar\/isletas-la-escuela-n-143-celebro-sus-45-anos-de-vida-institucional\/#primaryimage","url":"http:\/\/www.isletasnoticias.com.ar\/%77%70%2d%63%6f%6e%74%65%6e%74\/uploads\/2015\/06\/1-300x225.jpg","contentUrl":"http:\/\/www.isletasnoticias.com.ar\/%77%70%2d%63%6f%6e%74%65%6e%74\/uploads\/2015\/06\/1-300x225.jpg"},{"@type":"BreadcrumbList","@id":"https:\/\/informelitoral.com.ar\/isletas-la-escuela-n-143-celebro-sus-45-anos-de-vida-institucional\/#breadcrumb","itemListElement":[{"@type":"ListItem","position":1,"name":"Portada","item":"https:\/\/informelitoral.com.ar\/"},{"@type":"ListItem","position":2,"name":"Isletas: la Escuela N\u00b0 143 celebr\u00f3 sus 45 a\u00f1os de vida institucional"}]},{"@type":"WebSite","@id":"https:\/\/informelitoral.com.ar\/#website","url":"https:\/\/informelitoral.com.ar\/","name":"Informe Litoral","description":"&quot;Nos informamos&quot; ","publisher":{"@id":"https:\/\/informelitoral.com.ar\/#organization"},"potentialAction":[{"@type":"SearchAction","target":{"@type":"EntryPoint","urlTemplate":"https:\/\/informelitoral.com.ar\/?s={search_term_string}"},"query-input":{"@type":"PropertyValueSpecification","valueRequired":true,"valueName":"search_term_string"}}],"inLanguage":"es"},{"@type":"Organization","@id":"https:\/\/informelitoral.com.ar\/#organization","name":"Informe Litoral","url":"https:\/\/informelitoral.com.ar\/","logo":{"@type":"ImageObject","inLanguage":"es","@id":"https:\/\/informelitoral.com.ar\/#\/schema\/logo\/image\/","url":"https:\/\/informelitoral.com.ar\/%77%70%2d%63%6f%6e%74%65%6e%74\/uploads\/2021\/01\/circulo.png","contentUrl":"https:\/\/informelitoral.com.ar\/%77%70%2d%63%6f%6e%74%65%6e%74\/uploads\/2021\/01\/circulo.png","width":723,"height":731,"caption":"Informe Litoral"},"image":{"@id":"https:\/\/informelitoral.com.ar\/#\/schema\/logo\/image\/"},"sameAs":["https:\/\/www.facebook.com\/informelitoral\/","https:\/\/x.com\/InformeLitoral","https:\/\/www.instagram.com\/informelitoral\/","https:\/\/www.youtube.com\/channel\/UCua4Qvz8Icb6MYqhoq9xLXw"]},{"@type":"Person","@id":"https:\/\/informelitoral.com.ar\/#\/schema\/person\/b9d00407c836482871ef1d57bf8e3180","name":"Gonzalo Schmidt","image":{"@type":"ImageObject","inLanguage":"es","@id":"https:\/\/secure.gravatar.com\/avatar\/31a1a7b66ff2de83bd0e9fd79d026630d2d99e55e8bfe501287647b4fd9743de?s=96&d=mm&r=g","url":"https:\/\/secure.gravatar.com\/avatar\/31a1a7b66ff2de83bd0e9fd79d026630d2d99e55e8bfe501287647b4fd9743de?s=96&d=mm&r=g","contentUrl":"https:\/\/secure.gravatar.com\/avatar\/31a1a7b66ff2de83bd0e9fd79d026630d2d99e55e8bfe501287647b4fd9743de?s=96&d=mm&r=g","caption":"Gonzalo Schmidt"},"description":"Sitio web de noticias de la provincia de Entre R\u00edos, Argentina. Informaci\u00f3n y entretenimiento. Informe Litoral, nos informamos.","sameAs":["http:\/\/www.isletasnoticias.com.ar"],"url":"https:\/\/informelitoral.com.ar\/author\/gonzalo\/"}]}},"_links":{"self":[{"href":"https:\/\/informelitoral.com.ar\/%77%70%2d%6a%73%6f%6e\/wp\/v2\/posts\/10962","targetHints":{"allow":["GET"]}}],"collection":[{"href":"https:\/\/informelitoral.com.ar\/%77%70%2d%6a%73%6f%6e\/wp\/v2\/posts"}],"about":[{"href":"https:\/\/informelitoral.com.ar\/%77%70%2d%6a%73%6f%6e\/wp\/v2\/types\/post"}],"author":[{"embeddable":true,"href":"https:\/\/informelitoral.com.ar\/%77%70%2d%6a%73%6f%6e\/wp\/v2\/users\/2"}],"replies":[{"embeddable":true,"href":"https:\/\/informelitoral.com.ar\/%77%70%2d%6a%73%6f%6e\/wp\/v2\/comments?post=10962"}],"version-history":[{"count":0,"href":"https:\/\/informelitoral.com.ar\/%77%70%2d%6a%73%6f%6e\/wp\/v2\/posts\/10962\/revisions"}],"wp:attachment":[{"href":"https:\/\/informelitoral.com.ar\/%77%70%2d%6a%73%6f%6e\/wp\/v2\/media?parent=10962"}],"wp:term":[{"taxonomy":"category","embeddable":true,"href":"https:\/\/informelitoral.com.ar\/%77%70%2d%6a%73%6f%6e\/wp\/v2\/categories?post=10962"},{"taxonomy":"post_tag","embeddable":true,"href":"https:\/\/informelitoral.com.ar\/%77%70%2d%6a%73%6f%6e\/wp\/v2\/tags?post=10962"}],"curies":[{"name":"wp","href":"https:\/\/api.w.org\/{rel}","templated":true}]}}