{"id":10959,"date":"2015-06-08T15:46:26","date_gmt":"2015-06-08T18:46:26","guid":{"rendered":"http:\/\/www.isletasnoticias.com.ar\/?p=10959"},"modified":"2015-06-08T15:46:26","modified_gmt":"2015-06-08T18:46:26","slug":"opinion-surcos-de-penurias-y-frustraciones","status":"publish","type":"post","link":"https:\/\/informelitoral.com.ar\/opinion-surcos-de-penurias-y-frustraciones\/","title":{"rendered":"Opini\u00f3n: Surcos de penurias y frustraciones"},"content":{"rendered":"<p><strong>Tiende a agravarse la crisis de los peque\u00f1os y medianos agricultores y de las econom\u00edas regionales. En los \u00faltimos d\u00edas se han escuchado severas advertencias acerca del comprometido futuro de nuestra producci\u00f3n.<\/strong><\/p>\n<p><a href=\"http:\/\/www.isletasnoticias.com.ar\/%77%70%2d%63%6f%6e%74%65%6e%74\/uploads\/2015\/06\/descarga.jpg\"><img loading=\"lazy\" decoding=\"async\" class=\" size-full wp-image-10960 alignleft\" src=\"http:\/\/www.isletasnoticias.com.ar\/%77%70%2d%63%6f%6e%74%65%6e%74\/uploads\/2015\/06\/descarga.jpg\" alt=\"descarga\" width=\"259\" height=\"194\" \/><\/a>* Por <strong>Mario Alarc\u00f3n Mu\u00f1iz<\/strong><\/p>\n<p>La mejor manera de perder tiempo, plata y esperanzas, se puso de manifiesto esta semana. Entre las correr\u00edas de la corrupci\u00f3n futbolera mundial; el cad\u00e1ver del fiscal Nisman que sigue dando vueltas desde hace casi cinco meses sin que nadie sepa a qu\u00e9 atinar; los premios Mart\u00edn Fierro que ahora preocupan tambi\u00e9n a la Presidenta; los vaivenes y desaires entre Macri y Massa, adem\u00e1s del gobernador Urribarri en el rol de ascensorista, subiendo y bajando candidatos, hemos depositado los problemas reales -algunos acuciantes- en el ba\u00fal de los trastos viejos.<\/p>\n<p>Ah\u00ed est\u00e1n. No se han extinguido. Siguen vigentes debajo del ruido. Y como ciertas situaciones no admiten silencios prolongados, de tanto en tanto reaparecen. Este es el caso del campo.<\/p>\n<p><strong>\u201cSer\u00e1 imposible sembrar\u201d<\/strong><\/p>\n<p>Con la nueva conducci\u00f3n de Omar Pr\u00edncipe desde fines del a\u00f1o pasado, la Federaci\u00f3n Agraria Argentina (FAA) intent\u00f3 presentar otra imagen, menos dura de la que caracteriz\u00f3 a a la entidad durante el per\u00edodo de Eduardo Buzzi. En un principio lo consigui\u00f3, logrando acceder a los despachos oficiales. Pero no por mucho tiempo. Muy pronto advirtieron los dirigentes chacareros que segu\u00edan golpeando en tapera. Esta semana acaban de declarar el \u201cestado de alerta y movilizaci\u00f3n\u201d, reclamando por los inconvenientes que padecen los peque\u00f1os y medianos agricultores.<\/p>\n<p>La crisis afecta de manera directa a los productores de trigo. \u201cUrgentes incentivos\u201d est\u00e1 reclamando la FAA pues de lo contrario \u201cser\u00e1 imposible sembrar\u201d, alert\u00f3 Pr\u00edncipe. El dirigente asegur\u00f3 que \u201clos m\u00e1rgenes para esta campa\u00f1a de trigo (2015\/16) son negativos para los peque\u00f1os productores\u201d, atribuyendo el problema a \u201cuna conjunci\u00f3n de baja de precios internacionales de los granos, retenciones del 23 por ciento y el control estatal sobre el mercado, que hace que el productor termine recibiendo menos del precio pleno del cereal\u201d.<\/p>\n<p>Cabe prestar atenci\u00f3n a esto \u00faltimo porque los controles -seg\u00fan el relato oficial- se establecieron en su momento \u201cpara evitar maniobras especulativas\u201d. \u00d1angapichanga. En todos los casos favorecen a los grandes acopiadores y mercaderes de granos, porque ellos saben c\u00f3mo arregl\u00e1rselas y pueden hacerlo. El peque\u00f1o chacarero no tiene m\u00e1s remedio que cumplir. A estos extremos se llega \u201ccon costos que han subido al ritmo de una inflaci\u00f3n del orden del 30 por ciento\u201d, coment\u00f3 Pr\u00edncipe.<br \/>\nEs evidente entonces que sin una soluci\u00f3n inmediata el chacarero no podr\u00e1 sembrar. No est\u00e1 en condiciones de arriesgar porque no tiene nada. Ni hablar de las deudas .<\/p>\n<p><strong>Varias voces reclaman<\/strong><\/p>\n<p>No es la FAA la \u00fanica entidad que est\u00e1 levantando se\u00f1ales de alarma. Tambi\u00e9n lo hizo a principios de semana la Bolsa de Cereales de Entre R\u00edos, exponiendo la gravedad de la situaci\u00f3n que afecta a los peque\u00f1os y medianos agricultores. Lament\u00f3 \u201cla p\u00e9rdida de empleo y capital de trabajo que se registra en el sector agr\u00edcola\u201d y reclam\u00f3 a los gobiernos provincial y nacional \u201curgentes medidas\u201d de salvataje.<\/p>\n<p>\u201cNo le dan importancia a las se\u00f1ales de alerta que emite la producci\u00f3n entrerriana en ca\u00edda\u201d, se quej\u00f3 la Bolsa de Cereales, destacando que esta situaci\u00f3n \u201cimpacta negativamente en la vida de ciudades y pueblos que constituyen el tejido social del campo\u201d.<\/p>\n<p>A la demanda de los agricultores se suma el reclamo de los tamberos. No es nuevo, pero esta semana se agrav\u00f3 a ra\u00edz de la baja de los precios o del volumen de compra o de ambas cosas, conforme lo han dispuesto varias plantas industriales, sin control de nadie. Al productor le pagan menos, pero en las g\u00f3ndolas suben los precios de la leche y sus derivados.<\/p>\n<p>Esto, precisamente, plantearon el martes los tamberos y la FAA de Viale, cuando el gobernador visit\u00f3 esa ciudad. Le pidieron que \u201cintervenga en forma urgente para sobrellevar la situaci\u00f3n porque est\u00e1n desapareciendo los verdaderos actores de la producci\u00f3n, que son los chacareros.<\/p>\n<p>Ni hablar de los arroceros. Bajo esta gesti\u00f3n, encabezada por un gobernador que proviene de la zona central del arroz, la producci\u00f3n entrerriana descendi\u00f3 del primero al segundo lugar. La desplaz\u00f3 Corrientes. \u201cLa situaci\u00f3n es cr\u00edtica porque est\u00e1n paralizadas las exportaciones\u201d, revel\u00f3 el lunes el director de la FAA, Sergio Noir. A este sector tambi\u00e9n le afectan los mayores costos de producci\u00f3n, las cargas impositivas, la ca\u00edda de los precios y las retenciones. La cosecha entrerriana de arroz se exporta en un 70%, pero este a\u00f1o \u201cno ha salido un grano\u201d, sostienen los productores\u201d<\/p>\n<p>Una semana antes, el presidente de C\u00e1mara de la Industria Arrocera, Federico Gadea, inform\u00f3 en id\u00e9ntico sentido: \u201cEstamos fuera del mercado: se desplomaron las exportaciones. Es una situaci\u00f3n insostenible\u201d, defini\u00f3 el dirigente.<\/p>\n<p>A los reclamos no tard\u00f3 en sumarse la mesa de enlace provincial. A\u00f1adi\u00f3 otro motivo de preocupaci\u00f3n: los arrendamientos. \u201cEn Entre R\u00edos el 70% de los agricultores son arrendatarios\u201d, destac\u00f3 la entidad. \u00b4.<\/p>\n<p><strong>Los candidatos deben saberlo<\/strong><\/p>\n<p>Una informaci\u00f3n conocida a mediados de semana indicaba que en los pr\u00f3ximos d\u00edas habr\u00e1 decisiones. Tendr\u00e1n lugar asambleas de la FAA en distintas localidades de la provincia de Buenos Aires. Para la segunda quincena de junio se extender\u00e1n esas actividades a C\u00f3rdoba. No se descarta que para mediados de julio haya una confluencia ya sea en una gran marcha nacional federada o una jornada de protesta en distintos puntos del pa\u00eds.<br \/>\nDesde luego, las econom\u00edas regionales a\u00f1aden sus variadas crisis distribuidas por casi todo el pa\u00eds. En los, \u00faltimos d\u00edas los fruticultores de R\u00edo Negro y Neuqu\u00e9n salieron a los caminos e interrumpieron v\u00edas de comunicaci\u00f3n.<br \/>\nEstas franjas de producci\u00f3n \u201cest\u00e1n en camino de ser inviables, con nula rentabilidad\u201d, sostuvo el titular de la FAA. Los ca\u00f1eros de Tucum\u00e1n \u201cest\u00e1n cobrando por la bolsa de az\u00facar el mismo precio que hace dos a\u00f1os, con costos que subieron y una inflaci\u00f3n que no baj\u00f3 del 30 por ciento cada a\u00f1o\u201d, protest\u00f3 el dirigente.<\/p>\n<p>Est\u00e1 claro. Nuestra gente de campo sigue abriendo surcos de penurias y frustraciones por encima de los manejos, trenzas y candidaturas, \u00fanicas cuestiones que desvelan a quienes deben aportar soluciones.<\/p>\n","protected":false},"excerpt":{"rendered":"<p>Tiende a agravarse la crisis de los peque&ntilde;os y medianos agricultores y de las econom&iacute;as regionales. En los &uacute;ltimos d&iacute;as se han escuchado severas advertencias acerca del comprometido futuro de nuestra producci&oacute;n. * Por Mario Alarc&oacute;n Mu&ntilde;iz La mejor manera de perder tiempo, plata y esperanzas, se puso de manifiesto esta semana. Entre las correr&iacute;as [&hellip;]<\/p>\n","protected":false},"author":2,"featured_media":0,"comment_status":"open","ping_status":"open","sticky":false,"template":"","format":"standard","meta":{"fifu_image_url":"","fifu_image_alt":"","footnotes":""},"categories":[10,11],"tags":[],"class_list":{"0":"post-10959","1":"post","2":"type-post","3":"status-publish","4":"format-standard","6":"category-campo","7":"category-opinion"},"yoast_head":"<title>Opini\u00f3n: Surcos de penurias y frustraciones - Informe Litoral<\/title>\n<meta name=\"robots\" content=\"index, follow, max-snippet:-1, max-image-preview:large, max-video-preview:-1\" \/>\n<link rel=\"canonical\" href=\"https:\/\/informelitoral.com.ar\/opinion-surcos-de-penurias-y-frustraciones\/\" \/>\n<meta property=\"og:locale\" content=\"es_ES\" \/>\n<meta property=\"og:type\" content=\"article\" \/>\n<meta property=\"og:title\" content=\"Opini\u00f3n: Surcos de penurias y frustraciones - Informe Litoral\" \/>\n<meta property=\"og:description\" content=\"Tiende a agravarse la crisis de los peque&ntilde;os y medianos agricultores y de las econom&iacute;as regionales. En los &uacute;ltimos d&iacute;as se han escuchado severas advertencias acerca del comprometido futuro de nuestra producci&oacute;n. * Por Mario Alarc&oacute;n Mu&ntilde;iz La mejor manera de perder tiempo, plata y esperanzas, se puso de manifiesto esta semana. Entre las correr&iacute;as [&hellip;]\" \/>\n<meta property=\"og:url\" content=\"https:\/\/informelitoral.com.ar\/opinion-surcos-de-penurias-y-frustraciones\/\" \/>\n<meta property=\"og:site_name\" content=\"Informe Litoral\" \/>\n<meta property=\"article:publisher\" content=\"https:\/\/www.facebook.com\/informelitoral\/\" \/>\n<meta property=\"article:published_time\" content=\"2015-06-08T18:46:26+00:00\" \/>\n<meta property=\"og:image\" content=\"https:\/\/informelitoral.com.ar\/%77%70%2d%63%6f%6e%74%65%6e%74\/uploads\/2015\/06\/descarga.jpg\" \/>\n\t<meta property=\"og:image:width\" content=\"259\" \/>\n\t<meta property=\"og:image:height\" content=\"194\" \/>\n\t<meta property=\"og:image:type\" content=\"image\/jpeg\" \/>\n<meta name=\"author\" content=\"Gonzalo Schmidt\" \/>\n<meta name=\"twitter:card\" content=\"summary_large_image\" \/>\n<meta name=\"twitter:creator\" content=\"@InformeLitoral\" \/>\n<meta name=\"twitter:site\" content=\"@InformeLitoral\" \/>\n<meta name=\"twitter:label1\" content=\"Escrito por\" \/>\n\t<meta name=\"twitter:data1\" content=\"Gonzalo Schmidt\" \/>\n\t<meta name=\"twitter:label2\" content=\"Tiempo de lectura\" \/>\n\t<meta name=\"twitter:data2\" content=\"5 minutos\" \/>\n<script type=\"application\/ld+json\" class=\"yoast-schema-graph\">{\"@context\":\"https:\\\/\\\/schema.org\",\"@graph\":[{\"@type\":\"Article\",\"@id\":\"https:\\\/\\\/informelitoral.com.ar\\\/opinion-surcos-de-penurias-y-frustraciones\\\/#article\",\"isPartOf\":{\"@id\":\"https:\\\/\\\/informelitoral.com.ar\\\/opinion-surcos-de-penurias-y-frustraciones\\\/\"},\"author\":{\"name\":\"Gonzalo Schmidt\",\"@id\":\"https:\\\/\\\/informelitoral.com.ar\\\/#\\\/schema\\\/person\\\/b9d00407c836482871ef1d57bf8e3180\"},\"headline\":\"Opini\u00f3n: Surcos de penurias y frustraciones\",\"datePublished\":\"2015-06-08T18:46:26+00:00\",\"mainEntityOfPage\":{\"@id\":\"https:\\\/\\\/informelitoral.com.ar\\\/opinion-surcos-de-penurias-y-frustraciones\\\/\"},\"wordCount\":1101,\"commentCount\":0,\"publisher\":{\"@id\":\"https:\\\/\\\/informelitoral.com.ar\\\/#organization\"},\"image\":{\"@id\":\"https:\\\/\\\/informelitoral.com.ar\\\/opinion-surcos-de-penurias-y-frustraciones\\\/#primaryimage\"},\"thumbnailUrl\":\"http:\\\/\\\/www.isletasnoticias.com.ar\\\/%77%70%2d%63%6f%6e%74%65%6e%74\\\/uploads\\\/2015\\\/06\\\/descarga.jpg\",\"articleSection\":[\"Campo\",\"Opini\u00f3n\"],\"inLanguage\":\"es\",\"potentialAction\":[{\"@type\":\"CommentAction\",\"name\":\"Comment\",\"target\":[\"https:\\\/\\\/informelitoral.com.ar\\\/opinion-surcos-de-penurias-y-frustraciones\\\/#respond\"]}]},{\"@type\":\"WebPage\",\"@id\":\"https:\\\/\\\/informelitoral.com.ar\\\/opinion-surcos-de-penurias-y-frustraciones\\\/\",\"url\":\"https:\\\/\\\/informelitoral.com.ar\\\/opinion-surcos-de-penurias-y-frustraciones\\\/\",\"name\":\"Opini\u00f3n: Surcos de penurias y frustraciones - Informe Litoral\",\"isPartOf\":{\"@id\":\"https:\\\/\\\/informelitoral.com.ar\\\/#website\"},\"primaryImageOfPage\":{\"@id\":\"https:\\\/\\\/informelitoral.com.ar\\\/opinion-surcos-de-penurias-y-frustraciones\\\/#primaryimage\"},\"image\":{\"@id\":\"https:\\\/\\\/informelitoral.com.ar\\\/opinion-surcos-de-penurias-y-frustraciones\\\/#primaryimage\"},\"thumbnailUrl\":\"http:\\\/\\\/www.isletasnoticias.com.ar\\\/%77%70%2d%63%6f%6e%74%65%6e%74\\\/uploads\\\/2015\\\/06\\\/descarga.jpg\",\"datePublished\":\"2015-06-08T18:46:26+00:00\",\"breadcrumb\":{\"@id\":\"https:\\\/\\\/informelitoral.com.ar\\\/opinion-surcos-de-penurias-y-frustraciones\\\/#breadcrumb\"},\"inLanguage\":\"es\",\"potentialAction\":[{\"@type\":\"ReadAction\",\"target\":[\"https:\\\/\\\/informelitoral.com.ar\\\/opinion-surcos-de-penurias-y-frustraciones\\\/\"]}]},{\"@type\":\"ImageObject\",\"inLanguage\":\"es\",\"@id\":\"https:\\\/\\\/informelitoral.com.ar\\\/opinion-surcos-de-penurias-y-frustraciones\\\/#primaryimage\",\"url\":\"http:\\\/\\\/www.isletasnoticias.com.ar\\\/%77%70%2d%63%6f%6e%74%65%6e%74\\\/uploads\\\/2015\\\/06\\\/descarga.jpg\",\"contentUrl\":\"http:\\\/\\\/www.isletasnoticias.com.ar\\\/%77%70%2d%63%6f%6e%74%65%6e%74\\\/uploads\\\/2015\\\/06\\\/descarga.jpg\"},{\"@type\":\"BreadcrumbList\",\"@id\":\"https:\\\/\\\/informelitoral.com.ar\\\/opinion-surcos-de-penurias-y-frustraciones\\\/#breadcrumb\",\"itemListElement\":[{\"@type\":\"ListItem\",\"position\":1,\"name\":\"Portada\",\"item\":\"https:\\\/\\\/informelitoral.com.ar\\\/\"},{\"@type\":\"ListItem\",\"position\":2,\"name\":\"Opini\u00f3n: Surcos de penurias y frustraciones\"}]},{\"@type\":\"WebSite\",\"@id\":\"https:\\\/\\\/informelitoral.com.ar\\\/#website\",\"url\":\"https:\\\/\\\/informelitoral.com.ar\\\/\",\"name\":\"Informe Litoral\",\"description\":\"&quot;Nos informamos&quot; \",\"publisher\":{\"@id\":\"https:\\\/\\\/informelitoral.com.ar\\\/#organization\"},\"potentialAction\":[{\"@type\":\"SearchAction\",\"target\":{\"@type\":\"EntryPoint\",\"urlTemplate\":\"https:\\\/\\\/informelitoral.com.ar\\\/?s={search_term_string}\"},\"query-input\":{\"@type\":\"PropertyValueSpecification\",\"valueRequired\":true,\"valueName\":\"search_term_string\"}}],\"inLanguage\":\"es\"},{\"@type\":\"Organization\",\"@id\":\"https:\\\/\\\/informelitoral.com.ar\\\/#organization\",\"name\":\"Informe Litoral\",\"url\":\"https:\\\/\\\/informelitoral.com.ar\\\/\",\"logo\":{\"@type\":\"ImageObject\",\"inLanguage\":\"es\",\"@id\":\"https:\\\/\\\/informelitoral.com.ar\\\/#\\\/schema\\\/logo\\\/image\\\/\",\"url\":\"https:\\\/\\\/informelitoral.com.ar\\\/%77%70%2d%63%6f%6e%74%65%6e%74\\\/uploads\\\/2021\\\/01\\\/circulo.png\",\"contentUrl\":\"https:\\\/\\\/informelitoral.com.ar\\\/%77%70%2d%63%6f%6e%74%65%6e%74\\\/uploads\\\/2021\\\/01\\\/circulo.png\",\"width\":723,\"height\":731,\"caption\":\"Informe Litoral\"},\"image\":{\"@id\":\"https:\\\/\\\/informelitoral.com.ar\\\/#\\\/schema\\\/logo\\\/image\\\/\"},\"sameAs\":[\"https:\\\/\\\/www.facebook.com\\\/informelitoral\\\/\",\"https:\\\/\\\/x.com\\\/InformeLitoral\",\"https:\\\/\\\/www.instagram.com\\\/informelitoral\\\/\",\"https:\\\/\\\/www.youtube.com\\\/channel\\\/UCua4Qvz8Icb6MYqhoq9xLXw\"]},{\"@type\":\"Person\",\"@id\":\"https:\\\/\\\/informelitoral.com.ar\\\/#\\\/schema\\\/person\\\/b9d00407c836482871ef1d57bf8e3180\",\"name\":\"Gonzalo Schmidt\",\"image\":{\"@type\":\"ImageObject\",\"inLanguage\":\"es\",\"@id\":\"https:\\\/\\\/secure.gravatar.com\\\/avatar\\\/31a1a7b66ff2de83bd0e9fd79d026630d2d99e55e8bfe501287647b4fd9743de?s=96&d=mm&r=g\",\"url\":\"https:\\\/\\\/secure.gravatar.com\\\/avatar\\\/31a1a7b66ff2de83bd0e9fd79d026630d2d99e55e8bfe501287647b4fd9743de?s=96&d=mm&r=g\",\"contentUrl\":\"https:\\\/\\\/secure.gravatar.com\\\/avatar\\\/31a1a7b66ff2de83bd0e9fd79d026630d2d99e55e8bfe501287647b4fd9743de?s=96&d=mm&r=g\",\"caption\":\"Gonzalo Schmidt\"},\"description\":\"Sitio web de noticias de la provincia de Entre R\u00edos, Argentina. Informaci\u00f3n y entretenimiento. Informe Litoral, nos informamos.\",\"sameAs\":[\"http:\\\/\\\/www.isletasnoticias.com.ar\"],\"url\":\"https:\\\/\\\/informelitoral.com.ar\\\/author\\\/gonzalo\\\/\"}]}<\/script>","yoast_head_json":{"title":"Opini\u00f3n: Surcos de penurias y frustraciones - Informe Litoral","robots":{"index":"index","follow":"follow","max-snippet":"max-snippet:-1","max-image-preview":"max-image-preview:large","max-video-preview":"max-video-preview:-1"},"canonical":"https:\/\/informelitoral.com.ar\/opinion-surcos-de-penurias-y-frustraciones\/","og_locale":"es_ES","og_type":"article","og_title":"Opini\u00f3n: Surcos de penurias y frustraciones - Informe Litoral","og_description":"Tiende a agravarse la crisis de los peque&ntilde;os y medianos agricultores y de las econom&iacute;as regionales. En los &uacute;ltimos d&iacute;as se han escuchado severas advertencias acerca del comprometido futuro de nuestra producci&oacute;n. * Por Mario Alarc&oacute;n Mu&ntilde;iz La mejor manera de perder tiempo, plata y esperanzas, se puso de manifiesto esta semana. Entre las correr&iacute;as [&hellip;]","og_url":"https:\/\/informelitoral.com.ar\/opinion-surcos-de-penurias-y-frustraciones\/","og_site_name":"Informe Litoral","article_publisher":"https:\/\/www.facebook.com\/informelitoral\/","article_published_time":"2015-06-08T18:46:26+00:00","og_image":[{"width":259,"height":194,"url":"https:\/\/informelitoral.com.ar\/%77%70%2d%63%6f%6e%74%65%6e%74\/uploads\/2015\/06\/descarga.jpg","type":"image\/jpeg"}],"author":"Gonzalo Schmidt","twitter_card":"summary_large_image","twitter_creator":"@InformeLitoral","twitter_site":"@InformeLitoral","twitter_misc":{"Escrito por":"Gonzalo Schmidt","Tiempo de lectura":"5 minutos"},"schema":{"@context":"https:\/\/schema.org","@graph":[{"@type":"Article","@id":"https:\/\/informelitoral.com.ar\/opinion-surcos-de-penurias-y-frustraciones\/#article","isPartOf":{"@id":"https:\/\/informelitoral.com.ar\/opinion-surcos-de-penurias-y-frustraciones\/"},"author":{"name":"Gonzalo Schmidt","@id":"https:\/\/informelitoral.com.ar\/#\/schema\/person\/b9d00407c836482871ef1d57bf8e3180"},"headline":"Opini\u00f3n: Surcos de penurias y frustraciones","datePublished":"2015-06-08T18:46:26+00:00","mainEntityOfPage":{"@id":"https:\/\/informelitoral.com.ar\/opinion-surcos-de-penurias-y-frustraciones\/"},"wordCount":1101,"commentCount":0,"publisher":{"@id":"https:\/\/informelitoral.com.ar\/#organization"},"image":{"@id":"https:\/\/informelitoral.com.ar\/opinion-surcos-de-penurias-y-frustraciones\/#primaryimage"},"thumbnailUrl":"http:\/\/www.isletasnoticias.com.ar\/%77%70%2d%63%6f%6e%74%65%6e%74\/uploads\/2015\/06\/descarga.jpg","articleSection":["Campo","Opini\u00f3n"],"inLanguage":"es","potentialAction":[{"@type":"CommentAction","name":"Comment","target":["https:\/\/informelitoral.com.ar\/opinion-surcos-de-penurias-y-frustraciones\/#respond"]}]},{"@type":"WebPage","@id":"https:\/\/informelitoral.com.ar\/opinion-surcos-de-penurias-y-frustraciones\/","url":"https:\/\/informelitoral.com.ar\/opinion-surcos-de-penurias-y-frustraciones\/","name":"Opini\u00f3n: Surcos de penurias y frustraciones - Informe Litoral","isPartOf":{"@id":"https:\/\/informelitoral.com.ar\/#website"},"primaryImageOfPage":{"@id":"https:\/\/informelitoral.com.ar\/opinion-surcos-de-penurias-y-frustraciones\/#primaryimage"},"image":{"@id":"https:\/\/informelitoral.com.ar\/opinion-surcos-de-penurias-y-frustraciones\/#primaryimage"},"thumbnailUrl":"http:\/\/www.isletasnoticias.com.ar\/%77%70%2d%63%6f%6e%74%65%6e%74\/uploads\/2015\/06\/descarga.jpg","datePublished":"2015-06-08T18:46:26+00:00","breadcrumb":{"@id":"https:\/\/informelitoral.com.ar\/opinion-surcos-de-penurias-y-frustraciones\/#breadcrumb"},"inLanguage":"es","potentialAction":[{"@type":"ReadAction","target":["https:\/\/informelitoral.com.ar\/opinion-surcos-de-penurias-y-frustraciones\/"]}]},{"@type":"ImageObject","inLanguage":"es","@id":"https:\/\/informelitoral.com.ar\/opinion-surcos-de-penurias-y-frustraciones\/#primaryimage","url":"http:\/\/www.isletasnoticias.com.ar\/%77%70%2d%63%6f%6e%74%65%6e%74\/uploads\/2015\/06\/descarga.jpg","contentUrl":"http:\/\/www.isletasnoticias.com.ar\/%77%70%2d%63%6f%6e%74%65%6e%74\/uploads\/2015\/06\/descarga.jpg"},{"@type":"BreadcrumbList","@id":"https:\/\/informelitoral.com.ar\/opinion-surcos-de-penurias-y-frustraciones\/#breadcrumb","itemListElement":[{"@type":"ListItem","position":1,"name":"Portada","item":"https:\/\/informelitoral.com.ar\/"},{"@type":"ListItem","position":2,"name":"Opini\u00f3n: Surcos de penurias y frustraciones"}]},{"@type":"WebSite","@id":"https:\/\/informelitoral.com.ar\/#website","url":"https:\/\/informelitoral.com.ar\/","name":"Informe Litoral","description":"&quot;Nos informamos&quot; ","publisher":{"@id":"https:\/\/informelitoral.com.ar\/#organization"},"potentialAction":[{"@type":"SearchAction","target":{"@type":"EntryPoint","urlTemplate":"https:\/\/informelitoral.com.ar\/?s={search_term_string}"},"query-input":{"@type":"PropertyValueSpecification","valueRequired":true,"valueName":"search_term_string"}}],"inLanguage":"es"},{"@type":"Organization","@id":"https:\/\/informelitoral.com.ar\/#organization","name":"Informe Litoral","url":"https:\/\/informelitoral.com.ar\/","logo":{"@type":"ImageObject","inLanguage":"es","@id":"https:\/\/informelitoral.com.ar\/#\/schema\/logo\/image\/","url":"https:\/\/informelitoral.com.ar\/%77%70%2d%63%6f%6e%74%65%6e%74\/uploads\/2021\/01\/circulo.png","contentUrl":"https:\/\/informelitoral.com.ar\/%77%70%2d%63%6f%6e%74%65%6e%74\/uploads\/2021\/01\/circulo.png","width":723,"height":731,"caption":"Informe Litoral"},"image":{"@id":"https:\/\/informelitoral.com.ar\/#\/schema\/logo\/image\/"},"sameAs":["https:\/\/www.facebook.com\/informelitoral\/","https:\/\/x.com\/InformeLitoral","https:\/\/www.instagram.com\/informelitoral\/","https:\/\/www.youtube.com\/channel\/UCua4Qvz8Icb6MYqhoq9xLXw"]},{"@type":"Person","@id":"https:\/\/informelitoral.com.ar\/#\/schema\/person\/b9d00407c836482871ef1d57bf8e3180","name":"Gonzalo Schmidt","image":{"@type":"ImageObject","inLanguage":"es","@id":"https:\/\/secure.gravatar.com\/avatar\/31a1a7b66ff2de83bd0e9fd79d026630d2d99e55e8bfe501287647b4fd9743de?s=96&d=mm&r=g","url":"https:\/\/secure.gravatar.com\/avatar\/31a1a7b66ff2de83bd0e9fd79d026630d2d99e55e8bfe501287647b4fd9743de?s=96&d=mm&r=g","contentUrl":"https:\/\/secure.gravatar.com\/avatar\/31a1a7b66ff2de83bd0e9fd79d026630d2d99e55e8bfe501287647b4fd9743de?s=96&d=mm&r=g","caption":"Gonzalo Schmidt"},"description":"Sitio web de noticias de la provincia de Entre R\u00edos, Argentina. Informaci\u00f3n y entretenimiento. Informe Litoral, nos informamos.","sameAs":["http:\/\/www.isletasnoticias.com.ar"],"url":"https:\/\/informelitoral.com.ar\/author\/gonzalo\/"}]}},"_links":{"self":[{"href":"https:\/\/informelitoral.com.ar\/%77%70%2d%6a%73%6f%6e\/wp\/v2\/posts\/10959","targetHints":{"allow":["GET"]}}],"collection":[{"href":"https:\/\/informelitoral.com.ar\/%77%70%2d%6a%73%6f%6e\/wp\/v2\/posts"}],"about":[{"href":"https:\/\/informelitoral.com.ar\/%77%70%2d%6a%73%6f%6e\/wp\/v2\/types\/post"}],"author":[{"embeddable":true,"href":"https:\/\/informelitoral.com.ar\/%77%70%2d%6a%73%6f%6e\/wp\/v2\/users\/2"}],"replies":[{"embeddable":true,"href":"https:\/\/informelitoral.com.ar\/%77%70%2d%6a%73%6f%6e\/wp\/v2\/comments?post=10959"}],"version-history":[{"count":0,"href":"https:\/\/informelitoral.com.ar\/%77%70%2d%6a%73%6f%6e\/wp\/v2\/posts\/10959\/revisions"}],"wp:attachment":[{"href":"https:\/\/informelitoral.com.ar\/%77%70%2d%6a%73%6f%6e\/wp\/v2\/media?parent=10959"}],"wp:term":[{"taxonomy":"category","embeddable":true,"href":"https:\/\/informelitoral.com.ar\/%77%70%2d%6a%73%6f%6e\/wp\/v2\/categories?post=10959"},{"taxonomy":"post_tag","embeddable":true,"href":"https:\/\/informelitoral.com.ar\/%77%70%2d%6a%73%6f%6e\/wp\/v2\/tags?post=10959"}],"curies":[{"name":"wp","href":"https:\/\/api.w.org\/{rel}","templated":true}]}}