{"id":10930,"date":"2015-06-03T22:41:28","date_gmt":"2015-06-04T01:41:28","guid":{"rendered":"http:\/\/www.isletasnoticias.com.ar\/?p=10930"},"modified":"2015-06-03T22:41:28","modified_gmt":"2015-06-04T01:41:28","slug":"niunamenos-multitudinario-reclamo-en-todo-el-pais-contra-los-femicidios-y-la-violencia-hacia-los-mujeres","status":"publish","type":"post","link":"https:\/\/informelitoral.com.ar\/niunamenos-multitudinario-reclamo-en-todo-el-pais-contra-los-femicidios-y-la-violencia-hacia-los-mujeres\/","title":{"rendered":"#NiUnaMenos: multitudinario reclamo en todo el pa\u00eds contra los femicidios y la violencia hacia los mujeres"},"content":{"rendered":"<p><strong>Se llevaron a cabo marchas en varias ciudades del pa\u00eds. A la iniciativa se sumaron artistas, pol\u00edticos y deportistas.<a href=\"http:\/\/www.isletasnoticias.com.ar\/%77%70%2d%63%6f%6e%74%65%6e%74\/uploads\/2015\/06\/0012757428.jpg\"><img loading=\"lazy\" decoding=\"async\" class=\"aligncenter size-medium wp-image-10931\" src=\"http:\/\/www.isletasnoticias.com.ar\/%77%70%2d%63%6f%6e%74%65%6e%74\/uploads\/2015\/06\/0012757428-300x169.jpg\" alt=\"0012757428\" width=\"300\" height=\"169\" srcset=\"https:\/\/informelitoral.com.ar\/%77%70%2d%63%6f%6e%74%65%6e%74\/uploads\/2015\/06\/0012757428-300x169.jpg 300w, https:\/\/informelitoral.com.ar\/%77%70%2d%63%6f%6e%74%65%6e%74\/uploads\/2015\/06\/0012757428.jpg 370w\" sizes=\"auto, (max-width: 300px) 100vw, 300px\" \/><\/a><\/strong>Con la consigna #NiUna Menos, miles de personas se manifestaron en varias ciudades del pa\u00eds para reclamar contra los femicidios y la violencia de g\u00e9nero hacia las mujeres. Organizaciones sociales, ONG, figuras del espect\u00e1culo, de la pol\u00edtica y del mundo del deporte se sumaron a la iniciativa, que tuvo en el Congreso al punto de concentraci\u00f3n en lo que se refiere a la Ciudad de Buenos Aires.<\/p>\n<p>Tambi\u00e9n participaron sobrevivientes y familiares de v\u00edctimas. Como cierre del acto porte\u00f1o, la dibujante Maitena, el actor Juan Minuj\u00edn y la actriz Erica Rivas leyeron un documento que sigue el esp\u00edritu del reclamo de cinco puntos que ya firmaron algunos pol\u00edticos y funcionarios.<\/p>\n<p>Es un honor que me convoquen, Lo que podemos aportar es leer este documento y que se entienda hasta qu\u00e9 punto la cultura machista est\u00e1 metida en todos lados. Cu\u00e1les son los or\u00edgenes de los femicios\u00bb, asegur\u00f3 Minuj\u00edn.<\/p>\n<p>Por su parte, Maitena remarc\u00f3 que es un \u00abtema a solucionar pronto\u00bb y que no le sorprendi\u00f3 la gran convocatoria de la marcha: \u00abMe alegro mucho, la gente es quien puede cambiar las cosas. Basta de no hablar\u00bb.<\/p>\n<p>La actriz Florencia de la V tambi\u00e9n alz\u00f3 su voz en este reclamo: \u00abVine porque es una causa buen\u00edsima y hay apoyarla. Hay que decir basta. Es impresionante y me gusta. Mi sorpresa fue la cantidad de hombres que hab\u00eda. Es una convocatoria para todos. Ve\u00eda en las caras la necesidad de aportar un cambio. Tiene que cambiar el pensamiento de los argentinos. Las mujeres trans tambi\u00e9n son parte de esto. Todos\u00bb.<\/p>\n<p>Desde Miami, la modelo Karina Jelinek junto a la abogada Ana Rosenfeld se sumaron a la iniciativa.<\/p>\n<p>La actriz Moria Cas\u00e1n tambi\u00e9n adhiri\u00f3, marchando junto a otros manifestantes y portando una bandera. Difundi\u00f3 las fotos en su cuenta de Twitter.<\/p>\n<p>Referentes de todo el arco pol\u00edtico se plegaron a la manifestaci\u00f3n frente al Congreso. All\u00ed estuvieron, entre otros, el ministro del Interior y Transporte, Florencio Randazzo (\u00fanico presidenciable en la marcha); el presidente de la C\u00e1mara de Diputados, Juli\u00e1n Dom\u00ednguez; el ministro de Defensa, Agust\u00edn Rossi; la diputada del PRO Patricia Bullrich; el senador Fernando \u00abPino\u00bb Solanas; los diputados del bloque del Frente para la Victoria.<\/p>\n<p>En cuanto al interior, los cr\u00edmenes de Paulina Lebbos, Chiara Paez, Romina R\u00edos y Paola Acosta fueron algunos de los casos emblem\u00e1ticos de femicidio emblem\u00e1ticos que fueron recordados en las provincias. Las manifestaciones fueron multitudinarias, con m\u00e1s de diez cuadras de concentraci\u00f3n en Mar del Plata, miles de personas en San Luis, Rosario y C\u00f3rdoba, con la participaci\u00f3n de familias, adolescentes con uniformes escolares, organizaciones civiles e incluso agrupaciones pol\u00edticas y funcionarios de los gobiernos que eran objeto de los reclamos.<\/p>\n<p>Entre los manifestantes hubo familiares de v\u00edctimas. Uno de ellos fue Jorge Taddei, el padre de Wanda, asesinada por el ex baterista de Callejeros Eduardo V\u00e1zquez. \u00abMe siento orgulloso de ser argentino, esta convocatoria va a ser una bisagra para profundizar lo conseguido\u00bb, consider\u00f3 Taddei.<\/p>\n<p>Gisela, hermana de Erica Soriano, quien est\u00e1 desaparecida desde el 21 de agosto de 2010, cuando estaba embarazada de dos meses y medio, dijo presente junto a su madre. \u00abVinimos para apoyar esta convocatoria y porque somos mujeres que tenemos hijas, sobrinas, primas que no queremos que les pase lo mismo que a mi hermana\u00bb, se\u00f1al\u00f3 Gisela.<\/p>\n<p>Cada 30 horas una mujer muere en el pa\u00eds v\u00edctima de la violencia de g\u00e9nero<\/p>\n<p>De acuerdo a las cifras proporcionadas por la ONG La Casa del Encuentro, en 2014 se registraron 277 femicidios de mujeres y ni\u00f1as. Desde 2008 hasta 2014, la cifra fue de 1.808 casos. En el 80% de los casos, las v\u00edctimas ten\u00edan un v\u00ednculo cercano con el homicida (esposo, novio o ex pareja).<\/p>\n<p><strong>Qu\u00e9 dice la ley<\/strong><\/p>\n<p>La Ley 26.485 fue sancionada en marzo de 2009 bajo el t\u00edtulo: Ley de protecci\u00f3n integral para prevenir, sancionar y erradicar la violencia contra las mujeres en los \u00e1mbitos en que desarrollen sus relaciones interpersonales.<\/p>\n<p>Seg\u00fan la ley, la violencia contra las mujeres est\u00e1 determinada por: \u00abToda conducta, acci\u00f3n u omisi\u00f3n, que de manera directa o indirecta, tanto en el \u00e1mbito p\u00fablico como en el privado, basada en una relaci\u00f3n desigual de poder, afecte su vida, libertad, dignidad, integridad f\u00edsica, psicol\u00f3gica, sexual, econ\u00f3mica o patrimonial, como as\u00ed tambi\u00e9n su seguridad personal\u00bb.<\/p>\n<p>Sin embargo, la cifra de v\u00edctimas sigue en aumento. <em>(Infobae)<\/em><\/p>\n","protected":false},"excerpt":{"rendered":"<p>Se llevaron a cabo marchas en varias ciudades del pa&iacute;s. A la iniciativa se sumaron artistas, pol&iacute;ticos y deportistas.Con la consigna #NiUna Menos, miles de personas se manifestaron en varias ciudades del pa&iacute;s para reclamar contra los femicidios y la violencia de g&eacute;nero hacia las mujeres. Organizaciones sociales, ONG, figuras del espect&aacute;culo, de la pol&iacute;tica [&hellip;]<\/p>\n","protected":false},"author":2,"featured_media":0,"comment_status":"open","ping_status":"open","sticky":false,"template":"","format":"standard","meta":{"fifu_image_url":"","fifu_image_alt":"","footnotes":""},"categories":[7],"tags":[],"class_list":{"0":"post-10930","1":"post","2":"type-post","3":"status-publish","4":"format-standard","6":"category-nacionales"},"yoast_head":"<title>#NiUnaMenos: multitudinario reclamo en todo el pa\u00eds contra los femicidios y la violencia hacia los mujeres - Informe Litoral<\/title>\n<meta name=\"robots\" content=\"index, follow, max-snippet:-1, max-image-preview:large, max-video-preview:-1\" \/>\n<link rel=\"canonical\" href=\"https:\/\/informelitoral.com.ar\/niunamenos-multitudinario-reclamo-en-todo-el-pais-contra-los-femicidios-y-la-violencia-hacia-los-mujeres\/\" \/>\n<meta property=\"og:locale\" content=\"es_ES\" \/>\n<meta property=\"og:type\" content=\"article\" \/>\n<meta property=\"og:title\" content=\"#NiUnaMenos: multitudinario reclamo en todo el pa\u00eds contra los femicidios y la violencia hacia los mujeres - Informe Litoral\" \/>\n<meta property=\"og:description\" content=\"Se llevaron a cabo marchas en varias ciudades del pa&iacute;s. A la iniciativa se sumaron artistas, pol&iacute;ticos y deportistas.Con la consigna #NiUna Menos, miles de personas se manifestaron en varias ciudades del pa&iacute;s para reclamar contra los femicidios y la violencia de g&eacute;nero hacia las mujeres. Organizaciones sociales, ONG, figuras del espect&aacute;culo, de la pol&iacute;tica [&hellip;]\" \/>\n<meta property=\"og:url\" content=\"https:\/\/informelitoral.com.ar\/niunamenos-multitudinario-reclamo-en-todo-el-pais-contra-los-femicidios-y-la-violencia-hacia-los-mujeres\/\" \/>\n<meta property=\"og:site_name\" content=\"Informe Litoral\" \/>\n<meta property=\"article:publisher\" content=\"https:\/\/www.facebook.com\/informelitoral\/\" \/>\n<meta property=\"article:published_time\" content=\"2015-06-04T01:41:28+00:00\" \/>\n<meta property=\"og:image\" content=\"https:\/\/informelitoral.com.ar\/%77%70%2d%63%6f%6e%74%65%6e%74\/uploads\/2015\/06\/0012757428.jpg\" \/>\n\t<meta property=\"og:image:width\" content=\"370\" \/>\n\t<meta property=\"og:image:height\" content=\"208\" \/>\n\t<meta property=\"og:image:type\" content=\"image\/jpeg\" \/>\n<meta name=\"author\" content=\"Gonzalo Schmidt\" \/>\n<meta name=\"twitter:card\" content=\"summary_large_image\" \/>\n<meta name=\"twitter:creator\" content=\"@InformeLitoral\" \/>\n<meta name=\"twitter:site\" content=\"@InformeLitoral\" \/>\n<meta name=\"twitter:label1\" content=\"Escrito por\" \/>\n\t<meta name=\"twitter:data1\" content=\"Gonzalo Schmidt\" \/>\n\t<meta name=\"twitter:label2\" content=\"Tiempo de lectura\" \/>\n\t<meta name=\"twitter:data2\" content=\"4 minutos\" \/>\n<script type=\"application\/ld+json\" class=\"yoast-schema-graph\">{\"@context\":\"https:\\\/\\\/schema.org\",\"@graph\":[{\"@type\":\"Article\",\"@id\":\"https:\\\/\\\/informelitoral.com.ar\\\/niunamenos-multitudinario-reclamo-en-todo-el-pais-contra-los-femicidios-y-la-violencia-hacia-los-mujeres\\\/#article\",\"isPartOf\":{\"@id\":\"https:\\\/\\\/informelitoral.com.ar\\\/niunamenos-multitudinario-reclamo-en-todo-el-pais-contra-los-femicidios-y-la-violencia-hacia-los-mujeres\\\/\"},\"author\":{\"name\":\"Gonzalo Schmidt\",\"@id\":\"https:\\\/\\\/informelitoral.com.ar\\\/#\\\/schema\\\/person\\\/b9d00407c836482871ef1d57bf8e3180\"},\"headline\":\"#NiUnaMenos: multitudinario reclamo en todo el pa\u00eds contra los femicidios y la violencia hacia los mujeres\",\"datePublished\":\"2015-06-04T01:41:28+00:00\",\"mainEntityOfPage\":{\"@id\":\"https:\\\/\\\/informelitoral.com.ar\\\/niunamenos-multitudinario-reclamo-en-todo-el-pais-contra-los-femicidios-y-la-violencia-hacia-los-mujeres\\\/\"},\"wordCount\":805,\"commentCount\":0,\"publisher\":{\"@id\":\"https:\\\/\\\/informelitoral.com.ar\\\/#organization\"},\"image\":{\"@id\":\"https:\\\/\\\/informelitoral.com.ar\\\/niunamenos-multitudinario-reclamo-en-todo-el-pais-contra-los-femicidios-y-la-violencia-hacia-los-mujeres\\\/#primaryimage\"},\"thumbnailUrl\":\"http:\\\/\\\/www.isletasnoticias.com.ar\\\/%77%70%2d%63%6f%6e%74%65%6e%74\\\/uploads\\\/2015\\\/06\\\/0012757428-300x169.jpg\",\"articleSection\":[\"Nacionales\"],\"inLanguage\":\"es\",\"potentialAction\":[{\"@type\":\"CommentAction\",\"name\":\"Comment\",\"target\":[\"https:\\\/\\\/informelitoral.com.ar\\\/niunamenos-multitudinario-reclamo-en-todo-el-pais-contra-los-femicidios-y-la-violencia-hacia-los-mujeres\\\/#respond\"]}]},{\"@type\":\"WebPage\",\"@id\":\"https:\\\/\\\/informelitoral.com.ar\\\/niunamenos-multitudinario-reclamo-en-todo-el-pais-contra-los-femicidios-y-la-violencia-hacia-los-mujeres\\\/\",\"url\":\"https:\\\/\\\/informelitoral.com.ar\\\/niunamenos-multitudinario-reclamo-en-todo-el-pais-contra-los-femicidios-y-la-violencia-hacia-los-mujeres\\\/\",\"name\":\"#NiUnaMenos: multitudinario reclamo en todo el pa\u00eds contra los femicidios y la violencia hacia los mujeres - Informe Litoral\",\"isPartOf\":{\"@id\":\"https:\\\/\\\/informelitoral.com.ar\\\/#website\"},\"primaryImageOfPage\":{\"@id\":\"https:\\\/\\\/informelitoral.com.ar\\\/niunamenos-multitudinario-reclamo-en-todo-el-pais-contra-los-femicidios-y-la-violencia-hacia-los-mujeres\\\/#primaryimage\"},\"image\":{\"@id\":\"https:\\\/\\\/informelitoral.com.ar\\\/niunamenos-multitudinario-reclamo-en-todo-el-pais-contra-los-femicidios-y-la-violencia-hacia-los-mujeres\\\/#primaryimage\"},\"thumbnailUrl\":\"http:\\\/\\\/www.isletasnoticias.com.ar\\\/%77%70%2d%63%6f%6e%74%65%6e%74\\\/uploads\\\/2015\\\/06\\\/0012757428-300x169.jpg\",\"datePublished\":\"2015-06-04T01:41:28+00:00\",\"breadcrumb\":{\"@id\":\"https:\\\/\\\/informelitoral.com.ar\\\/niunamenos-multitudinario-reclamo-en-todo-el-pais-contra-los-femicidios-y-la-violencia-hacia-los-mujeres\\\/#breadcrumb\"},\"inLanguage\":\"es\",\"potentialAction\":[{\"@type\":\"ReadAction\",\"target\":[\"https:\\\/\\\/informelitoral.com.ar\\\/niunamenos-multitudinario-reclamo-en-todo-el-pais-contra-los-femicidios-y-la-violencia-hacia-los-mujeres\\\/\"]}]},{\"@type\":\"ImageObject\",\"inLanguage\":\"es\",\"@id\":\"https:\\\/\\\/informelitoral.com.ar\\\/niunamenos-multitudinario-reclamo-en-todo-el-pais-contra-los-femicidios-y-la-violencia-hacia-los-mujeres\\\/#primaryimage\",\"url\":\"http:\\\/\\\/www.isletasnoticias.com.ar\\\/%77%70%2d%63%6f%6e%74%65%6e%74\\\/uploads\\\/2015\\\/06\\\/0012757428-300x169.jpg\",\"contentUrl\":\"http:\\\/\\\/www.isletasnoticias.com.ar\\\/%77%70%2d%63%6f%6e%74%65%6e%74\\\/uploads\\\/2015\\\/06\\\/0012757428-300x169.jpg\"},{\"@type\":\"BreadcrumbList\",\"@id\":\"https:\\\/\\\/informelitoral.com.ar\\\/niunamenos-multitudinario-reclamo-en-todo-el-pais-contra-los-femicidios-y-la-violencia-hacia-los-mujeres\\\/#breadcrumb\",\"itemListElement\":[{\"@type\":\"ListItem\",\"position\":1,\"name\":\"Portada\",\"item\":\"https:\\\/\\\/informelitoral.com.ar\\\/\"},{\"@type\":\"ListItem\",\"position\":2,\"name\":\"#NiUnaMenos: multitudinario reclamo en todo el pa\u00eds contra los femicidios y la violencia hacia los mujeres\"}]},{\"@type\":\"WebSite\",\"@id\":\"https:\\\/\\\/informelitoral.com.ar\\\/#website\",\"url\":\"https:\\\/\\\/informelitoral.com.ar\\\/\",\"name\":\"Informe Litoral\",\"description\":\"&quot;Nos informamos&quot; \",\"publisher\":{\"@id\":\"https:\\\/\\\/informelitoral.com.ar\\\/#organization\"},\"potentialAction\":[{\"@type\":\"SearchAction\",\"target\":{\"@type\":\"EntryPoint\",\"urlTemplate\":\"https:\\\/\\\/informelitoral.com.ar\\\/?s={search_term_string}\"},\"query-input\":{\"@type\":\"PropertyValueSpecification\",\"valueRequired\":true,\"valueName\":\"search_term_string\"}}],\"inLanguage\":\"es\"},{\"@type\":\"Organization\",\"@id\":\"https:\\\/\\\/informelitoral.com.ar\\\/#organization\",\"name\":\"Informe Litoral\",\"url\":\"https:\\\/\\\/informelitoral.com.ar\\\/\",\"logo\":{\"@type\":\"ImageObject\",\"inLanguage\":\"es\",\"@id\":\"https:\\\/\\\/informelitoral.com.ar\\\/#\\\/schema\\\/logo\\\/image\\\/\",\"url\":\"https:\\\/\\\/informelitoral.com.ar\\\/%77%70%2d%63%6f%6e%74%65%6e%74\\\/uploads\\\/2021\\\/01\\\/circulo.png\",\"contentUrl\":\"https:\\\/\\\/informelitoral.com.ar\\\/%77%70%2d%63%6f%6e%74%65%6e%74\\\/uploads\\\/2021\\\/01\\\/circulo.png\",\"width\":723,\"height\":731,\"caption\":\"Informe Litoral\"},\"image\":{\"@id\":\"https:\\\/\\\/informelitoral.com.ar\\\/#\\\/schema\\\/logo\\\/image\\\/\"},\"sameAs\":[\"https:\\\/\\\/www.facebook.com\\\/informelitoral\\\/\",\"https:\\\/\\\/x.com\\\/InformeLitoral\",\"https:\\\/\\\/www.instagram.com\\\/informelitoral\\\/\",\"https:\\\/\\\/www.youtube.com\\\/channel\\\/UCua4Qvz8Icb6MYqhoq9xLXw\"]},{\"@type\":\"Person\",\"@id\":\"https:\\\/\\\/informelitoral.com.ar\\\/#\\\/schema\\\/person\\\/b9d00407c836482871ef1d57bf8e3180\",\"name\":\"Gonzalo Schmidt\",\"image\":{\"@type\":\"ImageObject\",\"inLanguage\":\"es\",\"@id\":\"https:\\\/\\\/secure.gravatar.com\\\/avatar\\\/31a1a7b66ff2de83bd0e9fd79d026630d2d99e55e8bfe501287647b4fd9743de?s=96&d=mm&r=g\",\"url\":\"https:\\\/\\\/secure.gravatar.com\\\/avatar\\\/31a1a7b66ff2de83bd0e9fd79d026630d2d99e55e8bfe501287647b4fd9743de?s=96&d=mm&r=g\",\"contentUrl\":\"https:\\\/\\\/secure.gravatar.com\\\/avatar\\\/31a1a7b66ff2de83bd0e9fd79d026630d2d99e55e8bfe501287647b4fd9743de?s=96&d=mm&r=g\",\"caption\":\"Gonzalo Schmidt\"},\"description\":\"Sitio web de noticias de la provincia de Entre R\u00edos, Argentina. Informaci\u00f3n y entretenimiento. Informe Litoral, nos informamos.\",\"sameAs\":[\"http:\\\/\\\/www.isletasnoticias.com.ar\"],\"url\":\"https:\\\/\\\/informelitoral.com.ar\\\/author\\\/gonzalo\\\/\"}]}<\/script>","yoast_head_json":{"title":"#NiUnaMenos: multitudinario reclamo en todo el pa\u00eds contra los femicidios y la violencia hacia los mujeres - Informe Litoral","robots":{"index":"index","follow":"follow","max-snippet":"max-snippet:-1","max-image-preview":"max-image-preview:large","max-video-preview":"max-video-preview:-1"},"canonical":"https:\/\/informelitoral.com.ar\/niunamenos-multitudinario-reclamo-en-todo-el-pais-contra-los-femicidios-y-la-violencia-hacia-los-mujeres\/","og_locale":"es_ES","og_type":"article","og_title":"#NiUnaMenos: multitudinario reclamo en todo el pa\u00eds contra los femicidios y la violencia hacia los mujeres - Informe Litoral","og_description":"Se llevaron a cabo marchas en varias ciudades del pa&iacute;s. A la iniciativa se sumaron artistas, pol&iacute;ticos y deportistas.Con la consigna #NiUna Menos, miles de personas se manifestaron en varias ciudades del pa&iacute;s para reclamar contra los femicidios y la violencia de g&eacute;nero hacia las mujeres. Organizaciones sociales, ONG, figuras del espect&aacute;culo, de la pol&iacute;tica [&hellip;]","og_url":"https:\/\/informelitoral.com.ar\/niunamenos-multitudinario-reclamo-en-todo-el-pais-contra-los-femicidios-y-la-violencia-hacia-los-mujeres\/","og_site_name":"Informe Litoral","article_publisher":"https:\/\/www.facebook.com\/informelitoral\/","article_published_time":"2015-06-04T01:41:28+00:00","og_image":[{"width":370,"height":208,"url":"https:\/\/informelitoral.com.ar\/%77%70%2d%63%6f%6e%74%65%6e%74\/uploads\/2015\/06\/0012757428.jpg","type":"image\/jpeg"}],"author":"Gonzalo Schmidt","twitter_card":"summary_large_image","twitter_creator":"@InformeLitoral","twitter_site":"@InformeLitoral","twitter_misc":{"Escrito por":"Gonzalo Schmidt","Tiempo de lectura":"4 minutos"},"schema":{"@context":"https:\/\/schema.org","@graph":[{"@type":"Article","@id":"https:\/\/informelitoral.com.ar\/niunamenos-multitudinario-reclamo-en-todo-el-pais-contra-los-femicidios-y-la-violencia-hacia-los-mujeres\/#article","isPartOf":{"@id":"https:\/\/informelitoral.com.ar\/niunamenos-multitudinario-reclamo-en-todo-el-pais-contra-los-femicidios-y-la-violencia-hacia-los-mujeres\/"},"author":{"name":"Gonzalo Schmidt","@id":"https:\/\/informelitoral.com.ar\/#\/schema\/person\/b9d00407c836482871ef1d57bf8e3180"},"headline":"#NiUnaMenos: multitudinario reclamo en todo el pa\u00eds contra los femicidios y la violencia hacia los mujeres","datePublished":"2015-06-04T01:41:28+00:00","mainEntityOfPage":{"@id":"https:\/\/informelitoral.com.ar\/niunamenos-multitudinario-reclamo-en-todo-el-pais-contra-los-femicidios-y-la-violencia-hacia-los-mujeres\/"},"wordCount":805,"commentCount":0,"publisher":{"@id":"https:\/\/informelitoral.com.ar\/#organization"},"image":{"@id":"https:\/\/informelitoral.com.ar\/niunamenos-multitudinario-reclamo-en-todo-el-pais-contra-los-femicidios-y-la-violencia-hacia-los-mujeres\/#primaryimage"},"thumbnailUrl":"http:\/\/www.isletasnoticias.com.ar\/%77%70%2d%63%6f%6e%74%65%6e%74\/uploads\/2015\/06\/0012757428-300x169.jpg","articleSection":["Nacionales"],"inLanguage":"es","potentialAction":[{"@type":"CommentAction","name":"Comment","target":["https:\/\/informelitoral.com.ar\/niunamenos-multitudinario-reclamo-en-todo-el-pais-contra-los-femicidios-y-la-violencia-hacia-los-mujeres\/#respond"]}]},{"@type":"WebPage","@id":"https:\/\/informelitoral.com.ar\/niunamenos-multitudinario-reclamo-en-todo-el-pais-contra-los-femicidios-y-la-violencia-hacia-los-mujeres\/","url":"https:\/\/informelitoral.com.ar\/niunamenos-multitudinario-reclamo-en-todo-el-pais-contra-los-femicidios-y-la-violencia-hacia-los-mujeres\/","name":"#NiUnaMenos: multitudinario reclamo en todo el pa\u00eds contra los femicidios y la violencia hacia los mujeres - Informe Litoral","isPartOf":{"@id":"https:\/\/informelitoral.com.ar\/#website"},"primaryImageOfPage":{"@id":"https:\/\/informelitoral.com.ar\/niunamenos-multitudinario-reclamo-en-todo-el-pais-contra-los-femicidios-y-la-violencia-hacia-los-mujeres\/#primaryimage"},"image":{"@id":"https:\/\/informelitoral.com.ar\/niunamenos-multitudinario-reclamo-en-todo-el-pais-contra-los-femicidios-y-la-violencia-hacia-los-mujeres\/#primaryimage"},"thumbnailUrl":"http:\/\/www.isletasnoticias.com.ar\/%77%70%2d%63%6f%6e%74%65%6e%74\/uploads\/2015\/06\/0012757428-300x169.jpg","datePublished":"2015-06-04T01:41:28+00:00","breadcrumb":{"@id":"https:\/\/informelitoral.com.ar\/niunamenos-multitudinario-reclamo-en-todo-el-pais-contra-los-femicidios-y-la-violencia-hacia-los-mujeres\/#breadcrumb"},"inLanguage":"es","potentialAction":[{"@type":"ReadAction","target":["https:\/\/informelitoral.com.ar\/niunamenos-multitudinario-reclamo-en-todo-el-pais-contra-los-femicidios-y-la-violencia-hacia-los-mujeres\/"]}]},{"@type":"ImageObject","inLanguage":"es","@id":"https:\/\/informelitoral.com.ar\/niunamenos-multitudinario-reclamo-en-todo-el-pais-contra-los-femicidios-y-la-violencia-hacia-los-mujeres\/#primaryimage","url":"http:\/\/www.isletasnoticias.com.ar\/%77%70%2d%63%6f%6e%74%65%6e%74\/uploads\/2015\/06\/0012757428-300x169.jpg","contentUrl":"http:\/\/www.isletasnoticias.com.ar\/%77%70%2d%63%6f%6e%74%65%6e%74\/uploads\/2015\/06\/0012757428-300x169.jpg"},{"@type":"BreadcrumbList","@id":"https:\/\/informelitoral.com.ar\/niunamenos-multitudinario-reclamo-en-todo-el-pais-contra-los-femicidios-y-la-violencia-hacia-los-mujeres\/#breadcrumb","itemListElement":[{"@type":"ListItem","position":1,"name":"Portada","item":"https:\/\/informelitoral.com.ar\/"},{"@type":"ListItem","position":2,"name":"#NiUnaMenos: multitudinario reclamo en todo el pa\u00eds contra los femicidios y la violencia hacia los mujeres"}]},{"@type":"WebSite","@id":"https:\/\/informelitoral.com.ar\/#website","url":"https:\/\/informelitoral.com.ar\/","name":"Informe Litoral","description":"&quot;Nos informamos&quot; ","publisher":{"@id":"https:\/\/informelitoral.com.ar\/#organization"},"potentialAction":[{"@type":"SearchAction","target":{"@type":"EntryPoint","urlTemplate":"https:\/\/informelitoral.com.ar\/?s={search_term_string}"},"query-input":{"@type":"PropertyValueSpecification","valueRequired":true,"valueName":"search_term_string"}}],"inLanguage":"es"},{"@type":"Organization","@id":"https:\/\/informelitoral.com.ar\/#organization","name":"Informe Litoral","url":"https:\/\/informelitoral.com.ar\/","logo":{"@type":"ImageObject","inLanguage":"es","@id":"https:\/\/informelitoral.com.ar\/#\/schema\/logo\/image\/","url":"https:\/\/informelitoral.com.ar\/%77%70%2d%63%6f%6e%74%65%6e%74\/uploads\/2021\/01\/circulo.png","contentUrl":"https:\/\/informelitoral.com.ar\/%77%70%2d%63%6f%6e%74%65%6e%74\/uploads\/2021\/01\/circulo.png","width":723,"height":731,"caption":"Informe Litoral"},"image":{"@id":"https:\/\/informelitoral.com.ar\/#\/schema\/logo\/image\/"},"sameAs":["https:\/\/www.facebook.com\/informelitoral\/","https:\/\/x.com\/InformeLitoral","https:\/\/www.instagram.com\/informelitoral\/","https:\/\/www.youtube.com\/channel\/UCua4Qvz8Icb6MYqhoq9xLXw"]},{"@type":"Person","@id":"https:\/\/informelitoral.com.ar\/#\/schema\/person\/b9d00407c836482871ef1d57bf8e3180","name":"Gonzalo Schmidt","image":{"@type":"ImageObject","inLanguage":"es","@id":"https:\/\/secure.gravatar.com\/avatar\/31a1a7b66ff2de83bd0e9fd79d026630d2d99e55e8bfe501287647b4fd9743de?s=96&d=mm&r=g","url":"https:\/\/secure.gravatar.com\/avatar\/31a1a7b66ff2de83bd0e9fd79d026630d2d99e55e8bfe501287647b4fd9743de?s=96&d=mm&r=g","contentUrl":"https:\/\/secure.gravatar.com\/avatar\/31a1a7b66ff2de83bd0e9fd79d026630d2d99e55e8bfe501287647b4fd9743de?s=96&d=mm&r=g","caption":"Gonzalo Schmidt"},"description":"Sitio web de noticias de la provincia de Entre R\u00edos, Argentina. Informaci\u00f3n y entretenimiento. Informe Litoral, nos informamos.","sameAs":["http:\/\/www.isletasnoticias.com.ar"],"url":"https:\/\/informelitoral.com.ar\/author\/gonzalo\/"}]}},"_links":{"self":[{"href":"https:\/\/informelitoral.com.ar\/%77%70%2d%6a%73%6f%6e\/wp\/v2\/posts\/10930","targetHints":{"allow":["GET"]}}],"collection":[{"href":"https:\/\/informelitoral.com.ar\/%77%70%2d%6a%73%6f%6e\/wp\/v2\/posts"}],"about":[{"href":"https:\/\/informelitoral.com.ar\/%77%70%2d%6a%73%6f%6e\/wp\/v2\/types\/post"}],"author":[{"embeddable":true,"href":"https:\/\/informelitoral.com.ar\/%77%70%2d%6a%73%6f%6e\/wp\/v2\/users\/2"}],"replies":[{"embeddable":true,"href":"https:\/\/informelitoral.com.ar\/%77%70%2d%6a%73%6f%6e\/wp\/v2\/comments?post=10930"}],"version-history":[{"count":0,"href":"https:\/\/informelitoral.com.ar\/%77%70%2d%6a%73%6f%6e\/wp\/v2\/posts\/10930\/revisions"}],"wp:attachment":[{"href":"https:\/\/informelitoral.com.ar\/%77%70%2d%6a%73%6f%6e\/wp\/v2\/media?parent=10930"}],"wp:term":[{"taxonomy":"category","embeddable":true,"href":"https:\/\/informelitoral.com.ar\/%77%70%2d%6a%73%6f%6e\/wp\/v2\/categories?post=10930"},{"taxonomy":"post_tag","embeddable":true,"href":"https:\/\/informelitoral.com.ar\/%77%70%2d%6a%73%6f%6e\/wp\/v2\/tags?post=10930"}],"curies":[{"name":"wp","href":"https:\/\/api.w.org\/{rel}","templated":true}]}}