{"id":109262,"date":"2023-01-11T08:35:27","date_gmt":"2023-01-11T11:35:27","guid":{"rendered":"https:\/\/www.informelitoral.com.ar\/?p=109262"},"modified":"2023-01-11T18:02:57","modified_gmt":"2023-01-11T21:02:57","slug":"el-frente-frio-avanza-por-el-centro-del-pais-y-la-ola-de-calor-empieza-a-ceder","status":"publish","type":"post","link":"https:\/\/informelitoral.com.ar\/el-frente-frio-avanza-por-el-centro-del-pais-y-la-ola-de-calor-empieza-a-ceder\/","title":{"rendered":"El \u201cfrente fr\u00edo\u201d avanza por el centro del pa\u00eds y la ola de calor empieza a ceder"},"content":{"rendered":"<p>El mi\u00e9rcoles comenz\u00f3 agobiante, con casi 24 grados a las 4 de la madrugada. Sin embargo, el sistema frontal que avanzaba desde el sur empez\u00f3 a hacerse notar lentamente en nuestra zona. Pasadas las 5.00, la rotaci\u00f3n del viento hizo que primero se sintieran algunas r\u00e1fagas y, luego, una brisa m\u00e1s fresca comenz\u00f3 a notarse en el ambiente. Con el correr de las horas, los vientos del sudoeste se fueron intensificando.<\/p>\n<p>Ayer, al menos 22 localidades del pa\u00eds superaron ayer los 37 grados de temperatura, incluidas Paran\u00e1 y Concordia.<\/p>\n<figure class=\"embed\"><img decoding=\"async\" title=\"\" src=\"https:\/\/elonce-media.elonce.com\/fotos-nuevo\/2023\/01\/11\/o_1673427017.jpg\" alt=\"\" width=\"640\" \/><\/figure>\n<div class=\"embed\">\n<div class=\"inner-art\">\n<div class=\"clear\"><\/div>\n<\/div>\n<\/div>\n<p>La meteor\u00f3loga <strong>Cindy Fern\u00e1ndez<\/strong> precis\u00f3 que\u00a0<b>el martes \u201cingres\u00f3 un frente fr\u00edo a la Patagonia que provoc\u00f3 un descenso en las temperaturas\u201d<\/b>.<\/p>\n<p>Esa masa de aire fr\u00edo \u00abcontinuar\u00e1 avanzando hacia el norte\u201d, por lo que hoy \u201cbajar\u00e1n las temperaturas en el centro del pa\u00eds\u201d, detall\u00f3. Se prev\u00e9\u00a0<b>alguna inestabilidad que no generar\u00eda lluvias de importancia<\/b>.<\/p>\n<p><b>A partir del jueves, y al menos hasta el s\u00e1bado, las m\u00e1ximas estar\u00edan entre los 30 y 32 grados<\/b>\u00a0en Entre R\u00edos.<\/p>\n<h4><b>Ola de calor<\/b><\/h4>\n<p>El Servicio Meteorol\u00f3gico Nacional detall\u00f3 que las ciudades con olas de calor \u00abm\u00e1s persistentes\u00bb fueron Neuqu\u00e9n con seis d\u00edas, seguida por Gobernador Gregores y Puerto Deseado, en Santa Cruz con cinco, y localidades del este de Mendoza, La Pampa y del sudoeste bonaerense con cuatro.<\/p>\n","protected":false},"excerpt":{"rendered":"<p>Con la rotaci\u00f3n del viento la brisa m\u00e1s fresca comenz\u00f3 a sentirse en el ambiente. El mi\u00e9rcoles hab\u00eda comenzado agobiante, con casi 24 grados a las 4 de la madrugada. C\u00f3mo seguir\u00e1 el tiempo.<\/p>\n","protected":false},"author":8,"featured_media":70007,"comment_status":"open","ping_status":"open","sticky":false,"template":"","format":"standard","meta":{"fifu_image_url":"","fifu_image_alt":"","footnotes":""},"categories":[6],"tags":[38,113],"class_list":{"0":"post-109262","1":"post","2":"type-post","3":"status-publish","4":"format-standard","5":"has-post-thumbnail","7":"category-entre-rios","8":"tag-el-tiempo","9":"tag-smn"},"yoast_head":"<title>El \u201cfrente fr\u00edo\u201d avanza por el centro del pa\u00eds y la ola de calor empieza a ceder - Informe Litoral<\/title>\n<meta name=\"robots\" content=\"index, follow, max-snippet:-1, max-image-preview:large, max-video-preview:-1\" \/>\n<link rel=\"canonical\" href=\"https:\/\/informelitoral.com.ar\/el-frente-frio-avanza-por-el-centro-del-pais-y-la-ola-de-calor-empieza-a-ceder\/\" \/>\n<meta property=\"og:locale\" content=\"es_ES\" \/>\n<meta property=\"og:type\" content=\"article\" \/>\n<meta property=\"og:title\" content=\"El \u201cfrente fr\u00edo\u201d avanza por el centro del pa\u00eds y la ola de calor empieza a ceder - Informe Litoral\" \/>\n<meta property=\"og:description\" content=\"Con la rotaci\u00f3n del viento la brisa m\u00e1s fresca comenz\u00f3 a sentirse en el ambiente. El mi\u00e9rcoles hab\u00eda comenzado agobiante, con casi 24 grados a las 4 de la madrugada. C\u00f3mo seguir\u00e1 el tiempo.\" \/>\n<meta property=\"og:url\" content=\"https:\/\/informelitoral.com.ar\/el-frente-frio-avanza-por-el-centro-del-pais-y-la-ola-de-calor-empieza-a-ceder\/\" \/>\n<meta property=\"og:site_name\" content=\"Informe Litoral\" \/>\n<meta property=\"article:publisher\" content=\"https:\/\/www.facebook.com\/informelitoral\/\" \/>\n<meta property=\"article:published_time\" content=\"2023-01-11T11:35:27+00:00\" \/>\n<meta property=\"article:modified_time\" content=\"2023-01-11T21:02:57+00:00\" \/>\n<meta property=\"og:image\" content=\"https:\/\/informelitoral.com.ar\/%77%70%2d%63%6f%6e%74%65%6e%74\/uploads\/2022\/01\/olas-de-calor1-770x514-1.jpg\" \/>\n\t<meta property=\"og:image:width\" content=\"770\" \/>\n\t<meta property=\"og:image:height\" content=\"514\" \/>\n\t<meta property=\"og:image:type\" content=\"image\/jpeg\" \/>\n<meta name=\"author\" content=\"Sebastian\" \/>\n<meta name=\"twitter:card\" content=\"summary_large_image\" \/>\n<meta name=\"twitter:creator\" content=\"@InformeLitoral\" \/>\n<meta name=\"twitter:site\" content=\"@InformeLitoral\" \/>\n<meta name=\"twitter:label1\" content=\"Escrito por\" \/>\n\t<meta name=\"twitter:data1\" content=\"Sebastian\" \/>\n\t<meta name=\"twitter:label2\" content=\"Tiempo de lectura\" \/>\n\t<meta name=\"twitter:data2\" content=\"1 minuto\" \/>\n<script type=\"application\/ld+json\" class=\"yoast-schema-graph\">{\"@context\":\"https:\\\/\\\/schema.org\",\"@graph\":[{\"@type\":\"Article\",\"@id\":\"https:\\\/\\\/informelitoral.com.ar\\\/el-frente-frio-avanza-por-el-centro-del-pais-y-la-ola-de-calor-empieza-a-ceder\\\/#article\",\"isPartOf\":{\"@id\":\"https:\\\/\\\/informelitoral.com.ar\\\/el-frente-frio-avanza-por-el-centro-del-pais-y-la-ola-de-calor-empieza-a-ceder\\\/\"},\"author\":{\"name\":\"Sebastian\",\"@id\":\"https:\\\/\\\/informelitoral.com.ar\\\/#\\\/schema\\\/person\\\/f05f9f461677119578717524b127d6d5\"},\"headline\":\"El \u201cfrente fr\u00edo\u201d avanza por el centro del pa\u00eds y la ola de calor empieza a ceder\",\"datePublished\":\"2023-01-11T11:35:27+00:00\",\"dateModified\":\"2023-01-11T21:02:57+00:00\",\"mainEntityOfPage\":{\"@id\":\"https:\\\/\\\/informelitoral.com.ar\\\/el-frente-frio-avanza-por-el-centro-del-pais-y-la-ola-de-calor-empieza-a-ceder\\\/\"},\"wordCount\":246,\"commentCount\":0,\"publisher\":{\"@id\":\"https:\\\/\\\/informelitoral.com.ar\\\/#organization\"},\"image\":{\"@id\":\"https:\\\/\\\/informelitoral.com.ar\\\/el-frente-frio-avanza-por-el-centro-del-pais-y-la-ola-de-calor-empieza-a-ceder\\\/#primaryimage\"},\"thumbnailUrl\":\"https:\\\/\\\/informelitoral.com.ar\\\/%77%70%2d%63%6f%6e%74%65%6e%74\\\/uploads\\\/2022\\\/01\\\/olas-de-calor1-770x514-1.jpg\",\"keywords\":[\"El tiempo\",\"SMN\"],\"articleSection\":[\"Entre R\u00edos\"],\"inLanguage\":\"es\",\"potentialAction\":[{\"@type\":\"CommentAction\",\"name\":\"Comment\",\"target\":[\"https:\\\/\\\/informelitoral.com.ar\\\/el-frente-frio-avanza-por-el-centro-del-pais-y-la-ola-de-calor-empieza-a-ceder\\\/#respond\"]}]},{\"@type\":\"WebPage\",\"@id\":\"https:\\\/\\\/informelitoral.com.ar\\\/el-frente-frio-avanza-por-el-centro-del-pais-y-la-ola-de-calor-empieza-a-ceder\\\/\",\"url\":\"https:\\\/\\\/informelitoral.com.ar\\\/el-frente-frio-avanza-por-el-centro-del-pais-y-la-ola-de-calor-empieza-a-ceder\\\/\",\"name\":\"El \u201cfrente fr\u00edo\u201d avanza por el centro del pa\u00eds y la ola de calor empieza a ceder - Informe Litoral\",\"isPartOf\":{\"@id\":\"https:\\\/\\\/informelitoral.com.ar\\\/#website\"},\"primaryImageOfPage\":{\"@id\":\"https:\\\/\\\/informelitoral.com.ar\\\/el-frente-frio-avanza-por-el-centro-del-pais-y-la-ola-de-calor-empieza-a-ceder\\\/#primaryimage\"},\"image\":{\"@id\":\"https:\\\/\\\/informelitoral.com.ar\\\/el-frente-frio-avanza-por-el-centro-del-pais-y-la-ola-de-calor-empieza-a-ceder\\\/#primaryimage\"},\"thumbnailUrl\":\"https:\\\/\\\/informelitoral.com.ar\\\/%77%70%2d%63%6f%6e%74%65%6e%74\\\/uploads\\\/2022\\\/01\\\/olas-de-calor1-770x514-1.jpg\",\"datePublished\":\"2023-01-11T11:35:27+00:00\",\"dateModified\":\"2023-01-11T21:02:57+00:00\",\"breadcrumb\":{\"@id\":\"https:\\\/\\\/informelitoral.com.ar\\\/el-frente-frio-avanza-por-el-centro-del-pais-y-la-ola-de-calor-empieza-a-ceder\\\/#breadcrumb\"},\"inLanguage\":\"es\",\"potentialAction\":[{\"@type\":\"ReadAction\",\"target\":[\"https:\\\/\\\/informelitoral.com.ar\\\/el-frente-frio-avanza-por-el-centro-del-pais-y-la-ola-de-calor-empieza-a-ceder\\\/\"]}]},{\"@type\":\"ImageObject\",\"inLanguage\":\"es\",\"@id\":\"https:\\\/\\\/informelitoral.com.ar\\\/el-frente-frio-avanza-por-el-centro-del-pais-y-la-ola-de-calor-empieza-a-ceder\\\/#primaryimage\",\"url\":\"https:\\\/\\\/informelitoral.com.ar\\\/%77%70%2d%63%6f%6e%74%65%6e%74\\\/uploads\\\/2022\\\/01\\\/olas-de-calor1-770x514-1.jpg\",\"contentUrl\":\"https:\\\/\\\/informelitoral.com.ar\\\/%77%70%2d%63%6f%6e%74%65%6e%74\\\/uploads\\\/2022\\\/01\\\/olas-de-calor1-770x514-1.jpg\",\"width\":770,\"height\":514},{\"@type\":\"BreadcrumbList\",\"@id\":\"https:\\\/\\\/informelitoral.com.ar\\\/el-frente-frio-avanza-por-el-centro-del-pais-y-la-ola-de-calor-empieza-a-ceder\\\/#breadcrumb\",\"itemListElement\":[{\"@type\":\"ListItem\",\"position\":1,\"name\":\"Portada\",\"item\":\"https:\\\/\\\/informelitoral.com.ar\\\/\"},{\"@type\":\"ListItem\",\"position\":2,\"name\":\"El \u201cfrente fr\u00edo\u201d avanza por el centro del pa\u00eds y la ola de calor empieza a ceder\"}]},{\"@type\":\"WebSite\",\"@id\":\"https:\\\/\\\/informelitoral.com.ar\\\/#website\",\"url\":\"https:\\\/\\\/informelitoral.com.ar\\\/\",\"name\":\"Informe Litoral\",\"description\":\"&quot;Nos informamos&quot; \",\"publisher\":{\"@id\":\"https:\\\/\\\/informelitoral.com.ar\\\/#organization\"},\"potentialAction\":[{\"@type\":\"SearchAction\",\"target\":{\"@type\":\"EntryPoint\",\"urlTemplate\":\"https:\\\/\\\/informelitoral.com.ar\\\/?s={search_term_string}\"},\"query-input\":{\"@type\":\"PropertyValueSpecification\",\"valueRequired\":true,\"valueName\":\"search_term_string\"}}],\"inLanguage\":\"es\"},{\"@type\":\"Organization\",\"@id\":\"https:\\\/\\\/informelitoral.com.ar\\\/#organization\",\"name\":\"Informe Litoral\",\"url\":\"https:\\\/\\\/informelitoral.com.ar\\\/\",\"logo\":{\"@type\":\"ImageObject\",\"inLanguage\":\"es\",\"@id\":\"https:\\\/\\\/informelitoral.com.ar\\\/#\\\/schema\\\/logo\\\/image\\\/\",\"url\":\"https:\\\/\\\/informelitoral.com.ar\\\/%77%70%2d%63%6f%6e%74%65%6e%74\\\/uploads\\\/2021\\\/01\\\/circulo.png\",\"contentUrl\":\"https:\\\/\\\/informelitoral.com.ar\\\/%77%70%2d%63%6f%6e%74%65%6e%74\\\/uploads\\\/2021\\\/01\\\/circulo.png\",\"width\":723,\"height\":731,\"caption\":\"Informe Litoral\"},\"image\":{\"@id\":\"https:\\\/\\\/informelitoral.com.ar\\\/#\\\/schema\\\/logo\\\/image\\\/\"},\"sameAs\":[\"https:\\\/\\\/www.facebook.com\\\/informelitoral\\\/\",\"https:\\\/\\\/x.com\\\/InformeLitoral\",\"https:\\\/\\\/www.instagram.com\\\/informelitoral\\\/\",\"https:\\\/\\\/www.youtube.com\\\/channel\\\/UCua4Qvz8Icb6MYqhoq9xLXw\"]},{\"@type\":\"Person\",\"@id\":\"https:\\\/\\\/informelitoral.com.ar\\\/#\\\/schema\\\/person\\\/f05f9f461677119578717524b127d6d5\",\"name\":\"Sebastian\",\"image\":{\"@type\":\"ImageObject\",\"inLanguage\":\"es\",\"@id\":\"https:\\\/\\\/secure.gravatar.com\\\/avatar\\\/b71bf7481d447dfb9583c7f2798e7cc64de6efb9067b74633ed8c31059a3bd82?s=96&d=mm&r=g\",\"url\":\"https:\\\/\\\/secure.gravatar.com\\\/avatar\\\/b71bf7481d447dfb9583c7f2798e7cc64de6efb9067b74633ed8c31059a3bd82?s=96&d=mm&r=g\",\"contentUrl\":\"https:\\\/\\\/secure.gravatar.com\\\/avatar\\\/b71bf7481d447dfb9583c7f2798e7cc64de6efb9067b74633ed8c31059a3bd82?s=96&d=mm&r=g\",\"caption\":\"Sebastian\"},\"url\":\"https:\\\/\\\/informelitoral.com.ar\\\/author\\\/sebastian\\\/\"}]}<\/script>","yoast_head_json":{"title":"El \u201cfrente fr\u00edo\u201d avanza por el centro del pa\u00eds y la ola de calor empieza a ceder - Informe Litoral","robots":{"index":"index","follow":"follow","max-snippet":"max-snippet:-1","max-image-preview":"max-image-preview:large","max-video-preview":"max-video-preview:-1"},"canonical":"https:\/\/informelitoral.com.ar\/el-frente-frio-avanza-por-el-centro-del-pais-y-la-ola-de-calor-empieza-a-ceder\/","og_locale":"es_ES","og_type":"article","og_title":"El \u201cfrente fr\u00edo\u201d avanza por el centro del pa\u00eds y la ola de calor empieza a ceder - Informe Litoral","og_description":"Con la rotaci\u00f3n del viento la brisa m\u00e1s fresca comenz\u00f3 a sentirse en el ambiente. El mi\u00e9rcoles hab\u00eda comenzado agobiante, con casi 24 grados a las 4 de la madrugada. C\u00f3mo seguir\u00e1 el tiempo.","og_url":"https:\/\/informelitoral.com.ar\/el-frente-frio-avanza-por-el-centro-del-pais-y-la-ola-de-calor-empieza-a-ceder\/","og_site_name":"Informe Litoral","article_publisher":"https:\/\/www.facebook.com\/informelitoral\/","article_published_time":"2023-01-11T11:35:27+00:00","article_modified_time":"2023-01-11T21:02:57+00:00","og_image":[{"width":770,"height":514,"url":"https:\/\/informelitoral.com.ar\/%77%70%2d%63%6f%6e%74%65%6e%74\/uploads\/2022\/01\/olas-de-calor1-770x514-1.jpg","type":"image\/jpeg"}],"author":"Sebastian","twitter_card":"summary_large_image","twitter_creator":"@InformeLitoral","twitter_site":"@InformeLitoral","twitter_misc":{"Escrito por":"Sebastian","Tiempo de lectura":"1 minuto"},"schema":{"@context":"https:\/\/schema.org","@graph":[{"@type":"Article","@id":"https:\/\/informelitoral.com.ar\/el-frente-frio-avanza-por-el-centro-del-pais-y-la-ola-de-calor-empieza-a-ceder\/#article","isPartOf":{"@id":"https:\/\/informelitoral.com.ar\/el-frente-frio-avanza-por-el-centro-del-pais-y-la-ola-de-calor-empieza-a-ceder\/"},"author":{"name":"Sebastian","@id":"https:\/\/informelitoral.com.ar\/#\/schema\/person\/f05f9f461677119578717524b127d6d5"},"headline":"El \u201cfrente fr\u00edo\u201d avanza por el centro del pa\u00eds y la ola de calor empieza a ceder","datePublished":"2023-01-11T11:35:27+00:00","dateModified":"2023-01-11T21:02:57+00:00","mainEntityOfPage":{"@id":"https:\/\/informelitoral.com.ar\/el-frente-frio-avanza-por-el-centro-del-pais-y-la-ola-de-calor-empieza-a-ceder\/"},"wordCount":246,"commentCount":0,"publisher":{"@id":"https:\/\/informelitoral.com.ar\/#organization"},"image":{"@id":"https:\/\/informelitoral.com.ar\/el-frente-frio-avanza-por-el-centro-del-pais-y-la-ola-de-calor-empieza-a-ceder\/#primaryimage"},"thumbnailUrl":"https:\/\/informelitoral.com.ar\/%77%70%2d%63%6f%6e%74%65%6e%74\/uploads\/2022\/01\/olas-de-calor1-770x514-1.jpg","keywords":["El tiempo","SMN"],"articleSection":["Entre R\u00edos"],"inLanguage":"es","potentialAction":[{"@type":"CommentAction","name":"Comment","target":["https:\/\/informelitoral.com.ar\/el-frente-frio-avanza-por-el-centro-del-pais-y-la-ola-de-calor-empieza-a-ceder\/#respond"]}]},{"@type":"WebPage","@id":"https:\/\/informelitoral.com.ar\/el-frente-frio-avanza-por-el-centro-del-pais-y-la-ola-de-calor-empieza-a-ceder\/","url":"https:\/\/informelitoral.com.ar\/el-frente-frio-avanza-por-el-centro-del-pais-y-la-ola-de-calor-empieza-a-ceder\/","name":"El \u201cfrente fr\u00edo\u201d avanza por el centro del pa\u00eds y la ola de calor empieza a ceder - Informe Litoral","isPartOf":{"@id":"https:\/\/informelitoral.com.ar\/#website"},"primaryImageOfPage":{"@id":"https:\/\/informelitoral.com.ar\/el-frente-frio-avanza-por-el-centro-del-pais-y-la-ola-de-calor-empieza-a-ceder\/#primaryimage"},"image":{"@id":"https:\/\/informelitoral.com.ar\/el-frente-frio-avanza-por-el-centro-del-pais-y-la-ola-de-calor-empieza-a-ceder\/#primaryimage"},"thumbnailUrl":"https:\/\/informelitoral.com.ar\/%77%70%2d%63%6f%6e%74%65%6e%74\/uploads\/2022\/01\/olas-de-calor1-770x514-1.jpg","datePublished":"2023-01-11T11:35:27+00:00","dateModified":"2023-01-11T21:02:57+00:00","breadcrumb":{"@id":"https:\/\/informelitoral.com.ar\/el-frente-frio-avanza-por-el-centro-del-pais-y-la-ola-de-calor-empieza-a-ceder\/#breadcrumb"},"inLanguage":"es","potentialAction":[{"@type":"ReadAction","target":["https:\/\/informelitoral.com.ar\/el-frente-frio-avanza-por-el-centro-del-pais-y-la-ola-de-calor-empieza-a-ceder\/"]}]},{"@type":"ImageObject","inLanguage":"es","@id":"https:\/\/informelitoral.com.ar\/el-frente-frio-avanza-por-el-centro-del-pais-y-la-ola-de-calor-empieza-a-ceder\/#primaryimage","url":"https:\/\/informelitoral.com.ar\/%77%70%2d%63%6f%6e%74%65%6e%74\/uploads\/2022\/01\/olas-de-calor1-770x514-1.jpg","contentUrl":"https:\/\/informelitoral.com.ar\/%77%70%2d%63%6f%6e%74%65%6e%74\/uploads\/2022\/01\/olas-de-calor1-770x514-1.jpg","width":770,"height":514},{"@type":"BreadcrumbList","@id":"https:\/\/informelitoral.com.ar\/el-frente-frio-avanza-por-el-centro-del-pais-y-la-ola-de-calor-empieza-a-ceder\/#breadcrumb","itemListElement":[{"@type":"ListItem","position":1,"name":"Portada","item":"https:\/\/informelitoral.com.ar\/"},{"@type":"ListItem","position":2,"name":"El \u201cfrente fr\u00edo\u201d avanza por el centro del pa\u00eds y la ola de calor empieza a ceder"}]},{"@type":"WebSite","@id":"https:\/\/informelitoral.com.ar\/#website","url":"https:\/\/informelitoral.com.ar\/","name":"Informe Litoral","description":"&quot;Nos informamos&quot; ","publisher":{"@id":"https:\/\/informelitoral.com.ar\/#organization"},"potentialAction":[{"@type":"SearchAction","target":{"@type":"EntryPoint","urlTemplate":"https:\/\/informelitoral.com.ar\/?s={search_term_string}"},"query-input":{"@type":"PropertyValueSpecification","valueRequired":true,"valueName":"search_term_string"}}],"inLanguage":"es"},{"@type":"Organization","@id":"https:\/\/informelitoral.com.ar\/#organization","name":"Informe Litoral","url":"https:\/\/informelitoral.com.ar\/","logo":{"@type":"ImageObject","inLanguage":"es","@id":"https:\/\/informelitoral.com.ar\/#\/schema\/logo\/image\/","url":"https:\/\/informelitoral.com.ar\/%77%70%2d%63%6f%6e%74%65%6e%74\/uploads\/2021\/01\/circulo.png","contentUrl":"https:\/\/informelitoral.com.ar\/%77%70%2d%63%6f%6e%74%65%6e%74\/uploads\/2021\/01\/circulo.png","width":723,"height":731,"caption":"Informe Litoral"},"image":{"@id":"https:\/\/informelitoral.com.ar\/#\/schema\/logo\/image\/"},"sameAs":["https:\/\/www.facebook.com\/informelitoral\/","https:\/\/x.com\/InformeLitoral","https:\/\/www.instagram.com\/informelitoral\/","https:\/\/www.youtube.com\/channel\/UCua4Qvz8Icb6MYqhoq9xLXw"]},{"@type":"Person","@id":"https:\/\/informelitoral.com.ar\/#\/schema\/person\/f05f9f461677119578717524b127d6d5","name":"Sebastian","image":{"@type":"ImageObject","inLanguage":"es","@id":"https:\/\/secure.gravatar.com\/avatar\/b71bf7481d447dfb9583c7f2798e7cc64de6efb9067b74633ed8c31059a3bd82?s=96&d=mm&r=g","url":"https:\/\/secure.gravatar.com\/avatar\/b71bf7481d447dfb9583c7f2798e7cc64de6efb9067b74633ed8c31059a3bd82?s=96&d=mm&r=g","contentUrl":"https:\/\/secure.gravatar.com\/avatar\/b71bf7481d447dfb9583c7f2798e7cc64de6efb9067b74633ed8c31059a3bd82?s=96&d=mm&r=g","caption":"Sebastian"},"url":"https:\/\/informelitoral.com.ar\/author\/sebastian\/"}]}},"_links":{"self":[{"href":"https:\/\/informelitoral.com.ar\/%77%70%2d%6a%73%6f%6e\/wp\/v2\/posts\/109262","targetHints":{"allow":["GET"]}}],"collection":[{"href":"https:\/\/informelitoral.com.ar\/%77%70%2d%6a%73%6f%6e\/wp\/v2\/posts"}],"about":[{"href":"https:\/\/informelitoral.com.ar\/%77%70%2d%6a%73%6f%6e\/wp\/v2\/types\/post"}],"author":[{"embeddable":true,"href":"https:\/\/informelitoral.com.ar\/%77%70%2d%6a%73%6f%6e\/wp\/v2\/users\/8"}],"replies":[{"embeddable":true,"href":"https:\/\/informelitoral.com.ar\/%77%70%2d%6a%73%6f%6e\/wp\/v2\/comments?post=109262"}],"version-history":[{"count":0,"href":"https:\/\/informelitoral.com.ar\/%77%70%2d%6a%73%6f%6e\/wp\/v2\/posts\/109262\/revisions"}],"wp:featuredmedia":[{"embeddable":true,"href":"https:\/\/informelitoral.com.ar\/%77%70%2d%6a%73%6f%6e\/wp\/v2\/media\/70007"}],"wp:attachment":[{"href":"https:\/\/informelitoral.com.ar\/%77%70%2d%6a%73%6f%6e\/wp\/v2\/media?parent=109262"}],"wp:term":[{"taxonomy":"category","embeddable":true,"href":"https:\/\/informelitoral.com.ar\/%77%70%2d%6a%73%6f%6e\/wp\/v2\/categories?post=109262"},{"taxonomy":"post_tag","embeddable":true,"href":"https:\/\/informelitoral.com.ar\/%77%70%2d%6a%73%6f%6e\/wp\/v2\/tags?post=109262"}],"curies":[{"name":"wp","href":"https:\/\/api.w.org\/{rel}","templated":true}]}}