{"id":10926,"date":"2015-06-03T14:50:18","date_gmt":"2015-06-03T17:50:18","guid":{"rendered":"http:\/\/www.isletasnoticias.com.ar\/?p=10926"},"modified":"2015-06-03T14:51:21","modified_gmt":"2015-06-03T17:51:21","slug":"abel-pintos-hablo-por-primera-vez-sobre-su-sexualidad","status":"publish","type":"post","link":"https:\/\/informelitoral.com.ar\/abel-pintos-hablo-por-primera-vez-sobre-su-sexualidad\/","title":{"rendered":"Abel Pintos habl\u00f3 por primera vez sobre su sexualidad"},"content":{"rendered":"<p><strong>De gira por Espa\u00f1a, el cantante brind\u00f3 una nota al diario <em>El Pa\u00eds<\/em>. \u00abNo soy homosexual. Alguien quiso crear una historia. No era cierta\u00bb, sostuvo.<a href=\"http:\/\/www.isletasnoticias.com.ar\/%77%70%2d%63%6f%6e%74%65%6e%74\/uploads\/2015\/06\/pintos.jpg\"><img loading=\"lazy\" decoding=\"async\" class=\"aligncenter size-medium wp-image-10927\" src=\"http:\/\/www.isletasnoticias.com.ar\/%77%70%2d%63%6f%6e%74%65%6e%74\/uploads\/2015\/06\/pintos-300x169.jpg\" alt=\"pintos\" width=\"300\" height=\"169\" srcset=\"https:\/\/informelitoral.com.ar\/%77%70%2d%63%6f%6e%74%65%6e%74\/uploads\/2015\/06\/pintos-300x169.jpg 300w, https:\/\/informelitoral.com.ar\/%77%70%2d%63%6f%6e%74%65%6e%74\/uploads\/2015\/06\/pintos.jpg 468w\" sizes=\"auto, (max-width: 300px) 100vw, 300px\" \/><\/a><\/strong><\/p>\n<p>Y un d\u00eda Abel Pintos termin\u00f3 con los rumores sobre su sexualidad. De gira por Espa\u00f1a, el cantante decidi\u00f3 ponerle fin a las versiones. Y por primera vez se expres\u00f3 al respecto. \u00abNo soy homosexual, pero tampoco me preocupa (lo que dicen). Yo s\u00e9 c\u00f3mo es mi vida\u00bb, sostuvo, en una entrevista con el diario El Pa\u00eds, tras visitar con \u00e9xito Barcelona y Madrid, seg\u00fan reprodujo Clar\u00edn.<\/p>\n<p>El periodista V\u00edctor N\u00fa\u00f1ez Jaime, del peri\u00f3dico espa\u00f1ol, le pregunt\u00f3 exactamente: \u00abEsa popularidad cada vez mayor ha suscitado el inter\u00e9s de su vida privada y hasta se han circulado fotos \u00edntimas (en alusi\u00f3n a im\u00e1genes que no eran de Abel). \u00bfPor qu\u00e9 ser\u00e1 que la sexualidad de una persona sigue siendo objeto de morbo?\u00bb. Y, entonces, el artista contest\u00f3: \u00abLo has definido bien. Fue morbo. Yo no soy homosexual y alguien, qui\u00e9n sabe por qu\u00e9, sac\u00f3 esas fotos. No soy una persona que elija exponer las cosas que no se exponen naturalmente. Pero alguien quiso crear una historia. No era una historia cierta- Si yo fuera homosexual no me hubiese preocupado\u00bb.<\/p>\n<p>Luego, a la hora de decodificar el motivo por el cual su sexualidad gener\u00f3 inter\u00e9s, analiz\u00f3: \u00abSupongo que eso es parte de querer conocer lo que no se ve de alguien, \u00bfno? A todos nos encanta ir m\u00e1s all\u00e1 del misterio. Cuando un artista no cuenta porque s\u00ed con qui\u00e9n estuvo la noche anterior, se crea cierta curiosidad. Es como ir de invitado a una casa y estar en el comedor y querer saber c\u00f3mo es el cuarto o el ba\u00f1o&#8230; Yo conf\u00edo en el respeto que siento por el p\u00fablico y en el respeto que el p\u00fablico siente por m\u00ed. A ambos nos interesa la m\u00fasica. No m\u00e1s cosas\u00bb.<\/p>\n","protected":false},"excerpt":{"rendered":"<p>De gira por Espa&ntilde;a, el cantante brind&oacute; una nota al diario El Pa&iacute;s. &laquo;No soy homosexual. Alguien quiso crear una historia. No era cierta&raquo;, sostuvo. Y un d&iacute;a Abel Pintos termin&oacute; con los rumores sobre su sexualidad. De gira por Espa&ntilde;a, el cantante decidi&oacute; ponerle fin a las versiones. Y por primera vez se expres&oacute; [&hellip;]<\/p>\n","protected":false},"author":2,"featured_media":0,"comment_status":"open","ping_status":"open","sticky":false,"template":"","format":"standard","meta":{"fifu_image_url":"","fifu_image_alt":"","footnotes":""},"categories":[12],"tags":[],"class_list":{"0":"post-10926","1":"post","2":"type-post","3":"status-publish","4":"format-standard","6":"category-espectaculos"},"yoast_head":"<title>Abel Pintos habl\u00f3 por primera vez sobre su sexualidad - Informe Litoral<\/title>\n<meta name=\"robots\" content=\"index, follow, max-snippet:-1, max-image-preview:large, max-video-preview:-1\" \/>\n<link rel=\"canonical\" href=\"https:\/\/informelitoral.com.ar\/abel-pintos-hablo-por-primera-vez-sobre-su-sexualidad\/\" \/>\n<meta property=\"og:locale\" content=\"es_ES\" \/>\n<meta property=\"og:type\" content=\"article\" \/>\n<meta property=\"og:title\" content=\"Abel Pintos habl\u00f3 por primera vez sobre su sexualidad - Informe Litoral\" \/>\n<meta property=\"og:description\" content=\"De gira por Espa&ntilde;a, el cantante brind&oacute; una nota al diario El Pa&iacute;s. &laquo;No soy homosexual. Alguien quiso crear una historia. No era cierta&raquo;, sostuvo. Y un d&iacute;a Abel Pintos termin&oacute; con los rumores sobre su sexualidad. De gira por Espa&ntilde;a, el cantante decidi&oacute; ponerle fin a las versiones. Y por primera vez se expres&oacute; [&hellip;]\" \/>\n<meta property=\"og:url\" content=\"https:\/\/informelitoral.com.ar\/abel-pintos-hablo-por-primera-vez-sobre-su-sexualidad\/\" \/>\n<meta property=\"og:site_name\" content=\"Informe Litoral\" \/>\n<meta property=\"article:publisher\" content=\"https:\/\/www.facebook.com\/informelitoral\/\" \/>\n<meta property=\"article:published_time\" content=\"2015-06-03T17:50:18+00:00\" \/>\n<meta property=\"article:modified_time\" content=\"2015-06-03T17:51:21+00:00\" \/>\n<meta property=\"og:image\" content=\"https:\/\/informelitoral.com.ar\/%77%70%2d%63%6f%6e%74%65%6e%74\/uploads\/2015\/06\/pintos.jpg\" \/>\n\t<meta property=\"og:image:width\" content=\"468\" \/>\n\t<meta property=\"og:image:height\" content=\"263\" \/>\n\t<meta property=\"og:image:type\" content=\"image\/jpeg\" \/>\n<meta name=\"author\" content=\"Gonzalo Schmidt\" \/>\n<meta name=\"twitter:card\" content=\"summary_large_image\" \/>\n<meta name=\"twitter:creator\" content=\"@InformeLitoral\" \/>\n<meta name=\"twitter:site\" content=\"@InformeLitoral\" \/>\n<meta name=\"twitter:label1\" content=\"Escrito por\" \/>\n\t<meta name=\"twitter:data1\" content=\"Gonzalo Schmidt\" \/>\n\t<meta name=\"twitter:label2\" content=\"Tiempo de lectura\" \/>\n\t<meta name=\"twitter:data2\" content=\"2 minutos\" \/>\n<script type=\"application\/ld+json\" class=\"yoast-schema-graph\">{\"@context\":\"https:\\\/\\\/schema.org\",\"@graph\":[{\"@type\":\"Article\",\"@id\":\"https:\\\/\\\/informelitoral.com.ar\\\/abel-pintos-hablo-por-primera-vez-sobre-su-sexualidad\\\/#article\",\"isPartOf\":{\"@id\":\"https:\\\/\\\/informelitoral.com.ar\\\/abel-pintos-hablo-por-primera-vez-sobre-su-sexualidad\\\/\"},\"author\":{\"name\":\"Gonzalo Schmidt\",\"@id\":\"https:\\\/\\\/informelitoral.com.ar\\\/#\\\/schema\\\/person\\\/b9d00407c836482871ef1d57bf8e3180\"},\"headline\":\"Abel Pintos habl\u00f3 por primera vez sobre su sexualidad\",\"datePublished\":\"2015-06-03T17:50:18+00:00\",\"dateModified\":\"2015-06-03T17:51:21+00:00\",\"mainEntityOfPage\":{\"@id\":\"https:\\\/\\\/informelitoral.com.ar\\\/abel-pintos-hablo-por-primera-vez-sobre-su-sexualidad\\\/\"},\"wordCount\":348,\"commentCount\":0,\"publisher\":{\"@id\":\"https:\\\/\\\/informelitoral.com.ar\\\/#organization\"},\"image\":{\"@id\":\"https:\\\/\\\/informelitoral.com.ar\\\/abel-pintos-hablo-por-primera-vez-sobre-su-sexualidad\\\/#primaryimage\"},\"thumbnailUrl\":\"http:\\\/\\\/www.isletasnoticias.com.ar\\\/%77%70%2d%63%6f%6e%74%65%6e%74\\\/uploads\\\/2015\\\/06\\\/pintos-300x169.jpg\",\"articleSection\":[\"Espect\u00e1culos\"],\"inLanguage\":\"es\",\"potentialAction\":[{\"@type\":\"CommentAction\",\"name\":\"Comment\",\"target\":[\"https:\\\/\\\/informelitoral.com.ar\\\/abel-pintos-hablo-por-primera-vez-sobre-su-sexualidad\\\/#respond\"]}]},{\"@type\":\"WebPage\",\"@id\":\"https:\\\/\\\/informelitoral.com.ar\\\/abel-pintos-hablo-por-primera-vez-sobre-su-sexualidad\\\/\",\"url\":\"https:\\\/\\\/informelitoral.com.ar\\\/abel-pintos-hablo-por-primera-vez-sobre-su-sexualidad\\\/\",\"name\":\"Abel Pintos habl\u00f3 por primera vez sobre su sexualidad - Informe Litoral\",\"isPartOf\":{\"@id\":\"https:\\\/\\\/informelitoral.com.ar\\\/#website\"},\"primaryImageOfPage\":{\"@id\":\"https:\\\/\\\/informelitoral.com.ar\\\/abel-pintos-hablo-por-primera-vez-sobre-su-sexualidad\\\/#primaryimage\"},\"image\":{\"@id\":\"https:\\\/\\\/informelitoral.com.ar\\\/abel-pintos-hablo-por-primera-vez-sobre-su-sexualidad\\\/#primaryimage\"},\"thumbnailUrl\":\"http:\\\/\\\/www.isletasnoticias.com.ar\\\/%77%70%2d%63%6f%6e%74%65%6e%74\\\/uploads\\\/2015\\\/06\\\/pintos-300x169.jpg\",\"datePublished\":\"2015-06-03T17:50:18+00:00\",\"dateModified\":\"2015-06-03T17:51:21+00:00\",\"breadcrumb\":{\"@id\":\"https:\\\/\\\/informelitoral.com.ar\\\/abel-pintos-hablo-por-primera-vez-sobre-su-sexualidad\\\/#breadcrumb\"},\"inLanguage\":\"es\",\"potentialAction\":[{\"@type\":\"ReadAction\",\"target\":[\"https:\\\/\\\/informelitoral.com.ar\\\/abel-pintos-hablo-por-primera-vez-sobre-su-sexualidad\\\/\"]}]},{\"@type\":\"ImageObject\",\"inLanguage\":\"es\",\"@id\":\"https:\\\/\\\/informelitoral.com.ar\\\/abel-pintos-hablo-por-primera-vez-sobre-su-sexualidad\\\/#primaryimage\",\"url\":\"http:\\\/\\\/www.isletasnoticias.com.ar\\\/%77%70%2d%63%6f%6e%74%65%6e%74\\\/uploads\\\/2015\\\/06\\\/pintos-300x169.jpg\",\"contentUrl\":\"http:\\\/\\\/www.isletasnoticias.com.ar\\\/%77%70%2d%63%6f%6e%74%65%6e%74\\\/uploads\\\/2015\\\/06\\\/pintos-300x169.jpg\"},{\"@type\":\"BreadcrumbList\",\"@id\":\"https:\\\/\\\/informelitoral.com.ar\\\/abel-pintos-hablo-por-primera-vez-sobre-su-sexualidad\\\/#breadcrumb\",\"itemListElement\":[{\"@type\":\"ListItem\",\"position\":1,\"name\":\"Portada\",\"item\":\"https:\\\/\\\/informelitoral.com.ar\\\/\"},{\"@type\":\"ListItem\",\"position\":2,\"name\":\"Abel Pintos habl\u00f3 por primera vez sobre su sexualidad\"}]},{\"@type\":\"WebSite\",\"@id\":\"https:\\\/\\\/informelitoral.com.ar\\\/#website\",\"url\":\"https:\\\/\\\/informelitoral.com.ar\\\/\",\"name\":\"Informe Litoral\",\"description\":\"&quot;Nos informamos&quot; \",\"publisher\":{\"@id\":\"https:\\\/\\\/informelitoral.com.ar\\\/#organization\"},\"potentialAction\":[{\"@type\":\"SearchAction\",\"target\":{\"@type\":\"EntryPoint\",\"urlTemplate\":\"https:\\\/\\\/informelitoral.com.ar\\\/?s={search_term_string}\"},\"query-input\":{\"@type\":\"PropertyValueSpecification\",\"valueRequired\":true,\"valueName\":\"search_term_string\"}}],\"inLanguage\":\"es\"},{\"@type\":\"Organization\",\"@id\":\"https:\\\/\\\/informelitoral.com.ar\\\/#organization\",\"name\":\"Informe Litoral\",\"url\":\"https:\\\/\\\/informelitoral.com.ar\\\/\",\"logo\":{\"@type\":\"ImageObject\",\"inLanguage\":\"es\",\"@id\":\"https:\\\/\\\/informelitoral.com.ar\\\/#\\\/schema\\\/logo\\\/image\\\/\",\"url\":\"https:\\\/\\\/informelitoral.com.ar\\\/%77%70%2d%63%6f%6e%74%65%6e%74\\\/uploads\\\/2021\\\/01\\\/circulo.png\",\"contentUrl\":\"https:\\\/\\\/informelitoral.com.ar\\\/%77%70%2d%63%6f%6e%74%65%6e%74\\\/uploads\\\/2021\\\/01\\\/circulo.png\",\"width\":723,\"height\":731,\"caption\":\"Informe Litoral\"},\"image\":{\"@id\":\"https:\\\/\\\/informelitoral.com.ar\\\/#\\\/schema\\\/logo\\\/image\\\/\"},\"sameAs\":[\"https:\\\/\\\/www.facebook.com\\\/informelitoral\\\/\",\"https:\\\/\\\/x.com\\\/InformeLitoral\",\"https:\\\/\\\/www.instagram.com\\\/informelitoral\\\/\",\"https:\\\/\\\/www.youtube.com\\\/channel\\\/UCua4Qvz8Icb6MYqhoq9xLXw\"]},{\"@type\":\"Person\",\"@id\":\"https:\\\/\\\/informelitoral.com.ar\\\/#\\\/schema\\\/person\\\/b9d00407c836482871ef1d57bf8e3180\",\"name\":\"Gonzalo Schmidt\",\"image\":{\"@type\":\"ImageObject\",\"inLanguage\":\"es\",\"@id\":\"https:\\\/\\\/secure.gravatar.com\\\/avatar\\\/31a1a7b66ff2de83bd0e9fd79d026630d2d99e55e8bfe501287647b4fd9743de?s=96&d=mm&r=g\",\"url\":\"https:\\\/\\\/secure.gravatar.com\\\/avatar\\\/31a1a7b66ff2de83bd0e9fd79d026630d2d99e55e8bfe501287647b4fd9743de?s=96&d=mm&r=g\",\"contentUrl\":\"https:\\\/\\\/secure.gravatar.com\\\/avatar\\\/31a1a7b66ff2de83bd0e9fd79d026630d2d99e55e8bfe501287647b4fd9743de?s=96&d=mm&r=g\",\"caption\":\"Gonzalo Schmidt\"},\"description\":\"Sitio web de noticias de la provincia de Entre R\u00edos, Argentina. Informaci\u00f3n y entretenimiento. Informe Litoral, nos informamos.\",\"sameAs\":[\"http:\\\/\\\/www.isletasnoticias.com.ar\"],\"url\":\"https:\\\/\\\/informelitoral.com.ar\\\/author\\\/gonzalo\\\/\"}]}<\/script>","yoast_head_json":{"title":"Abel Pintos habl\u00f3 por primera vez sobre su sexualidad - Informe Litoral","robots":{"index":"index","follow":"follow","max-snippet":"max-snippet:-1","max-image-preview":"max-image-preview:large","max-video-preview":"max-video-preview:-1"},"canonical":"https:\/\/informelitoral.com.ar\/abel-pintos-hablo-por-primera-vez-sobre-su-sexualidad\/","og_locale":"es_ES","og_type":"article","og_title":"Abel Pintos habl\u00f3 por primera vez sobre su sexualidad - Informe Litoral","og_description":"De gira por Espa&ntilde;a, el cantante brind&oacute; una nota al diario El Pa&iacute;s. &laquo;No soy homosexual. Alguien quiso crear una historia. No era cierta&raquo;, sostuvo. Y un d&iacute;a Abel Pintos termin&oacute; con los rumores sobre su sexualidad. De gira por Espa&ntilde;a, el cantante decidi&oacute; ponerle fin a las versiones. Y por primera vez se expres&oacute; [&hellip;]","og_url":"https:\/\/informelitoral.com.ar\/abel-pintos-hablo-por-primera-vez-sobre-su-sexualidad\/","og_site_name":"Informe Litoral","article_publisher":"https:\/\/www.facebook.com\/informelitoral\/","article_published_time":"2015-06-03T17:50:18+00:00","article_modified_time":"2015-06-03T17:51:21+00:00","og_image":[{"width":468,"height":263,"url":"https:\/\/informelitoral.com.ar\/%77%70%2d%63%6f%6e%74%65%6e%74\/uploads\/2015\/06\/pintos.jpg","type":"image\/jpeg"}],"author":"Gonzalo Schmidt","twitter_card":"summary_large_image","twitter_creator":"@InformeLitoral","twitter_site":"@InformeLitoral","twitter_misc":{"Escrito por":"Gonzalo Schmidt","Tiempo de lectura":"2 minutos"},"schema":{"@context":"https:\/\/schema.org","@graph":[{"@type":"Article","@id":"https:\/\/informelitoral.com.ar\/abel-pintos-hablo-por-primera-vez-sobre-su-sexualidad\/#article","isPartOf":{"@id":"https:\/\/informelitoral.com.ar\/abel-pintos-hablo-por-primera-vez-sobre-su-sexualidad\/"},"author":{"name":"Gonzalo Schmidt","@id":"https:\/\/informelitoral.com.ar\/#\/schema\/person\/b9d00407c836482871ef1d57bf8e3180"},"headline":"Abel Pintos habl\u00f3 por primera vez sobre su sexualidad","datePublished":"2015-06-03T17:50:18+00:00","dateModified":"2015-06-03T17:51:21+00:00","mainEntityOfPage":{"@id":"https:\/\/informelitoral.com.ar\/abel-pintos-hablo-por-primera-vez-sobre-su-sexualidad\/"},"wordCount":348,"commentCount":0,"publisher":{"@id":"https:\/\/informelitoral.com.ar\/#organization"},"image":{"@id":"https:\/\/informelitoral.com.ar\/abel-pintos-hablo-por-primera-vez-sobre-su-sexualidad\/#primaryimage"},"thumbnailUrl":"http:\/\/www.isletasnoticias.com.ar\/%77%70%2d%63%6f%6e%74%65%6e%74\/uploads\/2015\/06\/pintos-300x169.jpg","articleSection":["Espect\u00e1culos"],"inLanguage":"es","potentialAction":[{"@type":"CommentAction","name":"Comment","target":["https:\/\/informelitoral.com.ar\/abel-pintos-hablo-por-primera-vez-sobre-su-sexualidad\/#respond"]}]},{"@type":"WebPage","@id":"https:\/\/informelitoral.com.ar\/abel-pintos-hablo-por-primera-vez-sobre-su-sexualidad\/","url":"https:\/\/informelitoral.com.ar\/abel-pintos-hablo-por-primera-vez-sobre-su-sexualidad\/","name":"Abel Pintos habl\u00f3 por primera vez sobre su sexualidad - Informe Litoral","isPartOf":{"@id":"https:\/\/informelitoral.com.ar\/#website"},"primaryImageOfPage":{"@id":"https:\/\/informelitoral.com.ar\/abel-pintos-hablo-por-primera-vez-sobre-su-sexualidad\/#primaryimage"},"image":{"@id":"https:\/\/informelitoral.com.ar\/abel-pintos-hablo-por-primera-vez-sobre-su-sexualidad\/#primaryimage"},"thumbnailUrl":"http:\/\/www.isletasnoticias.com.ar\/%77%70%2d%63%6f%6e%74%65%6e%74\/uploads\/2015\/06\/pintos-300x169.jpg","datePublished":"2015-06-03T17:50:18+00:00","dateModified":"2015-06-03T17:51:21+00:00","breadcrumb":{"@id":"https:\/\/informelitoral.com.ar\/abel-pintos-hablo-por-primera-vez-sobre-su-sexualidad\/#breadcrumb"},"inLanguage":"es","potentialAction":[{"@type":"ReadAction","target":["https:\/\/informelitoral.com.ar\/abel-pintos-hablo-por-primera-vez-sobre-su-sexualidad\/"]}]},{"@type":"ImageObject","inLanguage":"es","@id":"https:\/\/informelitoral.com.ar\/abel-pintos-hablo-por-primera-vez-sobre-su-sexualidad\/#primaryimage","url":"http:\/\/www.isletasnoticias.com.ar\/%77%70%2d%63%6f%6e%74%65%6e%74\/uploads\/2015\/06\/pintos-300x169.jpg","contentUrl":"http:\/\/www.isletasnoticias.com.ar\/%77%70%2d%63%6f%6e%74%65%6e%74\/uploads\/2015\/06\/pintos-300x169.jpg"},{"@type":"BreadcrumbList","@id":"https:\/\/informelitoral.com.ar\/abel-pintos-hablo-por-primera-vez-sobre-su-sexualidad\/#breadcrumb","itemListElement":[{"@type":"ListItem","position":1,"name":"Portada","item":"https:\/\/informelitoral.com.ar\/"},{"@type":"ListItem","position":2,"name":"Abel Pintos habl\u00f3 por primera vez sobre su sexualidad"}]},{"@type":"WebSite","@id":"https:\/\/informelitoral.com.ar\/#website","url":"https:\/\/informelitoral.com.ar\/","name":"Informe Litoral","description":"&quot;Nos informamos&quot; ","publisher":{"@id":"https:\/\/informelitoral.com.ar\/#organization"},"potentialAction":[{"@type":"SearchAction","target":{"@type":"EntryPoint","urlTemplate":"https:\/\/informelitoral.com.ar\/?s={search_term_string}"},"query-input":{"@type":"PropertyValueSpecification","valueRequired":true,"valueName":"search_term_string"}}],"inLanguage":"es"},{"@type":"Organization","@id":"https:\/\/informelitoral.com.ar\/#organization","name":"Informe Litoral","url":"https:\/\/informelitoral.com.ar\/","logo":{"@type":"ImageObject","inLanguage":"es","@id":"https:\/\/informelitoral.com.ar\/#\/schema\/logo\/image\/","url":"https:\/\/informelitoral.com.ar\/%77%70%2d%63%6f%6e%74%65%6e%74\/uploads\/2021\/01\/circulo.png","contentUrl":"https:\/\/informelitoral.com.ar\/%77%70%2d%63%6f%6e%74%65%6e%74\/uploads\/2021\/01\/circulo.png","width":723,"height":731,"caption":"Informe Litoral"},"image":{"@id":"https:\/\/informelitoral.com.ar\/#\/schema\/logo\/image\/"},"sameAs":["https:\/\/www.facebook.com\/informelitoral\/","https:\/\/x.com\/InformeLitoral","https:\/\/www.instagram.com\/informelitoral\/","https:\/\/www.youtube.com\/channel\/UCua4Qvz8Icb6MYqhoq9xLXw"]},{"@type":"Person","@id":"https:\/\/informelitoral.com.ar\/#\/schema\/person\/b9d00407c836482871ef1d57bf8e3180","name":"Gonzalo Schmidt","image":{"@type":"ImageObject","inLanguage":"es","@id":"https:\/\/secure.gravatar.com\/avatar\/31a1a7b66ff2de83bd0e9fd79d026630d2d99e55e8bfe501287647b4fd9743de?s=96&d=mm&r=g","url":"https:\/\/secure.gravatar.com\/avatar\/31a1a7b66ff2de83bd0e9fd79d026630d2d99e55e8bfe501287647b4fd9743de?s=96&d=mm&r=g","contentUrl":"https:\/\/secure.gravatar.com\/avatar\/31a1a7b66ff2de83bd0e9fd79d026630d2d99e55e8bfe501287647b4fd9743de?s=96&d=mm&r=g","caption":"Gonzalo Schmidt"},"description":"Sitio web de noticias de la provincia de Entre R\u00edos, Argentina. Informaci\u00f3n y entretenimiento. Informe Litoral, nos informamos.","sameAs":["http:\/\/www.isletasnoticias.com.ar"],"url":"https:\/\/informelitoral.com.ar\/author\/gonzalo\/"}]}},"_links":{"self":[{"href":"https:\/\/informelitoral.com.ar\/%77%70%2d%6a%73%6f%6e\/wp\/v2\/posts\/10926","targetHints":{"allow":["GET"]}}],"collection":[{"href":"https:\/\/informelitoral.com.ar\/%77%70%2d%6a%73%6f%6e\/wp\/v2\/posts"}],"about":[{"href":"https:\/\/informelitoral.com.ar\/%77%70%2d%6a%73%6f%6e\/wp\/v2\/types\/post"}],"author":[{"embeddable":true,"href":"https:\/\/informelitoral.com.ar\/%77%70%2d%6a%73%6f%6e\/wp\/v2\/users\/2"}],"replies":[{"embeddable":true,"href":"https:\/\/informelitoral.com.ar\/%77%70%2d%6a%73%6f%6e\/wp\/v2\/comments?post=10926"}],"version-history":[{"count":0,"href":"https:\/\/informelitoral.com.ar\/%77%70%2d%6a%73%6f%6e\/wp\/v2\/posts\/10926\/revisions"}],"wp:attachment":[{"href":"https:\/\/informelitoral.com.ar\/%77%70%2d%6a%73%6f%6e\/wp\/v2\/media?parent=10926"}],"wp:term":[{"taxonomy":"category","embeddable":true,"href":"https:\/\/informelitoral.com.ar\/%77%70%2d%6a%73%6f%6e\/wp\/v2\/categories?post=10926"},{"taxonomy":"post_tag","embeddable":true,"href":"https:\/\/informelitoral.com.ar\/%77%70%2d%6a%73%6f%6e\/wp\/v2\/tags?post=10926"}],"curies":[{"name":"wp","href":"https:\/\/api.w.org\/{rel}","templated":true}]}}