{"id":109244,"date":"2023-01-10T14:31:23","date_gmt":"2023-01-10T17:31:23","guid":{"rendered":"https:\/\/www.informelitoral.com.ar\/?p=109244"},"modified":"2023-01-10T17:19:34","modified_gmt":"2023-01-10T20:19:34","slug":"bordet-recibio-a-los-flamantes-jefes-comunales-de-entre-rios","status":"publish","type":"post","link":"https:\/\/informelitoral.com.ar\/bordet-recibio-a-los-flamantes-jefes-comunales-de-entre-rios\/","title":{"rendered":"Bordet recibi\u00f3 a los flamantes jefes comunales de Entre R\u00edos"},"content":{"rendered":"<p>En 2022, a trav\u00e9s de los decretos N\u00b02586 y N\u00b02943, el gobierno provincial unific\u00f3 y jerarquiz\u00f3 40 centros rurales de poblaci\u00f3n mediante la creaci\u00f3n de 30 nuevas comunas, ya que muchos de ellos compart\u00edan distrito. El mandatario entrerriano, acompa\u00f1ado por ministras, ministros, legisladores y legisladoras, recibi\u00f3 a las personas a cargo de las nuevas comunas con quienes destac\u00f3 la calidad institucional y democr\u00e1tica de esta decisi\u00f3n.<\/p>\n<p>\u00abEsto incide fundamentalmente en sostener la distribuci\u00f3n demogr\u00e1fica apuntalando las peque\u00f1as localidades\u201d, expres\u00f3 Bordet desde el Centro Provincial de Convenciones (CPC) de Paran\u00e1, donde se desarroll\u00f3 el encuentro.<\/p>\n<p>El mandatario remarc\u00f3 que \u201cla constituci\u00f3n en comunas significa que los ingresos crecen exponencialmente, en un 500 por ciento\u201d, y que la disposici\u00f3n de esos fondos se lleva a cabo \u201csin depender de una ayuda mensual del gobierno\u201d, ya que \u201cal ser comunas se transfieren autom\u00e1ticamente los recursos que pueden ser administradas de manera aut\u00f3noma, lo que fortalece los v\u00ednculos\u00bb, detall\u00f3.<\/p>\n<p>En di\u00e1logo con las autoridades comunales, Bordet record\u00f3 que su gobierno puso en pr\u00e1ctica la ley en 2018, que estaba prevista en la Constituci\u00f3n reformada en 2008, con lo cual se crearon ya 53 comunas en Entre R\u00edos.<\/p>\n<p>\u00abEl resultado fue excelente, porque cada una de las localidades que se transformaron en comunas crecieron. Esto signific\u00f3 una erogaci\u00f3n para el Estado provincial, pero ganamos mucho en sostener distintos pueblos y localidades que ven crecimiento en los servicios, en inversiones p\u00fablicas y tambi\u00e9n significa sostener la ruralidad de Entre R\u00edos, mejorando la calidad de vida de los vecinos\u201d, detall\u00f3.<\/p>\n<p>\u201cSi se quiere tener esta distribuci\u00f3n demogr\u00e1fica y sostener la poblaci\u00f3n rural, justamente hay que dotarlos los recursos para que los servicios tambi\u00e9n lleguen a estas zonas como a las ciudades m\u00e1s pobladas de la provincia\u00bb, explic\u00f3 el gobernador.<\/p>\n<p>En esa l\u00ednea, Bordet puso de relieve que la jerarquizaci\u00f3n institucional habilita un presupuesto a la comuna, con la jura de su presidente comunal y la constituci\u00f3n del Concejo de la comuna que oficia en la parte reglamentaria y de control. \u00abCon esto se gana tambi\u00e9n en calidad democr\u00e1tica, porque son los propios vecinos quienes eligen sus autoridades\u00bb, subray\u00f3 Bordet.<\/p>\n<p>Precis\u00f3 adem\u00e1s que le remisi\u00f3n de los fondos a las comunas se concreta diariamente a trav\u00e9s del sistema de coparticipaci\u00f3n, ingresando en las respectivas cuentas bancarias, y que el presupuesto anual para atender a las 83 comunas es en total de 4.400 millones de pesos.<\/p>\n<p>En simult\u00e1neo, explic\u00f3 Bordet, tambi\u00e9n se dot\u00f3 de m\u00e1s recursos a las juntas de gobierno, respecto de las cuales antes exist\u00edan cuatro categor\u00edas y ahora se redujeron solamente dos.<\/p>\n<p>\u201cTodas las localidades de menos de 400 habitantes siguen siendo juntas de gobierno, y tambi\u00e9n las hemos dotado m\u00e1s recursos para que puedan sostenerse en cada lugar y no tengan que hacer continuamente pedidos al departamento Ejecutivo. Al tener esta autonom\u00eda, se fortalecen los v\u00ednculos y el crecimiento de la provincia en forma arm\u00f3nica\u00bb, expres\u00f3 Bordet.<\/p>\n<p>Por \u00faltimo, agradeci\u00f3 especialmente a las legisladoras y los legisladores que trabajaron en la ley de comunas, y a los equipos de los ministerios que trabajaron de manera interdisciplinaria en el tema.<\/p>\n<p>El mandatario estuvo acompa\u00f1ado por las ministras de Gobierno, Rosario Romero; de Desarrollo Social, Marisa Paira; el ministro de Econom\u00eda, Hugo Ballay; intendentes e intendentas, legisladores y legisladoras.<\/p>\n<p><a href=\"https:\/\/www.informelitoral.com.ar\/%77%70%2d%63%6f%6e%74%65%6e%74\/uploads\/2023\/01\/1673379018jpg.jpg\"><img loading=\"lazy\" decoding=\"async\" class=\"aligncenter wp-image-109251 size-full\" src=\"https:\/\/www.informelitoral.com.ar\/%77%70%2d%63%6f%6e%74%65%6e%74\/uploads\/2023\/01\/1673379018jpg.jpg\" alt=\"\" width=\"1920\" height=\"1280\" srcset=\"https:\/\/informelitoral.com.ar\/%77%70%2d%63%6f%6e%74%65%6e%74\/uploads\/2023\/01\/1673379018jpg.jpg 1920w, https:\/\/informelitoral.com.ar\/%77%70%2d%63%6f%6e%74%65%6e%74\/uploads\/2023\/01\/1673379018jpg-300x200.jpg 300w, https:\/\/informelitoral.com.ar\/%77%70%2d%63%6f%6e%74%65%6e%74\/uploads\/2023\/01\/1673379018jpg-1024x683.jpg 1024w, https:\/\/informelitoral.com.ar\/%77%70%2d%63%6f%6e%74%65%6e%74\/uploads\/2023\/01\/1673379018jpg-768x512.jpg 768w, https:\/\/informelitoral.com.ar\/%77%70%2d%63%6f%6e%74%65%6e%74\/uploads\/2023\/01\/1673379018jpg-1536x1024.jpg 1536w, https:\/\/informelitoral.com.ar\/%77%70%2d%63%6f%6e%74%65%6e%74\/uploads\/2023\/01\/1673379018jpg-696x464.jpg 696w, https:\/\/informelitoral.com.ar\/%77%70%2d%63%6f%6e%74%65%6e%74\/uploads\/2023\/01\/1673379018jpg-1068x712.jpg 1068w, https:\/\/informelitoral.com.ar\/%77%70%2d%63%6f%6e%74%65%6e%74\/uploads\/2023\/01\/1673379018jpg-630x420.jpg 630w\" sizes=\"auto, (max-width: 1920px) 100vw, 1920px\" \/><\/a><b>Una mayor institucionalidad<\/b><\/p>\n<p>Por su parte, la ministra Rosario Romero record\u00f3 que la provincia tiene una distribuci\u00f3n poblacional muy buena, con muchos centros rurales de poblaci\u00f3n que pasaron a ser comunas. Detall\u00f3 que durante la gesti\u00f3n del gobernador Bordet pasaron 53 juntas de gobierno a ser comunas y preci\u00f3 que a partir del 31 de diciembre de 2022 se elevaron a esa categor\u00eda 30 localidades. \u00abEsto significa autonom\u00eda, poder contratar obras por s\u00ed mismos, decidir con los vecinos dictando normas y fundamentalmente multiplicar sus recursos\u00bb, remarc\u00f3 Romero y agreg\u00f3 que esto sucede en los distintos departamentos de la provincia.<\/p>\n<p>Record\u00f3 que este proceso fue reglamentado por la Constituci\u00f3n del a\u00f1o 2008, que ya preve\u00eda las comunas, pero la ley sali\u00f3 en 2018. \u00abFue por una decisi\u00f3n del Poder Ejecutivo de enviar el proyecto de ley que fue muy consensuado y que se debati\u00f3 con todas las expresiones pol\u00edticas de la provincia\u00bb, dijo la ministra.<\/p>\n<p>Explic\u00f3 que para acceder a este proceso se requiere que las localidades tengan entre 400 a 1500 habitantes (a partir de esta cantidad ya pasan a ser municipios) y dijo que dependiendo de la cantidad de habitantes en ese rango podr\u00e1n ser comunas de primera o segunda categor\u00eda.<\/p>\n<p>Por otro parte, acot\u00f3 que en algunos casos para llegar a ser comunas se unificaron dos juntas de gobierno \u00aben un proceso que tambi\u00e9n es bueno porque es una decisi\u00f3n pol\u00edtica de querer crecer, dejando de lado las apetencias o aspiraciones individuales de cada localidad\u00bb.<\/p>\n<p>Tambi\u00e9n la ministra de Desarrollo Social, Marisa Paira, hizo uso de la palabra. Sostuvo que \u201ces muy importante el paso a comunas porque a nosotros en materia de Desarrollo Social nos permite establecer convenios y avanzar en pol\u00edticas de fortalecimiento del trabajo con programas de econom\u00eda social, de microcr\u00e9ditos y de bancos de herramientas, y aportarle datos que tenemos relevados en materia de pol\u00edticas alimentarias, de discapacidad, juventud y vejez\u201d.<\/p>\n<p>A su vez, el ministro Hugo Ballay brind\u00f3 detalles sobre la nueva instituci\u00f3n que significan las comunas, sobre todo respecto a la remisi\u00f3n de fondos mediante la coparticipaci\u00f3n. Destac\u00f3 las capacitaciones que se hicieron en forma conjunta con el Ministerio de Gobierno y otros organismos, y remarc\u00f3 que su cartera y el personal est\u00e1 a disposici\u00f3n para trabajar con las comunas.<\/p>\n<p>En tanto, el intendente Ad\u00e1n Bahl, quien fue oportunamente ministro de Gobierno y vicegobernador, felicit\u00f3 a los nuevos presidentes comunales y destac\u00f3 la importancia de esta elevaci\u00f3n de categor\u00eda.<\/p>\n<p>\u201cEsto es un ejemplo de democracia y federalismo que evidencia el compromiso del gobernador Bordet con todos los entrerrianos y no s\u00f3lo los que viven en las grandes ciudades. Una decisi\u00f3n muy generosa que se pudo tomar porque las cuentas de la provincia est\u00e1n en orden. Me genera una gran alegr\u00eda, porque como ministro de Gobierno y vicegobernador fui testigo del enorme esfuerzo que los vecinos de esas localidades hac\u00edan para gestionar obras. Ser municipio significa contar con m\u00e1s herramientas para que cada uno pueda crecer y desarrollarse en su propio lugar\u201d, expres\u00f3 Bahl.<\/p>\n<p>Tambi\u00e9n estuvieron presentes las senadoras de Federal, Nancy Miranda, de Diamante, Claudia Gieco, y de Feliciano, Ester Gonz\u00e1lez, adem\u00e1s de los senadores de Paran\u00e1, Juan Carlos Kloss, de Gualeguaych\u00fa, Jorge Maradey, de Concordia, Armando Gay, de San Salvador, Marcelo Berthet, la diputada y Ester Gonz\u00e1lez (Feliciano), y el diputado provincial Sergio Castrill\u00f3n.<\/p>\n<p><b>Nuevos presidentes y presidentas<\/b><\/p>\n<p>A trav\u00e9s de los decretos 2586 y 2943, el gobierno provincial resolvi\u00f3 reconocer a 40 centros rurales de poblaci\u00f3n como territorios de 30 nuevas comunas unificadas en dos o m\u00e1s centros rurales que comparten distrito.<\/p>\n<p>Los nuevos presidentes comunales pertenecen a Antonio Tom\u00e1s, Edgardo Minchiotti; Santa Rosa, Diego Jacob; San Rafael, Roxana Toloy; Don Cristobal I, Carlos Ostorero; Puerto Algarrobo, F\u00e9lix Agust\u00edn Gonz\u00e1lez; Estaci\u00f3n Ra\u00edces, Juan Carlos Guardini; Lucas Norte, Carlos Jos\u00e9 Strumia; Betbeder, \u00c1ngela Isabel Ghirardi; Sir Leonard, Roberto Podest\u00e1; Estaci\u00f3n Yuquer\u00ed, Daniel Jos\u00e9 Viollaz; Estaci\u00f3n Yeru\u00e1, H\u00e9ctor Santos Ruiz D\u00edaz; Clodomiro Ledesma, Fernando Oscar Astudilla; Colonia Hocker, Jos\u00e9 Luis Favre; Faustino M. Parera &#8211; Pastor Britos, Isidro Jos\u00e9 Bournissen; General Almada, Diego Gustavo Otero; Arroyo Cl\u00e9, Alcides Dur\u00e9; Laguna del Pescado, Luis Omar; Colonia Baylina, Claro Baccon; Cha\u00f1ar, Fabi\u00e1n Talpone; La Verbena, Honorio Sosa; Arroyo del Medio El Gramiyal, Mar\u00eda Monz\u00f3n; Gualeguaycito, Luis Toller; San Pedro, V\u00edctor Croattini; Colonia Tunas, Alberto Dalzotto; Aldea Salto, Daniel Ruhl; Pueblo General Alvear, Julio Toledo; Estaci\u00f3n Camps, Luis Rivero; Aldea Eigenfeld \u2013Colonia Merou, Katya Schimpf; M\u00e9danos, Edgar Mattos; y Arroyo Corralito, Gustavo Mart\u00ednez.<\/p>\n","protected":false},"excerpt":{"rendered":"<p>El mandatario entrerriano destac\u00f3 el incremento de los recursos para esas comunidades, una mayor autonom\u00eda y explic\u00f3 que \u201csignifica sostener la ruralidad y fortalecer la democracia\u201d.<\/p>\n","protected":false},"author":8,"featured_media":109250,"comment_status":"open","ping_status":"open","sticky":false,"template":"","format":"standard","meta":{"fifu_image_url":"","fifu_image_alt":"","footnotes":""},"categories":[16],"tags":[81,167,427],"class_list":{"0":"post-109244","1":"post","2":"type-post","3":"status-publish","4":"format-standard","5":"has-post-thumbnail","7":"category-politi","8":"tag-entre-rios","9":"tag-gustavo-bordet","10":"tag-ley-de-comunas"},"yoast_head":"<title>Bordet recibi\u00f3 a los flamantes jefes comunales de Entre R\u00edos - Informe Litoral<\/title>\n<meta name=\"robots\" content=\"index, follow, max-snippet:-1, max-image-preview:large, max-video-preview:-1\" \/>\n<link rel=\"canonical\" href=\"https:\/\/informelitoral.com.ar\/bordet-recibio-a-los-flamantes-jefes-comunales-de-entre-rios\/\" \/>\n<meta property=\"og:locale\" content=\"es_ES\" \/>\n<meta property=\"og:type\" content=\"article\" \/>\n<meta property=\"og:title\" content=\"Bordet recibi\u00f3 a los flamantes jefes comunales de Entre R\u00edos - Informe Litoral\" \/>\n<meta property=\"og:description\" content=\"El mandatario entrerriano destac\u00f3 el incremento de los recursos para esas comunidades, una mayor autonom\u00eda y explic\u00f3 que \u201csignifica sostener la ruralidad y fortalecer la democracia\u201d.\" \/>\n<meta property=\"og:url\" content=\"https:\/\/informelitoral.com.ar\/bordet-recibio-a-los-flamantes-jefes-comunales-de-entre-rios\/\" \/>\n<meta property=\"og:site_name\" content=\"Informe Litoral\" \/>\n<meta property=\"article:publisher\" content=\"https:\/\/www.facebook.com\/informelitoral\/\" \/>\n<meta property=\"article:published_time\" content=\"2023-01-10T17:31:23+00:00\" \/>\n<meta property=\"article:modified_time\" content=\"2023-01-10T20:19:34+00:00\" \/>\n<meta property=\"og:image\" content=\"https:\/\/informelitoral.com.ar\/%77%70%2d%63%6f%6e%74%65%6e%74\/uploads\/2023\/01\/1673379010jpg.jpg\" \/>\n\t<meta property=\"og:image:width\" content=\"1920\" \/>\n\t<meta property=\"og:image:height\" content=\"1280\" \/>\n\t<meta property=\"og:image:type\" content=\"image\/jpeg\" \/>\n<meta name=\"author\" content=\"Sebastian\" \/>\n<meta name=\"twitter:card\" content=\"summary_large_image\" \/>\n<meta name=\"twitter:creator\" content=\"@InformeLitoral\" \/>\n<meta name=\"twitter:site\" content=\"@InformeLitoral\" \/>\n<meta name=\"twitter:label1\" content=\"Escrito por\" \/>\n\t<meta name=\"twitter:data1\" content=\"Sebastian\" \/>\n\t<meta name=\"twitter:label2\" content=\"Tiempo de lectura\" \/>\n\t<meta name=\"twitter:data2\" content=\"7 minutos\" \/>\n<script type=\"application\/ld+json\" class=\"yoast-schema-graph\">{\"@context\":\"https:\\\/\\\/schema.org\",\"@graph\":[{\"@type\":\"Article\",\"@id\":\"https:\\\/\\\/informelitoral.com.ar\\\/bordet-recibio-a-los-flamantes-jefes-comunales-de-entre-rios\\\/#article\",\"isPartOf\":{\"@id\":\"https:\\\/\\\/informelitoral.com.ar\\\/bordet-recibio-a-los-flamantes-jefes-comunales-de-entre-rios\\\/\"},\"author\":{\"name\":\"Sebastian\",\"@id\":\"https:\\\/\\\/informelitoral.com.ar\\\/#\\\/schema\\\/person\\\/f05f9f461677119578717524b127d6d5\"},\"headline\":\"Bordet recibi\u00f3 a los flamantes jefes comunales de Entre R\u00edos\",\"datePublished\":\"2023-01-10T17:31:23+00:00\",\"dateModified\":\"2023-01-10T20:19:34+00:00\",\"mainEntityOfPage\":{\"@id\":\"https:\\\/\\\/informelitoral.com.ar\\\/bordet-recibio-a-los-flamantes-jefes-comunales-de-entre-rios\\\/\"},\"wordCount\":1377,\"commentCount\":0,\"publisher\":{\"@id\":\"https:\\\/\\\/informelitoral.com.ar\\\/#organization\"},\"image\":{\"@id\":\"https:\\\/\\\/informelitoral.com.ar\\\/bordet-recibio-a-los-flamantes-jefes-comunales-de-entre-rios\\\/#primaryimage\"},\"thumbnailUrl\":\"https:\\\/\\\/informelitoral.com.ar\\\/%77%70%2d%63%6f%6e%74%65%6e%74\\\/uploads\\\/2023\\\/01\\\/1673379010jpg.jpg\",\"keywords\":[\"Entre R\u00edos\",\"Gustavo Bordet\",\"Ley de Comunas\"],\"articleSection\":[\"Politica\"],\"inLanguage\":\"es\",\"potentialAction\":[{\"@type\":\"CommentAction\",\"name\":\"Comment\",\"target\":[\"https:\\\/\\\/informelitoral.com.ar\\\/bordet-recibio-a-los-flamantes-jefes-comunales-de-entre-rios\\\/#respond\"]}]},{\"@type\":\"WebPage\",\"@id\":\"https:\\\/\\\/informelitoral.com.ar\\\/bordet-recibio-a-los-flamantes-jefes-comunales-de-entre-rios\\\/\",\"url\":\"https:\\\/\\\/informelitoral.com.ar\\\/bordet-recibio-a-los-flamantes-jefes-comunales-de-entre-rios\\\/\",\"name\":\"Bordet recibi\u00f3 a los flamantes jefes comunales de Entre R\u00edos - Informe Litoral\",\"isPartOf\":{\"@id\":\"https:\\\/\\\/informelitoral.com.ar\\\/#website\"},\"primaryImageOfPage\":{\"@id\":\"https:\\\/\\\/informelitoral.com.ar\\\/bordet-recibio-a-los-flamantes-jefes-comunales-de-entre-rios\\\/#primaryimage\"},\"image\":{\"@id\":\"https:\\\/\\\/informelitoral.com.ar\\\/bordet-recibio-a-los-flamantes-jefes-comunales-de-entre-rios\\\/#primaryimage\"},\"thumbnailUrl\":\"https:\\\/\\\/informelitoral.com.ar\\\/%77%70%2d%63%6f%6e%74%65%6e%74\\\/uploads\\\/2023\\\/01\\\/1673379010jpg.jpg\",\"datePublished\":\"2023-01-10T17:31:23+00:00\",\"dateModified\":\"2023-01-10T20:19:34+00:00\",\"breadcrumb\":{\"@id\":\"https:\\\/\\\/informelitoral.com.ar\\\/bordet-recibio-a-los-flamantes-jefes-comunales-de-entre-rios\\\/#breadcrumb\"},\"inLanguage\":\"es\",\"potentialAction\":[{\"@type\":\"ReadAction\",\"target\":[\"https:\\\/\\\/informelitoral.com.ar\\\/bordet-recibio-a-los-flamantes-jefes-comunales-de-entre-rios\\\/\"]}]},{\"@type\":\"ImageObject\",\"inLanguage\":\"es\",\"@id\":\"https:\\\/\\\/informelitoral.com.ar\\\/bordet-recibio-a-los-flamantes-jefes-comunales-de-entre-rios\\\/#primaryimage\",\"url\":\"https:\\\/\\\/informelitoral.com.ar\\\/%77%70%2d%63%6f%6e%74%65%6e%74\\\/uploads\\\/2023\\\/01\\\/1673379010jpg.jpg\",\"contentUrl\":\"https:\\\/\\\/informelitoral.com.ar\\\/%77%70%2d%63%6f%6e%74%65%6e%74\\\/uploads\\\/2023\\\/01\\\/1673379010jpg.jpg\",\"width\":1920,\"height\":1280},{\"@type\":\"BreadcrumbList\",\"@id\":\"https:\\\/\\\/informelitoral.com.ar\\\/bordet-recibio-a-los-flamantes-jefes-comunales-de-entre-rios\\\/#breadcrumb\",\"itemListElement\":[{\"@type\":\"ListItem\",\"position\":1,\"name\":\"Portada\",\"item\":\"https:\\\/\\\/informelitoral.com.ar\\\/\"},{\"@type\":\"ListItem\",\"position\":2,\"name\":\"Bordet recibi\u00f3 a los flamantes jefes comunales de Entre R\u00edos\"}]},{\"@type\":\"WebSite\",\"@id\":\"https:\\\/\\\/informelitoral.com.ar\\\/#website\",\"url\":\"https:\\\/\\\/informelitoral.com.ar\\\/\",\"name\":\"Informe Litoral\",\"description\":\"&quot;Nos informamos&quot; \",\"publisher\":{\"@id\":\"https:\\\/\\\/informelitoral.com.ar\\\/#organization\"},\"potentialAction\":[{\"@type\":\"SearchAction\",\"target\":{\"@type\":\"EntryPoint\",\"urlTemplate\":\"https:\\\/\\\/informelitoral.com.ar\\\/?s={search_term_string}\"},\"query-input\":{\"@type\":\"PropertyValueSpecification\",\"valueRequired\":true,\"valueName\":\"search_term_string\"}}],\"inLanguage\":\"es\"},{\"@type\":\"Organization\",\"@id\":\"https:\\\/\\\/informelitoral.com.ar\\\/#organization\",\"name\":\"Informe Litoral\",\"url\":\"https:\\\/\\\/informelitoral.com.ar\\\/\",\"logo\":{\"@type\":\"ImageObject\",\"inLanguage\":\"es\",\"@id\":\"https:\\\/\\\/informelitoral.com.ar\\\/#\\\/schema\\\/logo\\\/image\\\/\",\"url\":\"https:\\\/\\\/informelitoral.com.ar\\\/%77%70%2d%63%6f%6e%74%65%6e%74\\\/uploads\\\/2021\\\/01\\\/circulo.png\",\"contentUrl\":\"https:\\\/\\\/informelitoral.com.ar\\\/%77%70%2d%63%6f%6e%74%65%6e%74\\\/uploads\\\/2021\\\/01\\\/circulo.png\",\"width\":723,\"height\":731,\"caption\":\"Informe Litoral\"},\"image\":{\"@id\":\"https:\\\/\\\/informelitoral.com.ar\\\/#\\\/schema\\\/logo\\\/image\\\/\"},\"sameAs\":[\"https:\\\/\\\/www.facebook.com\\\/informelitoral\\\/\",\"https:\\\/\\\/x.com\\\/InformeLitoral\",\"https:\\\/\\\/www.instagram.com\\\/informelitoral\\\/\",\"https:\\\/\\\/www.youtube.com\\\/channel\\\/UCua4Qvz8Icb6MYqhoq9xLXw\"]},{\"@type\":\"Person\",\"@id\":\"https:\\\/\\\/informelitoral.com.ar\\\/#\\\/schema\\\/person\\\/f05f9f461677119578717524b127d6d5\",\"name\":\"Sebastian\",\"image\":{\"@type\":\"ImageObject\",\"inLanguage\":\"es\",\"@id\":\"https:\\\/\\\/secure.gravatar.com\\\/avatar\\\/b71bf7481d447dfb9583c7f2798e7cc64de6efb9067b74633ed8c31059a3bd82?s=96&d=mm&r=g\",\"url\":\"https:\\\/\\\/secure.gravatar.com\\\/avatar\\\/b71bf7481d447dfb9583c7f2798e7cc64de6efb9067b74633ed8c31059a3bd82?s=96&d=mm&r=g\",\"contentUrl\":\"https:\\\/\\\/secure.gravatar.com\\\/avatar\\\/b71bf7481d447dfb9583c7f2798e7cc64de6efb9067b74633ed8c31059a3bd82?s=96&d=mm&r=g\",\"caption\":\"Sebastian\"},\"url\":\"https:\\\/\\\/informelitoral.com.ar\\\/author\\\/sebastian\\\/\"}]}<\/script>","yoast_head_json":{"title":"Bordet recibi\u00f3 a los flamantes jefes comunales de Entre R\u00edos - Informe Litoral","robots":{"index":"index","follow":"follow","max-snippet":"max-snippet:-1","max-image-preview":"max-image-preview:large","max-video-preview":"max-video-preview:-1"},"canonical":"https:\/\/informelitoral.com.ar\/bordet-recibio-a-los-flamantes-jefes-comunales-de-entre-rios\/","og_locale":"es_ES","og_type":"article","og_title":"Bordet recibi\u00f3 a los flamantes jefes comunales de Entre R\u00edos - Informe Litoral","og_description":"El mandatario entrerriano destac\u00f3 el incremento de los recursos para esas comunidades, una mayor autonom\u00eda y explic\u00f3 que \u201csignifica sostener la ruralidad y fortalecer la democracia\u201d.","og_url":"https:\/\/informelitoral.com.ar\/bordet-recibio-a-los-flamantes-jefes-comunales-de-entre-rios\/","og_site_name":"Informe Litoral","article_publisher":"https:\/\/www.facebook.com\/informelitoral\/","article_published_time":"2023-01-10T17:31:23+00:00","article_modified_time":"2023-01-10T20:19:34+00:00","og_image":[{"width":1920,"height":1280,"url":"https:\/\/informelitoral.com.ar\/%77%70%2d%63%6f%6e%74%65%6e%74\/uploads\/2023\/01\/1673379010jpg.jpg","type":"image\/jpeg"}],"author":"Sebastian","twitter_card":"summary_large_image","twitter_creator":"@InformeLitoral","twitter_site":"@InformeLitoral","twitter_misc":{"Escrito por":"Sebastian","Tiempo de lectura":"7 minutos"},"schema":{"@context":"https:\/\/schema.org","@graph":[{"@type":"Article","@id":"https:\/\/informelitoral.com.ar\/bordet-recibio-a-los-flamantes-jefes-comunales-de-entre-rios\/#article","isPartOf":{"@id":"https:\/\/informelitoral.com.ar\/bordet-recibio-a-los-flamantes-jefes-comunales-de-entre-rios\/"},"author":{"name":"Sebastian","@id":"https:\/\/informelitoral.com.ar\/#\/schema\/person\/f05f9f461677119578717524b127d6d5"},"headline":"Bordet recibi\u00f3 a los flamantes jefes comunales de Entre R\u00edos","datePublished":"2023-01-10T17:31:23+00:00","dateModified":"2023-01-10T20:19:34+00:00","mainEntityOfPage":{"@id":"https:\/\/informelitoral.com.ar\/bordet-recibio-a-los-flamantes-jefes-comunales-de-entre-rios\/"},"wordCount":1377,"commentCount":0,"publisher":{"@id":"https:\/\/informelitoral.com.ar\/#organization"},"image":{"@id":"https:\/\/informelitoral.com.ar\/bordet-recibio-a-los-flamantes-jefes-comunales-de-entre-rios\/#primaryimage"},"thumbnailUrl":"https:\/\/informelitoral.com.ar\/%77%70%2d%63%6f%6e%74%65%6e%74\/uploads\/2023\/01\/1673379010jpg.jpg","keywords":["Entre R\u00edos","Gustavo Bordet","Ley de Comunas"],"articleSection":["Politica"],"inLanguage":"es","potentialAction":[{"@type":"CommentAction","name":"Comment","target":["https:\/\/informelitoral.com.ar\/bordet-recibio-a-los-flamantes-jefes-comunales-de-entre-rios\/#respond"]}]},{"@type":"WebPage","@id":"https:\/\/informelitoral.com.ar\/bordet-recibio-a-los-flamantes-jefes-comunales-de-entre-rios\/","url":"https:\/\/informelitoral.com.ar\/bordet-recibio-a-los-flamantes-jefes-comunales-de-entre-rios\/","name":"Bordet recibi\u00f3 a los flamantes jefes comunales de Entre R\u00edos - Informe Litoral","isPartOf":{"@id":"https:\/\/informelitoral.com.ar\/#website"},"primaryImageOfPage":{"@id":"https:\/\/informelitoral.com.ar\/bordet-recibio-a-los-flamantes-jefes-comunales-de-entre-rios\/#primaryimage"},"image":{"@id":"https:\/\/informelitoral.com.ar\/bordet-recibio-a-los-flamantes-jefes-comunales-de-entre-rios\/#primaryimage"},"thumbnailUrl":"https:\/\/informelitoral.com.ar\/%77%70%2d%63%6f%6e%74%65%6e%74\/uploads\/2023\/01\/1673379010jpg.jpg","datePublished":"2023-01-10T17:31:23+00:00","dateModified":"2023-01-10T20:19:34+00:00","breadcrumb":{"@id":"https:\/\/informelitoral.com.ar\/bordet-recibio-a-los-flamantes-jefes-comunales-de-entre-rios\/#breadcrumb"},"inLanguage":"es","potentialAction":[{"@type":"ReadAction","target":["https:\/\/informelitoral.com.ar\/bordet-recibio-a-los-flamantes-jefes-comunales-de-entre-rios\/"]}]},{"@type":"ImageObject","inLanguage":"es","@id":"https:\/\/informelitoral.com.ar\/bordet-recibio-a-los-flamantes-jefes-comunales-de-entre-rios\/#primaryimage","url":"https:\/\/informelitoral.com.ar\/%77%70%2d%63%6f%6e%74%65%6e%74\/uploads\/2023\/01\/1673379010jpg.jpg","contentUrl":"https:\/\/informelitoral.com.ar\/%77%70%2d%63%6f%6e%74%65%6e%74\/uploads\/2023\/01\/1673379010jpg.jpg","width":1920,"height":1280},{"@type":"BreadcrumbList","@id":"https:\/\/informelitoral.com.ar\/bordet-recibio-a-los-flamantes-jefes-comunales-de-entre-rios\/#breadcrumb","itemListElement":[{"@type":"ListItem","position":1,"name":"Portada","item":"https:\/\/informelitoral.com.ar\/"},{"@type":"ListItem","position":2,"name":"Bordet recibi\u00f3 a los flamantes jefes comunales de Entre R\u00edos"}]},{"@type":"WebSite","@id":"https:\/\/informelitoral.com.ar\/#website","url":"https:\/\/informelitoral.com.ar\/","name":"Informe Litoral","description":"&quot;Nos informamos&quot; ","publisher":{"@id":"https:\/\/informelitoral.com.ar\/#organization"},"potentialAction":[{"@type":"SearchAction","target":{"@type":"EntryPoint","urlTemplate":"https:\/\/informelitoral.com.ar\/?s={search_term_string}"},"query-input":{"@type":"PropertyValueSpecification","valueRequired":true,"valueName":"search_term_string"}}],"inLanguage":"es"},{"@type":"Organization","@id":"https:\/\/informelitoral.com.ar\/#organization","name":"Informe Litoral","url":"https:\/\/informelitoral.com.ar\/","logo":{"@type":"ImageObject","inLanguage":"es","@id":"https:\/\/informelitoral.com.ar\/#\/schema\/logo\/image\/","url":"https:\/\/informelitoral.com.ar\/%77%70%2d%63%6f%6e%74%65%6e%74\/uploads\/2021\/01\/circulo.png","contentUrl":"https:\/\/informelitoral.com.ar\/%77%70%2d%63%6f%6e%74%65%6e%74\/uploads\/2021\/01\/circulo.png","width":723,"height":731,"caption":"Informe Litoral"},"image":{"@id":"https:\/\/informelitoral.com.ar\/#\/schema\/logo\/image\/"},"sameAs":["https:\/\/www.facebook.com\/informelitoral\/","https:\/\/x.com\/InformeLitoral","https:\/\/www.instagram.com\/informelitoral\/","https:\/\/www.youtube.com\/channel\/UCua4Qvz8Icb6MYqhoq9xLXw"]},{"@type":"Person","@id":"https:\/\/informelitoral.com.ar\/#\/schema\/person\/f05f9f461677119578717524b127d6d5","name":"Sebastian","image":{"@type":"ImageObject","inLanguage":"es","@id":"https:\/\/secure.gravatar.com\/avatar\/b71bf7481d447dfb9583c7f2798e7cc64de6efb9067b74633ed8c31059a3bd82?s=96&d=mm&r=g","url":"https:\/\/secure.gravatar.com\/avatar\/b71bf7481d447dfb9583c7f2798e7cc64de6efb9067b74633ed8c31059a3bd82?s=96&d=mm&r=g","contentUrl":"https:\/\/secure.gravatar.com\/avatar\/b71bf7481d447dfb9583c7f2798e7cc64de6efb9067b74633ed8c31059a3bd82?s=96&d=mm&r=g","caption":"Sebastian"},"url":"https:\/\/informelitoral.com.ar\/author\/sebastian\/"}]}},"_links":{"self":[{"href":"https:\/\/informelitoral.com.ar\/%77%70%2d%6a%73%6f%6e\/wp\/v2\/posts\/109244","targetHints":{"allow":["GET"]}}],"collection":[{"href":"https:\/\/informelitoral.com.ar\/%77%70%2d%6a%73%6f%6e\/wp\/v2\/posts"}],"about":[{"href":"https:\/\/informelitoral.com.ar\/%77%70%2d%6a%73%6f%6e\/wp\/v2\/types\/post"}],"author":[{"embeddable":true,"href":"https:\/\/informelitoral.com.ar\/%77%70%2d%6a%73%6f%6e\/wp\/v2\/users\/8"}],"replies":[{"embeddable":true,"href":"https:\/\/informelitoral.com.ar\/%77%70%2d%6a%73%6f%6e\/wp\/v2\/comments?post=109244"}],"version-history":[{"count":0,"href":"https:\/\/informelitoral.com.ar\/%77%70%2d%6a%73%6f%6e\/wp\/v2\/posts\/109244\/revisions"}],"wp:featuredmedia":[{"embeddable":true,"href":"https:\/\/informelitoral.com.ar\/%77%70%2d%6a%73%6f%6e\/wp\/v2\/media\/109250"}],"wp:attachment":[{"href":"https:\/\/informelitoral.com.ar\/%77%70%2d%6a%73%6f%6e\/wp\/v2\/media?parent=109244"}],"wp:term":[{"taxonomy":"category","embeddable":true,"href":"https:\/\/informelitoral.com.ar\/%77%70%2d%6a%73%6f%6e\/wp\/v2\/categories?post=109244"},{"taxonomy":"post_tag","embeddable":true,"href":"https:\/\/informelitoral.com.ar\/%77%70%2d%6a%73%6f%6e\/wp\/v2\/tags?post=109244"}],"curies":[{"name":"wp","href":"https:\/\/api.w.org\/{rel}","templated":true}]}}