{"id":10919,"date":"2015-06-03T12:05:20","date_gmt":"2015-06-03T15:05:20","guid":{"rendered":"http:\/\/www.isletasnoticias.com.ar\/?p=10919"},"modified":"2015-06-03T12:05:20","modified_gmt":"2015-06-03T15:05:20","slug":"aseguran-que-descendio-un-40-la-produccion-de-miel-en-la-zona-de-diamante","status":"publish","type":"post","link":"https:\/\/informelitoral.com.ar\/aseguran-que-descendio-un-40-la-produccion-de-miel-en-la-zona-de-diamante\/","title":{"rendered":"Aseguran que descendi\u00f3 un 40% la producci\u00f3n de miel en la zona de Diamante"},"content":{"rendered":"<p><strong>Destacaron que el factor clim\u00e1tico fue clave para la merma de la producci\u00f3n ap\u00edcola en el departamento Diamante. Se cosech\u00f3 un 40% menos que la temporada pasada.<a href=\"http:\/\/www.isletasnoticias.com.ar\/%77%70%2d%63%6f%6e%74%65%6e%74\/uploads\/2015\/06\/e_1358883661.jpg\"><img loading=\"lazy\" decoding=\"async\" class=\"aligncenter size-medium wp-image-10920\" src=\"http:\/\/www.isletasnoticias.com.ar\/%77%70%2d%63%6f%6e%74%65%6e%74\/uploads\/2015\/06\/e_1358883661-300x225.jpg\" alt=\"e_1358883661\" width=\"300\" height=\"225\" srcset=\"https:\/\/informelitoral.com.ar\/%77%70%2d%63%6f%6e%74%65%6e%74\/uploads\/2015\/06\/e_1358883661-300x225.jpg 300w, https:\/\/informelitoral.com.ar\/%77%70%2d%63%6f%6e%74%65%6e%74\/uploads\/2015\/06\/e_1358883661.jpg 432w\" sizes=\"auto, (max-width: 300px) 100vw, 300px\" \/><\/a><\/strong>Finalizada la cosecha de miel en la zona de Diamante, la Temporada 2014\/2015 arroja resultados negativos respecto al ciclo pasado. El factor clim\u00e1tico fue clave para la disminuci\u00f3n de la producci\u00f3n de miel. Mat\u00edas Dasso, presidente de la Cooperativa Ap\u00edcola Diamante Ltda., se\u00f1al\u00f3 a Momento de Campo que \u00abhace unos d\u00edas terminamos con la campa\u00f1a en esta zona con una producci\u00f3n que fue un 40% menos que la temporada pasada\u00bb.<\/p>\n<p>La cooperativa acopi\u00f3 66 toneladas de un total de 3.700 colmenas esparcidas en la zona de Diamante, propiedad de 25 productores. \u00abVen\u00edamos mal, pero en los \u00faltimos meses mejor\u00f3, pero cerr\u00f3 con bajas en comparaci\u00f3n de la campa\u00f1a anterior\u00bb dijo.<\/p>\n<p>Sobre la disminuci\u00f3n de rinde por colmena, el apicultor sostuvo que \u00abse dio principalmente por el factor clim\u00e1tico, primero por la abundancia de lluvia y despu\u00e9s, los \u00faltimos meses, alcanz\u00f3 a acomodarse, la gente que ten\u00eda colmenas en floraci\u00f3n de chilcas que fue lo \u00faltimo que mejor\u00f3\u00bb.<\/p>\n<p><strong>Su comercializaci\u00f3n<\/strong><br \/>\nEl joven apicultor explic\u00f3 que \u00abel 50% de los tambores est\u00e1n en el dep\u00f3sito, en estos dos meses se ha dado un vuelco importante en lo que es la comercializaci\u00f3n. Hay pa\u00edses compradores de miel que han tenido una buena cosecha y esto hace que el precio internacional haya descendido. En febrero comercializamos tambores entre 28 y 30 pesos por kilo m\u00e1s IVA, mientras que hoy se est\u00e1 pagando 21.50 pesos por mieles oscuras o intermedias y 25 pesos mieles claras, con un plazo entre 30 y 60 d\u00edas. Est\u00e1n comprando a cuentas gotas\u00bb.<\/p>\n<p>Para el joven cooperativista, \u00abcon este precio estamos complicados, evidentemente no es alentador, sumado a la merma de la producci\u00f3n\u00bb.<\/p>\n<p>Ser apicultor \u00abse lo lleva de vocaci\u00f3n, hoy todav\u00eda el productor est\u00e1 interesado, estamos acostumbrados. Lo importante es no perder colmenas, esperar agazapados la primavera que viene y el flujo nectar\u00edfero de lo que ser\u00e1 diciembre y enero\u00bb.<\/p>\n<p>Dasso coment\u00f3 que la entidad integra un organismo que divide a la provincia en dos, el Grupo Exportador Ap\u00edcola R\u00edo Paran\u00e1 y Uruguay, y \u00abcasualmente con esta producci\u00f3n, estamos por negociar junto a la Federaci\u00f3n y tenemos la esperanza de exportar estos \u00faltimos tambores como para ir entrando a la comercializaci\u00f3n exterior. Es un gran anhelo que tenemos\u00bb. <em>(Momento de Campo)<\/em><\/p>\n","protected":false},"excerpt":{"rendered":"<p>Destacaron que el factor clim&aacute;tico fue clave para la merma de la producci&oacute;n ap&iacute;cola en el departamento Diamante. Se cosech&oacute; un 40% menos que la temporada pasada.Finalizada la cosecha de miel en la zona de Diamante, la Temporada 2014\/2015 arroja resultados negativos respecto al ciclo pasado. El factor clim&aacute;tico fue clave para la disminuci&oacute;n de [&hellip;]<\/p>\n","protected":false},"author":2,"featured_media":0,"comment_status":"open","ping_status":"open","sticky":false,"template":"","format":"standard","meta":{"fifu_image_url":"","fifu_image_alt":"","footnotes":""},"categories":[10,5],"tags":[],"class_list":{"0":"post-10919","1":"post","2":"type-post","3":"status-publish","4":"format-standard","6":"category-campo","7":"category-zonales"},"yoast_head":"<title>Aseguran que descendi\u00f3 un 40% la producci\u00f3n de miel en la zona de Diamante - Informe Litoral<\/title>\n<meta name=\"robots\" content=\"index, follow, max-snippet:-1, max-image-preview:large, max-video-preview:-1\" \/>\n<link rel=\"canonical\" href=\"https:\/\/informelitoral.com.ar\/aseguran-que-descendio-un-40-la-produccion-de-miel-en-la-zona-de-diamante\/\" \/>\n<meta property=\"og:locale\" content=\"es_ES\" \/>\n<meta property=\"og:type\" content=\"article\" \/>\n<meta property=\"og:title\" content=\"Aseguran que descendi\u00f3 un 40% la producci\u00f3n de miel en la zona de Diamante - Informe Litoral\" \/>\n<meta property=\"og:description\" content=\"Destacaron que el factor clim&aacute;tico fue clave para la merma de la producci&oacute;n ap&iacute;cola en el departamento Diamante. Se cosech&oacute; un 40% menos que la temporada pasada.Finalizada la cosecha de miel en la zona de Diamante, la Temporada 2014\/2015 arroja resultados negativos respecto al ciclo pasado. El factor clim&aacute;tico fue clave para la disminuci&oacute;n de [&hellip;]\" \/>\n<meta property=\"og:url\" content=\"https:\/\/informelitoral.com.ar\/aseguran-que-descendio-un-40-la-produccion-de-miel-en-la-zona-de-diamante\/\" \/>\n<meta property=\"og:site_name\" content=\"Informe Litoral\" \/>\n<meta property=\"article:publisher\" content=\"https:\/\/www.facebook.com\/informelitoral\/\" \/>\n<meta property=\"article:published_time\" content=\"2015-06-03T15:05:20+00:00\" \/>\n<meta property=\"og:image\" content=\"https:\/\/informelitoral.com.ar\/%77%70%2d%63%6f%6e%74%65%6e%74\/uploads\/2015\/06\/e_1358883661.jpg\" \/>\n\t<meta property=\"og:image:width\" content=\"432\" \/>\n\t<meta property=\"og:image:height\" content=\"324\" \/>\n\t<meta property=\"og:image:type\" content=\"image\/jpeg\" \/>\n<meta name=\"author\" content=\"Gonzalo Schmidt\" \/>\n<meta name=\"twitter:card\" content=\"summary_large_image\" \/>\n<meta name=\"twitter:creator\" content=\"@InformeLitoral\" \/>\n<meta name=\"twitter:site\" content=\"@InformeLitoral\" \/>\n<meta name=\"twitter:label1\" content=\"Escrito por\" \/>\n\t<meta name=\"twitter:data1\" content=\"Gonzalo Schmidt\" \/>\n\t<meta name=\"twitter:label2\" content=\"Tiempo de lectura\" \/>\n\t<meta name=\"twitter:data2\" content=\"2 minutos\" \/>\n<script type=\"application\/ld+json\" class=\"yoast-schema-graph\">{\"@context\":\"https:\\\/\\\/schema.org\",\"@graph\":[{\"@type\":\"Article\",\"@id\":\"https:\\\/\\\/informelitoral.com.ar\\\/aseguran-que-descendio-un-40-la-produccion-de-miel-en-la-zona-de-diamante\\\/#article\",\"isPartOf\":{\"@id\":\"https:\\\/\\\/informelitoral.com.ar\\\/aseguran-que-descendio-un-40-la-produccion-de-miel-en-la-zona-de-diamante\\\/\"},\"author\":{\"name\":\"Gonzalo Schmidt\",\"@id\":\"https:\\\/\\\/informelitoral.com.ar\\\/#\\\/schema\\\/person\\\/b9d00407c836482871ef1d57bf8e3180\"},\"headline\":\"Aseguran que descendi\u00f3 un 40% la producci\u00f3n de miel en la zona de Diamante\",\"datePublished\":\"2015-06-03T15:05:20+00:00\",\"mainEntityOfPage\":{\"@id\":\"https:\\\/\\\/informelitoral.com.ar\\\/aseguran-que-descendio-un-40-la-produccion-de-miel-en-la-zona-de-diamante\\\/\"},\"wordCount\":437,\"commentCount\":0,\"publisher\":{\"@id\":\"https:\\\/\\\/informelitoral.com.ar\\\/#organization\"},\"image\":{\"@id\":\"https:\\\/\\\/informelitoral.com.ar\\\/aseguran-que-descendio-un-40-la-produccion-de-miel-en-la-zona-de-diamante\\\/#primaryimage\"},\"thumbnailUrl\":\"http:\\\/\\\/www.isletasnoticias.com.ar\\\/%77%70%2d%63%6f%6e%74%65%6e%74\\\/uploads\\\/2015\\\/06\\\/e_1358883661-300x225.jpg\",\"articleSection\":[\"Campo\",\"Departamento Diamante\"],\"inLanguage\":\"es\",\"potentialAction\":[{\"@type\":\"CommentAction\",\"name\":\"Comment\",\"target\":[\"https:\\\/\\\/informelitoral.com.ar\\\/aseguran-que-descendio-un-40-la-produccion-de-miel-en-la-zona-de-diamante\\\/#respond\"]}]},{\"@type\":\"WebPage\",\"@id\":\"https:\\\/\\\/informelitoral.com.ar\\\/aseguran-que-descendio-un-40-la-produccion-de-miel-en-la-zona-de-diamante\\\/\",\"url\":\"https:\\\/\\\/informelitoral.com.ar\\\/aseguran-que-descendio-un-40-la-produccion-de-miel-en-la-zona-de-diamante\\\/\",\"name\":\"Aseguran que descendi\u00f3 un 40% la producci\u00f3n de miel en la zona de Diamante - Informe Litoral\",\"isPartOf\":{\"@id\":\"https:\\\/\\\/informelitoral.com.ar\\\/#website\"},\"primaryImageOfPage\":{\"@id\":\"https:\\\/\\\/informelitoral.com.ar\\\/aseguran-que-descendio-un-40-la-produccion-de-miel-en-la-zona-de-diamante\\\/#primaryimage\"},\"image\":{\"@id\":\"https:\\\/\\\/informelitoral.com.ar\\\/aseguran-que-descendio-un-40-la-produccion-de-miel-en-la-zona-de-diamante\\\/#primaryimage\"},\"thumbnailUrl\":\"http:\\\/\\\/www.isletasnoticias.com.ar\\\/%77%70%2d%63%6f%6e%74%65%6e%74\\\/uploads\\\/2015\\\/06\\\/e_1358883661-300x225.jpg\",\"datePublished\":\"2015-06-03T15:05:20+00:00\",\"breadcrumb\":{\"@id\":\"https:\\\/\\\/informelitoral.com.ar\\\/aseguran-que-descendio-un-40-la-produccion-de-miel-en-la-zona-de-diamante\\\/#breadcrumb\"},\"inLanguage\":\"es\",\"potentialAction\":[{\"@type\":\"ReadAction\",\"target\":[\"https:\\\/\\\/informelitoral.com.ar\\\/aseguran-que-descendio-un-40-la-produccion-de-miel-en-la-zona-de-diamante\\\/\"]}]},{\"@type\":\"ImageObject\",\"inLanguage\":\"es\",\"@id\":\"https:\\\/\\\/informelitoral.com.ar\\\/aseguran-que-descendio-un-40-la-produccion-de-miel-en-la-zona-de-diamante\\\/#primaryimage\",\"url\":\"http:\\\/\\\/www.isletasnoticias.com.ar\\\/%77%70%2d%63%6f%6e%74%65%6e%74\\\/uploads\\\/2015\\\/06\\\/e_1358883661-300x225.jpg\",\"contentUrl\":\"http:\\\/\\\/www.isletasnoticias.com.ar\\\/%77%70%2d%63%6f%6e%74%65%6e%74\\\/uploads\\\/2015\\\/06\\\/e_1358883661-300x225.jpg\"},{\"@type\":\"BreadcrumbList\",\"@id\":\"https:\\\/\\\/informelitoral.com.ar\\\/aseguran-que-descendio-un-40-la-produccion-de-miel-en-la-zona-de-diamante\\\/#breadcrumb\",\"itemListElement\":[{\"@type\":\"ListItem\",\"position\":1,\"name\":\"Portada\",\"item\":\"https:\\\/\\\/informelitoral.com.ar\\\/\"},{\"@type\":\"ListItem\",\"position\":2,\"name\":\"Aseguran que descendi\u00f3 un 40% la producci\u00f3n de miel en la zona de Diamante\"}]},{\"@type\":\"WebSite\",\"@id\":\"https:\\\/\\\/informelitoral.com.ar\\\/#website\",\"url\":\"https:\\\/\\\/informelitoral.com.ar\\\/\",\"name\":\"Informe Litoral\",\"description\":\"&quot;Nos informamos&quot; \",\"publisher\":{\"@id\":\"https:\\\/\\\/informelitoral.com.ar\\\/#organization\"},\"potentialAction\":[{\"@type\":\"SearchAction\",\"target\":{\"@type\":\"EntryPoint\",\"urlTemplate\":\"https:\\\/\\\/informelitoral.com.ar\\\/?s={search_term_string}\"},\"query-input\":{\"@type\":\"PropertyValueSpecification\",\"valueRequired\":true,\"valueName\":\"search_term_string\"}}],\"inLanguage\":\"es\"},{\"@type\":\"Organization\",\"@id\":\"https:\\\/\\\/informelitoral.com.ar\\\/#organization\",\"name\":\"Informe Litoral\",\"url\":\"https:\\\/\\\/informelitoral.com.ar\\\/\",\"logo\":{\"@type\":\"ImageObject\",\"inLanguage\":\"es\",\"@id\":\"https:\\\/\\\/informelitoral.com.ar\\\/#\\\/schema\\\/logo\\\/image\\\/\",\"url\":\"https:\\\/\\\/informelitoral.com.ar\\\/%77%70%2d%63%6f%6e%74%65%6e%74\\\/uploads\\\/2021\\\/01\\\/circulo.png\",\"contentUrl\":\"https:\\\/\\\/informelitoral.com.ar\\\/%77%70%2d%63%6f%6e%74%65%6e%74\\\/uploads\\\/2021\\\/01\\\/circulo.png\",\"width\":723,\"height\":731,\"caption\":\"Informe Litoral\"},\"image\":{\"@id\":\"https:\\\/\\\/informelitoral.com.ar\\\/#\\\/schema\\\/logo\\\/image\\\/\"},\"sameAs\":[\"https:\\\/\\\/www.facebook.com\\\/informelitoral\\\/\",\"https:\\\/\\\/x.com\\\/InformeLitoral\",\"https:\\\/\\\/www.instagram.com\\\/informelitoral\\\/\",\"https:\\\/\\\/www.youtube.com\\\/channel\\\/UCua4Qvz8Icb6MYqhoq9xLXw\"]},{\"@type\":\"Person\",\"@id\":\"https:\\\/\\\/informelitoral.com.ar\\\/#\\\/schema\\\/person\\\/b9d00407c836482871ef1d57bf8e3180\",\"name\":\"Gonzalo Schmidt\",\"image\":{\"@type\":\"ImageObject\",\"inLanguage\":\"es\",\"@id\":\"https:\\\/\\\/secure.gravatar.com\\\/avatar\\\/31a1a7b66ff2de83bd0e9fd79d026630d2d99e55e8bfe501287647b4fd9743de?s=96&d=mm&r=g\",\"url\":\"https:\\\/\\\/secure.gravatar.com\\\/avatar\\\/31a1a7b66ff2de83bd0e9fd79d026630d2d99e55e8bfe501287647b4fd9743de?s=96&d=mm&r=g\",\"contentUrl\":\"https:\\\/\\\/secure.gravatar.com\\\/avatar\\\/31a1a7b66ff2de83bd0e9fd79d026630d2d99e55e8bfe501287647b4fd9743de?s=96&d=mm&r=g\",\"caption\":\"Gonzalo Schmidt\"},\"description\":\"Sitio web de noticias de la provincia de Entre R\u00edos, Argentina. Informaci\u00f3n y entretenimiento. Informe Litoral, nos informamos.\",\"sameAs\":[\"http:\\\/\\\/www.isletasnoticias.com.ar\"],\"url\":\"https:\\\/\\\/informelitoral.com.ar\\\/author\\\/gonzalo\\\/\"}]}<\/script>","yoast_head_json":{"title":"Aseguran que descendi\u00f3 un 40% la producci\u00f3n de miel en la zona de Diamante - Informe Litoral","robots":{"index":"index","follow":"follow","max-snippet":"max-snippet:-1","max-image-preview":"max-image-preview:large","max-video-preview":"max-video-preview:-1"},"canonical":"https:\/\/informelitoral.com.ar\/aseguran-que-descendio-un-40-la-produccion-de-miel-en-la-zona-de-diamante\/","og_locale":"es_ES","og_type":"article","og_title":"Aseguran que descendi\u00f3 un 40% la producci\u00f3n de miel en la zona de Diamante - Informe Litoral","og_description":"Destacaron que el factor clim&aacute;tico fue clave para la merma de la producci&oacute;n ap&iacute;cola en el departamento Diamante. Se cosech&oacute; un 40% menos que la temporada pasada.Finalizada la cosecha de miel en la zona de Diamante, la Temporada 2014\/2015 arroja resultados negativos respecto al ciclo pasado. El factor clim&aacute;tico fue clave para la disminuci&oacute;n de [&hellip;]","og_url":"https:\/\/informelitoral.com.ar\/aseguran-que-descendio-un-40-la-produccion-de-miel-en-la-zona-de-diamante\/","og_site_name":"Informe Litoral","article_publisher":"https:\/\/www.facebook.com\/informelitoral\/","article_published_time":"2015-06-03T15:05:20+00:00","og_image":[{"width":432,"height":324,"url":"https:\/\/informelitoral.com.ar\/%77%70%2d%63%6f%6e%74%65%6e%74\/uploads\/2015\/06\/e_1358883661.jpg","type":"image\/jpeg"}],"author":"Gonzalo Schmidt","twitter_card":"summary_large_image","twitter_creator":"@InformeLitoral","twitter_site":"@InformeLitoral","twitter_misc":{"Escrito por":"Gonzalo Schmidt","Tiempo de lectura":"2 minutos"},"schema":{"@context":"https:\/\/schema.org","@graph":[{"@type":"Article","@id":"https:\/\/informelitoral.com.ar\/aseguran-que-descendio-un-40-la-produccion-de-miel-en-la-zona-de-diamante\/#article","isPartOf":{"@id":"https:\/\/informelitoral.com.ar\/aseguran-que-descendio-un-40-la-produccion-de-miel-en-la-zona-de-diamante\/"},"author":{"name":"Gonzalo Schmidt","@id":"https:\/\/informelitoral.com.ar\/#\/schema\/person\/b9d00407c836482871ef1d57bf8e3180"},"headline":"Aseguran que descendi\u00f3 un 40% la producci\u00f3n de miel en la zona de Diamante","datePublished":"2015-06-03T15:05:20+00:00","mainEntityOfPage":{"@id":"https:\/\/informelitoral.com.ar\/aseguran-que-descendio-un-40-la-produccion-de-miel-en-la-zona-de-diamante\/"},"wordCount":437,"commentCount":0,"publisher":{"@id":"https:\/\/informelitoral.com.ar\/#organization"},"image":{"@id":"https:\/\/informelitoral.com.ar\/aseguran-que-descendio-un-40-la-produccion-de-miel-en-la-zona-de-diamante\/#primaryimage"},"thumbnailUrl":"http:\/\/www.isletasnoticias.com.ar\/%77%70%2d%63%6f%6e%74%65%6e%74\/uploads\/2015\/06\/e_1358883661-300x225.jpg","articleSection":["Campo","Departamento Diamante"],"inLanguage":"es","potentialAction":[{"@type":"CommentAction","name":"Comment","target":["https:\/\/informelitoral.com.ar\/aseguran-que-descendio-un-40-la-produccion-de-miel-en-la-zona-de-diamante\/#respond"]}]},{"@type":"WebPage","@id":"https:\/\/informelitoral.com.ar\/aseguran-que-descendio-un-40-la-produccion-de-miel-en-la-zona-de-diamante\/","url":"https:\/\/informelitoral.com.ar\/aseguran-que-descendio-un-40-la-produccion-de-miel-en-la-zona-de-diamante\/","name":"Aseguran que descendi\u00f3 un 40% la producci\u00f3n de miel en la zona de Diamante - Informe Litoral","isPartOf":{"@id":"https:\/\/informelitoral.com.ar\/#website"},"primaryImageOfPage":{"@id":"https:\/\/informelitoral.com.ar\/aseguran-que-descendio-un-40-la-produccion-de-miel-en-la-zona-de-diamante\/#primaryimage"},"image":{"@id":"https:\/\/informelitoral.com.ar\/aseguran-que-descendio-un-40-la-produccion-de-miel-en-la-zona-de-diamante\/#primaryimage"},"thumbnailUrl":"http:\/\/www.isletasnoticias.com.ar\/%77%70%2d%63%6f%6e%74%65%6e%74\/uploads\/2015\/06\/e_1358883661-300x225.jpg","datePublished":"2015-06-03T15:05:20+00:00","breadcrumb":{"@id":"https:\/\/informelitoral.com.ar\/aseguran-que-descendio-un-40-la-produccion-de-miel-en-la-zona-de-diamante\/#breadcrumb"},"inLanguage":"es","potentialAction":[{"@type":"ReadAction","target":["https:\/\/informelitoral.com.ar\/aseguran-que-descendio-un-40-la-produccion-de-miel-en-la-zona-de-diamante\/"]}]},{"@type":"ImageObject","inLanguage":"es","@id":"https:\/\/informelitoral.com.ar\/aseguran-que-descendio-un-40-la-produccion-de-miel-en-la-zona-de-diamante\/#primaryimage","url":"http:\/\/www.isletasnoticias.com.ar\/%77%70%2d%63%6f%6e%74%65%6e%74\/uploads\/2015\/06\/e_1358883661-300x225.jpg","contentUrl":"http:\/\/www.isletasnoticias.com.ar\/%77%70%2d%63%6f%6e%74%65%6e%74\/uploads\/2015\/06\/e_1358883661-300x225.jpg"},{"@type":"BreadcrumbList","@id":"https:\/\/informelitoral.com.ar\/aseguran-que-descendio-un-40-la-produccion-de-miel-en-la-zona-de-diamante\/#breadcrumb","itemListElement":[{"@type":"ListItem","position":1,"name":"Portada","item":"https:\/\/informelitoral.com.ar\/"},{"@type":"ListItem","position":2,"name":"Aseguran que descendi\u00f3 un 40% la producci\u00f3n de miel en la zona de Diamante"}]},{"@type":"WebSite","@id":"https:\/\/informelitoral.com.ar\/#website","url":"https:\/\/informelitoral.com.ar\/","name":"Informe Litoral","description":"&quot;Nos informamos&quot; ","publisher":{"@id":"https:\/\/informelitoral.com.ar\/#organization"},"potentialAction":[{"@type":"SearchAction","target":{"@type":"EntryPoint","urlTemplate":"https:\/\/informelitoral.com.ar\/?s={search_term_string}"},"query-input":{"@type":"PropertyValueSpecification","valueRequired":true,"valueName":"search_term_string"}}],"inLanguage":"es"},{"@type":"Organization","@id":"https:\/\/informelitoral.com.ar\/#organization","name":"Informe Litoral","url":"https:\/\/informelitoral.com.ar\/","logo":{"@type":"ImageObject","inLanguage":"es","@id":"https:\/\/informelitoral.com.ar\/#\/schema\/logo\/image\/","url":"https:\/\/informelitoral.com.ar\/%77%70%2d%63%6f%6e%74%65%6e%74\/uploads\/2021\/01\/circulo.png","contentUrl":"https:\/\/informelitoral.com.ar\/%77%70%2d%63%6f%6e%74%65%6e%74\/uploads\/2021\/01\/circulo.png","width":723,"height":731,"caption":"Informe Litoral"},"image":{"@id":"https:\/\/informelitoral.com.ar\/#\/schema\/logo\/image\/"},"sameAs":["https:\/\/www.facebook.com\/informelitoral\/","https:\/\/x.com\/InformeLitoral","https:\/\/www.instagram.com\/informelitoral\/","https:\/\/www.youtube.com\/channel\/UCua4Qvz8Icb6MYqhoq9xLXw"]},{"@type":"Person","@id":"https:\/\/informelitoral.com.ar\/#\/schema\/person\/b9d00407c836482871ef1d57bf8e3180","name":"Gonzalo Schmidt","image":{"@type":"ImageObject","inLanguage":"es","@id":"https:\/\/secure.gravatar.com\/avatar\/31a1a7b66ff2de83bd0e9fd79d026630d2d99e55e8bfe501287647b4fd9743de?s=96&d=mm&r=g","url":"https:\/\/secure.gravatar.com\/avatar\/31a1a7b66ff2de83bd0e9fd79d026630d2d99e55e8bfe501287647b4fd9743de?s=96&d=mm&r=g","contentUrl":"https:\/\/secure.gravatar.com\/avatar\/31a1a7b66ff2de83bd0e9fd79d026630d2d99e55e8bfe501287647b4fd9743de?s=96&d=mm&r=g","caption":"Gonzalo Schmidt"},"description":"Sitio web de noticias de la provincia de Entre R\u00edos, Argentina. Informaci\u00f3n y entretenimiento. Informe Litoral, nos informamos.","sameAs":["http:\/\/www.isletasnoticias.com.ar"],"url":"https:\/\/informelitoral.com.ar\/author\/gonzalo\/"}]}},"_links":{"self":[{"href":"https:\/\/informelitoral.com.ar\/%77%70%2d%6a%73%6f%6e\/wp\/v2\/posts\/10919","targetHints":{"allow":["GET"]}}],"collection":[{"href":"https:\/\/informelitoral.com.ar\/%77%70%2d%6a%73%6f%6e\/wp\/v2\/posts"}],"about":[{"href":"https:\/\/informelitoral.com.ar\/%77%70%2d%6a%73%6f%6e\/wp\/v2\/types\/post"}],"author":[{"embeddable":true,"href":"https:\/\/informelitoral.com.ar\/%77%70%2d%6a%73%6f%6e\/wp\/v2\/users\/2"}],"replies":[{"embeddable":true,"href":"https:\/\/informelitoral.com.ar\/%77%70%2d%6a%73%6f%6e\/wp\/v2\/comments?post=10919"}],"version-history":[{"count":0,"href":"https:\/\/informelitoral.com.ar\/%77%70%2d%6a%73%6f%6e\/wp\/v2\/posts\/10919\/revisions"}],"wp:attachment":[{"href":"https:\/\/informelitoral.com.ar\/%77%70%2d%6a%73%6f%6e\/wp\/v2\/media?parent=10919"}],"wp:term":[{"taxonomy":"category","embeddable":true,"href":"https:\/\/informelitoral.com.ar\/%77%70%2d%6a%73%6f%6e\/wp\/v2\/categories?post=10919"},{"taxonomy":"post_tag","embeddable":true,"href":"https:\/\/informelitoral.com.ar\/%77%70%2d%6a%73%6f%6e\/wp\/v2\/tags?post=10919"}],"curies":[{"name":"wp","href":"https:\/\/api.w.org\/{rel}","templated":true}]}}