{"id":109108,"date":"2023-01-10T10:25:02","date_gmt":"2023-01-10T13:25:02","guid":{"rendered":"https:\/\/www.informelitoral.com.ar\/?p=109108"},"modified":"2023-01-10T10:30:32","modified_gmt":"2023-01-10T13:30:32","slug":"en-dos-anos-se-incremento-el-empleo-privado-en-entre-rios","status":"publish","type":"post","link":"https:\/\/informelitoral.com.ar\/en-dos-anos-se-incremento-el-empleo-privado-en-entre-rios\/","title":{"rendered":"En dos a\u00f1os se increment\u00f3 el empleo privado en Entre R\u00edos"},"content":{"rendered":"<p>La cantidad de trabajadores registrados en el empleo privado ya es superior a los niveles previos a la irrupci\u00f3n de la pandemia de coronavirus en veintitr\u00e9s de los 24 distritos subnacionales, seg\u00fan el an\u00e1lisis publicado este lunes por el Centro de Econom\u00eda Pol\u00edtica Argentina (CEPA).<\/p>\n<div id=\"publi-584\" class=\"publi C7\" data-publicidad=\"584\" data-nombre=\"Adsense medio\" data-tipo=\"html\">\n<p>Con la excepci\u00f3n de Tucum\u00e1n, que en octubre de 2022 mostr\u00f3 una baja del 3,7% en la cantidad de trabajadores registrados en el sector privado, la entidad destac\u00f3 que el resto de las jurisdicciones mostr\u00f3 mejoras entre febrero de 2020 -\u00faltimo mes antes de que comenzara a regir el Aislamiento Social, Preventivo y Obligatorio- y octubre de 2022, \u00faltimo informe de la Encuesta de Indicadores Laborales (EIL) del Ministerio de Trabajo.<\/p>\n<\/div>\n<p>Quince provincias tuvieron en ese per\u00edodo un crecimiento del empleo registrado superior al 5%: Catamarca, Formosa, Tierra del Fuego, La Rioja, Misiones, San Luis, Chaco, Santiago del Estero, La Pampa, R\u00edo Negro, San Juan, C\u00f3rdoba, Santa Fe, Neuqu\u00e9n y Buenos Aires.<\/p>\n<p>El informe presenta un segundo grupo de distritos que registraron alzas entre el 2% y el 5%. En este grupo se encuentra las provincias de Entre R\u00edos, Jujuy, Corrientes, Santa Cruz y Salta.<\/p>\n<p>En tanto la Ciudad Aut\u00f3noma de Buenos Aires (CABA), Mendoza y Chubut cerraron en niveles cercanos al equilibrio.<\/p>\n<p><strong>Una tendencia que se afianza<\/strong><br \/>\nLos datos relevados por el Ministerio de Trabajo muestran que en octubre se generaron 17.171 puestos de trabajo registrados en el sector privado, lo cual implica un 0,3% de crecimiento con respecto a septiembre y una continuidad de 22 meses consecutivos de crecimiento.<\/p>\n<p>Tambi\u00e9n vale mencionar que, previo al inicio de la pandemia, el empleo privado ya se encontraba en una situaci\u00f3n cr\u00edtica. Seg\u00fan se destaca en el informe, la crisis del Gobierno de Cambiemos signific\u00f3 la destrucci\u00f3n neta de 276 mil puestos a diciembre 2019 y de 293 mil al mes de febrero 2020.<\/p>\n<p>Al mes de octubre de 2022 se han recuperado 259 mil puestos por encima de la cantidad de pre pandemia y restan a\u00fan recuperar 33 mil puestos para alcanzar los niveles de empleo previos al gobierno de Cambiemos (16 mil corresponden a los puestos perdidos entre diciembre 2019 y febrero 2020).<\/p>\n<p>Asimismo, la entidad dirigida por Hern\u00e1n Letcher precis\u00f3 que en octubre del a\u00f1o pasado \u201conce de los catorce sectores incrementaron la cantidad de personas trabajadoras\u201d, entre los que se ubicaron en los primeros lugares el Comercio (+5.900), la Construcci\u00f3n (+3.800) y la Industria (+3.700) en la comparaci\u00f3n mensual.<\/p>\n<p>En la medici\u00f3n respecto a los niveles previos a la pandemia, la Construcci\u00f3n lidera las mejoras con un 16,1% de puestos de trabajo m\u00e1s que en febrero de 2020, seguida por Inmobiliarias (8,3%), Industrias (7,5%) y Comercio (5,7%).<\/p>\n<p>En el otro extremo, tres sectores est\u00e1n considerados por CEPA en condici\u00f3n cr\u00edtica, con variaciones negativas en la creaci\u00f3n de empleo privado en relaci\u00f3n con febrero de 2020: Agricultura (-3,6%), Finanzas (-4%) y Pesca (-5,1%), reprodujo la agencia T\u00e9lam.<\/p>\n<p><strong>Marcha ascendente<\/strong><br \/>\nA pesar de la fragilidad de la econom\u00eda argentina en materia de acceso a las divisas y a la alta inflaci\u00f3n, los indicadores de empleo se mantienen en terreno positivo. De acuerdo a la \u00faltima Encuesta de Indicadores Laborales (EIL) que confecciona el Ministerio de Trabajo, el nivel de empleo privado registrado en empresas de m\u00e1s de 10 personas ocupadas present\u00f3 en noviembre pasado un crecimiento de 0,4% con relaci\u00f3n al mes anterior, lo cual permite anticipar un dato positivo para ese mes por parte del Sistema Integrado Previsional Argentino (SIPA).<\/p>\n<p>\u201cLa expansi\u00f3n del trabajo registrado en el sistema de seguridad social en su conjunto alcanza el nivel m\u00e1s elevado de la serie estad\u00edstica disponible, que se inicia en enero de 2012, considerando todas las modalidades del trabajo registrado, es decir, empleo asalariado privado y p\u00fablico, trabajadoras de casas particulares, trabajo independiente en el r\u00e9gimen monotributista y aut\u00f3nomo\u201d, indic\u00f3 la cartera laboral.<\/p>\n","protected":false},"excerpt":{"rendered":"<p>A trav\u00e9s de un informe, un centro de estudios estableci\u00f3 que en la provincia aument\u00f3 el n\u00famero de agentes registrados en el sector del empleo privado.<\/p>\n","protected":false},"author":8,"featured_media":109114,"comment_status":"open","ping_status":"open","sticky":false,"template":"","format":"standard","meta":{"fifu_image_url":"","fifu_image_alt":"","footnotes":""},"categories":[1594],"tags":[3831],"class_list":{"0":"post-109108","1":"post","2":"type-post","3":"status-publish","4":"format-standard","5":"has-post-thumbnail","7":"category-economia","8":"tag-empleo-privado"},"yoast_head":"<title>En dos a\u00f1os se increment\u00f3 el empleo privado en Entre R\u00edos - Informe Litoral<\/title>\n<meta name=\"robots\" content=\"index, follow, max-snippet:-1, max-image-preview:large, max-video-preview:-1\" \/>\n<link rel=\"canonical\" href=\"https:\/\/informelitoral.com.ar\/en-dos-anos-se-incremento-el-empleo-privado-en-entre-rios\/\" \/>\n<meta property=\"og:locale\" content=\"es_ES\" \/>\n<meta property=\"og:type\" content=\"article\" \/>\n<meta property=\"og:title\" content=\"En dos a\u00f1os se increment\u00f3 el empleo privado en Entre R\u00edos - Informe Litoral\" \/>\n<meta property=\"og:description\" content=\"A trav\u00e9s de un informe, un centro de estudios estableci\u00f3 que en la provincia aument\u00f3 el n\u00famero de agentes registrados en el sector del empleo privado.\" \/>\n<meta property=\"og:url\" content=\"https:\/\/informelitoral.com.ar\/en-dos-anos-se-incremento-el-empleo-privado-en-entre-rios\/\" \/>\n<meta property=\"og:site_name\" content=\"Informe Litoral\" \/>\n<meta property=\"article:publisher\" content=\"https:\/\/www.facebook.com\/informelitoral\/\" \/>\n<meta property=\"article:published_time\" content=\"2023-01-10T13:25:02+00:00\" \/>\n<meta property=\"article:modified_time\" content=\"2023-01-10T13:30:32+00:00\" \/>\n<meta property=\"og:image\" content=\"https:\/\/informelitoral.com.ar\/%77%70%2d%63%6f%6e%74%65%6e%74\/uploads\/2023\/01\/o_1652984371.jpg\" \/>\n\t<meta property=\"og:image:width\" content=\"800\" \/>\n\t<meta property=\"og:image:height\" content=\"450\" \/>\n\t<meta property=\"og:image:type\" content=\"image\/jpeg\" \/>\n<meta name=\"author\" content=\"Sebastian\" \/>\n<meta name=\"twitter:card\" content=\"summary_large_image\" \/>\n<meta name=\"twitter:creator\" content=\"@InformeLitoral\" \/>\n<meta name=\"twitter:site\" content=\"@InformeLitoral\" \/>\n<meta name=\"twitter:label1\" content=\"Escrito por\" \/>\n\t<meta name=\"twitter:data1\" content=\"Sebastian\" \/>\n\t<meta name=\"twitter:label2\" content=\"Tiempo de lectura\" \/>\n\t<meta name=\"twitter:data2\" content=\"3 minutos\" \/>\n<script type=\"application\/ld+json\" class=\"yoast-schema-graph\">{\"@context\":\"https:\\\/\\\/schema.org\",\"@graph\":[{\"@type\":\"Article\",\"@id\":\"https:\\\/\\\/informelitoral.com.ar\\\/en-dos-anos-se-incremento-el-empleo-privado-en-entre-rios\\\/#article\",\"isPartOf\":{\"@id\":\"https:\\\/\\\/informelitoral.com.ar\\\/en-dos-anos-se-incremento-el-empleo-privado-en-entre-rios\\\/\"},\"author\":{\"name\":\"Sebastian\",\"@id\":\"https:\\\/\\\/informelitoral.com.ar\\\/#\\\/schema\\\/person\\\/f05f9f461677119578717524b127d6d5\"},\"headline\":\"En dos a\u00f1os se increment\u00f3 el empleo privado en Entre R\u00edos\",\"datePublished\":\"2023-01-10T13:25:02+00:00\",\"dateModified\":\"2023-01-10T13:30:32+00:00\",\"mainEntityOfPage\":{\"@id\":\"https:\\\/\\\/informelitoral.com.ar\\\/en-dos-anos-se-incremento-el-empleo-privado-en-entre-rios\\\/\"},\"wordCount\":662,\"commentCount\":0,\"publisher\":{\"@id\":\"https:\\\/\\\/informelitoral.com.ar\\\/#organization\"},\"image\":{\"@id\":\"https:\\\/\\\/informelitoral.com.ar\\\/en-dos-anos-se-incremento-el-empleo-privado-en-entre-rios\\\/#primaryimage\"},\"thumbnailUrl\":\"https:\\\/\\\/informelitoral.com.ar\\\/%77%70%2d%63%6f%6e%74%65%6e%74\\\/uploads\\\/2023\\\/01\\\/o_1652984371.jpg\",\"keywords\":[\"Empleo privado\"],\"articleSection\":[\"Econom\u00eda\"],\"inLanguage\":\"es\",\"potentialAction\":[{\"@type\":\"CommentAction\",\"name\":\"Comment\",\"target\":[\"https:\\\/\\\/informelitoral.com.ar\\\/en-dos-anos-se-incremento-el-empleo-privado-en-entre-rios\\\/#respond\"]}]},{\"@type\":\"WebPage\",\"@id\":\"https:\\\/\\\/informelitoral.com.ar\\\/en-dos-anos-se-incremento-el-empleo-privado-en-entre-rios\\\/\",\"url\":\"https:\\\/\\\/informelitoral.com.ar\\\/en-dos-anos-se-incremento-el-empleo-privado-en-entre-rios\\\/\",\"name\":\"En dos a\u00f1os se increment\u00f3 el empleo privado en Entre R\u00edos - Informe Litoral\",\"isPartOf\":{\"@id\":\"https:\\\/\\\/informelitoral.com.ar\\\/#website\"},\"primaryImageOfPage\":{\"@id\":\"https:\\\/\\\/informelitoral.com.ar\\\/en-dos-anos-se-incremento-el-empleo-privado-en-entre-rios\\\/#primaryimage\"},\"image\":{\"@id\":\"https:\\\/\\\/informelitoral.com.ar\\\/en-dos-anos-se-incremento-el-empleo-privado-en-entre-rios\\\/#primaryimage\"},\"thumbnailUrl\":\"https:\\\/\\\/informelitoral.com.ar\\\/%77%70%2d%63%6f%6e%74%65%6e%74\\\/uploads\\\/2023\\\/01\\\/o_1652984371.jpg\",\"datePublished\":\"2023-01-10T13:25:02+00:00\",\"dateModified\":\"2023-01-10T13:30:32+00:00\",\"breadcrumb\":{\"@id\":\"https:\\\/\\\/informelitoral.com.ar\\\/en-dos-anos-se-incremento-el-empleo-privado-en-entre-rios\\\/#breadcrumb\"},\"inLanguage\":\"es\",\"potentialAction\":[{\"@type\":\"ReadAction\",\"target\":[\"https:\\\/\\\/informelitoral.com.ar\\\/en-dos-anos-se-incremento-el-empleo-privado-en-entre-rios\\\/\"]}]},{\"@type\":\"ImageObject\",\"inLanguage\":\"es\",\"@id\":\"https:\\\/\\\/informelitoral.com.ar\\\/en-dos-anos-se-incremento-el-empleo-privado-en-entre-rios\\\/#primaryimage\",\"url\":\"https:\\\/\\\/informelitoral.com.ar\\\/%77%70%2d%63%6f%6e%74%65%6e%74\\\/uploads\\\/2023\\\/01\\\/o_1652984371.jpg\",\"contentUrl\":\"https:\\\/\\\/informelitoral.com.ar\\\/%77%70%2d%63%6f%6e%74%65%6e%74\\\/uploads\\\/2023\\\/01\\\/o_1652984371.jpg\",\"width\":800,\"height\":450},{\"@type\":\"BreadcrumbList\",\"@id\":\"https:\\\/\\\/informelitoral.com.ar\\\/en-dos-anos-se-incremento-el-empleo-privado-en-entre-rios\\\/#breadcrumb\",\"itemListElement\":[{\"@type\":\"ListItem\",\"position\":1,\"name\":\"Portada\",\"item\":\"https:\\\/\\\/informelitoral.com.ar\\\/\"},{\"@type\":\"ListItem\",\"position\":2,\"name\":\"En dos a\u00f1os se increment\u00f3 el empleo privado en Entre R\u00edos\"}]},{\"@type\":\"WebSite\",\"@id\":\"https:\\\/\\\/informelitoral.com.ar\\\/#website\",\"url\":\"https:\\\/\\\/informelitoral.com.ar\\\/\",\"name\":\"Informe Litoral\",\"description\":\"&quot;Nos informamos&quot; \",\"publisher\":{\"@id\":\"https:\\\/\\\/informelitoral.com.ar\\\/#organization\"},\"potentialAction\":[{\"@type\":\"SearchAction\",\"target\":{\"@type\":\"EntryPoint\",\"urlTemplate\":\"https:\\\/\\\/informelitoral.com.ar\\\/?s={search_term_string}\"},\"query-input\":{\"@type\":\"PropertyValueSpecification\",\"valueRequired\":true,\"valueName\":\"search_term_string\"}}],\"inLanguage\":\"es\"},{\"@type\":\"Organization\",\"@id\":\"https:\\\/\\\/informelitoral.com.ar\\\/#organization\",\"name\":\"Informe Litoral\",\"url\":\"https:\\\/\\\/informelitoral.com.ar\\\/\",\"logo\":{\"@type\":\"ImageObject\",\"inLanguage\":\"es\",\"@id\":\"https:\\\/\\\/informelitoral.com.ar\\\/#\\\/schema\\\/logo\\\/image\\\/\",\"url\":\"https:\\\/\\\/informelitoral.com.ar\\\/%77%70%2d%63%6f%6e%74%65%6e%74\\\/uploads\\\/2021\\\/01\\\/circulo.png\",\"contentUrl\":\"https:\\\/\\\/informelitoral.com.ar\\\/%77%70%2d%63%6f%6e%74%65%6e%74\\\/uploads\\\/2021\\\/01\\\/circulo.png\",\"width\":723,\"height\":731,\"caption\":\"Informe Litoral\"},\"image\":{\"@id\":\"https:\\\/\\\/informelitoral.com.ar\\\/#\\\/schema\\\/logo\\\/image\\\/\"},\"sameAs\":[\"https:\\\/\\\/www.facebook.com\\\/informelitoral\\\/\",\"https:\\\/\\\/x.com\\\/InformeLitoral\",\"https:\\\/\\\/www.instagram.com\\\/informelitoral\\\/\",\"https:\\\/\\\/www.youtube.com\\\/channel\\\/UCua4Qvz8Icb6MYqhoq9xLXw\"]},{\"@type\":\"Person\",\"@id\":\"https:\\\/\\\/informelitoral.com.ar\\\/#\\\/schema\\\/person\\\/f05f9f461677119578717524b127d6d5\",\"name\":\"Sebastian\",\"image\":{\"@type\":\"ImageObject\",\"inLanguage\":\"es\",\"@id\":\"https:\\\/\\\/secure.gravatar.com\\\/avatar\\\/b71bf7481d447dfb9583c7f2798e7cc64de6efb9067b74633ed8c31059a3bd82?s=96&d=mm&r=g\",\"url\":\"https:\\\/\\\/secure.gravatar.com\\\/avatar\\\/b71bf7481d447dfb9583c7f2798e7cc64de6efb9067b74633ed8c31059a3bd82?s=96&d=mm&r=g\",\"contentUrl\":\"https:\\\/\\\/secure.gravatar.com\\\/avatar\\\/b71bf7481d447dfb9583c7f2798e7cc64de6efb9067b74633ed8c31059a3bd82?s=96&d=mm&r=g\",\"caption\":\"Sebastian\"},\"url\":\"https:\\\/\\\/informelitoral.com.ar\\\/author\\\/sebastian\\\/\"}]}<\/script>","yoast_head_json":{"title":"En dos a\u00f1os se increment\u00f3 el empleo privado en Entre R\u00edos - Informe Litoral","robots":{"index":"index","follow":"follow","max-snippet":"max-snippet:-1","max-image-preview":"max-image-preview:large","max-video-preview":"max-video-preview:-1"},"canonical":"https:\/\/informelitoral.com.ar\/en-dos-anos-se-incremento-el-empleo-privado-en-entre-rios\/","og_locale":"es_ES","og_type":"article","og_title":"En dos a\u00f1os se increment\u00f3 el empleo privado en Entre R\u00edos - Informe Litoral","og_description":"A trav\u00e9s de un informe, un centro de estudios estableci\u00f3 que en la provincia aument\u00f3 el n\u00famero de agentes registrados en el sector del empleo privado.","og_url":"https:\/\/informelitoral.com.ar\/en-dos-anos-se-incremento-el-empleo-privado-en-entre-rios\/","og_site_name":"Informe Litoral","article_publisher":"https:\/\/www.facebook.com\/informelitoral\/","article_published_time":"2023-01-10T13:25:02+00:00","article_modified_time":"2023-01-10T13:30:32+00:00","og_image":[{"width":800,"height":450,"url":"https:\/\/informelitoral.com.ar\/%77%70%2d%63%6f%6e%74%65%6e%74\/uploads\/2023\/01\/o_1652984371.jpg","type":"image\/jpeg"}],"author":"Sebastian","twitter_card":"summary_large_image","twitter_creator":"@InformeLitoral","twitter_site":"@InformeLitoral","twitter_misc":{"Escrito por":"Sebastian","Tiempo de lectura":"3 minutos"},"schema":{"@context":"https:\/\/schema.org","@graph":[{"@type":"Article","@id":"https:\/\/informelitoral.com.ar\/en-dos-anos-se-incremento-el-empleo-privado-en-entre-rios\/#article","isPartOf":{"@id":"https:\/\/informelitoral.com.ar\/en-dos-anos-se-incremento-el-empleo-privado-en-entre-rios\/"},"author":{"name":"Sebastian","@id":"https:\/\/informelitoral.com.ar\/#\/schema\/person\/f05f9f461677119578717524b127d6d5"},"headline":"En dos a\u00f1os se increment\u00f3 el empleo privado en Entre R\u00edos","datePublished":"2023-01-10T13:25:02+00:00","dateModified":"2023-01-10T13:30:32+00:00","mainEntityOfPage":{"@id":"https:\/\/informelitoral.com.ar\/en-dos-anos-se-incremento-el-empleo-privado-en-entre-rios\/"},"wordCount":662,"commentCount":0,"publisher":{"@id":"https:\/\/informelitoral.com.ar\/#organization"},"image":{"@id":"https:\/\/informelitoral.com.ar\/en-dos-anos-se-incremento-el-empleo-privado-en-entre-rios\/#primaryimage"},"thumbnailUrl":"https:\/\/informelitoral.com.ar\/%77%70%2d%63%6f%6e%74%65%6e%74\/uploads\/2023\/01\/o_1652984371.jpg","keywords":["Empleo privado"],"articleSection":["Econom\u00eda"],"inLanguage":"es","potentialAction":[{"@type":"CommentAction","name":"Comment","target":["https:\/\/informelitoral.com.ar\/en-dos-anos-se-incremento-el-empleo-privado-en-entre-rios\/#respond"]}]},{"@type":"WebPage","@id":"https:\/\/informelitoral.com.ar\/en-dos-anos-se-incremento-el-empleo-privado-en-entre-rios\/","url":"https:\/\/informelitoral.com.ar\/en-dos-anos-se-incremento-el-empleo-privado-en-entre-rios\/","name":"En dos a\u00f1os se increment\u00f3 el empleo privado en Entre R\u00edos - Informe Litoral","isPartOf":{"@id":"https:\/\/informelitoral.com.ar\/#website"},"primaryImageOfPage":{"@id":"https:\/\/informelitoral.com.ar\/en-dos-anos-se-incremento-el-empleo-privado-en-entre-rios\/#primaryimage"},"image":{"@id":"https:\/\/informelitoral.com.ar\/en-dos-anos-se-incremento-el-empleo-privado-en-entre-rios\/#primaryimage"},"thumbnailUrl":"https:\/\/informelitoral.com.ar\/%77%70%2d%63%6f%6e%74%65%6e%74\/uploads\/2023\/01\/o_1652984371.jpg","datePublished":"2023-01-10T13:25:02+00:00","dateModified":"2023-01-10T13:30:32+00:00","breadcrumb":{"@id":"https:\/\/informelitoral.com.ar\/en-dos-anos-se-incremento-el-empleo-privado-en-entre-rios\/#breadcrumb"},"inLanguage":"es","potentialAction":[{"@type":"ReadAction","target":["https:\/\/informelitoral.com.ar\/en-dos-anos-se-incremento-el-empleo-privado-en-entre-rios\/"]}]},{"@type":"ImageObject","inLanguage":"es","@id":"https:\/\/informelitoral.com.ar\/en-dos-anos-se-incremento-el-empleo-privado-en-entre-rios\/#primaryimage","url":"https:\/\/informelitoral.com.ar\/%77%70%2d%63%6f%6e%74%65%6e%74\/uploads\/2023\/01\/o_1652984371.jpg","contentUrl":"https:\/\/informelitoral.com.ar\/%77%70%2d%63%6f%6e%74%65%6e%74\/uploads\/2023\/01\/o_1652984371.jpg","width":800,"height":450},{"@type":"BreadcrumbList","@id":"https:\/\/informelitoral.com.ar\/en-dos-anos-se-incremento-el-empleo-privado-en-entre-rios\/#breadcrumb","itemListElement":[{"@type":"ListItem","position":1,"name":"Portada","item":"https:\/\/informelitoral.com.ar\/"},{"@type":"ListItem","position":2,"name":"En dos a\u00f1os se increment\u00f3 el empleo privado en Entre R\u00edos"}]},{"@type":"WebSite","@id":"https:\/\/informelitoral.com.ar\/#website","url":"https:\/\/informelitoral.com.ar\/","name":"Informe Litoral","description":"&quot;Nos informamos&quot; ","publisher":{"@id":"https:\/\/informelitoral.com.ar\/#organization"},"potentialAction":[{"@type":"SearchAction","target":{"@type":"EntryPoint","urlTemplate":"https:\/\/informelitoral.com.ar\/?s={search_term_string}"},"query-input":{"@type":"PropertyValueSpecification","valueRequired":true,"valueName":"search_term_string"}}],"inLanguage":"es"},{"@type":"Organization","@id":"https:\/\/informelitoral.com.ar\/#organization","name":"Informe Litoral","url":"https:\/\/informelitoral.com.ar\/","logo":{"@type":"ImageObject","inLanguage":"es","@id":"https:\/\/informelitoral.com.ar\/#\/schema\/logo\/image\/","url":"https:\/\/informelitoral.com.ar\/%77%70%2d%63%6f%6e%74%65%6e%74\/uploads\/2021\/01\/circulo.png","contentUrl":"https:\/\/informelitoral.com.ar\/%77%70%2d%63%6f%6e%74%65%6e%74\/uploads\/2021\/01\/circulo.png","width":723,"height":731,"caption":"Informe Litoral"},"image":{"@id":"https:\/\/informelitoral.com.ar\/#\/schema\/logo\/image\/"},"sameAs":["https:\/\/www.facebook.com\/informelitoral\/","https:\/\/x.com\/InformeLitoral","https:\/\/www.instagram.com\/informelitoral\/","https:\/\/www.youtube.com\/channel\/UCua4Qvz8Icb6MYqhoq9xLXw"]},{"@type":"Person","@id":"https:\/\/informelitoral.com.ar\/#\/schema\/person\/f05f9f461677119578717524b127d6d5","name":"Sebastian","image":{"@type":"ImageObject","inLanguage":"es","@id":"https:\/\/secure.gravatar.com\/avatar\/b71bf7481d447dfb9583c7f2798e7cc64de6efb9067b74633ed8c31059a3bd82?s=96&d=mm&r=g","url":"https:\/\/secure.gravatar.com\/avatar\/b71bf7481d447dfb9583c7f2798e7cc64de6efb9067b74633ed8c31059a3bd82?s=96&d=mm&r=g","contentUrl":"https:\/\/secure.gravatar.com\/avatar\/b71bf7481d447dfb9583c7f2798e7cc64de6efb9067b74633ed8c31059a3bd82?s=96&d=mm&r=g","caption":"Sebastian"},"url":"https:\/\/informelitoral.com.ar\/author\/sebastian\/"}]}},"_links":{"self":[{"href":"https:\/\/informelitoral.com.ar\/%77%70%2d%6a%73%6f%6e\/wp\/v2\/posts\/109108","targetHints":{"allow":["GET"]}}],"collection":[{"href":"https:\/\/informelitoral.com.ar\/%77%70%2d%6a%73%6f%6e\/wp\/v2\/posts"}],"about":[{"href":"https:\/\/informelitoral.com.ar\/%77%70%2d%6a%73%6f%6e\/wp\/v2\/types\/post"}],"author":[{"embeddable":true,"href":"https:\/\/informelitoral.com.ar\/%77%70%2d%6a%73%6f%6e\/wp\/v2\/users\/8"}],"replies":[{"embeddable":true,"href":"https:\/\/informelitoral.com.ar\/%77%70%2d%6a%73%6f%6e\/wp\/v2\/comments?post=109108"}],"version-history":[{"count":0,"href":"https:\/\/informelitoral.com.ar\/%77%70%2d%6a%73%6f%6e\/wp\/v2\/posts\/109108\/revisions"}],"wp:featuredmedia":[{"embeddable":true,"href":"https:\/\/informelitoral.com.ar\/%77%70%2d%6a%73%6f%6e\/wp\/v2\/media\/109114"}],"wp:attachment":[{"href":"https:\/\/informelitoral.com.ar\/%77%70%2d%6a%73%6f%6e\/wp\/v2\/media?parent=109108"}],"wp:term":[{"taxonomy":"category","embeddable":true,"href":"https:\/\/informelitoral.com.ar\/%77%70%2d%6a%73%6f%6e\/wp\/v2\/categories?post=109108"},{"taxonomy":"post_tag","embeddable":true,"href":"https:\/\/informelitoral.com.ar\/%77%70%2d%6a%73%6f%6e\/wp\/v2\/tags?post=109108"}],"curies":[{"name":"wp","href":"https:\/\/api.w.org\/{rel}","templated":true}]}}