{"id":10851,"date":"2015-05-31T21:55:08","date_gmt":"2015-06-01T00:55:08","guid":{"rendered":"http:\/\/www.isletasnoticias.com.ar\/?p=10851"},"modified":"2015-05-31T21:57:04","modified_gmt":"2015-06-01T00:57:04","slug":"el-voto-anti-blatter-de-luis-segura-no-gusto-en-la-interna-de-la-afa-pedirian-adelantar-elecciones","status":"publish","type":"post","link":"https:\/\/informelitoral.com.ar\/el-voto-anti-blatter-de-luis-segura-no-gusto-en-la-interna-de-la-afa-pedirian-adelantar-elecciones\/","title":{"rendered":"El voto anti Blatter de Luis Segura no gust\u00f3 en la interna de la AFA: pedir\u00edan adelantar elecciones"},"content":{"rendered":"<p><strong>Los integrantes del CE que no viajaron a Zurich para la elecci\u00f3n en FIFA se sorprendieron al confirmarse que Argentina vot\u00f3 por el pr\u00edncipe Hussein.En la reuni\u00f3n del martes le exigir\u00e1n explicaciones.<a href=\"http:\/\/www.isletasnoticias.com.ar\/%77%70%2d%63%6f%6e%74%65%6e%74\/uploads\/2015\/05\/0012680806.jpg\"><img loading=\"lazy\" decoding=\"async\" class=\"aligncenter size-medium wp-image-10852\" src=\"http:\/\/www.isletasnoticias.com.ar\/%77%70%2d%63%6f%6e%74%65%6e%74\/uploads\/2015\/05\/0012680806-300x169.jpg\" alt=\"0012680806\" width=\"300\" height=\"169\" srcset=\"https:\/\/informelitoral.com.ar\/%77%70%2d%63%6f%6e%74%65%6e%74\/uploads\/2015\/05\/0012680806-300x169.jpg 300w, https:\/\/informelitoral.com.ar\/%77%70%2d%63%6f%6e%74%65%6e%74\/uploads\/2015\/05\/0012680806.jpg 770w\" sizes=\"auto, (max-width: 300px) 100vw, 300px\" \/><\/a><\/strong><\/p>\n<p>La Asociaci\u00f3n del F\u00fatbol Argentino (AFA) le quit\u00f3 el viernes el apoyo a Joseph Blatter en la votaci\u00f3n en la que finalmente el suizo logr\u00f3 ser reelegido por quinta vez como presidente de la FIFA, a contramano de la posici\u00f3n hist\u00f3rica del fallecido Julio Grondona y, seg\u00fan trasciende desde los integrantes del Comit\u00e9 Ejecutivo que no viajaron a Suiza, sin someter la postura a la decisi\u00f3n del conjunto, lo cual se sinti\u00f3 como un cimbronazo que podr\u00eda ser un quiebre en el organismo nacional.<\/p>\n<p>La medida de la c\u00fapula dirigencial de la AFA de no votar en favor de Blatter, pese a que Grondona, a quienes ellos respondieron durante a\u00f1os, era uno de los hombres de m\u00e1xima confianza del suizo, generar\u00e1 primero un nuevo mapa de relaciones de la entidad argentina con la FIFA y segundoobligar\u00e1 a los dirigentes que viajaron a Z\u00farich, encabezados por el presidente, Luis Segura, a explicar el por qu\u00e9 del cambio en la elecci\u00f3n.<\/p>\n<p>Algunos integrantes del Ejecutivo confirmaron que ni Segura ni Miguel Silva ni Rodolfo D&#8217;Onofrio les informaron la decisi\u00f3n de votar al pr\u00edncipe Al\u00ed bin Hussein, en unidad con la Confederaci\u00f3n Sudamericana (Conmebol) y en sinton\u00eda con la UEFA, cuyo presidente, Michel Platini, le pidi\u00f3 la renuncia a Blatter.<\/p>\n<p>Blatter (79 a\u00f1os) venci\u00f3 el viernes al jordano Ali Bin Al Hussein por 133 votos a 73 en la primera ronda. Ali retir\u00f3 su candidatura y el suizo logr\u00f3 su quinto mandato.<\/p>\n<p>Grondona estuvo durante m\u00e1s de dos d\u00e9cadas sentado en la mesa chica en la que se tomaron las decisiones m\u00e1s importantes del f\u00fatbol mundial y mantuvo una relaci\u00f3n muy estrecha con Blatter, por lo que fue la primera vez en los 17 a\u00f1os de conducci\u00f3n del suizo que el f\u00fatbol argentino se pare en la vereda de enfrente.<\/p>\n<p>El martes, en la reuni\u00f3n del Comit\u00e9 Ejecutivo de AFA, los dirigentes que se sintieron desautorizados con el cambio de \u00faltima hora pedir\u00e1n explicaciones. Luis Segura, cuyo poder en AFA se muestra hoy m\u00e1s endeble que nunca, ser\u00e1 sometido a un juzgamiento interno jam\u00e1s pensado en tiempo de Grondona que no har\u00e1 otra cosa que delatar lo que puertas adentro se pretende: el adelantamiento de las elecciones programadas originalmente para octubre. <em>(Playf\u00fatbol)<\/em><\/p>\n","protected":false},"excerpt":{"rendered":"<p>Los integrantes del CE que no viajaron a Zurich para la elecci&oacute;n en FIFA se sorprendieron al confirmarse que Argentina vot&oacute; por el pr&iacute;ncipe Hussein.En la reuni&oacute;n del martes le exigir&aacute;n explicaciones. La Asociaci&oacute;n del F&uacute;tbol Argentino (AFA) le quit&oacute; el viernes el apoyo a Joseph Blatter en la votaci&oacute;n en la que finalmente el [&hellip;]<\/p>\n","protected":false},"author":2,"featured_media":0,"comment_status":"open","ping_status":"open","sticky":false,"template":"","format":"standard","meta":{"fifu_image_url":"","fifu_image_alt":"","footnotes":""},"categories":[13],"tags":[],"class_list":{"0":"post-10851","1":"post","2":"type-post","3":"status-publish","4":"format-standard","6":"category-deportes"},"yoast_head":"<title>El voto anti Blatter de Luis Segura no gust\u00f3 en la interna de la AFA: pedir\u00edan adelantar elecciones - Informe Litoral<\/title>\n<meta name=\"robots\" content=\"index, follow, max-snippet:-1, max-image-preview:large, max-video-preview:-1\" \/>\n<link rel=\"canonical\" href=\"https:\/\/informelitoral.com.ar\/el-voto-anti-blatter-de-luis-segura-no-gusto-en-la-interna-de-la-afa-pedirian-adelantar-elecciones\/\" \/>\n<meta property=\"og:locale\" content=\"es_ES\" \/>\n<meta property=\"og:type\" content=\"article\" \/>\n<meta property=\"og:title\" content=\"El voto anti Blatter de Luis Segura no gust\u00f3 en la interna de la AFA: pedir\u00edan adelantar elecciones - Informe Litoral\" \/>\n<meta property=\"og:description\" content=\"Los integrantes del CE que no viajaron a Zurich para la elecci&oacute;n en FIFA se sorprendieron al confirmarse que Argentina vot&oacute; por el pr&iacute;ncipe Hussein.En la reuni&oacute;n del martes le exigir&aacute;n explicaciones. La Asociaci&oacute;n del F&uacute;tbol Argentino (AFA) le quit&oacute; el viernes el apoyo a Joseph Blatter en la votaci&oacute;n en la que finalmente el [&hellip;]\" \/>\n<meta property=\"og:url\" content=\"https:\/\/informelitoral.com.ar\/el-voto-anti-blatter-de-luis-segura-no-gusto-en-la-interna-de-la-afa-pedirian-adelantar-elecciones\/\" \/>\n<meta property=\"og:site_name\" content=\"Informe Litoral\" \/>\n<meta property=\"article:publisher\" content=\"https:\/\/www.facebook.com\/informelitoral\/\" \/>\n<meta property=\"article:published_time\" content=\"2015-06-01T00:55:08+00:00\" \/>\n<meta property=\"article:modified_time\" content=\"2015-06-01T00:57:04+00:00\" \/>\n<meta property=\"og:image\" content=\"https:\/\/informelitoral.com.ar\/%77%70%2d%63%6f%6e%74%65%6e%74\/uploads\/2015\/05\/0012680806.jpg\" \/>\n\t<meta property=\"og:image:width\" content=\"770\" \/>\n\t<meta property=\"og:image:height\" content=\"433\" \/>\n\t<meta property=\"og:image:type\" content=\"image\/jpeg\" \/>\n<meta name=\"author\" content=\"Gonzalo Schmidt\" \/>\n<meta name=\"twitter:card\" content=\"summary_large_image\" \/>\n<meta name=\"twitter:creator\" content=\"@InformeLitoral\" \/>\n<meta name=\"twitter:site\" content=\"@InformeLitoral\" \/>\n<meta name=\"twitter:label1\" content=\"Escrito por\" \/>\n\t<meta name=\"twitter:data1\" content=\"Gonzalo Schmidt\" \/>\n\t<meta name=\"twitter:label2\" content=\"Tiempo de lectura\" \/>\n\t<meta name=\"twitter:data2\" content=\"2 minutos\" \/>\n<script type=\"application\/ld+json\" class=\"yoast-schema-graph\">{\"@context\":\"https:\\\/\\\/schema.org\",\"@graph\":[{\"@type\":\"Article\",\"@id\":\"https:\\\/\\\/informelitoral.com.ar\\\/el-voto-anti-blatter-de-luis-segura-no-gusto-en-la-interna-de-la-afa-pedirian-adelantar-elecciones\\\/#article\",\"isPartOf\":{\"@id\":\"https:\\\/\\\/informelitoral.com.ar\\\/el-voto-anti-blatter-de-luis-segura-no-gusto-en-la-interna-de-la-afa-pedirian-adelantar-elecciones\\\/\"},\"author\":{\"name\":\"Gonzalo Schmidt\",\"@id\":\"https:\\\/\\\/informelitoral.com.ar\\\/#\\\/schema\\\/person\\\/b9d00407c836482871ef1d57bf8e3180\"},\"headline\":\"El voto anti Blatter de Luis Segura no gust\u00f3 en la interna de la AFA: pedir\u00edan adelantar elecciones\",\"datePublished\":\"2015-06-01T00:55:08+00:00\",\"dateModified\":\"2015-06-01T00:57:04+00:00\",\"mainEntityOfPage\":{\"@id\":\"https:\\\/\\\/informelitoral.com.ar\\\/el-voto-anti-blatter-de-luis-segura-no-gusto-en-la-interna-de-la-afa-pedirian-adelantar-elecciones\\\/\"},\"wordCount\":453,\"commentCount\":0,\"publisher\":{\"@id\":\"https:\\\/\\\/informelitoral.com.ar\\\/#organization\"},\"image\":{\"@id\":\"https:\\\/\\\/informelitoral.com.ar\\\/el-voto-anti-blatter-de-luis-segura-no-gusto-en-la-interna-de-la-afa-pedirian-adelantar-elecciones\\\/#primaryimage\"},\"thumbnailUrl\":\"http:\\\/\\\/www.isletasnoticias.com.ar\\\/%77%70%2d%63%6f%6e%74%65%6e%74\\\/uploads\\\/2015\\\/05\\\/0012680806-300x169.jpg\",\"articleSection\":[\"Deportes\"],\"inLanguage\":\"es\",\"potentialAction\":[{\"@type\":\"CommentAction\",\"name\":\"Comment\",\"target\":[\"https:\\\/\\\/informelitoral.com.ar\\\/el-voto-anti-blatter-de-luis-segura-no-gusto-en-la-interna-de-la-afa-pedirian-adelantar-elecciones\\\/#respond\"]}]},{\"@type\":\"WebPage\",\"@id\":\"https:\\\/\\\/informelitoral.com.ar\\\/el-voto-anti-blatter-de-luis-segura-no-gusto-en-la-interna-de-la-afa-pedirian-adelantar-elecciones\\\/\",\"url\":\"https:\\\/\\\/informelitoral.com.ar\\\/el-voto-anti-blatter-de-luis-segura-no-gusto-en-la-interna-de-la-afa-pedirian-adelantar-elecciones\\\/\",\"name\":\"El voto anti Blatter de Luis Segura no gust\u00f3 en la interna de la AFA: pedir\u00edan adelantar elecciones - Informe Litoral\",\"isPartOf\":{\"@id\":\"https:\\\/\\\/informelitoral.com.ar\\\/#website\"},\"primaryImageOfPage\":{\"@id\":\"https:\\\/\\\/informelitoral.com.ar\\\/el-voto-anti-blatter-de-luis-segura-no-gusto-en-la-interna-de-la-afa-pedirian-adelantar-elecciones\\\/#primaryimage\"},\"image\":{\"@id\":\"https:\\\/\\\/informelitoral.com.ar\\\/el-voto-anti-blatter-de-luis-segura-no-gusto-en-la-interna-de-la-afa-pedirian-adelantar-elecciones\\\/#primaryimage\"},\"thumbnailUrl\":\"http:\\\/\\\/www.isletasnoticias.com.ar\\\/%77%70%2d%63%6f%6e%74%65%6e%74\\\/uploads\\\/2015\\\/05\\\/0012680806-300x169.jpg\",\"datePublished\":\"2015-06-01T00:55:08+00:00\",\"dateModified\":\"2015-06-01T00:57:04+00:00\",\"breadcrumb\":{\"@id\":\"https:\\\/\\\/informelitoral.com.ar\\\/el-voto-anti-blatter-de-luis-segura-no-gusto-en-la-interna-de-la-afa-pedirian-adelantar-elecciones\\\/#breadcrumb\"},\"inLanguage\":\"es\",\"potentialAction\":[{\"@type\":\"ReadAction\",\"target\":[\"https:\\\/\\\/informelitoral.com.ar\\\/el-voto-anti-blatter-de-luis-segura-no-gusto-en-la-interna-de-la-afa-pedirian-adelantar-elecciones\\\/\"]}]},{\"@type\":\"ImageObject\",\"inLanguage\":\"es\",\"@id\":\"https:\\\/\\\/informelitoral.com.ar\\\/el-voto-anti-blatter-de-luis-segura-no-gusto-en-la-interna-de-la-afa-pedirian-adelantar-elecciones\\\/#primaryimage\",\"url\":\"http:\\\/\\\/www.isletasnoticias.com.ar\\\/%77%70%2d%63%6f%6e%74%65%6e%74\\\/uploads\\\/2015\\\/05\\\/0012680806-300x169.jpg\",\"contentUrl\":\"http:\\\/\\\/www.isletasnoticias.com.ar\\\/%77%70%2d%63%6f%6e%74%65%6e%74\\\/uploads\\\/2015\\\/05\\\/0012680806-300x169.jpg\"},{\"@type\":\"BreadcrumbList\",\"@id\":\"https:\\\/\\\/informelitoral.com.ar\\\/el-voto-anti-blatter-de-luis-segura-no-gusto-en-la-interna-de-la-afa-pedirian-adelantar-elecciones\\\/#breadcrumb\",\"itemListElement\":[{\"@type\":\"ListItem\",\"position\":1,\"name\":\"Portada\",\"item\":\"https:\\\/\\\/informelitoral.com.ar\\\/\"},{\"@type\":\"ListItem\",\"position\":2,\"name\":\"El voto anti Blatter de Luis Segura no gust\u00f3 en la interna de la AFA: pedir\u00edan adelantar elecciones\"}]},{\"@type\":\"WebSite\",\"@id\":\"https:\\\/\\\/informelitoral.com.ar\\\/#website\",\"url\":\"https:\\\/\\\/informelitoral.com.ar\\\/\",\"name\":\"Informe Litoral\",\"description\":\"&quot;Nos informamos&quot; \",\"publisher\":{\"@id\":\"https:\\\/\\\/informelitoral.com.ar\\\/#organization\"},\"potentialAction\":[{\"@type\":\"SearchAction\",\"target\":{\"@type\":\"EntryPoint\",\"urlTemplate\":\"https:\\\/\\\/informelitoral.com.ar\\\/?s={search_term_string}\"},\"query-input\":{\"@type\":\"PropertyValueSpecification\",\"valueRequired\":true,\"valueName\":\"search_term_string\"}}],\"inLanguage\":\"es\"},{\"@type\":\"Organization\",\"@id\":\"https:\\\/\\\/informelitoral.com.ar\\\/#organization\",\"name\":\"Informe Litoral\",\"url\":\"https:\\\/\\\/informelitoral.com.ar\\\/\",\"logo\":{\"@type\":\"ImageObject\",\"inLanguage\":\"es\",\"@id\":\"https:\\\/\\\/informelitoral.com.ar\\\/#\\\/schema\\\/logo\\\/image\\\/\",\"url\":\"https:\\\/\\\/informelitoral.com.ar\\\/%77%70%2d%63%6f%6e%74%65%6e%74\\\/uploads\\\/2021\\\/01\\\/circulo.png\",\"contentUrl\":\"https:\\\/\\\/informelitoral.com.ar\\\/%77%70%2d%63%6f%6e%74%65%6e%74\\\/uploads\\\/2021\\\/01\\\/circulo.png\",\"width\":723,\"height\":731,\"caption\":\"Informe Litoral\"},\"image\":{\"@id\":\"https:\\\/\\\/informelitoral.com.ar\\\/#\\\/schema\\\/logo\\\/image\\\/\"},\"sameAs\":[\"https:\\\/\\\/www.facebook.com\\\/informelitoral\\\/\",\"https:\\\/\\\/x.com\\\/InformeLitoral\",\"https:\\\/\\\/www.instagram.com\\\/informelitoral\\\/\",\"https:\\\/\\\/www.youtube.com\\\/channel\\\/UCua4Qvz8Icb6MYqhoq9xLXw\"]},{\"@type\":\"Person\",\"@id\":\"https:\\\/\\\/informelitoral.com.ar\\\/#\\\/schema\\\/person\\\/b9d00407c836482871ef1d57bf8e3180\",\"name\":\"Gonzalo Schmidt\",\"image\":{\"@type\":\"ImageObject\",\"inLanguage\":\"es\",\"@id\":\"https:\\\/\\\/secure.gravatar.com\\\/avatar\\\/31a1a7b66ff2de83bd0e9fd79d026630d2d99e55e8bfe501287647b4fd9743de?s=96&d=mm&r=g\",\"url\":\"https:\\\/\\\/secure.gravatar.com\\\/avatar\\\/31a1a7b66ff2de83bd0e9fd79d026630d2d99e55e8bfe501287647b4fd9743de?s=96&d=mm&r=g\",\"contentUrl\":\"https:\\\/\\\/secure.gravatar.com\\\/avatar\\\/31a1a7b66ff2de83bd0e9fd79d026630d2d99e55e8bfe501287647b4fd9743de?s=96&d=mm&r=g\",\"caption\":\"Gonzalo Schmidt\"},\"description\":\"Sitio web de noticias de la provincia de Entre R\u00edos, Argentina. Informaci\u00f3n y entretenimiento. Informe Litoral, nos informamos.\",\"sameAs\":[\"http:\\\/\\\/www.isletasnoticias.com.ar\"],\"url\":\"https:\\\/\\\/informelitoral.com.ar\\\/author\\\/gonzalo\\\/\"}]}<\/script>","yoast_head_json":{"title":"El voto anti Blatter de Luis Segura no gust\u00f3 en la interna de la AFA: pedir\u00edan adelantar elecciones - Informe Litoral","robots":{"index":"index","follow":"follow","max-snippet":"max-snippet:-1","max-image-preview":"max-image-preview:large","max-video-preview":"max-video-preview:-1"},"canonical":"https:\/\/informelitoral.com.ar\/el-voto-anti-blatter-de-luis-segura-no-gusto-en-la-interna-de-la-afa-pedirian-adelantar-elecciones\/","og_locale":"es_ES","og_type":"article","og_title":"El voto anti Blatter de Luis Segura no gust\u00f3 en la interna de la AFA: pedir\u00edan adelantar elecciones - Informe Litoral","og_description":"Los integrantes del CE que no viajaron a Zurich para la elecci&oacute;n en FIFA se sorprendieron al confirmarse que Argentina vot&oacute; por el pr&iacute;ncipe Hussein.En la reuni&oacute;n del martes le exigir&aacute;n explicaciones. La Asociaci&oacute;n del F&uacute;tbol Argentino (AFA) le quit&oacute; el viernes el apoyo a Joseph Blatter en la votaci&oacute;n en la que finalmente el [&hellip;]","og_url":"https:\/\/informelitoral.com.ar\/el-voto-anti-blatter-de-luis-segura-no-gusto-en-la-interna-de-la-afa-pedirian-adelantar-elecciones\/","og_site_name":"Informe Litoral","article_publisher":"https:\/\/www.facebook.com\/informelitoral\/","article_published_time":"2015-06-01T00:55:08+00:00","article_modified_time":"2015-06-01T00:57:04+00:00","og_image":[{"width":770,"height":433,"url":"https:\/\/informelitoral.com.ar\/%77%70%2d%63%6f%6e%74%65%6e%74\/uploads\/2015\/05\/0012680806.jpg","type":"image\/jpeg"}],"author":"Gonzalo Schmidt","twitter_card":"summary_large_image","twitter_creator":"@InformeLitoral","twitter_site":"@InformeLitoral","twitter_misc":{"Escrito por":"Gonzalo Schmidt","Tiempo de lectura":"2 minutos"},"schema":{"@context":"https:\/\/schema.org","@graph":[{"@type":"Article","@id":"https:\/\/informelitoral.com.ar\/el-voto-anti-blatter-de-luis-segura-no-gusto-en-la-interna-de-la-afa-pedirian-adelantar-elecciones\/#article","isPartOf":{"@id":"https:\/\/informelitoral.com.ar\/el-voto-anti-blatter-de-luis-segura-no-gusto-en-la-interna-de-la-afa-pedirian-adelantar-elecciones\/"},"author":{"name":"Gonzalo Schmidt","@id":"https:\/\/informelitoral.com.ar\/#\/schema\/person\/b9d00407c836482871ef1d57bf8e3180"},"headline":"El voto anti Blatter de Luis Segura no gust\u00f3 en la interna de la AFA: pedir\u00edan adelantar elecciones","datePublished":"2015-06-01T00:55:08+00:00","dateModified":"2015-06-01T00:57:04+00:00","mainEntityOfPage":{"@id":"https:\/\/informelitoral.com.ar\/el-voto-anti-blatter-de-luis-segura-no-gusto-en-la-interna-de-la-afa-pedirian-adelantar-elecciones\/"},"wordCount":453,"commentCount":0,"publisher":{"@id":"https:\/\/informelitoral.com.ar\/#organization"},"image":{"@id":"https:\/\/informelitoral.com.ar\/el-voto-anti-blatter-de-luis-segura-no-gusto-en-la-interna-de-la-afa-pedirian-adelantar-elecciones\/#primaryimage"},"thumbnailUrl":"http:\/\/www.isletasnoticias.com.ar\/%77%70%2d%63%6f%6e%74%65%6e%74\/uploads\/2015\/05\/0012680806-300x169.jpg","articleSection":["Deportes"],"inLanguage":"es","potentialAction":[{"@type":"CommentAction","name":"Comment","target":["https:\/\/informelitoral.com.ar\/el-voto-anti-blatter-de-luis-segura-no-gusto-en-la-interna-de-la-afa-pedirian-adelantar-elecciones\/#respond"]}]},{"@type":"WebPage","@id":"https:\/\/informelitoral.com.ar\/el-voto-anti-blatter-de-luis-segura-no-gusto-en-la-interna-de-la-afa-pedirian-adelantar-elecciones\/","url":"https:\/\/informelitoral.com.ar\/el-voto-anti-blatter-de-luis-segura-no-gusto-en-la-interna-de-la-afa-pedirian-adelantar-elecciones\/","name":"El voto anti Blatter de Luis Segura no gust\u00f3 en la interna de la AFA: pedir\u00edan adelantar elecciones - Informe Litoral","isPartOf":{"@id":"https:\/\/informelitoral.com.ar\/#website"},"primaryImageOfPage":{"@id":"https:\/\/informelitoral.com.ar\/el-voto-anti-blatter-de-luis-segura-no-gusto-en-la-interna-de-la-afa-pedirian-adelantar-elecciones\/#primaryimage"},"image":{"@id":"https:\/\/informelitoral.com.ar\/el-voto-anti-blatter-de-luis-segura-no-gusto-en-la-interna-de-la-afa-pedirian-adelantar-elecciones\/#primaryimage"},"thumbnailUrl":"http:\/\/www.isletasnoticias.com.ar\/%77%70%2d%63%6f%6e%74%65%6e%74\/uploads\/2015\/05\/0012680806-300x169.jpg","datePublished":"2015-06-01T00:55:08+00:00","dateModified":"2015-06-01T00:57:04+00:00","breadcrumb":{"@id":"https:\/\/informelitoral.com.ar\/el-voto-anti-blatter-de-luis-segura-no-gusto-en-la-interna-de-la-afa-pedirian-adelantar-elecciones\/#breadcrumb"},"inLanguage":"es","potentialAction":[{"@type":"ReadAction","target":["https:\/\/informelitoral.com.ar\/el-voto-anti-blatter-de-luis-segura-no-gusto-en-la-interna-de-la-afa-pedirian-adelantar-elecciones\/"]}]},{"@type":"ImageObject","inLanguage":"es","@id":"https:\/\/informelitoral.com.ar\/el-voto-anti-blatter-de-luis-segura-no-gusto-en-la-interna-de-la-afa-pedirian-adelantar-elecciones\/#primaryimage","url":"http:\/\/www.isletasnoticias.com.ar\/%77%70%2d%63%6f%6e%74%65%6e%74\/uploads\/2015\/05\/0012680806-300x169.jpg","contentUrl":"http:\/\/www.isletasnoticias.com.ar\/%77%70%2d%63%6f%6e%74%65%6e%74\/uploads\/2015\/05\/0012680806-300x169.jpg"},{"@type":"BreadcrumbList","@id":"https:\/\/informelitoral.com.ar\/el-voto-anti-blatter-de-luis-segura-no-gusto-en-la-interna-de-la-afa-pedirian-adelantar-elecciones\/#breadcrumb","itemListElement":[{"@type":"ListItem","position":1,"name":"Portada","item":"https:\/\/informelitoral.com.ar\/"},{"@type":"ListItem","position":2,"name":"El voto anti Blatter de Luis Segura no gust\u00f3 en la interna de la AFA: pedir\u00edan adelantar elecciones"}]},{"@type":"WebSite","@id":"https:\/\/informelitoral.com.ar\/#website","url":"https:\/\/informelitoral.com.ar\/","name":"Informe Litoral","description":"&quot;Nos informamos&quot; ","publisher":{"@id":"https:\/\/informelitoral.com.ar\/#organization"},"potentialAction":[{"@type":"SearchAction","target":{"@type":"EntryPoint","urlTemplate":"https:\/\/informelitoral.com.ar\/?s={search_term_string}"},"query-input":{"@type":"PropertyValueSpecification","valueRequired":true,"valueName":"search_term_string"}}],"inLanguage":"es"},{"@type":"Organization","@id":"https:\/\/informelitoral.com.ar\/#organization","name":"Informe Litoral","url":"https:\/\/informelitoral.com.ar\/","logo":{"@type":"ImageObject","inLanguage":"es","@id":"https:\/\/informelitoral.com.ar\/#\/schema\/logo\/image\/","url":"https:\/\/informelitoral.com.ar\/%77%70%2d%63%6f%6e%74%65%6e%74\/uploads\/2021\/01\/circulo.png","contentUrl":"https:\/\/informelitoral.com.ar\/%77%70%2d%63%6f%6e%74%65%6e%74\/uploads\/2021\/01\/circulo.png","width":723,"height":731,"caption":"Informe Litoral"},"image":{"@id":"https:\/\/informelitoral.com.ar\/#\/schema\/logo\/image\/"},"sameAs":["https:\/\/www.facebook.com\/informelitoral\/","https:\/\/x.com\/InformeLitoral","https:\/\/www.instagram.com\/informelitoral\/","https:\/\/www.youtube.com\/channel\/UCua4Qvz8Icb6MYqhoq9xLXw"]},{"@type":"Person","@id":"https:\/\/informelitoral.com.ar\/#\/schema\/person\/b9d00407c836482871ef1d57bf8e3180","name":"Gonzalo Schmidt","image":{"@type":"ImageObject","inLanguage":"es","@id":"https:\/\/secure.gravatar.com\/avatar\/31a1a7b66ff2de83bd0e9fd79d026630d2d99e55e8bfe501287647b4fd9743de?s=96&d=mm&r=g","url":"https:\/\/secure.gravatar.com\/avatar\/31a1a7b66ff2de83bd0e9fd79d026630d2d99e55e8bfe501287647b4fd9743de?s=96&d=mm&r=g","contentUrl":"https:\/\/secure.gravatar.com\/avatar\/31a1a7b66ff2de83bd0e9fd79d026630d2d99e55e8bfe501287647b4fd9743de?s=96&d=mm&r=g","caption":"Gonzalo Schmidt"},"description":"Sitio web de noticias de la provincia de Entre R\u00edos, Argentina. Informaci\u00f3n y entretenimiento. Informe Litoral, nos informamos.","sameAs":["http:\/\/www.isletasnoticias.com.ar"],"url":"https:\/\/informelitoral.com.ar\/author\/gonzalo\/"}]}},"_links":{"self":[{"href":"https:\/\/informelitoral.com.ar\/%77%70%2d%6a%73%6f%6e\/wp\/v2\/posts\/10851","targetHints":{"allow":["GET"]}}],"collection":[{"href":"https:\/\/informelitoral.com.ar\/%77%70%2d%6a%73%6f%6e\/wp\/v2\/posts"}],"about":[{"href":"https:\/\/informelitoral.com.ar\/%77%70%2d%6a%73%6f%6e\/wp\/v2\/types\/post"}],"author":[{"embeddable":true,"href":"https:\/\/informelitoral.com.ar\/%77%70%2d%6a%73%6f%6e\/wp\/v2\/users\/2"}],"replies":[{"embeddable":true,"href":"https:\/\/informelitoral.com.ar\/%77%70%2d%6a%73%6f%6e\/wp\/v2\/comments?post=10851"}],"version-history":[{"count":0,"href":"https:\/\/informelitoral.com.ar\/%77%70%2d%6a%73%6f%6e\/wp\/v2\/posts\/10851\/revisions"}],"wp:attachment":[{"href":"https:\/\/informelitoral.com.ar\/%77%70%2d%6a%73%6f%6e\/wp\/v2\/media?parent=10851"}],"wp:term":[{"taxonomy":"category","embeddable":true,"href":"https:\/\/informelitoral.com.ar\/%77%70%2d%6a%73%6f%6e\/wp\/v2\/categories?post=10851"},{"taxonomy":"post_tag","embeddable":true,"href":"https:\/\/informelitoral.com.ar\/%77%70%2d%6a%73%6f%6e\/wp\/v2\/tags?post=10851"}],"curies":[{"name":"wp","href":"https:\/\/api.w.org\/{rel}","templated":true}]}}