{"id":10848,"date":"2015-05-31T21:38:00","date_gmt":"2015-06-01T00:38:00","guid":{"rendered":"http:\/\/www.isletasnoticias.com.ar\/?p=10848"},"modified":"2015-05-31T22:33:05","modified_gmt":"2015-06-01T01:33:05","slug":"desde-un-programa-radial-propusieron-el-primer-debate-de-candidatos-en-isletas","status":"publish","type":"post","link":"https:\/\/informelitoral.com.ar\/desde-un-programa-radial-propusieron-el-primer-debate-de-candidatos-en-isletas\/","title":{"rendered":"Desde un programa radial propusieron el primer debate de candidatos en Isletas"},"content":{"rendered":"<p><strong>La idea surgi\u00f3 en el programa radial <em>Uno por Semana<\/em> que se emite los s\u00e1bados de 15 a 18 por <em>FM Eco<\/em> de Ram\u00edrez. Ahora depender\u00e1 de los postulantes del radicalismo y el FPV si aceptan o no, la propuesta. Gui\u00f1o desde la Junta de Gobierno.\u00a0<a href=\"http:\/\/www.isletasnoticias.com.ar\/%77%70%2d%63%6f%6e%74%65%6e%74\/uploads\/2015\/05\/images.jpg\"><img loading=\"lazy\" decoding=\"async\" class=\"aligncenter size-full wp-image-10849\" src=\"http:\/\/www.isletasnoticias.com.ar\/%77%70%2d%63%6f%6e%74%65%6e%74\/uploads\/2015\/05\/images.jpg\" alt=\"images\" width=\"256\" height=\"197\" \/><\/a><\/strong>Tras confirmarse que los precandidatos a presidir la Junta de Gobierno en Isletas son <strong>Alcides Wolff,<\/strong> por la Uni\u00f3n C\u00edvica Radical (UCR) y<strong> Luis Ch\u00e9mez,<\/strong> por el Frente para la Victoria (FPV), desde el programa radial <em>Uno por Semana<\/em> de<em> FM Eco 100.3<\/em>, propusieron que se realice el primer debate de precandidatos de la historia de Isletas.<\/p>\n<p>La fecha podr\u00eda ser antes de las Elecciones Primarias de agosto, o despu\u00e9s y el lugar ser\u00eda el Sal\u00f3n Comunitario de la localidad. No obstante, se trat\u00f3 solo de una propuesta y ahora depender\u00e1 de los postulantes si aceptan o no el desaf\u00edo. De llevarse a cabo, ser\u00e1 un hecho hist\u00f3rico en la vida institucional de Isletas y servir\u00e1 como ejemplo para otros lugares.<\/p>\n<p>El conductor del ciclo radial que se emite desde el 2010, Gonzalo Schmidt propuso \u00abavisar con tiempo la fecha y elegir un d\u00eda y horario que le venga bien a la mayor cantidad de vecinos posible. Tambi\u00e9n fue m\u00e1s all\u00e1, al proponer que el acontecimiento, en caso de llevarse adelante, sea registrado por un medio de comunicaci\u00f3n de Ram\u00edrez o Crespo y cuente \u00abcon algo para comer y tomar, pago en partes iguales por los postulantes o la Junta\u00bb.<\/p>\n<p>El objetivo del debate ser\u00eda b\u00e1sicamente conocer los proyectos de cada candidato en caso de llegar a la Junta de Gobierno y tambi\u00e9n discutir las diferencias en un marco de respeto y delante de los votantes. \u00abCon esto, los ciudadanos quiz\u00e1s definan m\u00e1s f\u00e1cilmente por quien votar en agosto o octubre\u00bb, lanz\u00f3 Schmidt.<\/p>\n<p>Si bien por el momento no se sabe si la propuesta lleg\u00f3 a los o\u00eddos de Ch\u00e9mez y Wolff, que por ahora mantienen silencio, en una de las tandas publicitarias del programa, se habr\u00eda recibido un llamado por parte de uno de los m\u00e1ximos integrantes de la actual gesti\u00f3n radical, qui\u00e9n manifest\u00f3 \u00abestar totalmente de acuerdo con la idea\u00bb.<\/p>\n<p>En los pr\u00f3ximos d\u00edas o semanas, seguramente se ver\u00e1 si la propuesta llega a buen puerto o queda en el olvido. <em>(Isletas Noticias)<\/em><\/p>\n","protected":false},"excerpt":{"rendered":"<p>La idea surgi&oacute; en el programa radial Uno por Semana que se emite los s&aacute;bados de 15 a 18 por FM Eco de Ram&iacute;rez. Ahora depender&aacute; de los postulantes del radicalismo y el FPV si aceptan o no, la propuesta. Gui&ntilde;o desde la Junta de Gobierno.&nbsp;Tras confirmarse que los precandidatos a presidir la Junta de [&hellip;]<\/p>\n","protected":false},"author":2,"featured_media":0,"comment_status":"open","ping_status":"open","sticky":false,"template":"","format":"standard","meta":{"fifu_image_url":"","fifu_image_alt":"","footnotes":""},"categories":[4,16],"tags":[],"class_list":{"0":"post-10848","1":"post","2":"type-post","3":"status-publish","4":"format-standard","6":"category-locales","7":"category-politi"},"yoast_head":"<title>Desde un programa radial propusieron el primer debate de candidatos en Isletas - Informe Litoral<\/title>\n<meta name=\"robots\" content=\"index, follow, max-snippet:-1, max-image-preview:large, max-video-preview:-1\" \/>\n<link rel=\"canonical\" href=\"https:\/\/informelitoral.com.ar\/desde-un-programa-radial-propusieron-el-primer-debate-de-candidatos-en-isletas\/\" \/>\n<meta property=\"og:locale\" content=\"es_ES\" \/>\n<meta property=\"og:type\" content=\"article\" \/>\n<meta property=\"og:title\" content=\"Desde un programa radial propusieron el primer debate de candidatos en Isletas - Informe Litoral\" \/>\n<meta property=\"og:description\" content=\"La idea surgi&oacute; en el programa radial Uno por Semana que se emite los s&aacute;bados de 15 a 18 por FM Eco de Ram&iacute;rez. Ahora depender&aacute; de los postulantes del radicalismo y el FPV si aceptan o no, la propuesta. Gui&ntilde;o desde la Junta de Gobierno.&nbsp;Tras confirmarse que los precandidatos a presidir la Junta de [&hellip;]\" \/>\n<meta property=\"og:url\" content=\"https:\/\/informelitoral.com.ar\/desde-un-programa-radial-propusieron-el-primer-debate-de-candidatos-en-isletas\/\" \/>\n<meta property=\"og:site_name\" content=\"Informe Litoral\" \/>\n<meta property=\"article:publisher\" content=\"https:\/\/www.facebook.com\/informelitoral\/\" \/>\n<meta property=\"article:published_time\" content=\"2015-06-01T00:38:00+00:00\" \/>\n<meta property=\"article:modified_time\" content=\"2015-06-01T01:33:05+00:00\" \/>\n<meta property=\"og:image\" content=\"https:\/\/informelitoral.com.ar\/%77%70%2d%63%6f%6e%74%65%6e%74\/uploads\/2015\/05\/images.jpg\" \/>\n\t<meta property=\"og:image:width\" content=\"256\" \/>\n\t<meta property=\"og:image:height\" content=\"197\" \/>\n\t<meta property=\"og:image:type\" content=\"image\/jpeg\" \/>\n<meta name=\"author\" content=\"Gonzalo Schmidt\" \/>\n<meta name=\"twitter:card\" content=\"summary_large_image\" \/>\n<meta name=\"twitter:creator\" content=\"@InformeLitoral\" \/>\n<meta name=\"twitter:site\" content=\"@InformeLitoral\" \/>\n<meta name=\"twitter:label1\" content=\"Escrito por\" \/>\n\t<meta name=\"twitter:data1\" content=\"Gonzalo Schmidt\" \/>\n\t<meta name=\"twitter:label2\" content=\"Tiempo de lectura\" \/>\n\t<meta name=\"twitter:data2\" content=\"2 minutos\" \/>\n<script type=\"application\/ld+json\" class=\"yoast-schema-graph\">{\"@context\":\"https:\\\/\\\/schema.org\",\"@graph\":[{\"@type\":\"Article\",\"@id\":\"https:\\\/\\\/informelitoral.com.ar\\\/desde-un-programa-radial-propusieron-el-primer-debate-de-candidatos-en-isletas\\\/#article\",\"isPartOf\":{\"@id\":\"https:\\\/\\\/informelitoral.com.ar\\\/desde-un-programa-radial-propusieron-el-primer-debate-de-candidatos-en-isletas\\\/\"},\"author\":{\"name\":\"Gonzalo Schmidt\",\"@id\":\"https:\\\/\\\/informelitoral.com.ar\\\/#\\\/schema\\\/person\\\/b9d00407c836482871ef1d57bf8e3180\"},\"headline\":\"Desde un programa radial propusieron el primer debate de candidatos en Isletas\",\"datePublished\":\"2015-06-01T00:38:00+00:00\",\"dateModified\":\"2015-06-01T01:33:05+00:00\",\"mainEntityOfPage\":{\"@id\":\"https:\\\/\\\/informelitoral.com.ar\\\/desde-un-programa-radial-propusieron-el-primer-debate-de-candidatos-en-isletas\\\/\"},\"wordCount\":420,\"commentCount\":0,\"publisher\":{\"@id\":\"https:\\\/\\\/informelitoral.com.ar\\\/#organization\"},\"image\":{\"@id\":\"https:\\\/\\\/informelitoral.com.ar\\\/desde-un-programa-radial-propusieron-el-primer-debate-de-candidatos-en-isletas\\\/#primaryimage\"},\"thumbnailUrl\":\"http:\\\/\\\/www.isletasnoticias.com.ar\\\/%77%70%2d%63%6f%6e%74%65%6e%74\\\/uploads\\\/2015\\\/05\\\/images.jpg\",\"articleSection\":[\"Isletas\",\"Politica\"],\"inLanguage\":\"es\",\"potentialAction\":[{\"@type\":\"CommentAction\",\"name\":\"Comment\",\"target\":[\"https:\\\/\\\/informelitoral.com.ar\\\/desde-un-programa-radial-propusieron-el-primer-debate-de-candidatos-en-isletas\\\/#respond\"]}]},{\"@type\":\"WebPage\",\"@id\":\"https:\\\/\\\/informelitoral.com.ar\\\/desde-un-programa-radial-propusieron-el-primer-debate-de-candidatos-en-isletas\\\/\",\"url\":\"https:\\\/\\\/informelitoral.com.ar\\\/desde-un-programa-radial-propusieron-el-primer-debate-de-candidatos-en-isletas\\\/\",\"name\":\"Desde un programa radial propusieron el primer debate de candidatos en Isletas - Informe Litoral\",\"isPartOf\":{\"@id\":\"https:\\\/\\\/informelitoral.com.ar\\\/#website\"},\"primaryImageOfPage\":{\"@id\":\"https:\\\/\\\/informelitoral.com.ar\\\/desde-un-programa-radial-propusieron-el-primer-debate-de-candidatos-en-isletas\\\/#primaryimage\"},\"image\":{\"@id\":\"https:\\\/\\\/informelitoral.com.ar\\\/desde-un-programa-radial-propusieron-el-primer-debate-de-candidatos-en-isletas\\\/#primaryimage\"},\"thumbnailUrl\":\"http:\\\/\\\/www.isletasnoticias.com.ar\\\/%77%70%2d%63%6f%6e%74%65%6e%74\\\/uploads\\\/2015\\\/05\\\/images.jpg\",\"datePublished\":\"2015-06-01T00:38:00+00:00\",\"dateModified\":\"2015-06-01T01:33:05+00:00\",\"breadcrumb\":{\"@id\":\"https:\\\/\\\/informelitoral.com.ar\\\/desde-un-programa-radial-propusieron-el-primer-debate-de-candidatos-en-isletas\\\/#breadcrumb\"},\"inLanguage\":\"es\",\"potentialAction\":[{\"@type\":\"ReadAction\",\"target\":[\"https:\\\/\\\/informelitoral.com.ar\\\/desde-un-programa-radial-propusieron-el-primer-debate-de-candidatos-en-isletas\\\/\"]}]},{\"@type\":\"ImageObject\",\"inLanguage\":\"es\",\"@id\":\"https:\\\/\\\/informelitoral.com.ar\\\/desde-un-programa-radial-propusieron-el-primer-debate-de-candidatos-en-isletas\\\/#primaryimage\",\"url\":\"http:\\\/\\\/www.isletasnoticias.com.ar\\\/%77%70%2d%63%6f%6e%74%65%6e%74\\\/uploads\\\/2015\\\/05\\\/images.jpg\",\"contentUrl\":\"http:\\\/\\\/www.isletasnoticias.com.ar\\\/%77%70%2d%63%6f%6e%74%65%6e%74\\\/uploads\\\/2015\\\/05\\\/images.jpg\"},{\"@type\":\"BreadcrumbList\",\"@id\":\"https:\\\/\\\/informelitoral.com.ar\\\/desde-un-programa-radial-propusieron-el-primer-debate-de-candidatos-en-isletas\\\/#breadcrumb\",\"itemListElement\":[{\"@type\":\"ListItem\",\"position\":1,\"name\":\"Portada\",\"item\":\"https:\\\/\\\/informelitoral.com.ar\\\/\"},{\"@type\":\"ListItem\",\"position\":2,\"name\":\"Desde un programa radial propusieron el primer debate de candidatos en Isletas\"}]},{\"@type\":\"WebSite\",\"@id\":\"https:\\\/\\\/informelitoral.com.ar\\\/#website\",\"url\":\"https:\\\/\\\/informelitoral.com.ar\\\/\",\"name\":\"Informe Litoral\",\"description\":\"&quot;Nos informamos&quot; \",\"publisher\":{\"@id\":\"https:\\\/\\\/informelitoral.com.ar\\\/#organization\"},\"potentialAction\":[{\"@type\":\"SearchAction\",\"target\":{\"@type\":\"EntryPoint\",\"urlTemplate\":\"https:\\\/\\\/informelitoral.com.ar\\\/?s={search_term_string}\"},\"query-input\":{\"@type\":\"PropertyValueSpecification\",\"valueRequired\":true,\"valueName\":\"search_term_string\"}}],\"inLanguage\":\"es\"},{\"@type\":\"Organization\",\"@id\":\"https:\\\/\\\/informelitoral.com.ar\\\/#organization\",\"name\":\"Informe Litoral\",\"url\":\"https:\\\/\\\/informelitoral.com.ar\\\/\",\"logo\":{\"@type\":\"ImageObject\",\"inLanguage\":\"es\",\"@id\":\"https:\\\/\\\/informelitoral.com.ar\\\/#\\\/schema\\\/logo\\\/image\\\/\",\"url\":\"https:\\\/\\\/informelitoral.com.ar\\\/%77%70%2d%63%6f%6e%74%65%6e%74\\\/uploads\\\/2021\\\/01\\\/circulo.png\",\"contentUrl\":\"https:\\\/\\\/informelitoral.com.ar\\\/%77%70%2d%63%6f%6e%74%65%6e%74\\\/uploads\\\/2021\\\/01\\\/circulo.png\",\"width\":723,\"height\":731,\"caption\":\"Informe Litoral\"},\"image\":{\"@id\":\"https:\\\/\\\/informelitoral.com.ar\\\/#\\\/schema\\\/logo\\\/image\\\/\"},\"sameAs\":[\"https:\\\/\\\/www.facebook.com\\\/informelitoral\\\/\",\"https:\\\/\\\/x.com\\\/InformeLitoral\",\"https:\\\/\\\/www.instagram.com\\\/informelitoral\\\/\",\"https:\\\/\\\/www.youtube.com\\\/channel\\\/UCua4Qvz8Icb6MYqhoq9xLXw\"]},{\"@type\":\"Person\",\"@id\":\"https:\\\/\\\/informelitoral.com.ar\\\/#\\\/schema\\\/person\\\/b9d00407c836482871ef1d57bf8e3180\",\"name\":\"Gonzalo Schmidt\",\"image\":{\"@type\":\"ImageObject\",\"inLanguage\":\"es\",\"@id\":\"https:\\\/\\\/secure.gravatar.com\\\/avatar\\\/31a1a7b66ff2de83bd0e9fd79d026630d2d99e55e8bfe501287647b4fd9743de?s=96&d=mm&r=g\",\"url\":\"https:\\\/\\\/secure.gravatar.com\\\/avatar\\\/31a1a7b66ff2de83bd0e9fd79d026630d2d99e55e8bfe501287647b4fd9743de?s=96&d=mm&r=g\",\"contentUrl\":\"https:\\\/\\\/secure.gravatar.com\\\/avatar\\\/31a1a7b66ff2de83bd0e9fd79d026630d2d99e55e8bfe501287647b4fd9743de?s=96&d=mm&r=g\",\"caption\":\"Gonzalo Schmidt\"},\"description\":\"Sitio web de noticias de la provincia de Entre R\u00edos, Argentina. Informaci\u00f3n y entretenimiento. Informe Litoral, nos informamos.\",\"sameAs\":[\"http:\\\/\\\/www.isletasnoticias.com.ar\"],\"url\":\"https:\\\/\\\/informelitoral.com.ar\\\/author\\\/gonzalo\\\/\"}]}<\/script>","yoast_head_json":{"title":"Desde un programa radial propusieron el primer debate de candidatos en Isletas - Informe Litoral","robots":{"index":"index","follow":"follow","max-snippet":"max-snippet:-1","max-image-preview":"max-image-preview:large","max-video-preview":"max-video-preview:-1"},"canonical":"https:\/\/informelitoral.com.ar\/desde-un-programa-radial-propusieron-el-primer-debate-de-candidatos-en-isletas\/","og_locale":"es_ES","og_type":"article","og_title":"Desde un programa radial propusieron el primer debate de candidatos en Isletas - Informe Litoral","og_description":"La idea surgi&oacute; en el programa radial Uno por Semana que se emite los s&aacute;bados de 15 a 18 por FM Eco de Ram&iacute;rez. Ahora depender&aacute; de los postulantes del radicalismo y el FPV si aceptan o no, la propuesta. Gui&ntilde;o desde la Junta de Gobierno.&nbsp;Tras confirmarse que los precandidatos a presidir la Junta de [&hellip;]","og_url":"https:\/\/informelitoral.com.ar\/desde-un-programa-radial-propusieron-el-primer-debate-de-candidatos-en-isletas\/","og_site_name":"Informe Litoral","article_publisher":"https:\/\/www.facebook.com\/informelitoral\/","article_published_time":"2015-06-01T00:38:00+00:00","article_modified_time":"2015-06-01T01:33:05+00:00","og_image":[{"width":256,"height":197,"url":"https:\/\/informelitoral.com.ar\/%77%70%2d%63%6f%6e%74%65%6e%74\/uploads\/2015\/05\/images.jpg","type":"image\/jpeg"}],"author":"Gonzalo Schmidt","twitter_card":"summary_large_image","twitter_creator":"@InformeLitoral","twitter_site":"@InformeLitoral","twitter_misc":{"Escrito por":"Gonzalo Schmidt","Tiempo de lectura":"2 minutos"},"schema":{"@context":"https:\/\/schema.org","@graph":[{"@type":"Article","@id":"https:\/\/informelitoral.com.ar\/desde-un-programa-radial-propusieron-el-primer-debate-de-candidatos-en-isletas\/#article","isPartOf":{"@id":"https:\/\/informelitoral.com.ar\/desde-un-programa-radial-propusieron-el-primer-debate-de-candidatos-en-isletas\/"},"author":{"name":"Gonzalo Schmidt","@id":"https:\/\/informelitoral.com.ar\/#\/schema\/person\/b9d00407c836482871ef1d57bf8e3180"},"headline":"Desde un programa radial propusieron el primer debate de candidatos en Isletas","datePublished":"2015-06-01T00:38:00+00:00","dateModified":"2015-06-01T01:33:05+00:00","mainEntityOfPage":{"@id":"https:\/\/informelitoral.com.ar\/desde-un-programa-radial-propusieron-el-primer-debate-de-candidatos-en-isletas\/"},"wordCount":420,"commentCount":0,"publisher":{"@id":"https:\/\/informelitoral.com.ar\/#organization"},"image":{"@id":"https:\/\/informelitoral.com.ar\/desde-un-programa-radial-propusieron-el-primer-debate-de-candidatos-en-isletas\/#primaryimage"},"thumbnailUrl":"http:\/\/www.isletasnoticias.com.ar\/%77%70%2d%63%6f%6e%74%65%6e%74\/uploads\/2015\/05\/images.jpg","articleSection":["Isletas","Politica"],"inLanguage":"es","potentialAction":[{"@type":"CommentAction","name":"Comment","target":["https:\/\/informelitoral.com.ar\/desde-un-programa-radial-propusieron-el-primer-debate-de-candidatos-en-isletas\/#respond"]}]},{"@type":"WebPage","@id":"https:\/\/informelitoral.com.ar\/desde-un-programa-radial-propusieron-el-primer-debate-de-candidatos-en-isletas\/","url":"https:\/\/informelitoral.com.ar\/desde-un-programa-radial-propusieron-el-primer-debate-de-candidatos-en-isletas\/","name":"Desde un programa radial propusieron el primer debate de candidatos en Isletas - Informe Litoral","isPartOf":{"@id":"https:\/\/informelitoral.com.ar\/#website"},"primaryImageOfPage":{"@id":"https:\/\/informelitoral.com.ar\/desde-un-programa-radial-propusieron-el-primer-debate-de-candidatos-en-isletas\/#primaryimage"},"image":{"@id":"https:\/\/informelitoral.com.ar\/desde-un-programa-radial-propusieron-el-primer-debate-de-candidatos-en-isletas\/#primaryimage"},"thumbnailUrl":"http:\/\/www.isletasnoticias.com.ar\/%77%70%2d%63%6f%6e%74%65%6e%74\/uploads\/2015\/05\/images.jpg","datePublished":"2015-06-01T00:38:00+00:00","dateModified":"2015-06-01T01:33:05+00:00","breadcrumb":{"@id":"https:\/\/informelitoral.com.ar\/desde-un-programa-radial-propusieron-el-primer-debate-de-candidatos-en-isletas\/#breadcrumb"},"inLanguage":"es","potentialAction":[{"@type":"ReadAction","target":["https:\/\/informelitoral.com.ar\/desde-un-programa-radial-propusieron-el-primer-debate-de-candidatos-en-isletas\/"]}]},{"@type":"ImageObject","inLanguage":"es","@id":"https:\/\/informelitoral.com.ar\/desde-un-programa-radial-propusieron-el-primer-debate-de-candidatos-en-isletas\/#primaryimage","url":"http:\/\/www.isletasnoticias.com.ar\/%77%70%2d%63%6f%6e%74%65%6e%74\/uploads\/2015\/05\/images.jpg","contentUrl":"http:\/\/www.isletasnoticias.com.ar\/%77%70%2d%63%6f%6e%74%65%6e%74\/uploads\/2015\/05\/images.jpg"},{"@type":"BreadcrumbList","@id":"https:\/\/informelitoral.com.ar\/desde-un-programa-radial-propusieron-el-primer-debate-de-candidatos-en-isletas\/#breadcrumb","itemListElement":[{"@type":"ListItem","position":1,"name":"Portada","item":"https:\/\/informelitoral.com.ar\/"},{"@type":"ListItem","position":2,"name":"Desde un programa radial propusieron el primer debate de candidatos en Isletas"}]},{"@type":"WebSite","@id":"https:\/\/informelitoral.com.ar\/#website","url":"https:\/\/informelitoral.com.ar\/","name":"Informe Litoral","description":"&quot;Nos informamos&quot; ","publisher":{"@id":"https:\/\/informelitoral.com.ar\/#organization"},"potentialAction":[{"@type":"SearchAction","target":{"@type":"EntryPoint","urlTemplate":"https:\/\/informelitoral.com.ar\/?s={search_term_string}"},"query-input":{"@type":"PropertyValueSpecification","valueRequired":true,"valueName":"search_term_string"}}],"inLanguage":"es"},{"@type":"Organization","@id":"https:\/\/informelitoral.com.ar\/#organization","name":"Informe Litoral","url":"https:\/\/informelitoral.com.ar\/","logo":{"@type":"ImageObject","inLanguage":"es","@id":"https:\/\/informelitoral.com.ar\/#\/schema\/logo\/image\/","url":"https:\/\/informelitoral.com.ar\/%77%70%2d%63%6f%6e%74%65%6e%74\/uploads\/2021\/01\/circulo.png","contentUrl":"https:\/\/informelitoral.com.ar\/%77%70%2d%63%6f%6e%74%65%6e%74\/uploads\/2021\/01\/circulo.png","width":723,"height":731,"caption":"Informe Litoral"},"image":{"@id":"https:\/\/informelitoral.com.ar\/#\/schema\/logo\/image\/"},"sameAs":["https:\/\/www.facebook.com\/informelitoral\/","https:\/\/x.com\/InformeLitoral","https:\/\/www.instagram.com\/informelitoral\/","https:\/\/www.youtube.com\/channel\/UCua4Qvz8Icb6MYqhoq9xLXw"]},{"@type":"Person","@id":"https:\/\/informelitoral.com.ar\/#\/schema\/person\/b9d00407c836482871ef1d57bf8e3180","name":"Gonzalo Schmidt","image":{"@type":"ImageObject","inLanguage":"es","@id":"https:\/\/secure.gravatar.com\/avatar\/31a1a7b66ff2de83bd0e9fd79d026630d2d99e55e8bfe501287647b4fd9743de?s=96&d=mm&r=g","url":"https:\/\/secure.gravatar.com\/avatar\/31a1a7b66ff2de83bd0e9fd79d026630d2d99e55e8bfe501287647b4fd9743de?s=96&d=mm&r=g","contentUrl":"https:\/\/secure.gravatar.com\/avatar\/31a1a7b66ff2de83bd0e9fd79d026630d2d99e55e8bfe501287647b4fd9743de?s=96&d=mm&r=g","caption":"Gonzalo Schmidt"},"description":"Sitio web de noticias de la provincia de Entre R\u00edos, Argentina. Informaci\u00f3n y entretenimiento. Informe Litoral, nos informamos.","sameAs":["http:\/\/www.isletasnoticias.com.ar"],"url":"https:\/\/informelitoral.com.ar\/author\/gonzalo\/"}]}},"_links":{"self":[{"href":"https:\/\/informelitoral.com.ar\/%77%70%2d%6a%73%6f%6e\/wp\/v2\/posts\/10848","targetHints":{"allow":["GET"]}}],"collection":[{"href":"https:\/\/informelitoral.com.ar\/%77%70%2d%6a%73%6f%6e\/wp\/v2\/posts"}],"about":[{"href":"https:\/\/informelitoral.com.ar\/%77%70%2d%6a%73%6f%6e\/wp\/v2\/types\/post"}],"author":[{"embeddable":true,"href":"https:\/\/informelitoral.com.ar\/%77%70%2d%6a%73%6f%6e\/wp\/v2\/users\/2"}],"replies":[{"embeddable":true,"href":"https:\/\/informelitoral.com.ar\/%77%70%2d%6a%73%6f%6e\/wp\/v2\/comments?post=10848"}],"version-history":[{"count":0,"href":"https:\/\/informelitoral.com.ar\/%77%70%2d%6a%73%6f%6e\/wp\/v2\/posts\/10848\/revisions"}],"wp:attachment":[{"href":"https:\/\/informelitoral.com.ar\/%77%70%2d%6a%73%6f%6e\/wp\/v2\/media?parent=10848"}],"wp:term":[{"taxonomy":"category","embeddable":true,"href":"https:\/\/informelitoral.com.ar\/%77%70%2d%6a%73%6f%6e\/wp\/v2\/categories?post=10848"},{"taxonomy":"post_tag","embeddable":true,"href":"https:\/\/informelitoral.com.ar\/%77%70%2d%6a%73%6f%6e\/wp\/v2\/tags?post=10848"}],"curies":[{"name":"wp","href":"https:\/\/api.w.org\/{rel}","templated":true}]}}