{"id":10845,"date":"2015-05-31T21:13:21","date_gmt":"2015-06-01T00:13:21","guid":{"rendered":"http:\/\/www.isletasnoticias.com.ar\/?p=10845"},"modified":"2015-05-31T21:13:21","modified_gmt":"2015-06-01T00:13:21","slug":"este-lunes-la-luna-y-saturno-juntos-se-podran-ver-desde-todo-el-pais","status":"publish","type":"post","link":"https:\/\/informelitoral.com.ar\/este-lunes-la-luna-y-saturno-juntos-se-podran-ver-desde-todo-el-pais\/","title":{"rendered":"Este lunes, la Luna y Saturno juntos se podr\u00e1n ver desde todo el pa\u00eds"},"content":{"rendered":"<p><strong>Durante la noche de este lunes, se podr\u00e1 ver en todo el pa\u00eds el impactante acercamiento de Saturno con la Luna. Se trata de un evento cient\u00edficamente conocido como conjunci\u00f3n astron\u00f3mica.<a href=\"http:\/\/www.isletasnoticias.com.ar\/%77%70%2d%63%6f%6e%74%65%6e%74\/uploads\/2015\/05\/0008291076.jpg\"><img loading=\"lazy\" decoding=\"async\" class=\"aligncenter size-medium wp-image-10846\" src=\"http:\/\/www.isletasnoticias.com.ar\/%77%70%2d%63%6f%6e%74%65%6e%74\/uploads\/2015\/05\/0008291076-300x191.jpg\" alt=\"0008291076\" width=\"300\" height=\"191\" srcset=\"https:\/\/informelitoral.com.ar\/%77%70%2d%63%6f%6e%74%65%6e%74\/uploads\/2015\/05\/0008291076-300x191.jpg 300w, https:\/\/informelitoral.com.ar\/%77%70%2d%63%6f%6e%74%65%6e%74\/uploads\/2015\/05\/0008291076.jpg 678w\" sizes=\"auto, (max-width: 300px) 100vw, 300px\" \/><\/a><\/strong>El evento cient\u00edfico podr\u00e1 ser visto este lunes, a las 20.00, en todo el pa\u00eds, seg\u00fan indicaron desde el Planetario de San Luis.<\/p>\n<p>\u201cPara apreciar el encuentro a simple vista s\u00f3lo hay que mirar a las 20 sobre el horizonte Este y all\u00ed estar\u00e1 el sat\u00e9lite natural (que el martes 2 exactamente a las 13:19 entrar\u00e1 en fase llena) junto a un acaramelado Saturno que se ubicar\u00e1 justo arriba de la Luna\u201d, indicaron desde el planetario.<\/p>\n<p>\u00abSe va a ver una Luna llena muy luminosa y Saturno se ubicar\u00e1 justo arriba de ella\u00bb, expres\u00f3 a <em>minutouno.com<\/em> el director del Planetario de San Luis, <strong>Mart\u00edn Fern\u00e1ndez.<\/strong><\/p>\n<p>Asimismo, Fern\u00e1ndez explic\u00f3 que las personas que cuenten con telescopios el pr\u00f3ximo lunes van a poder observar a Saturno con el \u00absistema complejo de anillos y algunas de sus lunas, entre ellas Tit\u00e1n\u00bb, que es la m\u00e1s grande de ese planeta.<\/p>\n<p>\u201cUn dato a tener en cuenta para poder identificar a las estrellas que forman las constelaciones zodiacales de Libra y Escorpio es que, las estrellas que se ver\u00e1n encima de Saturno pertenecen a la balanza en tanto que, las que se ver\u00e1n a la derecha de la Luna pertenecen al escorpi\u00f3n\u201d, se\u00f1alaron desde el observatorio.<\/p>\n<p>Fern\u00e1ndez record\u00f3 que \u00abel pasado 23 de mayo Saturno estuvo a la menor distancia -registrada en todo este a\u00f1o- de la Tierra: 1.340 millones de kil\u00f3metros\u00bb. Y, seg\u00fan explic\u00f3, reci\u00e9n en 2020 \u00abse volver\u00e1 a repetir una distancia similar\u00bb.<\/p>\n<p>Adem\u00e1s, destac\u00f3 que este \u00a01 de julio \u00abva a haber una conjunci\u00f3n entre entre los planetas Venus y J\u00fapiter\u00bb. \u00abPosibllemente sea el evento m\u00e1s importante del a\u00f1o en t\u00e9rminos astron\u00f3micos\u00bb, subray\u00f3.<\/p>\n","protected":false},"excerpt":{"rendered":"<p>Durante la noche de este lunes, se podr&aacute; ver en todo el pa&iacute;s el impactante acercamiento de Saturno con la Luna. Se trata de un evento cient&iacute;ficamente conocido como conjunci&oacute;n astron&oacute;mica.El evento cient&iacute;fico podr&aacute; ser visto este lunes, a las 20.00, en todo el pa&iacute;s, seg&uacute;n indicaron desde el Planetario de San Luis. &ldquo;Para apreciar [&hellip;]<\/p>\n","protected":false},"author":2,"featured_media":0,"comment_status":"open","ping_status":"open","sticky":false,"template":"","format":"standard","meta":{"fifu_image_url":"","fifu_image_alt":"","footnotes":""},"categories":[8,7],"tags":[],"class_list":{"0":"post-10845","1":"post","2":"type-post","3":"status-publish","4":"format-standard","6":"category-internacionales","7":"category-nacionales"},"yoast_head":"<title>Este lunes, la Luna y Saturno juntos se podr\u00e1n ver desde todo el pa\u00eds - Informe Litoral<\/title>\n<meta name=\"robots\" content=\"index, follow, max-snippet:-1, max-image-preview:large, max-video-preview:-1\" \/>\n<link rel=\"canonical\" href=\"https:\/\/informelitoral.com.ar\/este-lunes-la-luna-y-saturno-juntos-se-podran-ver-desde-todo-el-pais\/\" \/>\n<meta property=\"og:locale\" content=\"es_ES\" \/>\n<meta property=\"og:type\" content=\"article\" \/>\n<meta property=\"og:title\" content=\"Este lunes, la Luna y Saturno juntos se podr\u00e1n ver desde todo el pa\u00eds - Informe Litoral\" \/>\n<meta property=\"og:description\" content=\"Durante la noche de este lunes, se podr&aacute; ver en todo el pa&iacute;s el impactante acercamiento de Saturno con la Luna. Se trata de un evento cient&iacute;ficamente conocido como conjunci&oacute;n astron&oacute;mica.El evento cient&iacute;fico podr&aacute; ser visto este lunes, a las 20.00, en todo el pa&iacute;s, seg&uacute;n indicaron desde el Planetario de San Luis. &ldquo;Para apreciar [&hellip;]\" \/>\n<meta property=\"og:url\" content=\"https:\/\/informelitoral.com.ar\/este-lunes-la-luna-y-saturno-juntos-se-podran-ver-desde-todo-el-pais\/\" \/>\n<meta property=\"og:site_name\" content=\"Informe Litoral\" \/>\n<meta property=\"article:publisher\" content=\"https:\/\/www.facebook.com\/informelitoral\/\" \/>\n<meta property=\"article:published_time\" content=\"2015-06-01T00:13:21+00:00\" \/>\n<meta property=\"og:image\" content=\"https:\/\/informelitoral.com.ar\/%77%70%2d%63%6f%6e%74%65%6e%74\/uploads\/2015\/05\/0008291076.jpg\" \/>\n\t<meta property=\"og:image:width\" content=\"678\" \/>\n\t<meta property=\"og:image:height\" content=\"431\" \/>\n\t<meta property=\"og:image:type\" content=\"image\/jpeg\" \/>\n<meta name=\"author\" content=\"Gonzalo Schmidt\" \/>\n<meta name=\"twitter:card\" content=\"summary_large_image\" \/>\n<meta name=\"twitter:creator\" content=\"@InformeLitoral\" \/>\n<meta name=\"twitter:site\" content=\"@InformeLitoral\" \/>\n<meta name=\"twitter:label1\" content=\"Escrito por\" \/>\n\t<meta name=\"twitter:data1\" content=\"Gonzalo Schmidt\" \/>\n\t<meta name=\"twitter:label2\" content=\"Tiempo de lectura\" \/>\n\t<meta name=\"twitter:data2\" content=\"2 minutos\" \/>\n<script type=\"application\/ld+json\" class=\"yoast-schema-graph\">{\"@context\":\"https:\\\/\\\/schema.org\",\"@graph\":[{\"@type\":\"Article\",\"@id\":\"https:\\\/\\\/informelitoral.com.ar\\\/este-lunes-la-luna-y-saturno-juntos-se-podran-ver-desde-todo-el-pais\\\/#article\",\"isPartOf\":{\"@id\":\"https:\\\/\\\/informelitoral.com.ar\\\/este-lunes-la-luna-y-saturno-juntos-se-podran-ver-desde-todo-el-pais\\\/\"},\"author\":{\"name\":\"Gonzalo Schmidt\",\"@id\":\"https:\\\/\\\/informelitoral.com.ar\\\/#\\\/schema\\\/person\\\/b9d00407c836482871ef1d57bf8e3180\"},\"headline\":\"Este lunes, la Luna y Saturno juntos se podr\u00e1n ver desde todo el pa\u00eds\",\"datePublished\":\"2015-06-01T00:13:21+00:00\",\"mainEntityOfPage\":{\"@id\":\"https:\\\/\\\/informelitoral.com.ar\\\/este-lunes-la-luna-y-saturno-juntos-se-podran-ver-desde-todo-el-pais\\\/\"},\"wordCount\":342,\"commentCount\":0,\"publisher\":{\"@id\":\"https:\\\/\\\/informelitoral.com.ar\\\/#organization\"},\"image\":{\"@id\":\"https:\\\/\\\/informelitoral.com.ar\\\/este-lunes-la-luna-y-saturno-juntos-se-podran-ver-desde-todo-el-pais\\\/#primaryimage\"},\"thumbnailUrl\":\"http:\\\/\\\/www.isletasnoticias.com.ar\\\/%77%70%2d%63%6f%6e%74%65%6e%74\\\/uploads\\\/2015\\\/05\\\/0008291076-300x191.jpg\",\"articleSection\":[\"Internacionales\",\"Nacionales\"],\"inLanguage\":\"es\",\"potentialAction\":[{\"@type\":\"CommentAction\",\"name\":\"Comment\",\"target\":[\"https:\\\/\\\/informelitoral.com.ar\\\/este-lunes-la-luna-y-saturno-juntos-se-podran-ver-desde-todo-el-pais\\\/#respond\"]}]},{\"@type\":\"WebPage\",\"@id\":\"https:\\\/\\\/informelitoral.com.ar\\\/este-lunes-la-luna-y-saturno-juntos-se-podran-ver-desde-todo-el-pais\\\/\",\"url\":\"https:\\\/\\\/informelitoral.com.ar\\\/este-lunes-la-luna-y-saturno-juntos-se-podran-ver-desde-todo-el-pais\\\/\",\"name\":\"Este lunes, la Luna y Saturno juntos se podr\u00e1n ver desde todo el pa\u00eds - Informe Litoral\",\"isPartOf\":{\"@id\":\"https:\\\/\\\/informelitoral.com.ar\\\/#website\"},\"primaryImageOfPage\":{\"@id\":\"https:\\\/\\\/informelitoral.com.ar\\\/este-lunes-la-luna-y-saturno-juntos-se-podran-ver-desde-todo-el-pais\\\/#primaryimage\"},\"image\":{\"@id\":\"https:\\\/\\\/informelitoral.com.ar\\\/este-lunes-la-luna-y-saturno-juntos-se-podran-ver-desde-todo-el-pais\\\/#primaryimage\"},\"thumbnailUrl\":\"http:\\\/\\\/www.isletasnoticias.com.ar\\\/%77%70%2d%63%6f%6e%74%65%6e%74\\\/uploads\\\/2015\\\/05\\\/0008291076-300x191.jpg\",\"datePublished\":\"2015-06-01T00:13:21+00:00\",\"breadcrumb\":{\"@id\":\"https:\\\/\\\/informelitoral.com.ar\\\/este-lunes-la-luna-y-saturno-juntos-se-podran-ver-desde-todo-el-pais\\\/#breadcrumb\"},\"inLanguage\":\"es\",\"potentialAction\":[{\"@type\":\"ReadAction\",\"target\":[\"https:\\\/\\\/informelitoral.com.ar\\\/este-lunes-la-luna-y-saturno-juntos-se-podran-ver-desde-todo-el-pais\\\/\"]}]},{\"@type\":\"ImageObject\",\"inLanguage\":\"es\",\"@id\":\"https:\\\/\\\/informelitoral.com.ar\\\/este-lunes-la-luna-y-saturno-juntos-se-podran-ver-desde-todo-el-pais\\\/#primaryimage\",\"url\":\"http:\\\/\\\/www.isletasnoticias.com.ar\\\/%77%70%2d%63%6f%6e%74%65%6e%74\\\/uploads\\\/2015\\\/05\\\/0008291076-300x191.jpg\",\"contentUrl\":\"http:\\\/\\\/www.isletasnoticias.com.ar\\\/%77%70%2d%63%6f%6e%74%65%6e%74\\\/uploads\\\/2015\\\/05\\\/0008291076-300x191.jpg\"},{\"@type\":\"BreadcrumbList\",\"@id\":\"https:\\\/\\\/informelitoral.com.ar\\\/este-lunes-la-luna-y-saturno-juntos-se-podran-ver-desde-todo-el-pais\\\/#breadcrumb\",\"itemListElement\":[{\"@type\":\"ListItem\",\"position\":1,\"name\":\"Portada\",\"item\":\"https:\\\/\\\/informelitoral.com.ar\\\/\"},{\"@type\":\"ListItem\",\"position\":2,\"name\":\"Este lunes, la Luna y Saturno juntos se podr\u00e1n ver desde todo el pa\u00eds\"}]},{\"@type\":\"WebSite\",\"@id\":\"https:\\\/\\\/informelitoral.com.ar\\\/#website\",\"url\":\"https:\\\/\\\/informelitoral.com.ar\\\/\",\"name\":\"Informe Litoral\",\"description\":\"&quot;Nos informamos&quot; \",\"publisher\":{\"@id\":\"https:\\\/\\\/informelitoral.com.ar\\\/#organization\"},\"potentialAction\":[{\"@type\":\"SearchAction\",\"target\":{\"@type\":\"EntryPoint\",\"urlTemplate\":\"https:\\\/\\\/informelitoral.com.ar\\\/?s={search_term_string}\"},\"query-input\":{\"@type\":\"PropertyValueSpecification\",\"valueRequired\":true,\"valueName\":\"search_term_string\"}}],\"inLanguage\":\"es\"},{\"@type\":\"Organization\",\"@id\":\"https:\\\/\\\/informelitoral.com.ar\\\/#organization\",\"name\":\"Informe Litoral\",\"url\":\"https:\\\/\\\/informelitoral.com.ar\\\/\",\"logo\":{\"@type\":\"ImageObject\",\"inLanguage\":\"es\",\"@id\":\"https:\\\/\\\/informelitoral.com.ar\\\/#\\\/schema\\\/logo\\\/image\\\/\",\"url\":\"https:\\\/\\\/informelitoral.com.ar\\\/%77%70%2d%63%6f%6e%74%65%6e%74\\\/uploads\\\/2021\\\/01\\\/circulo.png\",\"contentUrl\":\"https:\\\/\\\/informelitoral.com.ar\\\/%77%70%2d%63%6f%6e%74%65%6e%74\\\/uploads\\\/2021\\\/01\\\/circulo.png\",\"width\":723,\"height\":731,\"caption\":\"Informe Litoral\"},\"image\":{\"@id\":\"https:\\\/\\\/informelitoral.com.ar\\\/#\\\/schema\\\/logo\\\/image\\\/\"},\"sameAs\":[\"https:\\\/\\\/www.facebook.com\\\/informelitoral\\\/\",\"https:\\\/\\\/x.com\\\/InformeLitoral\",\"https:\\\/\\\/www.instagram.com\\\/informelitoral\\\/\",\"https:\\\/\\\/www.youtube.com\\\/channel\\\/UCua4Qvz8Icb6MYqhoq9xLXw\"]},{\"@type\":\"Person\",\"@id\":\"https:\\\/\\\/informelitoral.com.ar\\\/#\\\/schema\\\/person\\\/b9d00407c836482871ef1d57bf8e3180\",\"name\":\"Gonzalo Schmidt\",\"image\":{\"@type\":\"ImageObject\",\"inLanguage\":\"es\",\"@id\":\"https:\\\/\\\/secure.gravatar.com\\\/avatar\\\/31a1a7b66ff2de83bd0e9fd79d026630d2d99e55e8bfe501287647b4fd9743de?s=96&d=mm&r=g\",\"url\":\"https:\\\/\\\/secure.gravatar.com\\\/avatar\\\/31a1a7b66ff2de83bd0e9fd79d026630d2d99e55e8bfe501287647b4fd9743de?s=96&d=mm&r=g\",\"contentUrl\":\"https:\\\/\\\/secure.gravatar.com\\\/avatar\\\/31a1a7b66ff2de83bd0e9fd79d026630d2d99e55e8bfe501287647b4fd9743de?s=96&d=mm&r=g\",\"caption\":\"Gonzalo Schmidt\"},\"description\":\"Sitio web de noticias de la provincia de Entre R\u00edos, Argentina. Informaci\u00f3n y entretenimiento. Informe Litoral, nos informamos.\",\"sameAs\":[\"http:\\\/\\\/www.isletasnoticias.com.ar\"],\"url\":\"https:\\\/\\\/informelitoral.com.ar\\\/author\\\/gonzalo\\\/\"}]}<\/script>","yoast_head_json":{"title":"Este lunes, la Luna y Saturno juntos se podr\u00e1n ver desde todo el pa\u00eds - Informe Litoral","robots":{"index":"index","follow":"follow","max-snippet":"max-snippet:-1","max-image-preview":"max-image-preview:large","max-video-preview":"max-video-preview:-1"},"canonical":"https:\/\/informelitoral.com.ar\/este-lunes-la-luna-y-saturno-juntos-se-podran-ver-desde-todo-el-pais\/","og_locale":"es_ES","og_type":"article","og_title":"Este lunes, la Luna y Saturno juntos se podr\u00e1n ver desde todo el pa\u00eds - Informe Litoral","og_description":"Durante la noche de este lunes, se podr&aacute; ver en todo el pa&iacute;s el impactante acercamiento de Saturno con la Luna. Se trata de un evento cient&iacute;ficamente conocido como conjunci&oacute;n astron&oacute;mica.El evento cient&iacute;fico podr&aacute; ser visto este lunes, a las 20.00, en todo el pa&iacute;s, seg&uacute;n indicaron desde el Planetario de San Luis. &ldquo;Para apreciar [&hellip;]","og_url":"https:\/\/informelitoral.com.ar\/este-lunes-la-luna-y-saturno-juntos-se-podran-ver-desde-todo-el-pais\/","og_site_name":"Informe Litoral","article_publisher":"https:\/\/www.facebook.com\/informelitoral\/","article_published_time":"2015-06-01T00:13:21+00:00","og_image":[{"width":678,"height":431,"url":"https:\/\/informelitoral.com.ar\/%77%70%2d%63%6f%6e%74%65%6e%74\/uploads\/2015\/05\/0008291076.jpg","type":"image\/jpeg"}],"author":"Gonzalo Schmidt","twitter_card":"summary_large_image","twitter_creator":"@InformeLitoral","twitter_site":"@InformeLitoral","twitter_misc":{"Escrito por":"Gonzalo Schmidt","Tiempo de lectura":"2 minutos"},"schema":{"@context":"https:\/\/schema.org","@graph":[{"@type":"Article","@id":"https:\/\/informelitoral.com.ar\/este-lunes-la-luna-y-saturno-juntos-se-podran-ver-desde-todo-el-pais\/#article","isPartOf":{"@id":"https:\/\/informelitoral.com.ar\/este-lunes-la-luna-y-saturno-juntos-se-podran-ver-desde-todo-el-pais\/"},"author":{"name":"Gonzalo Schmidt","@id":"https:\/\/informelitoral.com.ar\/#\/schema\/person\/b9d00407c836482871ef1d57bf8e3180"},"headline":"Este lunes, la Luna y Saturno juntos se podr\u00e1n ver desde todo el pa\u00eds","datePublished":"2015-06-01T00:13:21+00:00","mainEntityOfPage":{"@id":"https:\/\/informelitoral.com.ar\/este-lunes-la-luna-y-saturno-juntos-se-podran-ver-desde-todo-el-pais\/"},"wordCount":342,"commentCount":0,"publisher":{"@id":"https:\/\/informelitoral.com.ar\/#organization"},"image":{"@id":"https:\/\/informelitoral.com.ar\/este-lunes-la-luna-y-saturno-juntos-se-podran-ver-desde-todo-el-pais\/#primaryimage"},"thumbnailUrl":"http:\/\/www.isletasnoticias.com.ar\/%77%70%2d%63%6f%6e%74%65%6e%74\/uploads\/2015\/05\/0008291076-300x191.jpg","articleSection":["Internacionales","Nacionales"],"inLanguage":"es","potentialAction":[{"@type":"CommentAction","name":"Comment","target":["https:\/\/informelitoral.com.ar\/este-lunes-la-luna-y-saturno-juntos-se-podran-ver-desde-todo-el-pais\/#respond"]}]},{"@type":"WebPage","@id":"https:\/\/informelitoral.com.ar\/este-lunes-la-luna-y-saturno-juntos-se-podran-ver-desde-todo-el-pais\/","url":"https:\/\/informelitoral.com.ar\/este-lunes-la-luna-y-saturno-juntos-se-podran-ver-desde-todo-el-pais\/","name":"Este lunes, la Luna y Saturno juntos se podr\u00e1n ver desde todo el pa\u00eds - Informe Litoral","isPartOf":{"@id":"https:\/\/informelitoral.com.ar\/#website"},"primaryImageOfPage":{"@id":"https:\/\/informelitoral.com.ar\/este-lunes-la-luna-y-saturno-juntos-se-podran-ver-desde-todo-el-pais\/#primaryimage"},"image":{"@id":"https:\/\/informelitoral.com.ar\/este-lunes-la-luna-y-saturno-juntos-se-podran-ver-desde-todo-el-pais\/#primaryimage"},"thumbnailUrl":"http:\/\/www.isletasnoticias.com.ar\/%77%70%2d%63%6f%6e%74%65%6e%74\/uploads\/2015\/05\/0008291076-300x191.jpg","datePublished":"2015-06-01T00:13:21+00:00","breadcrumb":{"@id":"https:\/\/informelitoral.com.ar\/este-lunes-la-luna-y-saturno-juntos-se-podran-ver-desde-todo-el-pais\/#breadcrumb"},"inLanguage":"es","potentialAction":[{"@type":"ReadAction","target":["https:\/\/informelitoral.com.ar\/este-lunes-la-luna-y-saturno-juntos-se-podran-ver-desde-todo-el-pais\/"]}]},{"@type":"ImageObject","inLanguage":"es","@id":"https:\/\/informelitoral.com.ar\/este-lunes-la-luna-y-saturno-juntos-se-podran-ver-desde-todo-el-pais\/#primaryimage","url":"http:\/\/www.isletasnoticias.com.ar\/%77%70%2d%63%6f%6e%74%65%6e%74\/uploads\/2015\/05\/0008291076-300x191.jpg","contentUrl":"http:\/\/www.isletasnoticias.com.ar\/%77%70%2d%63%6f%6e%74%65%6e%74\/uploads\/2015\/05\/0008291076-300x191.jpg"},{"@type":"BreadcrumbList","@id":"https:\/\/informelitoral.com.ar\/este-lunes-la-luna-y-saturno-juntos-se-podran-ver-desde-todo-el-pais\/#breadcrumb","itemListElement":[{"@type":"ListItem","position":1,"name":"Portada","item":"https:\/\/informelitoral.com.ar\/"},{"@type":"ListItem","position":2,"name":"Este lunes, la Luna y Saturno juntos se podr\u00e1n ver desde todo el pa\u00eds"}]},{"@type":"WebSite","@id":"https:\/\/informelitoral.com.ar\/#website","url":"https:\/\/informelitoral.com.ar\/","name":"Informe Litoral","description":"&quot;Nos informamos&quot; ","publisher":{"@id":"https:\/\/informelitoral.com.ar\/#organization"},"potentialAction":[{"@type":"SearchAction","target":{"@type":"EntryPoint","urlTemplate":"https:\/\/informelitoral.com.ar\/?s={search_term_string}"},"query-input":{"@type":"PropertyValueSpecification","valueRequired":true,"valueName":"search_term_string"}}],"inLanguage":"es"},{"@type":"Organization","@id":"https:\/\/informelitoral.com.ar\/#organization","name":"Informe Litoral","url":"https:\/\/informelitoral.com.ar\/","logo":{"@type":"ImageObject","inLanguage":"es","@id":"https:\/\/informelitoral.com.ar\/#\/schema\/logo\/image\/","url":"https:\/\/informelitoral.com.ar\/%77%70%2d%63%6f%6e%74%65%6e%74\/uploads\/2021\/01\/circulo.png","contentUrl":"https:\/\/informelitoral.com.ar\/%77%70%2d%63%6f%6e%74%65%6e%74\/uploads\/2021\/01\/circulo.png","width":723,"height":731,"caption":"Informe Litoral"},"image":{"@id":"https:\/\/informelitoral.com.ar\/#\/schema\/logo\/image\/"},"sameAs":["https:\/\/www.facebook.com\/informelitoral\/","https:\/\/x.com\/InformeLitoral","https:\/\/www.instagram.com\/informelitoral\/","https:\/\/www.youtube.com\/channel\/UCua4Qvz8Icb6MYqhoq9xLXw"]},{"@type":"Person","@id":"https:\/\/informelitoral.com.ar\/#\/schema\/person\/b9d00407c836482871ef1d57bf8e3180","name":"Gonzalo Schmidt","image":{"@type":"ImageObject","inLanguage":"es","@id":"https:\/\/secure.gravatar.com\/avatar\/31a1a7b66ff2de83bd0e9fd79d026630d2d99e55e8bfe501287647b4fd9743de?s=96&d=mm&r=g","url":"https:\/\/secure.gravatar.com\/avatar\/31a1a7b66ff2de83bd0e9fd79d026630d2d99e55e8bfe501287647b4fd9743de?s=96&d=mm&r=g","contentUrl":"https:\/\/secure.gravatar.com\/avatar\/31a1a7b66ff2de83bd0e9fd79d026630d2d99e55e8bfe501287647b4fd9743de?s=96&d=mm&r=g","caption":"Gonzalo Schmidt"},"description":"Sitio web de noticias de la provincia de Entre R\u00edos, Argentina. Informaci\u00f3n y entretenimiento. Informe Litoral, nos informamos.","sameAs":["http:\/\/www.isletasnoticias.com.ar"],"url":"https:\/\/informelitoral.com.ar\/author\/gonzalo\/"}]}},"_links":{"self":[{"href":"https:\/\/informelitoral.com.ar\/%77%70%2d%6a%73%6f%6e\/wp\/v2\/posts\/10845","targetHints":{"allow":["GET"]}}],"collection":[{"href":"https:\/\/informelitoral.com.ar\/%77%70%2d%6a%73%6f%6e\/wp\/v2\/posts"}],"about":[{"href":"https:\/\/informelitoral.com.ar\/%77%70%2d%6a%73%6f%6e\/wp\/v2\/types\/post"}],"author":[{"embeddable":true,"href":"https:\/\/informelitoral.com.ar\/%77%70%2d%6a%73%6f%6e\/wp\/v2\/users\/2"}],"replies":[{"embeddable":true,"href":"https:\/\/informelitoral.com.ar\/%77%70%2d%6a%73%6f%6e\/wp\/v2\/comments?post=10845"}],"version-history":[{"count":0,"href":"https:\/\/informelitoral.com.ar\/%77%70%2d%6a%73%6f%6e\/wp\/v2\/posts\/10845\/revisions"}],"wp:attachment":[{"href":"https:\/\/informelitoral.com.ar\/%77%70%2d%6a%73%6f%6e\/wp\/v2\/media?parent=10845"}],"wp:term":[{"taxonomy":"category","embeddable":true,"href":"https:\/\/informelitoral.com.ar\/%77%70%2d%6a%73%6f%6e\/wp\/v2\/categories?post=10845"},{"taxonomy":"post_tag","embeddable":true,"href":"https:\/\/informelitoral.com.ar\/%77%70%2d%6a%73%6f%6e\/wp\/v2\/tags?post=10845"}],"curies":[{"name":"wp","href":"https:\/\/api.w.org\/{rel}","templated":true}]}}