{"id":10808,"date":"2015-05-26T20:54:03","date_gmt":"2015-05-26T23:54:03","guid":{"rendered":"http:\/\/www.isletasnoticias.com.ar\/?p=10808"},"modified":"2015-05-27T09:57:15","modified_gmt":"2015-05-27T12:57:15","slug":"ramirez-heriberto-hergert-no-bajara-su-precandidatura-a-intendente","status":"publish","type":"post","link":"https:\/\/informelitoral.com.ar\/ramirez-heriberto-hergert-no-bajara-su-precandidatura-a-intendente\/","title":{"rendered":"Ram\u00edrez: Heriberto Hergert no bajar\u00e1 su precandidatura a intendente"},"content":{"rendered":"<p><strong>\u00abNo retrocedo ni un tranco de pollo\u00bb, asegur\u00f3 el propio precandidato a intendente de Gral. Ram\u00edrez a <em>ISLETAS NOTICIAS.<\/em> A pesar \u00a0de que se baj\u00f3 su referente a nivel provincial,<em> Roberto Schunk<\/em>, <em>Hergert<\/em>\u00a0no descart\u00f3 pegar con otros precandidatos.<a href=\"http:\/\/www.isletasnoticias.com.ar\/%77%70%2d%63%6f%6e%74%65%6e%74\/uploads\/2015\/05\/1925284_1411571085765216_1894184292_n.jpg\"><img loading=\"lazy\" decoding=\"async\" class=\" size-medium wp-image-10809 alignleft\" src=\"http:\/\/www.isletasnoticias.com.ar\/%77%70%2d%63%6f%6e%74%65%6e%74\/uploads\/2015\/05\/1925284_1411571085765216_1894184292_n-197x300.jpg\" alt=\"1925284_1411571085765216_1894184292_n\" width=\"197\" height=\"300\" srcset=\"https:\/\/informelitoral.com.ar\/%77%70%2d%63%6f%6e%74%65%6e%74\/uploads\/2015\/05\/1925284_1411571085765216_1894184292_n-197x300.jpg 197w, https:\/\/informelitoral.com.ar\/%77%70%2d%63%6f%6e%74%65%6e%74\/uploads\/2015\/05\/1925284_1411571085765216_1894184292_n.jpg 259w\" sizes=\"auto, (max-width: 197px) 100vw, 197px\" \/><\/a><\/strong><\/p>\n<p>Hace tiempo que <strong>Heriberto Hergert<\/strong> anunci\u00f3 que se presentar\u00e1 como precandidato a intendente de Gral. Ram\u00edrez por el Frente para la Victoria (FpV).<\/p>\n<p>En las \u00faltimas semanas, se hab\u00eda mostrado cerca del ministro de la Producci\u00f3n, <strong>Cdor. Roberto Schunk<\/strong>, a tal punto, que este \u00faltimo viaj\u00f3 hasta esa ciudad del departamento Diamante para brindarle su apoyo como precandidato a intendente.<\/p>\n<p>Sin embargo, la postulasi\u00f3n de Schunk dur\u00f3 apenas unos dos meses, por lo que algunos supon\u00edan que Hergert tambi\u00e9n declinar\u00eda su intenci\u00f3n de llegar a la intendencia.<\/p>\n<p>No obstante, ante la consulta de <strong><em>IN,\u00a0<\/em><\/strong>el militante peronista fue contundente al asegurar: \u00abNo retrocedo ni un tranco de pollo\u00bb. Con esa frase, dej\u00f3 en claro que competir\u00e1 en las elecciones Primarias Abiertas, Simult\u00e1neas y Obligatorias (PASO) de agosto.<\/p>\n<p>Al ser consultado sobre si tiene un referente a nivel provincial, expres\u00f3 que \u00abtenemos buenos candidatos dentro del Frente para la Victoria. Me gusta Ad\u00e1n Bahl y Gustavo Bordet. Los candidatos a intendente podemos pegar con varios candidatos a gobernador, y eso es muy importante\u00bb, asegur\u00f3, dejando en claro que ir\u00eda junto a la boleta de m\u00e1s de un precandidato del FPV. <em>(Isletas Noticias)<\/em><\/p>\n","protected":false},"excerpt":{"rendered":"<p>&laquo;No retrocedo ni un tranco de pollo&raquo;, asegur&oacute; el propio precandidato a intendente de Gral. Ram&iacute;rez a ISLETAS NOTICIAS. A pesar &nbsp;de que se baj&oacute; su referente a nivel provincial, Roberto Schunk, Hergert&nbsp;no descart&oacute; pegar con otros precandidatos. Hace tiempo que Heriberto Hergert anunci&oacute; que se presentar&aacute; como precandidato a intendente de Gral. Ram&iacute;rez por [&hellip;]<\/p>\n","protected":false},"author":2,"featured_media":0,"comment_status":"open","ping_status":"open","sticky":false,"template":"","format":"standard","meta":{"fifu_image_url":"","fifu_image_alt":"","footnotes":""},"categories":[5,16],"tags":[],"class_list":{"0":"post-10808","1":"post","2":"type-post","3":"status-publish","4":"format-standard","6":"category-zonales","7":"category-politi"},"yoast_head":"<title>Ram\u00edrez: Heriberto Hergert no bajar\u00e1 su precandidatura a intendente - Informe Litoral<\/title>\n<meta name=\"robots\" content=\"index, follow, max-snippet:-1, max-image-preview:large, max-video-preview:-1\" \/>\n<link rel=\"canonical\" href=\"https:\/\/informelitoral.com.ar\/ramirez-heriberto-hergert-no-bajara-su-precandidatura-a-intendente\/\" \/>\n<meta property=\"og:locale\" content=\"es_ES\" \/>\n<meta property=\"og:type\" content=\"article\" \/>\n<meta property=\"og:title\" content=\"Ram\u00edrez: Heriberto Hergert no bajar\u00e1 su precandidatura a intendente - Informe Litoral\" \/>\n<meta property=\"og:description\" content=\"&laquo;No retrocedo ni un tranco de pollo&raquo;, asegur&oacute; el propio precandidato a intendente de Gral. Ram&iacute;rez a ISLETAS NOTICIAS. A pesar &nbsp;de que se baj&oacute; su referente a nivel provincial, Roberto Schunk, Hergert&nbsp;no descart&oacute; pegar con otros precandidatos. Hace tiempo que Heriberto Hergert anunci&oacute; que se presentar&aacute; como precandidato a intendente de Gral. Ram&iacute;rez por [&hellip;]\" \/>\n<meta property=\"og:url\" content=\"https:\/\/informelitoral.com.ar\/ramirez-heriberto-hergert-no-bajara-su-precandidatura-a-intendente\/\" \/>\n<meta property=\"og:site_name\" content=\"Informe Litoral\" \/>\n<meta property=\"article:publisher\" content=\"https:\/\/www.facebook.com\/informelitoral\/\" \/>\n<meta property=\"article:published_time\" content=\"2015-05-26T23:54:03+00:00\" \/>\n<meta property=\"article:modified_time\" content=\"2015-05-27T12:57:15+00:00\" \/>\n<meta property=\"og:image\" content=\"https:\/\/informelitoral.com.ar\/%77%70%2d%63%6f%6e%74%65%6e%74\/uploads\/2015\/05\/1925284_1411571085765216_1894184292_n.jpg\" \/>\n\t<meta property=\"og:image:width\" content=\"259\" \/>\n\t<meta property=\"og:image:height\" content=\"395\" \/>\n\t<meta property=\"og:image:type\" content=\"image\/jpeg\" \/>\n<meta name=\"author\" content=\"Gonzalo Schmidt\" \/>\n<meta name=\"twitter:card\" content=\"summary_large_image\" \/>\n<meta name=\"twitter:creator\" content=\"@InformeLitoral\" \/>\n<meta name=\"twitter:site\" content=\"@InformeLitoral\" \/>\n<meta name=\"twitter:label1\" content=\"Escrito por\" \/>\n\t<meta name=\"twitter:data1\" content=\"Gonzalo Schmidt\" \/>\n\t<meta name=\"twitter:label2\" content=\"Tiempo de lectura\" \/>\n\t<meta name=\"twitter:data2\" content=\"1 minuto\" \/>\n<script type=\"application\/ld+json\" class=\"yoast-schema-graph\">{\"@context\":\"https:\\\/\\\/schema.org\",\"@graph\":[{\"@type\":\"Article\",\"@id\":\"https:\\\/\\\/informelitoral.com.ar\\\/ramirez-heriberto-hergert-no-bajara-su-precandidatura-a-intendente\\\/#article\",\"isPartOf\":{\"@id\":\"https:\\\/\\\/informelitoral.com.ar\\\/ramirez-heriberto-hergert-no-bajara-su-precandidatura-a-intendente\\\/\"},\"author\":{\"name\":\"Gonzalo Schmidt\",\"@id\":\"https:\\\/\\\/informelitoral.com.ar\\\/#\\\/schema\\\/person\\\/b9d00407c836482871ef1d57bf8e3180\"},\"headline\":\"Ram\u00edrez: Heriberto Hergert no bajar\u00e1 su precandidatura a intendente\",\"datePublished\":\"2015-05-26T23:54:03+00:00\",\"dateModified\":\"2015-05-27T12:57:15+00:00\",\"mainEntityOfPage\":{\"@id\":\"https:\\\/\\\/informelitoral.com.ar\\\/ramirez-heriberto-hergert-no-bajara-su-precandidatura-a-intendente\\\/\"},\"wordCount\":253,\"commentCount\":0,\"publisher\":{\"@id\":\"https:\\\/\\\/informelitoral.com.ar\\\/#organization\"},\"image\":{\"@id\":\"https:\\\/\\\/informelitoral.com.ar\\\/ramirez-heriberto-hergert-no-bajara-su-precandidatura-a-intendente\\\/#primaryimage\"},\"thumbnailUrl\":\"http:\\\/\\\/www.isletasnoticias.com.ar\\\/%77%70%2d%63%6f%6e%74%65%6e%74\\\/uploads\\\/2015\\\/05\\\/1925284_1411571085765216_1894184292_n-197x300.jpg\",\"articleSection\":[\"Departamento Diamante\",\"Politica\"],\"inLanguage\":\"es\",\"potentialAction\":[{\"@type\":\"CommentAction\",\"name\":\"Comment\",\"target\":[\"https:\\\/\\\/informelitoral.com.ar\\\/ramirez-heriberto-hergert-no-bajara-su-precandidatura-a-intendente\\\/#respond\"]}]},{\"@type\":\"WebPage\",\"@id\":\"https:\\\/\\\/informelitoral.com.ar\\\/ramirez-heriberto-hergert-no-bajara-su-precandidatura-a-intendente\\\/\",\"url\":\"https:\\\/\\\/informelitoral.com.ar\\\/ramirez-heriberto-hergert-no-bajara-su-precandidatura-a-intendente\\\/\",\"name\":\"Ram\u00edrez: Heriberto Hergert no bajar\u00e1 su precandidatura a intendente - Informe Litoral\",\"isPartOf\":{\"@id\":\"https:\\\/\\\/informelitoral.com.ar\\\/#website\"},\"primaryImageOfPage\":{\"@id\":\"https:\\\/\\\/informelitoral.com.ar\\\/ramirez-heriberto-hergert-no-bajara-su-precandidatura-a-intendente\\\/#primaryimage\"},\"image\":{\"@id\":\"https:\\\/\\\/informelitoral.com.ar\\\/ramirez-heriberto-hergert-no-bajara-su-precandidatura-a-intendente\\\/#primaryimage\"},\"thumbnailUrl\":\"http:\\\/\\\/www.isletasnoticias.com.ar\\\/%77%70%2d%63%6f%6e%74%65%6e%74\\\/uploads\\\/2015\\\/05\\\/1925284_1411571085765216_1894184292_n-197x300.jpg\",\"datePublished\":\"2015-05-26T23:54:03+00:00\",\"dateModified\":\"2015-05-27T12:57:15+00:00\",\"breadcrumb\":{\"@id\":\"https:\\\/\\\/informelitoral.com.ar\\\/ramirez-heriberto-hergert-no-bajara-su-precandidatura-a-intendente\\\/#breadcrumb\"},\"inLanguage\":\"es\",\"potentialAction\":[{\"@type\":\"ReadAction\",\"target\":[\"https:\\\/\\\/informelitoral.com.ar\\\/ramirez-heriberto-hergert-no-bajara-su-precandidatura-a-intendente\\\/\"]}]},{\"@type\":\"ImageObject\",\"inLanguage\":\"es\",\"@id\":\"https:\\\/\\\/informelitoral.com.ar\\\/ramirez-heriberto-hergert-no-bajara-su-precandidatura-a-intendente\\\/#primaryimage\",\"url\":\"http:\\\/\\\/www.isletasnoticias.com.ar\\\/%77%70%2d%63%6f%6e%74%65%6e%74\\\/uploads\\\/2015\\\/05\\\/1925284_1411571085765216_1894184292_n-197x300.jpg\",\"contentUrl\":\"http:\\\/\\\/www.isletasnoticias.com.ar\\\/%77%70%2d%63%6f%6e%74%65%6e%74\\\/uploads\\\/2015\\\/05\\\/1925284_1411571085765216_1894184292_n-197x300.jpg\"},{\"@type\":\"BreadcrumbList\",\"@id\":\"https:\\\/\\\/informelitoral.com.ar\\\/ramirez-heriberto-hergert-no-bajara-su-precandidatura-a-intendente\\\/#breadcrumb\",\"itemListElement\":[{\"@type\":\"ListItem\",\"position\":1,\"name\":\"Portada\",\"item\":\"https:\\\/\\\/informelitoral.com.ar\\\/\"},{\"@type\":\"ListItem\",\"position\":2,\"name\":\"Ram\u00edrez: Heriberto Hergert no bajar\u00e1 su precandidatura a intendente\"}]},{\"@type\":\"WebSite\",\"@id\":\"https:\\\/\\\/informelitoral.com.ar\\\/#website\",\"url\":\"https:\\\/\\\/informelitoral.com.ar\\\/\",\"name\":\"Informe Litoral\",\"description\":\"&quot;Nos informamos&quot; \",\"publisher\":{\"@id\":\"https:\\\/\\\/informelitoral.com.ar\\\/#organization\"},\"potentialAction\":[{\"@type\":\"SearchAction\",\"target\":{\"@type\":\"EntryPoint\",\"urlTemplate\":\"https:\\\/\\\/informelitoral.com.ar\\\/?s={search_term_string}\"},\"query-input\":{\"@type\":\"PropertyValueSpecification\",\"valueRequired\":true,\"valueName\":\"search_term_string\"}}],\"inLanguage\":\"es\"},{\"@type\":\"Organization\",\"@id\":\"https:\\\/\\\/informelitoral.com.ar\\\/#organization\",\"name\":\"Informe Litoral\",\"url\":\"https:\\\/\\\/informelitoral.com.ar\\\/\",\"logo\":{\"@type\":\"ImageObject\",\"inLanguage\":\"es\",\"@id\":\"https:\\\/\\\/informelitoral.com.ar\\\/#\\\/schema\\\/logo\\\/image\\\/\",\"url\":\"https:\\\/\\\/informelitoral.com.ar\\\/%77%70%2d%63%6f%6e%74%65%6e%74\\\/uploads\\\/2021\\\/01\\\/circulo.png\",\"contentUrl\":\"https:\\\/\\\/informelitoral.com.ar\\\/%77%70%2d%63%6f%6e%74%65%6e%74\\\/uploads\\\/2021\\\/01\\\/circulo.png\",\"width\":723,\"height\":731,\"caption\":\"Informe Litoral\"},\"image\":{\"@id\":\"https:\\\/\\\/informelitoral.com.ar\\\/#\\\/schema\\\/logo\\\/image\\\/\"},\"sameAs\":[\"https:\\\/\\\/www.facebook.com\\\/informelitoral\\\/\",\"https:\\\/\\\/x.com\\\/InformeLitoral\",\"https:\\\/\\\/www.instagram.com\\\/informelitoral\\\/\",\"https:\\\/\\\/www.youtube.com\\\/channel\\\/UCua4Qvz8Icb6MYqhoq9xLXw\"]},{\"@type\":\"Person\",\"@id\":\"https:\\\/\\\/informelitoral.com.ar\\\/#\\\/schema\\\/person\\\/b9d00407c836482871ef1d57bf8e3180\",\"name\":\"Gonzalo Schmidt\",\"image\":{\"@type\":\"ImageObject\",\"inLanguage\":\"es\",\"@id\":\"https:\\\/\\\/secure.gravatar.com\\\/avatar\\\/31a1a7b66ff2de83bd0e9fd79d026630d2d99e55e8bfe501287647b4fd9743de?s=96&d=mm&r=g\",\"url\":\"https:\\\/\\\/secure.gravatar.com\\\/avatar\\\/31a1a7b66ff2de83bd0e9fd79d026630d2d99e55e8bfe501287647b4fd9743de?s=96&d=mm&r=g\",\"contentUrl\":\"https:\\\/\\\/secure.gravatar.com\\\/avatar\\\/31a1a7b66ff2de83bd0e9fd79d026630d2d99e55e8bfe501287647b4fd9743de?s=96&d=mm&r=g\",\"caption\":\"Gonzalo Schmidt\"},\"description\":\"Sitio web de noticias de la provincia de Entre R\u00edos, Argentina. Informaci\u00f3n y entretenimiento. Informe Litoral, nos informamos.\",\"sameAs\":[\"http:\\\/\\\/www.isletasnoticias.com.ar\"],\"url\":\"https:\\\/\\\/informelitoral.com.ar\\\/author\\\/gonzalo\\\/\"}]}<\/script>","yoast_head_json":{"title":"Ram\u00edrez: Heriberto Hergert no bajar\u00e1 su precandidatura a intendente - Informe Litoral","robots":{"index":"index","follow":"follow","max-snippet":"max-snippet:-1","max-image-preview":"max-image-preview:large","max-video-preview":"max-video-preview:-1"},"canonical":"https:\/\/informelitoral.com.ar\/ramirez-heriberto-hergert-no-bajara-su-precandidatura-a-intendente\/","og_locale":"es_ES","og_type":"article","og_title":"Ram\u00edrez: Heriberto Hergert no bajar\u00e1 su precandidatura a intendente - Informe Litoral","og_description":"&laquo;No retrocedo ni un tranco de pollo&raquo;, asegur&oacute; el propio precandidato a intendente de Gral. Ram&iacute;rez a ISLETAS NOTICIAS. A pesar &nbsp;de que se baj&oacute; su referente a nivel provincial, Roberto Schunk, Hergert&nbsp;no descart&oacute; pegar con otros precandidatos. Hace tiempo que Heriberto Hergert anunci&oacute; que se presentar&aacute; como precandidato a intendente de Gral. Ram&iacute;rez por [&hellip;]","og_url":"https:\/\/informelitoral.com.ar\/ramirez-heriberto-hergert-no-bajara-su-precandidatura-a-intendente\/","og_site_name":"Informe Litoral","article_publisher":"https:\/\/www.facebook.com\/informelitoral\/","article_published_time":"2015-05-26T23:54:03+00:00","article_modified_time":"2015-05-27T12:57:15+00:00","og_image":[{"width":259,"height":395,"url":"https:\/\/informelitoral.com.ar\/%77%70%2d%63%6f%6e%74%65%6e%74\/uploads\/2015\/05\/1925284_1411571085765216_1894184292_n.jpg","type":"image\/jpeg"}],"author":"Gonzalo Schmidt","twitter_card":"summary_large_image","twitter_creator":"@InformeLitoral","twitter_site":"@InformeLitoral","twitter_misc":{"Escrito por":"Gonzalo Schmidt","Tiempo de lectura":"1 minuto"},"schema":{"@context":"https:\/\/schema.org","@graph":[{"@type":"Article","@id":"https:\/\/informelitoral.com.ar\/ramirez-heriberto-hergert-no-bajara-su-precandidatura-a-intendente\/#article","isPartOf":{"@id":"https:\/\/informelitoral.com.ar\/ramirez-heriberto-hergert-no-bajara-su-precandidatura-a-intendente\/"},"author":{"name":"Gonzalo Schmidt","@id":"https:\/\/informelitoral.com.ar\/#\/schema\/person\/b9d00407c836482871ef1d57bf8e3180"},"headline":"Ram\u00edrez: Heriberto Hergert no bajar\u00e1 su precandidatura a intendente","datePublished":"2015-05-26T23:54:03+00:00","dateModified":"2015-05-27T12:57:15+00:00","mainEntityOfPage":{"@id":"https:\/\/informelitoral.com.ar\/ramirez-heriberto-hergert-no-bajara-su-precandidatura-a-intendente\/"},"wordCount":253,"commentCount":0,"publisher":{"@id":"https:\/\/informelitoral.com.ar\/#organization"},"image":{"@id":"https:\/\/informelitoral.com.ar\/ramirez-heriberto-hergert-no-bajara-su-precandidatura-a-intendente\/#primaryimage"},"thumbnailUrl":"http:\/\/www.isletasnoticias.com.ar\/%77%70%2d%63%6f%6e%74%65%6e%74\/uploads\/2015\/05\/1925284_1411571085765216_1894184292_n-197x300.jpg","articleSection":["Departamento Diamante","Politica"],"inLanguage":"es","potentialAction":[{"@type":"CommentAction","name":"Comment","target":["https:\/\/informelitoral.com.ar\/ramirez-heriberto-hergert-no-bajara-su-precandidatura-a-intendente\/#respond"]}]},{"@type":"WebPage","@id":"https:\/\/informelitoral.com.ar\/ramirez-heriberto-hergert-no-bajara-su-precandidatura-a-intendente\/","url":"https:\/\/informelitoral.com.ar\/ramirez-heriberto-hergert-no-bajara-su-precandidatura-a-intendente\/","name":"Ram\u00edrez: Heriberto Hergert no bajar\u00e1 su precandidatura a intendente - Informe Litoral","isPartOf":{"@id":"https:\/\/informelitoral.com.ar\/#website"},"primaryImageOfPage":{"@id":"https:\/\/informelitoral.com.ar\/ramirez-heriberto-hergert-no-bajara-su-precandidatura-a-intendente\/#primaryimage"},"image":{"@id":"https:\/\/informelitoral.com.ar\/ramirez-heriberto-hergert-no-bajara-su-precandidatura-a-intendente\/#primaryimage"},"thumbnailUrl":"http:\/\/www.isletasnoticias.com.ar\/%77%70%2d%63%6f%6e%74%65%6e%74\/uploads\/2015\/05\/1925284_1411571085765216_1894184292_n-197x300.jpg","datePublished":"2015-05-26T23:54:03+00:00","dateModified":"2015-05-27T12:57:15+00:00","breadcrumb":{"@id":"https:\/\/informelitoral.com.ar\/ramirez-heriberto-hergert-no-bajara-su-precandidatura-a-intendente\/#breadcrumb"},"inLanguage":"es","potentialAction":[{"@type":"ReadAction","target":["https:\/\/informelitoral.com.ar\/ramirez-heriberto-hergert-no-bajara-su-precandidatura-a-intendente\/"]}]},{"@type":"ImageObject","inLanguage":"es","@id":"https:\/\/informelitoral.com.ar\/ramirez-heriberto-hergert-no-bajara-su-precandidatura-a-intendente\/#primaryimage","url":"http:\/\/www.isletasnoticias.com.ar\/%77%70%2d%63%6f%6e%74%65%6e%74\/uploads\/2015\/05\/1925284_1411571085765216_1894184292_n-197x300.jpg","contentUrl":"http:\/\/www.isletasnoticias.com.ar\/%77%70%2d%63%6f%6e%74%65%6e%74\/uploads\/2015\/05\/1925284_1411571085765216_1894184292_n-197x300.jpg"},{"@type":"BreadcrumbList","@id":"https:\/\/informelitoral.com.ar\/ramirez-heriberto-hergert-no-bajara-su-precandidatura-a-intendente\/#breadcrumb","itemListElement":[{"@type":"ListItem","position":1,"name":"Portada","item":"https:\/\/informelitoral.com.ar\/"},{"@type":"ListItem","position":2,"name":"Ram\u00edrez: Heriberto Hergert no bajar\u00e1 su precandidatura a intendente"}]},{"@type":"WebSite","@id":"https:\/\/informelitoral.com.ar\/#website","url":"https:\/\/informelitoral.com.ar\/","name":"Informe Litoral","description":"&quot;Nos informamos&quot; ","publisher":{"@id":"https:\/\/informelitoral.com.ar\/#organization"},"potentialAction":[{"@type":"SearchAction","target":{"@type":"EntryPoint","urlTemplate":"https:\/\/informelitoral.com.ar\/?s={search_term_string}"},"query-input":{"@type":"PropertyValueSpecification","valueRequired":true,"valueName":"search_term_string"}}],"inLanguage":"es"},{"@type":"Organization","@id":"https:\/\/informelitoral.com.ar\/#organization","name":"Informe Litoral","url":"https:\/\/informelitoral.com.ar\/","logo":{"@type":"ImageObject","inLanguage":"es","@id":"https:\/\/informelitoral.com.ar\/#\/schema\/logo\/image\/","url":"https:\/\/informelitoral.com.ar\/%77%70%2d%63%6f%6e%74%65%6e%74\/uploads\/2021\/01\/circulo.png","contentUrl":"https:\/\/informelitoral.com.ar\/%77%70%2d%63%6f%6e%74%65%6e%74\/uploads\/2021\/01\/circulo.png","width":723,"height":731,"caption":"Informe Litoral"},"image":{"@id":"https:\/\/informelitoral.com.ar\/#\/schema\/logo\/image\/"},"sameAs":["https:\/\/www.facebook.com\/informelitoral\/","https:\/\/x.com\/InformeLitoral","https:\/\/www.instagram.com\/informelitoral\/","https:\/\/www.youtube.com\/channel\/UCua4Qvz8Icb6MYqhoq9xLXw"]},{"@type":"Person","@id":"https:\/\/informelitoral.com.ar\/#\/schema\/person\/b9d00407c836482871ef1d57bf8e3180","name":"Gonzalo Schmidt","image":{"@type":"ImageObject","inLanguage":"es","@id":"https:\/\/secure.gravatar.com\/avatar\/31a1a7b66ff2de83bd0e9fd79d026630d2d99e55e8bfe501287647b4fd9743de?s=96&d=mm&r=g","url":"https:\/\/secure.gravatar.com\/avatar\/31a1a7b66ff2de83bd0e9fd79d026630d2d99e55e8bfe501287647b4fd9743de?s=96&d=mm&r=g","contentUrl":"https:\/\/secure.gravatar.com\/avatar\/31a1a7b66ff2de83bd0e9fd79d026630d2d99e55e8bfe501287647b4fd9743de?s=96&d=mm&r=g","caption":"Gonzalo Schmidt"},"description":"Sitio web de noticias de la provincia de Entre R\u00edos, Argentina. Informaci\u00f3n y entretenimiento. Informe Litoral, nos informamos.","sameAs":["http:\/\/www.isletasnoticias.com.ar"],"url":"https:\/\/informelitoral.com.ar\/author\/gonzalo\/"}]}},"_links":{"self":[{"href":"https:\/\/informelitoral.com.ar\/%77%70%2d%6a%73%6f%6e\/wp\/v2\/posts\/10808","targetHints":{"allow":["GET"]}}],"collection":[{"href":"https:\/\/informelitoral.com.ar\/%77%70%2d%6a%73%6f%6e\/wp\/v2\/posts"}],"about":[{"href":"https:\/\/informelitoral.com.ar\/%77%70%2d%6a%73%6f%6e\/wp\/v2\/types\/post"}],"author":[{"embeddable":true,"href":"https:\/\/informelitoral.com.ar\/%77%70%2d%6a%73%6f%6e\/wp\/v2\/users\/2"}],"replies":[{"embeddable":true,"href":"https:\/\/informelitoral.com.ar\/%77%70%2d%6a%73%6f%6e\/wp\/v2\/comments?post=10808"}],"version-history":[{"count":0,"href":"https:\/\/informelitoral.com.ar\/%77%70%2d%6a%73%6f%6e\/wp\/v2\/posts\/10808\/revisions"}],"wp:attachment":[{"href":"https:\/\/informelitoral.com.ar\/%77%70%2d%6a%73%6f%6e\/wp\/v2\/media?parent=10808"}],"wp:term":[{"taxonomy":"category","embeddable":true,"href":"https:\/\/informelitoral.com.ar\/%77%70%2d%6a%73%6f%6e\/wp\/v2\/categories?post=10808"},{"taxonomy":"post_tag","embeddable":true,"href":"https:\/\/informelitoral.com.ar\/%77%70%2d%6a%73%6f%6e\/wp\/v2\/tags?post=10808"}],"curies":[{"name":"wp","href":"https:\/\/api.w.org\/{rel}","templated":true}]}}