{"id":106916,"date":"2023-01-03T16:35:14","date_gmt":"2023-01-03T19:35:14","guid":{"rendered":"https:\/\/www.informelitoral.com.ar\/?p=106916"},"modified":"2023-01-03T20:29:39","modified_gmt":"2023-01-03T23:29:39","slug":"empezo-a-regir-en-entre-rios-el-pase-de-juntas-de-gobierno-a-comunas","status":"publish","type":"post","link":"https:\/\/informelitoral.com.ar\/empezo-a-regir-en-entre-rios-el-pase-de-juntas-de-gobierno-a-comunas\/","title":{"rendered":"Empez\u00f3 a regir en Entre R\u00edos el pase de juntas de gobierno a comunas"},"content":{"rendered":"<p>Tres Juntas de Gobierno del departamento Diamante ya son Comunas y comenzaron a regirse bajo esta modalidad. <strong>Daniel Ruhl,<\/strong> de Aldea Salto; <strong>Julio Toledo<\/strong>, de Pueblo General Alvear y<strong> Luis Rivero,<\/strong> de General Camps ahora son presidentes comunales.<\/p>\n<p><a href=\"https:\/\/www.informelitoral.com.ar\/%77%70%2d%63%6f%6e%74%65%6e%74\/uploads\/2023\/01\/1672751201jpg.jpg\"><img loading=\"lazy\" decoding=\"async\" class=\"alignnone size-full wp-image-107041\" src=\"https:\/\/www.informelitoral.com.ar\/%77%70%2d%63%6f%6e%74%65%6e%74\/uploads\/2023\/01\/1672751201jpg.jpg\" alt=\"\" width=\"1920\" height=\"1280\" srcset=\"https:\/\/informelitoral.com.ar\/%77%70%2d%63%6f%6e%74%65%6e%74\/uploads\/2023\/01\/1672751201jpg.jpg 1920w, https:\/\/informelitoral.com.ar\/%77%70%2d%63%6f%6e%74%65%6e%74\/uploads\/2023\/01\/1672751201jpg-300x200.jpg 300w, https:\/\/informelitoral.com.ar\/%77%70%2d%63%6f%6e%74%65%6e%74\/uploads\/2023\/01\/1672751201jpg-1024x683.jpg 1024w, https:\/\/informelitoral.com.ar\/%77%70%2d%63%6f%6e%74%65%6e%74\/uploads\/2023\/01\/1672751201jpg-768x512.jpg 768w, https:\/\/informelitoral.com.ar\/%77%70%2d%63%6f%6e%74%65%6e%74\/uploads\/2023\/01\/1672751201jpg-1536x1024.jpg 1536w, https:\/\/informelitoral.com.ar\/%77%70%2d%63%6f%6e%74%65%6e%74\/uploads\/2023\/01\/1672751201jpg-696x464.jpg 696w, https:\/\/informelitoral.com.ar\/%77%70%2d%63%6f%6e%74%65%6e%74\/uploads\/2023\/01\/1672751201jpg-1068x712.jpg 1068w, https:\/\/informelitoral.com.ar\/%77%70%2d%63%6f%6e%74%65%6e%74\/uploads\/2023\/01\/1672751201jpg-630x420.jpg 630w\" sizes=\"auto, (max-width: 1920px) 100vw, 1920px\" \/><\/a><\/p>\n<p>En total, 40 centros rurales de poblaci\u00f3n se convertir\u00e1n en 30 nuevas comunas, en el marco de la Ley 10.644. La ministra de Gobierno y Justicia, Rosario Romero, acompa\u00f1\u00f3 los actos de asunci\u00f3n de autoridades en las localidades de Antonio Tom\u00e1s, Santa Rosa y San Rafael.<\/p>\n<p>A trav\u00e9s de los decretos N\u00b02586 y N\u00b02943 el gobierno provincial resolvi\u00f3 reconocer a 40 centros rurales de poblaci\u00f3n como territorios de 30 nuevas comunas que se encuentran unificadas de dos o m\u00e1s centros rurales que comparten distrito.<\/p>\n<p>La ministra Romero estuvo presente en tres de los cinco actos que se desarrollaron este lunes en el marco de la asunci\u00f3n de las nuevas autoridades de comunas y tom\u00f3 juramento a los presidentes comunales comisionados de Antonio Tom\u00e1s, Edgardo Minchiotti; de Santa Rosa, Diego Jacob; y de San Rafael, Roxana Toloy. Tambi\u00e9n, asumieron sus funciones los presidentes de Don Cristobal I, Carlos Ostorero; y de Puerto Algarrobo, F\u00e9lix Agust\u00edn Gonzalez.<\/p>\n<p><a href=\"https:\/\/www.informelitoral.com.ar\/%77%70%2d%63%6f%6e%74%65%6e%74\/uploads\/2023\/01\/1672751240jpg.jpg\"><img loading=\"lazy\" decoding=\"async\" class=\"alignnone size-full wp-image-107043\" src=\"https:\/\/www.informelitoral.com.ar\/%77%70%2d%63%6f%6e%74%65%6e%74\/uploads\/2023\/01\/1672751240jpg.jpg\" alt=\"\" width=\"1920\" height=\"1280\" srcset=\"https:\/\/informelitoral.com.ar\/%77%70%2d%63%6f%6e%74%65%6e%74\/uploads\/2023\/01\/1672751240jpg.jpg 1920w, https:\/\/informelitoral.com.ar\/%77%70%2d%63%6f%6e%74%65%6e%74\/uploads\/2023\/01\/1672751240jpg-300x200.jpg 300w, https:\/\/informelitoral.com.ar\/%77%70%2d%63%6f%6e%74%65%6e%74\/uploads\/2023\/01\/1672751240jpg-1024x683.jpg 1024w, https:\/\/informelitoral.com.ar\/%77%70%2d%63%6f%6e%74%65%6e%74\/uploads\/2023\/01\/1672751240jpg-768x512.jpg 768w, https:\/\/informelitoral.com.ar\/%77%70%2d%63%6f%6e%74%65%6e%74\/uploads\/2023\/01\/1672751240jpg-1536x1024.jpg 1536w, https:\/\/informelitoral.com.ar\/%77%70%2d%63%6f%6e%74%65%6e%74\/uploads\/2023\/01\/1672751240jpg-696x464.jpg 696w, https:\/\/informelitoral.com.ar\/%77%70%2d%63%6f%6e%74%65%6e%74\/uploads\/2023\/01\/1672751240jpg-1068x712.jpg 1068w, https:\/\/informelitoral.com.ar\/%77%70%2d%63%6f%6e%74%65%6e%74\/uploads\/2023\/01\/1672751240jpg-630x420.jpg 630w\" sizes=\"auto, (max-width: 1920px) 100vw, 1920px\" \/><\/a><\/p>\n<p>\u201cEn la gesti\u00f3n anterior del gobernador Gustavo Bordet pasaron 53 juntas de gobierno a comunas. Durante este a\u00f1o se dictaron decretos ratificados por Ley que crean estas nuevas 30 comunas que hoy empezaron a funcionar en Entre R\u00edos\u201d, explic\u00f3 Romero.<\/p>\n<p>En este marco, sostuvo: \u201cEl pase de juntas de gobierno a comunas les da a los pueblos entrerrianos m\u00e1s autonom\u00eda y mayores ingresos, lo que traer\u00e1 beneficios a la comunidad ya que pueden contratar obras, dictar ordenanzas y ejecutar presupuestos\u201d.<\/p>\n<div class=\"google-auto-placed ap_container\">\n<p>\u201cHemos visto que las 53 juntas de gobierno que pasaron a ser comunas en la gesti\u00f3n anterior, hoy florecen en obras y beneficios para sus habitantes. Lo mismo ocurri\u00f3 con aquellas juntas que pasaron directamente a ser municipios. El crecimiento es important\u00edsimo y los beneficios para sus pobladores se notan enseguida\u201d, subray\u00f3.<\/p>\n<p><a href=\"https:\/\/www.informelitoral.com.ar\/%77%70%2d%63%6f%6e%74%65%6e%74\/uploads\/2023\/01\/1672751258jpg.jpg\"><img loading=\"lazy\" decoding=\"async\" class=\"alignnone size-full wp-image-107044\" src=\"https:\/\/www.informelitoral.com.ar\/%77%70%2d%63%6f%6e%74%65%6e%74\/uploads\/2023\/01\/1672751258jpg.jpg\" alt=\"\" width=\"1920\" height=\"1280\" srcset=\"https:\/\/informelitoral.com.ar\/%77%70%2d%63%6f%6e%74%65%6e%74\/uploads\/2023\/01\/1672751258jpg.jpg 1920w, https:\/\/informelitoral.com.ar\/%77%70%2d%63%6f%6e%74%65%6e%74\/uploads\/2023\/01\/1672751258jpg-300x200.jpg 300w, https:\/\/informelitoral.com.ar\/%77%70%2d%63%6f%6e%74%65%6e%74\/uploads\/2023\/01\/1672751258jpg-1024x683.jpg 1024w, https:\/\/informelitoral.com.ar\/%77%70%2d%63%6f%6e%74%65%6e%74\/uploads\/2023\/01\/1672751258jpg-768x512.jpg 768w, https:\/\/informelitoral.com.ar\/%77%70%2d%63%6f%6e%74%65%6e%74\/uploads\/2023\/01\/1672751258jpg-1536x1024.jpg 1536w, https:\/\/informelitoral.com.ar\/%77%70%2d%63%6f%6e%74%65%6e%74\/uploads\/2023\/01\/1672751258jpg-696x464.jpg 696w, https:\/\/informelitoral.com.ar\/%77%70%2d%63%6f%6e%74%65%6e%74\/uploads\/2023\/01\/1672751258jpg-1068x712.jpg 1068w, https:\/\/informelitoral.com.ar\/%77%70%2d%63%6f%6e%74%65%6e%74\/uploads\/2023\/01\/1672751258jpg-630x420.jpg 630w\" sizes=\"auto, (max-width: 1920px) 100vw, 1920px\" \/><\/a><\/p>\n<\/div>\n<p>Asimismo, valor\u00f3 el acompa\u00f1amiento que se lleva adelante desde el gobierno provincial, a trav\u00e9s del Tribunal de Cuentas y los ministerios de Econom\u00eda y Gobierno y Justicia; y mencion\u00f3: \u201cTenemos una disposici\u00f3n de acompa\u00f1ar este proceso que se estrena con m\u00e1s dinero pero con m\u00e1s responsabilidad y entre todos vamos capacitando a estas nuevas instituciones\u201d.<\/p>\n","protected":false},"excerpt":{"rendered":"<p>Cuarenta centros rurales de poblaci\u00f3n se convertir\u00e1n en 30 nuevas comunas, en el marco de la Ley 10644. La ministra de Gobierno y Justicia, Rosario Romero, acompa\u00f1\u00f3 este lunes los actos de asunci\u00f3n de autoridades en las localidades de Antonio Tom\u00e1s, Santa Rosa y San Rafael.<\/p>\n","protected":false},"author":8,"featured_media":107042,"comment_status":"open","ping_status":"open","sticky":false,"template":"","format":"standard","meta":{"fifu_image_url":"","fifu_image_alt":"","footnotes":""},"categories":[6],"tags":[230,81,427],"class_list":{"0":"post-106916","1":"post","2":"type-post","3":"status-publish","4":"format-standard","5":"has-post-thumbnail","7":"category-entre-rios","8":"tag-comunas","9":"tag-entre-rios","10":"tag-ley-de-comunas"},"yoast_head":"<title>Empez\u00f3 a regir en Entre R\u00edos el pase de juntas de gobierno a comunas - Informe Litoral<\/title>\n<meta name=\"robots\" content=\"index, follow, max-snippet:-1, max-image-preview:large, max-video-preview:-1\" \/>\n<link rel=\"canonical\" href=\"https:\/\/informelitoral.com.ar\/empezo-a-regir-en-entre-rios-el-pase-de-juntas-de-gobierno-a-comunas\/\" \/>\n<meta property=\"og:locale\" content=\"es_ES\" \/>\n<meta property=\"og:type\" content=\"article\" \/>\n<meta property=\"og:title\" content=\"Empez\u00f3 a regir en Entre R\u00edos el pase de juntas de gobierno a comunas - Informe Litoral\" \/>\n<meta property=\"og:description\" content=\"Cuarenta centros rurales de poblaci\u00f3n se convertir\u00e1n en 30 nuevas comunas, en el marco de la Ley 10644. La ministra de Gobierno y Justicia, Rosario Romero, acompa\u00f1\u00f3 este lunes los actos de asunci\u00f3n de autoridades en las localidades de Antonio Tom\u00e1s, Santa Rosa y San Rafael.\" \/>\n<meta property=\"og:url\" content=\"https:\/\/informelitoral.com.ar\/empezo-a-regir-en-entre-rios-el-pase-de-juntas-de-gobierno-a-comunas\/\" \/>\n<meta property=\"og:site_name\" content=\"Informe Litoral\" \/>\n<meta property=\"article:publisher\" content=\"https:\/\/www.facebook.com\/informelitoral\/\" \/>\n<meta property=\"article:published_time\" content=\"2023-01-03T19:35:14+00:00\" \/>\n<meta property=\"article:modified_time\" content=\"2023-01-03T23:29:39+00:00\" \/>\n<meta property=\"og:image\" content=\"https:\/\/informelitoral.com.ar\/%77%70%2d%63%6f%6e%74%65%6e%74\/uploads\/2023\/01\/1672751220jpg.jpg\" \/>\n\t<meta property=\"og:image:width\" content=\"1920\" \/>\n\t<meta property=\"og:image:height\" content=\"1280\" \/>\n\t<meta property=\"og:image:type\" content=\"image\/jpeg\" \/>\n<meta name=\"author\" content=\"Sebastian\" \/>\n<meta name=\"twitter:card\" content=\"summary_large_image\" \/>\n<meta name=\"twitter:creator\" content=\"@InformeLitoral\" \/>\n<meta name=\"twitter:site\" content=\"@InformeLitoral\" \/>\n<meta name=\"twitter:label1\" content=\"Escrito por\" \/>\n\t<meta name=\"twitter:data1\" content=\"Sebastian\" \/>\n\t<meta name=\"twitter:label2\" content=\"Tiempo de lectura\" \/>\n\t<meta name=\"twitter:data2\" content=\"2 minutos\" \/>\n<script type=\"application\/ld+json\" class=\"yoast-schema-graph\">{\"@context\":\"https:\\\/\\\/schema.org\",\"@graph\":[{\"@type\":\"Article\",\"@id\":\"https:\\\/\\\/informelitoral.com.ar\\\/empezo-a-regir-en-entre-rios-el-pase-de-juntas-de-gobierno-a-comunas\\\/#article\",\"isPartOf\":{\"@id\":\"https:\\\/\\\/informelitoral.com.ar\\\/empezo-a-regir-en-entre-rios-el-pase-de-juntas-de-gobierno-a-comunas\\\/\"},\"author\":{\"name\":\"Sebastian\",\"@id\":\"https:\\\/\\\/informelitoral.com.ar\\\/#\\\/schema\\\/person\\\/f05f9f461677119578717524b127d6d5\"},\"headline\":\"Empez\u00f3 a regir en Entre R\u00edos el pase de juntas de gobierno a comunas\",\"datePublished\":\"2023-01-03T19:35:14+00:00\",\"dateModified\":\"2023-01-03T23:29:39+00:00\",\"mainEntityOfPage\":{\"@id\":\"https:\\\/\\\/informelitoral.com.ar\\\/empezo-a-regir-en-entre-rios-el-pase-de-juntas-de-gobierno-a-comunas\\\/\"},\"wordCount\":413,\"commentCount\":0,\"publisher\":{\"@id\":\"https:\\\/\\\/informelitoral.com.ar\\\/#organization\"},\"image\":{\"@id\":\"https:\\\/\\\/informelitoral.com.ar\\\/empezo-a-regir-en-entre-rios-el-pase-de-juntas-de-gobierno-a-comunas\\\/#primaryimage\"},\"thumbnailUrl\":\"https:\\\/\\\/informelitoral.com.ar\\\/%77%70%2d%63%6f%6e%74%65%6e%74\\\/uploads\\\/2023\\\/01\\\/1672751220jpg.jpg\",\"keywords\":[\"Comunas\",\"Entre R\u00edos\",\"Ley de Comunas\"],\"articleSection\":[\"Entre R\u00edos\"],\"inLanguage\":\"es\",\"potentialAction\":[{\"@type\":\"CommentAction\",\"name\":\"Comment\",\"target\":[\"https:\\\/\\\/informelitoral.com.ar\\\/empezo-a-regir-en-entre-rios-el-pase-de-juntas-de-gobierno-a-comunas\\\/#respond\"]}]},{\"@type\":\"WebPage\",\"@id\":\"https:\\\/\\\/informelitoral.com.ar\\\/empezo-a-regir-en-entre-rios-el-pase-de-juntas-de-gobierno-a-comunas\\\/\",\"url\":\"https:\\\/\\\/informelitoral.com.ar\\\/empezo-a-regir-en-entre-rios-el-pase-de-juntas-de-gobierno-a-comunas\\\/\",\"name\":\"Empez\u00f3 a regir en Entre R\u00edos el pase de juntas de gobierno a comunas - Informe Litoral\",\"isPartOf\":{\"@id\":\"https:\\\/\\\/informelitoral.com.ar\\\/#website\"},\"primaryImageOfPage\":{\"@id\":\"https:\\\/\\\/informelitoral.com.ar\\\/empezo-a-regir-en-entre-rios-el-pase-de-juntas-de-gobierno-a-comunas\\\/#primaryimage\"},\"image\":{\"@id\":\"https:\\\/\\\/informelitoral.com.ar\\\/empezo-a-regir-en-entre-rios-el-pase-de-juntas-de-gobierno-a-comunas\\\/#primaryimage\"},\"thumbnailUrl\":\"https:\\\/\\\/informelitoral.com.ar\\\/%77%70%2d%63%6f%6e%74%65%6e%74\\\/uploads\\\/2023\\\/01\\\/1672751220jpg.jpg\",\"datePublished\":\"2023-01-03T19:35:14+00:00\",\"dateModified\":\"2023-01-03T23:29:39+00:00\",\"breadcrumb\":{\"@id\":\"https:\\\/\\\/informelitoral.com.ar\\\/empezo-a-regir-en-entre-rios-el-pase-de-juntas-de-gobierno-a-comunas\\\/#breadcrumb\"},\"inLanguage\":\"es\",\"potentialAction\":[{\"@type\":\"ReadAction\",\"target\":[\"https:\\\/\\\/informelitoral.com.ar\\\/empezo-a-regir-en-entre-rios-el-pase-de-juntas-de-gobierno-a-comunas\\\/\"]}]},{\"@type\":\"ImageObject\",\"inLanguage\":\"es\",\"@id\":\"https:\\\/\\\/informelitoral.com.ar\\\/empezo-a-regir-en-entre-rios-el-pase-de-juntas-de-gobierno-a-comunas\\\/#primaryimage\",\"url\":\"https:\\\/\\\/informelitoral.com.ar\\\/%77%70%2d%63%6f%6e%74%65%6e%74\\\/uploads\\\/2023\\\/01\\\/1672751220jpg.jpg\",\"contentUrl\":\"https:\\\/\\\/informelitoral.com.ar\\\/%77%70%2d%63%6f%6e%74%65%6e%74\\\/uploads\\\/2023\\\/01\\\/1672751220jpg.jpg\",\"width\":1920,\"height\":1280},{\"@type\":\"BreadcrumbList\",\"@id\":\"https:\\\/\\\/informelitoral.com.ar\\\/empezo-a-regir-en-entre-rios-el-pase-de-juntas-de-gobierno-a-comunas\\\/#breadcrumb\",\"itemListElement\":[{\"@type\":\"ListItem\",\"position\":1,\"name\":\"Portada\",\"item\":\"https:\\\/\\\/informelitoral.com.ar\\\/\"},{\"@type\":\"ListItem\",\"position\":2,\"name\":\"Empez\u00f3 a regir en Entre R\u00edos el pase de juntas de gobierno a comunas\"}]},{\"@type\":\"WebSite\",\"@id\":\"https:\\\/\\\/informelitoral.com.ar\\\/#website\",\"url\":\"https:\\\/\\\/informelitoral.com.ar\\\/\",\"name\":\"Informe Litoral\",\"description\":\"&quot;Nos informamos&quot; \",\"publisher\":{\"@id\":\"https:\\\/\\\/informelitoral.com.ar\\\/#organization\"},\"potentialAction\":[{\"@type\":\"SearchAction\",\"target\":{\"@type\":\"EntryPoint\",\"urlTemplate\":\"https:\\\/\\\/informelitoral.com.ar\\\/?s={search_term_string}\"},\"query-input\":{\"@type\":\"PropertyValueSpecification\",\"valueRequired\":true,\"valueName\":\"search_term_string\"}}],\"inLanguage\":\"es\"},{\"@type\":\"Organization\",\"@id\":\"https:\\\/\\\/informelitoral.com.ar\\\/#organization\",\"name\":\"Informe Litoral\",\"url\":\"https:\\\/\\\/informelitoral.com.ar\\\/\",\"logo\":{\"@type\":\"ImageObject\",\"inLanguage\":\"es\",\"@id\":\"https:\\\/\\\/informelitoral.com.ar\\\/#\\\/schema\\\/logo\\\/image\\\/\",\"url\":\"https:\\\/\\\/informelitoral.com.ar\\\/%77%70%2d%63%6f%6e%74%65%6e%74\\\/uploads\\\/2021\\\/01\\\/circulo.png\",\"contentUrl\":\"https:\\\/\\\/informelitoral.com.ar\\\/%77%70%2d%63%6f%6e%74%65%6e%74\\\/uploads\\\/2021\\\/01\\\/circulo.png\",\"width\":723,\"height\":731,\"caption\":\"Informe Litoral\"},\"image\":{\"@id\":\"https:\\\/\\\/informelitoral.com.ar\\\/#\\\/schema\\\/logo\\\/image\\\/\"},\"sameAs\":[\"https:\\\/\\\/www.facebook.com\\\/informelitoral\\\/\",\"https:\\\/\\\/x.com\\\/InformeLitoral\",\"https:\\\/\\\/www.instagram.com\\\/informelitoral\\\/\",\"https:\\\/\\\/www.youtube.com\\\/channel\\\/UCua4Qvz8Icb6MYqhoq9xLXw\"]},{\"@type\":\"Person\",\"@id\":\"https:\\\/\\\/informelitoral.com.ar\\\/#\\\/schema\\\/person\\\/f05f9f461677119578717524b127d6d5\",\"name\":\"Sebastian\",\"image\":{\"@type\":\"ImageObject\",\"inLanguage\":\"es\",\"@id\":\"https:\\\/\\\/secure.gravatar.com\\\/avatar\\\/b71bf7481d447dfb9583c7f2798e7cc64de6efb9067b74633ed8c31059a3bd82?s=96&d=mm&r=g\",\"url\":\"https:\\\/\\\/secure.gravatar.com\\\/avatar\\\/b71bf7481d447dfb9583c7f2798e7cc64de6efb9067b74633ed8c31059a3bd82?s=96&d=mm&r=g\",\"contentUrl\":\"https:\\\/\\\/secure.gravatar.com\\\/avatar\\\/b71bf7481d447dfb9583c7f2798e7cc64de6efb9067b74633ed8c31059a3bd82?s=96&d=mm&r=g\",\"caption\":\"Sebastian\"},\"url\":\"https:\\\/\\\/informelitoral.com.ar\\\/author\\\/sebastian\\\/\"}]}<\/script>","yoast_head_json":{"title":"Empez\u00f3 a regir en Entre R\u00edos el pase de juntas de gobierno a comunas - Informe Litoral","robots":{"index":"index","follow":"follow","max-snippet":"max-snippet:-1","max-image-preview":"max-image-preview:large","max-video-preview":"max-video-preview:-1"},"canonical":"https:\/\/informelitoral.com.ar\/empezo-a-regir-en-entre-rios-el-pase-de-juntas-de-gobierno-a-comunas\/","og_locale":"es_ES","og_type":"article","og_title":"Empez\u00f3 a regir en Entre R\u00edos el pase de juntas de gobierno a comunas - Informe Litoral","og_description":"Cuarenta centros rurales de poblaci\u00f3n se convertir\u00e1n en 30 nuevas comunas, en el marco de la Ley 10644. La ministra de Gobierno y Justicia, Rosario Romero, acompa\u00f1\u00f3 este lunes los actos de asunci\u00f3n de autoridades en las localidades de Antonio Tom\u00e1s, Santa Rosa y San Rafael.","og_url":"https:\/\/informelitoral.com.ar\/empezo-a-regir-en-entre-rios-el-pase-de-juntas-de-gobierno-a-comunas\/","og_site_name":"Informe Litoral","article_publisher":"https:\/\/www.facebook.com\/informelitoral\/","article_published_time":"2023-01-03T19:35:14+00:00","article_modified_time":"2023-01-03T23:29:39+00:00","og_image":[{"width":1920,"height":1280,"url":"https:\/\/informelitoral.com.ar\/%77%70%2d%63%6f%6e%74%65%6e%74\/uploads\/2023\/01\/1672751220jpg.jpg","type":"image\/jpeg"}],"author":"Sebastian","twitter_card":"summary_large_image","twitter_creator":"@InformeLitoral","twitter_site":"@InformeLitoral","twitter_misc":{"Escrito por":"Sebastian","Tiempo de lectura":"2 minutos"},"schema":{"@context":"https:\/\/schema.org","@graph":[{"@type":"Article","@id":"https:\/\/informelitoral.com.ar\/empezo-a-regir-en-entre-rios-el-pase-de-juntas-de-gobierno-a-comunas\/#article","isPartOf":{"@id":"https:\/\/informelitoral.com.ar\/empezo-a-regir-en-entre-rios-el-pase-de-juntas-de-gobierno-a-comunas\/"},"author":{"name":"Sebastian","@id":"https:\/\/informelitoral.com.ar\/#\/schema\/person\/f05f9f461677119578717524b127d6d5"},"headline":"Empez\u00f3 a regir en Entre R\u00edos el pase de juntas de gobierno a comunas","datePublished":"2023-01-03T19:35:14+00:00","dateModified":"2023-01-03T23:29:39+00:00","mainEntityOfPage":{"@id":"https:\/\/informelitoral.com.ar\/empezo-a-regir-en-entre-rios-el-pase-de-juntas-de-gobierno-a-comunas\/"},"wordCount":413,"commentCount":0,"publisher":{"@id":"https:\/\/informelitoral.com.ar\/#organization"},"image":{"@id":"https:\/\/informelitoral.com.ar\/empezo-a-regir-en-entre-rios-el-pase-de-juntas-de-gobierno-a-comunas\/#primaryimage"},"thumbnailUrl":"https:\/\/informelitoral.com.ar\/%77%70%2d%63%6f%6e%74%65%6e%74\/uploads\/2023\/01\/1672751220jpg.jpg","keywords":["Comunas","Entre R\u00edos","Ley de Comunas"],"articleSection":["Entre R\u00edos"],"inLanguage":"es","potentialAction":[{"@type":"CommentAction","name":"Comment","target":["https:\/\/informelitoral.com.ar\/empezo-a-regir-en-entre-rios-el-pase-de-juntas-de-gobierno-a-comunas\/#respond"]}]},{"@type":"WebPage","@id":"https:\/\/informelitoral.com.ar\/empezo-a-regir-en-entre-rios-el-pase-de-juntas-de-gobierno-a-comunas\/","url":"https:\/\/informelitoral.com.ar\/empezo-a-regir-en-entre-rios-el-pase-de-juntas-de-gobierno-a-comunas\/","name":"Empez\u00f3 a regir en Entre R\u00edos el pase de juntas de gobierno a comunas - Informe Litoral","isPartOf":{"@id":"https:\/\/informelitoral.com.ar\/#website"},"primaryImageOfPage":{"@id":"https:\/\/informelitoral.com.ar\/empezo-a-regir-en-entre-rios-el-pase-de-juntas-de-gobierno-a-comunas\/#primaryimage"},"image":{"@id":"https:\/\/informelitoral.com.ar\/empezo-a-regir-en-entre-rios-el-pase-de-juntas-de-gobierno-a-comunas\/#primaryimage"},"thumbnailUrl":"https:\/\/informelitoral.com.ar\/%77%70%2d%63%6f%6e%74%65%6e%74\/uploads\/2023\/01\/1672751220jpg.jpg","datePublished":"2023-01-03T19:35:14+00:00","dateModified":"2023-01-03T23:29:39+00:00","breadcrumb":{"@id":"https:\/\/informelitoral.com.ar\/empezo-a-regir-en-entre-rios-el-pase-de-juntas-de-gobierno-a-comunas\/#breadcrumb"},"inLanguage":"es","potentialAction":[{"@type":"ReadAction","target":["https:\/\/informelitoral.com.ar\/empezo-a-regir-en-entre-rios-el-pase-de-juntas-de-gobierno-a-comunas\/"]}]},{"@type":"ImageObject","inLanguage":"es","@id":"https:\/\/informelitoral.com.ar\/empezo-a-regir-en-entre-rios-el-pase-de-juntas-de-gobierno-a-comunas\/#primaryimage","url":"https:\/\/informelitoral.com.ar\/%77%70%2d%63%6f%6e%74%65%6e%74\/uploads\/2023\/01\/1672751220jpg.jpg","contentUrl":"https:\/\/informelitoral.com.ar\/%77%70%2d%63%6f%6e%74%65%6e%74\/uploads\/2023\/01\/1672751220jpg.jpg","width":1920,"height":1280},{"@type":"BreadcrumbList","@id":"https:\/\/informelitoral.com.ar\/empezo-a-regir-en-entre-rios-el-pase-de-juntas-de-gobierno-a-comunas\/#breadcrumb","itemListElement":[{"@type":"ListItem","position":1,"name":"Portada","item":"https:\/\/informelitoral.com.ar\/"},{"@type":"ListItem","position":2,"name":"Empez\u00f3 a regir en Entre R\u00edos el pase de juntas de gobierno a comunas"}]},{"@type":"WebSite","@id":"https:\/\/informelitoral.com.ar\/#website","url":"https:\/\/informelitoral.com.ar\/","name":"Informe Litoral","description":"&quot;Nos informamos&quot; ","publisher":{"@id":"https:\/\/informelitoral.com.ar\/#organization"},"potentialAction":[{"@type":"SearchAction","target":{"@type":"EntryPoint","urlTemplate":"https:\/\/informelitoral.com.ar\/?s={search_term_string}"},"query-input":{"@type":"PropertyValueSpecification","valueRequired":true,"valueName":"search_term_string"}}],"inLanguage":"es"},{"@type":"Organization","@id":"https:\/\/informelitoral.com.ar\/#organization","name":"Informe Litoral","url":"https:\/\/informelitoral.com.ar\/","logo":{"@type":"ImageObject","inLanguage":"es","@id":"https:\/\/informelitoral.com.ar\/#\/schema\/logo\/image\/","url":"https:\/\/informelitoral.com.ar\/%77%70%2d%63%6f%6e%74%65%6e%74\/uploads\/2021\/01\/circulo.png","contentUrl":"https:\/\/informelitoral.com.ar\/%77%70%2d%63%6f%6e%74%65%6e%74\/uploads\/2021\/01\/circulo.png","width":723,"height":731,"caption":"Informe Litoral"},"image":{"@id":"https:\/\/informelitoral.com.ar\/#\/schema\/logo\/image\/"},"sameAs":["https:\/\/www.facebook.com\/informelitoral\/","https:\/\/x.com\/InformeLitoral","https:\/\/www.instagram.com\/informelitoral\/","https:\/\/www.youtube.com\/channel\/UCua4Qvz8Icb6MYqhoq9xLXw"]},{"@type":"Person","@id":"https:\/\/informelitoral.com.ar\/#\/schema\/person\/f05f9f461677119578717524b127d6d5","name":"Sebastian","image":{"@type":"ImageObject","inLanguage":"es","@id":"https:\/\/secure.gravatar.com\/avatar\/b71bf7481d447dfb9583c7f2798e7cc64de6efb9067b74633ed8c31059a3bd82?s=96&d=mm&r=g","url":"https:\/\/secure.gravatar.com\/avatar\/b71bf7481d447dfb9583c7f2798e7cc64de6efb9067b74633ed8c31059a3bd82?s=96&d=mm&r=g","contentUrl":"https:\/\/secure.gravatar.com\/avatar\/b71bf7481d447dfb9583c7f2798e7cc64de6efb9067b74633ed8c31059a3bd82?s=96&d=mm&r=g","caption":"Sebastian"},"url":"https:\/\/informelitoral.com.ar\/author\/sebastian\/"}]}},"_links":{"self":[{"href":"https:\/\/informelitoral.com.ar\/%77%70%2d%6a%73%6f%6e\/wp\/v2\/posts\/106916","targetHints":{"allow":["GET"]}}],"collection":[{"href":"https:\/\/informelitoral.com.ar\/%77%70%2d%6a%73%6f%6e\/wp\/v2\/posts"}],"about":[{"href":"https:\/\/informelitoral.com.ar\/%77%70%2d%6a%73%6f%6e\/wp\/v2\/types\/post"}],"author":[{"embeddable":true,"href":"https:\/\/informelitoral.com.ar\/%77%70%2d%6a%73%6f%6e\/wp\/v2\/users\/8"}],"replies":[{"embeddable":true,"href":"https:\/\/informelitoral.com.ar\/%77%70%2d%6a%73%6f%6e\/wp\/v2\/comments?post=106916"}],"version-history":[{"count":0,"href":"https:\/\/informelitoral.com.ar\/%77%70%2d%6a%73%6f%6e\/wp\/v2\/posts\/106916\/revisions"}],"wp:featuredmedia":[{"embeddable":true,"href":"https:\/\/informelitoral.com.ar\/%77%70%2d%6a%73%6f%6e\/wp\/v2\/media\/107042"}],"wp:attachment":[{"href":"https:\/\/informelitoral.com.ar\/%77%70%2d%6a%73%6f%6e\/wp\/v2\/media?parent=106916"}],"wp:term":[{"taxonomy":"category","embeddable":true,"href":"https:\/\/informelitoral.com.ar\/%77%70%2d%6a%73%6f%6e\/wp\/v2\/categories?post=106916"},{"taxonomy":"post_tag","embeddable":true,"href":"https:\/\/informelitoral.com.ar\/%77%70%2d%6a%73%6f%6e\/wp\/v2\/tags?post=106916"}],"curies":[{"name":"wp","href":"https:\/\/api.w.org\/{rel}","templated":true}]}}