{"id":10683,"date":"2015-05-14T09:39:30","date_gmt":"2015-05-14T12:39:30","guid":{"rendered":"http:\/\/www.isletasnoticias.com.ar\/?p=10683"},"modified":"2015-05-14T09:41:36","modified_gmt":"2015-05-14T12:41:36","slug":"isletas-brindaron-ayuda-a-vecinos-afectados-por-el-temporal-de-enero","status":"publish","type":"post","link":"https:\/\/informelitoral.com.ar\/isletas-brindaron-ayuda-a-vecinos-afectados-por-el-temporal-de-enero\/","title":{"rendered":"Isletas: brindaron ayuda a vecinos afectados por el temporal de enero"},"content":{"rendered":"<p><strong>Desde la Junta de Gobierno entregaron una aporte econ\u00f3mico a familias de escasos recursos que fueron afectadas por el temporal del pasado 10 de enero. Ahora esperan la ayuda de la Provincia.\u00a0<a href=\"http:\/\/www.isletasnoticias.com.ar\/%77%70%2d%63%6f%6e%74%65%6e%74\/uploads\/2015\/05\/11218516_1626318764270075_2488739689139757484_n.jpg\"><img loading=\"lazy\" decoding=\"async\" class=\"aligncenter size-medium wp-image-10684\" src=\"http:\/\/www.isletasnoticias.com.ar\/%77%70%2d%63%6f%6e%74%65%6e%74\/uploads\/2015\/05\/11218516_1626318764270075_2488739689139757484_n-300x200.jpg\" alt=\"11218516_1626318764270075_2488739689139757484_n\" width=\"300\" height=\"200\" srcset=\"https:\/\/informelitoral.com.ar\/%77%70%2d%63%6f%6e%74%65%6e%74\/uploads\/2015\/05\/11218516_1626318764270075_2488739689139757484_n-300x200.jpg 300w, https:\/\/informelitoral.com.ar\/%77%70%2d%63%6f%6e%74%65%6e%74\/uploads\/2015\/05\/11218516_1626318764270075_2488739689139757484_n.jpg 960w\" sizes=\"auto, (max-width: 300px) 100vw, 300px\" \/><\/a><\/strong><\/p>\n<p>El pasado 10 de enero un sector de Isleas y otras localidades fue afectado por un <a href=\"http:\/\/goo.gl\/FjBElB\">fuerte temporal de viento, agua y granizo<\/a>, a tal punto que se habl\u00f3 de una cola de tornado.<\/p>\n<p>Varias familias sufrieron diferentes da\u00f1os en galpones, molinos de viento, implementos agr\u00edcolas y viviendas.<\/p>\n<p>Por este motivo, desde la Junta de Gobierno, en los \u00faltimos d\u00edas,\u00a0\u00a0\u00abse realizaron importantes ayudas econ\u00f3micas a vecinos de escasos recursos de nuestra jurisdicci\u00f3n, que hab\u00edan sido damnificados en sus viviendas\u00bb, informaron.<\/p>\n<p>En un texto enviado a <em><strong>IN<\/strong><\/em>, desde la Comuna aclaran que \u00ablos recursos de dicha ayuda, son propios, hasta que llegue la colaboraci\u00f3n de la provincia, que fue gestionada en su momento\u00bb.<\/p>\n","protected":false},"excerpt":{"rendered":"<p>Desde la Junta de Gobierno entregaron una aporte econ&oacute;mico a familias de escasos recursos que fueron afectadas por el temporal del pasado 10 de enero. Ahora esperan la ayuda de la Provincia.&nbsp; El pasado 10 de enero un sector de Isleas y otras localidades fue afectado por un fuerte temporal de viento, agua y granizo, [&hellip;]<\/p>\n","protected":false},"author":2,"featured_media":0,"comment_status":"open","ping_status":"open","sticky":false,"template":"","format":"standard","meta":{"fifu_image_url":"","fifu_image_alt":"","footnotes":""},"categories":[4,16],"tags":[],"class_list":{"0":"post-10683","1":"post","2":"type-post","3":"status-publish","4":"format-standard","6":"category-locales","7":"category-politi"},"yoast_head":"<title>Isletas: brindaron ayuda a vecinos afectados por el temporal de enero - Informe Litoral<\/title>\n<meta name=\"robots\" content=\"index, follow, max-snippet:-1, max-image-preview:large, max-video-preview:-1\" \/>\n<link rel=\"canonical\" href=\"https:\/\/informelitoral.com.ar\/isletas-brindaron-ayuda-a-vecinos-afectados-por-el-temporal-de-enero\/\" \/>\n<meta property=\"og:locale\" content=\"es_ES\" \/>\n<meta property=\"og:type\" content=\"article\" \/>\n<meta property=\"og:title\" content=\"Isletas: brindaron ayuda a vecinos afectados por el temporal de enero - Informe Litoral\" \/>\n<meta property=\"og:description\" content=\"Desde la Junta de Gobierno entregaron una aporte econ&oacute;mico a familias de escasos recursos que fueron afectadas por el temporal del pasado 10 de enero. Ahora esperan la ayuda de la Provincia.&nbsp; El pasado 10 de enero un sector de Isleas y otras localidades fue afectado por un fuerte temporal de viento, agua y granizo, [&hellip;]\" \/>\n<meta property=\"og:url\" content=\"https:\/\/informelitoral.com.ar\/isletas-brindaron-ayuda-a-vecinos-afectados-por-el-temporal-de-enero\/\" \/>\n<meta property=\"og:site_name\" content=\"Informe Litoral\" \/>\n<meta property=\"article:publisher\" content=\"https:\/\/www.facebook.com\/informelitoral\/\" \/>\n<meta property=\"article:published_time\" content=\"2015-05-14T12:39:30+00:00\" \/>\n<meta property=\"article:modified_time\" content=\"2015-05-14T12:41:36+00:00\" \/>\n<meta property=\"og:image\" content=\"https:\/\/informelitoral.com.ar\/%77%70%2d%63%6f%6e%74%65%6e%74\/uploads\/2015\/05\/11218516_1626318764270075_2488739689139757484_n.jpg\" \/>\n\t<meta property=\"og:image:width\" content=\"960\" \/>\n\t<meta property=\"og:image:height\" content=\"639\" \/>\n\t<meta property=\"og:image:type\" content=\"image\/jpeg\" \/>\n<meta name=\"author\" content=\"Gonzalo Schmidt\" \/>\n<meta name=\"twitter:card\" content=\"summary_large_image\" \/>\n<meta name=\"twitter:creator\" content=\"@InformeLitoral\" \/>\n<meta name=\"twitter:site\" content=\"@InformeLitoral\" \/>\n<meta name=\"twitter:label1\" content=\"Escrito por\" \/>\n\t<meta name=\"twitter:data1\" content=\"Gonzalo Schmidt\" \/>\n\t<meta name=\"twitter:label2\" content=\"Tiempo de lectura\" \/>\n\t<meta name=\"twitter:data2\" content=\"1 minuto\" \/>\n<script type=\"application\/ld+json\" class=\"yoast-schema-graph\">{\"@context\":\"https:\\\/\\\/schema.org\",\"@graph\":[{\"@type\":\"Article\",\"@id\":\"https:\\\/\\\/informelitoral.com.ar\\\/isletas-brindaron-ayuda-a-vecinos-afectados-por-el-temporal-de-enero\\\/#article\",\"isPartOf\":{\"@id\":\"https:\\\/\\\/informelitoral.com.ar\\\/isletas-brindaron-ayuda-a-vecinos-afectados-por-el-temporal-de-enero\\\/\"},\"author\":{\"name\":\"Gonzalo Schmidt\",\"@id\":\"https:\\\/\\\/informelitoral.com.ar\\\/#\\\/schema\\\/person\\\/b9d00407c836482871ef1d57bf8e3180\"},\"headline\":\"Isletas: brindaron ayuda a vecinos afectados por el temporal de enero\",\"datePublished\":\"2015-05-14T12:39:30+00:00\",\"dateModified\":\"2015-05-14T12:41:36+00:00\",\"mainEntityOfPage\":{\"@id\":\"https:\\\/\\\/informelitoral.com.ar\\\/isletas-brindaron-ayuda-a-vecinos-afectados-por-el-temporal-de-enero\\\/\"},\"wordCount\":162,\"commentCount\":0,\"publisher\":{\"@id\":\"https:\\\/\\\/informelitoral.com.ar\\\/#organization\"},\"image\":{\"@id\":\"https:\\\/\\\/informelitoral.com.ar\\\/isletas-brindaron-ayuda-a-vecinos-afectados-por-el-temporal-de-enero\\\/#primaryimage\"},\"thumbnailUrl\":\"http:\\\/\\\/www.isletasnoticias.com.ar\\\/%77%70%2d%63%6f%6e%74%65%6e%74\\\/uploads\\\/2015\\\/05\\\/11218516_1626318764270075_2488739689139757484_n-300x200.jpg\",\"articleSection\":[\"Isletas\",\"Politica\"],\"inLanguage\":\"es\",\"potentialAction\":[{\"@type\":\"CommentAction\",\"name\":\"Comment\",\"target\":[\"https:\\\/\\\/informelitoral.com.ar\\\/isletas-brindaron-ayuda-a-vecinos-afectados-por-el-temporal-de-enero\\\/#respond\"]}]},{\"@type\":\"WebPage\",\"@id\":\"https:\\\/\\\/informelitoral.com.ar\\\/isletas-brindaron-ayuda-a-vecinos-afectados-por-el-temporal-de-enero\\\/\",\"url\":\"https:\\\/\\\/informelitoral.com.ar\\\/isletas-brindaron-ayuda-a-vecinos-afectados-por-el-temporal-de-enero\\\/\",\"name\":\"Isletas: brindaron ayuda a vecinos afectados por el temporal de enero - Informe Litoral\",\"isPartOf\":{\"@id\":\"https:\\\/\\\/informelitoral.com.ar\\\/#website\"},\"primaryImageOfPage\":{\"@id\":\"https:\\\/\\\/informelitoral.com.ar\\\/isletas-brindaron-ayuda-a-vecinos-afectados-por-el-temporal-de-enero\\\/#primaryimage\"},\"image\":{\"@id\":\"https:\\\/\\\/informelitoral.com.ar\\\/isletas-brindaron-ayuda-a-vecinos-afectados-por-el-temporal-de-enero\\\/#primaryimage\"},\"thumbnailUrl\":\"http:\\\/\\\/www.isletasnoticias.com.ar\\\/%77%70%2d%63%6f%6e%74%65%6e%74\\\/uploads\\\/2015\\\/05\\\/11218516_1626318764270075_2488739689139757484_n-300x200.jpg\",\"datePublished\":\"2015-05-14T12:39:30+00:00\",\"dateModified\":\"2015-05-14T12:41:36+00:00\",\"breadcrumb\":{\"@id\":\"https:\\\/\\\/informelitoral.com.ar\\\/isletas-brindaron-ayuda-a-vecinos-afectados-por-el-temporal-de-enero\\\/#breadcrumb\"},\"inLanguage\":\"es\",\"potentialAction\":[{\"@type\":\"ReadAction\",\"target\":[\"https:\\\/\\\/informelitoral.com.ar\\\/isletas-brindaron-ayuda-a-vecinos-afectados-por-el-temporal-de-enero\\\/\"]}]},{\"@type\":\"ImageObject\",\"inLanguage\":\"es\",\"@id\":\"https:\\\/\\\/informelitoral.com.ar\\\/isletas-brindaron-ayuda-a-vecinos-afectados-por-el-temporal-de-enero\\\/#primaryimage\",\"url\":\"http:\\\/\\\/www.isletasnoticias.com.ar\\\/%77%70%2d%63%6f%6e%74%65%6e%74\\\/uploads\\\/2015\\\/05\\\/11218516_1626318764270075_2488739689139757484_n-300x200.jpg\",\"contentUrl\":\"http:\\\/\\\/www.isletasnoticias.com.ar\\\/%77%70%2d%63%6f%6e%74%65%6e%74\\\/uploads\\\/2015\\\/05\\\/11218516_1626318764270075_2488739689139757484_n-300x200.jpg\"},{\"@type\":\"BreadcrumbList\",\"@id\":\"https:\\\/\\\/informelitoral.com.ar\\\/isletas-brindaron-ayuda-a-vecinos-afectados-por-el-temporal-de-enero\\\/#breadcrumb\",\"itemListElement\":[{\"@type\":\"ListItem\",\"position\":1,\"name\":\"Portada\",\"item\":\"https:\\\/\\\/informelitoral.com.ar\\\/\"},{\"@type\":\"ListItem\",\"position\":2,\"name\":\"Isletas: brindaron ayuda a vecinos afectados por el temporal de enero\"}]},{\"@type\":\"WebSite\",\"@id\":\"https:\\\/\\\/informelitoral.com.ar\\\/#website\",\"url\":\"https:\\\/\\\/informelitoral.com.ar\\\/\",\"name\":\"Informe Litoral\",\"description\":\"&quot;Nos informamos&quot; \",\"publisher\":{\"@id\":\"https:\\\/\\\/informelitoral.com.ar\\\/#organization\"},\"potentialAction\":[{\"@type\":\"SearchAction\",\"target\":{\"@type\":\"EntryPoint\",\"urlTemplate\":\"https:\\\/\\\/informelitoral.com.ar\\\/?s={search_term_string}\"},\"query-input\":{\"@type\":\"PropertyValueSpecification\",\"valueRequired\":true,\"valueName\":\"search_term_string\"}}],\"inLanguage\":\"es\"},{\"@type\":\"Organization\",\"@id\":\"https:\\\/\\\/informelitoral.com.ar\\\/#organization\",\"name\":\"Informe Litoral\",\"url\":\"https:\\\/\\\/informelitoral.com.ar\\\/\",\"logo\":{\"@type\":\"ImageObject\",\"inLanguage\":\"es\",\"@id\":\"https:\\\/\\\/informelitoral.com.ar\\\/#\\\/schema\\\/logo\\\/image\\\/\",\"url\":\"https:\\\/\\\/informelitoral.com.ar\\\/%77%70%2d%63%6f%6e%74%65%6e%74\\\/uploads\\\/2021\\\/01\\\/circulo.png\",\"contentUrl\":\"https:\\\/\\\/informelitoral.com.ar\\\/%77%70%2d%63%6f%6e%74%65%6e%74\\\/uploads\\\/2021\\\/01\\\/circulo.png\",\"width\":723,\"height\":731,\"caption\":\"Informe Litoral\"},\"image\":{\"@id\":\"https:\\\/\\\/informelitoral.com.ar\\\/#\\\/schema\\\/logo\\\/image\\\/\"},\"sameAs\":[\"https:\\\/\\\/www.facebook.com\\\/informelitoral\\\/\",\"https:\\\/\\\/x.com\\\/InformeLitoral\",\"https:\\\/\\\/www.instagram.com\\\/informelitoral\\\/\",\"https:\\\/\\\/www.youtube.com\\\/channel\\\/UCua4Qvz8Icb6MYqhoq9xLXw\"]},{\"@type\":\"Person\",\"@id\":\"https:\\\/\\\/informelitoral.com.ar\\\/#\\\/schema\\\/person\\\/b9d00407c836482871ef1d57bf8e3180\",\"name\":\"Gonzalo Schmidt\",\"image\":{\"@type\":\"ImageObject\",\"inLanguage\":\"es\",\"@id\":\"https:\\\/\\\/secure.gravatar.com\\\/avatar\\\/31a1a7b66ff2de83bd0e9fd79d026630d2d99e55e8bfe501287647b4fd9743de?s=96&d=mm&r=g\",\"url\":\"https:\\\/\\\/secure.gravatar.com\\\/avatar\\\/31a1a7b66ff2de83bd0e9fd79d026630d2d99e55e8bfe501287647b4fd9743de?s=96&d=mm&r=g\",\"contentUrl\":\"https:\\\/\\\/secure.gravatar.com\\\/avatar\\\/31a1a7b66ff2de83bd0e9fd79d026630d2d99e55e8bfe501287647b4fd9743de?s=96&d=mm&r=g\",\"caption\":\"Gonzalo Schmidt\"},\"description\":\"Sitio web de noticias de la provincia de Entre R\u00edos, Argentina. Informaci\u00f3n y entretenimiento. Informe Litoral, nos informamos.\",\"sameAs\":[\"http:\\\/\\\/www.isletasnoticias.com.ar\"],\"url\":\"https:\\\/\\\/informelitoral.com.ar\\\/author\\\/gonzalo\\\/\"}]}<\/script>","yoast_head_json":{"title":"Isletas: brindaron ayuda a vecinos afectados por el temporal de enero - Informe Litoral","robots":{"index":"index","follow":"follow","max-snippet":"max-snippet:-1","max-image-preview":"max-image-preview:large","max-video-preview":"max-video-preview:-1"},"canonical":"https:\/\/informelitoral.com.ar\/isletas-brindaron-ayuda-a-vecinos-afectados-por-el-temporal-de-enero\/","og_locale":"es_ES","og_type":"article","og_title":"Isletas: brindaron ayuda a vecinos afectados por el temporal de enero - Informe Litoral","og_description":"Desde la Junta de Gobierno entregaron una aporte econ&oacute;mico a familias de escasos recursos que fueron afectadas por el temporal del pasado 10 de enero. Ahora esperan la ayuda de la Provincia.&nbsp; El pasado 10 de enero un sector de Isleas y otras localidades fue afectado por un fuerte temporal de viento, agua y granizo, [&hellip;]","og_url":"https:\/\/informelitoral.com.ar\/isletas-brindaron-ayuda-a-vecinos-afectados-por-el-temporal-de-enero\/","og_site_name":"Informe Litoral","article_publisher":"https:\/\/www.facebook.com\/informelitoral\/","article_published_time":"2015-05-14T12:39:30+00:00","article_modified_time":"2015-05-14T12:41:36+00:00","og_image":[{"width":960,"height":639,"url":"https:\/\/informelitoral.com.ar\/%77%70%2d%63%6f%6e%74%65%6e%74\/uploads\/2015\/05\/11218516_1626318764270075_2488739689139757484_n.jpg","type":"image\/jpeg"}],"author":"Gonzalo Schmidt","twitter_card":"summary_large_image","twitter_creator":"@InformeLitoral","twitter_site":"@InformeLitoral","twitter_misc":{"Escrito por":"Gonzalo Schmidt","Tiempo de lectura":"1 minuto"},"schema":{"@context":"https:\/\/schema.org","@graph":[{"@type":"Article","@id":"https:\/\/informelitoral.com.ar\/isletas-brindaron-ayuda-a-vecinos-afectados-por-el-temporal-de-enero\/#article","isPartOf":{"@id":"https:\/\/informelitoral.com.ar\/isletas-brindaron-ayuda-a-vecinos-afectados-por-el-temporal-de-enero\/"},"author":{"name":"Gonzalo Schmidt","@id":"https:\/\/informelitoral.com.ar\/#\/schema\/person\/b9d00407c836482871ef1d57bf8e3180"},"headline":"Isletas: brindaron ayuda a vecinos afectados por el temporal de enero","datePublished":"2015-05-14T12:39:30+00:00","dateModified":"2015-05-14T12:41:36+00:00","mainEntityOfPage":{"@id":"https:\/\/informelitoral.com.ar\/isletas-brindaron-ayuda-a-vecinos-afectados-por-el-temporal-de-enero\/"},"wordCount":162,"commentCount":0,"publisher":{"@id":"https:\/\/informelitoral.com.ar\/#organization"},"image":{"@id":"https:\/\/informelitoral.com.ar\/isletas-brindaron-ayuda-a-vecinos-afectados-por-el-temporal-de-enero\/#primaryimage"},"thumbnailUrl":"http:\/\/www.isletasnoticias.com.ar\/%77%70%2d%63%6f%6e%74%65%6e%74\/uploads\/2015\/05\/11218516_1626318764270075_2488739689139757484_n-300x200.jpg","articleSection":["Isletas","Politica"],"inLanguage":"es","potentialAction":[{"@type":"CommentAction","name":"Comment","target":["https:\/\/informelitoral.com.ar\/isletas-brindaron-ayuda-a-vecinos-afectados-por-el-temporal-de-enero\/#respond"]}]},{"@type":"WebPage","@id":"https:\/\/informelitoral.com.ar\/isletas-brindaron-ayuda-a-vecinos-afectados-por-el-temporal-de-enero\/","url":"https:\/\/informelitoral.com.ar\/isletas-brindaron-ayuda-a-vecinos-afectados-por-el-temporal-de-enero\/","name":"Isletas: brindaron ayuda a vecinos afectados por el temporal de enero - Informe Litoral","isPartOf":{"@id":"https:\/\/informelitoral.com.ar\/#website"},"primaryImageOfPage":{"@id":"https:\/\/informelitoral.com.ar\/isletas-brindaron-ayuda-a-vecinos-afectados-por-el-temporal-de-enero\/#primaryimage"},"image":{"@id":"https:\/\/informelitoral.com.ar\/isletas-brindaron-ayuda-a-vecinos-afectados-por-el-temporal-de-enero\/#primaryimage"},"thumbnailUrl":"http:\/\/www.isletasnoticias.com.ar\/%77%70%2d%63%6f%6e%74%65%6e%74\/uploads\/2015\/05\/11218516_1626318764270075_2488739689139757484_n-300x200.jpg","datePublished":"2015-05-14T12:39:30+00:00","dateModified":"2015-05-14T12:41:36+00:00","breadcrumb":{"@id":"https:\/\/informelitoral.com.ar\/isletas-brindaron-ayuda-a-vecinos-afectados-por-el-temporal-de-enero\/#breadcrumb"},"inLanguage":"es","potentialAction":[{"@type":"ReadAction","target":["https:\/\/informelitoral.com.ar\/isletas-brindaron-ayuda-a-vecinos-afectados-por-el-temporal-de-enero\/"]}]},{"@type":"ImageObject","inLanguage":"es","@id":"https:\/\/informelitoral.com.ar\/isletas-brindaron-ayuda-a-vecinos-afectados-por-el-temporal-de-enero\/#primaryimage","url":"http:\/\/www.isletasnoticias.com.ar\/%77%70%2d%63%6f%6e%74%65%6e%74\/uploads\/2015\/05\/11218516_1626318764270075_2488739689139757484_n-300x200.jpg","contentUrl":"http:\/\/www.isletasnoticias.com.ar\/%77%70%2d%63%6f%6e%74%65%6e%74\/uploads\/2015\/05\/11218516_1626318764270075_2488739689139757484_n-300x200.jpg"},{"@type":"BreadcrumbList","@id":"https:\/\/informelitoral.com.ar\/isletas-brindaron-ayuda-a-vecinos-afectados-por-el-temporal-de-enero\/#breadcrumb","itemListElement":[{"@type":"ListItem","position":1,"name":"Portada","item":"https:\/\/informelitoral.com.ar\/"},{"@type":"ListItem","position":2,"name":"Isletas: brindaron ayuda a vecinos afectados por el temporal de enero"}]},{"@type":"WebSite","@id":"https:\/\/informelitoral.com.ar\/#website","url":"https:\/\/informelitoral.com.ar\/","name":"Informe Litoral","description":"&quot;Nos informamos&quot; ","publisher":{"@id":"https:\/\/informelitoral.com.ar\/#organization"},"potentialAction":[{"@type":"SearchAction","target":{"@type":"EntryPoint","urlTemplate":"https:\/\/informelitoral.com.ar\/?s={search_term_string}"},"query-input":{"@type":"PropertyValueSpecification","valueRequired":true,"valueName":"search_term_string"}}],"inLanguage":"es"},{"@type":"Organization","@id":"https:\/\/informelitoral.com.ar\/#organization","name":"Informe Litoral","url":"https:\/\/informelitoral.com.ar\/","logo":{"@type":"ImageObject","inLanguage":"es","@id":"https:\/\/informelitoral.com.ar\/#\/schema\/logo\/image\/","url":"https:\/\/informelitoral.com.ar\/%77%70%2d%63%6f%6e%74%65%6e%74\/uploads\/2021\/01\/circulo.png","contentUrl":"https:\/\/informelitoral.com.ar\/%77%70%2d%63%6f%6e%74%65%6e%74\/uploads\/2021\/01\/circulo.png","width":723,"height":731,"caption":"Informe Litoral"},"image":{"@id":"https:\/\/informelitoral.com.ar\/#\/schema\/logo\/image\/"},"sameAs":["https:\/\/www.facebook.com\/informelitoral\/","https:\/\/x.com\/InformeLitoral","https:\/\/www.instagram.com\/informelitoral\/","https:\/\/www.youtube.com\/channel\/UCua4Qvz8Icb6MYqhoq9xLXw"]},{"@type":"Person","@id":"https:\/\/informelitoral.com.ar\/#\/schema\/person\/b9d00407c836482871ef1d57bf8e3180","name":"Gonzalo Schmidt","image":{"@type":"ImageObject","inLanguage":"es","@id":"https:\/\/secure.gravatar.com\/avatar\/31a1a7b66ff2de83bd0e9fd79d026630d2d99e55e8bfe501287647b4fd9743de?s=96&d=mm&r=g","url":"https:\/\/secure.gravatar.com\/avatar\/31a1a7b66ff2de83bd0e9fd79d026630d2d99e55e8bfe501287647b4fd9743de?s=96&d=mm&r=g","contentUrl":"https:\/\/secure.gravatar.com\/avatar\/31a1a7b66ff2de83bd0e9fd79d026630d2d99e55e8bfe501287647b4fd9743de?s=96&d=mm&r=g","caption":"Gonzalo Schmidt"},"description":"Sitio web de noticias de la provincia de Entre R\u00edos, Argentina. Informaci\u00f3n y entretenimiento. Informe Litoral, nos informamos.","sameAs":["http:\/\/www.isletasnoticias.com.ar"],"url":"https:\/\/informelitoral.com.ar\/author\/gonzalo\/"}]}},"_links":{"self":[{"href":"https:\/\/informelitoral.com.ar\/%77%70%2d%6a%73%6f%6e\/wp\/v2\/posts\/10683","targetHints":{"allow":["GET"]}}],"collection":[{"href":"https:\/\/informelitoral.com.ar\/%77%70%2d%6a%73%6f%6e\/wp\/v2\/posts"}],"about":[{"href":"https:\/\/informelitoral.com.ar\/%77%70%2d%6a%73%6f%6e\/wp\/v2\/types\/post"}],"author":[{"embeddable":true,"href":"https:\/\/informelitoral.com.ar\/%77%70%2d%6a%73%6f%6e\/wp\/v2\/users\/2"}],"replies":[{"embeddable":true,"href":"https:\/\/informelitoral.com.ar\/%77%70%2d%6a%73%6f%6e\/wp\/v2\/comments?post=10683"}],"version-history":[{"count":0,"href":"https:\/\/informelitoral.com.ar\/%77%70%2d%6a%73%6f%6e\/wp\/v2\/posts\/10683\/revisions"}],"wp:attachment":[{"href":"https:\/\/informelitoral.com.ar\/%77%70%2d%6a%73%6f%6e\/wp\/v2\/media?parent=10683"}],"wp:term":[{"taxonomy":"category","embeddable":true,"href":"https:\/\/informelitoral.com.ar\/%77%70%2d%6a%73%6f%6e\/wp\/v2\/categories?post=10683"},{"taxonomy":"post_tag","embeddable":true,"href":"https:\/\/informelitoral.com.ar\/%77%70%2d%6a%73%6f%6e\/wp\/v2\/tags?post=10683"}],"curies":[{"name":"wp","href":"https:\/\/api.w.org\/{rel}","templated":true}]}}