{"id":10669,"date":"2015-05-14T09:09:50","date_gmt":"2015-05-14T12:09:50","guid":{"rendered":"http:\/\/www.isletasnoticias.com.ar\/?p=10669"},"modified":"2015-05-14T09:09:50","modified_gmt":"2015-05-14T12:09:50","slug":"cuales-seran-las-multas-en-entre-rios-para-quienes-no-voten","status":"publish","type":"post","link":"https:\/\/informelitoral.com.ar\/cuales-seran-las-multas-en-entre-rios-para-quienes-no-voten\/","title":{"rendered":"\u00bfCu\u00e1les ser\u00e1n las multas en Entre R\u00edos para quienes no voten?"},"content":{"rendered":"<p><strong>Las elecciones primarias y generales de este a\u00f1o se llevar\u00e1n a cabo en Entre R\u00edos bajo un nuevo r\u00e9gimen electoral. Incluye nuevos valores para quienes no vayan a votar. Tambi\u00e9n se pena a las autoridades de mesa que no cumplan con su tarea.<a href=\"http:\/\/www.isletasnoticias.com.ar\/%77%70%2d%63%6f%6e%74%65%6e%74\/uploads\/2015\/05\/o_1429530356.jpg\"><img loading=\"lazy\" decoding=\"async\" class=\"aligncenter size-medium wp-image-10671\" src=\"http:\/\/www.isletasnoticias.com.ar\/%77%70%2d%63%6f%6e%74%65%6e%74\/uploads\/2015\/05\/o_1429530356-300x169.jpg\" alt=\"o_1429530356\" width=\"300\" height=\"169\" srcset=\"https:\/\/informelitoral.com.ar\/%77%70%2d%63%6f%6e%74%65%6e%74\/uploads\/2015\/05\/o_1429530356-300x169.jpg 300w, https:\/\/informelitoral.com.ar\/%77%70%2d%63%6f%6e%74%65%6e%74\/uploads\/2015\/05\/o_1429530356.jpg 640w\" sizes=\"auto, (max-width: 300px) 100vw, 300px\" \/><\/a><\/strong><\/p>\n<p>Las elecciones primarias y generales de este a\u00f1o se llevar\u00e1n a cabo en Entre R\u00edos bajo un nuevo r\u00e9gimen electoral, a ra\u00edz de los cambios a las leyes N\u00ba 2988 y N\u00ba 9659.<\/p>\n<p>Entre las modificaciones incluidas por la Legislatura entrerriana a instancias del Ejecutivo provincial, se hallan nuevos valores para quienes no vayan a votar. Tambi\u00e9n se pena a las autoridades de mesa en caso de ausencia, llegada tarde o retiro anticipado.<\/p>\n<p>En efecto, el art\u00edculo 145\u00b0 de la ley N\u00ba 2988 fue uno de los modificados y quedar\u00e1 redactado de la siguiente manera: \u201cEl elector mayor de dieciocho (18) a\u00f1os y menor de setenta (70) a\u00f1os, que sin causa debidamente justificada, dejase de emitir su voto en cualquier elecci\u00f3n efectuada en su distrito electoral o departamento, ser\u00e1 penado: 1\u00b0. Con la inclusi\u00f3n de su nombre en los registros pertinentes, por parte del Tribunal. 2\u00b0. Con una multa de cincuenta ($50) a quinientos pesos ($500), y en caso de reincidencia inmediata, con el doble de la multa que se le haya impuesto por infracci\u00f3n anterior. Cuando se justificare la no emisi\u00f3n dentro del plazo de sesenta (60) d\u00edas contados a partir de la fecha del acto comicial, se entregar\u00e1 una constancia al efecto. El infractor incluido en los Registros pertinentes no podr\u00e1 ser designado para desempe\u00f1ar funciones o empleos p\u00fablicos durante tres (3) a\u00f1os a partir de la elecci\u00f3n. La penalidad ser\u00e1 impuesta y hecha efectiva por la Justicia Electoral\u201d.<\/p>\n<p>Para el caso de las autoridades de mesa, el art\u00edculo 147\u00ba de la ley N\u00ba 2988 en su nueva redacci\u00f3n dice: \u201cLas autoridades del comicio que no concurran al desempe\u00f1o de su mandato o lo hagan despu\u00e9s de la hora se\u00f1alada para la apertura del comicio o lo abandonen sin causa justificada, sufrir\u00e1n la pena de dos mil pesos ($2000) de multa o prisi\u00f3n de seis meses a dos a\u00f1os.\u201d<\/p>\n<p><strong>Qu\u00e9 dice el C\u00f3digo Electoral Nacional<\/strong><br \/>\nNo hay diferencias entre el R\u00e9gimen Electoral entrerriano y el C\u00f3digo Electoral Nacional respecto a las multas para penar a quienes no concurran a votar (de 50 a 500 pesos, art\u00edculo N\u00ba 125). Pero s\u00ed hay diferencias para el caso de ausencias de autoridades de mesa. El r\u00e9gimen nacional no fija una multa dineraria como en Entre R\u00edos, sino s\u00f3lo prisi\u00f3n \u201cde seis meses a dos a\u00f1os a los funcionarios creados por esta ley y a los electores designados para el desempe\u00f1o de funciones que sin causa justificada dejen de concurrir al lugar donde deban cumplirlas o hicieren abandono de ellas\u201d. <em>(APF)<\/em><\/p>\n","protected":false},"excerpt":{"rendered":"<p>Las elecciones primarias y generales de este a&ntilde;o se llevar&aacute;n a cabo en Entre R&iacute;os bajo un nuevo r&eacute;gimen electoral. Incluye nuevos valores para quienes no vayan a votar. Tambi&eacute;n se pena a las autoridades de mesa que no cumplan con su tarea. Las elecciones primarias y generales de este a&ntilde;o se llevar&aacute;n a cabo [&hellip;]<\/p>\n","protected":false},"author":2,"featured_media":0,"comment_status":"open","ping_status":"open","sticky":false,"template":"","format":"standard","meta":{"fifu_image_url":"","fifu_image_alt":"","footnotes":""},"categories":[6,16],"tags":[],"class_list":{"0":"post-10669","1":"post","2":"type-post","3":"status-publish","4":"format-standard","6":"category-entre-rios","7":"category-politi"},"yoast_head":"<title>\u00bfCu\u00e1les ser\u00e1n las multas en Entre R\u00edos para quienes no voten? - Informe Litoral<\/title>\n<meta name=\"robots\" content=\"index, follow, max-snippet:-1, max-image-preview:large, max-video-preview:-1\" \/>\n<link rel=\"canonical\" href=\"https:\/\/informelitoral.com.ar\/cuales-seran-las-multas-en-entre-rios-para-quienes-no-voten\/\" \/>\n<meta property=\"og:locale\" content=\"es_ES\" \/>\n<meta property=\"og:type\" content=\"article\" \/>\n<meta property=\"og:title\" content=\"\u00bfCu\u00e1les ser\u00e1n las multas en Entre R\u00edos para quienes no voten? - Informe Litoral\" \/>\n<meta property=\"og:description\" content=\"Las elecciones primarias y generales de este a&ntilde;o se llevar&aacute;n a cabo en Entre R&iacute;os bajo un nuevo r&eacute;gimen electoral. Incluye nuevos valores para quienes no vayan a votar. Tambi&eacute;n se pena a las autoridades de mesa que no cumplan con su tarea. Las elecciones primarias y generales de este a&ntilde;o se llevar&aacute;n a cabo [&hellip;]\" \/>\n<meta property=\"og:url\" content=\"https:\/\/informelitoral.com.ar\/cuales-seran-las-multas-en-entre-rios-para-quienes-no-voten\/\" \/>\n<meta property=\"og:site_name\" content=\"Informe Litoral\" \/>\n<meta property=\"article:publisher\" content=\"https:\/\/www.facebook.com\/informelitoral\/\" \/>\n<meta property=\"article:published_time\" content=\"2015-05-14T12:09:50+00:00\" \/>\n<meta property=\"og:image\" content=\"https:\/\/informelitoral.com.ar\/%77%70%2d%63%6f%6e%74%65%6e%74\/uploads\/2015\/05\/o_1429530356.jpg\" \/>\n\t<meta property=\"og:image:width\" content=\"640\" \/>\n\t<meta property=\"og:image:height\" content=\"360\" \/>\n\t<meta property=\"og:image:type\" content=\"image\/jpeg\" \/>\n<meta name=\"author\" content=\"Gonzalo Schmidt\" \/>\n<meta name=\"twitter:card\" content=\"summary_large_image\" \/>\n<meta name=\"twitter:creator\" content=\"@InformeLitoral\" \/>\n<meta name=\"twitter:site\" content=\"@InformeLitoral\" \/>\n<meta name=\"twitter:label1\" content=\"Escrito por\" \/>\n\t<meta name=\"twitter:data1\" content=\"Gonzalo Schmidt\" \/>\n\t<meta name=\"twitter:label2\" content=\"Tiempo de lectura\" \/>\n\t<meta name=\"twitter:data2\" content=\"2 minutos\" \/>\n<script type=\"application\/ld+json\" class=\"yoast-schema-graph\">{\"@context\":\"https:\\\/\\\/schema.org\",\"@graph\":[{\"@type\":\"Article\",\"@id\":\"https:\\\/\\\/informelitoral.com.ar\\\/cuales-seran-las-multas-en-entre-rios-para-quienes-no-voten\\\/#article\",\"isPartOf\":{\"@id\":\"https:\\\/\\\/informelitoral.com.ar\\\/cuales-seran-las-multas-en-entre-rios-para-quienes-no-voten\\\/\"},\"author\":{\"name\":\"Gonzalo Schmidt\",\"@id\":\"https:\\\/\\\/informelitoral.com.ar\\\/#\\\/schema\\\/person\\\/b9d00407c836482871ef1d57bf8e3180\"},\"headline\":\"\u00bfCu\u00e1les ser\u00e1n las multas en Entre R\u00edos para quienes no voten?\",\"datePublished\":\"2015-05-14T12:09:50+00:00\",\"mainEntityOfPage\":{\"@id\":\"https:\\\/\\\/informelitoral.com.ar\\\/cuales-seran-las-multas-en-entre-rios-para-quienes-no-voten\\\/\"},\"wordCount\":499,\"commentCount\":0,\"publisher\":{\"@id\":\"https:\\\/\\\/informelitoral.com.ar\\\/#organization\"},\"image\":{\"@id\":\"https:\\\/\\\/informelitoral.com.ar\\\/cuales-seran-las-multas-en-entre-rios-para-quienes-no-voten\\\/#primaryimage\"},\"thumbnailUrl\":\"http:\\\/\\\/www.isletasnoticias.com.ar\\\/%77%70%2d%63%6f%6e%74%65%6e%74\\\/uploads\\\/2015\\\/05\\\/o_1429530356-300x169.jpg\",\"articleSection\":[\"Entre R\u00edos\",\"Politica\"],\"inLanguage\":\"es\",\"potentialAction\":[{\"@type\":\"CommentAction\",\"name\":\"Comment\",\"target\":[\"https:\\\/\\\/informelitoral.com.ar\\\/cuales-seran-las-multas-en-entre-rios-para-quienes-no-voten\\\/#respond\"]}]},{\"@type\":\"WebPage\",\"@id\":\"https:\\\/\\\/informelitoral.com.ar\\\/cuales-seran-las-multas-en-entre-rios-para-quienes-no-voten\\\/\",\"url\":\"https:\\\/\\\/informelitoral.com.ar\\\/cuales-seran-las-multas-en-entre-rios-para-quienes-no-voten\\\/\",\"name\":\"\u00bfCu\u00e1les ser\u00e1n las multas en Entre R\u00edos para quienes no voten? - Informe Litoral\",\"isPartOf\":{\"@id\":\"https:\\\/\\\/informelitoral.com.ar\\\/#website\"},\"primaryImageOfPage\":{\"@id\":\"https:\\\/\\\/informelitoral.com.ar\\\/cuales-seran-las-multas-en-entre-rios-para-quienes-no-voten\\\/#primaryimage\"},\"image\":{\"@id\":\"https:\\\/\\\/informelitoral.com.ar\\\/cuales-seran-las-multas-en-entre-rios-para-quienes-no-voten\\\/#primaryimage\"},\"thumbnailUrl\":\"http:\\\/\\\/www.isletasnoticias.com.ar\\\/%77%70%2d%63%6f%6e%74%65%6e%74\\\/uploads\\\/2015\\\/05\\\/o_1429530356-300x169.jpg\",\"datePublished\":\"2015-05-14T12:09:50+00:00\",\"breadcrumb\":{\"@id\":\"https:\\\/\\\/informelitoral.com.ar\\\/cuales-seran-las-multas-en-entre-rios-para-quienes-no-voten\\\/#breadcrumb\"},\"inLanguage\":\"es\",\"potentialAction\":[{\"@type\":\"ReadAction\",\"target\":[\"https:\\\/\\\/informelitoral.com.ar\\\/cuales-seran-las-multas-en-entre-rios-para-quienes-no-voten\\\/\"]}]},{\"@type\":\"ImageObject\",\"inLanguage\":\"es\",\"@id\":\"https:\\\/\\\/informelitoral.com.ar\\\/cuales-seran-las-multas-en-entre-rios-para-quienes-no-voten\\\/#primaryimage\",\"url\":\"http:\\\/\\\/www.isletasnoticias.com.ar\\\/%77%70%2d%63%6f%6e%74%65%6e%74\\\/uploads\\\/2015\\\/05\\\/o_1429530356-300x169.jpg\",\"contentUrl\":\"http:\\\/\\\/www.isletasnoticias.com.ar\\\/%77%70%2d%63%6f%6e%74%65%6e%74\\\/uploads\\\/2015\\\/05\\\/o_1429530356-300x169.jpg\"},{\"@type\":\"BreadcrumbList\",\"@id\":\"https:\\\/\\\/informelitoral.com.ar\\\/cuales-seran-las-multas-en-entre-rios-para-quienes-no-voten\\\/#breadcrumb\",\"itemListElement\":[{\"@type\":\"ListItem\",\"position\":1,\"name\":\"Portada\",\"item\":\"https:\\\/\\\/informelitoral.com.ar\\\/\"},{\"@type\":\"ListItem\",\"position\":2,\"name\":\"\u00bfCu\u00e1les ser\u00e1n las multas en Entre R\u00edos para quienes no voten?\"}]},{\"@type\":\"WebSite\",\"@id\":\"https:\\\/\\\/informelitoral.com.ar\\\/#website\",\"url\":\"https:\\\/\\\/informelitoral.com.ar\\\/\",\"name\":\"Informe Litoral\",\"description\":\"&quot;Nos informamos&quot; \",\"publisher\":{\"@id\":\"https:\\\/\\\/informelitoral.com.ar\\\/#organization\"},\"potentialAction\":[{\"@type\":\"SearchAction\",\"target\":{\"@type\":\"EntryPoint\",\"urlTemplate\":\"https:\\\/\\\/informelitoral.com.ar\\\/?s={search_term_string}\"},\"query-input\":{\"@type\":\"PropertyValueSpecification\",\"valueRequired\":true,\"valueName\":\"search_term_string\"}}],\"inLanguage\":\"es\"},{\"@type\":\"Organization\",\"@id\":\"https:\\\/\\\/informelitoral.com.ar\\\/#organization\",\"name\":\"Informe Litoral\",\"url\":\"https:\\\/\\\/informelitoral.com.ar\\\/\",\"logo\":{\"@type\":\"ImageObject\",\"inLanguage\":\"es\",\"@id\":\"https:\\\/\\\/informelitoral.com.ar\\\/#\\\/schema\\\/logo\\\/image\\\/\",\"url\":\"https:\\\/\\\/informelitoral.com.ar\\\/%77%70%2d%63%6f%6e%74%65%6e%74\\\/uploads\\\/2021\\\/01\\\/circulo.png\",\"contentUrl\":\"https:\\\/\\\/informelitoral.com.ar\\\/%77%70%2d%63%6f%6e%74%65%6e%74\\\/uploads\\\/2021\\\/01\\\/circulo.png\",\"width\":723,\"height\":731,\"caption\":\"Informe Litoral\"},\"image\":{\"@id\":\"https:\\\/\\\/informelitoral.com.ar\\\/#\\\/schema\\\/logo\\\/image\\\/\"},\"sameAs\":[\"https:\\\/\\\/www.facebook.com\\\/informelitoral\\\/\",\"https:\\\/\\\/x.com\\\/InformeLitoral\",\"https:\\\/\\\/www.instagram.com\\\/informelitoral\\\/\",\"https:\\\/\\\/www.youtube.com\\\/channel\\\/UCua4Qvz8Icb6MYqhoq9xLXw\"]},{\"@type\":\"Person\",\"@id\":\"https:\\\/\\\/informelitoral.com.ar\\\/#\\\/schema\\\/person\\\/b9d00407c836482871ef1d57bf8e3180\",\"name\":\"Gonzalo Schmidt\",\"image\":{\"@type\":\"ImageObject\",\"inLanguage\":\"es\",\"@id\":\"https:\\\/\\\/secure.gravatar.com\\\/avatar\\\/31a1a7b66ff2de83bd0e9fd79d026630d2d99e55e8bfe501287647b4fd9743de?s=96&d=mm&r=g\",\"url\":\"https:\\\/\\\/secure.gravatar.com\\\/avatar\\\/31a1a7b66ff2de83bd0e9fd79d026630d2d99e55e8bfe501287647b4fd9743de?s=96&d=mm&r=g\",\"contentUrl\":\"https:\\\/\\\/secure.gravatar.com\\\/avatar\\\/31a1a7b66ff2de83bd0e9fd79d026630d2d99e55e8bfe501287647b4fd9743de?s=96&d=mm&r=g\",\"caption\":\"Gonzalo Schmidt\"},\"description\":\"Sitio web de noticias de la provincia de Entre R\u00edos, Argentina. Informaci\u00f3n y entretenimiento. Informe Litoral, nos informamos.\",\"sameAs\":[\"http:\\\/\\\/www.isletasnoticias.com.ar\"],\"url\":\"https:\\\/\\\/informelitoral.com.ar\\\/author\\\/gonzalo\\\/\"}]}<\/script>","yoast_head_json":{"title":"\u00bfCu\u00e1les ser\u00e1n las multas en Entre R\u00edos para quienes no voten? - Informe Litoral","robots":{"index":"index","follow":"follow","max-snippet":"max-snippet:-1","max-image-preview":"max-image-preview:large","max-video-preview":"max-video-preview:-1"},"canonical":"https:\/\/informelitoral.com.ar\/cuales-seran-las-multas-en-entre-rios-para-quienes-no-voten\/","og_locale":"es_ES","og_type":"article","og_title":"\u00bfCu\u00e1les ser\u00e1n las multas en Entre R\u00edos para quienes no voten? - Informe Litoral","og_description":"Las elecciones primarias y generales de este a&ntilde;o se llevar&aacute;n a cabo en Entre R&iacute;os bajo un nuevo r&eacute;gimen electoral. Incluye nuevos valores para quienes no vayan a votar. Tambi&eacute;n se pena a las autoridades de mesa que no cumplan con su tarea. Las elecciones primarias y generales de este a&ntilde;o se llevar&aacute;n a cabo [&hellip;]","og_url":"https:\/\/informelitoral.com.ar\/cuales-seran-las-multas-en-entre-rios-para-quienes-no-voten\/","og_site_name":"Informe Litoral","article_publisher":"https:\/\/www.facebook.com\/informelitoral\/","article_published_time":"2015-05-14T12:09:50+00:00","og_image":[{"width":640,"height":360,"url":"https:\/\/informelitoral.com.ar\/%77%70%2d%63%6f%6e%74%65%6e%74\/uploads\/2015\/05\/o_1429530356.jpg","type":"image\/jpeg"}],"author":"Gonzalo Schmidt","twitter_card":"summary_large_image","twitter_creator":"@InformeLitoral","twitter_site":"@InformeLitoral","twitter_misc":{"Escrito por":"Gonzalo Schmidt","Tiempo de lectura":"2 minutos"},"schema":{"@context":"https:\/\/schema.org","@graph":[{"@type":"Article","@id":"https:\/\/informelitoral.com.ar\/cuales-seran-las-multas-en-entre-rios-para-quienes-no-voten\/#article","isPartOf":{"@id":"https:\/\/informelitoral.com.ar\/cuales-seran-las-multas-en-entre-rios-para-quienes-no-voten\/"},"author":{"name":"Gonzalo Schmidt","@id":"https:\/\/informelitoral.com.ar\/#\/schema\/person\/b9d00407c836482871ef1d57bf8e3180"},"headline":"\u00bfCu\u00e1les ser\u00e1n las multas en Entre R\u00edos para quienes no voten?","datePublished":"2015-05-14T12:09:50+00:00","mainEntityOfPage":{"@id":"https:\/\/informelitoral.com.ar\/cuales-seran-las-multas-en-entre-rios-para-quienes-no-voten\/"},"wordCount":499,"commentCount":0,"publisher":{"@id":"https:\/\/informelitoral.com.ar\/#organization"},"image":{"@id":"https:\/\/informelitoral.com.ar\/cuales-seran-las-multas-en-entre-rios-para-quienes-no-voten\/#primaryimage"},"thumbnailUrl":"http:\/\/www.isletasnoticias.com.ar\/%77%70%2d%63%6f%6e%74%65%6e%74\/uploads\/2015\/05\/o_1429530356-300x169.jpg","articleSection":["Entre R\u00edos","Politica"],"inLanguage":"es","potentialAction":[{"@type":"CommentAction","name":"Comment","target":["https:\/\/informelitoral.com.ar\/cuales-seran-las-multas-en-entre-rios-para-quienes-no-voten\/#respond"]}]},{"@type":"WebPage","@id":"https:\/\/informelitoral.com.ar\/cuales-seran-las-multas-en-entre-rios-para-quienes-no-voten\/","url":"https:\/\/informelitoral.com.ar\/cuales-seran-las-multas-en-entre-rios-para-quienes-no-voten\/","name":"\u00bfCu\u00e1les ser\u00e1n las multas en Entre R\u00edos para quienes no voten? - Informe Litoral","isPartOf":{"@id":"https:\/\/informelitoral.com.ar\/#website"},"primaryImageOfPage":{"@id":"https:\/\/informelitoral.com.ar\/cuales-seran-las-multas-en-entre-rios-para-quienes-no-voten\/#primaryimage"},"image":{"@id":"https:\/\/informelitoral.com.ar\/cuales-seran-las-multas-en-entre-rios-para-quienes-no-voten\/#primaryimage"},"thumbnailUrl":"http:\/\/www.isletasnoticias.com.ar\/%77%70%2d%63%6f%6e%74%65%6e%74\/uploads\/2015\/05\/o_1429530356-300x169.jpg","datePublished":"2015-05-14T12:09:50+00:00","breadcrumb":{"@id":"https:\/\/informelitoral.com.ar\/cuales-seran-las-multas-en-entre-rios-para-quienes-no-voten\/#breadcrumb"},"inLanguage":"es","potentialAction":[{"@type":"ReadAction","target":["https:\/\/informelitoral.com.ar\/cuales-seran-las-multas-en-entre-rios-para-quienes-no-voten\/"]}]},{"@type":"ImageObject","inLanguage":"es","@id":"https:\/\/informelitoral.com.ar\/cuales-seran-las-multas-en-entre-rios-para-quienes-no-voten\/#primaryimage","url":"http:\/\/www.isletasnoticias.com.ar\/%77%70%2d%63%6f%6e%74%65%6e%74\/uploads\/2015\/05\/o_1429530356-300x169.jpg","contentUrl":"http:\/\/www.isletasnoticias.com.ar\/%77%70%2d%63%6f%6e%74%65%6e%74\/uploads\/2015\/05\/o_1429530356-300x169.jpg"},{"@type":"BreadcrumbList","@id":"https:\/\/informelitoral.com.ar\/cuales-seran-las-multas-en-entre-rios-para-quienes-no-voten\/#breadcrumb","itemListElement":[{"@type":"ListItem","position":1,"name":"Portada","item":"https:\/\/informelitoral.com.ar\/"},{"@type":"ListItem","position":2,"name":"\u00bfCu\u00e1les ser\u00e1n las multas en Entre R\u00edos para quienes no voten?"}]},{"@type":"WebSite","@id":"https:\/\/informelitoral.com.ar\/#website","url":"https:\/\/informelitoral.com.ar\/","name":"Informe Litoral","description":"&quot;Nos informamos&quot; ","publisher":{"@id":"https:\/\/informelitoral.com.ar\/#organization"},"potentialAction":[{"@type":"SearchAction","target":{"@type":"EntryPoint","urlTemplate":"https:\/\/informelitoral.com.ar\/?s={search_term_string}"},"query-input":{"@type":"PropertyValueSpecification","valueRequired":true,"valueName":"search_term_string"}}],"inLanguage":"es"},{"@type":"Organization","@id":"https:\/\/informelitoral.com.ar\/#organization","name":"Informe Litoral","url":"https:\/\/informelitoral.com.ar\/","logo":{"@type":"ImageObject","inLanguage":"es","@id":"https:\/\/informelitoral.com.ar\/#\/schema\/logo\/image\/","url":"https:\/\/informelitoral.com.ar\/%77%70%2d%63%6f%6e%74%65%6e%74\/uploads\/2021\/01\/circulo.png","contentUrl":"https:\/\/informelitoral.com.ar\/%77%70%2d%63%6f%6e%74%65%6e%74\/uploads\/2021\/01\/circulo.png","width":723,"height":731,"caption":"Informe Litoral"},"image":{"@id":"https:\/\/informelitoral.com.ar\/#\/schema\/logo\/image\/"},"sameAs":["https:\/\/www.facebook.com\/informelitoral\/","https:\/\/x.com\/InformeLitoral","https:\/\/www.instagram.com\/informelitoral\/","https:\/\/www.youtube.com\/channel\/UCua4Qvz8Icb6MYqhoq9xLXw"]},{"@type":"Person","@id":"https:\/\/informelitoral.com.ar\/#\/schema\/person\/b9d00407c836482871ef1d57bf8e3180","name":"Gonzalo Schmidt","image":{"@type":"ImageObject","inLanguage":"es","@id":"https:\/\/secure.gravatar.com\/avatar\/31a1a7b66ff2de83bd0e9fd79d026630d2d99e55e8bfe501287647b4fd9743de?s=96&d=mm&r=g","url":"https:\/\/secure.gravatar.com\/avatar\/31a1a7b66ff2de83bd0e9fd79d026630d2d99e55e8bfe501287647b4fd9743de?s=96&d=mm&r=g","contentUrl":"https:\/\/secure.gravatar.com\/avatar\/31a1a7b66ff2de83bd0e9fd79d026630d2d99e55e8bfe501287647b4fd9743de?s=96&d=mm&r=g","caption":"Gonzalo Schmidt"},"description":"Sitio web de noticias de la provincia de Entre R\u00edos, Argentina. Informaci\u00f3n y entretenimiento. Informe Litoral, nos informamos.","sameAs":["http:\/\/www.isletasnoticias.com.ar"],"url":"https:\/\/informelitoral.com.ar\/author\/gonzalo\/"}]}},"_links":{"self":[{"href":"https:\/\/informelitoral.com.ar\/%77%70%2d%6a%73%6f%6e\/wp\/v2\/posts\/10669","targetHints":{"allow":["GET"]}}],"collection":[{"href":"https:\/\/informelitoral.com.ar\/%77%70%2d%6a%73%6f%6e\/wp\/v2\/posts"}],"about":[{"href":"https:\/\/informelitoral.com.ar\/%77%70%2d%6a%73%6f%6e\/wp\/v2\/types\/post"}],"author":[{"embeddable":true,"href":"https:\/\/informelitoral.com.ar\/%77%70%2d%6a%73%6f%6e\/wp\/v2\/users\/2"}],"replies":[{"embeddable":true,"href":"https:\/\/informelitoral.com.ar\/%77%70%2d%6a%73%6f%6e\/wp\/v2\/comments?post=10669"}],"version-history":[{"count":0,"href":"https:\/\/informelitoral.com.ar\/%77%70%2d%6a%73%6f%6e\/wp\/v2\/posts\/10669\/revisions"}],"wp:attachment":[{"href":"https:\/\/informelitoral.com.ar\/%77%70%2d%6a%73%6f%6e\/wp\/v2\/media?parent=10669"}],"wp:term":[{"taxonomy":"category","embeddable":true,"href":"https:\/\/informelitoral.com.ar\/%77%70%2d%6a%73%6f%6e\/wp\/v2\/categories?post=10669"},{"taxonomy":"post_tag","embeddable":true,"href":"https:\/\/informelitoral.com.ar\/%77%70%2d%6a%73%6f%6e\/wp\/v2\/tags?post=10669"}],"curies":[{"name":"wp","href":"https:\/\/api.w.org\/{rel}","templated":true}]}}