{"id":106612,"date":"2023-01-03T10:19:34","date_gmt":"2023-01-03T13:19:34","guid":{"rendered":"https:\/\/www.informelitoral.com.ar\/?p=106612"},"modified":"2023-01-03T10:22:27","modified_gmt":"2023-01-03T13:22:27","slug":"el-desacuerdo-se-relaciona-con-el-bono-adicional-de-fin-de-ano-establecido-por-la-comision-nacional-de-trabajo-agrario-aun-no-se-ha-publicado-la-resolucion-de-homologacion-del-bono-extraordinario-adi","status":"publish","type":"post","link":"https:\/\/informelitoral.com.ar\/el-desacuerdo-se-relaciona-con-el-bono-adicional-de-fin-de-ano-establecido-por-la-comision-nacional-de-trabajo-agrario-aun-no-se-ha-publicado-la-resolucion-de-homologacion-del-bono-extraordinario-adi\/","title":{"rendered":"Entidades agropecuarias presentar\u00e1n un recurso ante el Ministerio de Trabajo por bono extraordinario de fin de a\u00f1o"},"content":{"rendered":"<p>La\u00a0<strong>Comisi\u00f3n de Enlace de Entidades Agropecuarias<\/strong>\u00a0(CEEA) junto con la\u00a0<strong>Confederaci\u00f3n Argentina de la Mediana Empresa<\/strong>\u00a0(CAME), resolvieron presentar un recurso administrativo ante el Ministerio de Trabajo de la Naci\u00f3n luego de la decisi\u00f3n tomada el 22 de diciembre pasado por la Comisi\u00f3n Nacional de Trabajo Agrario (CNTA).<\/p>\n<p>Los representantes del sector empresario esgrimieron s\u00f3lidos argumentos en oposici\u00f3n a la\u00a0<strong>propuesta de pagar una suma adicional de $26.000 al bono establecido mediante Decreto N\u00b0841\/2022 de $24.000.<\/strong><\/p>\n<p>Seg\u00fan expresaron,\u00a0<strong>la medida adoptada no toma en consideraci\u00f3n la situaci\u00f3n actual de los empleadores rurales que ya se ha hecho p\u00fablica en reiteradas oportunidades.<\/strong><\/p>\n<p>Adem\u00e1s, a trav\u00e9s de un comunicado, manifestaron su\u00a0<strong>expreso descontento con relaci\u00f3n al tratamiento del tema<\/strong>, debido a que su resoluci\u00f3n hab\u00eda sido previamente tratada y acordada de manera paralela entre los representantes del Estado Nacional y los representantes del sector sindical, acto que atenta en contra del esp\u00edritu y objetivo de la CNTA.<\/p>\n<p>Cabe aclarar que\u00a0<strong>a\u00fan no se ha publicado la resoluci\u00f3n de homologaci\u00f3n<\/strong>\u00a0del bono extraordinario adicional en el Bolet\u00edn Oficial de la Naci\u00f3n y no se ha informado nada al respecto.<\/p>\n","protected":false},"excerpt":{"rendered":"<p>El desacuerdo se relaciona con el bono adicional de fin de a\u00f1o establecido por la Comisi\u00f3n Nacional de Trabajo Agrario. A\u00fan no se ha publicado la resoluci\u00f3n de homologaci\u00f3n del bono extraordinario adicional en el Bolet\u00edn Oficial.<\/p>\n","protected":false},"author":8,"featured_media":106610,"comment_status":"open","ping_status":"open","sticky":false,"template":"","format":"standard","meta":{"fifu_image_url":"","fifu_image_alt":"","footnotes":""},"categories":[10],"tags":[2042,4077],"class_list":{"0":"post-106612","1":"post","2":"type-post","3":"status-publish","4":"format-standard","5":"has-post-thumbnail","7":"category-campo","8":"tag-bono","9":"tag-entidades-agropecuarias"},"yoast_head":"<title>Entidades agropecuarias presentar\u00e1n un recurso ante el Ministerio de Trabajo por bono extraordinario de fin de a\u00f1o - Informe Litoral<\/title>\n<meta name=\"robots\" content=\"index, follow, max-snippet:-1, max-image-preview:large, max-video-preview:-1\" \/>\n<link rel=\"canonical\" href=\"https:\/\/informelitoral.com.ar\/el-desacuerdo-se-relaciona-con-el-bono-adicional-de-fin-de-ano-establecido-por-la-comision-nacional-de-trabajo-agrario-aun-no-se-ha-publicado-la-resolucion-de-homologacion-del-bono-extraordinario-adi\/\" \/>\n<meta property=\"og:locale\" content=\"es_ES\" \/>\n<meta property=\"og:type\" content=\"article\" \/>\n<meta property=\"og:title\" content=\"Entidades agropecuarias presentar\u00e1n un recurso ante el Ministerio de Trabajo por bono extraordinario de fin de a\u00f1o - Informe Litoral\" \/>\n<meta property=\"og:description\" content=\"El desacuerdo se relaciona con el bono adicional de fin de a\u00f1o establecido por la Comisi\u00f3n Nacional de Trabajo Agrario. A\u00fan no se ha publicado la resoluci\u00f3n de homologaci\u00f3n del bono extraordinario adicional en el Bolet\u00edn Oficial.\" \/>\n<meta property=\"og:url\" content=\"https:\/\/informelitoral.com.ar\/el-desacuerdo-se-relaciona-con-el-bono-adicional-de-fin-de-ano-establecido-por-la-comision-nacional-de-trabajo-agrario-aun-no-se-ha-publicado-la-resolucion-de-homologacion-del-bono-extraordinario-adi\/\" \/>\n<meta property=\"og:site_name\" content=\"Informe Litoral\" \/>\n<meta property=\"article:publisher\" content=\"https:\/\/www.facebook.com\/informelitoral\/\" \/>\n<meta property=\"article:published_time\" content=\"2023-01-03T13:19:34+00:00\" \/>\n<meta property=\"article:modified_time\" content=\"2023-01-03T13:22:27+00:00\" \/>\n<meta property=\"og:image\" content=\"https:\/\/informelitoral.com.ar\/%77%70%2d%63%6f%6e%74%65%6e%74\/uploads\/2023\/01\/63b3563332331_837_627.jpg\" \/>\n\t<meta property=\"og:image:width\" content=\"837\" \/>\n\t<meta property=\"og:image:height\" content=\"627\" \/>\n\t<meta property=\"og:image:type\" content=\"image\/jpeg\" \/>\n<meta name=\"author\" content=\"Sebastian\" \/>\n<meta name=\"twitter:card\" content=\"summary_large_image\" \/>\n<meta name=\"twitter:creator\" content=\"@InformeLitoral\" \/>\n<meta name=\"twitter:site\" content=\"@InformeLitoral\" \/>\n<meta name=\"twitter:label1\" content=\"Escrito por\" \/>\n\t<meta name=\"twitter:data1\" content=\"Sebastian\" \/>\n\t<meta name=\"twitter:label2\" content=\"Tiempo de lectura\" \/>\n\t<meta name=\"twitter:data2\" content=\"1 minuto\" \/>\n<script type=\"application\/ld+json\" class=\"yoast-schema-graph\">{\"@context\":\"https:\\\/\\\/schema.org\",\"@graph\":[{\"@type\":\"Article\",\"@id\":\"https:\\\/\\\/informelitoral.com.ar\\\/el-desacuerdo-se-relaciona-con-el-bono-adicional-de-fin-de-ano-establecido-por-la-comision-nacional-de-trabajo-agrario-aun-no-se-ha-publicado-la-resolucion-de-homologacion-del-bono-extraordinario-adi\\\/#article\",\"isPartOf\":{\"@id\":\"https:\\\/\\\/informelitoral.com.ar\\\/el-desacuerdo-se-relaciona-con-el-bono-adicional-de-fin-de-ano-establecido-por-la-comision-nacional-de-trabajo-agrario-aun-no-se-ha-publicado-la-resolucion-de-homologacion-del-bono-extraordinario-adi\\\/\"},\"author\":{\"name\":\"Sebastian\",\"@id\":\"https:\\\/\\\/informelitoral.com.ar\\\/#\\\/schema\\\/person\\\/f05f9f461677119578717524b127d6d5\"},\"headline\":\"Entidades agropecuarias presentar\u00e1n un recurso ante el Ministerio de Trabajo por bono extraordinario de fin de a\u00f1o\",\"datePublished\":\"2023-01-03T13:19:34+00:00\",\"dateModified\":\"2023-01-03T13:22:27+00:00\",\"mainEntityOfPage\":{\"@id\":\"https:\\\/\\\/informelitoral.com.ar\\\/el-desacuerdo-se-relaciona-con-el-bono-adicional-de-fin-de-ano-establecido-por-la-comision-nacional-de-trabajo-agrario-aun-no-se-ha-publicado-la-resolucion-de-homologacion-del-bono-extraordinario-adi\\\/\"},\"wordCount\":225,\"commentCount\":0,\"publisher\":{\"@id\":\"https:\\\/\\\/informelitoral.com.ar\\\/#organization\"},\"image\":{\"@id\":\"https:\\\/\\\/informelitoral.com.ar\\\/el-desacuerdo-se-relaciona-con-el-bono-adicional-de-fin-de-ano-establecido-por-la-comision-nacional-de-trabajo-agrario-aun-no-se-ha-publicado-la-resolucion-de-homologacion-del-bono-extraordinario-adi\\\/#primaryimage\"},\"thumbnailUrl\":\"https:\\\/\\\/informelitoral.com.ar\\\/%77%70%2d%63%6f%6e%74%65%6e%74\\\/uploads\\\/2023\\\/01\\\/63b3563332331_837_627.jpg\",\"keywords\":[\"Bono\",\"Entidades agropecuarias\"],\"articleSection\":[\"Campo\"],\"inLanguage\":\"es\",\"potentialAction\":[{\"@type\":\"CommentAction\",\"name\":\"Comment\",\"target\":[\"https:\\\/\\\/informelitoral.com.ar\\\/el-desacuerdo-se-relaciona-con-el-bono-adicional-de-fin-de-ano-establecido-por-la-comision-nacional-de-trabajo-agrario-aun-no-se-ha-publicado-la-resolucion-de-homologacion-del-bono-extraordinario-adi\\\/#respond\"]}]},{\"@type\":\"WebPage\",\"@id\":\"https:\\\/\\\/informelitoral.com.ar\\\/el-desacuerdo-se-relaciona-con-el-bono-adicional-de-fin-de-ano-establecido-por-la-comision-nacional-de-trabajo-agrario-aun-no-se-ha-publicado-la-resolucion-de-homologacion-del-bono-extraordinario-adi\\\/\",\"url\":\"https:\\\/\\\/informelitoral.com.ar\\\/el-desacuerdo-se-relaciona-con-el-bono-adicional-de-fin-de-ano-establecido-por-la-comision-nacional-de-trabajo-agrario-aun-no-se-ha-publicado-la-resolucion-de-homologacion-del-bono-extraordinario-adi\\\/\",\"name\":\"Entidades agropecuarias presentar\u00e1n un recurso ante el Ministerio de Trabajo por bono extraordinario de fin de a\u00f1o - Informe Litoral\",\"isPartOf\":{\"@id\":\"https:\\\/\\\/informelitoral.com.ar\\\/#website\"},\"primaryImageOfPage\":{\"@id\":\"https:\\\/\\\/informelitoral.com.ar\\\/el-desacuerdo-se-relaciona-con-el-bono-adicional-de-fin-de-ano-establecido-por-la-comision-nacional-de-trabajo-agrario-aun-no-se-ha-publicado-la-resolucion-de-homologacion-del-bono-extraordinario-adi\\\/#primaryimage\"},\"image\":{\"@id\":\"https:\\\/\\\/informelitoral.com.ar\\\/el-desacuerdo-se-relaciona-con-el-bono-adicional-de-fin-de-ano-establecido-por-la-comision-nacional-de-trabajo-agrario-aun-no-se-ha-publicado-la-resolucion-de-homologacion-del-bono-extraordinario-adi\\\/#primaryimage\"},\"thumbnailUrl\":\"https:\\\/\\\/informelitoral.com.ar\\\/%77%70%2d%63%6f%6e%74%65%6e%74\\\/uploads\\\/2023\\\/01\\\/63b3563332331_837_627.jpg\",\"datePublished\":\"2023-01-03T13:19:34+00:00\",\"dateModified\":\"2023-01-03T13:22:27+00:00\",\"breadcrumb\":{\"@id\":\"https:\\\/\\\/informelitoral.com.ar\\\/el-desacuerdo-se-relaciona-con-el-bono-adicional-de-fin-de-ano-establecido-por-la-comision-nacional-de-trabajo-agrario-aun-no-se-ha-publicado-la-resolucion-de-homologacion-del-bono-extraordinario-adi\\\/#breadcrumb\"},\"inLanguage\":\"es\",\"potentialAction\":[{\"@type\":\"ReadAction\",\"target\":[\"https:\\\/\\\/informelitoral.com.ar\\\/el-desacuerdo-se-relaciona-con-el-bono-adicional-de-fin-de-ano-establecido-por-la-comision-nacional-de-trabajo-agrario-aun-no-se-ha-publicado-la-resolucion-de-homologacion-del-bono-extraordinario-adi\\\/\"]}]},{\"@type\":\"ImageObject\",\"inLanguage\":\"es\",\"@id\":\"https:\\\/\\\/informelitoral.com.ar\\\/el-desacuerdo-se-relaciona-con-el-bono-adicional-de-fin-de-ano-establecido-por-la-comision-nacional-de-trabajo-agrario-aun-no-se-ha-publicado-la-resolucion-de-homologacion-del-bono-extraordinario-adi\\\/#primaryimage\",\"url\":\"https:\\\/\\\/informelitoral.com.ar\\\/%77%70%2d%63%6f%6e%74%65%6e%74\\\/uploads\\\/2023\\\/01\\\/63b3563332331_837_627.jpg\",\"contentUrl\":\"https:\\\/\\\/informelitoral.com.ar\\\/%77%70%2d%63%6f%6e%74%65%6e%74\\\/uploads\\\/2023\\\/01\\\/63b3563332331_837_627.jpg\",\"width\":837,\"height\":627},{\"@type\":\"BreadcrumbList\",\"@id\":\"https:\\\/\\\/informelitoral.com.ar\\\/el-desacuerdo-se-relaciona-con-el-bono-adicional-de-fin-de-ano-establecido-por-la-comision-nacional-de-trabajo-agrario-aun-no-se-ha-publicado-la-resolucion-de-homologacion-del-bono-extraordinario-adi\\\/#breadcrumb\",\"itemListElement\":[{\"@type\":\"ListItem\",\"position\":1,\"name\":\"Portada\",\"item\":\"https:\\\/\\\/informelitoral.com.ar\\\/\"},{\"@type\":\"ListItem\",\"position\":2,\"name\":\"Entidades agropecuarias presentar\u00e1n un recurso ante el Ministerio de Trabajo por bono extraordinario de fin de a\u00f1o\"}]},{\"@type\":\"WebSite\",\"@id\":\"https:\\\/\\\/informelitoral.com.ar\\\/#website\",\"url\":\"https:\\\/\\\/informelitoral.com.ar\\\/\",\"name\":\"Informe Litoral\",\"description\":\"&quot;Nos informamos&quot; \",\"publisher\":{\"@id\":\"https:\\\/\\\/informelitoral.com.ar\\\/#organization\"},\"potentialAction\":[{\"@type\":\"SearchAction\",\"target\":{\"@type\":\"EntryPoint\",\"urlTemplate\":\"https:\\\/\\\/informelitoral.com.ar\\\/?s={search_term_string}\"},\"query-input\":{\"@type\":\"PropertyValueSpecification\",\"valueRequired\":true,\"valueName\":\"search_term_string\"}}],\"inLanguage\":\"es\"},{\"@type\":\"Organization\",\"@id\":\"https:\\\/\\\/informelitoral.com.ar\\\/#organization\",\"name\":\"Informe Litoral\",\"url\":\"https:\\\/\\\/informelitoral.com.ar\\\/\",\"logo\":{\"@type\":\"ImageObject\",\"inLanguage\":\"es\",\"@id\":\"https:\\\/\\\/informelitoral.com.ar\\\/#\\\/schema\\\/logo\\\/image\\\/\",\"url\":\"https:\\\/\\\/informelitoral.com.ar\\\/%77%70%2d%63%6f%6e%74%65%6e%74\\\/uploads\\\/2021\\\/01\\\/circulo.png\",\"contentUrl\":\"https:\\\/\\\/informelitoral.com.ar\\\/%77%70%2d%63%6f%6e%74%65%6e%74\\\/uploads\\\/2021\\\/01\\\/circulo.png\",\"width\":723,\"height\":731,\"caption\":\"Informe Litoral\"},\"image\":{\"@id\":\"https:\\\/\\\/informelitoral.com.ar\\\/#\\\/schema\\\/logo\\\/image\\\/\"},\"sameAs\":[\"https:\\\/\\\/www.facebook.com\\\/informelitoral\\\/\",\"https:\\\/\\\/x.com\\\/InformeLitoral\",\"https:\\\/\\\/www.instagram.com\\\/informelitoral\\\/\",\"https:\\\/\\\/www.youtube.com\\\/channel\\\/UCua4Qvz8Icb6MYqhoq9xLXw\"]},{\"@type\":\"Person\",\"@id\":\"https:\\\/\\\/informelitoral.com.ar\\\/#\\\/schema\\\/person\\\/f05f9f461677119578717524b127d6d5\",\"name\":\"Sebastian\",\"image\":{\"@type\":\"ImageObject\",\"inLanguage\":\"es\",\"@id\":\"https:\\\/\\\/secure.gravatar.com\\\/avatar\\\/b71bf7481d447dfb9583c7f2798e7cc64de6efb9067b74633ed8c31059a3bd82?s=96&d=mm&r=g\",\"url\":\"https:\\\/\\\/secure.gravatar.com\\\/avatar\\\/b71bf7481d447dfb9583c7f2798e7cc64de6efb9067b74633ed8c31059a3bd82?s=96&d=mm&r=g\",\"contentUrl\":\"https:\\\/\\\/secure.gravatar.com\\\/avatar\\\/b71bf7481d447dfb9583c7f2798e7cc64de6efb9067b74633ed8c31059a3bd82?s=96&d=mm&r=g\",\"caption\":\"Sebastian\"},\"url\":\"https:\\\/\\\/informelitoral.com.ar\\\/author\\\/sebastian\\\/\"}]}<\/script>","yoast_head_json":{"title":"Entidades agropecuarias presentar\u00e1n un recurso ante el Ministerio de Trabajo por bono extraordinario de fin de a\u00f1o - Informe Litoral","robots":{"index":"index","follow":"follow","max-snippet":"max-snippet:-1","max-image-preview":"max-image-preview:large","max-video-preview":"max-video-preview:-1"},"canonical":"https:\/\/informelitoral.com.ar\/el-desacuerdo-se-relaciona-con-el-bono-adicional-de-fin-de-ano-establecido-por-la-comision-nacional-de-trabajo-agrario-aun-no-se-ha-publicado-la-resolucion-de-homologacion-del-bono-extraordinario-adi\/","og_locale":"es_ES","og_type":"article","og_title":"Entidades agropecuarias presentar\u00e1n un recurso ante el Ministerio de Trabajo por bono extraordinario de fin de a\u00f1o - Informe Litoral","og_description":"El desacuerdo se relaciona con el bono adicional de fin de a\u00f1o establecido por la Comisi\u00f3n Nacional de Trabajo Agrario. A\u00fan no se ha publicado la resoluci\u00f3n de homologaci\u00f3n del bono extraordinario adicional en el Bolet\u00edn Oficial.","og_url":"https:\/\/informelitoral.com.ar\/el-desacuerdo-se-relaciona-con-el-bono-adicional-de-fin-de-ano-establecido-por-la-comision-nacional-de-trabajo-agrario-aun-no-se-ha-publicado-la-resolucion-de-homologacion-del-bono-extraordinario-adi\/","og_site_name":"Informe Litoral","article_publisher":"https:\/\/www.facebook.com\/informelitoral\/","article_published_time":"2023-01-03T13:19:34+00:00","article_modified_time":"2023-01-03T13:22:27+00:00","og_image":[{"width":837,"height":627,"url":"https:\/\/informelitoral.com.ar\/%77%70%2d%63%6f%6e%74%65%6e%74\/uploads\/2023\/01\/63b3563332331_837_627.jpg","type":"image\/jpeg"}],"author":"Sebastian","twitter_card":"summary_large_image","twitter_creator":"@InformeLitoral","twitter_site":"@InformeLitoral","twitter_misc":{"Escrito por":"Sebastian","Tiempo de lectura":"1 minuto"},"schema":{"@context":"https:\/\/schema.org","@graph":[{"@type":"Article","@id":"https:\/\/informelitoral.com.ar\/el-desacuerdo-se-relaciona-con-el-bono-adicional-de-fin-de-ano-establecido-por-la-comision-nacional-de-trabajo-agrario-aun-no-se-ha-publicado-la-resolucion-de-homologacion-del-bono-extraordinario-adi\/#article","isPartOf":{"@id":"https:\/\/informelitoral.com.ar\/el-desacuerdo-se-relaciona-con-el-bono-adicional-de-fin-de-ano-establecido-por-la-comision-nacional-de-trabajo-agrario-aun-no-se-ha-publicado-la-resolucion-de-homologacion-del-bono-extraordinario-adi\/"},"author":{"name":"Sebastian","@id":"https:\/\/informelitoral.com.ar\/#\/schema\/person\/f05f9f461677119578717524b127d6d5"},"headline":"Entidades agropecuarias presentar\u00e1n un recurso ante el Ministerio de Trabajo por bono extraordinario de fin de a\u00f1o","datePublished":"2023-01-03T13:19:34+00:00","dateModified":"2023-01-03T13:22:27+00:00","mainEntityOfPage":{"@id":"https:\/\/informelitoral.com.ar\/el-desacuerdo-se-relaciona-con-el-bono-adicional-de-fin-de-ano-establecido-por-la-comision-nacional-de-trabajo-agrario-aun-no-se-ha-publicado-la-resolucion-de-homologacion-del-bono-extraordinario-adi\/"},"wordCount":225,"commentCount":0,"publisher":{"@id":"https:\/\/informelitoral.com.ar\/#organization"},"image":{"@id":"https:\/\/informelitoral.com.ar\/el-desacuerdo-se-relaciona-con-el-bono-adicional-de-fin-de-ano-establecido-por-la-comision-nacional-de-trabajo-agrario-aun-no-se-ha-publicado-la-resolucion-de-homologacion-del-bono-extraordinario-adi\/#primaryimage"},"thumbnailUrl":"https:\/\/informelitoral.com.ar\/%77%70%2d%63%6f%6e%74%65%6e%74\/uploads\/2023\/01\/63b3563332331_837_627.jpg","keywords":["Bono","Entidades agropecuarias"],"articleSection":["Campo"],"inLanguage":"es","potentialAction":[{"@type":"CommentAction","name":"Comment","target":["https:\/\/informelitoral.com.ar\/el-desacuerdo-se-relaciona-con-el-bono-adicional-de-fin-de-ano-establecido-por-la-comision-nacional-de-trabajo-agrario-aun-no-se-ha-publicado-la-resolucion-de-homologacion-del-bono-extraordinario-adi\/#respond"]}]},{"@type":"WebPage","@id":"https:\/\/informelitoral.com.ar\/el-desacuerdo-se-relaciona-con-el-bono-adicional-de-fin-de-ano-establecido-por-la-comision-nacional-de-trabajo-agrario-aun-no-se-ha-publicado-la-resolucion-de-homologacion-del-bono-extraordinario-adi\/","url":"https:\/\/informelitoral.com.ar\/el-desacuerdo-se-relaciona-con-el-bono-adicional-de-fin-de-ano-establecido-por-la-comision-nacional-de-trabajo-agrario-aun-no-se-ha-publicado-la-resolucion-de-homologacion-del-bono-extraordinario-adi\/","name":"Entidades agropecuarias presentar\u00e1n un recurso ante el Ministerio de Trabajo por bono extraordinario de fin de a\u00f1o - Informe Litoral","isPartOf":{"@id":"https:\/\/informelitoral.com.ar\/#website"},"primaryImageOfPage":{"@id":"https:\/\/informelitoral.com.ar\/el-desacuerdo-se-relaciona-con-el-bono-adicional-de-fin-de-ano-establecido-por-la-comision-nacional-de-trabajo-agrario-aun-no-se-ha-publicado-la-resolucion-de-homologacion-del-bono-extraordinario-adi\/#primaryimage"},"image":{"@id":"https:\/\/informelitoral.com.ar\/el-desacuerdo-se-relaciona-con-el-bono-adicional-de-fin-de-ano-establecido-por-la-comision-nacional-de-trabajo-agrario-aun-no-se-ha-publicado-la-resolucion-de-homologacion-del-bono-extraordinario-adi\/#primaryimage"},"thumbnailUrl":"https:\/\/informelitoral.com.ar\/%77%70%2d%63%6f%6e%74%65%6e%74\/uploads\/2023\/01\/63b3563332331_837_627.jpg","datePublished":"2023-01-03T13:19:34+00:00","dateModified":"2023-01-03T13:22:27+00:00","breadcrumb":{"@id":"https:\/\/informelitoral.com.ar\/el-desacuerdo-se-relaciona-con-el-bono-adicional-de-fin-de-ano-establecido-por-la-comision-nacional-de-trabajo-agrario-aun-no-se-ha-publicado-la-resolucion-de-homologacion-del-bono-extraordinario-adi\/#breadcrumb"},"inLanguage":"es","potentialAction":[{"@type":"ReadAction","target":["https:\/\/informelitoral.com.ar\/el-desacuerdo-se-relaciona-con-el-bono-adicional-de-fin-de-ano-establecido-por-la-comision-nacional-de-trabajo-agrario-aun-no-se-ha-publicado-la-resolucion-de-homologacion-del-bono-extraordinario-adi\/"]}]},{"@type":"ImageObject","inLanguage":"es","@id":"https:\/\/informelitoral.com.ar\/el-desacuerdo-se-relaciona-con-el-bono-adicional-de-fin-de-ano-establecido-por-la-comision-nacional-de-trabajo-agrario-aun-no-se-ha-publicado-la-resolucion-de-homologacion-del-bono-extraordinario-adi\/#primaryimage","url":"https:\/\/informelitoral.com.ar\/%77%70%2d%63%6f%6e%74%65%6e%74\/uploads\/2023\/01\/63b3563332331_837_627.jpg","contentUrl":"https:\/\/informelitoral.com.ar\/%77%70%2d%63%6f%6e%74%65%6e%74\/uploads\/2023\/01\/63b3563332331_837_627.jpg","width":837,"height":627},{"@type":"BreadcrumbList","@id":"https:\/\/informelitoral.com.ar\/el-desacuerdo-se-relaciona-con-el-bono-adicional-de-fin-de-ano-establecido-por-la-comision-nacional-de-trabajo-agrario-aun-no-se-ha-publicado-la-resolucion-de-homologacion-del-bono-extraordinario-adi\/#breadcrumb","itemListElement":[{"@type":"ListItem","position":1,"name":"Portada","item":"https:\/\/informelitoral.com.ar\/"},{"@type":"ListItem","position":2,"name":"Entidades agropecuarias presentar\u00e1n un recurso ante el Ministerio de Trabajo por bono extraordinario de fin de a\u00f1o"}]},{"@type":"WebSite","@id":"https:\/\/informelitoral.com.ar\/#website","url":"https:\/\/informelitoral.com.ar\/","name":"Informe Litoral","description":"&quot;Nos informamos&quot; ","publisher":{"@id":"https:\/\/informelitoral.com.ar\/#organization"},"potentialAction":[{"@type":"SearchAction","target":{"@type":"EntryPoint","urlTemplate":"https:\/\/informelitoral.com.ar\/?s={search_term_string}"},"query-input":{"@type":"PropertyValueSpecification","valueRequired":true,"valueName":"search_term_string"}}],"inLanguage":"es"},{"@type":"Organization","@id":"https:\/\/informelitoral.com.ar\/#organization","name":"Informe Litoral","url":"https:\/\/informelitoral.com.ar\/","logo":{"@type":"ImageObject","inLanguage":"es","@id":"https:\/\/informelitoral.com.ar\/#\/schema\/logo\/image\/","url":"https:\/\/informelitoral.com.ar\/%77%70%2d%63%6f%6e%74%65%6e%74\/uploads\/2021\/01\/circulo.png","contentUrl":"https:\/\/informelitoral.com.ar\/%77%70%2d%63%6f%6e%74%65%6e%74\/uploads\/2021\/01\/circulo.png","width":723,"height":731,"caption":"Informe Litoral"},"image":{"@id":"https:\/\/informelitoral.com.ar\/#\/schema\/logo\/image\/"},"sameAs":["https:\/\/www.facebook.com\/informelitoral\/","https:\/\/x.com\/InformeLitoral","https:\/\/www.instagram.com\/informelitoral\/","https:\/\/www.youtube.com\/channel\/UCua4Qvz8Icb6MYqhoq9xLXw"]},{"@type":"Person","@id":"https:\/\/informelitoral.com.ar\/#\/schema\/person\/f05f9f461677119578717524b127d6d5","name":"Sebastian","image":{"@type":"ImageObject","inLanguage":"es","@id":"https:\/\/secure.gravatar.com\/avatar\/b71bf7481d447dfb9583c7f2798e7cc64de6efb9067b74633ed8c31059a3bd82?s=96&d=mm&r=g","url":"https:\/\/secure.gravatar.com\/avatar\/b71bf7481d447dfb9583c7f2798e7cc64de6efb9067b74633ed8c31059a3bd82?s=96&d=mm&r=g","contentUrl":"https:\/\/secure.gravatar.com\/avatar\/b71bf7481d447dfb9583c7f2798e7cc64de6efb9067b74633ed8c31059a3bd82?s=96&d=mm&r=g","caption":"Sebastian"},"url":"https:\/\/informelitoral.com.ar\/author\/sebastian\/"}]}},"_links":{"self":[{"href":"https:\/\/informelitoral.com.ar\/%77%70%2d%6a%73%6f%6e\/wp\/v2\/posts\/106612","targetHints":{"allow":["GET"]}}],"collection":[{"href":"https:\/\/informelitoral.com.ar\/%77%70%2d%6a%73%6f%6e\/wp\/v2\/posts"}],"about":[{"href":"https:\/\/informelitoral.com.ar\/%77%70%2d%6a%73%6f%6e\/wp\/v2\/types\/post"}],"author":[{"embeddable":true,"href":"https:\/\/informelitoral.com.ar\/%77%70%2d%6a%73%6f%6e\/wp\/v2\/users\/8"}],"replies":[{"embeddable":true,"href":"https:\/\/informelitoral.com.ar\/%77%70%2d%6a%73%6f%6e\/wp\/v2\/comments?post=106612"}],"version-history":[{"count":0,"href":"https:\/\/informelitoral.com.ar\/%77%70%2d%6a%73%6f%6e\/wp\/v2\/posts\/106612\/revisions"}],"wp:featuredmedia":[{"embeddable":true,"href":"https:\/\/informelitoral.com.ar\/%77%70%2d%6a%73%6f%6e\/wp\/v2\/media\/106610"}],"wp:attachment":[{"href":"https:\/\/informelitoral.com.ar\/%77%70%2d%6a%73%6f%6e\/wp\/v2\/media?parent=106612"}],"wp:term":[{"taxonomy":"category","embeddable":true,"href":"https:\/\/informelitoral.com.ar\/%77%70%2d%6a%73%6f%6e\/wp\/v2\/categories?post=106612"},{"taxonomy":"post_tag","embeddable":true,"href":"https:\/\/informelitoral.com.ar\/%77%70%2d%6a%73%6f%6e\/wp\/v2\/tags?post=106612"}],"curies":[{"name":"wp","href":"https:\/\/api.w.org\/{rel}","templated":true}]}}