{"id":106490,"date":"2023-01-03T08:58:27","date_gmt":"2023-01-03T11:58:27","guid":{"rendered":"https:\/\/www.informelitoral.com.ar\/?p=106490"},"modified":"2023-01-03T09:07:49","modified_gmt":"2023-01-03T12:07:49","slug":"modificaron-la-aplicacion-de-los-aumentos-de-telefonia-internet-y-television","status":"publish","type":"post","link":"https:\/\/informelitoral.com.ar\/modificaron-la-aplicacion-de-los-aumentos-de-telefonia-internet-y-television\/","title":{"rendered":"Modificaron la aplicaci\u00f3n de los aumentos de telefon\u00eda, internet y televisi\u00f3n"},"content":{"rendered":"<p>A trav\u00e9s de la Resoluci\u00f3n 2494\/2022, publicada en la \u00faltima edici\u00f3n del Bolet\u00edn Oficial con la firma de Claudio Ambrosini, presidente de Enacom (Ente Nacional de Comunicaciones), se anul\u00f3 el incremento escalonado por un total de 17,6 % en precios minoristas de televisi\u00f3n paga, telefon\u00eda e internet que hab\u00eda fijado la Resoluci\u00f3n 2393\/2022.<\/p>\n<p>En espec\u00edfico, la suba iba a ser de hasta un 9,8 % a partir del 1\u00b0 de febrero de 2023 y de hasta un 7,8 % desde el 1\u00b0 de abril de ese mismo a\u00f1o.<\/p>\n<p>Con la publicaci\u00f3n del nuevo documento, se estableci\u00f3 un nuevo sistema de subas: las licenciatarias de Servicios de Comunicaciones M\u00f3viles (SCM) podr\u00e1n aplicar\u00a0<b>a partir del 1\u00b0 de enero de 2023 un incremento en precios minoristas de hasta 4 %<\/b>, tomando como referencia sus precios vigentes al 31 de diciembre de 2022.<\/p>\n<p>Desde<b>el 1\u00b0 de febrero, en tanto, las prestadores estar\u00e1n habilitadas a imponer un nuevo aumento de hasta 4 %<\/b>\u00a0sobre los mismos precios, tomando como referencia los valores actualizados. Desde\u00a0<b>el 1\u00b0 de marzo, la suba ser\u00e1 de hasta el 3,5 %, mientras que desde el 1\u00b0 de abril se repetir\u00e1 ese incremento<\/b>.<\/p>\n<p>Estas cifras regir\u00e1n, seg\u00fan la normativa, \u201cpara las licenciatarias de Servicios de Comunicaciones M\u00f3viles (SCM), as\u00ed como tambi\u00e9n para las de Servicios de Valor Agregado de Acceso a Internet (SVA-I), Servicios de Telefon\u00eda Fija (STF), Servicios de Radiodifusi\u00f3n por Suscripci\u00f3n mediante v\u00ednculo f\u00edsico o radioel\u00e9ctrico (SRSVFR) y Servicios de Comunicaci\u00f3n Audiovisual de Radiodifusi\u00f3n por Suscripci\u00f3n mediante v\u00ednculo satelital (DTH)\u201d.<\/p>\n<p><b>Prepagos<\/b><br \/>\nEn cuanto a la telefon\u00eda en su modalidad prepaga, se estableci\u00f3 que a partir del 1\u00b0 de enero de 2023 el valor de la recarga de 50 megabits (MB) de datos m\u00f3viles por d\u00eda costar\u00e1 $41,04, que el segundo de voz saldr\u00e1 $0,63 y que los SMS valdr\u00e1n cada uno $8,21, en todos los casos con impuestos incluidos.<\/p>\n<p>El 1\u00b0 de febrero esos valores subir\u00e1n a $42,68, $0,65 y $8,54 respectivamente, mientras que desde el 1\u00b0 de marzo ascender\u00e1n a $44,18, $0,68 y $8,84, y desde el 1\u00b0 de abril alcanzar\u00e1n los $45,72, $0,70 y $9,14.<\/p>\n<p>La normativa indic\u00f3 que cualquier incremento aplicado por las Licenciatarias de Servicios de TIC o DTH (TV Satelital) que supere dichos topes deber\u00e1 ser reintegrado a sus usuarios en la pr\u00f3xima factura a emitir, con actualizaci\u00f3n e intereses sujetos a la misma tasa de inter\u00e9s que aplican a sus clientes por mora en el pago.<\/p>\n<p>En el caso de que el usuario elija no abonar su factura con incrementos superiores a los autorizados, las prestadoras no podr\u00e1n suspender el servicio ni computar mora sobre esas facturas.<\/p>\n<div class=\"embed\"><iframe loading=\"lazy\" src=\"https:\/\/drive.google.com\/file\/d\/1AHKzue05lCOylJaYftE4pSlKTlldX_j1\/preview\" width=\"640\" height=\"480\" data-mce-fragment=\"1\"><\/iframe><\/div>\n<p>Seg\u00fan se especifica en la resoluci\u00f3n, se busca \u00abcompatibilizar los incrementos m\u00e1ximos con la pol\u00edtica econ\u00f3mica vigente\u00bb. Para eso, se tuvieron en cuenta los \u00abconvenios de acuerdo de precios firmados recientemente por la Secretar\u00eda de Comercio\u00bb, como \u00ablos acuerdos de precios de medicamentos con el sector farmac\u00e9utico, en el sector indumentaria, con las principales fabricantes de zapatillas y con empresas productoras de insumos industriales b\u00e1sicos\u00bb.<\/p>\n<p>\u00abCorresponde adecuar los incrementos oportunamente autorizados por la Resoluci\u00f3n ENACOM N\u00b0 2393\/2022 a dichas pol\u00edticas establecidas en esos acuerdos\u00bb, remarcaron.<\/p>\n<p>De esa manera, el Enacom \u00abse alinea con las pol\u00edticas implementadas por el Gobierno Nacional y ejecutadas por el Ministerio de Econom\u00eda, con el objeto de poner orden en los precios y llevar previsibilidad y alivio a los argentinos y argentinas, para asegurar el acceso a algo tan fundamental como son los Servicios aqu\u00ed involucrados\u00bb.<\/p>\n","protected":false},"excerpt":{"rendered":"<p>El Gobierno modific\u00f3 este martes la forma en la que se aplicar\u00e1n los \u00faltimos aumentos de los servicios de televisi\u00f3n paga, telefon\u00eda e internet. La suba escalonada ser\u00e1 en cuatro etapas, y no en dos, desde enero hasta abril.<\/p>\n","protected":false},"author":8,"featured_media":105495,"comment_status":"open","ping_status":"open","sticky":false,"template":"","format":"standard","meta":{"fifu_image_url":"","fifu_image_alt":"","footnotes":""},"categories":[1594],"tags":[328],"class_list":{"0":"post-106490","1":"post","2":"type-post","3":"status-publish","4":"format-standard","5":"has-post-thumbnail","7":"category-economia","8":"tag-prepagas"},"yoast_head":"<title>Modificaron la aplicaci\u00f3n de los aumentos de telefon\u00eda, internet y televisi\u00f3n - Informe Litoral<\/title>\n<meta name=\"robots\" content=\"index, follow, max-snippet:-1, max-image-preview:large, max-video-preview:-1\" \/>\n<link rel=\"canonical\" href=\"https:\/\/informelitoral.com.ar\/modificaron-la-aplicacion-de-los-aumentos-de-telefonia-internet-y-television\/\" \/>\n<meta property=\"og:locale\" content=\"es_ES\" \/>\n<meta property=\"og:type\" content=\"article\" \/>\n<meta property=\"og:title\" content=\"Modificaron la aplicaci\u00f3n de los aumentos de telefon\u00eda, internet y televisi\u00f3n - Informe Litoral\" \/>\n<meta property=\"og:description\" content=\"El Gobierno modific\u00f3 este martes la forma en la que se aplicar\u00e1n los \u00faltimos aumentos de los servicios de televisi\u00f3n paga, telefon\u00eda e internet. La suba escalonada ser\u00e1 en cuatro etapas, y no en dos, desde enero hasta abril.\" \/>\n<meta property=\"og:url\" content=\"https:\/\/informelitoral.com.ar\/modificaron-la-aplicacion-de-los-aumentos-de-telefonia-internet-y-television\/\" \/>\n<meta property=\"og:site_name\" content=\"Informe Litoral\" \/>\n<meta property=\"article:publisher\" content=\"https:\/\/www.facebook.com\/informelitoral\/\" \/>\n<meta property=\"article:published_time\" content=\"2023-01-03T11:58:27+00:00\" \/>\n<meta property=\"article:modified_time\" content=\"2023-01-03T12:07:49+00:00\" \/>\n<meta property=\"og:image\" content=\"https:\/\/informelitoral.com.ar\/%77%70%2d%63%6f%6e%74%65%6e%74\/uploads\/2022\/12\/21-20a-20celulares_0.jpeg\" \/>\n\t<meta property=\"og:image:width\" content=\"960\" \/>\n\t<meta property=\"og:image:height\" content=\"640\" \/>\n\t<meta property=\"og:image:type\" content=\"image\/jpeg\" \/>\n<meta name=\"author\" content=\"Sebastian\" \/>\n<meta name=\"twitter:card\" content=\"summary_large_image\" \/>\n<meta name=\"twitter:creator\" content=\"@InformeLitoral\" \/>\n<meta name=\"twitter:site\" content=\"@InformeLitoral\" \/>\n<meta name=\"twitter:label1\" content=\"Escrito por\" \/>\n\t<meta name=\"twitter:data1\" content=\"Sebastian\" \/>\n\t<meta name=\"twitter:label2\" content=\"Tiempo de lectura\" \/>\n\t<meta name=\"twitter:data2\" content=\"3 minutos\" \/>\n<script type=\"application\/ld+json\" class=\"yoast-schema-graph\">{\"@context\":\"https:\\\/\\\/schema.org\",\"@graph\":[{\"@type\":\"Article\",\"@id\":\"https:\\\/\\\/informelitoral.com.ar\\\/modificaron-la-aplicacion-de-los-aumentos-de-telefonia-internet-y-television\\\/#article\",\"isPartOf\":{\"@id\":\"https:\\\/\\\/informelitoral.com.ar\\\/modificaron-la-aplicacion-de-los-aumentos-de-telefonia-internet-y-television\\\/\"},\"author\":{\"name\":\"Sebastian\",\"@id\":\"https:\\\/\\\/informelitoral.com.ar\\\/#\\\/schema\\\/person\\\/f05f9f461677119578717524b127d6d5\"},\"headline\":\"Modificaron la aplicaci\u00f3n de los aumentos de telefon\u00eda, internet y televisi\u00f3n\",\"datePublished\":\"2023-01-03T11:58:27+00:00\",\"dateModified\":\"2023-01-03T12:07:49+00:00\",\"mainEntityOfPage\":{\"@id\":\"https:\\\/\\\/informelitoral.com.ar\\\/modificaron-la-aplicacion-de-los-aumentos-de-telefonia-internet-y-television\\\/\"},\"wordCount\":597,\"commentCount\":0,\"publisher\":{\"@id\":\"https:\\\/\\\/informelitoral.com.ar\\\/#organization\"},\"image\":{\"@id\":\"https:\\\/\\\/informelitoral.com.ar\\\/modificaron-la-aplicacion-de-los-aumentos-de-telefonia-internet-y-television\\\/#primaryimage\"},\"thumbnailUrl\":\"https:\\\/\\\/informelitoral.com.ar\\\/%77%70%2d%63%6f%6e%74%65%6e%74\\\/uploads\\\/2022\\\/12\\\/21-20a-20celulares_0.jpeg\",\"keywords\":[\"Prepagas\"],\"articleSection\":[\"Econom\u00eda\"],\"inLanguage\":\"es\",\"potentialAction\":[{\"@type\":\"CommentAction\",\"name\":\"Comment\",\"target\":[\"https:\\\/\\\/informelitoral.com.ar\\\/modificaron-la-aplicacion-de-los-aumentos-de-telefonia-internet-y-television\\\/#respond\"]}]},{\"@type\":\"WebPage\",\"@id\":\"https:\\\/\\\/informelitoral.com.ar\\\/modificaron-la-aplicacion-de-los-aumentos-de-telefonia-internet-y-television\\\/\",\"url\":\"https:\\\/\\\/informelitoral.com.ar\\\/modificaron-la-aplicacion-de-los-aumentos-de-telefonia-internet-y-television\\\/\",\"name\":\"Modificaron la aplicaci\u00f3n de los aumentos de telefon\u00eda, internet y televisi\u00f3n - Informe Litoral\",\"isPartOf\":{\"@id\":\"https:\\\/\\\/informelitoral.com.ar\\\/#website\"},\"primaryImageOfPage\":{\"@id\":\"https:\\\/\\\/informelitoral.com.ar\\\/modificaron-la-aplicacion-de-los-aumentos-de-telefonia-internet-y-television\\\/#primaryimage\"},\"image\":{\"@id\":\"https:\\\/\\\/informelitoral.com.ar\\\/modificaron-la-aplicacion-de-los-aumentos-de-telefonia-internet-y-television\\\/#primaryimage\"},\"thumbnailUrl\":\"https:\\\/\\\/informelitoral.com.ar\\\/%77%70%2d%63%6f%6e%74%65%6e%74\\\/uploads\\\/2022\\\/12\\\/21-20a-20celulares_0.jpeg\",\"datePublished\":\"2023-01-03T11:58:27+00:00\",\"dateModified\":\"2023-01-03T12:07:49+00:00\",\"breadcrumb\":{\"@id\":\"https:\\\/\\\/informelitoral.com.ar\\\/modificaron-la-aplicacion-de-los-aumentos-de-telefonia-internet-y-television\\\/#breadcrumb\"},\"inLanguage\":\"es\",\"potentialAction\":[{\"@type\":\"ReadAction\",\"target\":[\"https:\\\/\\\/informelitoral.com.ar\\\/modificaron-la-aplicacion-de-los-aumentos-de-telefonia-internet-y-television\\\/\"]}]},{\"@type\":\"ImageObject\",\"inLanguage\":\"es\",\"@id\":\"https:\\\/\\\/informelitoral.com.ar\\\/modificaron-la-aplicacion-de-los-aumentos-de-telefonia-internet-y-television\\\/#primaryimage\",\"url\":\"https:\\\/\\\/informelitoral.com.ar\\\/%77%70%2d%63%6f%6e%74%65%6e%74\\\/uploads\\\/2022\\\/12\\\/21-20a-20celulares_0.jpeg\",\"contentUrl\":\"https:\\\/\\\/informelitoral.com.ar\\\/%77%70%2d%63%6f%6e%74%65%6e%74\\\/uploads\\\/2022\\\/12\\\/21-20a-20celulares_0.jpeg\",\"width\":960,\"height\":640},{\"@type\":\"BreadcrumbList\",\"@id\":\"https:\\\/\\\/informelitoral.com.ar\\\/modificaron-la-aplicacion-de-los-aumentos-de-telefonia-internet-y-television\\\/#breadcrumb\",\"itemListElement\":[{\"@type\":\"ListItem\",\"position\":1,\"name\":\"Portada\",\"item\":\"https:\\\/\\\/informelitoral.com.ar\\\/\"},{\"@type\":\"ListItem\",\"position\":2,\"name\":\"Modificaron la aplicaci\u00f3n de los aumentos de telefon\u00eda, internet y televisi\u00f3n\"}]},{\"@type\":\"WebSite\",\"@id\":\"https:\\\/\\\/informelitoral.com.ar\\\/#website\",\"url\":\"https:\\\/\\\/informelitoral.com.ar\\\/\",\"name\":\"Informe Litoral\",\"description\":\"&quot;Nos informamos&quot; \",\"publisher\":{\"@id\":\"https:\\\/\\\/informelitoral.com.ar\\\/#organization\"},\"potentialAction\":[{\"@type\":\"SearchAction\",\"target\":{\"@type\":\"EntryPoint\",\"urlTemplate\":\"https:\\\/\\\/informelitoral.com.ar\\\/?s={search_term_string}\"},\"query-input\":{\"@type\":\"PropertyValueSpecification\",\"valueRequired\":true,\"valueName\":\"search_term_string\"}}],\"inLanguage\":\"es\"},{\"@type\":\"Organization\",\"@id\":\"https:\\\/\\\/informelitoral.com.ar\\\/#organization\",\"name\":\"Informe Litoral\",\"url\":\"https:\\\/\\\/informelitoral.com.ar\\\/\",\"logo\":{\"@type\":\"ImageObject\",\"inLanguage\":\"es\",\"@id\":\"https:\\\/\\\/informelitoral.com.ar\\\/#\\\/schema\\\/logo\\\/image\\\/\",\"url\":\"https:\\\/\\\/informelitoral.com.ar\\\/%77%70%2d%63%6f%6e%74%65%6e%74\\\/uploads\\\/2021\\\/01\\\/circulo.png\",\"contentUrl\":\"https:\\\/\\\/informelitoral.com.ar\\\/%77%70%2d%63%6f%6e%74%65%6e%74\\\/uploads\\\/2021\\\/01\\\/circulo.png\",\"width\":723,\"height\":731,\"caption\":\"Informe Litoral\"},\"image\":{\"@id\":\"https:\\\/\\\/informelitoral.com.ar\\\/#\\\/schema\\\/logo\\\/image\\\/\"},\"sameAs\":[\"https:\\\/\\\/www.facebook.com\\\/informelitoral\\\/\",\"https:\\\/\\\/x.com\\\/InformeLitoral\",\"https:\\\/\\\/www.instagram.com\\\/informelitoral\\\/\",\"https:\\\/\\\/www.youtube.com\\\/channel\\\/UCua4Qvz8Icb6MYqhoq9xLXw\"]},{\"@type\":\"Person\",\"@id\":\"https:\\\/\\\/informelitoral.com.ar\\\/#\\\/schema\\\/person\\\/f05f9f461677119578717524b127d6d5\",\"name\":\"Sebastian\",\"image\":{\"@type\":\"ImageObject\",\"inLanguage\":\"es\",\"@id\":\"https:\\\/\\\/secure.gravatar.com\\\/avatar\\\/b71bf7481d447dfb9583c7f2798e7cc64de6efb9067b74633ed8c31059a3bd82?s=96&d=mm&r=g\",\"url\":\"https:\\\/\\\/secure.gravatar.com\\\/avatar\\\/b71bf7481d447dfb9583c7f2798e7cc64de6efb9067b74633ed8c31059a3bd82?s=96&d=mm&r=g\",\"contentUrl\":\"https:\\\/\\\/secure.gravatar.com\\\/avatar\\\/b71bf7481d447dfb9583c7f2798e7cc64de6efb9067b74633ed8c31059a3bd82?s=96&d=mm&r=g\",\"caption\":\"Sebastian\"},\"url\":\"https:\\\/\\\/informelitoral.com.ar\\\/author\\\/sebastian\\\/\"}]}<\/script>","yoast_head_json":{"title":"Modificaron la aplicaci\u00f3n de los aumentos de telefon\u00eda, internet y televisi\u00f3n - Informe Litoral","robots":{"index":"index","follow":"follow","max-snippet":"max-snippet:-1","max-image-preview":"max-image-preview:large","max-video-preview":"max-video-preview:-1"},"canonical":"https:\/\/informelitoral.com.ar\/modificaron-la-aplicacion-de-los-aumentos-de-telefonia-internet-y-television\/","og_locale":"es_ES","og_type":"article","og_title":"Modificaron la aplicaci\u00f3n de los aumentos de telefon\u00eda, internet y televisi\u00f3n - Informe Litoral","og_description":"El Gobierno modific\u00f3 este martes la forma en la que se aplicar\u00e1n los \u00faltimos aumentos de los servicios de televisi\u00f3n paga, telefon\u00eda e internet. La suba escalonada ser\u00e1 en cuatro etapas, y no en dos, desde enero hasta abril.","og_url":"https:\/\/informelitoral.com.ar\/modificaron-la-aplicacion-de-los-aumentos-de-telefonia-internet-y-television\/","og_site_name":"Informe Litoral","article_publisher":"https:\/\/www.facebook.com\/informelitoral\/","article_published_time":"2023-01-03T11:58:27+00:00","article_modified_time":"2023-01-03T12:07:49+00:00","og_image":[{"width":960,"height":640,"url":"https:\/\/informelitoral.com.ar\/%77%70%2d%63%6f%6e%74%65%6e%74\/uploads\/2022\/12\/21-20a-20celulares_0.jpeg","type":"image\/jpeg"}],"author":"Sebastian","twitter_card":"summary_large_image","twitter_creator":"@InformeLitoral","twitter_site":"@InformeLitoral","twitter_misc":{"Escrito por":"Sebastian","Tiempo de lectura":"3 minutos"},"schema":{"@context":"https:\/\/schema.org","@graph":[{"@type":"Article","@id":"https:\/\/informelitoral.com.ar\/modificaron-la-aplicacion-de-los-aumentos-de-telefonia-internet-y-television\/#article","isPartOf":{"@id":"https:\/\/informelitoral.com.ar\/modificaron-la-aplicacion-de-los-aumentos-de-telefonia-internet-y-television\/"},"author":{"name":"Sebastian","@id":"https:\/\/informelitoral.com.ar\/#\/schema\/person\/f05f9f461677119578717524b127d6d5"},"headline":"Modificaron la aplicaci\u00f3n de los aumentos de telefon\u00eda, internet y televisi\u00f3n","datePublished":"2023-01-03T11:58:27+00:00","dateModified":"2023-01-03T12:07:49+00:00","mainEntityOfPage":{"@id":"https:\/\/informelitoral.com.ar\/modificaron-la-aplicacion-de-los-aumentos-de-telefonia-internet-y-television\/"},"wordCount":597,"commentCount":0,"publisher":{"@id":"https:\/\/informelitoral.com.ar\/#organization"},"image":{"@id":"https:\/\/informelitoral.com.ar\/modificaron-la-aplicacion-de-los-aumentos-de-telefonia-internet-y-television\/#primaryimage"},"thumbnailUrl":"https:\/\/informelitoral.com.ar\/%77%70%2d%63%6f%6e%74%65%6e%74\/uploads\/2022\/12\/21-20a-20celulares_0.jpeg","keywords":["Prepagas"],"articleSection":["Econom\u00eda"],"inLanguage":"es","potentialAction":[{"@type":"CommentAction","name":"Comment","target":["https:\/\/informelitoral.com.ar\/modificaron-la-aplicacion-de-los-aumentos-de-telefonia-internet-y-television\/#respond"]}]},{"@type":"WebPage","@id":"https:\/\/informelitoral.com.ar\/modificaron-la-aplicacion-de-los-aumentos-de-telefonia-internet-y-television\/","url":"https:\/\/informelitoral.com.ar\/modificaron-la-aplicacion-de-los-aumentos-de-telefonia-internet-y-television\/","name":"Modificaron la aplicaci\u00f3n de los aumentos de telefon\u00eda, internet y televisi\u00f3n - Informe Litoral","isPartOf":{"@id":"https:\/\/informelitoral.com.ar\/#website"},"primaryImageOfPage":{"@id":"https:\/\/informelitoral.com.ar\/modificaron-la-aplicacion-de-los-aumentos-de-telefonia-internet-y-television\/#primaryimage"},"image":{"@id":"https:\/\/informelitoral.com.ar\/modificaron-la-aplicacion-de-los-aumentos-de-telefonia-internet-y-television\/#primaryimage"},"thumbnailUrl":"https:\/\/informelitoral.com.ar\/%77%70%2d%63%6f%6e%74%65%6e%74\/uploads\/2022\/12\/21-20a-20celulares_0.jpeg","datePublished":"2023-01-03T11:58:27+00:00","dateModified":"2023-01-03T12:07:49+00:00","breadcrumb":{"@id":"https:\/\/informelitoral.com.ar\/modificaron-la-aplicacion-de-los-aumentos-de-telefonia-internet-y-television\/#breadcrumb"},"inLanguage":"es","potentialAction":[{"@type":"ReadAction","target":["https:\/\/informelitoral.com.ar\/modificaron-la-aplicacion-de-los-aumentos-de-telefonia-internet-y-television\/"]}]},{"@type":"ImageObject","inLanguage":"es","@id":"https:\/\/informelitoral.com.ar\/modificaron-la-aplicacion-de-los-aumentos-de-telefonia-internet-y-television\/#primaryimage","url":"https:\/\/informelitoral.com.ar\/%77%70%2d%63%6f%6e%74%65%6e%74\/uploads\/2022\/12\/21-20a-20celulares_0.jpeg","contentUrl":"https:\/\/informelitoral.com.ar\/%77%70%2d%63%6f%6e%74%65%6e%74\/uploads\/2022\/12\/21-20a-20celulares_0.jpeg","width":960,"height":640},{"@type":"BreadcrumbList","@id":"https:\/\/informelitoral.com.ar\/modificaron-la-aplicacion-de-los-aumentos-de-telefonia-internet-y-television\/#breadcrumb","itemListElement":[{"@type":"ListItem","position":1,"name":"Portada","item":"https:\/\/informelitoral.com.ar\/"},{"@type":"ListItem","position":2,"name":"Modificaron la aplicaci\u00f3n de los aumentos de telefon\u00eda, internet y televisi\u00f3n"}]},{"@type":"WebSite","@id":"https:\/\/informelitoral.com.ar\/#website","url":"https:\/\/informelitoral.com.ar\/","name":"Informe Litoral","description":"&quot;Nos informamos&quot; ","publisher":{"@id":"https:\/\/informelitoral.com.ar\/#organization"},"potentialAction":[{"@type":"SearchAction","target":{"@type":"EntryPoint","urlTemplate":"https:\/\/informelitoral.com.ar\/?s={search_term_string}"},"query-input":{"@type":"PropertyValueSpecification","valueRequired":true,"valueName":"search_term_string"}}],"inLanguage":"es"},{"@type":"Organization","@id":"https:\/\/informelitoral.com.ar\/#organization","name":"Informe Litoral","url":"https:\/\/informelitoral.com.ar\/","logo":{"@type":"ImageObject","inLanguage":"es","@id":"https:\/\/informelitoral.com.ar\/#\/schema\/logo\/image\/","url":"https:\/\/informelitoral.com.ar\/%77%70%2d%63%6f%6e%74%65%6e%74\/uploads\/2021\/01\/circulo.png","contentUrl":"https:\/\/informelitoral.com.ar\/%77%70%2d%63%6f%6e%74%65%6e%74\/uploads\/2021\/01\/circulo.png","width":723,"height":731,"caption":"Informe Litoral"},"image":{"@id":"https:\/\/informelitoral.com.ar\/#\/schema\/logo\/image\/"},"sameAs":["https:\/\/www.facebook.com\/informelitoral\/","https:\/\/x.com\/InformeLitoral","https:\/\/www.instagram.com\/informelitoral\/","https:\/\/www.youtube.com\/channel\/UCua4Qvz8Icb6MYqhoq9xLXw"]},{"@type":"Person","@id":"https:\/\/informelitoral.com.ar\/#\/schema\/person\/f05f9f461677119578717524b127d6d5","name":"Sebastian","image":{"@type":"ImageObject","inLanguage":"es","@id":"https:\/\/secure.gravatar.com\/avatar\/b71bf7481d447dfb9583c7f2798e7cc64de6efb9067b74633ed8c31059a3bd82?s=96&d=mm&r=g","url":"https:\/\/secure.gravatar.com\/avatar\/b71bf7481d447dfb9583c7f2798e7cc64de6efb9067b74633ed8c31059a3bd82?s=96&d=mm&r=g","contentUrl":"https:\/\/secure.gravatar.com\/avatar\/b71bf7481d447dfb9583c7f2798e7cc64de6efb9067b74633ed8c31059a3bd82?s=96&d=mm&r=g","caption":"Sebastian"},"url":"https:\/\/informelitoral.com.ar\/author\/sebastian\/"}]}},"_links":{"self":[{"href":"https:\/\/informelitoral.com.ar\/%77%70%2d%6a%73%6f%6e\/wp\/v2\/posts\/106490","targetHints":{"allow":["GET"]}}],"collection":[{"href":"https:\/\/informelitoral.com.ar\/%77%70%2d%6a%73%6f%6e\/wp\/v2\/posts"}],"about":[{"href":"https:\/\/informelitoral.com.ar\/%77%70%2d%6a%73%6f%6e\/wp\/v2\/types\/post"}],"author":[{"embeddable":true,"href":"https:\/\/informelitoral.com.ar\/%77%70%2d%6a%73%6f%6e\/wp\/v2\/users\/8"}],"replies":[{"embeddable":true,"href":"https:\/\/informelitoral.com.ar\/%77%70%2d%6a%73%6f%6e\/wp\/v2\/comments?post=106490"}],"version-history":[{"count":0,"href":"https:\/\/informelitoral.com.ar\/%77%70%2d%6a%73%6f%6e\/wp\/v2\/posts\/106490\/revisions"}],"wp:featuredmedia":[{"embeddable":true,"href":"https:\/\/informelitoral.com.ar\/%77%70%2d%6a%73%6f%6e\/wp\/v2\/media\/105495"}],"wp:attachment":[{"href":"https:\/\/informelitoral.com.ar\/%77%70%2d%6a%73%6f%6e\/wp\/v2\/media?parent=106490"}],"wp:term":[{"taxonomy":"category","embeddable":true,"href":"https:\/\/informelitoral.com.ar\/%77%70%2d%6a%73%6f%6e\/wp\/v2\/categories?post=106490"},{"taxonomy":"post_tag","embeddable":true,"href":"https:\/\/informelitoral.com.ar\/%77%70%2d%6a%73%6f%6e\/wp\/v2\/tags?post=106490"}],"curies":[{"name":"wp","href":"https:\/\/api.w.org\/{rel}","templated":true}]}}