{"id":106484,"date":"2023-01-03T08:52:04","date_gmt":"2023-01-03T11:52:04","guid":{"rendered":"https:\/\/www.informelitoral.com.ar\/?p=106484"},"modified":"2023-01-03T08:54:13","modified_gmt":"2023-01-03T11:54:13","slug":"pronostican-la-primera-ola-de-calor-de-2023-que-temperaturas-se-preven","status":"publish","type":"post","link":"https:\/\/informelitoral.com.ar\/pronostican-la-primera-ola-de-calor-de-2023-que-temperaturas-se-preven\/","title":{"rendered":"Pronostican la primera ola de calor de 2023: qu\u00e9 temperaturas se prev\u00e9n"},"content":{"rendered":"<section class=\"texto\">Anuncian una primera quincena de enero seca y con probable ola de calor en Argentina. Las temperaturas superar\u00e1n durante varias jornadas los 35 grados e incluso en algunas zonas del pa\u00eds estar\u00e1n por encima de los 40. En el caso de Entre R\u00edos, por el momento las previsiones dan cuenta que hasta ma\u00f1ana el tope estar\u00e1 en los 33 grados y el jueves ser\u00e1 algo superior.Desde\u00a0<b>el viernes los registros t\u00e9rmicos superar\u00e1n los 35 grados, mientras que el s\u00e1bado y domingo trepar\u00edan al menos hasta 37<\/b>.<\/p>\n<div class=\"embed\">\n<div class=\"inner-art\">\n<div class=\"clear\"><\/div>\n<\/div>\n<\/div>\n<p>Sin embargo, dado que la ola de calor se extender\u00eda por varias jornadas, los momentos m\u00e1s calurosos se dar\u00edan el\u00a0<b>lunes y martes pr\u00f3ximos<\/b>, con temperaturas que alcanzar\u00edan los\u00a0<b>38 grados<\/b>. El\u00a0<b>alivio llegar\u00eda reci\u00e9n el mi\u00e9rcoles 11.<\/b><\/p>\n<p><b>El panorama en el pa\u00eds<\/b><br \/>\nEl meteor\u00f3logo Christian Garavaglia advirti\u00f3 que \u201cel buen tiempo en gran parte de la zona central de Argentina podr\u00eda verse interrumpido por un breve lapso de horas\u201d este martes, \u201cdebido al pasaje de una r\u00e1pida perturbaci\u00f3n en altura que podr\u00eda ocasionar algunos chaparrones y tormentas dispersas entre la madrugada y la ma\u00f1ana sobre Cuyo y C\u00f3rdoba. Luego, se presenta una baja probabilidad de chaparrones en Buenos Aires, Capital Federal y el sur del Litoral a partir de la tarde de este d\u00eda\u201d.<\/p>\n<p>Pasado este breve periodo, \u201c<b>el mi\u00e9rcoles<\/b>\u00a0se reforzar\u00e1n las altas presiones en gran parte del centro y norte de Argentina, estabiliz\u00e1ndose notablemente las condiciones de tiempo. Ser\u00e1 una jornada muy soleada, y\u00a0<b>el punto de partida para que se produzca en el pa\u00eds un sostenido ascenso de temperaturas<\/b>\u00a0de cara a la segunda mitad de semana\u201d.<\/p>\n<p>El especialista alert\u00f3 que \u201cun periodo con condiciones de tiempo persistentemente estables y\u00a0<b>marcado ascenso de temperatura estar\u00e1 produci\u00e9ndose en gran parte de la Argentina entre la segunda mitad de esta semana y la primera mitad de la pr\u00f3xima<\/b>\u201d.<\/p>\n<p>Lo que enciende la preocupaci\u00f3n es \u201cla ausencia de eventos de lluvia\u201d, dado que\u00a0<b>\u201cser\u00e1n varias jornadas de calor intenso super\u00e1ndose f\u00e1cilmente los 35 \u00b0C, incluso con marcas llegando a 40 \u00b0C\u00a0<\/b>sobre el interior del pa\u00eds hasta alcanzar incluso el norte patag\u00f3nico\u201d.<\/p>\n<figure class=\"embed\"><img decoding=\"async\" title=\"\" src=\"https:\/\/elonce-media.elonce.com\/fotos-nuevo\/2023\/01\/02\/o_1672673123.jpg\" alt=\"\" width=\"640\" \/><\/figure>\n<div class=\"embed\">\n<div class=\"inner-art\">\n<div class=\"clear\"><\/div>\n<\/div>\n<\/div>\n<p>Seg\u00fan el pronosticador, estas condiciones de altas temperaturas se combinar\u00edan con vientos regulares del nor\/noreste con r\u00e1fagas que podr\u00edan ser significativas en la regi\u00f3n pampeana, con valores de hasta 60 o 70 km\/h.<\/p>\n<p>Acot\u00f3 que \u201cen la Costa Atl\u00e1ntica, por ejemplo, ser\u00e1n d\u00edas muy ventosos y all\u00ed en particular las temperaturas ser\u00e1n c\u00e1lidas aunque mucho m\u00e1s moderadas que en el resto del pa\u00eds producto del aire mar\u00edtimo\u201d.<\/p>\n<p>Finalmente, Garavaglia previ\u00f3 que \u201c<b>reci\u00e9n para el mi\u00e9rcoles de la pr\u00f3xima semana podr\u00eda empezar a revertirse este patr\u00f3n estable, con la llegada de un sistema frontal y aumento de nubosidad a la regi\u00f3n central del pa\u00eds<\/b>\u201d, y podr\u00eda poner \u201cun fin a este periodo de altas temperaturas previsto\u201d, public\u00f3 en\u00a0<i>Meteored<\/i>.<\/p>\n<\/section>\n<div class=\"publi-top publi-listado\">\n<div class=\"publi-728\">\n<div id=\"banner-interior-b\" class=\"banner-zone-found banner-step-1 banner-loop-1 banner-is-adsense banner-is-a banner-step-2\"><\/div>\n<\/div>\n<\/div>\n","protected":false},"excerpt":{"rendered":"<p>Las jornadas sofocantes se extender\u00edan por casi una semana. En algunas zonas del pa\u00eds se prev\u00e9 los registros t\u00e9rmicos superar\u00e1n los 40 grados. Por el momento, en Entre R\u00edos se espera que sean algo inferiores a esa marca.<\/p>\n","protected":false},"author":8,"featured_media":91739,"comment_status":"open","ping_status":"open","sticky":false,"template":"","format":"standard","meta":{"fifu_image_url":"","fifu_image_alt":"","footnotes":""},"categories":[6],"tags":[113],"class_list":{"0":"post-106484","1":"post","2":"type-post","3":"status-publish","4":"format-standard","5":"has-post-thumbnail","7":"category-entre-rios","8":"tag-smn"},"yoast_head":"<title>Pronostican la primera ola de calor de 2023: qu\u00e9 temperaturas se prev\u00e9n - Informe Litoral<\/title>\n<meta name=\"robots\" content=\"index, follow, max-snippet:-1, max-image-preview:large, max-video-preview:-1\" \/>\n<link rel=\"canonical\" href=\"https:\/\/informelitoral.com.ar\/pronostican-la-primera-ola-de-calor-de-2023-que-temperaturas-se-preven\/\" \/>\n<meta property=\"og:locale\" content=\"es_ES\" \/>\n<meta property=\"og:type\" content=\"article\" \/>\n<meta property=\"og:title\" content=\"Pronostican la primera ola de calor de 2023: qu\u00e9 temperaturas se prev\u00e9n - Informe Litoral\" \/>\n<meta property=\"og:description\" content=\"Las jornadas sofocantes se extender\u00edan por casi una semana. En algunas zonas del pa\u00eds se prev\u00e9 los registros t\u00e9rmicos superar\u00e1n los 40 grados. Por el momento, en Entre R\u00edos se espera que sean algo inferiores a esa marca.\" \/>\n<meta property=\"og:url\" content=\"https:\/\/informelitoral.com.ar\/pronostican-la-primera-ola-de-calor-de-2023-que-temperaturas-se-preven\/\" \/>\n<meta property=\"og:site_name\" content=\"Informe Litoral\" \/>\n<meta property=\"article:publisher\" content=\"https:\/\/www.facebook.com\/informelitoral\/\" \/>\n<meta property=\"article:published_time\" content=\"2023-01-03T11:52:04+00:00\" \/>\n<meta property=\"article:modified_time\" content=\"2023-01-03T11:54:13+00:00\" \/>\n<meta property=\"og:image\" content=\"https:\/\/informelitoral.com.ar\/%77%70%2d%63%6f%6e%74%65%6e%74\/uploads\/2022\/10\/clima-soleado.jpg\" \/>\n\t<meta property=\"og:image:width\" content=\"800\" \/>\n\t<meta property=\"og:image:height\" content=\"533\" \/>\n\t<meta property=\"og:image:type\" content=\"image\/jpeg\" \/>\n<meta name=\"author\" content=\"Sebastian\" \/>\n<meta name=\"twitter:card\" content=\"summary_large_image\" \/>\n<meta name=\"twitter:creator\" content=\"@InformeLitoral\" \/>\n<meta name=\"twitter:site\" content=\"@InformeLitoral\" \/>\n<meta name=\"twitter:label1\" content=\"Escrito por\" \/>\n\t<meta name=\"twitter:data1\" content=\"Sebastian\" \/>\n\t<meta name=\"twitter:label2\" content=\"Tiempo de lectura\" \/>\n\t<meta name=\"twitter:data2\" content=\"3 minutos\" \/>\n<script type=\"application\/ld+json\" class=\"yoast-schema-graph\">{\"@context\":\"https:\\\/\\\/schema.org\",\"@graph\":[{\"@type\":\"Article\",\"@id\":\"https:\\\/\\\/informelitoral.com.ar\\\/pronostican-la-primera-ola-de-calor-de-2023-que-temperaturas-se-preven\\\/#article\",\"isPartOf\":{\"@id\":\"https:\\\/\\\/informelitoral.com.ar\\\/pronostican-la-primera-ola-de-calor-de-2023-que-temperaturas-se-preven\\\/\"},\"author\":{\"name\":\"Sebastian\",\"@id\":\"https:\\\/\\\/informelitoral.com.ar\\\/#\\\/schema\\\/person\\\/f05f9f461677119578717524b127d6d5\"},\"headline\":\"Pronostican la primera ola de calor de 2023: qu\u00e9 temperaturas se prev\u00e9n\",\"datePublished\":\"2023-01-03T11:52:04+00:00\",\"dateModified\":\"2023-01-03T11:54:13+00:00\",\"mainEntityOfPage\":{\"@id\":\"https:\\\/\\\/informelitoral.com.ar\\\/pronostican-la-primera-ola-de-calor-de-2023-que-temperaturas-se-preven\\\/\"},\"wordCount\":530,\"commentCount\":0,\"publisher\":{\"@id\":\"https:\\\/\\\/informelitoral.com.ar\\\/#organization\"},\"image\":{\"@id\":\"https:\\\/\\\/informelitoral.com.ar\\\/pronostican-la-primera-ola-de-calor-de-2023-que-temperaturas-se-preven\\\/#primaryimage\"},\"thumbnailUrl\":\"https:\\\/\\\/informelitoral.com.ar\\\/%77%70%2d%63%6f%6e%74%65%6e%74\\\/uploads\\\/2022\\\/10\\\/clima-soleado.jpg\",\"keywords\":[\"SMN\"],\"articleSection\":[\"Entre R\u00edos\"],\"inLanguage\":\"es\",\"potentialAction\":[{\"@type\":\"CommentAction\",\"name\":\"Comment\",\"target\":[\"https:\\\/\\\/informelitoral.com.ar\\\/pronostican-la-primera-ola-de-calor-de-2023-que-temperaturas-se-preven\\\/#respond\"]}]},{\"@type\":\"WebPage\",\"@id\":\"https:\\\/\\\/informelitoral.com.ar\\\/pronostican-la-primera-ola-de-calor-de-2023-que-temperaturas-se-preven\\\/\",\"url\":\"https:\\\/\\\/informelitoral.com.ar\\\/pronostican-la-primera-ola-de-calor-de-2023-que-temperaturas-se-preven\\\/\",\"name\":\"Pronostican la primera ola de calor de 2023: qu\u00e9 temperaturas se prev\u00e9n - Informe Litoral\",\"isPartOf\":{\"@id\":\"https:\\\/\\\/informelitoral.com.ar\\\/#website\"},\"primaryImageOfPage\":{\"@id\":\"https:\\\/\\\/informelitoral.com.ar\\\/pronostican-la-primera-ola-de-calor-de-2023-que-temperaturas-se-preven\\\/#primaryimage\"},\"image\":{\"@id\":\"https:\\\/\\\/informelitoral.com.ar\\\/pronostican-la-primera-ola-de-calor-de-2023-que-temperaturas-se-preven\\\/#primaryimage\"},\"thumbnailUrl\":\"https:\\\/\\\/informelitoral.com.ar\\\/%77%70%2d%63%6f%6e%74%65%6e%74\\\/uploads\\\/2022\\\/10\\\/clima-soleado.jpg\",\"datePublished\":\"2023-01-03T11:52:04+00:00\",\"dateModified\":\"2023-01-03T11:54:13+00:00\",\"breadcrumb\":{\"@id\":\"https:\\\/\\\/informelitoral.com.ar\\\/pronostican-la-primera-ola-de-calor-de-2023-que-temperaturas-se-preven\\\/#breadcrumb\"},\"inLanguage\":\"es\",\"potentialAction\":[{\"@type\":\"ReadAction\",\"target\":[\"https:\\\/\\\/informelitoral.com.ar\\\/pronostican-la-primera-ola-de-calor-de-2023-que-temperaturas-se-preven\\\/\"]}]},{\"@type\":\"ImageObject\",\"inLanguage\":\"es\",\"@id\":\"https:\\\/\\\/informelitoral.com.ar\\\/pronostican-la-primera-ola-de-calor-de-2023-que-temperaturas-se-preven\\\/#primaryimage\",\"url\":\"https:\\\/\\\/informelitoral.com.ar\\\/%77%70%2d%63%6f%6e%74%65%6e%74\\\/uploads\\\/2022\\\/10\\\/clima-soleado.jpg\",\"contentUrl\":\"https:\\\/\\\/informelitoral.com.ar\\\/%77%70%2d%63%6f%6e%74%65%6e%74\\\/uploads\\\/2022\\\/10\\\/clima-soleado.jpg\",\"width\":800,\"height\":533},{\"@type\":\"BreadcrumbList\",\"@id\":\"https:\\\/\\\/informelitoral.com.ar\\\/pronostican-la-primera-ola-de-calor-de-2023-que-temperaturas-se-preven\\\/#breadcrumb\",\"itemListElement\":[{\"@type\":\"ListItem\",\"position\":1,\"name\":\"Portada\",\"item\":\"https:\\\/\\\/informelitoral.com.ar\\\/\"},{\"@type\":\"ListItem\",\"position\":2,\"name\":\"Pronostican la primera ola de calor de 2023: qu\u00e9 temperaturas se prev\u00e9n\"}]},{\"@type\":\"WebSite\",\"@id\":\"https:\\\/\\\/informelitoral.com.ar\\\/#website\",\"url\":\"https:\\\/\\\/informelitoral.com.ar\\\/\",\"name\":\"Informe Litoral\",\"description\":\"&quot;Nos informamos&quot; \",\"publisher\":{\"@id\":\"https:\\\/\\\/informelitoral.com.ar\\\/#organization\"},\"potentialAction\":[{\"@type\":\"SearchAction\",\"target\":{\"@type\":\"EntryPoint\",\"urlTemplate\":\"https:\\\/\\\/informelitoral.com.ar\\\/?s={search_term_string}\"},\"query-input\":{\"@type\":\"PropertyValueSpecification\",\"valueRequired\":true,\"valueName\":\"search_term_string\"}}],\"inLanguage\":\"es\"},{\"@type\":\"Organization\",\"@id\":\"https:\\\/\\\/informelitoral.com.ar\\\/#organization\",\"name\":\"Informe Litoral\",\"url\":\"https:\\\/\\\/informelitoral.com.ar\\\/\",\"logo\":{\"@type\":\"ImageObject\",\"inLanguage\":\"es\",\"@id\":\"https:\\\/\\\/informelitoral.com.ar\\\/#\\\/schema\\\/logo\\\/image\\\/\",\"url\":\"https:\\\/\\\/informelitoral.com.ar\\\/%77%70%2d%63%6f%6e%74%65%6e%74\\\/uploads\\\/2021\\\/01\\\/circulo.png\",\"contentUrl\":\"https:\\\/\\\/informelitoral.com.ar\\\/%77%70%2d%63%6f%6e%74%65%6e%74\\\/uploads\\\/2021\\\/01\\\/circulo.png\",\"width\":723,\"height\":731,\"caption\":\"Informe Litoral\"},\"image\":{\"@id\":\"https:\\\/\\\/informelitoral.com.ar\\\/#\\\/schema\\\/logo\\\/image\\\/\"},\"sameAs\":[\"https:\\\/\\\/www.facebook.com\\\/informelitoral\\\/\",\"https:\\\/\\\/x.com\\\/InformeLitoral\",\"https:\\\/\\\/www.instagram.com\\\/informelitoral\\\/\",\"https:\\\/\\\/www.youtube.com\\\/channel\\\/UCua4Qvz8Icb6MYqhoq9xLXw\"]},{\"@type\":\"Person\",\"@id\":\"https:\\\/\\\/informelitoral.com.ar\\\/#\\\/schema\\\/person\\\/f05f9f461677119578717524b127d6d5\",\"name\":\"Sebastian\",\"image\":{\"@type\":\"ImageObject\",\"inLanguage\":\"es\",\"@id\":\"https:\\\/\\\/secure.gravatar.com\\\/avatar\\\/b71bf7481d447dfb9583c7f2798e7cc64de6efb9067b74633ed8c31059a3bd82?s=96&d=mm&r=g\",\"url\":\"https:\\\/\\\/secure.gravatar.com\\\/avatar\\\/b71bf7481d447dfb9583c7f2798e7cc64de6efb9067b74633ed8c31059a3bd82?s=96&d=mm&r=g\",\"contentUrl\":\"https:\\\/\\\/secure.gravatar.com\\\/avatar\\\/b71bf7481d447dfb9583c7f2798e7cc64de6efb9067b74633ed8c31059a3bd82?s=96&d=mm&r=g\",\"caption\":\"Sebastian\"},\"url\":\"https:\\\/\\\/informelitoral.com.ar\\\/author\\\/sebastian\\\/\"}]}<\/script>","yoast_head_json":{"title":"Pronostican la primera ola de calor de 2023: qu\u00e9 temperaturas se prev\u00e9n - Informe Litoral","robots":{"index":"index","follow":"follow","max-snippet":"max-snippet:-1","max-image-preview":"max-image-preview:large","max-video-preview":"max-video-preview:-1"},"canonical":"https:\/\/informelitoral.com.ar\/pronostican-la-primera-ola-de-calor-de-2023-que-temperaturas-se-preven\/","og_locale":"es_ES","og_type":"article","og_title":"Pronostican la primera ola de calor de 2023: qu\u00e9 temperaturas se prev\u00e9n - Informe Litoral","og_description":"Las jornadas sofocantes se extender\u00edan por casi una semana. En algunas zonas del pa\u00eds se prev\u00e9 los registros t\u00e9rmicos superar\u00e1n los 40 grados. Por el momento, en Entre R\u00edos se espera que sean algo inferiores a esa marca.","og_url":"https:\/\/informelitoral.com.ar\/pronostican-la-primera-ola-de-calor-de-2023-que-temperaturas-se-preven\/","og_site_name":"Informe Litoral","article_publisher":"https:\/\/www.facebook.com\/informelitoral\/","article_published_time":"2023-01-03T11:52:04+00:00","article_modified_time":"2023-01-03T11:54:13+00:00","og_image":[{"width":800,"height":533,"url":"https:\/\/informelitoral.com.ar\/%77%70%2d%63%6f%6e%74%65%6e%74\/uploads\/2022\/10\/clima-soleado.jpg","type":"image\/jpeg"}],"author":"Sebastian","twitter_card":"summary_large_image","twitter_creator":"@InformeLitoral","twitter_site":"@InformeLitoral","twitter_misc":{"Escrito por":"Sebastian","Tiempo de lectura":"3 minutos"},"schema":{"@context":"https:\/\/schema.org","@graph":[{"@type":"Article","@id":"https:\/\/informelitoral.com.ar\/pronostican-la-primera-ola-de-calor-de-2023-que-temperaturas-se-preven\/#article","isPartOf":{"@id":"https:\/\/informelitoral.com.ar\/pronostican-la-primera-ola-de-calor-de-2023-que-temperaturas-se-preven\/"},"author":{"name":"Sebastian","@id":"https:\/\/informelitoral.com.ar\/#\/schema\/person\/f05f9f461677119578717524b127d6d5"},"headline":"Pronostican la primera ola de calor de 2023: qu\u00e9 temperaturas se prev\u00e9n","datePublished":"2023-01-03T11:52:04+00:00","dateModified":"2023-01-03T11:54:13+00:00","mainEntityOfPage":{"@id":"https:\/\/informelitoral.com.ar\/pronostican-la-primera-ola-de-calor-de-2023-que-temperaturas-se-preven\/"},"wordCount":530,"commentCount":0,"publisher":{"@id":"https:\/\/informelitoral.com.ar\/#organization"},"image":{"@id":"https:\/\/informelitoral.com.ar\/pronostican-la-primera-ola-de-calor-de-2023-que-temperaturas-se-preven\/#primaryimage"},"thumbnailUrl":"https:\/\/informelitoral.com.ar\/%77%70%2d%63%6f%6e%74%65%6e%74\/uploads\/2022\/10\/clima-soleado.jpg","keywords":["SMN"],"articleSection":["Entre R\u00edos"],"inLanguage":"es","potentialAction":[{"@type":"CommentAction","name":"Comment","target":["https:\/\/informelitoral.com.ar\/pronostican-la-primera-ola-de-calor-de-2023-que-temperaturas-se-preven\/#respond"]}]},{"@type":"WebPage","@id":"https:\/\/informelitoral.com.ar\/pronostican-la-primera-ola-de-calor-de-2023-que-temperaturas-se-preven\/","url":"https:\/\/informelitoral.com.ar\/pronostican-la-primera-ola-de-calor-de-2023-que-temperaturas-se-preven\/","name":"Pronostican la primera ola de calor de 2023: qu\u00e9 temperaturas se prev\u00e9n - Informe Litoral","isPartOf":{"@id":"https:\/\/informelitoral.com.ar\/#website"},"primaryImageOfPage":{"@id":"https:\/\/informelitoral.com.ar\/pronostican-la-primera-ola-de-calor-de-2023-que-temperaturas-se-preven\/#primaryimage"},"image":{"@id":"https:\/\/informelitoral.com.ar\/pronostican-la-primera-ola-de-calor-de-2023-que-temperaturas-se-preven\/#primaryimage"},"thumbnailUrl":"https:\/\/informelitoral.com.ar\/%77%70%2d%63%6f%6e%74%65%6e%74\/uploads\/2022\/10\/clima-soleado.jpg","datePublished":"2023-01-03T11:52:04+00:00","dateModified":"2023-01-03T11:54:13+00:00","breadcrumb":{"@id":"https:\/\/informelitoral.com.ar\/pronostican-la-primera-ola-de-calor-de-2023-que-temperaturas-se-preven\/#breadcrumb"},"inLanguage":"es","potentialAction":[{"@type":"ReadAction","target":["https:\/\/informelitoral.com.ar\/pronostican-la-primera-ola-de-calor-de-2023-que-temperaturas-se-preven\/"]}]},{"@type":"ImageObject","inLanguage":"es","@id":"https:\/\/informelitoral.com.ar\/pronostican-la-primera-ola-de-calor-de-2023-que-temperaturas-se-preven\/#primaryimage","url":"https:\/\/informelitoral.com.ar\/%77%70%2d%63%6f%6e%74%65%6e%74\/uploads\/2022\/10\/clima-soleado.jpg","contentUrl":"https:\/\/informelitoral.com.ar\/%77%70%2d%63%6f%6e%74%65%6e%74\/uploads\/2022\/10\/clima-soleado.jpg","width":800,"height":533},{"@type":"BreadcrumbList","@id":"https:\/\/informelitoral.com.ar\/pronostican-la-primera-ola-de-calor-de-2023-que-temperaturas-se-preven\/#breadcrumb","itemListElement":[{"@type":"ListItem","position":1,"name":"Portada","item":"https:\/\/informelitoral.com.ar\/"},{"@type":"ListItem","position":2,"name":"Pronostican la primera ola de calor de 2023: qu\u00e9 temperaturas se prev\u00e9n"}]},{"@type":"WebSite","@id":"https:\/\/informelitoral.com.ar\/#website","url":"https:\/\/informelitoral.com.ar\/","name":"Informe Litoral","description":"&quot;Nos informamos&quot; ","publisher":{"@id":"https:\/\/informelitoral.com.ar\/#organization"},"potentialAction":[{"@type":"SearchAction","target":{"@type":"EntryPoint","urlTemplate":"https:\/\/informelitoral.com.ar\/?s={search_term_string}"},"query-input":{"@type":"PropertyValueSpecification","valueRequired":true,"valueName":"search_term_string"}}],"inLanguage":"es"},{"@type":"Organization","@id":"https:\/\/informelitoral.com.ar\/#organization","name":"Informe Litoral","url":"https:\/\/informelitoral.com.ar\/","logo":{"@type":"ImageObject","inLanguage":"es","@id":"https:\/\/informelitoral.com.ar\/#\/schema\/logo\/image\/","url":"https:\/\/informelitoral.com.ar\/%77%70%2d%63%6f%6e%74%65%6e%74\/uploads\/2021\/01\/circulo.png","contentUrl":"https:\/\/informelitoral.com.ar\/%77%70%2d%63%6f%6e%74%65%6e%74\/uploads\/2021\/01\/circulo.png","width":723,"height":731,"caption":"Informe Litoral"},"image":{"@id":"https:\/\/informelitoral.com.ar\/#\/schema\/logo\/image\/"},"sameAs":["https:\/\/www.facebook.com\/informelitoral\/","https:\/\/x.com\/InformeLitoral","https:\/\/www.instagram.com\/informelitoral\/","https:\/\/www.youtube.com\/channel\/UCua4Qvz8Icb6MYqhoq9xLXw"]},{"@type":"Person","@id":"https:\/\/informelitoral.com.ar\/#\/schema\/person\/f05f9f461677119578717524b127d6d5","name":"Sebastian","image":{"@type":"ImageObject","inLanguage":"es","@id":"https:\/\/secure.gravatar.com\/avatar\/b71bf7481d447dfb9583c7f2798e7cc64de6efb9067b74633ed8c31059a3bd82?s=96&d=mm&r=g","url":"https:\/\/secure.gravatar.com\/avatar\/b71bf7481d447dfb9583c7f2798e7cc64de6efb9067b74633ed8c31059a3bd82?s=96&d=mm&r=g","contentUrl":"https:\/\/secure.gravatar.com\/avatar\/b71bf7481d447dfb9583c7f2798e7cc64de6efb9067b74633ed8c31059a3bd82?s=96&d=mm&r=g","caption":"Sebastian"},"url":"https:\/\/informelitoral.com.ar\/author\/sebastian\/"}]}},"_links":{"self":[{"href":"https:\/\/informelitoral.com.ar\/%77%70%2d%6a%73%6f%6e\/wp\/v2\/posts\/106484","targetHints":{"allow":["GET"]}}],"collection":[{"href":"https:\/\/informelitoral.com.ar\/%77%70%2d%6a%73%6f%6e\/wp\/v2\/posts"}],"about":[{"href":"https:\/\/informelitoral.com.ar\/%77%70%2d%6a%73%6f%6e\/wp\/v2\/types\/post"}],"author":[{"embeddable":true,"href":"https:\/\/informelitoral.com.ar\/%77%70%2d%6a%73%6f%6e\/wp\/v2\/users\/8"}],"replies":[{"embeddable":true,"href":"https:\/\/informelitoral.com.ar\/%77%70%2d%6a%73%6f%6e\/wp\/v2\/comments?post=106484"}],"version-history":[{"count":0,"href":"https:\/\/informelitoral.com.ar\/%77%70%2d%6a%73%6f%6e\/wp\/v2\/posts\/106484\/revisions"}],"wp:featuredmedia":[{"embeddable":true,"href":"https:\/\/informelitoral.com.ar\/%77%70%2d%6a%73%6f%6e\/wp\/v2\/media\/91739"}],"wp:attachment":[{"href":"https:\/\/informelitoral.com.ar\/%77%70%2d%6a%73%6f%6e\/wp\/v2\/media?parent=106484"}],"wp:term":[{"taxonomy":"category","embeddable":true,"href":"https:\/\/informelitoral.com.ar\/%77%70%2d%6a%73%6f%6e\/wp\/v2\/categories?post=106484"},{"taxonomy":"post_tag","embeddable":true,"href":"https:\/\/informelitoral.com.ar\/%77%70%2d%6a%73%6f%6e\/wp\/v2\/tags?post=106484"}],"curies":[{"name":"wp","href":"https:\/\/api.w.org\/{rel}","templated":true}]}}