{"id":106476,"date":"2023-01-02T22:01:31","date_gmt":"2023-01-03T01:01:31","guid":{"rendered":"https:\/\/www.informelitoral.com.ar\/?p=106476"},"modified":"2023-01-02T22:01:31","modified_gmt":"2023-01-03T01:01:31","slug":"ampliaran-el-centro-de-jubilados-y-pensionados-provinciales-de-parana","status":"publish","type":"post","link":"https:\/\/informelitoral.com.ar\/ampliaran-el-centro-de-jubilados-y-pensionados-provinciales-de-parana\/","title":{"rendered":"Ampliar\u00e1n el Centro de Jubilados y Pensionados Provinciales de Paran\u00e1"},"content":{"rendered":"<p>La vicegobernadora<strong> Laura Stratta<\/strong> visit\u00f3 este lunes el<strong> Centro de Jubilados y Pensionados Provinciales del Departamento Paran\u00e1. <\/strong>La recibieron la presidenta, <strong>Griselda Ledesma<\/strong>; el vicepresidente, <strong>Mario Huss<\/strong>; el tesorero <strong>Daniel D\u00edaz<\/strong> y la vocal <strong>Ana Milessi<\/strong>.<\/p>\n<p><a href=\"https:\/\/www.informelitoral.com.ar\/%77%70%2d%63%6f%6e%74%65%6e%74\/uploads\/2023\/01\/1ff3d07b-3907-338c-60a6-8529a0cd0fbd.jpg\"><img loading=\"lazy\" decoding=\"async\" class=\"aligncenter wp-image-106477 size-full\" src=\"https:\/\/www.informelitoral.com.ar\/%77%70%2d%63%6f%6e%74%65%6e%74\/uploads\/2023\/01\/1ff3d07b-3907-338c-60a6-8529a0cd0fbd.jpg\" alt=\"\" width=\"1620\" height=\"1080\" srcset=\"https:\/\/informelitoral.com.ar\/%77%70%2d%63%6f%6e%74%65%6e%74\/uploads\/2023\/01\/1ff3d07b-3907-338c-60a6-8529a0cd0fbd.jpg 1620w, https:\/\/informelitoral.com.ar\/%77%70%2d%63%6f%6e%74%65%6e%74\/uploads\/2023\/01\/1ff3d07b-3907-338c-60a6-8529a0cd0fbd-300x200.jpg 300w, https:\/\/informelitoral.com.ar\/%77%70%2d%63%6f%6e%74%65%6e%74\/uploads\/2023\/01\/1ff3d07b-3907-338c-60a6-8529a0cd0fbd-1024x683.jpg 1024w, https:\/\/informelitoral.com.ar\/%77%70%2d%63%6f%6e%74%65%6e%74\/uploads\/2023\/01\/1ff3d07b-3907-338c-60a6-8529a0cd0fbd-768x512.jpg 768w, https:\/\/informelitoral.com.ar\/%77%70%2d%63%6f%6e%74%65%6e%74\/uploads\/2023\/01\/1ff3d07b-3907-338c-60a6-8529a0cd0fbd-1536x1024.jpg 1536w, https:\/\/informelitoral.com.ar\/%77%70%2d%63%6f%6e%74%65%6e%74\/uploads\/2023\/01\/1ff3d07b-3907-338c-60a6-8529a0cd0fbd-696x464.jpg 696w, https:\/\/informelitoral.com.ar\/%77%70%2d%63%6f%6e%74%65%6e%74\/uploads\/2023\/01\/1ff3d07b-3907-338c-60a6-8529a0cd0fbd-1068x712.jpg 1068w, https:\/\/informelitoral.com.ar\/%77%70%2d%63%6f%6e%74%65%6e%74\/uploads\/2023\/01\/1ff3d07b-3907-338c-60a6-8529a0cd0fbd-630x420.jpg 630w\" sizes=\"auto, (max-width: 1620px) 100vw, 1620px\" \/><\/a><\/p>\n<p>\u201cLa verdad es que estoy muy contenta de estar aqu\u00ed, ratificando un compromiso del Gobierno de Entre R\u00edos con las instituciones que cumplen un rol social muy importante, como en este caso el Centro de Jubilados, al que venimos acompa\u00f1ando. Lo hicimos cuando fui ministra de Desarrollo Social y lo hacemos ahora porque el gobernador Gustavo Bordet ha puesto en agenda este tema, porque <strong>las instituciones nos ayudan a fortalecer el entramado social, porque los adultos mayores forman parte de las pol\u00edticas activas del gobierno provincial y en este caso, tambi\u00e9n, como un reconocimiento a la enorme tarea que llevan adelante<\/strong>\u201d, expres\u00f3 la vicegobernadora.<\/p>\n<p>Y a\u00f1adi\u00f3: \u201cHac\u00edamos un repaso de los consultorios, de los viajes, de las actividades que se desarrollan aqu\u00ed porque es un espacio que est\u00e1 tambi\u00e9n abierto a la comunidad. Por eso en el marco de los aportes que entregamos a las instituciones, hacemos este reconocimiento por su tarea. Nos parece que la mejor manera de acompa\u00f1ar es venir y seguir ratificando este compromiso\u201d, apunt\u00f3 al entregar el aporte por cinco millones de pesos que permitir\u00e1 continuar con las obras.<\/p>\n<p><a href=\"https:\/\/www.informelitoral.com.ar\/%77%70%2d%63%6f%6e%74%65%6e%74\/uploads\/2023\/01\/40dc94ab-435f-4039-2737-47ba5ab852d7.jpg\"><img loading=\"lazy\" decoding=\"async\" class=\"aligncenter wp-image-106478 size-full\" src=\"https:\/\/www.informelitoral.com.ar\/%77%70%2d%63%6f%6e%74%65%6e%74\/uploads\/2023\/01\/40dc94ab-435f-4039-2737-47ba5ab852d7.jpg\" alt=\"\" width=\"1545\" height=\"1030\" srcset=\"https:\/\/informelitoral.com.ar\/%77%70%2d%63%6f%6e%74%65%6e%74\/uploads\/2023\/01\/40dc94ab-435f-4039-2737-47ba5ab852d7.jpg 1545w, https:\/\/informelitoral.com.ar\/%77%70%2d%63%6f%6e%74%65%6e%74\/uploads\/2023\/01\/40dc94ab-435f-4039-2737-47ba5ab852d7-300x200.jpg 300w, https:\/\/informelitoral.com.ar\/%77%70%2d%63%6f%6e%74%65%6e%74\/uploads\/2023\/01\/40dc94ab-435f-4039-2737-47ba5ab852d7-1024x683.jpg 1024w, https:\/\/informelitoral.com.ar\/%77%70%2d%63%6f%6e%74%65%6e%74\/uploads\/2023\/01\/40dc94ab-435f-4039-2737-47ba5ab852d7-768x512.jpg 768w, https:\/\/informelitoral.com.ar\/%77%70%2d%63%6f%6e%74%65%6e%74\/uploads\/2023\/01\/40dc94ab-435f-4039-2737-47ba5ab852d7-1536x1024.jpg 1536w, https:\/\/informelitoral.com.ar\/%77%70%2d%63%6f%6e%74%65%6e%74\/uploads\/2023\/01\/40dc94ab-435f-4039-2737-47ba5ab852d7-696x464.jpg 696w, https:\/\/informelitoral.com.ar\/%77%70%2d%63%6f%6e%74%65%6e%74\/uploads\/2023\/01\/40dc94ab-435f-4039-2737-47ba5ab852d7-1068x712.jpg 1068w, https:\/\/informelitoral.com.ar\/%77%70%2d%63%6f%6e%74%65%6e%74\/uploads\/2023\/01\/40dc94ab-435f-4039-2737-47ba5ab852d7-630x420.jpg 630w\" sizes=\"auto, (max-width: 1545px) 100vw, 1545px\" \/><\/a><\/p>\n<p><strong>\u201cEllos siguen teniendo otras demandas como todas las instituciones que visitamos cuando recorremos la provincia, y nos parece que la articulaci\u00f3n de lo p\u00fablico con las entidades de la comunidad es vital para fortalecer las estrategias en el marco del desarrollo social\u201d<\/strong>, se\u00f1al\u00f3 Stratta, quien concurri\u00f3 a la sede de Pellegrini 454 de Paran\u00e1 junto a la directora provincial de Subsidios, Agustina Camino.<\/p>\n<blockquote><p>\u201cPara quienes nos interesa invertir en el desarrollo social, que las infancias y los adultos mayores sean prioridad, estas con las acciones y las pol\u00edticas que tenemos que seguir impulsando, ratificando y profundizando en este nuevo a\u00f1o que comienza\u201d, a\u00f1adi\u00f3.<\/p>\n<p><a href=\"https:\/\/www.informelitoral.com.ar\/%77%70%2d%63%6f%6e%74%65%6e%74\/uploads\/2023\/01\/521c48ef-22c4-a5b7-65ad-6de2a63a6281.jpg\"><img loading=\"lazy\" decoding=\"async\" class=\"aligncenter wp-image-106479 size-full\" src=\"https:\/\/www.informelitoral.com.ar\/%77%70%2d%63%6f%6e%74%65%6e%74\/uploads\/2023\/01\/521c48ef-22c4-a5b7-65ad-6de2a63a6281.jpg\" alt=\"\" width=\"872\" height=\"581\" srcset=\"https:\/\/informelitoral.com.ar\/%77%70%2d%63%6f%6e%74%65%6e%74\/uploads\/2023\/01\/521c48ef-22c4-a5b7-65ad-6de2a63a6281.jpg 872w, https:\/\/informelitoral.com.ar\/%77%70%2d%63%6f%6e%74%65%6e%74\/uploads\/2023\/01\/521c48ef-22c4-a5b7-65ad-6de2a63a6281-300x200.jpg 300w, https:\/\/informelitoral.com.ar\/%77%70%2d%63%6f%6e%74%65%6e%74\/uploads\/2023\/01\/521c48ef-22c4-a5b7-65ad-6de2a63a6281-768x512.jpg 768w, https:\/\/informelitoral.com.ar\/%77%70%2d%63%6f%6e%74%65%6e%74\/uploads\/2023\/01\/521c48ef-22c4-a5b7-65ad-6de2a63a6281-696x464.jpg 696w, https:\/\/informelitoral.com.ar\/%77%70%2d%63%6f%6e%74%65%6e%74\/uploads\/2023\/01\/521c48ef-22c4-a5b7-65ad-6de2a63a6281-630x420.jpg 630w\" sizes=\"auto, (max-width: 872px) 100vw, 872px\" \/><\/a><\/p><\/blockquote>\n<p>La presidenta de la entidad, <strong>Griselda Ledesma<\/strong>, destac\u00f3 que adem\u00e1s del aporte recibido ayer, el gobierno provincial viene apoyando al Centro de Jubilados. \u201c<strong>En una oportunidad vino el gobernador a visitarnos y le contamos sobre el proyecto en la planta alta, recibimos un aporte, lo invertimos y lo rendimos; y ahora tenemos la alegr\u00eda de recibir este nuevo aporte para terminar la planta alta<\/strong>. Estamos muy agradecidos\u201d.<\/p>\n","protected":false},"excerpt":{"rendered":"<p>El gobierno provincial entreg\u00f3 un aporte para ejecutar obras en la planta alta de la entidad, lo que les permitir\u00e1 en breve disponer de la planta baja de la sede para las diversas prestaciones a las que acceden sus cinco mil afiliados.<\/p>\n","protected":false},"author":2,"featured_media":106480,"comment_status":"open","ping_status":"open","sticky":false,"template":"","format":"standard","meta":{"fifu_image_url":"","fifu_image_alt":"","footnotes":""},"categories":[16],"tags":[3770,2979,680,283,45],"class_list":{"0":"post-106476","1":"post","2":"type-post","3":"status-publish","4":"format-standard","5":"has-post-thumbnail","7":"category-politi","8":"tag-centro-de-jubilados","9":"tag-jubilados-y-pensionados","10":"tag-laura-stratta","11":"tag-obras","12":"tag-parana"},"yoast_head":"<title>Ampliar\u00e1n el Centro de Jubilados y Pensionados Provinciales de Paran\u00e1 - Informe Litoral<\/title>\n<meta name=\"robots\" content=\"index, follow, max-snippet:-1, max-image-preview:large, max-video-preview:-1\" \/>\n<link rel=\"canonical\" href=\"https:\/\/informelitoral.com.ar\/ampliaran-el-centro-de-jubilados-y-pensionados-provinciales-de-parana\/\" \/>\n<meta property=\"og:locale\" content=\"es_ES\" \/>\n<meta property=\"og:type\" content=\"article\" \/>\n<meta property=\"og:title\" content=\"Ampliar\u00e1n el Centro de Jubilados y Pensionados Provinciales de Paran\u00e1 - Informe Litoral\" \/>\n<meta property=\"og:description\" content=\"El gobierno provincial entreg\u00f3 un aporte para ejecutar obras en la planta alta de la entidad, lo que les permitir\u00e1 en breve disponer de la planta baja de la sede para las diversas prestaciones a las que acceden sus cinco mil afiliados.\" \/>\n<meta property=\"og:url\" content=\"https:\/\/informelitoral.com.ar\/ampliaran-el-centro-de-jubilados-y-pensionados-provinciales-de-parana\/\" \/>\n<meta property=\"og:site_name\" content=\"Informe Litoral\" \/>\n<meta property=\"article:publisher\" content=\"https:\/\/www.facebook.com\/informelitoral\/\" \/>\n<meta property=\"article:published_time\" content=\"2023-01-03T01:01:31+00:00\" \/>\n<meta property=\"og:image\" content=\"https:\/\/informelitoral.com.ar\/%77%70%2d%63%6f%6e%74%65%6e%74\/uploads\/2023\/01\/d44cbbd5-4767-69ee-8419-723aa25bc849.jpg\" \/>\n\t<meta property=\"og:image:width\" content=\"1377\" \/>\n\t<meta property=\"og:image:height\" content=\"917\" \/>\n\t<meta property=\"og:image:type\" content=\"image\/jpeg\" \/>\n<meta name=\"author\" content=\"Gonzalo Schmidt\" \/>\n<meta name=\"twitter:card\" content=\"summary_large_image\" \/>\n<meta name=\"twitter:creator\" content=\"@InformeLitoral\" \/>\n<meta name=\"twitter:site\" content=\"@InformeLitoral\" \/>\n<meta name=\"twitter:label1\" content=\"Escrito por\" \/>\n\t<meta name=\"twitter:data1\" content=\"Gonzalo Schmidt\" \/>\n\t<meta name=\"twitter:label2\" content=\"Tiempo de lectura\" \/>\n\t<meta name=\"twitter:data2\" content=\"2 minutos\" \/>\n<script type=\"application\/ld+json\" class=\"yoast-schema-graph\">{\"@context\":\"https:\\\/\\\/schema.org\",\"@graph\":[{\"@type\":\"Article\",\"@id\":\"https:\\\/\\\/informelitoral.com.ar\\\/ampliaran-el-centro-de-jubilados-y-pensionados-provinciales-de-parana\\\/#article\",\"isPartOf\":{\"@id\":\"https:\\\/\\\/informelitoral.com.ar\\\/ampliaran-el-centro-de-jubilados-y-pensionados-provinciales-de-parana\\\/\"},\"author\":{\"name\":\"Gonzalo Schmidt\",\"@id\":\"https:\\\/\\\/informelitoral.com.ar\\\/#\\\/schema\\\/person\\\/b9d00407c836482871ef1d57bf8e3180\"},\"headline\":\"Ampliar\u00e1n el Centro de Jubilados y Pensionados Provinciales de Paran\u00e1\",\"datePublished\":\"2023-01-03T01:01:31+00:00\",\"mainEntityOfPage\":{\"@id\":\"https:\\\/\\\/informelitoral.com.ar\\\/ampliaran-el-centro-de-jubilados-y-pensionados-provinciales-de-parana\\\/\"},\"wordCount\":416,\"commentCount\":0,\"publisher\":{\"@id\":\"https:\\\/\\\/informelitoral.com.ar\\\/#organization\"},\"image\":{\"@id\":\"https:\\\/\\\/informelitoral.com.ar\\\/ampliaran-el-centro-de-jubilados-y-pensionados-provinciales-de-parana\\\/#primaryimage\"},\"thumbnailUrl\":\"https:\\\/\\\/informelitoral.com.ar\\\/%77%70%2d%63%6f%6e%74%65%6e%74\\\/uploads\\\/2023\\\/01\\\/d44cbbd5-4767-69ee-8419-723aa25bc849.jpg\",\"keywords\":[\"Centro de jubilados\",\"Jubilados y Pensionados\",\"Laura Stratta\",\"Obras\",\"Paran\u00e1\"],\"articleSection\":[\"Politica\"],\"inLanguage\":\"es\",\"potentialAction\":[{\"@type\":\"CommentAction\",\"name\":\"Comment\",\"target\":[\"https:\\\/\\\/informelitoral.com.ar\\\/ampliaran-el-centro-de-jubilados-y-pensionados-provinciales-de-parana\\\/#respond\"]}]},{\"@type\":\"WebPage\",\"@id\":\"https:\\\/\\\/informelitoral.com.ar\\\/ampliaran-el-centro-de-jubilados-y-pensionados-provinciales-de-parana\\\/\",\"url\":\"https:\\\/\\\/informelitoral.com.ar\\\/ampliaran-el-centro-de-jubilados-y-pensionados-provinciales-de-parana\\\/\",\"name\":\"Ampliar\u00e1n el Centro de Jubilados y Pensionados Provinciales de Paran\u00e1 - Informe Litoral\",\"isPartOf\":{\"@id\":\"https:\\\/\\\/informelitoral.com.ar\\\/#website\"},\"primaryImageOfPage\":{\"@id\":\"https:\\\/\\\/informelitoral.com.ar\\\/ampliaran-el-centro-de-jubilados-y-pensionados-provinciales-de-parana\\\/#primaryimage\"},\"image\":{\"@id\":\"https:\\\/\\\/informelitoral.com.ar\\\/ampliaran-el-centro-de-jubilados-y-pensionados-provinciales-de-parana\\\/#primaryimage\"},\"thumbnailUrl\":\"https:\\\/\\\/informelitoral.com.ar\\\/%77%70%2d%63%6f%6e%74%65%6e%74\\\/uploads\\\/2023\\\/01\\\/d44cbbd5-4767-69ee-8419-723aa25bc849.jpg\",\"datePublished\":\"2023-01-03T01:01:31+00:00\",\"breadcrumb\":{\"@id\":\"https:\\\/\\\/informelitoral.com.ar\\\/ampliaran-el-centro-de-jubilados-y-pensionados-provinciales-de-parana\\\/#breadcrumb\"},\"inLanguage\":\"es\",\"potentialAction\":[{\"@type\":\"ReadAction\",\"target\":[\"https:\\\/\\\/informelitoral.com.ar\\\/ampliaran-el-centro-de-jubilados-y-pensionados-provinciales-de-parana\\\/\"]}]},{\"@type\":\"ImageObject\",\"inLanguage\":\"es\",\"@id\":\"https:\\\/\\\/informelitoral.com.ar\\\/ampliaran-el-centro-de-jubilados-y-pensionados-provinciales-de-parana\\\/#primaryimage\",\"url\":\"https:\\\/\\\/informelitoral.com.ar\\\/%77%70%2d%63%6f%6e%74%65%6e%74\\\/uploads\\\/2023\\\/01\\\/d44cbbd5-4767-69ee-8419-723aa25bc849.jpg\",\"contentUrl\":\"https:\\\/\\\/informelitoral.com.ar\\\/%77%70%2d%63%6f%6e%74%65%6e%74\\\/uploads\\\/2023\\\/01\\\/d44cbbd5-4767-69ee-8419-723aa25bc849.jpg\",\"width\":1377,\"height\":917},{\"@type\":\"BreadcrumbList\",\"@id\":\"https:\\\/\\\/informelitoral.com.ar\\\/ampliaran-el-centro-de-jubilados-y-pensionados-provinciales-de-parana\\\/#breadcrumb\",\"itemListElement\":[{\"@type\":\"ListItem\",\"position\":1,\"name\":\"Portada\",\"item\":\"https:\\\/\\\/informelitoral.com.ar\\\/\"},{\"@type\":\"ListItem\",\"position\":2,\"name\":\"Ampliar\u00e1n el Centro de Jubilados y Pensionados Provinciales de Paran\u00e1\"}]},{\"@type\":\"WebSite\",\"@id\":\"https:\\\/\\\/informelitoral.com.ar\\\/#website\",\"url\":\"https:\\\/\\\/informelitoral.com.ar\\\/\",\"name\":\"Informe Litoral\",\"description\":\"&quot;Nos informamos&quot; \",\"publisher\":{\"@id\":\"https:\\\/\\\/informelitoral.com.ar\\\/#organization\"},\"potentialAction\":[{\"@type\":\"SearchAction\",\"target\":{\"@type\":\"EntryPoint\",\"urlTemplate\":\"https:\\\/\\\/informelitoral.com.ar\\\/?s={search_term_string}\"},\"query-input\":{\"@type\":\"PropertyValueSpecification\",\"valueRequired\":true,\"valueName\":\"search_term_string\"}}],\"inLanguage\":\"es\"},{\"@type\":\"Organization\",\"@id\":\"https:\\\/\\\/informelitoral.com.ar\\\/#organization\",\"name\":\"Informe Litoral\",\"url\":\"https:\\\/\\\/informelitoral.com.ar\\\/\",\"logo\":{\"@type\":\"ImageObject\",\"inLanguage\":\"es\",\"@id\":\"https:\\\/\\\/informelitoral.com.ar\\\/#\\\/schema\\\/logo\\\/image\\\/\",\"url\":\"https:\\\/\\\/informelitoral.com.ar\\\/%77%70%2d%63%6f%6e%74%65%6e%74\\\/uploads\\\/2021\\\/01\\\/circulo.png\",\"contentUrl\":\"https:\\\/\\\/informelitoral.com.ar\\\/%77%70%2d%63%6f%6e%74%65%6e%74\\\/uploads\\\/2021\\\/01\\\/circulo.png\",\"width\":723,\"height\":731,\"caption\":\"Informe Litoral\"},\"image\":{\"@id\":\"https:\\\/\\\/informelitoral.com.ar\\\/#\\\/schema\\\/logo\\\/image\\\/\"},\"sameAs\":[\"https:\\\/\\\/www.facebook.com\\\/informelitoral\\\/\",\"https:\\\/\\\/x.com\\\/InformeLitoral\",\"https:\\\/\\\/www.instagram.com\\\/informelitoral\\\/\",\"https:\\\/\\\/www.youtube.com\\\/channel\\\/UCua4Qvz8Icb6MYqhoq9xLXw\"]},{\"@type\":\"Person\",\"@id\":\"https:\\\/\\\/informelitoral.com.ar\\\/#\\\/schema\\\/person\\\/b9d00407c836482871ef1d57bf8e3180\",\"name\":\"Gonzalo Schmidt\",\"image\":{\"@type\":\"ImageObject\",\"inLanguage\":\"es\",\"@id\":\"https:\\\/\\\/secure.gravatar.com\\\/avatar\\\/31a1a7b66ff2de83bd0e9fd79d026630d2d99e55e8bfe501287647b4fd9743de?s=96&d=mm&r=g\",\"url\":\"https:\\\/\\\/secure.gravatar.com\\\/avatar\\\/31a1a7b66ff2de83bd0e9fd79d026630d2d99e55e8bfe501287647b4fd9743de?s=96&d=mm&r=g\",\"contentUrl\":\"https:\\\/\\\/secure.gravatar.com\\\/avatar\\\/31a1a7b66ff2de83bd0e9fd79d026630d2d99e55e8bfe501287647b4fd9743de?s=96&d=mm&r=g\",\"caption\":\"Gonzalo Schmidt\"},\"description\":\"Sitio web de noticias de la provincia de Entre R\u00edos, Argentina. Informaci\u00f3n y entretenimiento. Informe Litoral, nos informamos.\",\"sameAs\":[\"http:\\\/\\\/www.isletasnoticias.com.ar\"],\"url\":\"https:\\\/\\\/informelitoral.com.ar\\\/author\\\/gonzalo\\\/\"}]}<\/script>","yoast_head_json":{"title":"Ampliar\u00e1n el Centro de Jubilados y Pensionados Provinciales de Paran\u00e1 - Informe Litoral","robots":{"index":"index","follow":"follow","max-snippet":"max-snippet:-1","max-image-preview":"max-image-preview:large","max-video-preview":"max-video-preview:-1"},"canonical":"https:\/\/informelitoral.com.ar\/ampliaran-el-centro-de-jubilados-y-pensionados-provinciales-de-parana\/","og_locale":"es_ES","og_type":"article","og_title":"Ampliar\u00e1n el Centro de Jubilados y Pensionados Provinciales de Paran\u00e1 - Informe Litoral","og_description":"El gobierno provincial entreg\u00f3 un aporte para ejecutar obras en la planta alta de la entidad, lo que les permitir\u00e1 en breve disponer de la planta baja de la sede para las diversas prestaciones a las que acceden sus cinco mil afiliados.","og_url":"https:\/\/informelitoral.com.ar\/ampliaran-el-centro-de-jubilados-y-pensionados-provinciales-de-parana\/","og_site_name":"Informe Litoral","article_publisher":"https:\/\/www.facebook.com\/informelitoral\/","article_published_time":"2023-01-03T01:01:31+00:00","og_image":[{"width":1377,"height":917,"url":"https:\/\/informelitoral.com.ar\/%77%70%2d%63%6f%6e%74%65%6e%74\/uploads\/2023\/01\/d44cbbd5-4767-69ee-8419-723aa25bc849.jpg","type":"image\/jpeg"}],"author":"Gonzalo Schmidt","twitter_card":"summary_large_image","twitter_creator":"@InformeLitoral","twitter_site":"@InformeLitoral","twitter_misc":{"Escrito por":"Gonzalo Schmidt","Tiempo de lectura":"2 minutos"},"schema":{"@context":"https:\/\/schema.org","@graph":[{"@type":"Article","@id":"https:\/\/informelitoral.com.ar\/ampliaran-el-centro-de-jubilados-y-pensionados-provinciales-de-parana\/#article","isPartOf":{"@id":"https:\/\/informelitoral.com.ar\/ampliaran-el-centro-de-jubilados-y-pensionados-provinciales-de-parana\/"},"author":{"name":"Gonzalo Schmidt","@id":"https:\/\/informelitoral.com.ar\/#\/schema\/person\/b9d00407c836482871ef1d57bf8e3180"},"headline":"Ampliar\u00e1n el Centro de Jubilados y Pensionados Provinciales de Paran\u00e1","datePublished":"2023-01-03T01:01:31+00:00","mainEntityOfPage":{"@id":"https:\/\/informelitoral.com.ar\/ampliaran-el-centro-de-jubilados-y-pensionados-provinciales-de-parana\/"},"wordCount":416,"commentCount":0,"publisher":{"@id":"https:\/\/informelitoral.com.ar\/#organization"},"image":{"@id":"https:\/\/informelitoral.com.ar\/ampliaran-el-centro-de-jubilados-y-pensionados-provinciales-de-parana\/#primaryimage"},"thumbnailUrl":"https:\/\/informelitoral.com.ar\/%77%70%2d%63%6f%6e%74%65%6e%74\/uploads\/2023\/01\/d44cbbd5-4767-69ee-8419-723aa25bc849.jpg","keywords":["Centro de jubilados","Jubilados y Pensionados","Laura Stratta","Obras","Paran\u00e1"],"articleSection":["Politica"],"inLanguage":"es","potentialAction":[{"@type":"CommentAction","name":"Comment","target":["https:\/\/informelitoral.com.ar\/ampliaran-el-centro-de-jubilados-y-pensionados-provinciales-de-parana\/#respond"]}]},{"@type":"WebPage","@id":"https:\/\/informelitoral.com.ar\/ampliaran-el-centro-de-jubilados-y-pensionados-provinciales-de-parana\/","url":"https:\/\/informelitoral.com.ar\/ampliaran-el-centro-de-jubilados-y-pensionados-provinciales-de-parana\/","name":"Ampliar\u00e1n el Centro de Jubilados y Pensionados Provinciales de Paran\u00e1 - Informe Litoral","isPartOf":{"@id":"https:\/\/informelitoral.com.ar\/#website"},"primaryImageOfPage":{"@id":"https:\/\/informelitoral.com.ar\/ampliaran-el-centro-de-jubilados-y-pensionados-provinciales-de-parana\/#primaryimage"},"image":{"@id":"https:\/\/informelitoral.com.ar\/ampliaran-el-centro-de-jubilados-y-pensionados-provinciales-de-parana\/#primaryimage"},"thumbnailUrl":"https:\/\/informelitoral.com.ar\/%77%70%2d%63%6f%6e%74%65%6e%74\/uploads\/2023\/01\/d44cbbd5-4767-69ee-8419-723aa25bc849.jpg","datePublished":"2023-01-03T01:01:31+00:00","breadcrumb":{"@id":"https:\/\/informelitoral.com.ar\/ampliaran-el-centro-de-jubilados-y-pensionados-provinciales-de-parana\/#breadcrumb"},"inLanguage":"es","potentialAction":[{"@type":"ReadAction","target":["https:\/\/informelitoral.com.ar\/ampliaran-el-centro-de-jubilados-y-pensionados-provinciales-de-parana\/"]}]},{"@type":"ImageObject","inLanguage":"es","@id":"https:\/\/informelitoral.com.ar\/ampliaran-el-centro-de-jubilados-y-pensionados-provinciales-de-parana\/#primaryimage","url":"https:\/\/informelitoral.com.ar\/%77%70%2d%63%6f%6e%74%65%6e%74\/uploads\/2023\/01\/d44cbbd5-4767-69ee-8419-723aa25bc849.jpg","contentUrl":"https:\/\/informelitoral.com.ar\/%77%70%2d%63%6f%6e%74%65%6e%74\/uploads\/2023\/01\/d44cbbd5-4767-69ee-8419-723aa25bc849.jpg","width":1377,"height":917},{"@type":"BreadcrumbList","@id":"https:\/\/informelitoral.com.ar\/ampliaran-el-centro-de-jubilados-y-pensionados-provinciales-de-parana\/#breadcrumb","itemListElement":[{"@type":"ListItem","position":1,"name":"Portada","item":"https:\/\/informelitoral.com.ar\/"},{"@type":"ListItem","position":2,"name":"Ampliar\u00e1n el Centro de Jubilados y Pensionados Provinciales de Paran\u00e1"}]},{"@type":"WebSite","@id":"https:\/\/informelitoral.com.ar\/#website","url":"https:\/\/informelitoral.com.ar\/","name":"Informe Litoral","description":"&quot;Nos informamos&quot; ","publisher":{"@id":"https:\/\/informelitoral.com.ar\/#organization"},"potentialAction":[{"@type":"SearchAction","target":{"@type":"EntryPoint","urlTemplate":"https:\/\/informelitoral.com.ar\/?s={search_term_string}"},"query-input":{"@type":"PropertyValueSpecification","valueRequired":true,"valueName":"search_term_string"}}],"inLanguage":"es"},{"@type":"Organization","@id":"https:\/\/informelitoral.com.ar\/#organization","name":"Informe Litoral","url":"https:\/\/informelitoral.com.ar\/","logo":{"@type":"ImageObject","inLanguage":"es","@id":"https:\/\/informelitoral.com.ar\/#\/schema\/logo\/image\/","url":"https:\/\/informelitoral.com.ar\/%77%70%2d%63%6f%6e%74%65%6e%74\/uploads\/2021\/01\/circulo.png","contentUrl":"https:\/\/informelitoral.com.ar\/%77%70%2d%63%6f%6e%74%65%6e%74\/uploads\/2021\/01\/circulo.png","width":723,"height":731,"caption":"Informe Litoral"},"image":{"@id":"https:\/\/informelitoral.com.ar\/#\/schema\/logo\/image\/"},"sameAs":["https:\/\/www.facebook.com\/informelitoral\/","https:\/\/x.com\/InformeLitoral","https:\/\/www.instagram.com\/informelitoral\/","https:\/\/www.youtube.com\/channel\/UCua4Qvz8Icb6MYqhoq9xLXw"]},{"@type":"Person","@id":"https:\/\/informelitoral.com.ar\/#\/schema\/person\/b9d00407c836482871ef1d57bf8e3180","name":"Gonzalo Schmidt","image":{"@type":"ImageObject","inLanguage":"es","@id":"https:\/\/secure.gravatar.com\/avatar\/31a1a7b66ff2de83bd0e9fd79d026630d2d99e55e8bfe501287647b4fd9743de?s=96&d=mm&r=g","url":"https:\/\/secure.gravatar.com\/avatar\/31a1a7b66ff2de83bd0e9fd79d026630d2d99e55e8bfe501287647b4fd9743de?s=96&d=mm&r=g","contentUrl":"https:\/\/secure.gravatar.com\/avatar\/31a1a7b66ff2de83bd0e9fd79d026630d2d99e55e8bfe501287647b4fd9743de?s=96&d=mm&r=g","caption":"Gonzalo Schmidt"},"description":"Sitio web de noticias de la provincia de Entre R\u00edos, Argentina. Informaci\u00f3n y entretenimiento. Informe Litoral, nos informamos.","sameAs":["http:\/\/www.isletasnoticias.com.ar"],"url":"https:\/\/informelitoral.com.ar\/author\/gonzalo\/"}]}},"_links":{"self":[{"href":"https:\/\/informelitoral.com.ar\/%77%70%2d%6a%73%6f%6e\/wp\/v2\/posts\/106476","targetHints":{"allow":["GET"]}}],"collection":[{"href":"https:\/\/informelitoral.com.ar\/%77%70%2d%6a%73%6f%6e\/wp\/v2\/posts"}],"about":[{"href":"https:\/\/informelitoral.com.ar\/%77%70%2d%6a%73%6f%6e\/wp\/v2\/types\/post"}],"author":[{"embeddable":true,"href":"https:\/\/informelitoral.com.ar\/%77%70%2d%6a%73%6f%6e\/wp\/v2\/users\/2"}],"replies":[{"embeddable":true,"href":"https:\/\/informelitoral.com.ar\/%77%70%2d%6a%73%6f%6e\/wp\/v2\/comments?post=106476"}],"version-history":[{"count":0,"href":"https:\/\/informelitoral.com.ar\/%77%70%2d%6a%73%6f%6e\/wp\/v2\/posts\/106476\/revisions"}],"wp:featuredmedia":[{"embeddable":true,"href":"https:\/\/informelitoral.com.ar\/%77%70%2d%6a%73%6f%6e\/wp\/v2\/media\/106480"}],"wp:attachment":[{"href":"https:\/\/informelitoral.com.ar\/%77%70%2d%6a%73%6f%6e\/wp\/v2\/media?parent=106476"}],"wp:term":[{"taxonomy":"category","embeddable":true,"href":"https:\/\/informelitoral.com.ar\/%77%70%2d%6a%73%6f%6e\/wp\/v2\/categories?post=106476"},{"taxonomy":"post_tag","embeddable":true,"href":"https:\/\/informelitoral.com.ar\/%77%70%2d%6a%73%6f%6e\/wp\/v2\/tags?post=106476"}],"curies":[{"name":"wp","href":"https:\/\/api.w.org\/{rel}","templated":true}]}}