{"id":105740,"date":"2022-12-30T09:18:41","date_gmt":"2022-12-30T12:18:41","guid":{"rendered":"https:\/\/www.informelitoral.com.ar\/?p=105740"},"modified":"2022-12-30T09:21:06","modified_gmt":"2022-12-30T12:21:06","slug":"accidente-tragico-en-parana-fallecio-la-ciclista-atropellada-por-un-auto","status":"publish","type":"post","link":"https:\/\/informelitoral.com.ar\/accidente-tragico-en-parana-fallecio-la-ciclista-atropellada-por-un-auto\/","title":{"rendered":"Accidente tr\u00e1gico en Paran\u00e1: falleci\u00f3 la ciclista atropellada por un auto"},"content":{"rendered":"<p>Un grave accidente ocurri\u00f3 en la ma\u00f1ana del jueves, en la transitada avenida Almafuerte y calle Juan del Campillo, de la capital entrerriana, cuando un auto embisti\u00f3 a una ciclista.<\/p>\n<p>Producto del fuerte impacto, la mujer de 32 a\u00f1os que se conduc\u00eda en el rodado menor, sufri\u00f3 graves lesiones: fractura de cr\u00e1neo y contusiones pulmonares, por lo que debi\u00f3 ser intubada y estaba internada en el hospital San Mart\u00edn. Lamentablemente, este viernes se confirm\u00f3 su fallecimiento.<\/p>\n<p>Sobre el accidente, fuentes policiales indicaron que ocurri\u00f3 en la zona del ex hip\u00f3dromo de Paran\u00e1, minutos antes de las 10, de este jueves.<\/p>\n<p>Seg\u00fan se pudo conocer un Chevrolet Cruze, conducido por una mujer de 29 a\u00f1os, colision\u00f3 a la ciclista de 32 a\u00f1os, que se conduc\u00eda por la avenida con destino hacia su lugar de trabajo, ubicado a pocos metros del lugar del accidente. Como consecuencia del tremendo impacto, la ciclista golpe\u00f3 su cuerpo sobre el parabrisas del auto y cay\u00f3 pesadamente a la cinta asf\u00e1ltica.<\/p>\n<p>Un video \u00a0muestra difusamente, el momento del impacto entre el auto y la bicicleta. En el mismo se observa a las personas que pasaban por el lugar y trabajaban en la zona, que se acercan a auxiliar a la lesionada.<\/p>\n","protected":false},"excerpt":{"rendered":"<p>Una mujer que se conduc\u00eda en bicicleta fue embestida por un auto en avenida Almafuerte de Paran\u00e1. Hab\u00eda quedado internada en grave estado y este viernes se confirm\u00f3 su deceso.<\/p>\n","protected":false},"author":8,"featured_media":24888,"comment_status":"open","ping_status":"open","sticky":false,"template":"","format":"standard","meta":{"fifu_image_url":"","fifu_image_alt":"","footnotes":""},"categories":[14],"tags":[4058,4059],"class_list":{"0":"post-105740","1":"post","2":"type-post","3":"status-publish","4":"format-standard","5":"has-post-thumbnail","7":"category-policiales","8":"tag-ciclista","9":"tag-fallecida"},"yoast_head":"<title>Accidente tr\u00e1gico en Paran\u00e1: falleci\u00f3 la ciclista atropellada por un auto - Informe Litoral<\/title>\n<meta name=\"robots\" content=\"index, follow, max-snippet:-1, max-image-preview:large, max-video-preview:-1\" \/>\n<link rel=\"canonical\" href=\"https:\/\/informelitoral.com.ar\/accidente-tragico-en-parana-fallecio-la-ciclista-atropellada-por-un-auto\/\" \/>\n<meta property=\"og:locale\" content=\"es_ES\" \/>\n<meta property=\"og:type\" content=\"article\" \/>\n<meta property=\"og:title\" content=\"Accidente tr\u00e1gico en Paran\u00e1: falleci\u00f3 la ciclista atropellada por un auto - Informe Litoral\" \/>\n<meta property=\"og:description\" content=\"Una mujer que se conduc\u00eda en bicicleta fue embestida por un auto en avenida Almafuerte de Paran\u00e1. Hab\u00eda quedado internada en grave estado y este viernes se confirm\u00f3 su deceso.\" \/>\n<meta property=\"og:url\" content=\"https:\/\/informelitoral.com.ar\/accidente-tragico-en-parana-fallecio-la-ciclista-atropellada-por-un-auto\/\" \/>\n<meta property=\"og:site_name\" content=\"Informe Litoral\" \/>\n<meta property=\"article:publisher\" content=\"https:\/\/www.facebook.com\/informelitoral\/\" \/>\n<meta property=\"article:published_time\" content=\"2022-12-30T12:18:41+00:00\" \/>\n<meta property=\"article:modified_time\" content=\"2022-12-30T12:21:06+00:00\" \/>\n<meta property=\"og:image\" content=\"https:\/\/informelitoral.com.ar\/%77%70%2d%63%6f%6e%74%65%6e%74\/uploads\/2018\/02\/policia-patrullero-768x506.jpg\" \/>\n\t<meta property=\"og:image:width\" content=\"768\" \/>\n\t<meta property=\"og:image:height\" content=\"506\" \/>\n\t<meta property=\"og:image:type\" content=\"image\/jpeg\" \/>\n<meta name=\"author\" content=\"Sebastian\" \/>\n<meta name=\"twitter:card\" content=\"summary_large_image\" \/>\n<meta name=\"twitter:creator\" content=\"@InformeLitoral\" \/>\n<meta name=\"twitter:site\" content=\"@InformeLitoral\" \/>\n<meta name=\"twitter:label1\" content=\"Escrito por\" \/>\n\t<meta name=\"twitter:data1\" content=\"Sebastian\" \/>\n\t<meta name=\"twitter:label2\" content=\"Tiempo de lectura\" \/>\n\t<meta name=\"twitter:data2\" content=\"1 minuto\" \/>\n<script type=\"application\/ld+json\" class=\"yoast-schema-graph\">{\"@context\":\"https:\\\/\\\/schema.org\",\"@graph\":[{\"@type\":\"Article\",\"@id\":\"https:\\\/\\\/informelitoral.com.ar\\\/accidente-tragico-en-parana-fallecio-la-ciclista-atropellada-por-un-auto\\\/#article\",\"isPartOf\":{\"@id\":\"https:\\\/\\\/informelitoral.com.ar\\\/accidente-tragico-en-parana-fallecio-la-ciclista-atropellada-por-un-auto\\\/\"},\"author\":{\"name\":\"Sebastian\",\"@id\":\"https:\\\/\\\/informelitoral.com.ar\\\/#\\\/schema\\\/person\\\/f05f9f461677119578717524b127d6d5\"},\"headline\":\"Accidente tr\u00e1gico en Paran\u00e1: falleci\u00f3 la ciclista atropellada por un auto\",\"datePublished\":\"2022-12-30T12:18:41+00:00\",\"dateModified\":\"2022-12-30T12:21:06+00:00\",\"mainEntityOfPage\":{\"@id\":\"https:\\\/\\\/informelitoral.com.ar\\\/accidente-tragico-en-parana-fallecio-la-ciclista-atropellada-por-un-auto\\\/\"},\"wordCount\":223,\"commentCount\":0,\"publisher\":{\"@id\":\"https:\\\/\\\/informelitoral.com.ar\\\/#organization\"},\"image\":{\"@id\":\"https:\\\/\\\/informelitoral.com.ar\\\/accidente-tragico-en-parana-fallecio-la-ciclista-atropellada-por-un-auto\\\/#primaryimage\"},\"thumbnailUrl\":\"https:\\\/\\\/informelitoral.com.ar\\\/%77%70%2d%63%6f%6e%74%65%6e%74\\\/uploads\\\/2018\\\/02\\\/policia-patrullero-768x506.jpg\",\"keywords\":[\"Ciclista\",\"Fallecida\"],\"articleSection\":[\"Policiales\"],\"inLanguage\":\"es\",\"potentialAction\":[{\"@type\":\"CommentAction\",\"name\":\"Comment\",\"target\":[\"https:\\\/\\\/informelitoral.com.ar\\\/accidente-tragico-en-parana-fallecio-la-ciclista-atropellada-por-un-auto\\\/#respond\"]}]},{\"@type\":\"WebPage\",\"@id\":\"https:\\\/\\\/informelitoral.com.ar\\\/accidente-tragico-en-parana-fallecio-la-ciclista-atropellada-por-un-auto\\\/\",\"url\":\"https:\\\/\\\/informelitoral.com.ar\\\/accidente-tragico-en-parana-fallecio-la-ciclista-atropellada-por-un-auto\\\/\",\"name\":\"Accidente tr\u00e1gico en Paran\u00e1: falleci\u00f3 la ciclista atropellada por un auto - Informe Litoral\",\"isPartOf\":{\"@id\":\"https:\\\/\\\/informelitoral.com.ar\\\/#website\"},\"primaryImageOfPage\":{\"@id\":\"https:\\\/\\\/informelitoral.com.ar\\\/accidente-tragico-en-parana-fallecio-la-ciclista-atropellada-por-un-auto\\\/#primaryimage\"},\"image\":{\"@id\":\"https:\\\/\\\/informelitoral.com.ar\\\/accidente-tragico-en-parana-fallecio-la-ciclista-atropellada-por-un-auto\\\/#primaryimage\"},\"thumbnailUrl\":\"https:\\\/\\\/informelitoral.com.ar\\\/%77%70%2d%63%6f%6e%74%65%6e%74\\\/uploads\\\/2018\\\/02\\\/policia-patrullero-768x506.jpg\",\"datePublished\":\"2022-12-30T12:18:41+00:00\",\"dateModified\":\"2022-12-30T12:21:06+00:00\",\"breadcrumb\":{\"@id\":\"https:\\\/\\\/informelitoral.com.ar\\\/accidente-tragico-en-parana-fallecio-la-ciclista-atropellada-por-un-auto\\\/#breadcrumb\"},\"inLanguage\":\"es\",\"potentialAction\":[{\"@type\":\"ReadAction\",\"target\":[\"https:\\\/\\\/informelitoral.com.ar\\\/accidente-tragico-en-parana-fallecio-la-ciclista-atropellada-por-un-auto\\\/\"]}]},{\"@type\":\"ImageObject\",\"inLanguage\":\"es\",\"@id\":\"https:\\\/\\\/informelitoral.com.ar\\\/accidente-tragico-en-parana-fallecio-la-ciclista-atropellada-por-un-auto\\\/#primaryimage\",\"url\":\"https:\\\/\\\/informelitoral.com.ar\\\/%77%70%2d%63%6f%6e%74%65%6e%74\\\/uploads\\\/2018\\\/02\\\/policia-patrullero-768x506.jpg\",\"contentUrl\":\"https:\\\/\\\/informelitoral.com.ar\\\/%77%70%2d%63%6f%6e%74%65%6e%74\\\/uploads\\\/2018\\\/02\\\/policia-patrullero-768x506.jpg\",\"width\":768,\"height\":506},{\"@type\":\"BreadcrumbList\",\"@id\":\"https:\\\/\\\/informelitoral.com.ar\\\/accidente-tragico-en-parana-fallecio-la-ciclista-atropellada-por-un-auto\\\/#breadcrumb\",\"itemListElement\":[{\"@type\":\"ListItem\",\"position\":1,\"name\":\"Portada\",\"item\":\"https:\\\/\\\/informelitoral.com.ar\\\/\"},{\"@type\":\"ListItem\",\"position\":2,\"name\":\"Accidente tr\u00e1gico en Paran\u00e1: falleci\u00f3 la ciclista atropellada por un auto\"}]},{\"@type\":\"WebSite\",\"@id\":\"https:\\\/\\\/informelitoral.com.ar\\\/#website\",\"url\":\"https:\\\/\\\/informelitoral.com.ar\\\/\",\"name\":\"Informe Litoral\",\"description\":\"&quot;Nos informamos&quot; \",\"publisher\":{\"@id\":\"https:\\\/\\\/informelitoral.com.ar\\\/#organization\"},\"potentialAction\":[{\"@type\":\"SearchAction\",\"target\":{\"@type\":\"EntryPoint\",\"urlTemplate\":\"https:\\\/\\\/informelitoral.com.ar\\\/?s={search_term_string}\"},\"query-input\":{\"@type\":\"PropertyValueSpecification\",\"valueRequired\":true,\"valueName\":\"search_term_string\"}}],\"inLanguage\":\"es\"},{\"@type\":\"Organization\",\"@id\":\"https:\\\/\\\/informelitoral.com.ar\\\/#organization\",\"name\":\"Informe Litoral\",\"url\":\"https:\\\/\\\/informelitoral.com.ar\\\/\",\"logo\":{\"@type\":\"ImageObject\",\"inLanguage\":\"es\",\"@id\":\"https:\\\/\\\/informelitoral.com.ar\\\/#\\\/schema\\\/logo\\\/image\\\/\",\"url\":\"https:\\\/\\\/informelitoral.com.ar\\\/%77%70%2d%63%6f%6e%74%65%6e%74\\\/uploads\\\/2021\\\/01\\\/circulo.png\",\"contentUrl\":\"https:\\\/\\\/informelitoral.com.ar\\\/%77%70%2d%63%6f%6e%74%65%6e%74\\\/uploads\\\/2021\\\/01\\\/circulo.png\",\"width\":723,\"height\":731,\"caption\":\"Informe Litoral\"},\"image\":{\"@id\":\"https:\\\/\\\/informelitoral.com.ar\\\/#\\\/schema\\\/logo\\\/image\\\/\"},\"sameAs\":[\"https:\\\/\\\/www.facebook.com\\\/informelitoral\\\/\",\"https:\\\/\\\/x.com\\\/InformeLitoral\",\"https:\\\/\\\/www.instagram.com\\\/informelitoral\\\/\",\"https:\\\/\\\/www.youtube.com\\\/channel\\\/UCua4Qvz8Icb6MYqhoq9xLXw\"]},{\"@type\":\"Person\",\"@id\":\"https:\\\/\\\/informelitoral.com.ar\\\/#\\\/schema\\\/person\\\/f05f9f461677119578717524b127d6d5\",\"name\":\"Sebastian\",\"image\":{\"@type\":\"ImageObject\",\"inLanguage\":\"es\",\"@id\":\"https:\\\/\\\/secure.gravatar.com\\\/avatar\\\/b71bf7481d447dfb9583c7f2798e7cc64de6efb9067b74633ed8c31059a3bd82?s=96&d=mm&r=g\",\"url\":\"https:\\\/\\\/secure.gravatar.com\\\/avatar\\\/b71bf7481d447dfb9583c7f2798e7cc64de6efb9067b74633ed8c31059a3bd82?s=96&d=mm&r=g\",\"contentUrl\":\"https:\\\/\\\/secure.gravatar.com\\\/avatar\\\/b71bf7481d447dfb9583c7f2798e7cc64de6efb9067b74633ed8c31059a3bd82?s=96&d=mm&r=g\",\"caption\":\"Sebastian\"},\"url\":\"https:\\\/\\\/informelitoral.com.ar\\\/author\\\/sebastian\\\/\"}]}<\/script>","yoast_head_json":{"title":"Accidente tr\u00e1gico en Paran\u00e1: falleci\u00f3 la ciclista atropellada por un auto - Informe Litoral","robots":{"index":"index","follow":"follow","max-snippet":"max-snippet:-1","max-image-preview":"max-image-preview:large","max-video-preview":"max-video-preview:-1"},"canonical":"https:\/\/informelitoral.com.ar\/accidente-tragico-en-parana-fallecio-la-ciclista-atropellada-por-un-auto\/","og_locale":"es_ES","og_type":"article","og_title":"Accidente tr\u00e1gico en Paran\u00e1: falleci\u00f3 la ciclista atropellada por un auto - Informe Litoral","og_description":"Una mujer que se conduc\u00eda en bicicleta fue embestida por un auto en avenida Almafuerte de Paran\u00e1. Hab\u00eda quedado internada en grave estado y este viernes se confirm\u00f3 su deceso.","og_url":"https:\/\/informelitoral.com.ar\/accidente-tragico-en-parana-fallecio-la-ciclista-atropellada-por-un-auto\/","og_site_name":"Informe Litoral","article_publisher":"https:\/\/www.facebook.com\/informelitoral\/","article_published_time":"2022-12-30T12:18:41+00:00","article_modified_time":"2022-12-30T12:21:06+00:00","og_image":[{"width":768,"height":506,"url":"https:\/\/informelitoral.com.ar\/%77%70%2d%63%6f%6e%74%65%6e%74\/uploads\/2018\/02\/policia-patrullero-768x506.jpg","type":"image\/jpeg"}],"author":"Sebastian","twitter_card":"summary_large_image","twitter_creator":"@InformeLitoral","twitter_site":"@InformeLitoral","twitter_misc":{"Escrito por":"Sebastian","Tiempo de lectura":"1 minuto"},"schema":{"@context":"https:\/\/schema.org","@graph":[{"@type":"Article","@id":"https:\/\/informelitoral.com.ar\/accidente-tragico-en-parana-fallecio-la-ciclista-atropellada-por-un-auto\/#article","isPartOf":{"@id":"https:\/\/informelitoral.com.ar\/accidente-tragico-en-parana-fallecio-la-ciclista-atropellada-por-un-auto\/"},"author":{"name":"Sebastian","@id":"https:\/\/informelitoral.com.ar\/#\/schema\/person\/f05f9f461677119578717524b127d6d5"},"headline":"Accidente tr\u00e1gico en Paran\u00e1: falleci\u00f3 la ciclista atropellada por un auto","datePublished":"2022-12-30T12:18:41+00:00","dateModified":"2022-12-30T12:21:06+00:00","mainEntityOfPage":{"@id":"https:\/\/informelitoral.com.ar\/accidente-tragico-en-parana-fallecio-la-ciclista-atropellada-por-un-auto\/"},"wordCount":223,"commentCount":0,"publisher":{"@id":"https:\/\/informelitoral.com.ar\/#organization"},"image":{"@id":"https:\/\/informelitoral.com.ar\/accidente-tragico-en-parana-fallecio-la-ciclista-atropellada-por-un-auto\/#primaryimage"},"thumbnailUrl":"https:\/\/informelitoral.com.ar\/%77%70%2d%63%6f%6e%74%65%6e%74\/uploads\/2018\/02\/policia-patrullero-768x506.jpg","keywords":["Ciclista","Fallecida"],"articleSection":["Policiales"],"inLanguage":"es","potentialAction":[{"@type":"CommentAction","name":"Comment","target":["https:\/\/informelitoral.com.ar\/accidente-tragico-en-parana-fallecio-la-ciclista-atropellada-por-un-auto\/#respond"]}]},{"@type":"WebPage","@id":"https:\/\/informelitoral.com.ar\/accidente-tragico-en-parana-fallecio-la-ciclista-atropellada-por-un-auto\/","url":"https:\/\/informelitoral.com.ar\/accidente-tragico-en-parana-fallecio-la-ciclista-atropellada-por-un-auto\/","name":"Accidente tr\u00e1gico en Paran\u00e1: falleci\u00f3 la ciclista atropellada por un auto - Informe Litoral","isPartOf":{"@id":"https:\/\/informelitoral.com.ar\/#website"},"primaryImageOfPage":{"@id":"https:\/\/informelitoral.com.ar\/accidente-tragico-en-parana-fallecio-la-ciclista-atropellada-por-un-auto\/#primaryimage"},"image":{"@id":"https:\/\/informelitoral.com.ar\/accidente-tragico-en-parana-fallecio-la-ciclista-atropellada-por-un-auto\/#primaryimage"},"thumbnailUrl":"https:\/\/informelitoral.com.ar\/%77%70%2d%63%6f%6e%74%65%6e%74\/uploads\/2018\/02\/policia-patrullero-768x506.jpg","datePublished":"2022-12-30T12:18:41+00:00","dateModified":"2022-12-30T12:21:06+00:00","breadcrumb":{"@id":"https:\/\/informelitoral.com.ar\/accidente-tragico-en-parana-fallecio-la-ciclista-atropellada-por-un-auto\/#breadcrumb"},"inLanguage":"es","potentialAction":[{"@type":"ReadAction","target":["https:\/\/informelitoral.com.ar\/accidente-tragico-en-parana-fallecio-la-ciclista-atropellada-por-un-auto\/"]}]},{"@type":"ImageObject","inLanguage":"es","@id":"https:\/\/informelitoral.com.ar\/accidente-tragico-en-parana-fallecio-la-ciclista-atropellada-por-un-auto\/#primaryimage","url":"https:\/\/informelitoral.com.ar\/%77%70%2d%63%6f%6e%74%65%6e%74\/uploads\/2018\/02\/policia-patrullero-768x506.jpg","contentUrl":"https:\/\/informelitoral.com.ar\/%77%70%2d%63%6f%6e%74%65%6e%74\/uploads\/2018\/02\/policia-patrullero-768x506.jpg","width":768,"height":506},{"@type":"BreadcrumbList","@id":"https:\/\/informelitoral.com.ar\/accidente-tragico-en-parana-fallecio-la-ciclista-atropellada-por-un-auto\/#breadcrumb","itemListElement":[{"@type":"ListItem","position":1,"name":"Portada","item":"https:\/\/informelitoral.com.ar\/"},{"@type":"ListItem","position":2,"name":"Accidente tr\u00e1gico en Paran\u00e1: falleci\u00f3 la ciclista atropellada por un auto"}]},{"@type":"WebSite","@id":"https:\/\/informelitoral.com.ar\/#website","url":"https:\/\/informelitoral.com.ar\/","name":"Informe Litoral","description":"&quot;Nos informamos&quot; ","publisher":{"@id":"https:\/\/informelitoral.com.ar\/#organization"},"potentialAction":[{"@type":"SearchAction","target":{"@type":"EntryPoint","urlTemplate":"https:\/\/informelitoral.com.ar\/?s={search_term_string}"},"query-input":{"@type":"PropertyValueSpecification","valueRequired":true,"valueName":"search_term_string"}}],"inLanguage":"es"},{"@type":"Organization","@id":"https:\/\/informelitoral.com.ar\/#organization","name":"Informe Litoral","url":"https:\/\/informelitoral.com.ar\/","logo":{"@type":"ImageObject","inLanguage":"es","@id":"https:\/\/informelitoral.com.ar\/#\/schema\/logo\/image\/","url":"https:\/\/informelitoral.com.ar\/%77%70%2d%63%6f%6e%74%65%6e%74\/uploads\/2021\/01\/circulo.png","contentUrl":"https:\/\/informelitoral.com.ar\/%77%70%2d%63%6f%6e%74%65%6e%74\/uploads\/2021\/01\/circulo.png","width":723,"height":731,"caption":"Informe Litoral"},"image":{"@id":"https:\/\/informelitoral.com.ar\/#\/schema\/logo\/image\/"},"sameAs":["https:\/\/www.facebook.com\/informelitoral\/","https:\/\/x.com\/InformeLitoral","https:\/\/www.instagram.com\/informelitoral\/","https:\/\/www.youtube.com\/channel\/UCua4Qvz8Icb6MYqhoq9xLXw"]},{"@type":"Person","@id":"https:\/\/informelitoral.com.ar\/#\/schema\/person\/f05f9f461677119578717524b127d6d5","name":"Sebastian","image":{"@type":"ImageObject","inLanguage":"es","@id":"https:\/\/secure.gravatar.com\/avatar\/b71bf7481d447dfb9583c7f2798e7cc64de6efb9067b74633ed8c31059a3bd82?s=96&d=mm&r=g","url":"https:\/\/secure.gravatar.com\/avatar\/b71bf7481d447dfb9583c7f2798e7cc64de6efb9067b74633ed8c31059a3bd82?s=96&d=mm&r=g","contentUrl":"https:\/\/secure.gravatar.com\/avatar\/b71bf7481d447dfb9583c7f2798e7cc64de6efb9067b74633ed8c31059a3bd82?s=96&d=mm&r=g","caption":"Sebastian"},"url":"https:\/\/informelitoral.com.ar\/author\/sebastian\/"}]}},"_links":{"self":[{"href":"https:\/\/informelitoral.com.ar\/%77%70%2d%6a%73%6f%6e\/wp\/v2\/posts\/105740","targetHints":{"allow":["GET"]}}],"collection":[{"href":"https:\/\/informelitoral.com.ar\/%77%70%2d%6a%73%6f%6e\/wp\/v2\/posts"}],"about":[{"href":"https:\/\/informelitoral.com.ar\/%77%70%2d%6a%73%6f%6e\/wp\/v2\/types\/post"}],"author":[{"embeddable":true,"href":"https:\/\/informelitoral.com.ar\/%77%70%2d%6a%73%6f%6e\/wp\/v2\/users\/8"}],"replies":[{"embeddable":true,"href":"https:\/\/informelitoral.com.ar\/%77%70%2d%6a%73%6f%6e\/wp\/v2\/comments?post=105740"}],"version-history":[{"count":0,"href":"https:\/\/informelitoral.com.ar\/%77%70%2d%6a%73%6f%6e\/wp\/v2\/posts\/105740\/revisions"}],"wp:featuredmedia":[{"embeddable":true,"href":"https:\/\/informelitoral.com.ar\/%77%70%2d%6a%73%6f%6e\/wp\/v2\/media\/24888"}],"wp:attachment":[{"href":"https:\/\/informelitoral.com.ar\/%77%70%2d%6a%73%6f%6e\/wp\/v2\/media?parent=105740"}],"wp:term":[{"taxonomy":"category","embeddable":true,"href":"https:\/\/informelitoral.com.ar\/%77%70%2d%6a%73%6f%6e\/wp\/v2\/categories?post=105740"},{"taxonomy":"post_tag","embeddable":true,"href":"https:\/\/informelitoral.com.ar\/%77%70%2d%6a%73%6f%6e\/wp\/v2\/tags?post=105740"}],"curies":[{"name":"wp","href":"https:\/\/api.w.org\/{rel}","templated":true}]}}