{"id":105684,"date":"2022-12-30T08:41:13","date_gmt":"2022-12-30T11:41:13","guid":{"rendered":"https:\/\/www.informelitoral.com.ar\/?p=105684"},"modified":"2022-12-30T17:18:45","modified_gmt":"2022-12-30T20:18:45","slug":"el-gobierno-postergo-la-suba-de-impuestos-a-los-combustibles","status":"publish","type":"post","link":"https:\/\/informelitoral.com.ar\/el-gobierno-postergo-la-suba-de-impuestos-a-los-combustibles\/","title":{"rendered":"El Gobierno posterg\u00f3 la suba de impuestos a los combustibles"},"content":{"rendered":"<p>El gobierno nacional prorrog\u00f3 la suba del impuesto a los combustibles creado en la ley 23.966, cuyos efectos se trasladar\u00edan directamente a los precios.<\/p>\n<p>La norma, sancionada en 1998, cre\u00f3 un tributo que se suma al precio de los combustibles l\u00edquidos y el gas natural, con el argumento de financiar fondos de Viviendas e infraestructura en todo el pa\u00eds. Impone montos fijos que se calculan sobre unidades de medida de los productos derivados de petr\u00f3leo y que se van actualizando en funci\u00f3n de la variaci\u00f3n del \u00cdndice de Precios al Consumidor (IPC) que mide INDEC.<\/p>\n<p>El precio de las naftas, el gasoil y otros derivados sufrir\u00e1 incrementos con un tope del 4% en los pr\u00f3ximos meses, pero la aplicaci\u00f3n del impuesto de la ley 23.966 har\u00eda que la suba sea mayor. Eso es lo que busca evitar el gobierno nacional con una nueva pr\u00f3rroga de la suspensi\u00f3n del impuesto.<\/p>\n<p>En principio, el cobro de este tributo quedar\u00e1 relegado, al menos, hasta el 1\u00b0 de abril de 2023, seg\u00fan la disposici\u00f3n oficializada este viernes 30 de diciembre en el Bolet\u00edn Oficial. La pr\u00f3rroga fue establecida mediante el decreto 864\/2022 y lleva la firma del presidente Alberto Fern\u00e1ndez, el jefe de gabinete Juan Manzur y el ministro de econom\u00eda, Sergio Massa.<\/p>\n<p>En los considerandos, el instrumento oficializado anoche explica que todos los aumentos en los combustibles se trasladan casi en forma directa al resto de los precios de la econom\u00eda. Esto tiene un trasfondo sencillo de entender: el precio del combustible es uno de los costos principales para el transporte que mueve los productos de consumo. Si este aumenta, los precios finales del resto de la econom\u00eda tambi\u00e9n lo hacen.<\/p>\n<p>\u201cCon el fin de asegurar una necesaria estabilizaci\u00f3n y una adecuada evoluci\u00f3n de los precios, resulta razonable, para la nafta sin plomo, la nafta virgen y el gasoil, postergar hasta el 1\u00b0 de abril del a\u00f1o 2023 los efectos de los incrementos en los montos de los impuestos establecidos\u201d, en la ley mencionada.<\/p>\n","protected":false},"excerpt":{"rendered":"<p>Con el fin de \u201casegurar una necesaria estabilizaci\u00f3n y una adecuada evoluci\u00f3n de los precios\u201d, el Poder Ejecutivo suspendi\u00f3 el aumento de tributos hasta abril pr\u00f3ximo. Los combustibles subir\u00e1n 4% mensual en los primeros meses de 2023.<\/p>\n","protected":false},"author":8,"featured_media":103216,"comment_status":"open","ping_status":"open","sticky":false,"template":"","format":"standard","meta":{"fifu_image_url":"","fifu_image_alt":"","footnotes":""},"categories":[1594,7],"tags":[1693,156],"class_list":{"0":"post-105684","1":"post","2":"type-post","3":"status-publish","4":"format-standard","5":"has-post-thumbnail","7":"category-economia","8":"category-nacionales","9":"tag-combustible","10":"tag-combustibles"},"yoast_head":"<title>El Gobierno posterg\u00f3 la suba de impuestos a los combustibles - Informe Litoral<\/title>\n<meta name=\"robots\" content=\"index, follow, max-snippet:-1, max-image-preview:large, max-video-preview:-1\" \/>\n<link rel=\"canonical\" href=\"https:\/\/informelitoral.com.ar\/el-gobierno-postergo-la-suba-de-impuestos-a-los-combustibles\/\" \/>\n<meta property=\"og:locale\" content=\"es_ES\" \/>\n<meta property=\"og:type\" content=\"article\" \/>\n<meta property=\"og:title\" content=\"El Gobierno posterg\u00f3 la suba de impuestos a los combustibles - Informe Litoral\" \/>\n<meta property=\"og:description\" content=\"Con el fin de \u201casegurar una necesaria estabilizaci\u00f3n y una adecuada evoluci\u00f3n de los precios\u201d, el Poder Ejecutivo suspendi\u00f3 el aumento de tributos hasta abril pr\u00f3ximo. Los combustibles subir\u00e1n 4% mensual en los primeros meses de 2023.\" \/>\n<meta property=\"og:url\" content=\"https:\/\/informelitoral.com.ar\/el-gobierno-postergo-la-suba-de-impuestos-a-los-combustibles\/\" \/>\n<meta property=\"og:site_name\" content=\"Informe Litoral\" \/>\n<meta property=\"article:publisher\" content=\"https:\/\/www.facebook.com\/informelitoral\/\" \/>\n<meta property=\"article:published_time\" content=\"2022-12-30T11:41:13+00:00\" \/>\n<meta property=\"article:modified_time\" content=\"2022-12-30T20:18:45+00:00\" \/>\n<meta property=\"og:image\" content=\"https:\/\/informelitoral.com.ar\/%77%70%2d%63%6f%6e%74%65%6e%74\/uploads\/2022\/12\/o_1500633916.jpg\" \/>\n\t<meta property=\"og:image:width\" content=\"800\" \/>\n\t<meta property=\"og:image:height\" content=\"450\" \/>\n\t<meta property=\"og:image:type\" content=\"image\/jpeg\" \/>\n<meta name=\"author\" content=\"Sebastian\" \/>\n<meta name=\"twitter:card\" content=\"summary_large_image\" \/>\n<meta name=\"twitter:creator\" content=\"@InformeLitoral\" \/>\n<meta name=\"twitter:site\" content=\"@InformeLitoral\" \/>\n<meta name=\"twitter:label1\" content=\"Escrito por\" \/>\n\t<meta name=\"twitter:data1\" content=\"Sebastian\" \/>\n\t<meta name=\"twitter:label2\" content=\"Tiempo de lectura\" \/>\n\t<meta name=\"twitter:data2\" content=\"2 minutos\" \/>\n<script type=\"application\/ld+json\" class=\"yoast-schema-graph\">{\"@context\":\"https:\\\/\\\/schema.org\",\"@graph\":[{\"@type\":\"Article\",\"@id\":\"https:\\\/\\\/informelitoral.com.ar\\\/el-gobierno-postergo-la-suba-de-impuestos-a-los-combustibles\\\/#article\",\"isPartOf\":{\"@id\":\"https:\\\/\\\/informelitoral.com.ar\\\/el-gobierno-postergo-la-suba-de-impuestos-a-los-combustibles\\\/\"},\"author\":{\"name\":\"Sebastian\",\"@id\":\"https:\\\/\\\/informelitoral.com.ar\\\/#\\\/schema\\\/person\\\/f05f9f461677119578717524b127d6d5\"},\"headline\":\"El Gobierno posterg\u00f3 la suba de impuestos a los combustibles\",\"datePublished\":\"2022-12-30T11:41:13+00:00\",\"dateModified\":\"2022-12-30T20:18:45+00:00\",\"mainEntityOfPage\":{\"@id\":\"https:\\\/\\\/informelitoral.com.ar\\\/el-gobierno-postergo-la-suba-de-impuestos-a-los-combustibles\\\/\"},\"wordCount\":354,\"commentCount\":0,\"publisher\":{\"@id\":\"https:\\\/\\\/informelitoral.com.ar\\\/#organization\"},\"image\":{\"@id\":\"https:\\\/\\\/informelitoral.com.ar\\\/el-gobierno-postergo-la-suba-de-impuestos-a-los-combustibles\\\/#primaryimage\"},\"thumbnailUrl\":\"https:\\\/\\\/informelitoral.com.ar\\\/%77%70%2d%63%6f%6e%74%65%6e%74\\\/uploads\\\/2022\\\/12\\\/o_1500633916.jpg\",\"keywords\":[\"Combustible\",\"Combustibles\"],\"articleSection\":[\"Econom\u00eda\",\"Nacionales\"],\"inLanguage\":\"es\",\"potentialAction\":[{\"@type\":\"CommentAction\",\"name\":\"Comment\",\"target\":[\"https:\\\/\\\/informelitoral.com.ar\\\/el-gobierno-postergo-la-suba-de-impuestos-a-los-combustibles\\\/#respond\"]}]},{\"@type\":\"WebPage\",\"@id\":\"https:\\\/\\\/informelitoral.com.ar\\\/el-gobierno-postergo-la-suba-de-impuestos-a-los-combustibles\\\/\",\"url\":\"https:\\\/\\\/informelitoral.com.ar\\\/el-gobierno-postergo-la-suba-de-impuestos-a-los-combustibles\\\/\",\"name\":\"El Gobierno posterg\u00f3 la suba de impuestos a los combustibles - Informe Litoral\",\"isPartOf\":{\"@id\":\"https:\\\/\\\/informelitoral.com.ar\\\/#website\"},\"primaryImageOfPage\":{\"@id\":\"https:\\\/\\\/informelitoral.com.ar\\\/el-gobierno-postergo-la-suba-de-impuestos-a-los-combustibles\\\/#primaryimage\"},\"image\":{\"@id\":\"https:\\\/\\\/informelitoral.com.ar\\\/el-gobierno-postergo-la-suba-de-impuestos-a-los-combustibles\\\/#primaryimage\"},\"thumbnailUrl\":\"https:\\\/\\\/informelitoral.com.ar\\\/%77%70%2d%63%6f%6e%74%65%6e%74\\\/uploads\\\/2022\\\/12\\\/o_1500633916.jpg\",\"datePublished\":\"2022-12-30T11:41:13+00:00\",\"dateModified\":\"2022-12-30T20:18:45+00:00\",\"breadcrumb\":{\"@id\":\"https:\\\/\\\/informelitoral.com.ar\\\/el-gobierno-postergo-la-suba-de-impuestos-a-los-combustibles\\\/#breadcrumb\"},\"inLanguage\":\"es\",\"potentialAction\":[{\"@type\":\"ReadAction\",\"target\":[\"https:\\\/\\\/informelitoral.com.ar\\\/el-gobierno-postergo-la-suba-de-impuestos-a-los-combustibles\\\/\"]}]},{\"@type\":\"ImageObject\",\"inLanguage\":\"es\",\"@id\":\"https:\\\/\\\/informelitoral.com.ar\\\/el-gobierno-postergo-la-suba-de-impuestos-a-los-combustibles\\\/#primaryimage\",\"url\":\"https:\\\/\\\/informelitoral.com.ar\\\/%77%70%2d%63%6f%6e%74%65%6e%74\\\/uploads\\\/2022\\\/12\\\/o_1500633916.jpg\",\"contentUrl\":\"https:\\\/\\\/informelitoral.com.ar\\\/%77%70%2d%63%6f%6e%74%65%6e%74\\\/uploads\\\/2022\\\/12\\\/o_1500633916.jpg\",\"width\":800,\"height\":450},{\"@type\":\"BreadcrumbList\",\"@id\":\"https:\\\/\\\/informelitoral.com.ar\\\/el-gobierno-postergo-la-suba-de-impuestos-a-los-combustibles\\\/#breadcrumb\",\"itemListElement\":[{\"@type\":\"ListItem\",\"position\":1,\"name\":\"Portada\",\"item\":\"https:\\\/\\\/informelitoral.com.ar\\\/\"},{\"@type\":\"ListItem\",\"position\":2,\"name\":\"El Gobierno posterg\u00f3 la suba de impuestos a los combustibles\"}]},{\"@type\":\"WebSite\",\"@id\":\"https:\\\/\\\/informelitoral.com.ar\\\/#website\",\"url\":\"https:\\\/\\\/informelitoral.com.ar\\\/\",\"name\":\"Informe Litoral\",\"description\":\"&quot;Nos informamos&quot; \",\"publisher\":{\"@id\":\"https:\\\/\\\/informelitoral.com.ar\\\/#organization\"},\"potentialAction\":[{\"@type\":\"SearchAction\",\"target\":{\"@type\":\"EntryPoint\",\"urlTemplate\":\"https:\\\/\\\/informelitoral.com.ar\\\/?s={search_term_string}\"},\"query-input\":{\"@type\":\"PropertyValueSpecification\",\"valueRequired\":true,\"valueName\":\"search_term_string\"}}],\"inLanguage\":\"es\"},{\"@type\":\"Organization\",\"@id\":\"https:\\\/\\\/informelitoral.com.ar\\\/#organization\",\"name\":\"Informe Litoral\",\"url\":\"https:\\\/\\\/informelitoral.com.ar\\\/\",\"logo\":{\"@type\":\"ImageObject\",\"inLanguage\":\"es\",\"@id\":\"https:\\\/\\\/informelitoral.com.ar\\\/#\\\/schema\\\/logo\\\/image\\\/\",\"url\":\"https:\\\/\\\/informelitoral.com.ar\\\/%77%70%2d%63%6f%6e%74%65%6e%74\\\/uploads\\\/2021\\\/01\\\/circulo.png\",\"contentUrl\":\"https:\\\/\\\/informelitoral.com.ar\\\/%77%70%2d%63%6f%6e%74%65%6e%74\\\/uploads\\\/2021\\\/01\\\/circulo.png\",\"width\":723,\"height\":731,\"caption\":\"Informe Litoral\"},\"image\":{\"@id\":\"https:\\\/\\\/informelitoral.com.ar\\\/#\\\/schema\\\/logo\\\/image\\\/\"},\"sameAs\":[\"https:\\\/\\\/www.facebook.com\\\/informelitoral\\\/\",\"https:\\\/\\\/x.com\\\/InformeLitoral\",\"https:\\\/\\\/www.instagram.com\\\/informelitoral\\\/\",\"https:\\\/\\\/www.youtube.com\\\/channel\\\/UCua4Qvz8Icb6MYqhoq9xLXw\"]},{\"@type\":\"Person\",\"@id\":\"https:\\\/\\\/informelitoral.com.ar\\\/#\\\/schema\\\/person\\\/f05f9f461677119578717524b127d6d5\",\"name\":\"Sebastian\",\"image\":{\"@type\":\"ImageObject\",\"inLanguage\":\"es\",\"@id\":\"https:\\\/\\\/secure.gravatar.com\\\/avatar\\\/b71bf7481d447dfb9583c7f2798e7cc64de6efb9067b74633ed8c31059a3bd82?s=96&d=mm&r=g\",\"url\":\"https:\\\/\\\/secure.gravatar.com\\\/avatar\\\/b71bf7481d447dfb9583c7f2798e7cc64de6efb9067b74633ed8c31059a3bd82?s=96&d=mm&r=g\",\"contentUrl\":\"https:\\\/\\\/secure.gravatar.com\\\/avatar\\\/b71bf7481d447dfb9583c7f2798e7cc64de6efb9067b74633ed8c31059a3bd82?s=96&d=mm&r=g\",\"caption\":\"Sebastian\"},\"url\":\"https:\\\/\\\/informelitoral.com.ar\\\/author\\\/sebastian\\\/\"}]}<\/script>","yoast_head_json":{"title":"El Gobierno posterg\u00f3 la suba de impuestos a los combustibles - Informe Litoral","robots":{"index":"index","follow":"follow","max-snippet":"max-snippet:-1","max-image-preview":"max-image-preview:large","max-video-preview":"max-video-preview:-1"},"canonical":"https:\/\/informelitoral.com.ar\/el-gobierno-postergo-la-suba-de-impuestos-a-los-combustibles\/","og_locale":"es_ES","og_type":"article","og_title":"El Gobierno posterg\u00f3 la suba de impuestos a los combustibles - Informe Litoral","og_description":"Con el fin de \u201casegurar una necesaria estabilizaci\u00f3n y una adecuada evoluci\u00f3n de los precios\u201d, el Poder Ejecutivo suspendi\u00f3 el aumento de tributos hasta abril pr\u00f3ximo. Los combustibles subir\u00e1n 4% mensual en los primeros meses de 2023.","og_url":"https:\/\/informelitoral.com.ar\/el-gobierno-postergo-la-suba-de-impuestos-a-los-combustibles\/","og_site_name":"Informe Litoral","article_publisher":"https:\/\/www.facebook.com\/informelitoral\/","article_published_time":"2022-12-30T11:41:13+00:00","article_modified_time":"2022-12-30T20:18:45+00:00","og_image":[{"width":800,"height":450,"url":"https:\/\/informelitoral.com.ar\/%77%70%2d%63%6f%6e%74%65%6e%74\/uploads\/2022\/12\/o_1500633916.jpg","type":"image\/jpeg"}],"author":"Sebastian","twitter_card":"summary_large_image","twitter_creator":"@InformeLitoral","twitter_site":"@InformeLitoral","twitter_misc":{"Escrito por":"Sebastian","Tiempo de lectura":"2 minutos"},"schema":{"@context":"https:\/\/schema.org","@graph":[{"@type":"Article","@id":"https:\/\/informelitoral.com.ar\/el-gobierno-postergo-la-suba-de-impuestos-a-los-combustibles\/#article","isPartOf":{"@id":"https:\/\/informelitoral.com.ar\/el-gobierno-postergo-la-suba-de-impuestos-a-los-combustibles\/"},"author":{"name":"Sebastian","@id":"https:\/\/informelitoral.com.ar\/#\/schema\/person\/f05f9f461677119578717524b127d6d5"},"headline":"El Gobierno posterg\u00f3 la suba de impuestos a los combustibles","datePublished":"2022-12-30T11:41:13+00:00","dateModified":"2022-12-30T20:18:45+00:00","mainEntityOfPage":{"@id":"https:\/\/informelitoral.com.ar\/el-gobierno-postergo-la-suba-de-impuestos-a-los-combustibles\/"},"wordCount":354,"commentCount":0,"publisher":{"@id":"https:\/\/informelitoral.com.ar\/#organization"},"image":{"@id":"https:\/\/informelitoral.com.ar\/el-gobierno-postergo-la-suba-de-impuestos-a-los-combustibles\/#primaryimage"},"thumbnailUrl":"https:\/\/informelitoral.com.ar\/%77%70%2d%63%6f%6e%74%65%6e%74\/uploads\/2022\/12\/o_1500633916.jpg","keywords":["Combustible","Combustibles"],"articleSection":["Econom\u00eda","Nacionales"],"inLanguage":"es","potentialAction":[{"@type":"CommentAction","name":"Comment","target":["https:\/\/informelitoral.com.ar\/el-gobierno-postergo-la-suba-de-impuestos-a-los-combustibles\/#respond"]}]},{"@type":"WebPage","@id":"https:\/\/informelitoral.com.ar\/el-gobierno-postergo-la-suba-de-impuestos-a-los-combustibles\/","url":"https:\/\/informelitoral.com.ar\/el-gobierno-postergo-la-suba-de-impuestos-a-los-combustibles\/","name":"El Gobierno posterg\u00f3 la suba de impuestos a los combustibles - Informe Litoral","isPartOf":{"@id":"https:\/\/informelitoral.com.ar\/#website"},"primaryImageOfPage":{"@id":"https:\/\/informelitoral.com.ar\/el-gobierno-postergo-la-suba-de-impuestos-a-los-combustibles\/#primaryimage"},"image":{"@id":"https:\/\/informelitoral.com.ar\/el-gobierno-postergo-la-suba-de-impuestos-a-los-combustibles\/#primaryimage"},"thumbnailUrl":"https:\/\/informelitoral.com.ar\/%77%70%2d%63%6f%6e%74%65%6e%74\/uploads\/2022\/12\/o_1500633916.jpg","datePublished":"2022-12-30T11:41:13+00:00","dateModified":"2022-12-30T20:18:45+00:00","breadcrumb":{"@id":"https:\/\/informelitoral.com.ar\/el-gobierno-postergo-la-suba-de-impuestos-a-los-combustibles\/#breadcrumb"},"inLanguage":"es","potentialAction":[{"@type":"ReadAction","target":["https:\/\/informelitoral.com.ar\/el-gobierno-postergo-la-suba-de-impuestos-a-los-combustibles\/"]}]},{"@type":"ImageObject","inLanguage":"es","@id":"https:\/\/informelitoral.com.ar\/el-gobierno-postergo-la-suba-de-impuestos-a-los-combustibles\/#primaryimage","url":"https:\/\/informelitoral.com.ar\/%77%70%2d%63%6f%6e%74%65%6e%74\/uploads\/2022\/12\/o_1500633916.jpg","contentUrl":"https:\/\/informelitoral.com.ar\/%77%70%2d%63%6f%6e%74%65%6e%74\/uploads\/2022\/12\/o_1500633916.jpg","width":800,"height":450},{"@type":"BreadcrumbList","@id":"https:\/\/informelitoral.com.ar\/el-gobierno-postergo-la-suba-de-impuestos-a-los-combustibles\/#breadcrumb","itemListElement":[{"@type":"ListItem","position":1,"name":"Portada","item":"https:\/\/informelitoral.com.ar\/"},{"@type":"ListItem","position":2,"name":"El Gobierno posterg\u00f3 la suba de impuestos a los combustibles"}]},{"@type":"WebSite","@id":"https:\/\/informelitoral.com.ar\/#website","url":"https:\/\/informelitoral.com.ar\/","name":"Informe Litoral","description":"&quot;Nos informamos&quot; ","publisher":{"@id":"https:\/\/informelitoral.com.ar\/#organization"},"potentialAction":[{"@type":"SearchAction","target":{"@type":"EntryPoint","urlTemplate":"https:\/\/informelitoral.com.ar\/?s={search_term_string}"},"query-input":{"@type":"PropertyValueSpecification","valueRequired":true,"valueName":"search_term_string"}}],"inLanguage":"es"},{"@type":"Organization","@id":"https:\/\/informelitoral.com.ar\/#organization","name":"Informe Litoral","url":"https:\/\/informelitoral.com.ar\/","logo":{"@type":"ImageObject","inLanguage":"es","@id":"https:\/\/informelitoral.com.ar\/#\/schema\/logo\/image\/","url":"https:\/\/informelitoral.com.ar\/%77%70%2d%63%6f%6e%74%65%6e%74\/uploads\/2021\/01\/circulo.png","contentUrl":"https:\/\/informelitoral.com.ar\/%77%70%2d%63%6f%6e%74%65%6e%74\/uploads\/2021\/01\/circulo.png","width":723,"height":731,"caption":"Informe Litoral"},"image":{"@id":"https:\/\/informelitoral.com.ar\/#\/schema\/logo\/image\/"},"sameAs":["https:\/\/www.facebook.com\/informelitoral\/","https:\/\/x.com\/InformeLitoral","https:\/\/www.instagram.com\/informelitoral\/","https:\/\/www.youtube.com\/channel\/UCua4Qvz8Icb6MYqhoq9xLXw"]},{"@type":"Person","@id":"https:\/\/informelitoral.com.ar\/#\/schema\/person\/f05f9f461677119578717524b127d6d5","name":"Sebastian","image":{"@type":"ImageObject","inLanguage":"es","@id":"https:\/\/secure.gravatar.com\/avatar\/b71bf7481d447dfb9583c7f2798e7cc64de6efb9067b74633ed8c31059a3bd82?s=96&d=mm&r=g","url":"https:\/\/secure.gravatar.com\/avatar\/b71bf7481d447dfb9583c7f2798e7cc64de6efb9067b74633ed8c31059a3bd82?s=96&d=mm&r=g","contentUrl":"https:\/\/secure.gravatar.com\/avatar\/b71bf7481d447dfb9583c7f2798e7cc64de6efb9067b74633ed8c31059a3bd82?s=96&d=mm&r=g","caption":"Sebastian"},"url":"https:\/\/informelitoral.com.ar\/author\/sebastian\/"}]}},"_links":{"self":[{"href":"https:\/\/informelitoral.com.ar\/%77%70%2d%6a%73%6f%6e\/wp\/v2\/posts\/105684","targetHints":{"allow":["GET"]}}],"collection":[{"href":"https:\/\/informelitoral.com.ar\/%77%70%2d%6a%73%6f%6e\/wp\/v2\/posts"}],"about":[{"href":"https:\/\/informelitoral.com.ar\/%77%70%2d%6a%73%6f%6e\/wp\/v2\/types\/post"}],"author":[{"embeddable":true,"href":"https:\/\/informelitoral.com.ar\/%77%70%2d%6a%73%6f%6e\/wp\/v2\/users\/8"}],"replies":[{"embeddable":true,"href":"https:\/\/informelitoral.com.ar\/%77%70%2d%6a%73%6f%6e\/wp\/v2\/comments?post=105684"}],"version-history":[{"count":0,"href":"https:\/\/informelitoral.com.ar\/%77%70%2d%6a%73%6f%6e\/wp\/v2\/posts\/105684\/revisions"}],"wp:featuredmedia":[{"embeddable":true,"href":"https:\/\/informelitoral.com.ar\/%77%70%2d%6a%73%6f%6e\/wp\/v2\/media\/103216"}],"wp:attachment":[{"href":"https:\/\/informelitoral.com.ar\/%77%70%2d%6a%73%6f%6e\/wp\/v2\/media?parent=105684"}],"wp:term":[{"taxonomy":"category","embeddable":true,"href":"https:\/\/informelitoral.com.ar\/%77%70%2d%6a%73%6f%6e\/wp\/v2\/categories?post=105684"},{"taxonomy":"post_tag","embeddable":true,"href":"https:\/\/informelitoral.com.ar\/%77%70%2d%6a%73%6f%6e\/wp\/v2\/tags?post=105684"}],"curies":[{"name":"wp","href":"https:\/\/api.w.org\/{rel}","templated":true}]}}