{"id":104430,"date":"2022-12-27T10:05:46","date_gmt":"2022-12-27T13:05:46","guid":{"rendered":"https:\/\/www.informelitoral.com.ar\/?p=104430"},"modified":"2022-12-27T16:56:47","modified_gmt":"2022-12-27T19:56:47","slug":"bahillo-se-reunio-con-ministros-de-la-zona-nucleo-y-la-mesa-de-enlace","status":"publish","type":"post","link":"https:\/\/informelitoral.com.ar\/bahillo-se-reunio-con-ministros-de-la-zona-nucleo-y-la-mesa-de-enlace\/","title":{"rendered":"Bahillo se reuni\u00f3 con Ministros de la zona n\u00facleo y la Mesa de Enlace"},"content":{"rendered":"<p>El secretario de Agricultura, Ganader\u00eda y Pesca de la Naci\u00f3n, <strong>Juan Jos\u00e9 Bahillo,<\/strong> analiz\u00f3 con los Ministros de Agricultura y Producci\u00f3n de Santa Fe, Buenos Aires, C\u00f3rdoba, La Pampa y Entre R\u00edos una agenda de temas propuesta por las provincias, que incluye reforzar el financiamiento para sectores complicados por los tres a\u00f1os de sequ\u00eda como la lecher\u00eda, la ganader\u00eda porcina y av\u00edcola, y la agricultura.<\/p>\n<p>En este sentido, Bahillo destac\u00f3 \u00abel aporte de los Ministros provinciales que conocen en profundidad los territorios afectados, para enriquecer las medidas que estamos trabajando desde la Secretar\u00eda de Agricultura con el objetivo de llevarles alivio a los productores\u00bb, al explicar que las mismas incluyen un plan de asistencia para los productores tamberos, porcinos y av\u00edcolas, tanto para carne como la producci\u00f3n de huevos.<\/p>\n<p>Del encuentro convocado por Bahillo en la ciudad de Rosario, participaron los representantes de la Mesa de Enlace quienes solicitaron mayor celeridad en la asistencia a los productores, por el contexto de urgencia que viven.<\/p>\n<p>Por su parte, el secretario de Agricultura de Entre R\u00edos,<strong> Lucio Amavet,<\/strong> consider\u00f3 como \u00abpositiva la reuni\u00f3n porque pudimos venir a compartir nuestra visi\u00f3n del impacto que est\u00e1 teniendo la sequ\u00eda y conversar sobre lo que deber\u00edan ser las l\u00edneas que ayuden a paliar la situaci\u00f3n a los productores\u00bb.<\/p>\n<p>Mientras que el ministro de Producci\u00f3n, Ciencia y Tecnolog\u00eda de Santa Fe, <strong>Daniel Costamagna<\/strong>, manifest\u00f3 que \u00abaplaudimos que esta reuni\u00f3n se haya hecho en el interior del pa\u00eds, con la presencia de los Ministros de la regi\u00f3n n\u00facleo y de las entidades del campo. La situaci\u00f3n de la sequ\u00eda en Santa Fe es muy grave. Propusimos temas de acompa\u00f1amiento financiero e impositivo, y que las soluciones lleguen r\u00e1pido, porque el productor el problema lo tiene hoy. Tenemos mortandad de hacienda en el norte y una cosecha de trigo con p\u00e9rdidas de casi un 50%. Adem\u00e1s estamos en plena \u00e9poca de siembra y hoy est\u00e1 interrumpida porque no ten\u00e9s humedad en el perfil. Es tan preocupante el presente como lo que pueda pasar en 2023 con el ma\u00edz, la leche, la carne, la producci\u00f3n porcina, av\u00edcola, entre otras\u00bb.<\/p>\n<p>En tanto que el ministro de Desarrollo Agrario de Buenos Aires, <strong>Javier Rodr\u00edguez<\/strong>, resalt\u00f3 que \u00abha sido una reuni\u00f3n de intercambio y de trabajo conjunto importante con el objetivo de llevar alivio a todos los productores afectados por la emergencia clim\u00e1tica. Desde la provincia de Buenos Aires contamos con distintas l\u00edneas de financiamiento y aportes no reintegrables para paliar los efectos de esta sequ\u00eda. Entendemos que la situaci\u00f3n est\u00e1 afectando tambi\u00e9n a producciones como la porcina, aviar y lecher\u00eda, y por eso se puso especial \u00e9nfasis en delinear acciones enfocadas en esas actividades\u00bb.<\/p>\n<p>El ministro de Agricultura y Ganader\u00eda de C\u00f3rdoba, <strong>Sergio Busso,<\/strong> se\u00f1al\u00f3 que \u00abel apoyo tiene que ser r\u00e1pido\u00bb, al indicar que \u00aben C\u00f3rdoba la sequ\u00eda es dispar, se ve en los rindes del trigo\u00bb.<\/p>\n<p>En la jornada se abordaron tambi\u00e9n los avances del Programa de Incremento Exportador II, que est\u00e1 en funcionamiento hasta el 31 de diciembre con el fin de fortalecer las reservas. A partir del \u00e9xito de este programa, desde el Gobierno se trabaja en medidas de acceso a insumos para la industria lechera, porcina, aviar y de econom\u00edas regionales con el objetivo de impulsar las cadenas productivas agroalimentarias.<\/p>\n<h4><strong>Los presentes<\/strong><\/h4>\n<p>De la actividad realizada en la Delegaci\u00f3n del Gobierno de Santa Fe en Rosario, participaron el jefe de Gabinete de la SAGyP, <strong>Juan Manuel Fern\u00e1ndez Arocena<\/strong>; el subsecretario de Ganader\u00eda y Producci\u00f3n Animal, <strong>Jos\u00e9 Mar\u00eda Romero<\/strong>; el subsecretario de Gesti\u00f3n Administrativa, <strong>Rosendo Tarsetti<\/strong>; el subsecretario de Alimentos, Bioeconom\u00eda y Desarrollo Regional, <strong>Luis Contigiani<\/strong>; el coordinador de FONDAGRO, <strong>Jos\u00e9 Portillo<\/strong>; y el asesor en temas internacionales y emergencias, <strong>Ariel Mart\u00ednez.<\/strong><\/p>\n<p>Por la provincia de Buenos Aires, particip\u00f3 el ministro de Desarrollo Agrario, <strong>Javier Rodr\u00edguez<\/strong>; por C\u00f3rdoba, el ministro de Agricultura y Ganader\u00eda, <strong>Sergio Busso<\/strong>; por Entre R\u00edos el secretario de Agricultura, <strong>Lucio Amavet<\/strong>; por La Pampa, la ministra de Producci\u00f3n, <strong>Fernanda Gonz\u00e1lez<\/strong>; y por Santa Fe, el ministro de Producci\u00f3n, Ciencia y Tecnolog\u00eda, <strong>Daniel Costamagna.<\/strong><\/p>\n<p>En representaci\u00f3n de la Mesa de Enlace, asistieron<strong> Carlos Achetoni<\/strong>, presidente de Federaci\u00f3n Agraria Argentina; <strong>Jorge Chemes<\/strong>, presidente de Confederaciones Rurales Argentinas; <strong>Elbio Laucirica,<\/strong> presidente de CONINAGRO; y<strong> Ra\u00fal Etchebehere<\/strong>, vicepresidente 2do de la Sociedad Rural.<\/p>\n","protected":false},"excerpt":{"rendered":"<p>Durante un encuentro en Rosario, se analiz\u00f3 la posibilidad de reforzar el financiamiento para sectores complicados por los tres a\u00f1os de sequ\u00eda como la lecher\u00eda, la ganader\u00eda porcina y av\u00edcola, y la agricultura.<\/p>\n","protected":false},"author":8,"featured_media":104434,"comment_status":"open","ping_status":"open","sticky":false,"template":"","format":"standard","meta":{"fifu_image_url":"","fifu_image_alt":"","footnotes":""},"categories":[10],"tags":[71,1646,195,642,816,59],"class_list":{"0":"post-104430","1":"post","2":"type-post","3":"status-publish","4":"format-standard","5":"has-post-thumbnail","7":"category-campo","8":"tag-campo","9":"tag-juan-jose-bahillo","10":"tag-mesa-de-enlace","11":"tag-reunion","12":"tag-rosario","13":"tag-sequia"},"yoast_head":"<title>Bahillo se reuni\u00f3 con Ministros de la zona n\u00facleo y la Mesa de Enlace - Informe Litoral<\/title>\n<meta name=\"robots\" content=\"index, follow, max-snippet:-1, max-image-preview:large, max-video-preview:-1\" \/>\n<link rel=\"canonical\" href=\"https:\/\/informelitoral.com.ar\/bahillo-se-reunio-con-ministros-de-la-zona-nucleo-y-la-mesa-de-enlace\/\" \/>\n<meta property=\"og:locale\" content=\"es_ES\" \/>\n<meta property=\"og:type\" content=\"article\" \/>\n<meta property=\"og:title\" content=\"Bahillo se reuni\u00f3 con Ministros de la zona n\u00facleo y la Mesa de Enlace - Informe Litoral\" \/>\n<meta property=\"og:description\" content=\"Durante un encuentro en Rosario, se analiz\u00f3 la posibilidad de reforzar el financiamiento para sectores complicados por los tres a\u00f1os de sequ\u00eda como la lecher\u00eda, la ganader\u00eda porcina y av\u00edcola, y la agricultura.\" \/>\n<meta property=\"og:url\" content=\"https:\/\/informelitoral.com.ar\/bahillo-se-reunio-con-ministros-de-la-zona-nucleo-y-la-mesa-de-enlace\/\" \/>\n<meta property=\"og:site_name\" content=\"Informe Litoral\" \/>\n<meta property=\"article:publisher\" content=\"https:\/\/www.facebook.com\/informelitoral\/\" \/>\n<meta property=\"article:published_time\" content=\"2022-12-27T13:05:46+00:00\" \/>\n<meta property=\"article:modified_time\" content=\"2022-12-27T19:56:47+00:00\" \/>\n<meta property=\"og:image\" content=\"https:\/\/informelitoral.com.ar\/%77%70%2d%63%6f%6e%74%65%6e%74\/uploads\/2022\/12\/o_1672088472.jpg\" \/>\n\t<meta property=\"og:image:width\" content=\"800\" \/>\n\t<meta property=\"og:image:height\" content=\"450\" \/>\n\t<meta property=\"og:image:type\" content=\"image\/jpeg\" \/>\n<meta name=\"author\" content=\"Sebastian\" \/>\n<meta name=\"twitter:card\" content=\"summary_large_image\" \/>\n<meta name=\"twitter:creator\" content=\"@InformeLitoral\" \/>\n<meta name=\"twitter:site\" content=\"@InformeLitoral\" \/>\n<meta name=\"twitter:label1\" content=\"Escrito por\" \/>\n\t<meta name=\"twitter:data1\" content=\"Sebastian\" \/>\n\t<meta name=\"twitter:label2\" content=\"Tiempo de lectura\" \/>\n\t<meta name=\"twitter:data2\" content=\"4 minutos\" \/>\n<script type=\"application\/ld+json\" class=\"yoast-schema-graph\">{\"@context\":\"https:\\\/\\\/schema.org\",\"@graph\":[{\"@type\":\"Article\",\"@id\":\"https:\\\/\\\/informelitoral.com.ar\\\/bahillo-se-reunio-con-ministros-de-la-zona-nucleo-y-la-mesa-de-enlace\\\/#article\",\"isPartOf\":{\"@id\":\"https:\\\/\\\/informelitoral.com.ar\\\/bahillo-se-reunio-con-ministros-de-la-zona-nucleo-y-la-mesa-de-enlace\\\/\"},\"author\":{\"name\":\"Sebastian\",\"@id\":\"https:\\\/\\\/informelitoral.com.ar\\\/#\\\/schema\\\/person\\\/f05f9f461677119578717524b127d6d5\"},\"headline\":\"Bahillo se reuni\u00f3 con Ministros de la zona n\u00facleo y la Mesa de Enlace\",\"datePublished\":\"2022-12-27T13:05:46+00:00\",\"dateModified\":\"2022-12-27T19:56:47+00:00\",\"mainEntityOfPage\":{\"@id\":\"https:\\\/\\\/informelitoral.com.ar\\\/bahillo-se-reunio-con-ministros-de-la-zona-nucleo-y-la-mesa-de-enlace\\\/\"},\"wordCount\":789,\"commentCount\":0,\"publisher\":{\"@id\":\"https:\\\/\\\/informelitoral.com.ar\\\/#organization\"},\"image\":{\"@id\":\"https:\\\/\\\/informelitoral.com.ar\\\/bahillo-se-reunio-con-ministros-de-la-zona-nucleo-y-la-mesa-de-enlace\\\/#primaryimage\"},\"thumbnailUrl\":\"https:\\\/\\\/informelitoral.com.ar\\\/%77%70%2d%63%6f%6e%74%65%6e%74\\\/uploads\\\/2022\\\/12\\\/o_1672088472.jpg\",\"keywords\":[\"Campo\",\"Juan Jos\u00e9 Bahillo\",\"Mesa de Enlace\",\"Reuni\u00f3n\",\"Rosario\",\"Sequ\u00eda\"],\"articleSection\":[\"Campo\"],\"inLanguage\":\"es\",\"potentialAction\":[{\"@type\":\"CommentAction\",\"name\":\"Comment\",\"target\":[\"https:\\\/\\\/informelitoral.com.ar\\\/bahillo-se-reunio-con-ministros-de-la-zona-nucleo-y-la-mesa-de-enlace\\\/#respond\"]}]},{\"@type\":\"WebPage\",\"@id\":\"https:\\\/\\\/informelitoral.com.ar\\\/bahillo-se-reunio-con-ministros-de-la-zona-nucleo-y-la-mesa-de-enlace\\\/\",\"url\":\"https:\\\/\\\/informelitoral.com.ar\\\/bahillo-se-reunio-con-ministros-de-la-zona-nucleo-y-la-mesa-de-enlace\\\/\",\"name\":\"Bahillo se reuni\u00f3 con Ministros de la zona n\u00facleo y la Mesa de Enlace - Informe Litoral\",\"isPartOf\":{\"@id\":\"https:\\\/\\\/informelitoral.com.ar\\\/#website\"},\"primaryImageOfPage\":{\"@id\":\"https:\\\/\\\/informelitoral.com.ar\\\/bahillo-se-reunio-con-ministros-de-la-zona-nucleo-y-la-mesa-de-enlace\\\/#primaryimage\"},\"image\":{\"@id\":\"https:\\\/\\\/informelitoral.com.ar\\\/bahillo-se-reunio-con-ministros-de-la-zona-nucleo-y-la-mesa-de-enlace\\\/#primaryimage\"},\"thumbnailUrl\":\"https:\\\/\\\/informelitoral.com.ar\\\/%77%70%2d%63%6f%6e%74%65%6e%74\\\/uploads\\\/2022\\\/12\\\/o_1672088472.jpg\",\"datePublished\":\"2022-12-27T13:05:46+00:00\",\"dateModified\":\"2022-12-27T19:56:47+00:00\",\"breadcrumb\":{\"@id\":\"https:\\\/\\\/informelitoral.com.ar\\\/bahillo-se-reunio-con-ministros-de-la-zona-nucleo-y-la-mesa-de-enlace\\\/#breadcrumb\"},\"inLanguage\":\"es\",\"potentialAction\":[{\"@type\":\"ReadAction\",\"target\":[\"https:\\\/\\\/informelitoral.com.ar\\\/bahillo-se-reunio-con-ministros-de-la-zona-nucleo-y-la-mesa-de-enlace\\\/\"]}]},{\"@type\":\"ImageObject\",\"inLanguage\":\"es\",\"@id\":\"https:\\\/\\\/informelitoral.com.ar\\\/bahillo-se-reunio-con-ministros-de-la-zona-nucleo-y-la-mesa-de-enlace\\\/#primaryimage\",\"url\":\"https:\\\/\\\/informelitoral.com.ar\\\/%77%70%2d%63%6f%6e%74%65%6e%74\\\/uploads\\\/2022\\\/12\\\/o_1672088472.jpg\",\"contentUrl\":\"https:\\\/\\\/informelitoral.com.ar\\\/%77%70%2d%63%6f%6e%74%65%6e%74\\\/uploads\\\/2022\\\/12\\\/o_1672088472.jpg\",\"width\":800,\"height\":450},{\"@type\":\"BreadcrumbList\",\"@id\":\"https:\\\/\\\/informelitoral.com.ar\\\/bahillo-se-reunio-con-ministros-de-la-zona-nucleo-y-la-mesa-de-enlace\\\/#breadcrumb\",\"itemListElement\":[{\"@type\":\"ListItem\",\"position\":1,\"name\":\"Portada\",\"item\":\"https:\\\/\\\/informelitoral.com.ar\\\/\"},{\"@type\":\"ListItem\",\"position\":2,\"name\":\"Bahillo se reuni\u00f3 con Ministros de la zona n\u00facleo y la Mesa de Enlace\"}]},{\"@type\":\"WebSite\",\"@id\":\"https:\\\/\\\/informelitoral.com.ar\\\/#website\",\"url\":\"https:\\\/\\\/informelitoral.com.ar\\\/\",\"name\":\"Informe Litoral\",\"description\":\"&quot;Nos informamos&quot; \",\"publisher\":{\"@id\":\"https:\\\/\\\/informelitoral.com.ar\\\/#organization\"},\"potentialAction\":[{\"@type\":\"SearchAction\",\"target\":{\"@type\":\"EntryPoint\",\"urlTemplate\":\"https:\\\/\\\/informelitoral.com.ar\\\/?s={search_term_string}\"},\"query-input\":{\"@type\":\"PropertyValueSpecification\",\"valueRequired\":true,\"valueName\":\"search_term_string\"}}],\"inLanguage\":\"es\"},{\"@type\":\"Organization\",\"@id\":\"https:\\\/\\\/informelitoral.com.ar\\\/#organization\",\"name\":\"Informe Litoral\",\"url\":\"https:\\\/\\\/informelitoral.com.ar\\\/\",\"logo\":{\"@type\":\"ImageObject\",\"inLanguage\":\"es\",\"@id\":\"https:\\\/\\\/informelitoral.com.ar\\\/#\\\/schema\\\/logo\\\/image\\\/\",\"url\":\"https:\\\/\\\/informelitoral.com.ar\\\/%77%70%2d%63%6f%6e%74%65%6e%74\\\/uploads\\\/2021\\\/01\\\/circulo.png\",\"contentUrl\":\"https:\\\/\\\/informelitoral.com.ar\\\/%77%70%2d%63%6f%6e%74%65%6e%74\\\/uploads\\\/2021\\\/01\\\/circulo.png\",\"width\":723,\"height\":731,\"caption\":\"Informe Litoral\"},\"image\":{\"@id\":\"https:\\\/\\\/informelitoral.com.ar\\\/#\\\/schema\\\/logo\\\/image\\\/\"},\"sameAs\":[\"https:\\\/\\\/www.facebook.com\\\/informelitoral\\\/\",\"https:\\\/\\\/x.com\\\/InformeLitoral\",\"https:\\\/\\\/www.instagram.com\\\/informelitoral\\\/\",\"https:\\\/\\\/www.youtube.com\\\/channel\\\/UCua4Qvz8Icb6MYqhoq9xLXw\"]},{\"@type\":\"Person\",\"@id\":\"https:\\\/\\\/informelitoral.com.ar\\\/#\\\/schema\\\/person\\\/f05f9f461677119578717524b127d6d5\",\"name\":\"Sebastian\",\"image\":{\"@type\":\"ImageObject\",\"inLanguage\":\"es\",\"@id\":\"https:\\\/\\\/secure.gravatar.com\\\/avatar\\\/b71bf7481d447dfb9583c7f2798e7cc64de6efb9067b74633ed8c31059a3bd82?s=96&d=mm&r=g\",\"url\":\"https:\\\/\\\/secure.gravatar.com\\\/avatar\\\/b71bf7481d447dfb9583c7f2798e7cc64de6efb9067b74633ed8c31059a3bd82?s=96&d=mm&r=g\",\"contentUrl\":\"https:\\\/\\\/secure.gravatar.com\\\/avatar\\\/b71bf7481d447dfb9583c7f2798e7cc64de6efb9067b74633ed8c31059a3bd82?s=96&d=mm&r=g\",\"caption\":\"Sebastian\"},\"url\":\"https:\\\/\\\/informelitoral.com.ar\\\/author\\\/sebastian\\\/\"}]}<\/script>","yoast_head_json":{"title":"Bahillo se reuni\u00f3 con Ministros de la zona n\u00facleo y la Mesa de Enlace - Informe Litoral","robots":{"index":"index","follow":"follow","max-snippet":"max-snippet:-1","max-image-preview":"max-image-preview:large","max-video-preview":"max-video-preview:-1"},"canonical":"https:\/\/informelitoral.com.ar\/bahillo-se-reunio-con-ministros-de-la-zona-nucleo-y-la-mesa-de-enlace\/","og_locale":"es_ES","og_type":"article","og_title":"Bahillo se reuni\u00f3 con Ministros de la zona n\u00facleo y la Mesa de Enlace - Informe Litoral","og_description":"Durante un encuentro en Rosario, se analiz\u00f3 la posibilidad de reforzar el financiamiento para sectores complicados por los tres a\u00f1os de sequ\u00eda como la lecher\u00eda, la ganader\u00eda porcina y av\u00edcola, y la agricultura.","og_url":"https:\/\/informelitoral.com.ar\/bahillo-se-reunio-con-ministros-de-la-zona-nucleo-y-la-mesa-de-enlace\/","og_site_name":"Informe Litoral","article_publisher":"https:\/\/www.facebook.com\/informelitoral\/","article_published_time":"2022-12-27T13:05:46+00:00","article_modified_time":"2022-12-27T19:56:47+00:00","og_image":[{"width":800,"height":450,"url":"https:\/\/informelitoral.com.ar\/%77%70%2d%63%6f%6e%74%65%6e%74\/uploads\/2022\/12\/o_1672088472.jpg","type":"image\/jpeg"}],"author":"Sebastian","twitter_card":"summary_large_image","twitter_creator":"@InformeLitoral","twitter_site":"@InformeLitoral","twitter_misc":{"Escrito por":"Sebastian","Tiempo de lectura":"4 minutos"},"schema":{"@context":"https:\/\/schema.org","@graph":[{"@type":"Article","@id":"https:\/\/informelitoral.com.ar\/bahillo-se-reunio-con-ministros-de-la-zona-nucleo-y-la-mesa-de-enlace\/#article","isPartOf":{"@id":"https:\/\/informelitoral.com.ar\/bahillo-se-reunio-con-ministros-de-la-zona-nucleo-y-la-mesa-de-enlace\/"},"author":{"name":"Sebastian","@id":"https:\/\/informelitoral.com.ar\/#\/schema\/person\/f05f9f461677119578717524b127d6d5"},"headline":"Bahillo se reuni\u00f3 con Ministros de la zona n\u00facleo y la Mesa de Enlace","datePublished":"2022-12-27T13:05:46+00:00","dateModified":"2022-12-27T19:56:47+00:00","mainEntityOfPage":{"@id":"https:\/\/informelitoral.com.ar\/bahillo-se-reunio-con-ministros-de-la-zona-nucleo-y-la-mesa-de-enlace\/"},"wordCount":789,"commentCount":0,"publisher":{"@id":"https:\/\/informelitoral.com.ar\/#organization"},"image":{"@id":"https:\/\/informelitoral.com.ar\/bahillo-se-reunio-con-ministros-de-la-zona-nucleo-y-la-mesa-de-enlace\/#primaryimage"},"thumbnailUrl":"https:\/\/informelitoral.com.ar\/%77%70%2d%63%6f%6e%74%65%6e%74\/uploads\/2022\/12\/o_1672088472.jpg","keywords":["Campo","Juan Jos\u00e9 Bahillo","Mesa de Enlace","Reuni\u00f3n","Rosario","Sequ\u00eda"],"articleSection":["Campo"],"inLanguage":"es","potentialAction":[{"@type":"CommentAction","name":"Comment","target":["https:\/\/informelitoral.com.ar\/bahillo-se-reunio-con-ministros-de-la-zona-nucleo-y-la-mesa-de-enlace\/#respond"]}]},{"@type":"WebPage","@id":"https:\/\/informelitoral.com.ar\/bahillo-se-reunio-con-ministros-de-la-zona-nucleo-y-la-mesa-de-enlace\/","url":"https:\/\/informelitoral.com.ar\/bahillo-se-reunio-con-ministros-de-la-zona-nucleo-y-la-mesa-de-enlace\/","name":"Bahillo se reuni\u00f3 con Ministros de la zona n\u00facleo y la Mesa de Enlace - Informe Litoral","isPartOf":{"@id":"https:\/\/informelitoral.com.ar\/#website"},"primaryImageOfPage":{"@id":"https:\/\/informelitoral.com.ar\/bahillo-se-reunio-con-ministros-de-la-zona-nucleo-y-la-mesa-de-enlace\/#primaryimage"},"image":{"@id":"https:\/\/informelitoral.com.ar\/bahillo-se-reunio-con-ministros-de-la-zona-nucleo-y-la-mesa-de-enlace\/#primaryimage"},"thumbnailUrl":"https:\/\/informelitoral.com.ar\/%77%70%2d%63%6f%6e%74%65%6e%74\/uploads\/2022\/12\/o_1672088472.jpg","datePublished":"2022-12-27T13:05:46+00:00","dateModified":"2022-12-27T19:56:47+00:00","breadcrumb":{"@id":"https:\/\/informelitoral.com.ar\/bahillo-se-reunio-con-ministros-de-la-zona-nucleo-y-la-mesa-de-enlace\/#breadcrumb"},"inLanguage":"es","potentialAction":[{"@type":"ReadAction","target":["https:\/\/informelitoral.com.ar\/bahillo-se-reunio-con-ministros-de-la-zona-nucleo-y-la-mesa-de-enlace\/"]}]},{"@type":"ImageObject","inLanguage":"es","@id":"https:\/\/informelitoral.com.ar\/bahillo-se-reunio-con-ministros-de-la-zona-nucleo-y-la-mesa-de-enlace\/#primaryimage","url":"https:\/\/informelitoral.com.ar\/%77%70%2d%63%6f%6e%74%65%6e%74\/uploads\/2022\/12\/o_1672088472.jpg","contentUrl":"https:\/\/informelitoral.com.ar\/%77%70%2d%63%6f%6e%74%65%6e%74\/uploads\/2022\/12\/o_1672088472.jpg","width":800,"height":450},{"@type":"BreadcrumbList","@id":"https:\/\/informelitoral.com.ar\/bahillo-se-reunio-con-ministros-de-la-zona-nucleo-y-la-mesa-de-enlace\/#breadcrumb","itemListElement":[{"@type":"ListItem","position":1,"name":"Portada","item":"https:\/\/informelitoral.com.ar\/"},{"@type":"ListItem","position":2,"name":"Bahillo se reuni\u00f3 con Ministros de la zona n\u00facleo y la Mesa de Enlace"}]},{"@type":"WebSite","@id":"https:\/\/informelitoral.com.ar\/#website","url":"https:\/\/informelitoral.com.ar\/","name":"Informe Litoral","description":"&quot;Nos informamos&quot; ","publisher":{"@id":"https:\/\/informelitoral.com.ar\/#organization"},"potentialAction":[{"@type":"SearchAction","target":{"@type":"EntryPoint","urlTemplate":"https:\/\/informelitoral.com.ar\/?s={search_term_string}"},"query-input":{"@type":"PropertyValueSpecification","valueRequired":true,"valueName":"search_term_string"}}],"inLanguage":"es"},{"@type":"Organization","@id":"https:\/\/informelitoral.com.ar\/#organization","name":"Informe Litoral","url":"https:\/\/informelitoral.com.ar\/","logo":{"@type":"ImageObject","inLanguage":"es","@id":"https:\/\/informelitoral.com.ar\/#\/schema\/logo\/image\/","url":"https:\/\/informelitoral.com.ar\/%77%70%2d%63%6f%6e%74%65%6e%74\/uploads\/2021\/01\/circulo.png","contentUrl":"https:\/\/informelitoral.com.ar\/%77%70%2d%63%6f%6e%74%65%6e%74\/uploads\/2021\/01\/circulo.png","width":723,"height":731,"caption":"Informe Litoral"},"image":{"@id":"https:\/\/informelitoral.com.ar\/#\/schema\/logo\/image\/"},"sameAs":["https:\/\/www.facebook.com\/informelitoral\/","https:\/\/x.com\/InformeLitoral","https:\/\/www.instagram.com\/informelitoral\/","https:\/\/www.youtube.com\/channel\/UCua4Qvz8Icb6MYqhoq9xLXw"]},{"@type":"Person","@id":"https:\/\/informelitoral.com.ar\/#\/schema\/person\/f05f9f461677119578717524b127d6d5","name":"Sebastian","image":{"@type":"ImageObject","inLanguage":"es","@id":"https:\/\/secure.gravatar.com\/avatar\/b71bf7481d447dfb9583c7f2798e7cc64de6efb9067b74633ed8c31059a3bd82?s=96&d=mm&r=g","url":"https:\/\/secure.gravatar.com\/avatar\/b71bf7481d447dfb9583c7f2798e7cc64de6efb9067b74633ed8c31059a3bd82?s=96&d=mm&r=g","contentUrl":"https:\/\/secure.gravatar.com\/avatar\/b71bf7481d447dfb9583c7f2798e7cc64de6efb9067b74633ed8c31059a3bd82?s=96&d=mm&r=g","caption":"Sebastian"},"url":"https:\/\/informelitoral.com.ar\/author\/sebastian\/"}]}},"_links":{"self":[{"href":"https:\/\/informelitoral.com.ar\/%77%70%2d%6a%73%6f%6e\/wp\/v2\/posts\/104430","targetHints":{"allow":["GET"]}}],"collection":[{"href":"https:\/\/informelitoral.com.ar\/%77%70%2d%6a%73%6f%6e\/wp\/v2\/posts"}],"about":[{"href":"https:\/\/informelitoral.com.ar\/%77%70%2d%6a%73%6f%6e\/wp\/v2\/types\/post"}],"author":[{"embeddable":true,"href":"https:\/\/informelitoral.com.ar\/%77%70%2d%6a%73%6f%6e\/wp\/v2\/users\/8"}],"replies":[{"embeddable":true,"href":"https:\/\/informelitoral.com.ar\/%77%70%2d%6a%73%6f%6e\/wp\/v2\/comments?post=104430"}],"version-history":[{"count":0,"href":"https:\/\/informelitoral.com.ar\/%77%70%2d%6a%73%6f%6e\/wp\/v2\/posts\/104430\/revisions"}],"wp:featuredmedia":[{"embeddable":true,"href":"https:\/\/informelitoral.com.ar\/%77%70%2d%6a%73%6f%6e\/wp\/v2\/media\/104434"}],"wp:attachment":[{"href":"https:\/\/informelitoral.com.ar\/%77%70%2d%6a%73%6f%6e\/wp\/v2\/media?parent=104430"}],"wp:term":[{"taxonomy":"category","embeddable":true,"href":"https:\/\/informelitoral.com.ar\/%77%70%2d%6a%73%6f%6e\/wp\/v2\/categories?post=104430"},{"taxonomy":"post_tag","embeddable":true,"href":"https:\/\/informelitoral.com.ar\/%77%70%2d%6a%73%6f%6e\/wp\/v2\/tags?post=104430"}],"curies":[{"name":"wp","href":"https:\/\/api.w.org\/{rel}","templated":true}]}}