{"id":104315,"date":"2022-12-27T08:35:12","date_gmt":"2022-12-27T11:35:12","guid":{"rendered":"https:\/\/www.informelitoral.com.ar\/?p=104315"},"modified":"2022-12-27T17:00:23","modified_gmt":"2022-12-27T20:00:23","slug":"104315-2","status":"publish","type":"post","link":"https:\/\/informelitoral.com.ar\/104315-2\/","title":{"rendered":"Sube la temperatura y primeras tendencias para A\u00f1o Nuevo: prev\u00e9n un frente fr\u00edo"},"content":{"rendered":"<article class=\"cont-cuerpo\">\n<section class=\"texto\">Las temperaturas suben aunque sin ser agobiantes en los primeros d\u00edas de la \u00faltima semana del 2022, luego de un notable descenso t\u00e9rmico producido en gran parte del pa\u00eds durante las fiestas navide\u00f1as.<\/section>\n<section class=\"texto\">\u201cEs probable que sea un martes de tormentas fuertes sobre las provincias del noreste del pa\u00eds, present\u00e1ndose de forma aislada con fuertes lluvias en cortos periodos, granizo y r\u00e1fagas localizadas\u201d, advirti\u00f3 el meteor\u00f3logo Christian Garavaglia.<\/p>\n<div class=\"embed\">\n<div class=\"inner-art\">\n<div class=\"clear\"><\/div>\n<\/div>\n<\/div>\n<p>Y ampli\u00f3: \u201cSimult\u00e1neamente, otras tormentas m\u00e1s dispersas se activar\u00edan hacia la tarde del martes sobre C\u00f3rdoba (especialmente sector de sierras), norte de La Pampa, y oeste y sudoeste de Buenos Aires, en este caso fomentadas por la llegada de un frente fr\u00edo desde la Patagonia\u201d.<\/p>\n<p><b>En el caso de Entre R\u00edos, se aguarda nubosidad en aumento y ligeramente inestable<\/b>, con probabilidad de algunas lluvias d\u00e9biles y aisladas sobre el centro y posibilidad de precipitaciones d\u00e9biles sobre el norte de la provincia. Mejorar\u00eda durante la tarde, pero con abundante nubosidad. Se espera que los registros t\u00e9rmicos m\u00e1ximos ronden los 30 grados.<\/p>\n<figure class=\"embed\"><\/figure>\n<p><b>Mi\u00e9rcoles con tormentas aisladas en el centro del pa\u00eds<\/b><br \/>\n\u201cDurante el mi\u00e9rcoles este frente continuar\u00e1 favoreciendo inestabilidad en la franja central de Argentina, con\u00a0<b>chaparrones y tormentas dispersas, que en general producir\u00edan bajos valores acumulados de precipitaci\u00f3n<\/b>\u201d, pronostic\u00f3 Garavaglia.<\/p>\n<p>Es probable se produzcan \u201cestos fen\u00f3menos sobre la Costa Atl\u00e1ntica bonaerense temprano, para luego afectar durante el d\u00eda nuevamente a C\u00f3rdoba, como as\u00ed tambi\u00e9n a la Capital Federal y los alrededores, y\u00a0<b>tambi\u00e9n el sur del Litoral, incluida Entre R\u00edos<\/b>. Entre la tarde y la noche, tambi\u00e9n son probables tormentas aisladas en las provincias del noroeste argentino\u201d.<\/p>\n<p>En las provincias del noreste del pa\u00eds, por el contrario, \u201ctras las lluvias y tormentas del martes, las condiciones se ir\u00e1n estabilizando progresivamente durante el mi\u00e9rcoles, present\u00e1ndose una jornada algo o parcialmente nublada. En la Patagonia sur, nuevamente se espera un d\u00eda muy ventoso con fuertes r\u00e1fagas y lluvias\u201d.<\/p>\n<p><b>El tiempo para el 31 de diciembre y A\u00f1o Nuevo<\/b><br \/>\n\u201c<b>El calor volver\u00e1 a ganar fuerza para la segunda mitad de semana sobre el centro y norte de Argentina, especialmente en la tarde del viernes 30<\/b>\u00a0previo al pasaje de un nuevo sistema frontal fr\u00edo por la regi\u00f3n central de Argentina\u201d, se\u00f1al\u00f3 el especialista.<\/p>\n<p>Ese d\u00eda \u201cse prev\u00e9n marcas m\u00e1ximas de 35 \u00b0C a 40 \u00b0C en amplios sectores, esper\u00e1ndose un repentino cambio de vientos al sur en Cuyo y sur de la regi\u00f3n pampeana, con probables tormentas de intensidad variable activ\u00e1ndose en las provincias del noroeste hacia el final del d\u00eda\u201d.<\/p>\n<p>El \u00faltimo d\u00eda de 2022 \u201cse presentar\u00eda inestable en toda la franja norte de Argentina, no descartando chaparrones y tormentas aisladas bajo una masa de aire caluroso y h\u00famedo\u201d.\u00a0<b>En Entre R\u00edos se anuncian m\u00e1ximas que superar\u00edan los 35 grados y por el momento no se anuncian lluvias, las cuales s\u00ed podr\u00edan hacerse presentes en el inicio del nuevo a\u00f1o<\/b>.<\/p>\n<p>\u201cPara\u00a0<b>el 1\u00b0 de enero, un nuevo frente fr\u00edo llegando a la regi\u00f3n central podr\u00eda producir un desmejoramiento en las provincias centrales, con lluvias y tormentas especialmente a partir de la tarde<\/b>\u00a0que podr\u00edan presentar fuerte intensidad sobre la provincia de Buenos Aires\u201d, complet\u00f3 Garavaglia en\u00a0<i>Meteored<\/i>.<\/p>\n<\/section>\n<div class=\"publi-top publi-listado\">\n<div class=\"publi-728\">\n<div id=\"banner-interior-b\" class=\"banner-zone-found banner-step-1 banner-loop-1 banner-is-dfp banner-step-4\" data-google-query-id=\"COGP0aLamfwCFR8huQYdgwINkA\">\n<div id=\"google_ads_iframe_\/1017853\/Elonce-InteresGeneral-Top-728x90_2__container__\"><\/div>\n<\/div>\n<\/div>\n<\/div>\n<\/article>\n<div class=\"herramientas fin-nota\">\n<div class=\"advthis\">\n<div class=\"redes\"><\/div>\n<\/div>\n<\/div>\n","protected":false},"excerpt":{"rendered":"<p>Tras una Navidad fresca, se recuperan las temperaturas. Advierten que en algunas zonas del pa\u00eds las tormentas volver\u00e1n a ser frecuentes. Es probable alguna inestabilidad en Entre R\u00edos. Qu\u00e9 pronostican para el 31 de diciembre y 1 de enero.<\/p>\n","protected":false},"author":8,"featured_media":91739,"comment_status":"open","ping_status":"open","sticky":false,"template":"","format":"standard","meta":{"fifu_image_url":"","fifu_image_alt":"","footnotes":""},"categories":[6],"tags":[38,2759,113],"class_list":{"0":"post-104315","1":"post","2":"type-post","3":"status-publish","4":"format-standard","5":"has-post-thumbnail","7":"category-entre-rios","8":"tag-el-tiempo","9":"tag-pronostico-del-tiempo","10":"tag-smn"},"yoast_head":"<title>Sube la temperatura y primeras tendencias para A\u00f1o Nuevo: prev\u00e9n un frente fr\u00edo - Informe Litoral<\/title>\n<meta name=\"robots\" content=\"index, follow, max-snippet:-1, max-image-preview:large, max-video-preview:-1\" \/>\n<link rel=\"canonical\" href=\"https:\/\/informelitoral.com.ar\/104315-2\/\" \/>\n<meta property=\"og:locale\" content=\"es_ES\" \/>\n<meta property=\"og:type\" content=\"article\" \/>\n<meta property=\"og:title\" content=\"Sube la temperatura y primeras tendencias para A\u00f1o Nuevo: prev\u00e9n un frente fr\u00edo - Informe Litoral\" \/>\n<meta property=\"og:description\" content=\"Tras una Navidad fresca, se recuperan las temperaturas. Advierten que en algunas zonas del pa\u00eds las tormentas volver\u00e1n a ser frecuentes. Es probable alguna inestabilidad en Entre R\u00edos. Qu\u00e9 pronostican para el 31 de diciembre y 1 de enero.\" \/>\n<meta property=\"og:url\" content=\"https:\/\/informelitoral.com.ar\/104315-2\/\" \/>\n<meta property=\"og:site_name\" content=\"Informe Litoral\" \/>\n<meta property=\"article:publisher\" content=\"https:\/\/www.facebook.com\/informelitoral\/\" \/>\n<meta property=\"article:published_time\" content=\"2022-12-27T11:35:12+00:00\" \/>\n<meta property=\"article:modified_time\" content=\"2022-12-27T20:00:23+00:00\" \/>\n<meta property=\"og:image\" content=\"https:\/\/informelitoral.com.ar\/%77%70%2d%63%6f%6e%74%65%6e%74\/uploads\/2022\/10\/clima-soleado.jpg\" \/>\n\t<meta property=\"og:image:width\" content=\"800\" \/>\n\t<meta property=\"og:image:height\" content=\"533\" \/>\n\t<meta property=\"og:image:type\" content=\"image\/jpeg\" \/>\n<meta name=\"author\" content=\"Sebastian\" \/>\n<meta name=\"twitter:card\" content=\"summary_large_image\" \/>\n<meta name=\"twitter:creator\" content=\"@InformeLitoral\" \/>\n<meta name=\"twitter:site\" content=\"@InformeLitoral\" \/>\n<meta name=\"twitter:label1\" content=\"Escrito por\" \/>\n\t<meta name=\"twitter:data1\" content=\"Sebastian\" \/>\n\t<meta name=\"twitter:label2\" content=\"Tiempo de lectura\" \/>\n\t<meta name=\"twitter:data2\" content=\"3 minutos\" \/>\n<script type=\"application\/ld+json\" class=\"yoast-schema-graph\">{\"@context\":\"https:\\\/\\\/schema.org\",\"@graph\":[{\"@type\":\"Article\",\"@id\":\"https:\\\/\\\/informelitoral.com.ar\\\/104315-2\\\/#article\",\"isPartOf\":{\"@id\":\"https:\\\/\\\/informelitoral.com.ar\\\/104315-2\\\/\"},\"author\":{\"name\":\"Sebastian\",\"@id\":\"https:\\\/\\\/informelitoral.com.ar\\\/#\\\/schema\\\/person\\\/f05f9f461677119578717524b127d6d5\"},\"headline\":\"Sube la temperatura y primeras tendencias para A\u00f1o Nuevo: prev\u00e9n un frente fr\u00edo\",\"datePublished\":\"2022-12-27T11:35:12+00:00\",\"dateModified\":\"2022-12-27T20:00:23+00:00\",\"mainEntityOfPage\":{\"@id\":\"https:\\\/\\\/informelitoral.com.ar\\\/104315-2\\\/\"},\"wordCount\":590,\"commentCount\":0,\"publisher\":{\"@id\":\"https:\\\/\\\/informelitoral.com.ar\\\/#organization\"},\"image\":{\"@id\":\"https:\\\/\\\/informelitoral.com.ar\\\/104315-2\\\/#primaryimage\"},\"thumbnailUrl\":\"https:\\\/\\\/informelitoral.com.ar\\\/%77%70%2d%63%6f%6e%74%65%6e%74\\\/uploads\\\/2022\\\/10\\\/clima-soleado.jpg\",\"keywords\":[\"El tiempo\",\"Pron\u00f3stico del tiempo\",\"SMN\"],\"articleSection\":[\"Entre R\u00edos\"],\"inLanguage\":\"es\",\"potentialAction\":[{\"@type\":\"CommentAction\",\"name\":\"Comment\",\"target\":[\"https:\\\/\\\/informelitoral.com.ar\\\/104315-2\\\/#respond\"]}]},{\"@type\":\"WebPage\",\"@id\":\"https:\\\/\\\/informelitoral.com.ar\\\/104315-2\\\/\",\"url\":\"https:\\\/\\\/informelitoral.com.ar\\\/104315-2\\\/\",\"name\":\"Sube la temperatura y primeras tendencias para A\u00f1o Nuevo: prev\u00e9n un frente fr\u00edo - Informe Litoral\",\"isPartOf\":{\"@id\":\"https:\\\/\\\/informelitoral.com.ar\\\/#website\"},\"primaryImageOfPage\":{\"@id\":\"https:\\\/\\\/informelitoral.com.ar\\\/104315-2\\\/#primaryimage\"},\"image\":{\"@id\":\"https:\\\/\\\/informelitoral.com.ar\\\/104315-2\\\/#primaryimage\"},\"thumbnailUrl\":\"https:\\\/\\\/informelitoral.com.ar\\\/%77%70%2d%63%6f%6e%74%65%6e%74\\\/uploads\\\/2022\\\/10\\\/clima-soleado.jpg\",\"datePublished\":\"2022-12-27T11:35:12+00:00\",\"dateModified\":\"2022-12-27T20:00:23+00:00\",\"breadcrumb\":{\"@id\":\"https:\\\/\\\/informelitoral.com.ar\\\/104315-2\\\/#breadcrumb\"},\"inLanguage\":\"es\",\"potentialAction\":[{\"@type\":\"ReadAction\",\"target\":[\"https:\\\/\\\/informelitoral.com.ar\\\/104315-2\\\/\"]}]},{\"@type\":\"ImageObject\",\"inLanguage\":\"es\",\"@id\":\"https:\\\/\\\/informelitoral.com.ar\\\/104315-2\\\/#primaryimage\",\"url\":\"https:\\\/\\\/informelitoral.com.ar\\\/%77%70%2d%63%6f%6e%74%65%6e%74\\\/uploads\\\/2022\\\/10\\\/clima-soleado.jpg\",\"contentUrl\":\"https:\\\/\\\/informelitoral.com.ar\\\/%77%70%2d%63%6f%6e%74%65%6e%74\\\/uploads\\\/2022\\\/10\\\/clima-soleado.jpg\",\"width\":800,\"height\":533},{\"@type\":\"BreadcrumbList\",\"@id\":\"https:\\\/\\\/informelitoral.com.ar\\\/104315-2\\\/#breadcrumb\",\"itemListElement\":[{\"@type\":\"ListItem\",\"position\":1,\"name\":\"Portada\",\"item\":\"https:\\\/\\\/informelitoral.com.ar\\\/\"},{\"@type\":\"ListItem\",\"position\":2,\"name\":\"Sube la temperatura y primeras tendencias para A\u00f1o Nuevo: prev\u00e9n un frente fr\u00edo\"}]},{\"@type\":\"WebSite\",\"@id\":\"https:\\\/\\\/informelitoral.com.ar\\\/#website\",\"url\":\"https:\\\/\\\/informelitoral.com.ar\\\/\",\"name\":\"Informe Litoral\",\"description\":\"&quot;Nos informamos&quot; \",\"publisher\":{\"@id\":\"https:\\\/\\\/informelitoral.com.ar\\\/#organization\"},\"potentialAction\":[{\"@type\":\"SearchAction\",\"target\":{\"@type\":\"EntryPoint\",\"urlTemplate\":\"https:\\\/\\\/informelitoral.com.ar\\\/?s={search_term_string}\"},\"query-input\":{\"@type\":\"PropertyValueSpecification\",\"valueRequired\":true,\"valueName\":\"search_term_string\"}}],\"inLanguage\":\"es\"},{\"@type\":\"Organization\",\"@id\":\"https:\\\/\\\/informelitoral.com.ar\\\/#organization\",\"name\":\"Informe Litoral\",\"url\":\"https:\\\/\\\/informelitoral.com.ar\\\/\",\"logo\":{\"@type\":\"ImageObject\",\"inLanguage\":\"es\",\"@id\":\"https:\\\/\\\/informelitoral.com.ar\\\/#\\\/schema\\\/logo\\\/image\\\/\",\"url\":\"https:\\\/\\\/informelitoral.com.ar\\\/%77%70%2d%63%6f%6e%74%65%6e%74\\\/uploads\\\/2021\\\/01\\\/circulo.png\",\"contentUrl\":\"https:\\\/\\\/informelitoral.com.ar\\\/%77%70%2d%63%6f%6e%74%65%6e%74\\\/uploads\\\/2021\\\/01\\\/circulo.png\",\"width\":723,\"height\":731,\"caption\":\"Informe Litoral\"},\"image\":{\"@id\":\"https:\\\/\\\/informelitoral.com.ar\\\/#\\\/schema\\\/logo\\\/image\\\/\"},\"sameAs\":[\"https:\\\/\\\/www.facebook.com\\\/informelitoral\\\/\",\"https:\\\/\\\/x.com\\\/InformeLitoral\",\"https:\\\/\\\/www.instagram.com\\\/informelitoral\\\/\",\"https:\\\/\\\/www.youtube.com\\\/channel\\\/UCua4Qvz8Icb6MYqhoq9xLXw\"]},{\"@type\":\"Person\",\"@id\":\"https:\\\/\\\/informelitoral.com.ar\\\/#\\\/schema\\\/person\\\/f05f9f461677119578717524b127d6d5\",\"name\":\"Sebastian\",\"image\":{\"@type\":\"ImageObject\",\"inLanguage\":\"es\",\"@id\":\"https:\\\/\\\/secure.gravatar.com\\\/avatar\\\/b71bf7481d447dfb9583c7f2798e7cc64de6efb9067b74633ed8c31059a3bd82?s=96&d=mm&r=g\",\"url\":\"https:\\\/\\\/secure.gravatar.com\\\/avatar\\\/b71bf7481d447dfb9583c7f2798e7cc64de6efb9067b74633ed8c31059a3bd82?s=96&d=mm&r=g\",\"contentUrl\":\"https:\\\/\\\/secure.gravatar.com\\\/avatar\\\/b71bf7481d447dfb9583c7f2798e7cc64de6efb9067b74633ed8c31059a3bd82?s=96&d=mm&r=g\",\"caption\":\"Sebastian\"},\"url\":\"https:\\\/\\\/informelitoral.com.ar\\\/author\\\/sebastian\\\/\"}]}<\/script>","yoast_head_json":{"title":"Sube la temperatura y primeras tendencias para A\u00f1o Nuevo: prev\u00e9n un frente fr\u00edo - Informe Litoral","robots":{"index":"index","follow":"follow","max-snippet":"max-snippet:-1","max-image-preview":"max-image-preview:large","max-video-preview":"max-video-preview:-1"},"canonical":"https:\/\/informelitoral.com.ar\/104315-2\/","og_locale":"es_ES","og_type":"article","og_title":"Sube la temperatura y primeras tendencias para A\u00f1o Nuevo: prev\u00e9n un frente fr\u00edo - Informe Litoral","og_description":"Tras una Navidad fresca, se recuperan las temperaturas. Advierten que en algunas zonas del pa\u00eds las tormentas volver\u00e1n a ser frecuentes. Es probable alguna inestabilidad en Entre R\u00edos. Qu\u00e9 pronostican para el 31 de diciembre y 1 de enero.","og_url":"https:\/\/informelitoral.com.ar\/104315-2\/","og_site_name":"Informe Litoral","article_publisher":"https:\/\/www.facebook.com\/informelitoral\/","article_published_time":"2022-12-27T11:35:12+00:00","article_modified_time":"2022-12-27T20:00:23+00:00","og_image":[{"width":800,"height":533,"url":"https:\/\/informelitoral.com.ar\/%77%70%2d%63%6f%6e%74%65%6e%74\/uploads\/2022\/10\/clima-soleado.jpg","type":"image\/jpeg"}],"author":"Sebastian","twitter_card":"summary_large_image","twitter_creator":"@InformeLitoral","twitter_site":"@InformeLitoral","twitter_misc":{"Escrito por":"Sebastian","Tiempo de lectura":"3 minutos"},"schema":{"@context":"https:\/\/schema.org","@graph":[{"@type":"Article","@id":"https:\/\/informelitoral.com.ar\/104315-2\/#article","isPartOf":{"@id":"https:\/\/informelitoral.com.ar\/104315-2\/"},"author":{"name":"Sebastian","@id":"https:\/\/informelitoral.com.ar\/#\/schema\/person\/f05f9f461677119578717524b127d6d5"},"headline":"Sube la temperatura y primeras tendencias para A\u00f1o Nuevo: prev\u00e9n un frente fr\u00edo","datePublished":"2022-12-27T11:35:12+00:00","dateModified":"2022-12-27T20:00:23+00:00","mainEntityOfPage":{"@id":"https:\/\/informelitoral.com.ar\/104315-2\/"},"wordCount":590,"commentCount":0,"publisher":{"@id":"https:\/\/informelitoral.com.ar\/#organization"},"image":{"@id":"https:\/\/informelitoral.com.ar\/104315-2\/#primaryimage"},"thumbnailUrl":"https:\/\/informelitoral.com.ar\/%77%70%2d%63%6f%6e%74%65%6e%74\/uploads\/2022\/10\/clima-soleado.jpg","keywords":["El tiempo","Pron\u00f3stico del tiempo","SMN"],"articleSection":["Entre R\u00edos"],"inLanguage":"es","potentialAction":[{"@type":"CommentAction","name":"Comment","target":["https:\/\/informelitoral.com.ar\/104315-2\/#respond"]}]},{"@type":"WebPage","@id":"https:\/\/informelitoral.com.ar\/104315-2\/","url":"https:\/\/informelitoral.com.ar\/104315-2\/","name":"Sube la temperatura y primeras tendencias para A\u00f1o Nuevo: prev\u00e9n un frente fr\u00edo - Informe Litoral","isPartOf":{"@id":"https:\/\/informelitoral.com.ar\/#website"},"primaryImageOfPage":{"@id":"https:\/\/informelitoral.com.ar\/104315-2\/#primaryimage"},"image":{"@id":"https:\/\/informelitoral.com.ar\/104315-2\/#primaryimage"},"thumbnailUrl":"https:\/\/informelitoral.com.ar\/%77%70%2d%63%6f%6e%74%65%6e%74\/uploads\/2022\/10\/clima-soleado.jpg","datePublished":"2022-12-27T11:35:12+00:00","dateModified":"2022-12-27T20:00:23+00:00","breadcrumb":{"@id":"https:\/\/informelitoral.com.ar\/104315-2\/#breadcrumb"},"inLanguage":"es","potentialAction":[{"@type":"ReadAction","target":["https:\/\/informelitoral.com.ar\/104315-2\/"]}]},{"@type":"ImageObject","inLanguage":"es","@id":"https:\/\/informelitoral.com.ar\/104315-2\/#primaryimage","url":"https:\/\/informelitoral.com.ar\/%77%70%2d%63%6f%6e%74%65%6e%74\/uploads\/2022\/10\/clima-soleado.jpg","contentUrl":"https:\/\/informelitoral.com.ar\/%77%70%2d%63%6f%6e%74%65%6e%74\/uploads\/2022\/10\/clima-soleado.jpg","width":800,"height":533},{"@type":"BreadcrumbList","@id":"https:\/\/informelitoral.com.ar\/104315-2\/#breadcrumb","itemListElement":[{"@type":"ListItem","position":1,"name":"Portada","item":"https:\/\/informelitoral.com.ar\/"},{"@type":"ListItem","position":2,"name":"Sube la temperatura y primeras tendencias para A\u00f1o Nuevo: prev\u00e9n un frente fr\u00edo"}]},{"@type":"WebSite","@id":"https:\/\/informelitoral.com.ar\/#website","url":"https:\/\/informelitoral.com.ar\/","name":"Informe Litoral","description":"&quot;Nos informamos&quot; ","publisher":{"@id":"https:\/\/informelitoral.com.ar\/#organization"},"potentialAction":[{"@type":"SearchAction","target":{"@type":"EntryPoint","urlTemplate":"https:\/\/informelitoral.com.ar\/?s={search_term_string}"},"query-input":{"@type":"PropertyValueSpecification","valueRequired":true,"valueName":"search_term_string"}}],"inLanguage":"es"},{"@type":"Organization","@id":"https:\/\/informelitoral.com.ar\/#organization","name":"Informe Litoral","url":"https:\/\/informelitoral.com.ar\/","logo":{"@type":"ImageObject","inLanguage":"es","@id":"https:\/\/informelitoral.com.ar\/#\/schema\/logo\/image\/","url":"https:\/\/informelitoral.com.ar\/%77%70%2d%63%6f%6e%74%65%6e%74\/uploads\/2021\/01\/circulo.png","contentUrl":"https:\/\/informelitoral.com.ar\/%77%70%2d%63%6f%6e%74%65%6e%74\/uploads\/2021\/01\/circulo.png","width":723,"height":731,"caption":"Informe Litoral"},"image":{"@id":"https:\/\/informelitoral.com.ar\/#\/schema\/logo\/image\/"},"sameAs":["https:\/\/www.facebook.com\/informelitoral\/","https:\/\/x.com\/InformeLitoral","https:\/\/www.instagram.com\/informelitoral\/","https:\/\/www.youtube.com\/channel\/UCua4Qvz8Icb6MYqhoq9xLXw"]},{"@type":"Person","@id":"https:\/\/informelitoral.com.ar\/#\/schema\/person\/f05f9f461677119578717524b127d6d5","name":"Sebastian","image":{"@type":"ImageObject","inLanguage":"es","@id":"https:\/\/secure.gravatar.com\/avatar\/b71bf7481d447dfb9583c7f2798e7cc64de6efb9067b74633ed8c31059a3bd82?s=96&d=mm&r=g","url":"https:\/\/secure.gravatar.com\/avatar\/b71bf7481d447dfb9583c7f2798e7cc64de6efb9067b74633ed8c31059a3bd82?s=96&d=mm&r=g","contentUrl":"https:\/\/secure.gravatar.com\/avatar\/b71bf7481d447dfb9583c7f2798e7cc64de6efb9067b74633ed8c31059a3bd82?s=96&d=mm&r=g","caption":"Sebastian"},"url":"https:\/\/informelitoral.com.ar\/author\/sebastian\/"}]}},"_links":{"self":[{"href":"https:\/\/informelitoral.com.ar\/%77%70%2d%6a%73%6f%6e\/wp\/v2\/posts\/104315","targetHints":{"allow":["GET"]}}],"collection":[{"href":"https:\/\/informelitoral.com.ar\/%77%70%2d%6a%73%6f%6e\/wp\/v2\/posts"}],"about":[{"href":"https:\/\/informelitoral.com.ar\/%77%70%2d%6a%73%6f%6e\/wp\/v2\/types\/post"}],"author":[{"embeddable":true,"href":"https:\/\/informelitoral.com.ar\/%77%70%2d%6a%73%6f%6e\/wp\/v2\/users\/8"}],"replies":[{"embeddable":true,"href":"https:\/\/informelitoral.com.ar\/%77%70%2d%6a%73%6f%6e\/wp\/v2\/comments?post=104315"}],"version-history":[{"count":0,"href":"https:\/\/informelitoral.com.ar\/%77%70%2d%6a%73%6f%6e\/wp\/v2\/posts\/104315\/revisions"}],"wp:featuredmedia":[{"embeddable":true,"href":"https:\/\/informelitoral.com.ar\/%77%70%2d%6a%73%6f%6e\/wp\/v2\/media\/91739"}],"wp:attachment":[{"href":"https:\/\/informelitoral.com.ar\/%77%70%2d%6a%73%6f%6e\/wp\/v2\/media?parent=104315"}],"wp:term":[{"taxonomy":"category","embeddable":true,"href":"https:\/\/informelitoral.com.ar\/%77%70%2d%6a%73%6f%6e\/wp\/v2\/categories?post=104315"},{"taxonomy":"post_tag","embeddable":true,"href":"https:\/\/informelitoral.com.ar\/%77%70%2d%6a%73%6f%6e\/wp\/v2\/tags?post=104315"}],"curies":[{"name":"wp","href":"https:\/\/api.w.org\/{rel}","templated":true}]}}