{"id":104150,"date":"2022-12-26T09:19:44","date_gmt":"2022-12-26T12:19:44","guid":{"rendered":"https:\/\/www.informelitoral.com.ar\/?p=104150"},"modified":"2022-12-26T09:21:16","modified_gmt":"2022-12-26T12:21:16","slug":"anses-dio-a-conocer-el-calendario-de-pago-de-enero-de-todas-sus-prestaciones","status":"publish","type":"post","link":"https:\/\/informelitoral.com.ar\/anses-dio-a-conocer-el-calendario-de-pago-de-enero-de-todas-sus-prestaciones\/","title":{"rendered":"ANSES dio a conocer el calendario de pago de enero de todas sus prestaciones"},"content":{"rendered":"<article class=\"cont-cuerpo\">\n<section class=\"texto\">ANSES difundi\u00f3 este lunes los calendarios de pagos de enero para jubilados, pensionados, Pensiones No Contributivas y titulares de la Asignaci\u00f3n Universal por Hijo, Asignaci\u00f3n por Embarazo, Asignaciones Familiares, de Pago \u00danico (Matrimonio, Nacimiento y Adopci\u00f3n) y Prestaci\u00f3n por Desempleo.<\/p>\n<p>El mismo comienza el 3 de enero con el pago de las Pensiones No Contributivas, mientras que las jubilaciones y pensiones que no superen un haber m\u00ednimo comenzar\u00e1n a percibir sus haberes a partir del 10 de enero.<\/p>\n<h5>Jubilaciones y pensiones que no superen un haber m\u00ednimo<\/h5>\n<p>DNI terminados en 0: 10 de enero<\/p>\n<p>DNI terminados en 1: 11 de enero<\/p>\n<p>DNI terminados en 2: 12 de enero<\/p>\n<p>DNI terminados en 3: 13 de enero<\/p>\n<p>DNI terminados en 4: 16 de enero<\/p>\n<p>DNI terminados en 5: 17 de enero<\/p>\n<p>DNI terminados en 6: 18 de enero<\/p>\n<p>DNI terminados en 7: 19 de enero<\/p>\n<p>DNI terminados en 8: 20 de enero<\/p>\n<p>DNI terminados en 9: 23 de enero<\/p>\n<h5>Jubilaciones y pensiones que superen un haber m\u00ednimo<\/h5>\n<p>DNI terminados en 0 y 1: 24 de enero<\/p>\n<p>DNI terminados en 2 y 3: 25 de enero<\/p>\n<p>DNI terminados en 4 y 5: 26 de enero<\/p>\n<p>DNI terminados en 6 y 7: 27 de enero<\/p>\n<p>DNI terminados en 8 y 9: 30 de enero<\/p>\n<h5>Asignaci\u00f3n Universal por Hijo y Asignaci\u00f3n Familiar por Hijo<\/h5>\n<p>DNI terminados en 0: 10 de enero<\/p>\n<p>DNI terminados en 1: 11 de enero<\/p>\n<p>DNI terminados en 2: 12 de enero<\/p>\n<p>DNI terminados en 3: 13 de enero<\/p>\n<p>DNI terminados en 4: 16 de enero<\/p>\n<p>DNI terminados en 5: 17 de enero<\/p>\n<p>DNI terminados en 6: 18 de enero<\/p>\n<p>DNI terminados en 7: 19 de enero<\/p>\n<p>DNI terminados en 8: 20 de enero<\/p>\n<p>DNI terminados en 9: 23 de enero<\/p>\n<h5>Asignaci\u00f3n por Embarazo<\/h5>\n<p>DNI terminados en 0: 11 de enero<\/p>\n<p>DNI terminados en 1: 12 de enero<\/p>\n<p>DNI terminados en 2: 13 de enero<\/p>\n<p>DNI terminados en 3: 16 de enero<\/p>\n<p>DNI terminados en 4: 17 de enero<\/p>\n<p>DNI terminados en 5: 18 de enero<\/p>\n<p>DNI terminados en 6: 19 de enero<\/p>\n<p>DNI terminados en 7: 20 de enero<\/p>\n<p>DNI terminados en 8: 23 de enero<\/p>\n<p>DNI terminados en 9: 24 de enero<\/p>\n<h5>Asignaci\u00f3n por Prenatal y Maternidad<\/h5>\n<p>DNI terminados en 0 y 1: 10 de enero<\/p>\n<p>DNI terminados en 2 y 3: 11 de enero<\/p>\n<p>DNI terminados en 4 y 5: 12 de enero<\/p>\n<p>DNI terminados en 6 y 7: 13 de enero<\/p>\n<p>DNI terminados en 8 y 9: 16 de enero<\/p>\n<h5>Asignaciones Pago \u00danico<\/h5>\n<p>Todas las terminaciones de documentos: 5 de enero al 10 de febrero<\/p>\n<h5>Pensiones No Contributivas<\/h5>\n<p>DNI terminados en 0 y 1: 3 de enero<\/p>\n<p>DNI terminados en 2 y 3: 4 de enero<\/p>\n<p>DNI terminados en 4 y 5: 5 de enero<\/p>\n<p>DNI terminados en 6 y 7: 6 de enero<\/p>\n<p>DNI terminados en 8 y 9: 9 de enero<\/p>\n<h5>Asignaciones Familiares de Pensiones No Contributivas<\/h5>\n<p>Todas las terminaciones de documentos: 10 de enero al 10 de febrero<\/p>\n<h5>Desempleo<\/h5>\n<p>DNI terminados en 0 y 1: 23 de enero<\/p>\n<p>DNI terminados en 2 y 3: 24 de enero<\/p>\n<p>DNI terminados en 4 y 5: 25 de enero<\/p>\n<p>DNI terminados en 6 y 7: 26 de enero<\/p>\n<p>DNI terminados en 8 y 9: 27 de enero<\/p>\n<\/section>\n<div class=\"publi-top publi-listado\">\n<div class=\"publi-728\">\n<div id=\"banner-interior-b\" class=\"banner-zone-found banner-step-1 banner-loop-1 banner-is-dfp banner-step-4\" data-google-query-id=\"CM7fvreil_wCFQCzlQIdRTcAgg\">\n<div id=\"google_ads_iframe_\/1017853\/Elonce-Economicas-Top-728x90_1__container__\"><\/div>\n<\/div>\n<\/div>\n<\/div>\n<\/article>\n<div class=\"herramientas fin-nota\">\n<div class=\"advthis\">\n<div class=\"redes\"><\/div>\n<\/div>\n<\/div>\n","protected":false},"excerpt":{"rendered":"<p>El organismo nacional dio a conocer el cronograma de pagos correspondiente al mes de enero de todas sus prestaciones. Inicia el 3 con el pago de pensiones no contributivas y las jubilaciones se abonan a partir del 10.<\/p>\n","protected":false},"author":8,"featured_media":24481,"comment_status":"open","ping_status":"open","sticky":false,"template":"","format":"standard","meta":{"fifu_image_url":"","fifu_image_alt":"","footnotes":""},"categories":[1594],"tags":[],"class_list":{"0":"post-104150","1":"post","2":"type-post","3":"status-publish","4":"format-standard","5":"has-post-thumbnail","7":"category-economia"},"yoast_head":"<title>ANSES dio a conocer el calendario de pago de enero de todas sus prestaciones - Informe Litoral<\/title>\n<meta name=\"robots\" content=\"index, follow, max-snippet:-1, max-image-preview:large, max-video-preview:-1\" \/>\n<link rel=\"canonical\" href=\"https:\/\/informelitoral.com.ar\/anses-dio-a-conocer-el-calendario-de-pago-de-enero-de-todas-sus-prestaciones\/\" \/>\n<meta property=\"og:locale\" content=\"es_ES\" \/>\n<meta property=\"og:type\" content=\"article\" \/>\n<meta property=\"og:title\" content=\"ANSES dio a conocer el calendario de pago de enero de todas sus prestaciones - Informe Litoral\" \/>\n<meta property=\"og:description\" content=\"El organismo nacional dio a conocer el cronograma de pagos correspondiente al mes de enero de todas sus prestaciones. Inicia el 3 con el pago de pensiones no contributivas y las jubilaciones se abonan a partir del 10.\" \/>\n<meta property=\"og:url\" content=\"https:\/\/informelitoral.com.ar\/anses-dio-a-conocer-el-calendario-de-pago-de-enero-de-todas-sus-prestaciones\/\" \/>\n<meta property=\"og:site_name\" content=\"Informe Litoral\" \/>\n<meta property=\"article:publisher\" content=\"https:\/\/www.facebook.com\/informelitoral\/\" \/>\n<meta property=\"article:published_time\" content=\"2022-12-26T12:19:44+00:00\" \/>\n<meta property=\"article:modified_time\" content=\"2022-12-26T12:21:16+00:00\" \/>\n<meta property=\"og:image\" content=\"https:\/\/informelitoral.com.ar\/%77%70%2d%63%6f%6e%74%65%6e%74\/uploads\/2018\/01\/anses_39_0_0.jpg\" \/>\n\t<meta property=\"og:image:width\" content=\"1020\" \/>\n\t<meta property=\"og:image:height\" content=\"560\" \/>\n\t<meta property=\"og:image:type\" content=\"image\/jpeg\" \/>\n<meta name=\"author\" content=\"Sebastian\" \/>\n<meta name=\"twitter:card\" content=\"summary_large_image\" \/>\n<meta name=\"twitter:creator\" content=\"@InformeLitoral\" \/>\n<meta name=\"twitter:site\" content=\"@InformeLitoral\" \/>\n<meta name=\"twitter:label1\" content=\"Escrito por\" \/>\n\t<meta name=\"twitter:data1\" content=\"Sebastian\" \/>\n\t<meta name=\"twitter:label2\" content=\"Tiempo de lectura\" \/>\n\t<meta name=\"twitter:data2\" content=\"2 minutos\" \/>\n<script type=\"application\/ld+json\" class=\"yoast-schema-graph\">{\"@context\":\"https:\\\/\\\/schema.org\",\"@graph\":[{\"@type\":\"Article\",\"@id\":\"https:\\\/\\\/informelitoral.com.ar\\\/anses-dio-a-conocer-el-calendario-de-pago-de-enero-de-todas-sus-prestaciones\\\/#article\",\"isPartOf\":{\"@id\":\"https:\\\/\\\/informelitoral.com.ar\\\/anses-dio-a-conocer-el-calendario-de-pago-de-enero-de-todas-sus-prestaciones\\\/\"},\"author\":{\"name\":\"Sebastian\",\"@id\":\"https:\\\/\\\/informelitoral.com.ar\\\/#\\\/schema\\\/person\\\/f05f9f461677119578717524b127d6d5\"},\"headline\":\"ANSES dio a conocer el calendario de pago de enero de todas sus prestaciones\",\"datePublished\":\"2022-12-26T12:19:44+00:00\",\"dateModified\":\"2022-12-26T12:21:16+00:00\",\"mainEntityOfPage\":{\"@id\":\"https:\\\/\\\/informelitoral.com.ar\\\/anses-dio-a-conocer-el-calendario-de-pago-de-enero-de-todas-sus-prestaciones\\\/\"},\"wordCount\":439,\"commentCount\":0,\"publisher\":{\"@id\":\"https:\\\/\\\/informelitoral.com.ar\\\/#organization\"},\"image\":{\"@id\":\"https:\\\/\\\/informelitoral.com.ar\\\/anses-dio-a-conocer-el-calendario-de-pago-de-enero-de-todas-sus-prestaciones\\\/#primaryimage\"},\"thumbnailUrl\":\"https:\\\/\\\/informelitoral.com.ar\\\/%77%70%2d%63%6f%6e%74%65%6e%74\\\/uploads\\\/2018\\\/01\\\/anses_39_0_0.jpg\",\"articleSection\":[\"Econom\u00eda\"],\"inLanguage\":\"es\",\"potentialAction\":[{\"@type\":\"CommentAction\",\"name\":\"Comment\",\"target\":[\"https:\\\/\\\/informelitoral.com.ar\\\/anses-dio-a-conocer-el-calendario-de-pago-de-enero-de-todas-sus-prestaciones\\\/#respond\"]}]},{\"@type\":\"WebPage\",\"@id\":\"https:\\\/\\\/informelitoral.com.ar\\\/anses-dio-a-conocer-el-calendario-de-pago-de-enero-de-todas-sus-prestaciones\\\/\",\"url\":\"https:\\\/\\\/informelitoral.com.ar\\\/anses-dio-a-conocer-el-calendario-de-pago-de-enero-de-todas-sus-prestaciones\\\/\",\"name\":\"ANSES dio a conocer el calendario de pago de enero de todas sus prestaciones - Informe Litoral\",\"isPartOf\":{\"@id\":\"https:\\\/\\\/informelitoral.com.ar\\\/#website\"},\"primaryImageOfPage\":{\"@id\":\"https:\\\/\\\/informelitoral.com.ar\\\/anses-dio-a-conocer-el-calendario-de-pago-de-enero-de-todas-sus-prestaciones\\\/#primaryimage\"},\"image\":{\"@id\":\"https:\\\/\\\/informelitoral.com.ar\\\/anses-dio-a-conocer-el-calendario-de-pago-de-enero-de-todas-sus-prestaciones\\\/#primaryimage\"},\"thumbnailUrl\":\"https:\\\/\\\/informelitoral.com.ar\\\/%77%70%2d%63%6f%6e%74%65%6e%74\\\/uploads\\\/2018\\\/01\\\/anses_39_0_0.jpg\",\"datePublished\":\"2022-12-26T12:19:44+00:00\",\"dateModified\":\"2022-12-26T12:21:16+00:00\",\"breadcrumb\":{\"@id\":\"https:\\\/\\\/informelitoral.com.ar\\\/anses-dio-a-conocer-el-calendario-de-pago-de-enero-de-todas-sus-prestaciones\\\/#breadcrumb\"},\"inLanguage\":\"es\",\"potentialAction\":[{\"@type\":\"ReadAction\",\"target\":[\"https:\\\/\\\/informelitoral.com.ar\\\/anses-dio-a-conocer-el-calendario-de-pago-de-enero-de-todas-sus-prestaciones\\\/\"]}]},{\"@type\":\"ImageObject\",\"inLanguage\":\"es\",\"@id\":\"https:\\\/\\\/informelitoral.com.ar\\\/anses-dio-a-conocer-el-calendario-de-pago-de-enero-de-todas-sus-prestaciones\\\/#primaryimage\",\"url\":\"https:\\\/\\\/informelitoral.com.ar\\\/%77%70%2d%63%6f%6e%74%65%6e%74\\\/uploads\\\/2018\\\/01\\\/anses_39_0_0.jpg\",\"contentUrl\":\"https:\\\/\\\/informelitoral.com.ar\\\/%77%70%2d%63%6f%6e%74%65%6e%74\\\/uploads\\\/2018\\\/01\\\/anses_39_0_0.jpg\",\"width\":1020,\"height\":560},{\"@type\":\"BreadcrumbList\",\"@id\":\"https:\\\/\\\/informelitoral.com.ar\\\/anses-dio-a-conocer-el-calendario-de-pago-de-enero-de-todas-sus-prestaciones\\\/#breadcrumb\",\"itemListElement\":[{\"@type\":\"ListItem\",\"position\":1,\"name\":\"Portada\",\"item\":\"https:\\\/\\\/informelitoral.com.ar\\\/\"},{\"@type\":\"ListItem\",\"position\":2,\"name\":\"ANSES dio a conocer el calendario de pago de enero de todas sus prestaciones\"}]},{\"@type\":\"WebSite\",\"@id\":\"https:\\\/\\\/informelitoral.com.ar\\\/#website\",\"url\":\"https:\\\/\\\/informelitoral.com.ar\\\/\",\"name\":\"Informe Litoral\",\"description\":\"&quot;Nos informamos&quot; \",\"publisher\":{\"@id\":\"https:\\\/\\\/informelitoral.com.ar\\\/#organization\"},\"potentialAction\":[{\"@type\":\"SearchAction\",\"target\":{\"@type\":\"EntryPoint\",\"urlTemplate\":\"https:\\\/\\\/informelitoral.com.ar\\\/?s={search_term_string}\"},\"query-input\":{\"@type\":\"PropertyValueSpecification\",\"valueRequired\":true,\"valueName\":\"search_term_string\"}}],\"inLanguage\":\"es\"},{\"@type\":\"Organization\",\"@id\":\"https:\\\/\\\/informelitoral.com.ar\\\/#organization\",\"name\":\"Informe Litoral\",\"url\":\"https:\\\/\\\/informelitoral.com.ar\\\/\",\"logo\":{\"@type\":\"ImageObject\",\"inLanguage\":\"es\",\"@id\":\"https:\\\/\\\/informelitoral.com.ar\\\/#\\\/schema\\\/logo\\\/image\\\/\",\"url\":\"https:\\\/\\\/informelitoral.com.ar\\\/%77%70%2d%63%6f%6e%74%65%6e%74\\\/uploads\\\/2021\\\/01\\\/circulo.png\",\"contentUrl\":\"https:\\\/\\\/informelitoral.com.ar\\\/%77%70%2d%63%6f%6e%74%65%6e%74\\\/uploads\\\/2021\\\/01\\\/circulo.png\",\"width\":723,\"height\":731,\"caption\":\"Informe Litoral\"},\"image\":{\"@id\":\"https:\\\/\\\/informelitoral.com.ar\\\/#\\\/schema\\\/logo\\\/image\\\/\"},\"sameAs\":[\"https:\\\/\\\/www.facebook.com\\\/informelitoral\\\/\",\"https:\\\/\\\/x.com\\\/InformeLitoral\",\"https:\\\/\\\/www.instagram.com\\\/informelitoral\\\/\",\"https:\\\/\\\/www.youtube.com\\\/channel\\\/UCua4Qvz8Icb6MYqhoq9xLXw\"]},{\"@type\":\"Person\",\"@id\":\"https:\\\/\\\/informelitoral.com.ar\\\/#\\\/schema\\\/person\\\/f05f9f461677119578717524b127d6d5\",\"name\":\"Sebastian\",\"image\":{\"@type\":\"ImageObject\",\"inLanguage\":\"es\",\"@id\":\"https:\\\/\\\/secure.gravatar.com\\\/avatar\\\/b71bf7481d447dfb9583c7f2798e7cc64de6efb9067b74633ed8c31059a3bd82?s=96&d=mm&r=g\",\"url\":\"https:\\\/\\\/secure.gravatar.com\\\/avatar\\\/b71bf7481d447dfb9583c7f2798e7cc64de6efb9067b74633ed8c31059a3bd82?s=96&d=mm&r=g\",\"contentUrl\":\"https:\\\/\\\/secure.gravatar.com\\\/avatar\\\/b71bf7481d447dfb9583c7f2798e7cc64de6efb9067b74633ed8c31059a3bd82?s=96&d=mm&r=g\",\"caption\":\"Sebastian\"},\"url\":\"https:\\\/\\\/informelitoral.com.ar\\\/author\\\/sebastian\\\/\"}]}<\/script>","yoast_head_json":{"title":"ANSES dio a conocer el calendario de pago de enero de todas sus prestaciones - Informe Litoral","robots":{"index":"index","follow":"follow","max-snippet":"max-snippet:-1","max-image-preview":"max-image-preview:large","max-video-preview":"max-video-preview:-1"},"canonical":"https:\/\/informelitoral.com.ar\/anses-dio-a-conocer-el-calendario-de-pago-de-enero-de-todas-sus-prestaciones\/","og_locale":"es_ES","og_type":"article","og_title":"ANSES dio a conocer el calendario de pago de enero de todas sus prestaciones - Informe Litoral","og_description":"El organismo nacional dio a conocer el cronograma de pagos correspondiente al mes de enero de todas sus prestaciones. Inicia el 3 con el pago de pensiones no contributivas y las jubilaciones se abonan a partir del 10.","og_url":"https:\/\/informelitoral.com.ar\/anses-dio-a-conocer-el-calendario-de-pago-de-enero-de-todas-sus-prestaciones\/","og_site_name":"Informe Litoral","article_publisher":"https:\/\/www.facebook.com\/informelitoral\/","article_published_time":"2022-12-26T12:19:44+00:00","article_modified_time":"2022-12-26T12:21:16+00:00","og_image":[{"width":1020,"height":560,"url":"https:\/\/informelitoral.com.ar\/%77%70%2d%63%6f%6e%74%65%6e%74\/uploads\/2018\/01\/anses_39_0_0.jpg","type":"image\/jpeg"}],"author":"Sebastian","twitter_card":"summary_large_image","twitter_creator":"@InformeLitoral","twitter_site":"@InformeLitoral","twitter_misc":{"Escrito por":"Sebastian","Tiempo de lectura":"2 minutos"},"schema":{"@context":"https:\/\/schema.org","@graph":[{"@type":"Article","@id":"https:\/\/informelitoral.com.ar\/anses-dio-a-conocer-el-calendario-de-pago-de-enero-de-todas-sus-prestaciones\/#article","isPartOf":{"@id":"https:\/\/informelitoral.com.ar\/anses-dio-a-conocer-el-calendario-de-pago-de-enero-de-todas-sus-prestaciones\/"},"author":{"name":"Sebastian","@id":"https:\/\/informelitoral.com.ar\/#\/schema\/person\/f05f9f461677119578717524b127d6d5"},"headline":"ANSES dio a conocer el calendario de pago de enero de todas sus prestaciones","datePublished":"2022-12-26T12:19:44+00:00","dateModified":"2022-12-26T12:21:16+00:00","mainEntityOfPage":{"@id":"https:\/\/informelitoral.com.ar\/anses-dio-a-conocer-el-calendario-de-pago-de-enero-de-todas-sus-prestaciones\/"},"wordCount":439,"commentCount":0,"publisher":{"@id":"https:\/\/informelitoral.com.ar\/#organization"},"image":{"@id":"https:\/\/informelitoral.com.ar\/anses-dio-a-conocer-el-calendario-de-pago-de-enero-de-todas-sus-prestaciones\/#primaryimage"},"thumbnailUrl":"https:\/\/informelitoral.com.ar\/%77%70%2d%63%6f%6e%74%65%6e%74\/uploads\/2018\/01\/anses_39_0_0.jpg","articleSection":["Econom\u00eda"],"inLanguage":"es","potentialAction":[{"@type":"CommentAction","name":"Comment","target":["https:\/\/informelitoral.com.ar\/anses-dio-a-conocer-el-calendario-de-pago-de-enero-de-todas-sus-prestaciones\/#respond"]}]},{"@type":"WebPage","@id":"https:\/\/informelitoral.com.ar\/anses-dio-a-conocer-el-calendario-de-pago-de-enero-de-todas-sus-prestaciones\/","url":"https:\/\/informelitoral.com.ar\/anses-dio-a-conocer-el-calendario-de-pago-de-enero-de-todas-sus-prestaciones\/","name":"ANSES dio a conocer el calendario de pago de enero de todas sus prestaciones - Informe Litoral","isPartOf":{"@id":"https:\/\/informelitoral.com.ar\/#website"},"primaryImageOfPage":{"@id":"https:\/\/informelitoral.com.ar\/anses-dio-a-conocer-el-calendario-de-pago-de-enero-de-todas-sus-prestaciones\/#primaryimage"},"image":{"@id":"https:\/\/informelitoral.com.ar\/anses-dio-a-conocer-el-calendario-de-pago-de-enero-de-todas-sus-prestaciones\/#primaryimage"},"thumbnailUrl":"https:\/\/informelitoral.com.ar\/%77%70%2d%63%6f%6e%74%65%6e%74\/uploads\/2018\/01\/anses_39_0_0.jpg","datePublished":"2022-12-26T12:19:44+00:00","dateModified":"2022-12-26T12:21:16+00:00","breadcrumb":{"@id":"https:\/\/informelitoral.com.ar\/anses-dio-a-conocer-el-calendario-de-pago-de-enero-de-todas-sus-prestaciones\/#breadcrumb"},"inLanguage":"es","potentialAction":[{"@type":"ReadAction","target":["https:\/\/informelitoral.com.ar\/anses-dio-a-conocer-el-calendario-de-pago-de-enero-de-todas-sus-prestaciones\/"]}]},{"@type":"ImageObject","inLanguage":"es","@id":"https:\/\/informelitoral.com.ar\/anses-dio-a-conocer-el-calendario-de-pago-de-enero-de-todas-sus-prestaciones\/#primaryimage","url":"https:\/\/informelitoral.com.ar\/%77%70%2d%63%6f%6e%74%65%6e%74\/uploads\/2018\/01\/anses_39_0_0.jpg","contentUrl":"https:\/\/informelitoral.com.ar\/%77%70%2d%63%6f%6e%74%65%6e%74\/uploads\/2018\/01\/anses_39_0_0.jpg","width":1020,"height":560},{"@type":"BreadcrumbList","@id":"https:\/\/informelitoral.com.ar\/anses-dio-a-conocer-el-calendario-de-pago-de-enero-de-todas-sus-prestaciones\/#breadcrumb","itemListElement":[{"@type":"ListItem","position":1,"name":"Portada","item":"https:\/\/informelitoral.com.ar\/"},{"@type":"ListItem","position":2,"name":"ANSES dio a conocer el calendario de pago de enero de todas sus prestaciones"}]},{"@type":"WebSite","@id":"https:\/\/informelitoral.com.ar\/#website","url":"https:\/\/informelitoral.com.ar\/","name":"Informe Litoral","description":"&quot;Nos informamos&quot; ","publisher":{"@id":"https:\/\/informelitoral.com.ar\/#organization"},"potentialAction":[{"@type":"SearchAction","target":{"@type":"EntryPoint","urlTemplate":"https:\/\/informelitoral.com.ar\/?s={search_term_string}"},"query-input":{"@type":"PropertyValueSpecification","valueRequired":true,"valueName":"search_term_string"}}],"inLanguage":"es"},{"@type":"Organization","@id":"https:\/\/informelitoral.com.ar\/#organization","name":"Informe Litoral","url":"https:\/\/informelitoral.com.ar\/","logo":{"@type":"ImageObject","inLanguage":"es","@id":"https:\/\/informelitoral.com.ar\/#\/schema\/logo\/image\/","url":"https:\/\/informelitoral.com.ar\/%77%70%2d%63%6f%6e%74%65%6e%74\/uploads\/2021\/01\/circulo.png","contentUrl":"https:\/\/informelitoral.com.ar\/%77%70%2d%63%6f%6e%74%65%6e%74\/uploads\/2021\/01\/circulo.png","width":723,"height":731,"caption":"Informe Litoral"},"image":{"@id":"https:\/\/informelitoral.com.ar\/#\/schema\/logo\/image\/"},"sameAs":["https:\/\/www.facebook.com\/informelitoral\/","https:\/\/x.com\/InformeLitoral","https:\/\/www.instagram.com\/informelitoral\/","https:\/\/www.youtube.com\/channel\/UCua4Qvz8Icb6MYqhoq9xLXw"]},{"@type":"Person","@id":"https:\/\/informelitoral.com.ar\/#\/schema\/person\/f05f9f461677119578717524b127d6d5","name":"Sebastian","image":{"@type":"ImageObject","inLanguage":"es","@id":"https:\/\/secure.gravatar.com\/avatar\/b71bf7481d447dfb9583c7f2798e7cc64de6efb9067b74633ed8c31059a3bd82?s=96&d=mm&r=g","url":"https:\/\/secure.gravatar.com\/avatar\/b71bf7481d447dfb9583c7f2798e7cc64de6efb9067b74633ed8c31059a3bd82?s=96&d=mm&r=g","contentUrl":"https:\/\/secure.gravatar.com\/avatar\/b71bf7481d447dfb9583c7f2798e7cc64de6efb9067b74633ed8c31059a3bd82?s=96&d=mm&r=g","caption":"Sebastian"},"url":"https:\/\/informelitoral.com.ar\/author\/sebastian\/"}]}},"_links":{"self":[{"href":"https:\/\/informelitoral.com.ar\/%77%70%2d%6a%73%6f%6e\/wp\/v2\/posts\/104150","targetHints":{"allow":["GET"]}}],"collection":[{"href":"https:\/\/informelitoral.com.ar\/%77%70%2d%6a%73%6f%6e\/wp\/v2\/posts"}],"about":[{"href":"https:\/\/informelitoral.com.ar\/%77%70%2d%6a%73%6f%6e\/wp\/v2\/types\/post"}],"author":[{"embeddable":true,"href":"https:\/\/informelitoral.com.ar\/%77%70%2d%6a%73%6f%6e\/wp\/v2\/users\/8"}],"replies":[{"embeddable":true,"href":"https:\/\/informelitoral.com.ar\/%77%70%2d%6a%73%6f%6e\/wp\/v2\/comments?post=104150"}],"version-history":[{"count":0,"href":"https:\/\/informelitoral.com.ar\/%77%70%2d%6a%73%6f%6e\/wp\/v2\/posts\/104150\/revisions"}],"wp:featuredmedia":[{"embeddable":true,"href":"https:\/\/informelitoral.com.ar\/%77%70%2d%6a%73%6f%6e\/wp\/v2\/media\/24481"}],"wp:attachment":[{"href":"https:\/\/informelitoral.com.ar\/%77%70%2d%6a%73%6f%6e\/wp\/v2\/media?parent=104150"}],"wp:term":[{"taxonomy":"category","embeddable":true,"href":"https:\/\/informelitoral.com.ar\/%77%70%2d%6a%73%6f%6e\/wp\/v2\/categories?post=104150"},{"taxonomy":"post_tag","embeddable":true,"href":"https:\/\/informelitoral.com.ar\/%77%70%2d%6a%73%6f%6e\/wp\/v2\/tags?post=104150"}],"curies":[{"name":"wp","href":"https:\/\/api.w.org\/{rel}","templated":true}]}}