{"id":10402,"date":"2015-04-07T14:26:33","date_gmt":"2015-04-07T17:26:33","guid":{"rendered":"http:\/\/www.isletasnoticias.com.ar\/?p=10402"},"modified":"2015-04-07T14:26:33","modified_gmt":"2015-04-07T17:26:33","slug":"cristina-kirchner-seamos-inteligentes-cuidemos-lo-logrado-y-vayamos-por-mas","status":"publish","type":"post","link":"https:\/\/informelitoral.com.ar\/cristina-kirchner-seamos-inteligentes-cuidemos-lo-logrado-y-vayamos-por-mas\/","title":{"rendered":"Cristina Kirchner: \u00abSeamos inteligentes, cuidemos lo logrado y vayamos por m\u00e1s\u00bb"},"content":{"rendered":"<p><strong>La Presidente lo afirm\u00f3 al hablar en el Museo del Bicentenario, en un acto en el que entreg\u00f3 la jubilaci\u00f3n 450 mil, producto de la moratoria previsional lanzada por el gobierno.<a href=\"http:\/\/www.isletasnoticias.com.ar\/%77%70%2d%63%6f%6e%74%65%6e%74\/uploads\/2015\/04\/5501c2fce4cd9_662x441.jpg\"><img loading=\"lazy\" decoding=\"async\" class=\"aligncenter size-medium wp-image-10403\" src=\"http:\/\/www.isletasnoticias.com.ar\/%77%70%2d%63%6f%6e%74%65%6e%74\/uploads\/2015\/04\/5501c2fce4cd9_662x441-300x200.jpg\" alt=\"5501c2fce4cd9_662x441\" width=\"300\" height=\"200\" srcset=\"https:\/\/informelitoral.com.ar\/%77%70%2d%63%6f%6e%74%65%6e%74\/uploads\/2015\/04\/5501c2fce4cd9_662x441-300x200.jpg 300w, https:\/\/informelitoral.com.ar\/%77%70%2d%63%6f%6e%74%65%6e%74\/uploads\/2015\/04\/5501c2fce4cd9_662x441.jpg 662w\" sizes=\"auto, (max-width: 300px) 100vw, 300px\" \/><\/a><\/strong>La Presidente <strong>Cristina Fern\u00e1ndez de Kirchner<\/strong> afirm\u00f3 hoy que \u201ccon la solidaridad se logra m\u00e1s que con la inequidad\u201d, y llam\u00f3 a los argentinos a ser \u201cinteligentes\u201d, a no dejarse llevar por \u201clos cantos de sirena\u201d, y a cuidar lo logrado e ir \u201cpor m\u00e1s\u201d.<\/p>\n<p>\u201cNo seamos tontos: no escuchemos los cantos de sirenas porque, cada vez que se escucharon, terminamos escuchando las sirenas de la represi\u00f3n. Cuidemos lo logrado y vayamos por m\u00e1s. Seamos inteligentes\u201d, asever\u00f3 la mandataria al encabezar este mediod\u00eda un acto en la Casa de Gobierno.<\/p>\n<p>En el acto, \u00a0se entreg\u00f3 \u00a0la jubilaci\u00f3n n\u00famero 450.000 promovida por la moratoria del gobierno nacional de 2014.<\/p>\n<p>All\u00ed Cristina destac\u00f3 que, seg\u00fan cifras del Banco Mundial, Argentina \u201ces el pa\u00eds que paga la jubilaci\u00f3n m\u00e1s alta en d\u00f3lares de toda Am\u00e9rica Latina\u201d.<\/p>\n<p>\u201cHoy somos, de acuerdo al Banco Mundial, el pa\u00eds que paga la jubilaci\u00f3n m\u00e1s alta en d\u00f3lares de toda Am\u00e9rica Latina, 442 d\u00f3lares, y nos sigue Brasil, con 300 d\u00f3lares\u201d, destac\u00f3 la mandataria al encabezar un acto en la Casa de Gobierno.<\/p>\n<p>All\u00ed, sostuvo que una vez que finalice la actual moratoria previsional, la cobertura alcanzar\u00e1 \u201cal 97 por ciento de los argentinos en condiciones de jubilarse\u201d mientras que -indic\u00f3- \u201cel otro 3 por ciento corresponde a gente que prefiere seguir trabajando y no acogerse al beneficio jubilatorio\u201d.<\/p>\n<p>La Presidente, en un tramo de su discurso, le respondi\u00f3 a un editorial del diario La Naci\u00f3n en el que se afirma un supuesto \u00absaqueo de la ANSES por el propio estado\u00bb y critic\u00f3 a los actores sociales que \u00abse daban el lujo de ser millonarios y no les hac\u00edan los aportes\u00bb a los trabajadores.<\/p>\n<p>\u00abSaqueo fue en la \u00e9poca de las AFJP\u00bb, se\u00f1al\u00f3 al referirse a un art\u00edculo period\u00edstico publicado el 19 de enero de 2015, y dijo que en ese escrito \u00abparece ser que desconocen los a\u00f1os de trabajo en negro\u00bb de muchas personas que fueron empujadas a esa situaci\u00f3n por \u00abuna desocupaci\u00f3n de dos d\u00edgitos\u00bb o por el accionar de los patrones que evadieron los aportes previsionales.<\/p>\n<p>Cristina cit\u00f3 en su intervenci\u00f3n una parte de ese art\u00edculo del diario en el que se afirmaba que \u00abel gobierno se dio el lujo de lanzar una nueva moratoria, que estar\u00e1 abierta hasta septiembre del a\u00f1o pr\u00f3ximo\u00bb.<\/p>\n<p>Sobre esa frase, la mandataria sostuvo: \u00abel lujo es tener fuentes en la Justicia que les permiten que se siga demorando el pago de los impuestos que van precisamente a sostener la ANSES; y ese es el verdadero saqueo, el legalizado, que es mucho peor todav\u00eda\u00bb.<\/p>\n<p>Durante el acto, adem\u00e1s, la Presidente de la Naci\u00f3n mantuvo videoconferencias mediante las cuales dej\u00f3 inauguradas distintas obras en C\u00f3rdoba, Jujuy y la ciudad Aut\u00f3noma de Buenos Aires. <em>(T\u00e9lam)<\/em><\/p>\n","protected":false},"excerpt":{"rendered":"<p>La Presidente lo afirm&oacute; al hablar en el Museo del Bicentenario, en un acto en el que entreg&oacute; la jubilaci&oacute;n 450 mil, producto de la moratoria previsional lanzada por el gobierno.La Presidente Cristina Fern&aacute;ndez de Kirchner afirm&oacute; hoy que &ldquo;con la solidaridad se logra m&aacute;s que con la inequidad&rdquo;, y llam&oacute; a los argentinos a [&hellip;]<\/p>\n","protected":false},"author":2,"featured_media":0,"comment_status":"open","ping_status":"open","sticky":false,"template":"","format":"standard","meta":{"fifu_image_url":"","fifu_image_alt":"","footnotes":""},"categories":[7,16],"tags":[],"class_list":{"0":"post-10402","1":"post","2":"type-post","3":"status-publish","4":"format-standard","6":"category-nacionales","7":"category-politi"},"yoast_head":"<title>Cristina Kirchner: &quot;Seamos inteligentes, cuidemos lo logrado y vayamos por m\u00e1s&quot; - Informe Litoral<\/title>\n<meta name=\"robots\" content=\"index, follow, max-snippet:-1, max-image-preview:large, max-video-preview:-1\" \/>\n<link rel=\"canonical\" href=\"https:\/\/informelitoral.com.ar\/cristina-kirchner-seamos-inteligentes-cuidemos-lo-logrado-y-vayamos-por-mas\/\" \/>\n<meta property=\"og:locale\" content=\"es_ES\" \/>\n<meta property=\"og:type\" content=\"article\" \/>\n<meta property=\"og:title\" content=\"Cristina Kirchner: &quot;Seamos inteligentes, cuidemos lo logrado y vayamos por m\u00e1s&quot; - Informe Litoral\" \/>\n<meta property=\"og:description\" content=\"La Presidente lo afirm&oacute; al hablar en el Museo del Bicentenario, en un acto en el que entreg&oacute; la jubilaci&oacute;n 450 mil, producto de la moratoria previsional lanzada por el gobierno.La Presidente Cristina Fern&aacute;ndez de Kirchner afirm&oacute; hoy que &ldquo;con la solidaridad se logra m&aacute;s que con la inequidad&rdquo;, y llam&oacute; a los argentinos a [&hellip;]\" \/>\n<meta property=\"og:url\" content=\"https:\/\/informelitoral.com.ar\/cristina-kirchner-seamos-inteligentes-cuidemos-lo-logrado-y-vayamos-por-mas\/\" \/>\n<meta property=\"og:site_name\" content=\"Informe Litoral\" \/>\n<meta property=\"article:publisher\" content=\"https:\/\/www.facebook.com\/informelitoral\/\" \/>\n<meta property=\"article:published_time\" content=\"2015-04-07T17:26:33+00:00\" \/>\n<meta property=\"og:image\" content=\"https:\/\/informelitoral.com.ar\/%77%70%2d%63%6f%6e%74%65%6e%74\/uploads\/2015\/04\/5501c2fce4cd9_662x441.jpg\" \/>\n\t<meta property=\"og:image:width\" content=\"662\" \/>\n\t<meta property=\"og:image:height\" content=\"441\" \/>\n\t<meta property=\"og:image:type\" content=\"image\/jpeg\" \/>\n<meta name=\"author\" content=\"Gonzalo Schmidt\" \/>\n<meta name=\"twitter:card\" content=\"summary_large_image\" \/>\n<meta name=\"twitter:creator\" content=\"@InformeLitoral\" \/>\n<meta name=\"twitter:site\" content=\"@InformeLitoral\" \/>\n<meta name=\"twitter:label1\" content=\"Escrito por\" \/>\n\t<meta name=\"twitter:data1\" content=\"Gonzalo Schmidt\" \/>\n\t<meta name=\"twitter:label2\" content=\"Tiempo de lectura\" \/>\n\t<meta name=\"twitter:data2\" content=\"3 minutos\" \/>\n<script type=\"application\/ld+json\" class=\"yoast-schema-graph\">{\"@context\":\"https:\\\/\\\/schema.org\",\"@graph\":[{\"@type\":\"Article\",\"@id\":\"https:\\\/\\\/informelitoral.com.ar\\\/cristina-kirchner-seamos-inteligentes-cuidemos-lo-logrado-y-vayamos-por-mas\\\/#article\",\"isPartOf\":{\"@id\":\"https:\\\/\\\/informelitoral.com.ar\\\/cristina-kirchner-seamos-inteligentes-cuidemos-lo-logrado-y-vayamos-por-mas\\\/\"},\"author\":{\"name\":\"Gonzalo Schmidt\",\"@id\":\"https:\\\/\\\/informelitoral.com.ar\\\/#\\\/schema\\\/person\\\/b9d00407c836482871ef1d57bf8e3180\"},\"headline\":\"Cristina Kirchner: \u00abSeamos inteligentes, cuidemos lo logrado y vayamos por m\u00e1s\u00bb\",\"datePublished\":\"2015-04-07T17:26:33+00:00\",\"mainEntityOfPage\":{\"@id\":\"https:\\\/\\\/informelitoral.com.ar\\\/cristina-kirchner-seamos-inteligentes-cuidemos-lo-logrado-y-vayamos-por-mas\\\/\"},\"wordCount\":529,\"commentCount\":0,\"publisher\":{\"@id\":\"https:\\\/\\\/informelitoral.com.ar\\\/#organization\"},\"image\":{\"@id\":\"https:\\\/\\\/informelitoral.com.ar\\\/cristina-kirchner-seamos-inteligentes-cuidemos-lo-logrado-y-vayamos-por-mas\\\/#primaryimage\"},\"thumbnailUrl\":\"http:\\\/\\\/www.isletasnoticias.com.ar\\\/%77%70%2d%63%6f%6e%74%65%6e%74\\\/uploads\\\/2015\\\/04\\\/5501c2fce4cd9_662x441-300x200.jpg\",\"articleSection\":[\"Nacionales\",\"Politica\"],\"inLanguage\":\"es\",\"potentialAction\":[{\"@type\":\"CommentAction\",\"name\":\"Comment\",\"target\":[\"https:\\\/\\\/informelitoral.com.ar\\\/cristina-kirchner-seamos-inteligentes-cuidemos-lo-logrado-y-vayamos-por-mas\\\/#respond\"]}]},{\"@type\":\"WebPage\",\"@id\":\"https:\\\/\\\/informelitoral.com.ar\\\/cristina-kirchner-seamos-inteligentes-cuidemos-lo-logrado-y-vayamos-por-mas\\\/\",\"url\":\"https:\\\/\\\/informelitoral.com.ar\\\/cristina-kirchner-seamos-inteligentes-cuidemos-lo-logrado-y-vayamos-por-mas\\\/\",\"name\":\"Cristina Kirchner: \\\"Seamos inteligentes, cuidemos lo logrado y vayamos por m\u00e1s\\\" - Informe Litoral\",\"isPartOf\":{\"@id\":\"https:\\\/\\\/informelitoral.com.ar\\\/#website\"},\"primaryImageOfPage\":{\"@id\":\"https:\\\/\\\/informelitoral.com.ar\\\/cristina-kirchner-seamos-inteligentes-cuidemos-lo-logrado-y-vayamos-por-mas\\\/#primaryimage\"},\"image\":{\"@id\":\"https:\\\/\\\/informelitoral.com.ar\\\/cristina-kirchner-seamos-inteligentes-cuidemos-lo-logrado-y-vayamos-por-mas\\\/#primaryimage\"},\"thumbnailUrl\":\"http:\\\/\\\/www.isletasnoticias.com.ar\\\/%77%70%2d%63%6f%6e%74%65%6e%74\\\/uploads\\\/2015\\\/04\\\/5501c2fce4cd9_662x441-300x200.jpg\",\"datePublished\":\"2015-04-07T17:26:33+00:00\",\"breadcrumb\":{\"@id\":\"https:\\\/\\\/informelitoral.com.ar\\\/cristina-kirchner-seamos-inteligentes-cuidemos-lo-logrado-y-vayamos-por-mas\\\/#breadcrumb\"},\"inLanguage\":\"es\",\"potentialAction\":[{\"@type\":\"ReadAction\",\"target\":[\"https:\\\/\\\/informelitoral.com.ar\\\/cristina-kirchner-seamos-inteligentes-cuidemos-lo-logrado-y-vayamos-por-mas\\\/\"]}]},{\"@type\":\"ImageObject\",\"inLanguage\":\"es\",\"@id\":\"https:\\\/\\\/informelitoral.com.ar\\\/cristina-kirchner-seamos-inteligentes-cuidemos-lo-logrado-y-vayamos-por-mas\\\/#primaryimage\",\"url\":\"http:\\\/\\\/www.isletasnoticias.com.ar\\\/%77%70%2d%63%6f%6e%74%65%6e%74\\\/uploads\\\/2015\\\/04\\\/5501c2fce4cd9_662x441-300x200.jpg\",\"contentUrl\":\"http:\\\/\\\/www.isletasnoticias.com.ar\\\/%77%70%2d%63%6f%6e%74%65%6e%74\\\/uploads\\\/2015\\\/04\\\/5501c2fce4cd9_662x441-300x200.jpg\"},{\"@type\":\"BreadcrumbList\",\"@id\":\"https:\\\/\\\/informelitoral.com.ar\\\/cristina-kirchner-seamos-inteligentes-cuidemos-lo-logrado-y-vayamos-por-mas\\\/#breadcrumb\",\"itemListElement\":[{\"@type\":\"ListItem\",\"position\":1,\"name\":\"Portada\",\"item\":\"https:\\\/\\\/informelitoral.com.ar\\\/\"},{\"@type\":\"ListItem\",\"position\":2,\"name\":\"Cristina Kirchner: \u00abSeamos inteligentes, cuidemos lo logrado y vayamos por m\u00e1s\u00bb\"}]},{\"@type\":\"WebSite\",\"@id\":\"https:\\\/\\\/informelitoral.com.ar\\\/#website\",\"url\":\"https:\\\/\\\/informelitoral.com.ar\\\/\",\"name\":\"Informe Litoral\",\"description\":\"&quot;Nos informamos&quot; \",\"publisher\":{\"@id\":\"https:\\\/\\\/informelitoral.com.ar\\\/#organization\"},\"potentialAction\":[{\"@type\":\"SearchAction\",\"target\":{\"@type\":\"EntryPoint\",\"urlTemplate\":\"https:\\\/\\\/informelitoral.com.ar\\\/?s={search_term_string}\"},\"query-input\":{\"@type\":\"PropertyValueSpecification\",\"valueRequired\":true,\"valueName\":\"search_term_string\"}}],\"inLanguage\":\"es\"},{\"@type\":\"Organization\",\"@id\":\"https:\\\/\\\/informelitoral.com.ar\\\/#organization\",\"name\":\"Informe Litoral\",\"url\":\"https:\\\/\\\/informelitoral.com.ar\\\/\",\"logo\":{\"@type\":\"ImageObject\",\"inLanguage\":\"es\",\"@id\":\"https:\\\/\\\/informelitoral.com.ar\\\/#\\\/schema\\\/logo\\\/image\\\/\",\"url\":\"https:\\\/\\\/informelitoral.com.ar\\\/%77%70%2d%63%6f%6e%74%65%6e%74\\\/uploads\\\/2021\\\/01\\\/circulo.png\",\"contentUrl\":\"https:\\\/\\\/informelitoral.com.ar\\\/%77%70%2d%63%6f%6e%74%65%6e%74\\\/uploads\\\/2021\\\/01\\\/circulo.png\",\"width\":723,\"height\":731,\"caption\":\"Informe Litoral\"},\"image\":{\"@id\":\"https:\\\/\\\/informelitoral.com.ar\\\/#\\\/schema\\\/logo\\\/image\\\/\"},\"sameAs\":[\"https:\\\/\\\/www.facebook.com\\\/informelitoral\\\/\",\"https:\\\/\\\/x.com\\\/InformeLitoral\",\"https:\\\/\\\/www.instagram.com\\\/informelitoral\\\/\",\"https:\\\/\\\/www.youtube.com\\\/channel\\\/UCua4Qvz8Icb6MYqhoq9xLXw\"]},{\"@type\":\"Person\",\"@id\":\"https:\\\/\\\/informelitoral.com.ar\\\/#\\\/schema\\\/person\\\/b9d00407c836482871ef1d57bf8e3180\",\"name\":\"Gonzalo Schmidt\",\"image\":{\"@type\":\"ImageObject\",\"inLanguage\":\"es\",\"@id\":\"https:\\\/\\\/secure.gravatar.com\\\/avatar\\\/31a1a7b66ff2de83bd0e9fd79d026630d2d99e55e8bfe501287647b4fd9743de?s=96&d=mm&r=g\",\"url\":\"https:\\\/\\\/secure.gravatar.com\\\/avatar\\\/31a1a7b66ff2de83bd0e9fd79d026630d2d99e55e8bfe501287647b4fd9743de?s=96&d=mm&r=g\",\"contentUrl\":\"https:\\\/\\\/secure.gravatar.com\\\/avatar\\\/31a1a7b66ff2de83bd0e9fd79d026630d2d99e55e8bfe501287647b4fd9743de?s=96&d=mm&r=g\",\"caption\":\"Gonzalo Schmidt\"},\"description\":\"Sitio web de noticias de la provincia de Entre R\u00edos, Argentina. Informaci\u00f3n y entretenimiento. Informe Litoral, nos informamos.\",\"sameAs\":[\"http:\\\/\\\/www.isletasnoticias.com.ar\"],\"url\":\"https:\\\/\\\/informelitoral.com.ar\\\/author\\\/gonzalo\\\/\"}]}<\/script>","yoast_head_json":{"title":"Cristina Kirchner: \"Seamos inteligentes, cuidemos lo logrado y vayamos por m\u00e1s\" - Informe Litoral","robots":{"index":"index","follow":"follow","max-snippet":"max-snippet:-1","max-image-preview":"max-image-preview:large","max-video-preview":"max-video-preview:-1"},"canonical":"https:\/\/informelitoral.com.ar\/cristina-kirchner-seamos-inteligentes-cuidemos-lo-logrado-y-vayamos-por-mas\/","og_locale":"es_ES","og_type":"article","og_title":"Cristina Kirchner: \"Seamos inteligentes, cuidemos lo logrado y vayamos por m\u00e1s\" - Informe Litoral","og_description":"La Presidente lo afirm&oacute; al hablar en el Museo del Bicentenario, en un acto en el que entreg&oacute; la jubilaci&oacute;n 450 mil, producto de la moratoria previsional lanzada por el gobierno.La Presidente Cristina Fern&aacute;ndez de Kirchner afirm&oacute; hoy que &ldquo;con la solidaridad se logra m&aacute;s que con la inequidad&rdquo;, y llam&oacute; a los argentinos a [&hellip;]","og_url":"https:\/\/informelitoral.com.ar\/cristina-kirchner-seamos-inteligentes-cuidemos-lo-logrado-y-vayamos-por-mas\/","og_site_name":"Informe Litoral","article_publisher":"https:\/\/www.facebook.com\/informelitoral\/","article_published_time":"2015-04-07T17:26:33+00:00","og_image":[{"width":662,"height":441,"url":"https:\/\/informelitoral.com.ar\/%77%70%2d%63%6f%6e%74%65%6e%74\/uploads\/2015\/04\/5501c2fce4cd9_662x441.jpg","type":"image\/jpeg"}],"author":"Gonzalo Schmidt","twitter_card":"summary_large_image","twitter_creator":"@InformeLitoral","twitter_site":"@InformeLitoral","twitter_misc":{"Escrito por":"Gonzalo Schmidt","Tiempo de lectura":"3 minutos"},"schema":{"@context":"https:\/\/schema.org","@graph":[{"@type":"Article","@id":"https:\/\/informelitoral.com.ar\/cristina-kirchner-seamos-inteligentes-cuidemos-lo-logrado-y-vayamos-por-mas\/#article","isPartOf":{"@id":"https:\/\/informelitoral.com.ar\/cristina-kirchner-seamos-inteligentes-cuidemos-lo-logrado-y-vayamos-por-mas\/"},"author":{"name":"Gonzalo Schmidt","@id":"https:\/\/informelitoral.com.ar\/#\/schema\/person\/b9d00407c836482871ef1d57bf8e3180"},"headline":"Cristina Kirchner: \u00abSeamos inteligentes, cuidemos lo logrado y vayamos por m\u00e1s\u00bb","datePublished":"2015-04-07T17:26:33+00:00","mainEntityOfPage":{"@id":"https:\/\/informelitoral.com.ar\/cristina-kirchner-seamos-inteligentes-cuidemos-lo-logrado-y-vayamos-por-mas\/"},"wordCount":529,"commentCount":0,"publisher":{"@id":"https:\/\/informelitoral.com.ar\/#organization"},"image":{"@id":"https:\/\/informelitoral.com.ar\/cristina-kirchner-seamos-inteligentes-cuidemos-lo-logrado-y-vayamos-por-mas\/#primaryimage"},"thumbnailUrl":"http:\/\/www.isletasnoticias.com.ar\/%77%70%2d%63%6f%6e%74%65%6e%74\/uploads\/2015\/04\/5501c2fce4cd9_662x441-300x200.jpg","articleSection":["Nacionales","Politica"],"inLanguage":"es","potentialAction":[{"@type":"CommentAction","name":"Comment","target":["https:\/\/informelitoral.com.ar\/cristina-kirchner-seamos-inteligentes-cuidemos-lo-logrado-y-vayamos-por-mas\/#respond"]}]},{"@type":"WebPage","@id":"https:\/\/informelitoral.com.ar\/cristina-kirchner-seamos-inteligentes-cuidemos-lo-logrado-y-vayamos-por-mas\/","url":"https:\/\/informelitoral.com.ar\/cristina-kirchner-seamos-inteligentes-cuidemos-lo-logrado-y-vayamos-por-mas\/","name":"Cristina Kirchner: \"Seamos inteligentes, cuidemos lo logrado y vayamos por m\u00e1s\" - Informe Litoral","isPartOf":{"@id":"https:\/\/informelitoral.com.ar\/#website"},"primaryImageOfPage":{"@id":"https:\/\/informelitoral.com.ar\/cristina-kirchner-seamos-inteligentes-cuidemos-lo-logrado-y-vayamos-por-mas\/#primaryimage"},"image":{"@id":"https:\/\/informelitoral.com.ar\/cristina-kirchner-seamos-inteligentes-cuidemos-lo-logrado-y-vayamos-por-mas\/#primaryimage"},"thumbnailUrl":"http:\/\/www.isletasnoticias.com.ar\/%77%70%2d%63%6f%6e%74%65%6e%74\/uploads\/2015\/04\/5501c2fce4cd9_662x441-300x200.jpg","datePublished":"2015-04-07T17:26:33+00:00","breadcrumb":{"@id":"https:\/\/informelitoral.com.ar\/cristina-kirchner-seamos-inteligentes-cuidemos-lo-logrado-y-vayamos-por-mas\/#breadcrumb"},"inLanguage":"es","potentialAction":[{"@type":"ReadAction","target":["https:\/\/informelitoral.com.ar\/cristina-kirchner-seamos-inteligentes-cuidemos-lo-logrado-y-vayamos-por-mas\/"]}]},{"@type":"ImageObject","inLanguage":"es","@id":"https:\/\/informelitoral.com.ar\/cristina-kirchner-seamos-inteligentes-cuidemos-lo-logrado-y-vayamos-por-mas\/#primaryimage","url":"http:\/\/www.isletasnoticias.com.ar\/%77%70%2d%63%6f%6e%74%65%6e%74\/uploads\/2015\/04\/5501c2fce4cd9_662x441-300x200.jpg","contentUrl":"http:\/\/www.isletasnoticias.com.ar\/%77%70%2d%63%6f%6e%74%65%6e%74\/uploads\/2015\/04\/5501c2fce4cd9_662x441-300x200.jpg"},{"@type":"BreadcrumbList","@id":"https:\/\/informelitoral.com.ar\/cristina-kirchner-seamos-inteligentes-cuidemos-lo-logrado-y-vayamos-por-mas\/#breadcrumb","itemListElement":[{"@type":"ListItem","position":1,"name":"Portada","item":"https:\/\/informelitoral.com.ar\/"},{"@type":"ListItem","position":2,"name":"Cristina Kirchner: \u00abSeamos inteligentes, cuidemos lo logrado y vayamos por m\u00e1s\u00bb"}]},{"@type":"WebSite","@id":"https:\/\/informelitoral.com.ar\/#website","url":"https:\/\/informelitoral.com.ar\/","name":"Informe Litoral","description":"&quot;Nos informamos&quot; ","publisher":{"@id":"https:\/\/informelitoral.com.ar\/#organization"},"potentialAction":[{"@type":"SearchAction","target":{"@type":"EntryPoint","urlTemplate":"https:\/\/informelitoral.com.ar\/?s={search_term_string}"},"query-input":{"@type":"PropertyValueSpecification","valueRequired":true,"valueName":"search_term_string"}}],"inLanguage":"es"},{"@type":"Organization","@id":"https:\/\/informelitoral.com.ar\/#organization","name":"Informe Litoral","url":"https:\/\/informelitoral.com.ar\/","logo":{"@type":"ImageObject","inLanguage":"es","@id":"https:\/\/informelitoral.com.ar\/#\/schema\/logo\/image\/","url":"https:\/\/informelitoral.com.ar\/%77%70%2d%63%6f%6e%74%65%6e%74\/uploads\/2021\/01\/circulo.png","contentUrl":"https:\/\/informelitoral.com.ar\/%77%70%2d%63%6f%6e%74%65%6e%74\/uploads\/2021\/01\/circulo.png","width":723,"height":731,"caption":"Informe Litoral"},"image":{"@id":"https:\/\/informelitoral.com.ar\/#\/schema\/logo\/image\/"},"sameAs":["https:\/\/www.facebook.com\/informelitoral\/","https:\/\/x.com\/InformeLitoral","https:\/\/www.instagram.com\/informelitoral\/","https:\/\/www.youtube.com\/channel\/UCua4Qvz8Icb6MYqhoq9xLXw"]},{"@type":"Person","@id":"https:\/\/informelitoral.com.ar\/#\/schema\/person\/b9d00407c836482871ef1d57bf8e3180","name":"Gonzalo Schmidt","image":{"@type":"ImageObject","inLanguage":"es","@id":"https:\/\/secure.gravatar.com\/avatar\/31a1a7b66ff2de83bd0e9fd79d026630d2d99e55e8bfe501287647b4fd9743de?s=96&d=mm&r=g","url":"https:\/\/secure.gravatar.com\/avatar\/31a1a7b66ff2de83bd0e9fd79d026630d2d99e55e8bfe501287647b4fd9743de?s=96&d=mm&r=g","contentUrl":"https:\/\/secure.gravatar.com\/avatar\/31a1a7b66ff2de83bd0e9fd79d026630d2d99e55e8bfe501287647b4fd9743de?s=96&d=mm&r=g","caption":"Gonzalo Schmidt"},"description":"Sitio web de noticias de la provincia de Entre R\u00edos, Argentina. Informaci\u00f3n y entretenimiento. Informe Litoral, nos informamos.","sameAs":["http:\/\/www.isletasnoticias.com.ar"],"url":"https:\/\/informelitoral.com.ar\/author\/gonzalo\/"}]}},"_links":{"self":[{"href":"https:\/\/informelitoral.com.ar\/%77%70%2d%6a%73%6f%6e\/wp\/v2\/posts\/10402","targetHints":{"allow":["GET"]}}],"collection":[{"href":"https:\/\/informelitoral.com.ar\/%77%70%2d%6a%73%6f%6e\/wp\/v2\/posts"}],"about":[{"href":"https:\/\/informelitoral.com.ar\/%77%70%2d%6a%73%6f%6e\/wp\/v2\/types\/post"}],"author":[{"embeddable":true,"href":"https:\/\/informelitoral.com.ar\/%77%70%2d%6a%73%6f%6e\/wp\/v2\/users\/2"}],"replies":[{"embeddable":true,"href":"https:\/\/informelitoral.com.ar\/%77%70%2d%6a%73%6f%6e\/wp\/v2\/comments?post=10402"}],"version-history":[{"count":0,"href":"https:\/\/informelitoral.com.ar\/%77%70%2d%6a%73%6f%6e\/wp\/v2\/posts\/10402\/revisions"}],"wp:attachment":[{"href":"https:\/\/informelitoral.com.ar\/%77%70%2d%6a%73%6f%6e\/wp\/v2\/media?parent=10402"}],"wp:term":[{"taxonomy":"category","embeddable":true,"href":"https:\/\/informelitoral.com.ar\/%77%70%2d%6a%73%6f%6e\/wp\/v2\/categories?post=10402"},{"taxonomy":"post_tag","embeddable":true,"href":"https:\/\/informelitoral.com.ar\/%77%70%2d%6a%73%6f%6e\/wp\/v2\/tags?post=10402"}],"curies":[{"name":"wp","href":"https:\/\/api.w.org\/{rel}","templated":true}]}}