{"id":103846,"date":"2022-12-23T14:08:43","date_gmt":"2022-12-23T17:08:43","guid":{"rendered":"https:\/\/www.informelitoral.com.ar\/?p=103846"},"modified":"2022-12-24T08:49:39","modified_gmt":"2022-12-24T11:49:39","slug":"el-escenario-que-afronta-la-siembra-de-sorgo-es-complejo","status":"publish","type":"post","link":"https:\/\/informelitoral.com.ar\/el-escenario-que-afronta-la-siembra-de-sorgo-es-complejo\/","title":{"rendered":"El escenario que afronta la siembra de sorgo es complejo"},"content":{"rendered":"<p>Desde antes del inicio de la siembra, se detectaba menor inter\u00e9s por el cereal, ya que las primeras proyecciones indicaban una ca\u00edda con relaci\u00f3n al ciclo anterior del 15 %, lo cual equivale a un \u00e1rea planificada de aproximadamente 102.000 ha.<\/p>\n<p>El Sistema de Informaci\u00f3n de Bolsa de Cereales de Entre R\u00edos (SIBER) sostuvo que el escenario que afronta la siembra de sorgo es complejo. La trama se hizo m\u00e1s compleja a\u00fan debido a la sequ\u00eda que se instal\u00f3 desde mediados de noviembre y que imposibilit\u00f3 el normal desarrollo de las labores de implantaci\u00f3n.<\/p>\n<p>Al d\u00eda de la fecha, el informe sostiene que se concret\u00f3 la siembra del 70 % de la intenci\u00f3n original. Los primeros lotes sembrados se ubican en la etapa de macollaje con una buena condici\u00f3n del cultivo.<\/p>\n<p>El d\u00e9ficit h\u00eddrico ha generado un atraso de la fecha en la siembra de soja y ma\u00edz de fechas tard\u00edas, por lo tanto, se gener\u00f3 un cuello de botella donde en muchos casos el productor optar\u00e1 por continuar con la siembra de los otros cultivos versus el sorgo. En consecuencia, en este contexto, es l\u00f3gico pensar que el \u00e1rea destinada finalmente experimente una ca\u00edda mayor a la inicial.<\/p>\n<p>Por otro lado, el SIBER sostuvo que las primeras proyecciones indican que el \u00e1rea destinada a la siembra del ma\u00edz de segunda y tard\u00edo en el ciclo 2022\/23 se posicionar\u00eda alrededor de 70.000 ha.<\/p>\n<p>El reporte recuerda que, en el ciclo 2021\/22 la superficie fue de 47.800 ha. Se proyecta una expansi\u00f3n del 46 % (22.200 ha).<\/p>\n<p>El informe indica que los colaboradores reportan que, los productores tomaron la decisi\u00f3n de optar siembras en fechas tard\u00edas para amortiguar el impacto de \u201cLa Ni\u00f1a\u201d, ya que los modelos indicaban una alta probabilidad de d\u00e9ficit h\u00eddricos para el mes de diciembre (momento donde ocurre la floraci\u00f3n de los ma\u00edces de primera).<\/p>\n<p>Seg\u00fan el SIBER, al d\u00eda de la fecha, se estima que se ha concretado el 23 % de la intenci\u00f3n planificada y en algunos casos, se han sembrados lotes \u201cen seco\u201d, es decir, sin humedad en la cama de siembra a la espera de precipitaciones.<\/p>\n","protected":false},"excerpt":{"rendered":"<p>As\u00ed lo destac\u00f3 el SIBER quien adem\u00e1s sostiene que se concret\u00f3 la siembra del 70 % de la intenci\u00f3n original.  <\/p>\n","protected":false},"author":8,"featured_media":103851,"comment_status":"open","ping_status":"open","sticky":false,"template":"","format":"standard","meta":{"fifu_image_url":"","fifu_image_alt":"","footnotes":""},"categories":[10],"tags":[191,579,3486,578],"class_list":{"0":"post-103846","1":"post","2":"type-post","3":"status-publish","4":"format-standard","5":"has-post-thumbnail","7":"category-campo","8":"tag-agricultura","9":"tag-bolsa-de-cereales","10":"tag-bolsa-de-cereales-de-entre-rios","11":"tag-sorgo"},"yoast_head":"<title>El escenario que afronta la siembra de sorgo es complejo - Informe Litoral<\/title>\n<meta name=\"robots\" content=\"index, follow, max-snippet:-1, max-image-preview:large, max-video-preview:-1\" \/>\n<link rel=\"canonical\" href=\"https:\/\/informelitoral.com.ar\/el-escenario-que-afronta-la-siembra-de-sorgo-es-complejo\/\" \/>\n<meta property=\"og:locale\" content=\"es_ES\" \/>\n<meta property=\"og:type\" content=\"article\" \/>\n<meta property=\"og:title\" content=\"El escenario que afronta la siembra de sorgo es complejo - Informe Litoral\" \/>\n<meta property=\"og:description\" content=\"As\u00ed lo destac\u00f3 el SIBER quien adem\u00e1s sostiene que se concret\u00f3 la siembra del 70 % de la intenci\u00f3n original.\" \/>\n<meta property=\"og:url\" content=\"https:\/\/informelitoral.com.ar\/el-escenario-que-afronta-la-siembra-de-sorgo-es-complejo\/\" \/>\n<meta property=\"og:site_name\" content=\"Informe Litoral\" \/>\n<meta property=\"article:publisher\" content=\"https:\/\/www.facebook.com\/informelitoral\/\" \/>\n<meta property=\"article:published_time\" content=\"2022-12-23T17:08:43+00:00\" \/>\n<meta property=\"article:modified_time\" content=\"2022-12-24T11:49:39+00:00\" \/>\n<meta property=\"og:image\" content=\"https:\/\/informelitoral.com.ar\/%77%70%2d%63%6f%6e%74%65%6e%74\/uploads\/2022\/12\/63a4f88849d36_g.jpg\" \/>\n\t<meta property=\"og:image:width\" content=\"600\" \/>\n\t<meta property=\"og:image:height\" content=\"400\" \/>\n\t<meta property=\"og:image:type\" content=\"image\/jpeg\" \/>\n<meta name=\"author\" content=\"Sebastian\" \/>\n<meta name=\"twitter:card\" content=\"summary_large_image\" \/>\n<meta name=\"twitter:creator\" content=\"@InformeLitoral\" \/>\n<meta name=\"twitter:site\" content=\"@InformeLitoral\" \/>\n<meta name=\"twitter:label1\" content=\"Escrito por\" \/>\n\t<meta name=\"twitter:data1\" content=\"Sebastian\" \/>\n\t<meta name=\"twitter:label2\" content=\"Tiempo de lectura\" \/>\n\t<meta name=\"twitter:data2\" content=\"2 minutos\" \/>\n<script type=\"application\/ld+json\" class=\"yoast-schema-graph\">{\"@context\":\"https:\\\/\\\/schema.org\",\"@graph\":[{\"@type\":\"Article\",\"@id\":\"https:\\\/\\\/informelitoral.com.ar\\\/el-escenario-que-afronta-la-siembra-de-sorgo-es-complejo\\\/#article\",\"isPartOf\":{\"@id\":\"https:\\\/\\\/informelitoral.com.ar\\\/el-escenario-que-afronta-la-siembra-de-sorgo-es-complejo\\\/\"},\"author\":{\"name\":\"Sebastian\",\"@id\":\"https:\\\/\\\/informelitoral.com.ar\\\/#\\\/schema\\\/person\\\/f05f9f461677119578717524b127d6d5\"},\"headline\":\"El escenario que afronta la siembra de sorgo es complejo\",\"datePublished\":\"2022-12-23T17:08:43+00:00\",\"dateModified\":\"2022-12-24T11:49:39+00:00\",\"mainEntityOfPage\":{\"@id\":\"https:\\\/\\\/informelitoral.com.ar\\\/el-escenario-que-afronta-la-siembra-de-sorgo-es-complejo\\\/\"},\"wordCount\":381,\"commentCount\":0,\"publisher\":{\"@id\":\"https:\\\/\\\/informelitoral.com.ar\\\/#organization\"},\"image\":{\"@id\":\"https:\\\/\\\/informelitoral.com.ar\\\/el-escenario-que-afronta-la-siembra-de-sorgo-es-complejo\\\/#primaryimage\"},\"thumbnailUrl\":\"https:\\\/\\\/informelitoral.com.ar\\\/%77%70%2d%63%6f%6e%74%65%6e%74\\\/uploads\\\/2022\\\/12\\\/63a4f88849d36_g.jpg\",\"keywords\":[\"Agricultura\",\"Bolsa de Cereales\",\"Bolsa de Cereales de Entre R\u00edos\",\"Sorgo\"],\"articleSection\":[\"Campo\"],\"inLanguage\":\"es\",\"potentialAction\":[{\"@type\":\"CommentAction\",\"name\":\"Comment\",\"target\":[\"https:\\\/\\\/informelitoral.com.ar\\\/el-escenario-que-afronta-la-siembra-de-sorgo-es-complejo\\\/#respond\"]}]},{\"@type\":\"WebPage\",\"@id\":\"https:\\\/\\\/informelitoral.com.ar\\\/el-escenario-que-afronta-la-siembra-de-sorgo-es-complejo\\\/\",\"url\":\"https:\\\/\\\/informelitoral.com.ar\\\/el-escenario-que-afronta-la-siembra-de-sorgo-es-complejo\\\/\",\"name\":\"El escenario que afronta la siembra de sorgo es complejo - Informe Litoral\",\"isPartOf\":{\"@id\":\"https:\\\/\\\/informelitoral.com.ar\\\/#website\"},\"primaryImageOfPage\":{\"@id\":\"https:\\\/\\\/informelitoral.com.ar\\\/el-escenario-que-afronta-la-siembra-de-sorgo-es-complejo\\\/#primaryimage\"},\"image\":{\"@id\":\"https:\\\/\\\/informelitoral.com.ar\\\/el-escenario-que-afronta-la-siembra-de-sorgo-es-complejo\\\/#primaryimage\"},\"thumbnailUrl\":\"https:\\\/\\\/informelitoral.com.ar\\\/%77%70%2d%63%6f%6e%74%65%6e%74\\\/uploads\\\/2022\\\/12\\\/63a4f88849d36_g.jpg\",\"datePublished\":\"2022-12-23T17:08:43+00:00\",\"dateModified\":\"2022-12-24T11:49:39+00:00\",\"breadcrumb\":{\"@id\":\"https:\\\/\\\/informelitoral.com.ar\\\/el-escenario-que-afronta-la-siembra-de-sorgo-es-complejo\\\/#breadcrumb\"},\"inLanguage\":\"es\",\"potentialAction\":[{\"@type\":\"ReadAction\",\"target\":[\"https:\\\/\\\/informelitoral.com.ar\\\/el-escenario-que-afronta-la-siembra-de-sorgo-es-complejo\\\/\"]}]},{\"@type\":\"ImageObject\",\"inLanguage\":\"es\",\"@id\":\"https:\\\/\\\/informelitoral.com.ar\\\/el-escenario-que-afronta-la-siembra-de-sorgo-es-complejo\\\/#primaryimage\",\"url\":\"https:\\\/\\\/informelitoral.com.ar\\\/%77%70%2d%63%6f%6e%74%65%6e%74\\\/uploads\\\/2022\\\/12\\\/63a4f88849d36_g.jpg\",\"contentUrl\":\"https:\\\/\\\/informelitoral.com.ar\\\/%77%70%2d%63%6f%6e%74%65%6e%74\\\/uploads\\\/2022\\\/12\\\/63a4f88849d36_g.jpg\",\"width\":600,\"height\":400},{\"@type\":\"BreadcrumbList\",\"@id\":\"https:\\\/\\\/informelitoral.com.ar\\\/el-escenario-que-afronta-la-siembra-de-sorgo-es-complejo\\\/#breadcrumb\",\"itemListElement\":[{\"@type\":\"ListItem\",\"position\":1,\"name\":\"Portada\",\"item\":\"https:\\\/\\\/informelitoral.com.ar\\\/\"},{\"@type\":\"ListItem\",\"position\":2,\"name\":\"El escenario que afronta la siembra de sorgo es complejo\"}]},{\"@type\":\"WebSite\",\"@id\":\"https:\\\/\\\/informelitoral.com.ar\\\/#website\",\"url\":\"https:\\\/\\\/informelitoral.com.ar\\\/\",\"name\":\"Informe Litoral\",\"description\":\"&quot;Nos informamos&quot; \",\"publisher\":{\"@id\":\"https:\\\/\\\/informelitoral.com.ar\\\/#organization\"},\"potentialAction\":[{\"@type\":\"SearchAction\",\"target\":{\"@type\":\"EntryPoint\",\"urlTemplate\":\"https:\\\/\\\/informelitoral.com.ar\\\/?s={search_term_string}\"},\"query-input\":{\"@type\":\"PropertyValueSpecification\",\"valueRequired\":true,\"valueName\":\"search_term_string\"}}],\"inLanguage\":\"es\"},{\"@type\":\"Organization\",\"@id\":\"https:\\\/\\\/informelitoral.com.ar\\\/#organization\",\"name\":\"Informe Litoral\",\"url\":\"https:\\\/\\\/informelitoral.com.ar\\\/\",\"logo\":{\"@type\":\"ImageObject\",\"inLanguage\":\"es\",\"@id\":\"https:\\\/\\\/informelitoral.com.ar\\\/#\\\/schema\\\/logo\\\/image\\\/\",\"url\":\"https:\\\/\\\/informelitoral.com.ar\\\/%77%70%2d%63%6f%6e%74%65%6e%74\\\/uploads\\\/2021\\\/01\\\/circulo.png\",\"contentUrl\":\"https:\\\/\\\/informelitoral.com.ar\\\/%77%70%2d%63%6f%6e%74%65%6e%74\\\/uploads\\\/2021\\\/01\\\/circulo.png\",\"width\":723,\"height\":731,\"caption\":\"Informe Litoral\"},\"image\":{\"@id\":\"https:\\\/\\\/informelitoral.com.ar\\\/#\\\/schema\\\/logo\\\/image\\\/\"},\"sameAs\":[\"https:\\\/\\\/www.facebook.com\\\/informelitoral\\\/\",\"https:\\\/\\\/x.com\\\/InformeLitoral\",\"https:\\\/\\\/www.instagram.com\\\/informelitoral\\\/\",\"https:\\\/\\\/www.youtube.com\\\/channel\\\/UCua4Qvz8Icb6MYqhoq9xLXw\"]},{\"@type\":\"Person\",\"@id\":\"https:\\\/\\\/informelitoral.com.ar\\\/#\\\/schema\\\/person\\\/f05f9f461677119578717524b127d6d5\",\"name\":\"Sebastian\",\"image\":{\"@type\":\"ImageObject\",\"inLanguage\":\"es\",\"@id\":\"https:\\\/\\\/secure.gravatar.com\\\/avatar\\\/b71bf7481d447dfb9583c7f2798e7cc64de6efb9067b74633ed8c31059a3bd82?s=96&d=mm&r=g\",\"url\":\"https:\\\/\\\/secure.gravatar.com\\\/avatar\\\/b71bf7481d447dfb9583c7f2798e7cc64de6efb9067b74633ed8c31059a3bd82?s=96&d=mm&r=g\",\"contentUrl\":\"https:\\\/\\\/secure.gravatar.com\\\/avatar\\\/b71bf7481d447dfb9583c7f2798e7cc64de6efb9067b74633ed8c31059a3bd82?s=96&d=mm&r=g\",\"caption\":\"Sebastian\"},\"url\":\"https:\\\/\\\/informelitoral.com.ar\\\/author\\\/sebastian\\\/\"}]}<\/script>","yoast_head_json":{"title":"El escenario que afronta la siembra de sorgo es complejo - Informe Litoral","robots":{"index":"index","follow":"follow","max-snippet":"max-snippet:-1","max-image-preview":"max-image-preview:large","max-video-preview":"max-video-preview:-1"},"canonical":"https:\/\/informelitoral.com.ar\/el-escenario-que-afronta-la-siembra-de-sorgo-es-complejo\/","og_locale":"es_ES","og_type":"article","og_title":"El escenario que afronta la siembra de sorgo es complejo - Informe Litoral","og_description":"As\u00ed lo destac\u00f3 el SIBER quien adem\u00e1s sostiene que se concret\u00f3 la siembra del 70 % de la intenci\u00f3n original.","og_url":"https:\/\/informelitoral.com.ar\/el-escenario-que-afronta-la-siembra-de-sorgo-es-complejo\/","og_site_name":"Informe Litoral","article_publisher":"https:\/\/www.facebook.com\/informelitoral\/","article_published_time":"2022-12-23T17:08:43+00:00","article_modified_time":"2022-12-24T11:49:39+00:00","og_image":[{"width":600,"height":400,"url":"https:\/\/informelitoral.com.ar\/%77%70%2d%63%6f%6e%74%65%6e%74\/uploads\/2022\/12\/63a4f88849d36_g.jpg","type":"image\/jpeg"}],"author":"Sebastian","twitter_card":"summary_large_image","twitter_creator":"@InformeLitoral","twitter_site":"@InformeLitoral","twitter_misc":{"Escrito por":"Sebastian","Tiempo de lectura":"2 minutos"},"schema":{"@context":"https:\/\/schema.org","@graph":[{"@type":"Article","@id":"https:\/\/informelitoral.com.ar\/el-escenario-que-afronta-la-siembra-de-sorgo-es-complejo\/#article","isPartOf":{"@id":"https:\/\/informelitoral.com.ar\/el-escenario-que-afronta-la-siembra-de-sorgo-es-complejo\/"},"author":{"name":"Sebastian","@id":"https:\/\/informelitoral.com.ar\/#\/schema\/person\/f05f9f461677119578717524b127d6d5"},"headline":"El escenario que afronta la siembra de sorgo es complejo","datePublished":"2022-12-23T17:08:43+00:00","dateModified":"2022-12-24T11:49:39+00:00","mainEntityOfPage":{"@id":"https:\/\/informelitoral.com.ar\/el-escenario-que-afronta-la-siembra-de-sorgo-es-complejo\/"},"wordCount":381,"commentCount":0,"publisher":{"@id":"https:\/\/informelitoral.com.ar\/#organization"},"image":{"@id":"https:\/\/informelitoral.com.ar\/el-escenario-que-afronta-la-siembra-de-sorgo-es-complejo\/#primaryimage"},"thumbnailUrl":"https:\/\/informelitoral.com.ar\/%77%70%2d%63%6f%6e%74%65%6e%74\/uploads\/2022\/12\/63a4f88849d36_g.jpg","keywords":["Agricultura","Bolsa de Cereales","Bolsa de Cereales de Entre R\u00edos","Sorgo"],"articleSection":["Campo"],"inLanguage":"es","potentialAction":[{"@type":"CommentAction","name":"Comment","target":["https:\/\/informelitoral.com.ar\/el-escenario-que-afronta-la-siembra-de-sorgo-es-complejo\/#respond"]}]},{"@type":"WebPage","@id":"https:\/\/informelitoral.com.ar\/el-escenario-que-afronta-la-siembra-de-sorgo-es-complejo\/","url":"https:\/\/informelitoral.com.ar\/el-escenario-que-afronta-la-siembra-de-sorgo-es-complejo\/","name":"El escenario que afronta la siembra de sorgo es complejo - Informe Litoral","isPartOf":{"@id":"https:\/\/informelitoral.com.ar\/#website"},"primaryImageOfPage":{"@id":"https:\/\/informelitoral.com.ar\/el-escenario-que-afronta-la-siembra-de-sorgo-es-complejo\/#primaryimage"},"image":{"@id":"https:\/\/informelitoral.com.ar\/el-escenario-que-afronta-la-siembra-de-sorgo-es-complejo\/#primaryimage"},"thumbnailUrl":"https:\/\/informelitoral.com.ar\/%77%70%2d%63%6f%6e%74%65%6e%74\/uploads\/2022\/12\/63a4f88849d36_g.jpg","datePublished":"2022-12-23T17:08:43+00:00","dateModified":"2022-12-24T11:49:39+00:00","breadcrumb":{"@id":"https:\/\/informelitoral.com.ar\/el-escenario-que-afronta-la-siembra-de-sorgo-es-complejo\/#breadcrumb"},"inLanguage":"es","potentialAction":[{"@type":"ReadAction","target":["https:\/\/informelitoral.com.ar\/el-escenario-que-afronta-la-siembra-de-sorgo-es-complejo\/"]}]},{"@type":"ImageObject","inLanguage":"es","@id":"https:\/\/informelitoral.com.ar\/el-escenario-que-afronta-la-siembra-de-sorgo-es-complejo\/#primaryimage","url":"https:\/\/informelitoral.com.ar\/%77%70%2d%63%6f%6e%74%65%6e%74\/uploads\/2022\/12\/63a4f88849d36_g.jpg","contentUrl":"https:\/\/informelitoral.com.ar\/%77%70%2d%63%6f%6e%74%65%6e%74\/uploads\/2022\/12\/63a4f88849d36_g.jpg","width":600,"height":400},{"@type":"BreadcrumbList","@id":"https:\/\/informelitoral.com.ar\/el-escenario-que-afronta-la-siembra-de-sorgo-es-complejo\/#breadcrumb","itemListElement":[{"@type":"ListItem","position":1,"name":"Portada","item":"https:\/\/informelitoral.com.ar\/"},{"@type":"ListItem","position":2,"name":"El escenario que afronta la siembra de sorgo es complejo"}]},{"@type":"WebSite","@id":"https:\/\/informelitoral.com.ar\/#website","url":"https:\/\/informelitoral.com.ar\/","name":"Informe Litoral","description":"&quot;Nos informamos&quot; ","publisher":{"@id":"https:\/\/informelitoral.com.ar\/#organization"},"potentialAction":[{"@type":"SearchAction","target":{"@type":"EntryPoint","urlTemplate":"https:\/\/informelitoral.com.ar\/?s={search_term_string}"},"query-input":{"@type":"PropertyValueSpecification","valueRequired":true,"valueName":"search_term_string"}}],"inLanguage":"es"},{"@type":"Organization","@id":"https:\/\/informelitoral.com.ar\/#organization","name":"Informe Litoral","url":"https:\/\/informelitoral.com.ar\/","logo":{"@type":"ImageObject","inLanguage":"es","@id":"https:\/\/informelitoral.com.ar\/#\/schema\/logo\/image\/","url":"https:\/\/informelitoral.com.ar\/%77%70%2d%63%6f%6e%74%65%6e%74\/uploads\/2021\/01\/circulo.png","contentUrl":"https:\/\/informelitoral.com.ar\/%77%70%2d%63%6f%6e%74%65%6e%74\/uploads\/2021\/01\/circulo.png","width":723,"height":731,"caption":"Informe Litoral"},"image":{"@id":"https:\/\/informelitoral.com.ar\/#\/schema\/logo\/image\/"},"sameAs":["https:\/\/www.facebook.com\/informelitoral\/","https:\/\/x.com\/InformeLitoral","https:\/\/www.instagram.com\/informelitoral\/","https:\/\/www.youtube.com\/channel\/UCua4Qvz8Icb6MYqhoq9xLXw"]},{"@type":"Person","@id":"https:\/\/informelitoral.com.ar\/#\/schema\/person\/f05f9f461677119578717524b127d6d5","name":"Sebastian","image":{"@type":"ImageObject","inLanguage":"es","@id":"https:\/\/secure.gravatar.com\/avatar\/b71bf7481d447dfb9583c7f2798e7cc64de6efb9067b74633ed8c31059a3bd82?s=96&d=mm&r=g","url":"https:\/\/secure.gravatar.com\/avatar\/b71bf7481d447dfb9583c7f2798e7cc64de6efb9067b74633ed8c31059a3bd82?s=96&d=mm&r=g","contentUrl":"https:\/\/secure.gravatar.com\/avatar\/b71bf7481d447dfb9583c7f2798e7cc64de6efb9067b74633ed8c31059a3bd82?s=96&d=mm&r=g","caption":"Sebastian"},"url":"https:\/\/informelitoral.com.ar\/author\/sebastian\/"}]}},"_links":{"self":[{"href":"https:\/\/informelitoral.com.ar\/%77%70%2d%6a%73%6f%6e\/wp\/v2\/posts\/103846","targetHints":{"allow":["GET"]}}],"collection":[{"href":"https:\/\/informelitoral.com.ar\/%77%70%2d%6a%73%6f%6e\/wp\/v2\/posts"}],"about":[{"href":"https:\/\/informelitoral.com.ar\/%77%70%2d%6a%73%6f%6e\/wp\/v2\/types\/post"}],"author":[{"embeddable":true,"href":"https:\/\/informelitoral.com.ar\/%77%70%2d%6a%73%6f%6e\/wp\/v2\/users\/8"}],"replies":[{"embeddable":true,"href":"https:\/\/informelitoral.com.ar\/%77%70%2d%6a%73%6f%6e\/wp\/v2\/comments?post=103846"}],"version-history":[{"count":0,"href":"https:\/\/informelitoral.com.ar\/%77%70%2d%6a%73%6f%6e\/wp\/v2\/posts\/103846\/revisions"}],"wp:featuredmedia":[{"embeddable":true,"href":"https:\/\/informelitoral.com.ar\/%77%70%2d%6a%73%6f%6e\/wp\/v2\/media\/103851"}],"wp:attachment":[{"href":"https:\/\/informelitoral.com.ar\/%77%70%2d%6a%73%6f%6e\/wp\/v2\/media?parent=103846"}],"wp:term":[{"taxonomy":"category","embeddable":true,"href":"https:\/\/informelitoral.com.ar\/%77%70%2d%6a%73%6f%6e\/wp\/v2\/categories?post=103846"},{"taxonomy":"post_tag","embeddable":true,"href":"https:\/\/informelitoral.com.ar\/%77%70%2d%6a%73%6f%6e\/wp\/v2\/tags?post=103846"}],"curies":[{"name":"wp","href":"https:\/\/api.w.org\/{rel}","templated":true}]}}