{"id":10361,"date":"2015-03-31T17:16:28","date_gmt":"2015-03-31T20:16:28","guid":{"rendered":"http:\/\/www.isletasnoticias.com.ar\/?p=10361"},"modified":"2015-03-31T17:17:18","modified_gmt":"2015-03-31T20:17:18","slug":"el-senado-trata-este-miercoles-la-ley-de-comunas-y-de-ministerios","status":"publish","type":"post","link":"https:\/\/informelitoral.com.ar\/el-senado-trata-este-miercoles-la-ley-de-comunas-y-de-ministerios\/","title":{"rendered":"El Senado trata este mi\u00e9rcoles la Ley de Comunas y de Ministerios"},"content":{"rendered":"<p><b>El Senado sesionar\u00e1 este mi\u00e9rcoles a las 11.00. Entre los temas se encuentran la Ley de Comunas y la Ley de Ministerios impulsada por el Ejecutivo que, entre otros aspectos, incorpora con rango ministerial a la \u201cCoordinaci\u00f3n o Jefatura de Gabinete\u00bb.<a href=\"http:\/\/www.isletasnoticias.com.ar\/%77%70%2d%63%6f%6e%74%65%6e%74\/uploads\/2015\/03\/1111.jpg\"><img loading=\"lazy\" decoding=\"async\" class=\"aligncenter size-medium wp-image-10362\" src=\"http:\/\/www.isletasnoticias.com.ar\/%77%70%2d%63%6f%6e%74%65%6e%74\/uploads\/2015\/03\/1111-300x199.jpg\" alt=\"1111\" width=\"300\" height=\"199\" srcset=\"https:\/\/informelitoral.com.ar\/%77%70%2d%63%6f%6e%74%65%6e%74\/uploads\/2015\/03\/1111-300x199.jpg 300w, https:\/\/informelitoral.com.ar\/%77%70%2d%63%6f%6e%74%65%6e%74\/uploads\/2015\/03\/1111.jpg 448w\" sizes=\"auto, (max-width: 300px) 100vw, 300px\" \/><\/a><\/b>La sesi\u00f3n fue convocada para este jueves a las 11.00, y podr\u00eda tener sanci\u00f3n la Ley de Comunas. Se trata de uno de los temas de la Constituci\u00f3n provincial reformada en el 2008, que no se ha reglamentado a\u00fan.<\/p>\n<p>El proyecto original presentado por el presidente de dicha comisi\u00f3n, <strong>C\u00e9sar Melchiori<\/strong> (FPV-Islas), tuvo importantes modificaciones, ya que \u201cse hizo un ordenamiento del articulado\u201d, especific\u00f3 el legislador.<\/p>\n<p>Melchiori indic\u00f3 adem\u00e1s est\u00e1n \u201cen condiciones de darle tratamiento, a una legislaci\u00f3n que se aplicar\u00e1 a partir del pr\u00f3ximo per\u00edodo de gobierno\u201d.<\/p>\n<p>Cabe recordar que se considera comuna a toda extensi\u00f3n territorial que congregue una poblaci\u00f3n estable con un n\u00famero no inferior a 200 habitantes, ni superior a los 1.500 habitantes, que no est\u00e9n comprendidos en un radio municipal existente.<\/p>\n<p>\u201cLa comuna es una unidad de gesti\u00f3n pol\u00edtica y administrativa, con competencia territorial, patrimonio y personer\u00eda jur\u00eddica propias, que gozan de autonom\u00eda en los t\u00e9rminos de la Constituci\u00f3n Provincial\u201d, especifica el art\u00edculo 3 del proyecto.<\/p>\n<p>\u201cSe establece el modo de elecci\u00f3n de quienes conducir\u00e1n la comuna y los modos en que llevar\u00e1 adelante la administraci\u00f3n.\u00a0 Se establece en cinco vocales los cargos, y quien gane la elecci\u00f3n tendr\u00e1 tres miembros. Tambi\u00e9n aparecen los requisitos que deber\u00e1n cumplir quienes deseen ser vocales de la comuna\u201d, se afirma en dicho proyecto.<\/p>\n<p>Cabe recordar que la C\u00e1mara de Senadores realiz\u00f3 en los \u00faltimos dos a\u00f1os,\u00a0 reuniones con representante del Poder Ejecutivo, funcionarios de la Justicia Electoral, de la direcci\u00f3n de Catastro, de la Administradora Tributaria de Entre R\u00edos (ATER), de la direcci\u00f3n del Registro Civil\u00a0 y de la direcci\u00f3n de Juntas de Gobierno, entre otros, para lograr consenso sobre este tema que reglamenta lo establecido en la Constituci\u00f3n reformada en 2008.<\/p>\n<p>Uno de los temas incluidos es el relacionado con la las causales que pueden llevar a la destituci\u00f3n de los miembros de una comuna y adem\u00e1s analizaron los deberes y atribuciones que tendr\u00e1n las comunas, estableciendo la posibilidad de dictar ordenanzas\u00a0 y resoluciones.<\/p>\n<p>Quien encabece la lista que gane, ocupar\u00e1 la titularidad de la comuna y solo percibir\u00e1n haberes el titular y el secretario. Tambi\u00e9n se pone \u00e9nfasis en la publicidad de los actos que deben realizarse en funci\u00f3n de gobierno, promoviendo con ello la participaci\u00f3n de los vecinos.<\/p>\n<p>Los legisladores explicaron que este proyecto, en caso de aprobarse, se comenzar\u00e1 a aplicar en forma gradual a partir del pr\u00f3ximo per\u00edodo de gobierno, que deber\u00e1 impulsar los cambios normativos necesarios para la creaci\u00f3n de las comunas.<\/p>\n<p><strong>Ley de Ministerios<\/strong><br \/>\nEn tanto, el proyecto de reforma de la ley de Ministerios que impulsa el Gobierno, adem\u00e1s de incorporar con rango ministerial a la \u201cCoordinaci\u00f3n o Jefatura de Gabinete\u201d introduce mayores especificaciones sobre las competencias de los Ministros y establece criterios para la \u201corganizaci\u00f3n administrativa\u201d, entre otras cuestiones. Como novedad, a la funci\u00f3n que hoy detenta Hugo Ballay, se le otorga la competencia de \u201cfijar la pol\u00edtica salarial de la Administraci\u00f3n P\u00fablica\u201d.<em> (APFDigital)<\/em><\/p>\n","protected":false},"excerpt":{"rendered":"<p>El Senado sesionar&aacute; este mi&eacute;rcoles a las 11.00. Entre los temas se encuentran la Ley de Comunas y la Ley de Ministerios impulsada por el Ejecutivo que, entre otros aspectos, incorpora con rango ministerial a la &ldquo;Coordinaci&oacute;n o Jefatura de Gabinete&raquo;.La sesi&oacute;n fue convocada para este jueves a las 11.00, y podr&iacute;a tener sanci&oacute;n la [&hellip;]<\/p>\n","protected":false},"author":2,"featured_media":0,"comment_status":"open","ping_status":"open","sticky":false,"template":"","format":"standard","meta":{"fifu_image_url":"","fifu_image_alt":"","footnotes":""},"categories":[6,16],"tags":[],"class_list":{"0":"post-10361","1":"post","2":"type-post","3":"status-publish","4":"format-standard","6":"category-entre-rios","7":"category-politi"},"yoast_head":"<title>El Senado trata este mi\u00e9rcoles la Ley de Comunas y de Ministerios - Informe Litoral<\/title>\n<meta name=\"robots\" content=\"index, follow, max-snippet:-1, max-image-preview:large, max-video-preview:-1\" \/>\n<link rel=\"canonical\" href=\"https:\/\/informelitoral.com.ar\/el-senado-trata-este-miercoles-la-ley-de-comunas-y-de-ministerios\/\" \/>\n<meta property=\"og:locale\" content=\"es_ES\" \/>\n<meta property=\"og:type\" content=\"article\" \/>\n<meta property=\"og:title\" content=\"El Senado trata este mi\u00e9rcoles la Ley de Comunas y de Ministerios - Informe Litoral\" \/>\n<meta property=\"og:description\" content=\"El Senado sesionar&aacute; este mi&eacute;rcoles a las 11.00. Entre los temas se encuentran la Ley de Comunas y la Ley de Ministerios impulsada por el Ejecutivo que, entre otros aspectos, incorpora con rango ministerial a la &ldquo;Coordinaci&oacute;n o Jefatura de Gabinete&raquo;.La sesi&oacute;n fue convocada para este jueves a las 11.00, y podr&iacute;a tener sanci&oacute;n la [&hellip;]\" \/>\n<meta property=\"og:url\" content=\"https:\/\/informelitoral.com.ar\/el-senado-trata-este-miercoles-la-ley-de-comunas-y-de-ministerios\/\" \/>\n<meta property=\"og:site_name\" content=\"Informe Litoral\" \/>\n<meta property=\"article:publisher\" content=\"https:\/\/www.facebook.com\/informelitoral\/\" \/>\n<meta property=\"article:published_time\" content=\"2015-03-31T20:16:28+00:00\" \/>\n<meta property=\"article:modified_time\" content=\"2015-03-31T20:17:18+00:00\" \/>\n<meta property=\"og:image\" content=\"https:\/\/informelitoral.com.ar\/%77%70%2d%63%6f%6e%74%65%6e%74\/uploads\/2015\/03\/1111.jpg\" \/>\n\t<meta property=\"og:image:width\" content=\"448\" \/>\n\t<meta property=\"og:image:height\" content=\"297\" \/>\n\t<meta property=\"og:image:type\" content=\"image\/jpeg\" \/>\n<meta name=\"author\" content=\"Gonzalo Schmidt\" \/>\n<meta name=\"twitter:card\" content=\"summary_large_image\" \/>\n<meta name=\"twitter:creator\" content=\"@InformeLitoral\" \/>\n<meta name=\"twitter:site\" content=\"@InformeLitoral\" \/>\n<meta name=\"twitter:label1\" content=\"Escrito por\" \/>\n\t<meta name=\"twitter:data1\" content=\"Gonzalo Schmidt\" \/>\n\t<meta name=\"twitter:label2\" content=\"Tiempo de lectura\" \/>\n\t<meta name=\"twitter:data2\" content=\"3 minutos\" \/>\n<script type=\"application\/ld+json\" class=\"yoast-schema-graph\">{\"@context\":\"https:\\\/\\\/schema.org\",\"@graph\":[{\"@type\":\"Article\",\"@id\":\"https:\\\/\\\/informelitoral.com.ar\\\/el-senado-trata-este-miercoles-la-ley-de-comunas-y-de-ministerios\\\/#article\",\"isPartOf\":{\"@id\":\"https:\\\/\\\/informelitoral.com.ar\\\/el-senado-trata-este-miercoles-la-ley-de-comunas-y-de-ministerios\\\/\"},\"author\":{\"name\":\"Gonzalo Schmidt\",\"@id\":\"https:\\\/\\\/informelitoral.com.ar\\\/#\\\/schema\\\/person\\\/b9d00407c836482871ef1d57bf8e3180\"},\"headline\":\"El Senado trata este mi\u00e9rcoles la Ley de Comunas y de Ministerios\",\"datePublished\":\"2015-03-31T20:16:28+00:00\",\"dateModified\":\"2015-03-31T20:17:18+00:00\",\"mainEntityOfPage\":{\"@id\":\"https:\\\/\\\/informelitoral.com.ar\\\/el-senado-trata-este-miercoles-la-ley-de-comunas-y-de-ministerios\\\/\"},\"wordCount\":588,\"commentCount\":0,\"publisher\":{\"@id\":\"https:\\\/\\\/informelitoral.com.ar\\\/#organization\"},\"image\":{\"@id\":\"https:\\\/\\\/informelitoral.com.ar\\\/el-senado-trata-este-miercoles-la-ley-de-comunas-y-de-ministerios\\\/#primaryimage\"},\"thumbnailUrl\":\"http:\\\/\\\/www.isletasnoticias.com.ar\\\/%77%70%2d%63%6f%6e%74%65%6e%74\\\/uploads\\\/2015\\\/03\\\/1111-300x199.jpg\",\"articleSection\":[\"Entre R\u00edos\",\"Politica\"],\"inLanguage\":\"es\",\"potentialAction\":[{\"@type\":\"CommentAction\",\"name\":\"Comment\",\"target\":[\"https:\\\/\\\/informelitoral.com.ar\\\/el-senado-trata-este-miercoles-la-ley-de-comunas-y-de-ministerios\\\/#respond\"]}]},{\"@type\":\"WebPage\",\"@id\":\"https:\\\/\\\/informelitoral.com.ar\\\/el-senado-trata-este-miercoles-la-ley-de-comunas-y-de-ministerios\\\/\",\"url\":\"https:\\\/\\\/informelitoral.com.ar\\\/el-senado-trata-este-miercoles-la-ley-de-comunas-y-de-ministerios\\\/\",\"name\":\"El Senado trata este mi\u00e9rcoles la Ley de Comunas y de Ministerios - Informe Litoral\",\"isPartOf\":{\"@id\":\"https:\\\/\\\/informelitoral.com.ar\\\/#website\"},\"primaryImageOfPage\":{\"@id\":\"https:\\\/\\\/informelitoral.com.ar\\\/el-senado-trata-este-miercoles-la-ley-de-comunas-y-de-ministerios\\\/#primaryimage\"},\"image\":{\"@id\":\"https:\\\/\\\/informelitoral.com.ar\\\/el-senado-trata-este-miercoles-la-ley-de-comunas-y-de-ministerios\\\/#primaryimage\"},\"thumbnailUrl\":\"http:\\\/\\\/www.isletasnoticias.com.ar\\\/%77%70%2d%63%6f%6e%74%65%6e%74\\\/uploads\\\/2015\\\/03\\\/1111-300x199.jpg\",\"datePublished\":\"2015-03-31T20:16:28+00:00\",\"dateModified\":\"2015-03-31T20:17:18+00:00\",\"breadcrumb\":{\"@id\":\"https:\\\/\\\/informelitoral.com.ar\\\/el-senado-trata-este-miercoles-la-ley-de-comunas-y-de-ministerios\\\/#breadcrumb\"},\"inLanguage\":\"es\",\"potentialAction\":[{\"@type\":\"ReadAction\",\"target\":[\"https:\\\/\\\/informelitoral.com.ar\\\/el-senado-trata-este-miercoles-la-ley-de-comunas-y-de-ministerios\\\/\"]}]},{\"@type\":\"ImageObject\",\"inLanguage\":\"es\",\"@id\":\"https:\\\/\\\/informelitoral.com.ar\\\/el-senado-trata-este-miercoles-la-ley-de-comunas-y-de-ministerios\\\/#primaryimage\",\"url\":\"http:\\\/\\\/www.isletasnoticias.com.ar\\\/%77%70%2d%63%6f%6e%74%65%6e%74\\\/uploads\\\/2015\\\/03\\\/1111-300x199.jpg\",\"contentUrl\":\"http:\\\/\\\/www.isletasnoticias.com.ar\\\/%77%70%2d%63%6f%6e%74%65%6e%74\\\/uploads\\\/2015\\\/03\\\/1111-300x199.jpg\"},{\"@type\":\"BreadcrumbList\",\"@id\":\"https:\\\/\\\/informelitoral.com.ar\\\/el-senado-trata-este-miercoles-la-ley-de-comunas-y-de-ministerios\\\/#breadcrumb\",\"itemListElement\":[{\"@type\":\"ListItem\",\"position\":1,\"name\":\"Portada\",\"item\":\"https:\\\/\\\/informelitoral.com.ar\\\/\"},{\"@type\":\"ListItem\",\"position\":2,\"name\":\"El Senado trata este mi\u00e9rcoles la Ley de Comunas y de Ministerios\"}]},{\"@type\":\"WebSite\",\"@id\":\"https:\\\/\\\/informelitoral.com.ar\\\/#website\",\"url\":\"https:\\\/\\\/informelitoral.com.ar\\\/\",\"name\":\"Informe Litoral\",\"description\":\"&quot;Nos informamos&quot; \",\"publisher\":{\"@id\":\"https:\\\/\\\/informelitoral.com.ar\\\/#organization\"},\"potentialAction\":[{\"@type\":\"SearchAction\",\"target\":{\"@type\":\"EntryPoint\",\"urlTemplate\":\"https:\\\/\\\/informelitoral.com.ar\\\/?s={search_term_string}\"},\"query-input\":{\"@type\":\"PropertyValueSpecification\",\"valueRequired\":true,\"valueName\":\"search_term_string\"}}],\"inLanguage\":\"es\"},{\"@type\":\"Organization\",\"@id\":\"https:\\\/\\\/informelitoral.com.ar\\\/#organization\",\"name\":\"Informe Litoral\",\"url\":\"https:\\\/\\\/informelitoral.com.ar\\\/\",\"logo\":{\"@type\":\"ImageObject\",\"inLanguage\":\"es\",\"@id\":\"https:\\\/\\\/informelitoral.com.ar\\\/#\\\/schema\\\/logo\\\/image\\\/\",\"url\":\"https:\\\/\\\/informelitoral.com.ar\\\/%77%70%2d%63%6f%6e%74%65%6e%74\\\/uploads\\\/2021\\\/01\\\/circulo.png\",\"contentUrl\":\"https:\\\/\\\/informelitoral.com.ar\\\/%77%70%2d%63%6f%6e%74%65%6e%74\\\/uploads\\\/2021\\\/01\\\/circulo.png\",\"width\":723,\"height\":731,\"caption\":\"Informe Litoral\"},\"image\":{\"@id\":\"https:\\\/\\\/informelitoral.com.ar\\\/#\\\/schema\\\/logo\\\/image\\\/\"},\"sameAs\":[\"https:\\\/\\\/www.facebook.com\\\/informelitoral\\\/\",\"https:\\\/\\\/x.com\\\/InformeLitoral\",\"https:\\\/\\\/www.instagram.com\\\/informelitoral\\\/\",\"https:\\\/\\\/www.youtube.com\\\/channel\\\/UCua4Qvz8Icb6MYqhoq9xLXw\"]},{\"@type\":\"Person\",\"@id\":\"https:\\\/\\\/informelitoral.com.ar\\\/#\\\/schema\\\/person\\\/b9d00407c836482871ef1d57bf8e3180\",\"name\":\"Gonzalo Schmidt\",\"image\":{\"@type\":\"ImageObject\",\"inLanguage\":\"es\",\"@id\":\"https:\\\/\\\/secure.gravatar.com\\\/avatar\\\/31a1a7b66ff2de83bd0e9fd79d026630d2d99e55e8bfe501287647b4fd9743de?s=96&d=mm&r=g\",\"url\":\"https:\\\/\\\/secure.gravatar.com\\\/avatar\\\/31a1a7b66ff2de83bd0e9fd79d026630d2d99e55e8bfe501287647b4fd9743de?s=96&d=mm&r=g\",\"contentUrl\":\"https:\\\/\\\/secure.gravatar.com\\\/avatar\\\/31a1a7b66ff2de83bd0e9fd79d026630d2d99e55e8bfe501287647b4fd9743de?s=96&d=mm&r=g\",\"caption\":\"Gonzalo Schmidt\"},\"description\":\"Sitio web de noticias de la provincia de Entre R\u00edos, Argentina. Informaci\u00f3n y entretenimiento. Informe Litoral, nos informamos.\",\"sameAs\":[\"http:\\\/\\\/www.isletasnoticias.com.ar\"],\"url\":\"https:\\\/\\\/informelitoral.com.ar\\\/author\\\/gonzalo\\\/\"}]}<\/script>","yoast_head_json":{"title":"El Senado trata este mi\u00e9rcoles la Ley de Comunas y de Ministerios - Informe Litoral","robots":{"index":"index","follow":"follow","max-snippet":"max-snippet:-1","max-image-preview":"max-image-preview:large","max-video-preview":"max-video-preview:-1"},"canonical":"https:\/\/informelitoral.com.ar\/el-senado-trata-este-miercoles-la-ley-de-comunas-y-de-ministerios\/","og_locale":"es_ES","og_type":"article","og_title":"El Senado trata este mi\u00e9rcoles la Ley de Comunas y de Ministerios - Informe Litoral","og_description":"El Senado sesionar&aacute; este mi&eacute;rcoles a las 11.00. Entre los temas se encuentran la Ley de Comunas y la Ley de Ministerios impulsada por el Ejecutivo que, entre otros aspectos, incorpora con rango ministerial a la &ldquo;Coordinaci&oacute;n o Jefatura de Gabinete&raquo;.La sesi&oacute;n fue convocada para este jueves a las 11.00, y podr&iacute;a tener sanci&oacute;n la [&hellip;]","og_url":"https:\/\/informelitoral.com.ar\/el-senado-trata-este-miercoles-la-ley-de-comunas-y-de-ministerios\/","og_site_name":"Informe Litoral","article_publisher":"https:\/\/www.facebook.com\/informelitoral\/","article_published_time":"2015-03-31T20:16:28+00:00","article_modified_time":"2015-03-31T20:17:18+00:00","og_image":[{"width":448,"height":297,"url":"https:\/\/informelitoral.com.ar\/%77%70%2d%63%6f%6e%74%65%6e%74\/uploads\/2015\/03\/1111.jpg","type":"image\/jpeg"}],"author":"Gonzalo Schmidt","twitter_card":"summary_large_image","twitter_creator":"@InformeLitoral","twitter_site":"@InformeLitoral","twitter_misc":{"Escrito por":"Gonzalo Schmidt","Tiempo de lectura":"3 minutos"},"schema":{"@context":"https:\/\/schema.org","@graph":[{"@type":"Article","@id":"https:\/\/informelitoral.com.ar\/el-senado-trata-este-miercoles-la-ley-de-comunas-y-de-ministerios\/#article","isPartOf":{"@id":"https:\/\/informelitoral.com.ar\/el-senado-trata-este-miercoles-la-ley-de-comunas-y-de-ministerios\/"},"author":{"name":"Gonzalo Schmidt","@id":"https:\/\/informelitoral.com.ar\/#\/schema\/person\/b9d00407c836482871ef1d57bf8e3180"},"headline":"El Senado trata este mi\u00e9rcoles la Ley de Comunas y de Ministerios","datePublished":"2015-03-31T20:16:28+00:00","dateModified":"2015-03-31T20:17:18+00:00","mainEntityOfPage":{"@id":"https:\/\/informelitoral.com.ar\/el-senado-trata-este-miercoles-la-ley-de-comunas-y-de-ministerios\/"},"wordCount":588,"commentCount":0,"publisher":{"@id":"https:\/\/informelitoral.com.ar\/#organization"},"image":{"@id":"https:\/\/informelitoral.com.ar\/el-senado-trata-este-miercoles-la-ley-de-comunas-y-de-ministerios\/#primaryimage"},"thumbnailUrl":"http:\/\/www.isletasnoticias.com.ar\/%77%70%2d%63%6f%6e%74%65%6e%74\/uploads\/2015\/03\/1111-300x199.jpg","articleSection":["Entre R\u00edos","Politica"],"inLanguage":"es","potentialAction":[{"@type":"CommentAction","name":"Comment","target":["https:\/\/informelitoral.com.ar\/el-senado-trata-este-miercoles-la-ley-de-comunas-y-de-ministerios\/#respond"]}]},{"@type":"WebPage","@id":"https:\/\/informelitoral.com.ar\/el-senado-trata-este-miercoles-la-ley-de-comunas-y-de-ministerios\/","url":"https:\/\/informelitoral.com.ar\/el-senado-trata-este-miercoles-la-ley-de-comunas-y-de-ministerios\/","name":"El Senado trata este mi\u00e9rcoles la Ley de Comunas y de Ministerios - Informe Litoral","isPartOf":{"@id":"https:\/\/informelitoral.com.ar\/#website"},"primaryImageOfPage":{"@id":"https:\/\/informelitoral.com.ar\/el-senado-trata-este-miercoles-la-ley-de-comunas-y-de-ministerios\/#primaryimage"},"image":{"@id":"https:\/\/informelitoral.com.ar\/el-senado-trata-este-miercoles-la-ley-de-comunas-y-de-ministerios\/#primaryimage"},"thumbnailUrl":"http:\/\/www.isletasnoticias.com.ar\/%77%70%2d%63%6f%6e%74%65%6e%74\/uploads\/2015\/03\/1111-300x199.jpg","datePublished":"2015-03-31T20:16:28+00:00","dateModified":"2015-03-31T20:17:18+00:00","breadcrumb":{"@id":"https:\/\/informelitoral.com.ar\/el-senado-trata-este-miercoles-la-ley-de-comunas-y-de-ministerios\/#breadcrumb"},"inLanguage":"es","potentialAction":[{"@type":"ReadAction","target":["https:\/\/informelitoral.com.ar\/el-senado-trata-este-miercoles-la-ley-de-comunas-y-de-ministerios\/"]}]},{"@type":"ImageObject","inLanguage":"es","@id":"https:\/\/informelitoral.com.ar\/el-senado-trata-este-miercoles-la-ley-de-comunas-y-de-ministerios\/#primaryimage","url":"http:\/\/www.isletasnoticias.com.ar\/%77%70%2d%63%6f%6e%74%65%6e%74\/uploads\/2015\/03\/1111-300x199.jpg","contentUrl":"http:\/\/www.isletasnoticias.com.ar\/%77%70%2d%63%6f%6e%74%65%6e%74\/uploads\/2015\/03\/1111-300x199.jpg"},{"@type":"BreadcrumbList","@id":"https:\/\/informelitoral.com.ar\/el-senado-trata-este-miercoles-la-ley-de-comunas-y-de-ministerios\/#breadcrumb","itemListElement":[{"@type":"ListItem","position":1,"name":"Portada","item":"https:\/\/informelitoral.com.ar\/"},{"@type":"ListItem","position":2,"name":"El Senado trata este mi\u00e9rcoles la Ley de Comunas y de Ministerios"}]},{"@type":"WebSite","@id":"https:\/\/informelitoral.com.ar\/#website","url":"https:\/\/informelitoral.com.ar\/","name":"Informe Litoral","description":"&quot;Nos informamos&quot; ","publisher":{"@id":"https:\/\/informelitoral.com.ar\/#organization"},"potentialAction":[{"@type":"SearchAction","target":{"@type":"EntryPoint","urlTemplate":"https:\/\/informelitoral.com.ar\/?s={search_term_string}"},"query-input":{"@type":"PropertyValueSpecification","valueRequired":true,"valueName":"search_term_string"}}],"inLanguage":"es"},{"@type":"Organization","@id":"https:\/\/informelitoral.com.ar\/#organization","name":"Informe Litoral","url":"https:\/\/informelitoral.com.ar\/","logo":{"@type":"ImageObject","inLanguage":"es","@id":"https:\/\/informelitoral.com.ar\/#\/schema\/logo\/image\/","url":"https:\/\/informelitoral.com.ar\/%77%70%2d%63%6f%6e%74%65%6e%74\/uploads\/2021\/01\/circulo.png","contentUrl":"https:\/\/informelitoral.com.ar\/%77%70%2d%63%6f%6e%74%65%6e%74\/uploads\/2021\/01\/circulo.png","width":723,"height":731,"caption":"Informe Litoral"},"image":{"@id":"https:\/\/informelitoral.com.ar\/#\/schema\/logo\/image\/"},"sameAs":["https:\/\/www.facebook.com\/informelitoral\/","https:\/\/x.com\/InformeLitoral","https:\/\/www.instagram.com\/informelitoral\/","https:\/\/www.youtube.com\/channel\/UCua4Qvz8Icb6MYqhoq9xLXw"]},{"@type":"Person","@id":"https:\/\/informelitoral.com.ar\/#\/schema\/person\/b9d00407c836482871ef1d57bf8e3180","name":"Gonzalo Schmidt","image":{"@type":"ImageObject","inLanguage":"es","@id":"https:\/\/secure.gravatar.com\/avatar\/31a1a7b66ff2de83bd0e9fd79d026630d2d99e55e8bfe501287647b4fd9743de?s=96&d=mm&r=g","url":"https:\/\/secure.gravatar.com\/avatar\/31a1a7b66ff2de83bd0e9fd79d026630d2d99e55e8bfe501287647b4fd9743de?s=96&d=mm&r=g","contentUrl":"https:\/\/secure.gravatar.com\/avatar\/31a1a7b66ff2de83bd0e9fd79d026630d2d99e55e8bfe501287647b4fd9743de?s=96&d=mm&r=g","caption":"Gonzalo Schmidt"},"description":"Sitio web de noticias de la provincia de Entre R\u00edos, Argentina. Informaci\u00f3n y entretenimiento. Informe Litoral, nos informamos.","sameAs":["http:\/\/www.isletasnoticias.com.ar"],"url":"https:\/\/informelitoral.com.ar\/author\/gonzalo\/"}]}},"_links":{"self":[{"href":"https:\/\/informelitoral.com.ar\/%77%70%2d%6a%73%6f%6e\/wp\/v2\/posts\/10361","targetHints":{"allow":["GET"]}}],"collection":[{"href":"https:\/\/informelitoral.com.ar\/%77%70%2d%6a%73%6f%6e\/wp\/v2\/posts"}],"about":[{"href":"https:\/\/informelitoral.com.ar\/%77%70%2d%6a%73%6f%6e\/wp\/v2\/types\/post"}],"author":[{"embeddable":true,"href":"https:\/\/informelitoral.com.ar\/%77%70%2d%6a%73%6f%6e\/wp\/v2\/users\/2"}],"replies":[{"embeddable":true,"href":"https:\/\/informelitoral.com.ar\/%77%70%2d%6a%73%6f%6e\/wp\/v2\/comments?post=10361"}],"version-history":[{"count":0,"href":"https:\/\/informelitoral.com.ar\/%77%70%2d%6a%73%6f%6e\/wp\/v2\/posts\/10361\/revisions"}],"wp:attachment":[{"href":"https:\/\/informelitoral.com.ar\/%77%70%2d%6a%73%6f%6e\/wp\/v2\/media?parent=10361"}],"wp:term":[{"taxonomy":"category","embeddable":true,"href":"https:\/\/informelitoral.com.ar\/%77%70%2d%6a%73%6f%6e\/wp\/v2\/categories?post=10361"},{"taxonomy":"post_tag","embeddable":true,"href":"https:\/\/informelitoral.com.ar\/%77%70%2d%6a%73%6f%6e\/wp\/v2\/tags?post=10361"}],"curies":[{"name":"wp","href":"https:\/\/api.w.org\/{rel}","templated":true}]}}