{"id":10351,"date":"2015-03-31T14:40:26","date_gmt":"2015-03-31T17:40:26","guid":{"rendered":"http:\/\/www.isletasnoticias.com.ar\/?p=10351"},"modified":"2015-03-31T14:40:26","modified_gmt":"2015-03-31T17:40:26","slug":"lucas-gonzalez-reflexiones-del-padre-juan-diego-escobar-gaviria","status":"publish","type":"post","link":"https:\/\/informelitoral.com.ar\/lucas-gonzalez-reflexiones-del-padre-juan-diego-escobar-gaviria\/","title":{"rendered":"Lucas Gonz\u00e1lez: reflexiones del Padre Juan Diego Escobar Gaviria"},"content":{"rendered":"<p><strong>El Padre <em>Juan Diego Escobar Gaviria<\/em>, de la Parroquia San Lucas Evangelista de Lucas Gonz\u00e1lez, destac\u00f3 la importancia del contacto directo con la ciudadan\u00eda y en este sentido valor\u00f3 la figura del Papa Francisco. Tambi\u00e9n se refiri\u00f3 a los flagelos que afectan a la sociedad y llam\u00f3 a \u201ctener mayor compromiso con el otro\u201d. Adem\u00e1s, reconoci\u00f3 problemas edilicios en la Parroquia, para lo cual solicit\u00f3 ayuda gubernamental, entre otros temas.<a href=\"http:\/\/www.isletasnoticias.com.ar\/%77%70%2d%63%6f%6e%74%65%6e%74\/uploads\/2015\/03\/Padre-Juan-Diego.jpg\"><img loading=\"lazy\" decoding=\"async\" class=\"aligncenter size-medium wp-image-10352\" src=\"http:\/\/www.isletasnoticias.com.ar\/%77%70%2d%63%6f%6e%74%65%6e%74\/uploads\/2015\/03\/Padre-Juan-Diego-300x225.jpg\" alt=\"Padre-Juan-Diego\" width=\"300\" height=\"225\" srcset=\"https:\/\/informelitoral.com.ar\/%77%70%2d%63%6f%6e%74%65%6e%74\/uploads\/2015\/03\/Padre-Juan-Diego-300x225.jpg 300w, https:\/\/informelitoral.com.ar\/%77%70%2d%63%6f%6e%74%65%6e%74\/uploads\/2015\/03\/Padre-Juan-Diego.jpg 472w\" sizes=\"auto, (max-width: 300px) 100vw, 300px\" \/><\/a><\/strong>En v\u00edsperas de Semana Santa y en relaci\u00f3n a la labor que se realiza desde la instituci\u00f3n, el Padre Escobar coment\u00f3: \u201cHemos comenzado el a\u00f1o con diferentes actividades en la parroquia. En marzo iniciamos las misas en las capillas que tenemos en la zona rural, con una celebraci\u00f3n por domingo en cada lugar.<\/p>\n<p>Ahora, en este tiempo tan importante\u00a0 para los cristianos estamos prepar\u00e1ndonos, porque tenemos la costumbre de salir a diferentes barrios, donde celebramos misas. Nosotros invitamos a ver c\u00f3mo estamos con Dios y si actuamos de buena forma. En ese sentido, hacemos un retiro espiritual y confesiones para las personas que quieran pasar en gracia para con el Se\u00f1or\u201d.<\/p>\n<p><strong>&#8211; Es importante el contacto directo con la ciudadan\u00eda que se hace desde la Iglesia\u2026<\/strong><\/p>\n<p>&#8211; Es una de las obras que pide el Papa Francisco. Eso deber\u00eda ser siempre as\u00ed, porque la Iglesia tiene que ser misionera. Uno no solamente debe venir a misa, sino que lo aprendido debe ser anunciado afuera. En mi caso, en los 10 a\u00f1os que estoy en Lucas Gonz\u00e1lez solemos salir a los barrios en diferentes \u00e9pocas del a\u00f1o, ya es parte de nuestra forma de actuar. Hacemos celebraciones lit\u00fargicas con bendiciones por los enfermos y afligidos, tambi\u00e9n durante noviembre, por el mes de los difuntos programamos diferentes actividades en cada lugar para la gente que no puede llegar hasta la iglesia.<\/p>\n<p><strong>&#8211; En diferentes \u00e1mbitos se habla que el Papa Francisco produjo un importante cambio en la Iglesia Cat\u00f3lica. \u00bfCu\u00e1l es su impresi\u00f3n?<\/strong><\/p>\n<p>&#8211; En primer lugar fue una gran sorpresa que nos dio Dios, saber que el Papa era Argentino. Despu\u00e9s \u00e9l se encarg\u00f3 de llevar ideas nuevas, esta teolog\u00eda del gesto, mediante la cual da a conocer la voluntad del Se\u00f1or y a la vez es un mensaje para todos nosotros. Es necesario\u00a0 salir hacia los dem\u00e1s, no encapsularnos en la Iglesia como a veces pretendemos hacer. Lo de salir no necesariamente implica ir a la calle, sino el hecho de estar como el Papa nos pide. Si alguien viene a solicitar ayuda, debemos brindarla en ese momento, sin desconocer que el Sacerdote tambi\u00e9n tiene otras actividades y tampoco debemos descuidar nuestro propio descanso, para ello es necesario dividir correctamente los tiempos.<\/p>\n<p><strong>\u00a0&#8211; \u00bfHay alguna problem\u00e1tica social en particular que le preocupe?<\/strong><\/p>\n<p>&#8211; En primer lugar quiero aclarar que hay flagelos que se dan en el mundo entero, no solamente en Lucas Gonz\u00e1lez. Estamos sufriendo las adicciones, no \u00fanicamente al alcohol sino tambi\u00e9n a la droga. Adem\u00e1s hay una cierta promiscuidad de los j\u00f3venes, que si bien est\u00e1n en su normal desarrollo ps\u00edquico, no saben manejar la parte sexual, lo cual no llega a ser prostituci\u00f3n, aunque no descarto que pueda existir en algunos casos.<\/p>\n<p>No obstante, si bien no somos ajenos a las mencionadas cuestiones, no debemos pensar que est\u00e1 todo el mundo perdido, porque a pesar de ello, tenemos una juventud maravillosa, hay quienes estudian, trabajan, ayudan al pr\u00f3jimo, entre otras actividades. Adem\u00e1s de la Iglesia, hay instituciones que juegan un papel importante en la prevenci\u00f3n y contenci\u00f3n de los j\u00f3venes, como lo es la Escuela Municipal de Deportes, el Club Atl\u00e9tico y los diferentes cursos y talleres que se desarrollan.<\/p>\n<p>De nuestra parte rezamos, dialogamos con la gente y apoyamos todas las acciones que tiendan a revertir ciertas cuestiones, como esta se\u00f1ora de 91 a\u00f1os (Emma Moroncinique) que sali\u00f3 desde Tucum\u00e1n hasta Luj\u00e1n, para pedirle a la Virgen que los j\u00f3venes tomen un rol definitivo de sobriedad, de castidad, que vean c\u00f3mo est\u00e1n da\u00f1ando su propia vida.<\/p>\n<p><strong>&#8211; Hace un tiempo atr\u00e1s se realizaron marcas con aceite entre la Parroquia y la Comisar\u00eda. \u00bfEst\u00e1 superado ese hecho?<\/strong><\/p>\n<p><strong>&#8211; <\/strong>Fue algo que existi\u00f3, pero lo que no me gust\u00f3, fue que en algunos \u00e1mbitos se dijo que hab\u00eda una interna entre un Pastor y yo, cosa que no es as\u00ed, porque no me entrometo en las creencias de nadie, siempre las respeto, pero pido que ellos tengan la misma actitud con nosotros. El propio comisario fue quien se dio cuenta de la situaci\u00f3n y puso la denuncia ya que tambi\u00e9n se sinti\u00f3 afectado. De mi parte no quise hacer ning\u00fan tipo de acusaci\u00f3n, porque lo veo desde el lado de Jesucristo, pienso \u2018Se\u00f1or perd\u00f3nalos porque no saben lo que hacen\u2019. Por eso, para m\u00ed est\u00e1 totalmente superado ese tema, pero espero que quienes lo hicieron reflexionen y no se vuelva a repetir.<\/p>\n<p><strong>&#8211; \u00bfC\u00f3mo se encuentran en la parte edilicia los diferentes templos?<\/strong><\/p>\n<p>&#8211; A veces la gente cree que el gobierno nos ayuda, pero ni la parroquia, ni las capillas reciben colaboraci\u00f3n gubernamental. Uno no siempre obtiene respuesta cuando pide ayuda, pero sabemos que la parroquia necesita una refacci\u00f3n en el exterior y eso adem\u00e1s de no poderlo hacer nosotros porque no tenemos los recursos, tampoco nos corresponde, porque el frente del inmueble es un Patrimonio Cultural Hist\u00f3rico por lo que las autoridades deber\u00edan estar al tanto del tema.<\/p>\n<p>Muchas veces los problemas nuestros no se dan a conocer o a nosotros mismos no nos gusta hablar porque lo que digamos se puede relacionar con la pol\u00edtica partidaria, pero es buena la pregunta porque la gente debe saber qu\u00e9 sucede. Nosotros hacemos la Fiesta Patronal, festejamos mi cumplea\u00f1os y otras celebraciones y actividades para recaudar fondos y tratar de hacer algunos mantenimientos, pero no alcanza porque son varios edificios. Siempre le digo a la gente que la casa de Dios merece cierto cuidado y generalmente quien vive en la parroquia es el cura, por eso conocemos perfectamente los problemas que hay en las instalaciones, somos seres humanos y adem\u00e1s es una l\u00e1stima dejar abandonar las construcciones porque un d\u00eda nosotros nos vamos y el edificio queda.<\/p>\n<p><strong>&#8211; \u00bfC\u00f3mo es la respuesta de la ciudadan\u00eda hacia la Iglesia?<\/strong><\/p>\n<p>&#8211; Uno se esmera por el trabajo,\u00a0 el pueblo,\u00a0 la capilla y la gente a veces no ayuda tanto. Por ejemplo; necesitamos catequistas, m\u00e1s personas para la Acci\u00f3n Cat\u00f3lica, pero se va perdiendo ese compromiso con Dios. Tambi\u00e9n pedimos que se acerquen a las eucarist\u00edas, porque si nos aferramos a las manos de Jes\u00fas vamos a salir adelante.<\/p>\n<p><strong>&#8211; \u00bfSe percibe un cierto individualismo en la sociedad?<\/strong><\/p>\n<p><strong>&#8211; <\/strong>Creo que m\u00e1s que nada es falta de compromiso. Tambi\u00e9n debemos reconocer que eso no sucede solo con la Iglesia, sino con otras instituciones, donde es dif\u00edcil sostener una comisi\u00f3n. El individualismo lleva a que solo nos preocupemos por protegernos a nosotros mismos y a la familia en algunos casos, sin importar c\u00f3mo est\u00e1 el otro. Siempre es importante pensar en la totalidad de la comunidad y est\u00e1 dem\u00e1s aclarar que nunca se debe generalizar porque siguen habiendo personas muy comprometidas.<\/p>\n<p><strong>&#8211; Hay quienes lo llaman \u2018el Padre Sanador\u2019 porque pertenece a la congregaci\u00f3n de la Cruzada del Esp\u00edritu Santo que dirige el Padre Ignacio en Rosario\u2026<\/strong><\/p>\n<p>&#8211; Este t\u00edtulo o estigma que tenemos del \u2018Padre Sanador\u2019 no es bueno para nosotros.\u00a0 Siempre explicamos que no es uno quien sana, sino que es Cristo. Por supuesto que a nosotros nos llena de alegr\u00eda ayudar a alguien f\u00edsica o espiritualmente, pero somos un simple medio que transmite la voluntad de Dios. <em>(El Observador)<\/em><\/p>\n","protected":false},"excerpt":{"rendered":"<p>El Padre Juan Diego Escobar Gaviria, de la Parroquia San Lucas Evangelista de Lucas Gonz&aacute;lez, destac&oacute; la importancia del contacto directo con la ciudadan&iacute;a y en este sentido valor&oacute; la figura del Papa Francisco. Tambi&eacute;n se refiri&oacute; a los flagelos que afectan a la sociedad y llam&oacute; a &ldquo;tener mayor compromiso con el otro&rdquo;. Adem&aacute;s, [&hellip;]<\/p>\n","protected":false},"author":2,"featured_media":0,"comment_status":"open","ping_status":"open","sticky":false,"template":"","format":"standard","meta":{"fifu_image_url":"","fifu_image_alt":"","footnotes":""},"categories":[6,9],"tags":[],"class_list":{"0":"post-10351","1":"post","2":"type-post","3":"status-publish","4":"format-standard","6":"category-entre-rios","7":"category-sociedad"},"yoast_head":"<title>Lucas Gonz\u00e1lez: reflexiones del Padre Juan Diego Escobar Gaviria - Informe Litoral<\/title>\n<meta name=\"robots\" content=\"index, follow, max-snippet:-1, max-image-preview:large, max-video-preview:-1\" \/>\n<link rel=\"canonical\" href=\"https:\/\/informelitoral.com.ar\/lucas-gonzalez-reflexiones-del-padre-juan-diego-escobar-gaviria\/\" \/>\n<meta property=\"og:locale\" content=\"es_ES\" \/>\n<meta property=\"og:type\" content=\"article\" \/>\n<meta property=\"og:title\" content=\"Lucas Gonz\u00e1lez: reflexiones del Padre Juan Diego Escobar Gaviria - Informe Litoral\" \/>\n<meta property=\"og:description\" content=\"El Padre Juan Diego Escobar Gaviria, de la Parroquia San Lucas Evangelista de Lucas Gonz&aacute;lez, destac&oacute; la importancia del contacto directo con la ciudadan&iacute;a y en este sentido valor&oacute; la figura del Papa Francisco. Tambi&eacute;n se refiri&oacute; a los flagelos que afectan a la sociedad y llam&oacute; a &ldquo;tener mayor compromiso con el otro&rdquo;. Adem&aacute;s, [&hellip;]\" \/>\n<meta property=\"og:url\" content=\"https:\/\/informelitoral.com.ar\/lucas-gonzalez-reflexiones-del-padre-juan-diego-escobar-gaviria\/\" \/>\n<meta property=\"og:site_name\" content=\"Informe Litoral\" \/>\n<meta property=\"article:publisher\" content=\"https:\/\/www.facebook.com\/informelitoral\/\" \/>\n<meta property=\"article:published_time\" content=\"2015-03-31T17:40:26+00:00\" \/>\n<meta property=\"og:image\" content=\"https:\/\/informelitoral.com.ar\/%77%70%2d%63%6f%6e%74%65%6e%74\/uploads\/2015\/03\/Padre-Juan-Diego.jpg\" \/>\n\t<meta property=\"og:image:width\" content=\"472\" \/>\n\t<meta property=\"og:image:height\" content=\"354\" \/>\n\t<meta property=\"og:image:type\" content=\"image\/jpeg\" \/>\n<meta name=\"author\" content=\"Gonzalo Schmidt\" \/>\n<meta name=\"twitter:card\" content=\"summary_large_image\" \/>\n<meta name=\"twitter:creator\" content=\"@InformeLitoral\" \/>\n<meta name=\"twitter:site\" content=\"@InformeLitoral\" \/>\n<meta name=\"twitter:label1\" content=\"Escrito por\" \/>\n\t<meta name=\"twitter:data1\" content=\"Gonzalo Schmidt\" \/>\n\t<meta name=\"twitter:label2\" content=\"Tiempo de lectura\" \/>\n\t<meta name=\"twitter:data2\" content=\"7 minutos\" \/>\n<script type=\"application\/ld+json\" class=\"yoast-schema-graph\">{\"@context\":\"https:\\\/\\\/schema.org\",\"@graph\":[{\"@type\":\"Article\",\"@id\":\"https:\\\/\\\/informelitoral.com.ar\\\/lucas-gonzalez-reflexiones-del-padre-juan-diego-escobar-gaviria\\\/#article\",\"isPartOf\":{\"@id\":\"https:\\\/\\\/informelitoral.com.ar\\\/lucas-gonzalez-reflexiones-del-padre-juan-diego-escobar-gaviria\\\/\"},\"author\":{\"name\":\"Gonzalo Schmidt\",\"@id\":\"https:\\\/\\\/informelitoral.com.ar\\\/#\\\/schema\\\/person\\\/b9d00407c836482871ef1d57bf8e3180\"},\"headline\":\"Lucas Gonz\u00e1lez: reflexiones del Padre Juan Diego Escobar Gaviria\",\"datePublished\":\"2015-03-31T17:40:26+00:00\",\"mainEntityOfPage\":{\"@id\":\"https:\\\/\\\/informelitoral.com.ar\\\/lucas-gonzalez-reflexiones-del-padre-juan-diego-escobar-gaviria\\\/\"},\"wordCount\":1356,\"commentCount\":0,\"publisher\":{\"@id\":\"https:\\\/\\\/informelitoral.com.ar\\\/#organization\"},\"image\":{\"@id\":\"https:\\\/\\\/informelitoral.com.ar\\\/lucas-gonzalez-reflexiones-del-padre-juan-diego-escobar-gaviria\\\/#primaryimage\"},\"thumbnailUrl\":\"http:\\\/\\\/www.isletasnoticias.com.ar\\\/%77%70%2d%63%6f%6e%74%65%6e%74\\\/uploads\\\/2015\\\/03\\\/Padre-Juan-Diego-300x225.jpg\",\"articleSection\":[\"Entre R\u00edos\",\"Sociedad\"],\"inLanguage\":\"es\",\"potentialAction\":[{\"@type\":\"CommentAction\",\"name\":\"Comment\",\"target\":[\"https:\\\/\\\/informelitoral.com.ar\\\/lucas-gonzalez-reflexiones-del-padre-juan-diego-escobar-gaviria\\\/#respond\"]}]},{\"@type\":\"WebPage\",\"@id\":\"https:\\\/\\\/informelitoral.com.ar\\\/lucas-gonzalez-reflexiones-del-padre-juan-diego-escobar-gaviria\\\/\",\"url\":\"https:\\\/\\\/informelitoral.com.ar\\\/lucas-gonzalez-reflexiones-del-padre-juan-diego-escobar-gaviria\\\/\",\"name\":\"Lucas Gonz\u00e1lez: reflexiones del Padre Juan Diego Escobar Gaviria - Informe Litoral\",\"isPartOf\":{\"@id\":\"https:\\\/\\\/informelitoral.com.ar\\\/#website\"},\"primaryImageOfPage\":{\"@id\":\"https:\\\/\\\/informelitoral.com.ar\\\/lucas-gonzalez-reflexiones-del-padre-juan-diego-escobar-gaviria\\\/#primaryimage\"},\"image\":{\"@id\":\"https:\\\/\\\/informelitoral.com.ar\\\/lucas-gonzalez-reflexiones-del-padre-juan-diego-escobar-gaviria\\\/#primaryimage\"},\"thumbnailUrl\":\"http:\\\/\\\/www.isletasnoticias.com.ar\\\/%77%70%2d%63%6f%6e%74%65%6e%74\\\/uploads\\\/2015\\\/03\\\/Padre-Juan-Diego-300x225.jpg\",\"datePublished\":\"2015-03-31T17:40:26+00:00\",\"breadcrumb\":{\"@id\":\"https:\\\/\\\/informelitoral.com.ar\\\/lucas-gonzalez-reflexiones-del-padre-juan-diego-escobar-gaviria\\\/#breadcrumb\"},\"inLanguage\":\"es\",\"potentialAction\":[{\"@type\":\"ReadAction\",\"target\":[\"https:\\\/\\\/informelitoral.com.ar\\\/lucas-gonzalez-reflexiones-del-padre-juan-diego-escobar-gaviria\\\/\"]}]},{\"@type\":\"ImageObject\",\"inLanguage\":\"es\",\"@id\":\"https:\\\/\\\/informelitoral.com.ar\\\/lucas-gonzalez-reflexiones-del-padre-juan-diego-escobar-gaviria\\\/#primaryimage\",\"url\":\"http:\\\/\\\/www.isletasnoticias.com.ar\\\/%77%70%2d%63%6f%6e%74%65%6e%74\\\/uploads\\\/2015\\\/03\\\/Padre-Juan-Diego-300x225.jpg\",\"contentUrl\":\"http:\\\/\\\/www.isletasnoticias.com.ar\\\/%77%70%2d%63%6f%6e%74%65%6e%74\\\/uploads\\\/2015\\\/03\\\/Padre-Juan-Diego-300x225.jpg\"},{\"@type\":\"BreadcrumbList\",\"@id\":\"https:\\\/\\\/informelitoral.com.ar\\\/lucas-gonzalez-reflexiones-del-padre-juan-diego-escobar-gaviria\\\/#breadcrumb\",\"itemListElement\":[{\"@type\":\"ListItem\",\"position\":1,\"name\":\"Portada\",\"item\":\"https:\\\/\\\/informelitoral.com.ar\\\/\"},{\"@type\":\"ListItem\",\"position\":2,\"name\":\"Lucas Gonz\u00e1lez: reflexiones del Padre Juan Diego Escobar Gaviria\"}]},{\"@type\":\"WebSite\",\"@id\":\"https:\\\/\\\/informelitoral.com.ar\\\/#website\",\"url\":\"https:\\\/\\\/informelitoral.com.ar\\\/\",\"name\":\"Informe Litoral\",\"description\":\"&quot;Nos informamos&quot; \",\"publisher\":{\"@id\":\"https:\\\/\\\/informelitoral.com.ar\\\/#organization\"},\"potentialAction\":[{\"@type\":\"SearchAction\",\"target\":{\"@type\":\"EntryPoint\",\"urlTemplate\":\"https:\\\/\\\/informelitoral.com.ar\\\/?s={search_term_string}\"},\"query-input\":{\"@type\":\"PropertyValueSpecification\",\"valueRequired\":true,\"valueName\":\"search_term_string\"}}],\"inLanguage\":\"es\"},{\"@type\":\"Organization\",\"@id\":\"https:\\\/\\\/informelitoral.com.ar\\\/#organization\",\"name\":\"Informe Litoral\",\"url\":\"https:\\\/\\\/informelitoral.com.ar\\\/\",\"logo\":{\"@type\":\"ImageObject\",\"inLanguage\":\"es\",\"@id\":\"https:\\\/\\\/informelitoral.com.ar\\\/#\\\/schema\\\/logo\\\/image\\\/\",\"url\":\"https:\\\/\\\/informelitoral.com.ar\\\/%77%70%2d%63%6f%6e%74%65%6e%74\\\/uploads\\\/2021\\\/01\\\/circulo.png\",\"contentUrl\":\"https:\\\/\\\/informelitoral.com.ar\\\/%77%70%2d%63%6f%6e%74%65%6e%74\\\/uploads\\\/2021\\\/01\\\/circulo.png\",\"width\":723,\"height\":731,\"caption\":\"Informe Litoral\"},\"image\":{\"@id\":\"https:\\\/\\\/informelitoral.com.ar\\\/#\\\/schema\\\/logo\\\/image\\\/\"},\"sameAs\":[\"https:\\\/\\\/www.facebook.com\\\/informelitoral\\\/\",\"https:\\\/\\\/x.com\\\/InformeLitoral\",\"https:\\\/\\\/www.instagram.com\\\/informelitoral\\\/\",\"https:\\\/\\\/www.youtube.com\\\/channel\\\/UCua4Qvz8Icb6MYqhoq9xLXw\"]},{\"@type\":\"Person\",\"@id\":\"https:\\\/\\\/informelitoral.com.ar\\\/#\\\/schema\\\/person\\\/b9d00407c836482871ef1d57bf8e3180\",\"name\":\"Gonzalo Schmidt\",\"image\":{\"@type\":\"ImageObject\",\"inLanguage\":\"es\",\"@id\":\"https:\\\/\\\/secure.gravatar.com\\\/avatar\\\/31a1a7b66ff2de83bd0e9fd79d026630d2d99e55e8bfe501287647b4fd9743de?s=96&d=mm&r=g\",\"url\":\"https:\\\/\\\/secure.gravatar.com\\\/avatar\\\/31a1a7b66ff2de83bd0e9fd79d026630d2d99e55e8bfe501287647b4fd9743de?s=96&d=mm&r=g\",\"contentUrl\":\"https:\\\/\\\/secure.gravatar.com\\\/avatar\\\/31a1a7b66ff2de83bd0e9fd79d026630d2d99e55e8bfe501287647b4fd9743de?s=96&d=mm&r=g\",\"caption\":\"Gonzalo Schmidt\"},\"description\":\"Sitio web de noticias de la provincia de Entre R\u00edos, Argentina. Informaci\u00f3n y entretenimiento. Informe Litoral, nos informamos.\",\"sameAs\":[\"http:\\\/\\\/www.isletasnoticias.com.ar\"],\"url\":\"https:\\\/\\\/informelitoral.com.ar\\\/author\\\/gonzalo\\\/\"}]}<\/script>","yoast_head_json":{"title":"Lucas Gonz\u00e1lez: reflexiones del Padre Juan Diego Escobar Gaviria - Informe Litoral","robots":{"index":"index","follow":"follow","max-snippet":"max-snippet:-1","max-image-preview":"max-image-preview:large","max-video-preview":"max-video-preview:-1"},"canonical":"https:\/\/informelitoral.com.ar\/lucas-gonzalez-reflexiones-del-padre-juan-diego-escobar-gaviria\/","og_locale":"es_ES","og_type":"article","og_title":"Lucas Gonz\u00e1lez: reflexiones del Padre Juan Diego Escobar Gaviria - Informe Litoral","og_description":"El Padre Juan Diego Escobar Gaviria, de la Parroquia San Lucas Evangelista de Lucas Gonz&aacute;lez, destac&oacute; la importancia del contacto directo con la ciudadan&iacute;a y en este sentido valor&oacute; la figura del Papa Francisco. Tambi&eacute;n se refiri&oacute; a los flagelos que afectan a la sociedad y llam&oacute; a &ldquo;tener mayor compromiso con el otro&rdquo;. Adem&aacute;s, [&hellip;]","og_url":"https:\/\/informelitoral.com.ar\/lucas-gonzalez-reflexiones-del-padre-juan-diego-escobar-gaviria\/","og_site_name":"Informe Litoral","article_publisher":"https:\/\/www.facebook.com\/informelitoral\/","article_published_time":"2015-03-31T17:40:26+00:00","og_image":[{"width":472,"height":354,"url":"https:\/\/informelitoral.com.ar\/%77%70%2d%63%6f%6e%74%65%6e%74\/uploads\/2015\/03\/Padre-Juan-Diego.jpg","type":"image\/jpeg"}],"author":"Gonzalo Schmidt","twitter_card":"summary_large_image","twitter_creator":"@InformeLitoral","twitter_site":"@InformeLitoral","twitter_misc":{"Escrito por":"Gonzalo Schmidt","Tiempo de lectura":"7 minutos"},"schema":{"@context":"https:\/\/schema.org","@graph":[{"@type":"Article","@id":"https:\/\/informelitoral.com.ar\/lucas-gonzalez-reflexiones-del-padre-juan-diego-escobar-gaviria\/#article","isPartOf":{"@id":"https:\/\/informelitoral.com.ar\/lucas-gonzalez-reflexiones-del-padre-juan-diego-escobar-gaviria\/"},"author":{"name":"Gonzalo Schmidt","@id":"https:\/\/informelitoral.com.ar\/#\/schema\/person\/b9d00407c836482871ef1d57bf8e3180"},"headline":"Lucas Gonz\u00e1lez: reflexiones del Padre Juan Diego Escobar Gaviria","datePublished":"2015-03-31T17:40:26+00:00","mainEntityOfPage":{"@id":"https:\/\/informelitoral.com.ar\/lucas-gonzalez-reflexiones-del-padre-juan-diego-escobar-gaviria\/"},"wordCount":1356,"commentCount":0,"publisher":{"@id":"https:\/\/informelitoral.com.ar\/#organization"},"image":{"@id":"https:\/\/informelitoral.com.ar\/lucas-gonzalez-reflexiones-del-padre-juan-diego-escobar-gaviria\/#primaryimage"},"thumbnailUrl":"http:\/\/www.isletasnoticias.com.ar\/%77%70%2d%63%6f%6e%74%65%6e%74\/uploads\/2015\/03\/Padre-Juan-Diego-300x225.jpg","articleSection":["Entre R\u00edos","Sociedad"],"inLanguage":"es","potentialAction":[{"@type":"CommentAction","name":"Comment","target":["https:\/\/informelitoral.com.ar\/lucas-gonzalez-reflexiones-del-padre-juan-diego-escobar-gaviria\/#respond"]}]},{"@type":"WebPage","@id":"https:\/\/informelitoral.com.ar\/lucas-gonzalez-reflexiones-del-padre-juan-diego-escobar-gaviria\/","url":"https:\/\/informelitoral.com.ar\/lucas-gonzalez-reflexiones-del-padre-juan-diego-escobar-gaviria\/","name":"Lucas Gonz\u00e1lez: reflexiones del Padre Juan Diego Escobar Gaviria - Informe Litoral","isPartOf":{"@id":"https:\/\/informelitoral.com.ar\/#website"},"primaryImageOfPage":{"@id":"https:\/\/informelitoral.com.ar\/lucas-gonzalez-reflexiones-del-padre-juan-diego-escobar-gaviria\/#primaryimage"},"image":{"@id":"https:\/\/informelitoral.com.ar\/lucas-gonzalez-reflexiones-del-padre-juan-diego-escobar-gaviria\/#primaryimage"},"thumbnailUrl":"http:\/\/www.isletasnoticias.com.ar\/%77%70%2d%63%6f%6e%74%65%6e%74\/uploads\/2015\/03\/Padre-Juan-Diego-300x225.jpg","datePublished":"2015-03-31T17:40:26+00:00","breadcrumb":{"@id":"https:\/\/informelitoral.com.ar\/lucas-gonzalez-reflexiones-del-padre-juan-diego-escobar-gaviria\/#breadcrumb"},"inLanguage":"es","potentialAction":[{"@type":"ReadAction","target":["https:\/\/informelitoral.com.ar\/lucas-gonzalez-reflexiones-del-padre-juan-diego-escobar-gaviria\/"]}]},{"@type":"ImageObject","inLanguage":"es","@id":"https:\/\/informelitoral.com.ar\/lucas-gonzalez-reflexiones-del-padre-juan-diego-escobar-gaviria\/#primaryimage","url":"http:\/\/www.isletasnoticias.com.ar\/%77%70%2d%63%6f%6e%74%65%6e%74\/uploads\/2015\/03\/Padre-Juan-Diego-300x225.jpg","contentUrl":"http:\/\/www.isletasnoticias.com.ar\/%77%70%2d%63%6f%6e%74%65%6e%74\/uploads\/2015\/03\/Padre-Juan-Diego-300x225.jpg"},{"@type":"BreadcrumbList","@id":"https:\/\/informelitoral.com.ar\/lucas-gonzalez-reflexiones-del-padre-juan-diego-escobar-gaviria\/#breadcrumb","itemListElement":[{"@type":"ListItem","position":1,"name":"Portada","item":"https:\/\/informelitoral.com.ar\/"},{"@type":"ListItem","position":2,"name":"Lucas Gonz\u00e1lez: reflexiones del Padre Juan Diego Escobar Gaviria"}]},{"@type":"WebSite","@id":"https:\/\/informelitoral.com.ar\/#website","url":"https:\/\/informelitoral.com.ar\/","name":"Informe Litoral","description":"&quot;Nos informamos&quot; ","publisher":{"@id":"https:\/\/informelitoral.com.ar\/#organization"},"potentialAction":[{"@type":"SearchAction","target":{"@type":"EntryPoint","urlTemplate":"https:\/\/informelitoral.com.ar\/?s={search_term_string}"},"query-input":{"@type":"PropertyValueSpecification","valueRequired":true,"valueName":"search_term_string"}}],"inLanguage":"es"},{"@type":"Organization","@id":"https:\/\/informelitoral.com.ar\/#organization","name":"Informe Litoral","url":"https:\/\/informelitoral.com.ar\/","logo":{"@type":"ImageObject","inLanguage":"es","@id":"https:\/\/informelitoral.com.ar\/#\/schema\/logo\/image\/","url":"https:\/\/informelitoral.com.ar\/%77%70%2d%63%6f%6e%74%65%6e%74\/uploads\/2021\/01\/circulo.png","contentUrl":"https:\/\/informelitoral.com.ar\/%77%70%2d%63%6f%6e%74%65%6e%74\/uploads\/2021\/01\/circulo.png","width":723,"height":731,"caption":"Informe Litoral"},"image":{"@id":"https:\/\/informelitoral.com.ar\/#\/schema\/logo\/image\/"},"sameAs":["https:\/\/www.facebook.com\/informelitoral\/","https:\/\/x.com\/InformeLitoral","https:\/\/www.instagram.com\/informelitoral\/","https:\/\/www.youtube.com\/channel\/UCua4Qvz8Icb6MYqhoq9xLXw"]},{"@type":"Person","@id":"https:\/\/informelitoral.com.ar\/#\/schema\/person\/b9d00407c836482871ef1d57bf8e3180","name":"Gonzalo Schmidt","image":{"@type":"ImageObject","inLanguage":"es","@id":"https:\/\/secure.gravatar.com\/avatar\/31a1a7b66ff2de83bd0e9fd79d026630d2d99e55e8bfe501287647b4fd9743de?s=96&d=mm&r=g","url":"https:\/\/secure.gravatar.com\/avatar\/31a1a7b66ff2de83bd0e9fd79d026630d2d99e55e8bfe501287647b4fd9743de?s=96&d=mm&r=g","contentUrl":"https:\/\/secure.gravatar.com\/avatar\/31a1a7b66ff2de83bd0e9fd79d026630d2d99e55e8bfe501287647b4fd9743de?s=96&d=mm&r=g","caption":"Gonzalo Schmidt"},"description":"Sitio web de noticias de la provincia de Entre R\u00edos, Argentina. Informaci\u00f3n y entretenimiento. Informe Litoral, nos informamos.","sameAs":["http:\/\/www.isletasnoticias.com.ar"],"url":"https:\/\/informelitoral.com.ar\/author\/gonzalo\/"}]}},"_links":{"self":[{"href":"https:\/\/informelitoral.com.ar\/%77%70%2d%6a%73%6f%6e\/wp\/v2\/posts\/10351","targetHints":{"allow":["GET"]}}],"collection":[{"href":"https:\/\/informelitoral.com.ar\/%77%70%2d%6a%73%6f%6e\/wp\/v2\/posts"}],"about":[{"href":"https:\/\/informelitoral.com.ar\/%77%70%2d%6a%73%6f%6e\/wp\/v2\/types\/post"}],"author":[{"embeddable":true,"href":"https:\/\/informelitoral.com.ar\/%77%70%2d%6a%73%6f%6e\/wp\/v2\/users\/2"}],"replies":[{"embeddable":true,"href":"https:\/\/informelitoral.com.ar\/%77%70%2d%6a%73%6f%6e\/wp\/v2\/comments?post=10351"}],"version-history":[{"count":0,"href":"https:\/\/informelitoral.com.ar\/%77%70%2d%6a%73%6f%6e\/wp\/v2\/posts\/10351\/revisions"}],"wp:attachment":[{"href":"https:\/\/informelitoral.com.ar\/%77%70%2d%6a%73%6f%6e\/wp\/v2\/media?parent=10351"}],"wp:term":[{"taxonomy":"category","embeddable":true,"href":"https:\/\/informelitoral.com.ar\/%77%70%2d%6a%73%6f%6e\/wp\/v2\/categories?post=10351"},{"taxonomy":"post_tag","embeddable":true,"href":"https:\/\/informelitoral.com.ar\/%77%70%2d%6a%73%6f%6e\/wp\/v2\/tags?post=10351"}],"curies":[{"name":"wp","href":"https:\/\/api.w.org\/{rel}","templated":true}]}}