{"id":10345,"date":"2015-03-31T14:29:00","date_gmt":"2015-03-31T17:29:00","guid":{"rendered":"http:\/\/www.isletasnoticias.com.ar\/?p=10345"},"modified":"2015-03-31T14:29:00","modified_gmt":"2015-03-31T17:29:00","slug":"maximo-kirchner-nunca-nunca-nunca-tuve-esas-cuentas-en-el-exterior","status":"publish","type":"post","link":"https:\/\/informelitoral.com.ar\/maximo-kirchner-nunca-nunca-nunca-tuve-esas-cuentas-en-el-exterior\/","title":{"rendered":"M\u00e1ximo Kirchner: \u00abNunca, nunca, nunca tuve esas cuentas en el exterior\u00bb"},"content":{"rendered":"<p><strong>El hijo de la Presidente dio una entrevista exclusiva en la que volvi\u00f3 a desmentir la informaci\u00f3n publicada por el diario Clar\u00edn. \u00abLa gravedad de la denuncia me llev\u00f3 a no dejarla pasar porque sino habilitamos cualquier cosa\u00bb, dijo.<a href=\"http:\/\/www.isletasnoticias.com.ar\/%77%70%2d%63%6f%6e%74%65%6e%74\/uploads\/2015\/03\/0000709286.jpg\"><img loading=\"lazy\" decoding=\"async\" class=\"aligncenter size-medium wp-image-10346\" src=\"http:\/\/www.isletasnoticias.com.ar\/%77%70%2d%63%6f%6e%74%65%6e%74\/uploads\/2015\/03\/0000709286-300x151.jpg\" alt=\"0000709286\" width=\"300\" height=\"151\" srcset=\"https:\/\/informelitoral.com.ar\/%77%70%2d%63%6f%6e%74%65%6e%74\/uploads\/2015\/03\/0000709286-300x151.jpg 300w, https:\/\/informelitoral.com.ar\/%77%70%2d%63%6f%6e%74%65%6e%74\/uploads\/2015\/03\/0000709286.jpg 611w\" sizes=\"auto, (max-width: 300px) 100vw, 300px\" \/><\/a><\/strong>En di\u00e1logo con V\u00edctor Hugo Morales en Radio Continental, el hijo de la Presidente se refiri\u00f3 a las publicaciones vertidas por el diario Clar\u00edn y la revista brasile\u00f1a Veja en la que se lo se\u00f1ala por una supuesta triangulaci\u00f3n de negocios entre Argentina, Venezuela e Ir\u00e1n.<\/p>\n<p>\u00abNunca, nunca, nunca tuve ni tengo cuentas en el exterior\u00bb, dijo M\u00e1ximo Kirchner.<\/p>\n<p>El principal referente de la agrupaci\u00f3n La C\u00e1mpora sostuvo que \u00abes una canallada cuando no se trabaja en serio y no se chequea un dato que no es menor, sino un tema muy delicado como la energ\u00eda nuclear y los atentados\u00bb.<\/p>\n<p>\u00abEsto se da para mantener la denuncia del fiscal (Alberto) Nisman por encubrimiento contra la Presidente. Pasamos del petr\u00f3leo y los granos a la energ\u00eda nuclear\u00bb, asever\u00f3.<\/p>\n<p>\u00abEs un a\u00f1o electoral y van a decir cosas peores, no se puede subestimar la imaginaci\u00f3n de esta gente\u00bb, sostuvo el hijo del ex presidente Kirchner.<\/p>\n<p>De esta forma, M\u00e1ximo Kirchner, abund\u00f3 en el comunicado que difundi\u00f3 ayer en el que catalog\u00f3 el embate de esos medios como \u00abm\u00e1s de lo mismo\u00bb, y dej\u00f3 en claro que \u00abpodr\u00e1n mentir, difamar y calumniar\u00bb, pero \u00abno le van alcanzar los diarios, ni los canales, ni la colecci\u00f3n de periodistas que poseen para apropiarse de la palabra y menos de las ideas\u00bb.<\/p>\n<p>Seg\u00fan esos medios, M\u00e1ximo Kirchner fue co-titular de cuentas en los Estados Unidos e Ir\u00e1n entre 2005 y 2011 junto a la ex ministra de Seguridad y actual embajadora ante la Organizaci\u00f3n de Estados Americanos, Nilda Garr\u00e9.<\/p>\n<p>En ese sentido, M\u00e1ximo Kirchner se\u00f1al\u00f3 que el diario Clar\u00edn \u00abhace referencia a mi pasaporte. La direcci\u00f3n de todos mis pasaportes, de sus renovaciones, es en R\u00edo Gallegos. Nunca la calle Juncal, que no s\u00e9 de qui\u00e9n es ni d\u00f3nde es\u00bb.<\/p>\n<p>En otro tramo de la entrevista y ante una consulta, M\u00e1ximo Kirchner dijo que impulsar\u00e1 acciones legales contra la revista brasile\u00f1a, pero no contra los medios argentinos porque \u00abprefiero no hacerlo en mi pa\u00eds porque creo que cualquiera puede decir lo que quiera\u00bb.<\/p>\n","protected":false},"excerpt":{"rendered":"<p>El hijo de la Presidente dio una entrevista exclusiva en la que volvi&oacute; a desmentir la informaci&oacute;n publicada por el diario Clar&iacute;n. &laquo;La gravedad de la denuncia me llev&oacute; a no dejarla pasar porque sino habilitamos cualquier cosa&raquo;, dijo.En di&aacute;logo con V&iacute;ctor Hugo Morales en Radio Continental, el hijo de la Presidente se refiri&oacute; a [&hellip;]<\/p>\n","protected":false},"author":2,"featured_media":0,"comment_status":"open","ping_status":"open","sticky":false,"template":"","format":"standard","meta":{"fifu_image_url":"","fifu_image_alt":"","footnotes":""},"categories":[7,16],"tags":[],"class_list":{"0":"post-10345","1":"post","2":"type-post","3":"status-publish","4":"format-standard","6":"category-nacionales","7":"category-politi"},"yoast_head":"<title>M\u00e1ximo Kirchner: &quot;Nunca, nunca, nunca tuve esas cuentas en el exterior&quot; - Informe Litoral<\/title>\n<meta name=\"robots\" content=\"index, follow, max-snippet:-1, max-image-preview:large, max-video-preview:-1\" \/>\n<link rel=\"canonical\" href=\"https:\/\/informelitoral.com.ar\/maximo-kirchner-nunca-nunca-nunca-tuve-esas-cuentas-en-el-exterior\/\" \/>\n<meta property=\"og:locale\" content=\"es_ES\" \/>\n<meta property=\"og:type\" content=\"article\" \/>\n<meta property=\"og:title\" content=\"M\u00e1ximo Kirchner: &quot;Nunca, nunca, nunca tuve esas cuentas en el exterior&quot; - Informe Litoral\" \/>\n<meta property=\"og:description\" content=\"El hijo de la Presidente dio una entrevista exclusiva en la que volvi&oacute; a desmentir la informaci&oacute;n publicada por el diario Clar&iacute;n. &laquo;La gravedad de la denuncia me llev&oacute; a no dejarla pasar porque sino habilitamos cualquier cosa&raquo;, dijo.En di&aacute;logo con V&iacute;ctor Hugo Morales en Radio Continental, el hijo de la Presidente se refiri&oacute; a [&hellip;]\" \/>\n<meta property=\"og:url\" content=\"https:\/\/informelitoral.com.ar\/maximo-kirchner-nunca-nunca-nunca-tuve-esas-cuentas-en-el-exterior\/\" \/>\n<meta property=\"og:site_name\" content=\"Informe Litoral\" \/>\n<meta property=\"article:publisher\" content=\"https:\/\/www.facebook.com\/informelitoral\/\" \/>\n<meta property=\"article:published_time\" content=\"2015-03-31T17:29:00+00:00\" \/>\n<meta property=\"og:image\" content=\"https:\/\/informelitoral.com.ar\/%77%70%2d%63%6f%6e%74%65%6e%74\/uploads\/2015\/03\/0000709286.jpg\" \/>\n\t<meta property=\"og:image:width\" content=\"611\" \/>\n\t<meta property=\"og:image:height\" content=\"308\" \/>\n\t<meta property=\"og:image:type\" content=\"image\/jpeg\" \/>\n<meta name=\"author\" content=\"Gonzalo Schmidt\" \/>\n<meta name=\"twitter:card\" content=\"summary_large_image\" \/>\n<meta name=\"twitter:creator\" content=\"@InformeLitoral\" \/>\n<meta name=\"twitter:site\" content=\"@InformeLitoral\" \/>\n<meta name=\"twitter:label1\" content=\"Escrito por\" \/>\n\t<meta name=\"twitter:data1\" content=\"Gonzalo Schmidt\" \/>\n\t<meta name=\"twitter:label2\" content=\"Tiempo de lectura\" \/>\n\t<meta name=\"twitter:data2\" content=\"2 minutos\" \/>\n<script type=\"application\/ld+json\" class=\"yoast-schema-graph\">{\"@context\":\"https:\\\/\\\/schema.org\",\"@graph\":[{\"@type\":\"Article\",\"@id\":\"https:\\\/\\\/informelitoral.com.ar\\\/maximo-kirchner-nunca-nunca-nunca-tuve-esas-cuentas-en-el-exterior\\\/#article\",\"isPartOf\":{\"@id\":\"https:\\\/\\\/informelitoral.com.ar\\\/maximo-kirchner-nunca-nunca-nunca-tuve-esas-cuentas-en-el-exterior\\\/\"},\"author\":{\"name\":\"Gonzalo Schmidt\",\"@id\":\"https:\\\/\\\/informelitoral.com.ar\\\/#\\\/schema\\\/person\\\/b9d00407c836482871ef1d57bf8e3180\"},\"headline\":\"M\u00e1ximo Kirchner: \u00abNunca, nunca, nunca tuve esas cuentas en el exterior\u00bb\",\"datePublished\":\"2015-03-31T17:29:00+00:00\",\"mainEntityOfPage\":{\"@id\":\"https:\\\/\\\/informelitoral.com.ar\\\/maximo-kirchner-nunca-nunca-nunca-tuve-esas-cuentas-en-el-exterior\\\/\"},\"wordCount\":421,\"commentCount\":0,\"publisher\":{\"@id\":\"https:\\\/\\\/informelitoral.com.ar\\\/#organization\"},\"image\":{\"@id\":\"https:\\\/\\\/informelitoral.com.ar\\\/maximo-kirchner-nunca-nunca-nunca-tuve-esas-cuentas-en-el-exterior\\\/#primaryimage\"},\"thumbnailUrl\":\"http:\\\/\\\/www.isletasnoticias.com.ar\\\/%77%70%2d%63%6f%6e%74%65%6e%74\\\/uploads\\\/2015\\\/03\\\/0000709286-300x151.jpg\",\"articleSection\":[\"Nacionales\",\"Politica\"],\"inLanguage\":\"es\",\"potentialAction\":[{\"@type\":\"CommentAction\",\"name\":\"Comment\",\"target\":[\"https:\\\/\\\/informelitoral.com.ar\\\/maximo-kirchner-nunca-nunca-nunca-tuve-esas-cuentas-en-el-exterior\\\/#respond\"]}]},{\"@type\":\"WebPage\",\"@id\":\"https:\\\/\\\/informelitoral.com.ar\\\/maximo-kirchner-nunca-nunca-nunca-tuve-esas-cuentas-en-el-exterior\\\/\",\"url\":\"https:\\\/\\\/informelitoral.com.ar\\\/maximo-kirchner-nunca-nunca-nunca-tuve-esas-cuentas-en-el-exterior\\\/\",\"name\":\"M\u00e1ximo Kirchner: \\\"Nunca, nunca, nunca tuve esas cuentas en el exterior\\\" - Informe Litoral\",\"isPartOf\":{\"@id\":\"https:\\\/\\\/informelitoral.com.ar\\\/#website\"},\"primaryImageOfPage\":{\"@id\":\"https:\\\/\\\/informelitoral.com.ar\\\/maximo-kirchner-nunca-nunca-nunca-tuve-esas-cuentas-en-el-exterior\\\/#primaryimage\"},\"image\":{\"@id\":\"https:\\\/\\\/informelitoral.com.ar\\\/maximo-kirchner-nunca-nunca-nunca-tuve-esas-cuentas-en-el-exterior\\\/#primaryimage\"},\"thumbnailUrl\":\"http:\\\/\\\/www.isletasnoticias.com.ar\\\/%77%70%2d%63%6f%6e%74%65%6e%74\\\/uploads\\\/2015\\\/03\\\/0000709286-300x151.jpg\",\"datePublished\":\"2015-03-31T17:29:00+00:00\",\"breadcrumb\":{\"@id\":\"https:\\\/\\\/informelitoral.com.ar\\\/maximo-kirchner-nunca-nunca-nunca-tuve-esas-cuentas-en-el-exterior\\\/#breadcrumb\"},\"inLanguage\":\"es\",\"potentialAction\":[{\"@type\":\"ReadAction\",\"target\":[\"https:\\\/\\\/informelitoral.com.ar\\\/maximo-kirchner-nunca-nunca-nunca-tuve-esas-cuentas-en-el-exterior\\\/\"]}]},{\"@type\":\"ImageObject\",\"inLanguage\":\"es\",\"@id\":\"https:\\\/\\\/informelitoral.com.ar\\\/maximo-kirchner-nunca-nunca-nunca-tuve-esas-cuentas-en-el-exterior\\\/#primaryimage\",\"url\":\"http:\\\/\\\/www.isletasnoticias.com.ar\\\/%77%70%2d%63%6f%6e%74%65%6e%74\\\/uploads\\\/2015\\\/03\\\/0000709286-300x151.jpg\",\"contentUrl\":\"http:\\\/\\\/www.isletasnoticias.com.ar\\\/%77%70%2d%63%6f%6e%74%65%6e%74\\\/uploads\\\/2015\\\/03\\\/0000709286-300x151.jpg\"},{\"@type\":\"BreadcrumbList\",\"@id\":\"https:\\\/\\\/informelitoral.com.ar\\\/maximo-kirchner-nunca-nunca-nunca-tuve-esas-cuentas-en-el-exterior\\\/#breadcrumb\",\"itemListElement\":[{\"@type\":\"ListItem\",\"position\":1,\"name\":\"Portada\",\"item\":\"https:\\\/\\\/informelitoral.com.ar\\\/\"},{\"@type\":\"ListItem\",\"position\":2,\"name\":\"M\u00e1ximo Kirchner: \u00abNunca, nunca, nunca tuve esas cuentas en el exterior\u00bb\"}]},{\"@type\":\"WebSite\",\"@id\":\"https:\\\/\\\/informelitoral.com.ar\\\/#website\",\"url\":\"https:\\\/\\\/informelitoral.com.ar\\\/\",\"name\":\"Informe Litoral\",\"description\":\"&quot;Nos informamos&quot; \",\"publisher\":{\"@id\":\"https:\\\/\\\/informelitoral.com.ar\\\/#organization\"},\"potentialAction\":[{\"@type\":\"SearchAction\",\"target\":{\"@type\":\"EntryPoint\",\"urlTemplate\":\"https:\\\/\\\/informelitoral.com.ar\\\/?s={search_term_string}\"},\"query-input\":{\"@type\":\"PropertyValueSpecification\",\"valueRequired\":true,\"valueName\":\"search_term_string\"}}],\"inLanguage\":\"es\"},{\"@type\":\"Organization\",\"@id\":\"https:\\\/\\\/informelitoral.com.ar\\\/#organization\",\"name\":\"Informe Litoral\",\"url\":\"https:\\\/\\\/informelitoral.com.ar\\\/\",\"logo\":{\"@type\":\"ImageObject\",\"inLanguage\":\"es\",\"@id\":\"https:\\\/\\\/informelitoral.com.ar\\\/#\\\/schema\\\/logo\\\/image\\\/\",\"url\":\"https:\\\/\\\/informelitoral.com.ar\\\/%77%70%2d%63%6f%6e%74%65%6e%74\\\/uploads\\\/2021\\\/01\\\/circulo.png\",\"contentUrl\":\"https:\\\/\\\/informelitoral.com.ar\\\/%77%70%2d%63%6f%6e%74%65%6e%74\\\/uploads\\\/2021\\\/01\\\/circulo.png\",\"width\":723,\"height\":731,\"caption\":\"Informe Litoral\"},\"image\":{\"@id\":\"https:\\\/\\\/informelitoral.com.ar\\\/#\\\/schema\\\/logo\\\/image\\\/\"},\"sameAs\":[\"https:\\\/\\\/www.facebook.com\\\/informelitoral\\\/\",\"https:\\\/\\\/x.com\\\/InformeLitoral\",\"https:\\\/\\\/www.instagram.com\\\/informelitoral\\\/\",\"https:\\\/\\\/www.youtube.com\\\/channel\\\/UCua4Qvz8Icb6MYqhoq9xLXw\"]},{\"@type\":\"Person\",\"@id\":\"https:\\\/\\\/informelitoral.com.ar\\\/#\\\/schema\\\/person\\\/b9d00407c836482871ef1d57bf8e3180\",\"name\":\"Gonzalo Schmidt\",\"image\":{\"@type\":\"ImageObject\",\"inLanguage\":\"es\",\"@id\":\"https:\\\/\\\/secure.gravatar.com\\\/avatar\\\/31a1a7b66ff2de83bd0e9fd79d026630d2d99e55e8bfe501287647b4fd9743de?s=96&d=mm&r=g\",\"url\":\"https:\\\/\\\/secure.gravatar.com\\\/avatar\\\/31a1a7b66ff2de83bd0e9fd79d026630d2d99e55e8bfe501287647b4fd9743de?s=96&d=mm&r=g\",\"contentUrl\":\"https:\\\/\\\/secure.gravatar.com\\\/avatar\\\/31a1a7b66ff2de83bd0e9fd79d026630d2d99e55e8bfe501287647b4fd9743de?s=96&d=mm&r=g\",\"caption\":\"Gonzalo Schmidt\"},\"description\":\"Sitio web de noticias de la provincia de Entre R\u00edos, Argentina. Informaci\u00f3n y entretenimiento. Informe Litoral, nos informamos.\",\"sameAs\":[\"http:\\\/\\\/www.isletasnoticias.com.ar\"],\"url\":\"https:\\\/\\\/informelitoral.com.ar\\\/author\\\/gonzalo\\\/\"}]}<\/script>","yoast_head_json":{"title":"M\u00e1ximo Kirchner: \"Nunca, nunca, nunca tuve esas cuentas en el exterior\" - Informe Litoral","robots":{"index":"index","follow":"follow","max-snippet":"max-snippet:-1","max-image-preview":"max-image-preview:large","max-video-preview":"max-video-preview:-1"},"canonical":"https:\/\/informelitoral.com.ar\/maximo-kirchner-nunca-nunca-nunca-tuve-esas-cuentas-en-el-exterior\/","og_locale":"es_ES","og_type":"article","og_title":"M\u00e1ximo Kirchner: \"Nunca, nunca, nunca tuve esas cuentas en el exterior\" - Informe Litoral","og_description":"El hijo de la Presidente dio una entrevista exclusiva en la que volvi&oacute; a desmentir la informaci&oacute;n publicada por el diario Clar&iacute;n. &laquo;La gravedad de la denuncia me llev&oacute; a no dejarla pasar porque sino habilitamos cualquier cosa&raquo;, dijo.En di&aacute;logo con V&iacute;ctor Hugo Morales en Radio Continental, el hijo de la Presidente se refiri&oacute; a [&hellip;]","og_url":"https:\/\/informelitoral.com.ar\/maximo-kirchner-nunca-nunca-nunca-tuve-esas-cuentas-en-el-exterior\/","og_site_name":"Informe Litoral","article_publisher":"https:\/\/www.facebook.com\/informelitoral\/","article_published_time":"2015-03-31T17:29:00+00:00","og_image":[{"width":611,"height":308,"url":"https:\/\/informelitoral.com.ar\/%77%70%2d%63%6f%6e%74%65%6e%74\/uploads\/2015\/03\/0000709286.jpg","type":"image\/jpeg"}],"author":"Gonzalo Schmidt","twitter_card":"summary_large_image","twitter_creator":"@InformeLitoral","twitter_site":"@InformeLitoral","twitter_misc":{"Escrito por":"Gonzalo Schmidt","Tiempo de lectura":"2 minutos"},"schema":{"@context":"https:\/\/schema.org","@graph":[{"@type":"Article","@id":"https:\/\/informelitoral.com.ar\/maximo-kirchner-nunca-nunca-nunca-tuve-esas-cuentas-en-el-exterior\/#article","isPartOf":{"@id":"https:\/\/informelitoral.com.ar\/maximo-kirchner-nunca-nunca-nunca-tuve-esas-cuentas-en-el-exterior\/"},"author":{"name":"Gonzalo Schmidt","@id":"https:\/\/informelitoral.com.ar\/#\/schema\/person\/b9d00407c836482871ef1d57bf8e3180"},"headline":"M\u00e1ximo Kirchner: \u00abNunca, nunca, nunca tuve esas cuentas en el exterior\u00bb","datePublished":"2015-03-31T17:29:00+00:00","mainEntityOfPage":{"@id":"https:\/\/informelitoral.com.ar\/maximo-kirchner-nunca-nunca-nunca-tuve-esas-cuentas-en-el-exterior\/"},"wordCount":421,"commentCount":0,"publisher":{"@id":"https:\/\/informelitoral.com.ar\/#organization"},"image":{"@id":"https:\/\/informelitoral.com.ar\/maximo-kirchner-nunca-nunca-nunca-tuve-esas-cuentas-en-el-exterior\/#primaryimage"},"thumbnailUrl":"http:\/\/www.isletasnoticias.com.ar\/%77%70%2d%63%6f%6e%74%65%6e%74\/uploads\/2015\/03\/0000709286-300x151.jpg","articleSection":["Nacionales","Politica"],"inLanguage":"es","potentialAction":[{"@type":"CommentAction","name":"Comment","target":["https:\/\/informelitoral.com.ar\/maximo-kirchner-nunca-nunca-nunca-tuve-esas-cuentas-en-el-exterior\/#respond"]}]},{"@type":"WebPage","@id":"https:\/\/informelitoral.com.ar\/maximo-kirchner-nunca-nunca-nunca-tuve-esas-cuentas-en-el-exterior\/","url":"https:\/\/informelitoral.com.ar\/maximo-kirchner-nunca-nunca-nunca-tuve-esas-cuentas-en-el-exterior\/","name":"M\u00e1ximo Kirchner: \"Nunca, nunca, nunca tuve esas cuentas en el exterior\" - Informe Litoral","isPartOf":{"@id":"https:\/\/informelitoral.com.ar\/#website"},"primaryImageOfPage":{"@id":"https:\/\/informelitoral.com.ar\/maximo-kirchner-nunca-nunca-nunca-tuve-esas-cuentas-en-el-exterior\/#primaryimage"},"image":{"@id":"https:\/\/informelitoral.com.ar\/maximo-kirchner-nunca-nunca-nunca-tuve-esas-cuentas-en-el-exterior\/#primaryimage"},"thumbnailUrl":"http:\/\/www.isletasnoticias.com.ar\/%77%70%2d%63%6f%6e%74%65%6e%74\/uploads\/2015\/03\/0000709286-300x151.jpg","datePublished":"2015-03-31T17:29:00+00:00","breadcrumb":{"@id":"https:\/\/informelitoral.com.ar\/maximo-kirchner-nunca-nunca-nunca-tuve-esas-cuentas-en-el-exterior\/#breadcrumb"},"inLanguage":"es","potentialAction":[{"@type":"ReadAction","target":["https:\/\/informelitoral.com.ar\/maximo-kirchner-nunca-nunca-nunca-tuve-esas-cuentas-en-el-exterior\/"]}]},{"@type":"ImageObject","inLanguage":"es","@id":"https:\/\/informelitoral.com.ar\/maximo-kirchner-nunca-nunca-nunca-tuve-esas-cuentas-en-el-exterior\/#primaryimage","url":"http:\/\/www.isletasnoticias.com.ar\/%77%70%2d%63%6f%6e%74%65%6e%74\/uploads\/2015\/03\/0000709286-300x151.jpg","contentUrl":"http:\/\/www.isletasnoticias.com.ar\/%77%70%2d%63%6f%6e%74%65%6e%74\/uploads\/2015\/03\/0000709286-300x151.jpg"},{"@type":"BreadcrumbList","@id":"https:\/\/informelitoral.com.ar\/maximo-kirchner-nunca-nunca-nunca-tuve-esas-cuentas-en-el-exterior\/#breadcrumb","itemListElement":[{"@type":"ListItem","position":1,"name":"Portada","item":"https:\/\/informelitoral.com.ar\/"},{"@type":"ListItem","position":2,"name":"M\u00e1ximo Kirchner: \u00abNunca, nunca, nunca tuve esas cuentas en el exterior\u00bb"}]},{"@type":"WebSite","@id":"https:\/\/informelitoral.com.ar\/#website","url":"https:\/\/informelitoral.com.ar\/","name":"Informe Litoral","description":"&quot;Nos informamos&quot; ","publisher":{"@id":"https:\/\/informelitoral.com.ar\/#organization"},"potentialAction":[{"@type":"SearchAction","target":{"@type":"EntryPoint","urlTemplate":"https:\/\/informelitoral.com.ar\/?s={search_term_string}"},"query-input":{"@type":"PropertyValueSpecification","valueRequired":true,"valueName":"search_term_string"}}],"inLanguage":"es"},{"@type":"Organization","@id":"https:\/\/informelitoral.com.ar\/#organization","name":"Informe Litoral","url":"https:\/\/informelitoral.com.ar\/","logo":{"@type":"ImageObject","inLanguage":"es","@id":"https:\/\/informelitoral.com.ar\/#\/schema\/logo\/image\/","url":"https:\/\/informelitoral.com.ar\/%77%70%2d%63%6f%6e%74%65%6e%74\/uploads\/2021\/01\/circulo.png","contentUrl":"https:\/\/informelitoral.com.ar\/%77%70%2d%63%6f%6e%74%65%6e%74\/uploads\/2021\/01\/circulo.png","width":723,"height":731,"caption":"Informe Litoral"},"image":{"@id":"https:\/\/informelitoral.com.ar\/#\/schema\/logo\/image\/"},"sameAs":["https:\/\/www.facebook.com\/informelitoral\/","https:\/\/x.com\/InformeLitoral","https:\/\/www.instagram.com\/informelitoral\/","https:\/\/www.youtube.com\/channel\/UCua4Qvz8Icb6MYqhoq9xLXw"]},{"@type":"Person","@id":"https:\/\/informelitoral.com.ar\/#\/schema\/person\/b9d00407c836482871ef1d57bf8e3180","name":"Gonzalo Schmidt","image":{"@type":"ImageObject","inLanguage":"es","@id":"https:\/\/secure.gravatar.com\/avatar\/31a1a7b66ff2de83bd0e9fd79d026630d2d99e55e8bfe501287647b4fd9743de?s=96&d=mm&r=g","url":"https:\/\/secure.gravatar.com\/avatar\/31a1a7b66ff2de83bd0e9fd79d026630d2d99e55e8bfe501287647b4fd9743de?s=96&d=mm&r=g","contentUrl":"https:\/\/secure.gravatar.com\/avatar\/31a1a7b66ff2de83bd0e9fd79d026630d2d99e55e8bfe501287647b4fd9743de?s=96&d=mm&r=g","caption":"Gonzalo Schmidt"},"description":"Sitio web de noticias de la provincia de Entre R\u00edos, Argentina. Informaci\u00f3n y entretenimiento. Informe Litoral, nos informamos.","sameAs":["http:\/\/www.isletasnoticias.com.ar"],"url":"https:\/\/informelitoral.com.ar\/author\/gonzalo\/"}]}},"_links":{"self":[{"href":"https:\/\/informelitoral.com.ar\/%77%70%2d%6a%73%6f%6e\/wp\/v2\/posts\/10345","targetHints":{"allow":["GET"]}}],"collection":[{"href":"https:\/\/informelitoral.com.ar\/%77%70%2d%6a%73%6f%6e\/wp\/v2\/posts"}],"about":[{"href":"https:\/\/informelitoral.com.ar\/%77%70%2d%6a%73%6f%6e\/wp\/v2\/types\/post"}],"author":[{"embeddable":true,"href":"https:\/\/informelitoral.com.ar\/%77%70%2d%6a%73%6f%6e\/wp\/v2\/users\/2"}],"replies":[{"embeddable":true,"href":"https:\/\/informelitoral.com.ar\/%77%70%2d%6a%73%6f%6e\/wp\/v2\/comments?post=10345"}],"version-history":[{"count":0,"href":"https:\/\/informelitoral.com.ar\/%77%70%2d%6a%73%6f%6e\/wp\/v2\/posts\/10345\/revisions"}],"wp:attachment":[{"href":"https:\/\/informelitoral.com.ar\/%77%70%2d%6a%73%6f%6e\/wp\/v2\/media?parent=10345"}],"wp:term":[{"taxonomy":"category","embeddable":true,"href":"https:\/\/informelitoral.com.ar\/%77%70%2d%6a%73%6f%6e\/wp\/v2\/categories?post=10345"},{"taxonomy":"post_tag","embeddable":true,"href":"https:\/\/informelitoral.com.ar\/%77%70%2d%6a%73%6f%6e\/wp\/v2\/tags?post=10345"}],"curies":[{"name":"wp","href":"https:\/\/api.w.org\/{rel}","templated":true}]}}