{"id":103087,"date":"2022-12-20T14:32:12","date_gmt":"2022-12-20T17:32:12","guid":{"rendered":"https:\/\/www.informelitoral.com.ar\/?p=103087"},"modified":"2022-12-20T17:11:17","modified_gmt":"2022-12-20T20:11:17","slug":"bordet-sobre-el-triunfo-de-argentina-es-una-caricia-al-alma","status":"publish","type":"post","link":"https:\/\/informelitoral.com.ar\/bordet-sobre-el-triunfo-de-argentina-es-una-caricia-al-alma\/","title":{"rendered":"Bordet sobre el triunfo de Argentina: \u201cEs una caricia al alma\u201d"},"content":{"rendered":"<p>Haber ganado la copa del mundo claramente es una gran alegr\u00eda para todo el pueblo argentino\u201d, resalt\u00f3 el mandatario provincial, y asegur\u00f3 que es una conquista \u201cmuy merecida por este grupo de jugadores y cuerpo t\u00e9cnico que dejaron todo en el torneo y en la cancha durante el \u00faltimo partido para darnos esta alegr\u00eda que la necesitamos mucho\u201d.<\/p>\n<p>Tambi\u00e9n felicit\u00f3 a los entrerrianos que son parte del seleccionado argentino. Record\u00f3 que lo hizo ayer en sus redes sociales, luego de la final contra Francia, cuando destac\u00f3 a Lisandro Mart\u00ednez que es parte del seleccionado, y a Roberto (el Rat\u00f3n) Ayala, que integra el cuerpo t\u00e9cnico.<\/p>\n<p>\u00abPuse en mis redes lo que significaba que un jugador como Lisandro Mart\u00ednez, de una ciudad como Gualeguay, con mucho sacrificio y humildad, haya podido estar en los mejores niveles del f\u00fatbol mundial. Es una muy buena representaci\u00f3n para nuestra provincia\u201d.<\/p>\n<p>En ese sentido, adelant\u00f3 que tomar\u00e1 contacto con el jugador, \u201cpero ahora hay que disfrutar mucho porque pasaron 36 a\u00f1os de haber ganado una copa del mundo\u201d. \u201cEste grupo se lo merece. La verdad que es algo muy lindo y es una caricia al alma para todos los entrerrianos y los argentinos\u201d, concluy\u00f3.<\/p>\n","protected":false},"excerpt":{"rendered":"<p>\u201cEs una caricia al alma para todos los entrerrianos y los argentinos\u201d, afirm\u00f3 este lunes el gobernador Gustavo Bordet en referencia al triunfo de Argentina en el campeonato mundial de f\u00fatbol. Destac\u00f3 la participaci\u00f3n de Lisandro Mart\u00ednez, oriundo de Gualeguay, en el equipo campe\u00f3n.<\/p>\n","protected":false},"author":8,"featured_media":103091,"comment_status":"open","ping_status":"open","sticky":false,"template":"","format":"standard","meta":{"fifu_image_url":"","fifu_image_alt":"","footnotes":""},"categories":[16],"tags":[2324,167,116],"class_list":{"0":"post-103087","1":"post","2":"type-post","3":"status-publish","4":"format-standard","5":"has-post-thumbnail","7":"category-politi","8":"tag-argentina-campeon","9":"tag-gustavo-bordet","10":"tag-seleccion-argentina"},"yoast_head":"<title>Bordet sobre el triunfo de Argentina: \u201cEs una caricia al alma\u201d - Informe Litoral<\/title>\n<meta name=\"robots\" content=\"index, follow, max-snippet:-1, max-image-preview:large, max-video-preview:-1\" \/>\n<link rel=\"canonical\" href=\"https:\/\/informelitoral.com.ar\/bordet-sobre-el-triunfo-de-argentina-es-una-caricia-al-alma\/\" \/>\n<meta property=\"og:locale\" content=\"es_ES\" \/>\n<meta property=\"og:type\" content=\"article\" \/>\n<meta property=\"og:title\" content=\"Bordet sobre el triunfo de Argentina: \u201cEs una caricia al alma\u201d - Informe Litoral\" \/>\n<meta property=\"og:description\" content=\"\u201cEs una caricia al alma para todos los entrerrianos y los argentinos\u201d, afirm\u00f3 este lunes el gobernador Gustavo Bordet en referencia al triunfo de Argentina en el campeonato mundial de f\u00fatbol. Destac\u00f3 la participaci\u00f3n de Lisandro Mart\u00ednez, oriundo de Gualeguay, en el equipo campe\u00f3n.\" \/>\n<meta property=\"og:url\" content=\"https:\/\/informelitoral.com.ar\/bordet-sobre-el-triunfo-de-argentina-es-una-caricia-al-alma\/\" \/>\n<meta property=\"og:site_name\" content=\"Informe Litoral\" \/>\n<meta property=\"article:publisher\" content=\"https:\/\/www.facebook.com\/informelitoral\/\" \/>\n<meta property=\"article:published_time\" content=\"2022-12-20T17:32:12+00:00\" \/>\n<meta property=\"article:modified_time\" content=\"2022-12-20T20:11:17+00:00\" \/>\n<meta property=\"og:image\" content=\"https:\/\/informelitoral.com.ar\/%77%70%2d%63%6f%6e%74%65%6e%74\/uploads\/2022\/12\/p_1671463143.jpg\" \/>\n\t<meta property=\"og:image:width\" content=\"1920\" \/>\n\t<meta property=\"og:image:height\" content=\"800\" \/>\n\t<meta property=\"og:image:type\" content=\"image\/jpeg\" \/>\n<meta name=\"author\" content=\"Sebastian\" \/>\n<meta name=\"twitter:card\" content=\"summary_large_image\" \/>\n<meta name=\"twitter:creator\" content=\"@InformeLitoral\" \/>\n<meta name=\"twitter:site\" content=\"@InformeLitoral\" \/>\n<meta name=\"twitter:label1\" content=\"Escrito por\" \/>\n\t<meta name=\"twitter:data1\" content=\"Sebastian\" \/>\n\t<meta name=\"twitter:label2\" content=\"Tiempo de lectura\" \/>\n\t<meta name=\"twitter:data2\" content=\"1 minuto\" \/>\n<script type=\"application\/ld+json\" class=\"yoast-schema-graph\">{\"@context\":\"https:\\\/\\\/schema.org\",\"@graph\":[{\"@type\":\"Article\",\"@id\":\"https:\\\/\\\/informelitoral.com.ar\\\/bordet-sobre-el-triunfo-de-argentina-es-una-caricia-al-alma\\\/#article\",\"isPartOf\":{\"@id\":\"https:\\\/\\\/informelitoral.com.ar\\\/bordet-sobre-el-triunfo-de-argentina-es-una-caricia-al-alma\\\/\"},\"author\":{\"name\":\"Sebastian\",\"@id\":\"https:\\\/\\\/informelitoral.com.ar\\\/#\\\/schema\\\/person\\\/f05f9f461677119578717524b127d6d5\"},\"headline\":\"Bordet sobre el triunfo de Argentina: \u201cEs una caricia al alma\u201d\",\"datePublished\":\"2022-12-20T17:32:12+00:00\",\"dateModified\":\"2022-12-20T20:11:17+00:00\",\"mainEntityOfPage\":{\"@id\":\"https:\\\/\\\/informelitoral.com.ar\\\/bordet-sobre-el-triunfo-de-argentina-es-una-caricia-al-alma\\\/\"},\"wordCount\":220,\"commentCount\":0,\"publisher\":{\"@id\":\"https:\\\/\\\/informelitoral.com.ar\\\/#organization\"},\"image\":{\"@id\":\"https:\\\/\\\/informelitoral.com.ar\\\/bordet-sobre-el-triunfo-de-argentina-es-una-caricia-al-alma\\\/#primaryimage\"},\"thumbnailUrl\":\"https:\\\/\\\/informelitoral.com.ar\\\/%77%70%2d%63%6f%6e%74%65%6e%74\\\/uploads\\\/2022\\\/12\\\/p_1671463143.jpg\",\"keywords\":[\"Argentina campe\u00f3n\",\"Gustavo Bordet\",\"Selecci\u00f3n argentina\"],\"articleSection\":[\"Politica\"],\"inLanguage\":\"es\",\"potentialAction\":[{\"@type\":\"CommentAction\",\"name\":\"Comment\",\"target\":[\"https:\\\/\\\/informelitoral.com.ar\\\/bordet-sobre-el-triunfo-de-argentina-es-una-caricia-al-alma\\\/#respond\"]}]},{\"@type\":\"WebPage\",\"@id\":\"https:\\\/\\\/informelitoral.com.ar\\\/bordet-sobre-el-triunfo-de-argentina-es-una-caricia-al-alma\\\/\",\"url\":\"https:\\\/\\\/informelitoral.com.ar\\\/bordet-sobre-el-triunfo-de-argentina-es-una-caricia-al-alma\\\/\",\"name\":\"Bordet sobre el triunfo de Argentina: \u201cEs una caricia al alma\u201d - Informe Litoral\",\"isPartOf\":{\"@id\":\"https:\\\/\\\/informelitoral.com.ar\\\/#website\"},\"primaryImageOfPage\":{\"@id\":\"https:\\\/\\\/informelitoral.com.ar\\\/bordet-sobre-el-triunfo-de-argentina-es-una-caricia-al-alma\\\/#primaryimage\"},\"image\":{\"@id\":\"https:\\\/\\\/informelitoral.com.ar\\\/bordet-sobre-el-triunfo-de-argentina-es-una-caricia-al-alma\\\/#primaryimage\"},\"thumbnailUrl\":\"https:\\\/\\\/informelitoral.com.ar\\\/%77%70%2d%63%6f%6e%74%65%6e%74\\\/uploads\\\/2022\\\/12\\\/p_1671463143.jpg\",\"datePublished\":\"2022-12-20T17:32:12+00:00\",\"dateModified\":\"2022-12-20T20:11:17+00:00\",\"breadcrumb\":{\"@id\":\"https:\\\/\\\/informelitoral.com.ar\\\/bordet-sobre-el-triunfo-de-argentina-es-una-caricia-al-alma\\\/#breadcrumb\"},\"inLanguage\":\"es\",\"potentialAction\":[{\"@type\":\"ReadAction\",\"target\":[\"https:\\\/\\\/informelitoral.com.ar\\\/bordet-sobre-el-triunfo-de-argentina-es-una-caricia-al-alma\\\/\"]}]},{\"@type\":\"ImageObject\",\"inLanguage\":\"es\",\"@id\":\"https:\\\/\\\/informelitoral.com.ar\\\/bordet-sobre-el-triunfo-de-argentina-es-una-caricia-al-alma\\\/#primaryimage\",\"url\":\"https:\\\/\\\/informelitoral.com.ar\\\/%77%70%2d%63%6f%6e%74%65%6e%74\\\/uploads\\\/2022\\\/12\\\/p_1671463143.jpg\",\"contentUrl\":\"https:\\\/\\\/informelitoral.com.ar\\\/%77%70%2d%63%6f%6e%74%65%6e%74\\\/uploads\\\/2022\\\/12\\\/p_1671463143.jpg\",\"width\":1920,\"height\":800},{\"@type\":\"BreadcrumbList\",\"@id\":\"https:\\\/\\\/informelitoral.com.ar\\\/bordet-sobre-el-triunfo-de-argentina-es-una-caricia-al-alma\\\/#breadcrumb\",\"itemListElement\":[{\"@type\":\"ListItem\",\"position\":1,\"name\":\"Portada\",\"item\":\"https:\\\/\\\/informelitoral.com.ar\\\/\"},{\"@type\":\"ListItem\",\"position\":2,\"name\":\"Bordet sobre el triunfo de Argentina: \u201cEs una caricia al alma\u201d\"}]},{\"@type\":\"WebSite\",\"@id\":\"https:\\\/\\\/informelitoral.com.ar\\\/#website\",\"url\":\"https:\\\/\\\/informelitoral.com.ar\\\/\",\"name\":\"Informe Litoral\",\"description\":\"&quot;Nos informamos&quot; \",\"publisher\":{\"@id\":\"https:\\\/\\\/informelitoral.com.ar\\\/#organization\"},\"potentialAction\":[{\"@type\":\"SearchAction\",\"target\":{\"@type\":\"EntryPoint\",\"urlTemplate\":\"https:\\\/\\\/informelitoral.com.ar\\\/?s={search_term_string}\"},\"query-input\":{\"@type\":\"PropertyValueSpecification\",\"valueRequired\":true,\"valueName\":\"search_term_string\"}}],\"inLanguage\":\"es\"},{\"@type\":\"Organization\",\"@id\":\"https:\\\/\\\/informelitoral.com.ar\\\/#organization\",\"name\":\"Informe Litoral\",\"url\":\"https:\\\/\\\/informelitoral.com.ar\\\/\",\"logo\":{\"@type\":\"ImageObject\",\"inLanguage\":\"es\",\"@id\":\"https:\\\/\\\/informelitoral.com.ar\\\/#\\\/schema\\\/logo\\\/image\\\/\",\"url\":\"https:\\\/\\\/informelitoral.com.ar\\\/%77%70%2d%63%6f%6e%74%65%6e%74\\\/uploads\\\/2021\\\/01\\\/circulo.png\",\"contentUrl\":\"https:\\\/\\\/informelitoral.com.ar\\\/%77%70%2d%63%6f%6e%74%65%6e%74\\\/uploads\\\/2021\\\/01\\\/circulo.png\",\"width\":723,\"height\":731,\"caption\":\"Informe Litoral\"},\"image\":{\"@id\":\"https:\\\/\\\/informelitoral.com.ar\\\/#\\\/schema\\\/logo\\\/image\\\/\"},\"sameAs\":[\"https:\\\/\\\/www.facebook.com\\\/informelitoral\\\/\",\"https:\\\/\\\/x.com\\\/InformeLitoral\",\"https:\\\/\\\/www.instagram.com\\\/informelitoral\\\/\",\"https:\\\/\\\/www.youtube.com\\\/channel\\\/UCua4Qvz8Icb6MYqhoq9xLXw\"]},{\"@type\":\"Person\",\"@id\":\"https:\\\/\\\/informelitoral.com.ar\\\/#\\\/schema\\\/person\\\/f05f9f461677119578717524b127d6d5\",\"name\":\"Sebastian\",\"image\":{\"@type\":\"ImageObject\",\"inLanguage\":\"es\",\"@id\":\"https:\\\/\\\/secure.gravatar.com\\\/avatar\\\/b71bf7481d447dfb9583c7f2798e7cc64de6efb9067b74633ed8c31059a3bd82?s=96&d=mm&r=g\",\"url\":\"https:\\\/\\\/secure.gravatar.com\\\/avatar\\\/b71bf7481d447dfb9583c7f2798e7cc64de6efb9067b74633ed8c31059a3bd82?s=96&d=mm&r=g\",\"contentUrl\":\"https:\\\/\\\/secure.gravatar.com\\\/avatar\\\/b71bf7481d447dfb9583c7f2798e7cc64de6efb9067b74633ed8c31059a3bd82?s=96&d=mm&r=g\",\"caption\":\"Sebastian\"},\"url\":\"https:\\\/\\\/informelitoral.com.ar\\\/author\\\/sebastian\\\/\"}]}<\/script>","yoast_head_json":{"title":"Bordet sobre el triunfo de Argentina: \u201cEs una caricia al alma\u201d - Informe Litoral","robots":{"index":"index","follow":"follow","max-snippet":"max-snippet:-1","max-image-preview":"max-image-preview:large","max-video-preview":"max-video-preview:-1"},"canonical":"https:\/\/informelitoral.com.ar\/bordet-sobre-el-triunfo-de-argentina-es-una-caricia-al-alma\/","og_locale":"es_ES","og_type":"article","og_title":"Bordet sobre el triunfo de Argentina: \u201cEs una caricia al alma\u201d - Informe Litoral","og_description":"\u201cEs una caricia al alma para todos los entrerrianos y los argentinos\u201d, afirm\u00f3 este lunes el gobernador Gustavo Bordet en referencia al triunfo de Argentina en el campeonato mundial de f\u00fatbol. Destac\u00f3 la participaci\u00f3n de Lisandro Mart\u00ednez, oriundo de Gualeguay, en el equipo campe\u00f3n.","og_url":"https:\/\/informelitoral.com.ar\/bordet-sobre-el-triunfo-de-argentina-es-una-caricia-al-alma\/","og_site_name":"Informe Litoral","article_publisher":"https:\/\/www.facebook.com\/informelitoral\/","article_published_time":"2022-12-20T17:32:12+00:00","article_modified_time":"2022-12-20T20:11:17+00:00","og_image":[{"width":1920,"height":800,"url":"https:\/\/informelitoral.com.ar\/%77%70%2d%63%6f%6e%74%65%6e%74\/uploads\/2022\/12\/p_1671463143.jpg","type":"image\/jpeg"}],"author":"Sebastian","twitter_card":"summary_large_image","twitter_creator":"@InformeLitoral","twitter_site":"@InformeLitoral","twitter_misc":{"Escrito por":"Sebastian","Tiempo de lectura":"1 minuto"},"schema":{"@context":"https:\/\/schema.org","@graph":[{"@type":"Article","@id":"https:\/\/informelitoral.com.ar\/bordet-sobre-el-triunfo-de-argentina-es-una-caricia-al-alma\/#article","isPartOf":{"@id":"https:\/\/informelitoral.com.ar\/bordet-sobre-el-triunfo-de-argentina-es-una-caricia-al-alma\/"},"author":{"name":"Sebastian","@id":"https:\/\/informelitoral.com.ar\/#\/schema\/person\/f05f9f461677119578717524b127d6d5"},"headline":"Bordet sobre el triunfo de Argentina: \u201cEs una caricia al alma\u201d","datePublished":"2022-12-20T17:32:12+00:00","dateModified":"2022-12-20T20:11:17+00:00","mainEntityOfPage":{"@id":"https:\/\/informelitoral.com.ar\/bordet-sobre-el-triunfo-de-argentina-es-una-caricia-al-alma\/"},"wordCount":220,"commentCount":0,"publisher":{"@id":"https:\/\/informelitoral.com.ar\/#organization"},"image":{"@id":"https:\/\/informelitoral.com.ar\/bordet-sobre-el-triunfo-de-argentina-es-una-caricia-al-alma\/#primaryimage"},"thumbnailUrl":"https:\/\/informelitoral.com.ar\/%77%70%2d%63%6f%6e%74%65%6e%74\/uploads\/2022\/12\/p_1671463143.jpg","keywords":["Argentina campe\u00f3n","Gustavo Bordet","Selecci\u00f3n argentina"],"articleSection":["Politica"],"inLanguage":"es","potentialAction":[{"@type":"CommentAction","name":"Comment","target":["https:\/\/informelitoral.com.ar\/bordet-sobre-el-triunfo-de-argentina-es-una-caricia-al-alma\/#respond"]}]},{"@type":"WebPage","@id":"https:\/\/informelitoral.com.ar\/bordet-sobre-el-triunfo-de-argentina-es-una-caricia-al-alma\/","url":"https:\/\/informelitoral.com.ar\/bordet-sobre-el-triunfo-de-argentina-es-una-caricia-al-alma\/","name":"Bordet sobre el triunfo de Argentina: \u201cEs una caricia al alma\u201d - Informe Litoral","isPartOf":{"@id":"https:\/\/informelitoral.com.ar\/#website"},"primaryImageOfPage":{"@id":"https:\/\/informelitoral.com.ar\/bordet-sobre-el-triunfo-de-argentina-es-una-caricia-al-alma\/#primaryimage"},"image":{"@id":"https:\/\/informelitoral.com.ar\/bordet-sobre-el-triunfo-de-argentina-es-una-caricia-al-alma\/#primaryimage"},"thumbnailUrl":"https:\/\/informelitoral.com.ar\/%77%70%2d%63%6f%6e%74%65%6e%74\/uploads\/2022\/12\/p_1671463143.jpg","datePublished":"2022-12-20T17:32:12+00:00","dateModified":"2022-12-20T20:11:17+00:00","breadcrumb":{"@id":"https:\/\/informelitoral.com.ar\/bordet-sobre-el-triunfo-de-argentina-es-una-caricia-al-alma\/#breadcrumb"},"inLanguage":"es","potentialAction":[{"@type":"ReadAction","target":["https:\/\/informelitoral.com.ar\/bordet-sobre-el-triunfo-de-argentina-es-una-caricia-al-alma\/"]}]},{"@type":"ImageObject","inLanguage":"es","@id":"https:\/\/informelitoral.com.ar\/bordet-sobre-el-triunfo-de-argentina-es-una-caricia-al-alma\/#primaryimage","url":"https:\/\/informelitoral.com.ar\/%77%70%2d%63%6f%6e%74%65%6e%74\/uploads\/2022\/12\/p_1671463143.jpg","contentUrl":"https:\/\/informelitoral.com.ar\/%77%70%2d%63%6f%6e%74%65%6e%74\/uploads\/2022\/12\/p_1671463143.jpg","width":1920,"height":800},{"@type":"BreadcrumbList","@id":"https:\/\/informelitoral.com.ar\/bordet-sobre-el-triunfo-de-argentina-es-una-caricia-al-alma\/#breadcrumb","itemListElement":[{"@type":"ListItem","position":1,"name":"Portada","item":"https:\/\/informelitoral.com.ar\/"},{"@type":"ListItem","position":2,"name":"Bordet sobre el triunfo de Argentina: \u201cEs una caricia al alma\u201d"}]},{"@type":"WebSite","@id":"https:\/\/informelitoral.com.ar\/#website","url":"https:\/\/informelitoral.com.ar\/","name":"Informe Litoral","description":"&quot;Nos informamos&quot; ","publisher":{"@id":"https:\/\/informelitoral.com.ar\/#organization"},"potentialAction":[{"@type":"SearchAction","target":{"@type":"EntryPoint","urlTemplate":"https:\/\/informelitoral.com.ar\/?s={search_term_string}"},"query-input":{"@type":"PropertyValueSpecification","valueRequired":true,"valueName":"search_term_string"}}],"inLanguage":"es"},{"@type":"Organization","@id":"https:\/\/informelitoral.com.ar\/#organization","name":"Informe Litoral","url":"https:\/\/informelitoral.com.ar\/","logo":{"@type":"ImageObject","inLanguage":"es","@id":"https:\/\/informelitoral.com.ar\/#\/schema\/logo\/image\/","url":"https:\/\/informelitoral.com.ar\/%77%70%2d%63%6f%6e%74%65%6e%74\/uploads\/2021\/01\/circulo.png","contentUrl":"https:\/\/informelitoral.com.ar\/%77%70%2d%63%6f%6e%74%65%6e%74\/uploads\/2021\/01\/circulo.png","width":723,"height":731,"caption":"Informe Litoral"},"image":{"@id":"https:\/\/informelitoral.com.ar\/#\/schema\/logo\/image\/"},"sameAs":["https:\/\/www.facebook.com\/informelitoral\/","https:\/\/x.com\/InformeLitoral","https:\/\/www.instagram.com\/informelitoral\/","https:\/\/www.youtube.com\/channel\/UCua4Qvz8Icb6MYqhoq9xLXw"]},{"@type":"Person","@id":"https:\/\/informelitoral.com.ar\/#\/schema\/person\/f05f9f461677119578717524b127d6d5","name":"Sebastian","image":{"@type":"ImageObject","inLanguage":"es","@id":"https:\/\/secure.gravatar.com\/avatar\/b71bf7481d447dfb9583c7f2798e7cc64de6efb9067b74633ed8c31059a3bd82?s=96&d=mm&r=g","url":"https:\/\/secure.gravatar.com\/avatar\/b71bf7481d447dfb9583c7f2798e7cc64de6efb9067b74633ed8c31059a3bd82?s=96&d=mm&r=g","contentUrl":"https:\/\/secure.gravatar.com\/avatar\/b71bf7481d447dfb9583c7f2798e7cc64de6efb9067b74633ed8c31059a3bd82?s=96&d=mm&r=g","caption":"Sebastian"},"url":"https:\/\/informelitoral.com.ar\/author\/sebastian\/"}]}},"_links":{"self":[{"href":"https:\/\/informelitoral.com.ar\/%77%70%2d%6a%73%6f%6e\/wp\/v2\/posts\/103087","targetHints":{"allow":["GET"]}}],"collection":[{"href":"https:\/\/informelitoral.com.ar\/%77%70%2d%6a%73%6f%6e\/wp\/v2\/posts"}],"about":[{"href":"https:\/\/informelitoral.com.ar\/%77%70%2d%6a%73%6f%6e\/wp\/v2\/types\/post"}],"author":[{"embeddable":true,"href":"https:\/\/informelitoral.com.ar\/%77%70%2d%6a%73%6f%6e\/wp\/v2\/users\/8"}],"replies":[{"embeddable":true,"href":"https:\/\/informelitoral.com.ar\/%77%70%2d%6a%73%6f%6e\/wp\/v2\/comments?post=103087"}],"version-history":[{"count":0,"href":"https:\/\/informelitoral.com.ar\/%77%70%2d%6a%73%6f%6e\/wp\/v2\/posts\/103087\/revisions"}],"wp:featuredmedia":[{"embeddable":true,"href":"https:\/\/informelitoral.com.ar\/%77%70%2d%6a%73%6f%6e\/wp\/v2\/media\/103091"}],"wp:attachment":[{"href":"https:\/\/informelitoral.com.ar\/%77%70%2d%6a%73%6f%6e\/wp\/v2\/media?parent=103087"}],"wp:term":[{"taxonomy":"category","embeddable":true,"href":"https:\/\/informelitoral.com.ar\/%77%70%2d%6a%73%6f%6e\/wp\/v2\/categories?post=103087"},{"taxonomy":"post_tag","embeddable":true,"href":"https:\/\/informelitoral.com.ar\/%77%70%2d%6a%73%6f%6e\/wp\/v2\/tags?post=103087"}],"curies":[{"name":"wp","href":"https:\/\/api.w.org\/{rel}","templated":true}]}}