{"id":102935,"date":"2022-12-20T11:00:21","date_gmt":"2022-12-20T14:00:21","guid":{"rendered":"https:\/\/www.informelitoral.com.ar\/?p=102935"},"modified":"2022-12-20T11:01:09","modified_gmt":"2022-12-20T14:01:09","slug":"fernandez-la-seleccion-es-el-ejemplo-de-que-no-debemos-bajar-los-brazos","status":"publish","type":"post","link":"https:\/\/informelitoral.com.ar\/fernandez-la-seleccion-es-el-ejemplo-de-que-no-debemos-bajar-los-brazos\/","title":{"rendered":"Fern\u00e1ndez: la selecci\u00f3n es \u00abel ejemplo de que no debemos bajar los brazos\u00bb"},"content":{"rendered":"<header><\/header>\n<div class=\"cont-nota\">\n<article class=\"cont-cuerpo\">\n<figure class=\"nota-foto\"><\/figure>\n<div class=\"publi-top publi-listado\">\n<div class=\"publi-728\">\n<div id=\"banner-interior-a\" class=\"banner-zone-found banner-step-1 banner-loop-1 banner-is-adsense banner-is-a banner-step-2\">\n<p>\u00abGracias a jugadores y equipo t\u00e9cnico. Son el ejemplo de que no debemos bajar los brazos. Que tenemos un gran pueblo y un gran futuro\u00bb, escribi\u00f3 F\u00e9rnandez en su cuenta de Twitter, donde tambi\u00e9n adjunt\u00f3 una foto junto a su pareja Fabiola Ya\u00f1ez y su hijo Francisco.<\/p>\n<\/div>\n<\/div>\n<\/div>\n<section class=\"texto\">M\u00e1s temprano, el mandatario agradeci\u00f3 en la misma red social el mensaje de buenos augurios del mandatario mexicano, Andr\u00e9s Manuel L\u00f3pez Obrador, quien poste\u00f3 un video para dar los motivos por los cuales considera que la Argentina deber\u00eda convertirse en ganador del Mundial Qatar 2022.<\/p>\n<div class=\"embed\">\n<div class=\"inner-art\">\n<div class=\"clear\"><\/div>\n<\/div>\n<\/div>\n<p>\u00abUnidos en la esperanza. Gracias querido L\u00f3pez Obrador. Amigos para siempre\u00bb, escribi\u00f3 Fern\u00e1ndez junto al video que public\u00f3 el mexicano.<\/p>\n<p>Anoche, el mandatario mexicano dijo que no quer\u00eda dejar pasar m\u00e1s tiempo para mandar sus buenos deseos a Buenos Aires, y explic\u00f3 por qu\u00e9 desea que la Argentina se corone como triunfadora en este Mundial.<\/p>\n<p>\u00abSer\u00eda un homenaje a (Diego) Maradona, deportista comprometido con los cambios sociales y pol\u00edticos en Am\u00e9rica Latina y en el mundo\u00bb, asever\u00f3.<\/p>\n<p>En segundo lugar, argument\u00f3 que el pa\u00eds \u00abpertenece a nuestra Am\u00e9rica, somos hermanos\u00bb.<\/p>\n<p>Y como tercer punto expres\u00f3: \u00abQuisiera que ganara Argentina porque tambi\u00e9n ser\u00eda un gran reconocimiento a (Lionel) Messi, un futbolista extraordinario\u00bb.<\/p>\n<\/section>\n<\/article>\n<\/div>\n","protected":false},"excerpt":{"rendered":"<p>El presidente Alberto Fern\u00e1ndez salud\u00f3 hoy a la selecci\u00f3n argentina de f\u00fatbol tras su triunfo en el Mundial Qatar 2022 y afirm\u00f3 que \u00abson el ejemplo de que no debemos bajar los brazos\u00bb.<\/p>\n","protected":false},"author":8,"featured_media":102919,"comment_status":"open","ping_status":"open","sticky":false,"template":"","format":"standard","meta":{"fifu_image_url":"","fifu_image_alt":"","footnotes":""},"categories":[16],"tags":[],"class_list":{"0":"post-102935","1":"post","2":"type-post","3":"status-publish","4":"format-standard","5":"has-post-thumbnail","7":"category-politi"},"yoast_head":"<title>Fern\u00e1ndez: la selecci\u00f3n es &quot;el ejemplo de que no debemos bajar los brazos&quot; - Informe Litoral<\/title>\n<meta name=\"robots\" content=\"index, follow, max-snippet:-1, max-image-preview:large, max-video-preview:-1\" \/>\n<link rel=\"canonical\" href=\"https:\/\/informelitoral.com.ar\/fernandez-la-seleccion-es-el-ejemplo-de-que-no-debemos-bajar-los-brazos\/\" \/>\n<meta property=\"og:locale\" content=\"es_ES\" \/>\n<meta property=\"og:type\" content=\"article\" \/>\n<meta property=\"og:title\" content=\"Fern\u00e1ndez: la selecci\u00f3n es &quot;el ejemplo de que no debemos bajar los brazos&quot; - Informe Litoral\" \/>\n<meta property=\"og:description\" content=\"El presidente Alberto Fern\u00e1ndez salud\u00f3 hoy a la selecci\u00f3n argentina de f\u00fatbol tras su triunfo en el Mundial Qatar 2022 y afirm\u00f3 que &quot;son el ejemplo de que no debemos bajar los brazos&quot;.\" \/>\n<meta property=\"og:url\" content=\"https:\/\/informelitoral.com.ar\/fernandez-la-seleccion-es-el-ejemplo-de-que-no-debemos-bajar-los-brazos\/\" \/>\n<meta property=\"og:site_name\" content=\"Informe Litoral\" \/>\n<meta property=\"article:publisher\" content=\"https:\/\/www.facebook.com\/informelitoral\/\" \/>\n<meta property=\"article:published_time\" content=\"2022-12-20T14:00:21+00:00\" \/>\n<meta property=\"article:modified_time\" content=\"2022-12-20T14:01:09+00:00\" \/>\n<meta property=\"og:image\" content=\"https:\/\/informelitoral.com.ar\/%77%70%2d%63%6f%6e%74%65%6e%74\/uploads\/2022\/12\/o_1670448407.jpg\" \/>\n\t<meta property=\"og:image:width\" content=\"800\" \/>\n\t<meta property=\"og:image:height\" content=\"450\" \/>\n\t<meta property=\"og:image:type\" content=\"image\/jpeg\" \/>\n<meta name=\"author\" content=\"Sebastian\" \/>\n<meta name=\"twitter:card\" content=\"summary_large_image\" \/>\n<meta name=\"twitter:creator\" content=\"@InformeLitoral\" \/>\n<meta name=\"twitter:site\" content=\"@InformeLitoral\" \/>\n<meta name=\"twitter:label1\" content=\"Escrito por\" \/>\n\t<meta name=\"twitter:data1\" content=\"Sebastian\" \/>\n\t<meta name=\"twitter:label2\" content=\"Tiempo de lectura\" \/>\n\t<meta name=\"twitter:data2\" content=\"1 minuto\" \/>\n<script type=\"application\/ld+json\" class=\"yoast-schema-graph\">{\"@context\":\"https:\\\/\\\/schema.org\",\"@graph\":[{\"@type\":\"Article\",\"@id\":\"https:\\\/\\\/informelitoral.com.ar\\\/fernandez-la-seleccion-es-el-ejemplo-de-que-no-debemos-bajar-los-brazos\\\/#article\",\"isPartOf\":{\"@id\":\"https:\\\/\\\/informelitoral.com.ar\\\/fernandez-la-seleccion-es-el-ejemplo-de-que-no-debemos-bajar-los-brazos\\\/\"},\"author\":{\"name\":\"Sebastian\",\"@id\":\"https:\\\/\\\/informelitoral.com.ar\\\/#\\\/schema\\\/person\\\/f05f9f461677119578717524b127d6d5\"},\"headline\":\"Fern\u00e1ndez: la selecci\u00f3n es \u00abel ejemplo de que no debemos bajar los brazos\u00bb\",\"datePublished\":\"2022-12-20T14:00:21+00:00\",\"dateModified\":\"2022-12-20T14:01:09+00:00\",\"mainEntityOfPage\":{\"@id\":\"https:\\\/\\\/informelitoral.com.ar\\\/fernandez-la-seleccion-es-el-ejemplo-de-que-no-debemos-bajar-los-brazos\\\/\"},\"wordCount\":236,\"commentCount\":0,\"publisher\":{\"@id\":\"https:\\\/\\\/informelitoral.com.ar\\\/#organization\"},\"image\":{\"@id\":\"https:\\\/\\\/informelitoral.com.ar\\\/fernandez-la-seleccion-es-el-ejemplo-de-que-no-debemos-bajar-los-brazos\\\/#primaryimage\"},\"thumbnailUrl\":\"https:\\\/\\\/informelitoral.com.ar\\\/%77%70%2d%63%6f%6e%74%65%6e%74\\\/uploads\\\/2022\\\/12\\\/o_1670448407.jpg\",\"articleSection\":[\"Politica\"],\"inLanguage\":\"es\",\"potentialAction\":[{\"@type\":\"CommentAction\",\"name\":\"Comment\",\"target\":[\"https:\\\/\\\/informelitoral.com.ar\\\/fernandez-la-seleccion-es-el-ejemplo-de-que-no-debemos-bajar-los-brazos\\\/#respond\"]}]},{\"@type\":\"WebPage\",\"@id\":\"https:\\\/\\\/informelitoral.com.ar\\\/fernandez-la-seleccion-es-el-ejemplo-de-que-no-debemos-bajar-los-brazos\\\/\",\"url\":\"https:\\\/\\\/informelitoral.com.ar\\\/fernandez-la-seleccion-es-el-ejemplo-de-que-no-debemos-bajar-los-brazos\\\/\",\"name\":\"Fern\u00e1ndez: la selecci\u00f3n es \\\"el ejemplo de que no debemos bajar los brazos\\\" - Informe Litoral\",\"isPartOf\":{\"@id\":\"https:\\\/\\\/informelitoral.com.ar\\\/#website\"},\"primaryImageOfPage\":{\"@id\":\"https:\\\/\\\/informelitoral.com.ar\\\/fernandez-la-seleccion-es-el-ejemplo-de-que-no-debemos-bajar-los-brazos\\\/#primaryimage\"},\"image\":{\"@id\":\"https:\\\/\\\/informelitoral.com.ar\\\/fernandez-la-seleccion-es-el-ejemplo-de-que-no-debemos-bajar-los-brazos\\\/#primaryimage\"},\"thumbnailUrl\":\"https:\\\/\\\/informelitoral.com.ar\\\/%77%70%2d%63%6f%6e%74%65%6e%74\\\/uploads\\\/2022\\\/12\\\/o_1670448407.jpg\",\"datePublished\":\"2022-12-20T14:00:21+00:00\",\"dateModified\":\"2022-12-20T14:01:09+00:00\",\"breadcrumb\":{\"@id\":\"https:\\\/\\\/informelitoral.com.ar\\\/fernandez-la-seleccion-es-el-ejemplo-de-que-no-debemos-bajar-los-brazos\\\/#breadcrumb\"},\"inLanguage\":\"es\",\"potentialAction\":[{\"@type\":\"ReadAction\",\"target\":[\"https:\\\/\\\/informelitoral.com.ar\\\/fernandez-la-seleccion-es-el-ejemplo-de-que-no-debemos-bajar-los-brazos\\\/\"]}]},{\"@type\":\"ImageObject\",\"inLanguage\":\"es\",\"@id\":\"https:\\\/\\\/informelitoral.com.ar\\\/fernandez-la-seleccion-es-el-ejemplo-de-que-no-debemos-bajar-los-brazos\\\/#primaryimage\",\"url\":\"https:\\\/\\\/informelitoral.com.ar\\\/%77%70%2d%63%6f%6e%74%65%6e%74\\\/uploads\\\/2022\\\/12\\\/o_1670448407.jpg\",\"contentUrl\":\"https:\\\/\\\/informelitoral.com.ar\\\/%77%70%2d%63%6f%6e%74%65%6e%74\\\/uploads\\\/2022\\\/12\\\/o_1670448407.jpg\",\"width\":800,\"height\":450},{\"@type\":\"BreadcrumbList\",\"@id\":\"https:\\\/\\\/informelitoral.com.ar\\\/fernandez-la-seleccion-es-el-ejemplo-de-que-no-debemos-bajar-los-brazos\\\/#breadcrumb\",\"itemListElement\":[{\"@type\":\"ListItem\",\"position\":1,\"name\":\"Portada\",\"item\":\"https:\\\/\\\/informelitoral.com.ar\\\/\"},{\"@type\":\"ListItem\",\"position\":2,\"name\":\"Fern\u00e1ndez: la selecci\u00f3n es \u00abel ejemplo de que no debemos bajar los brazos\u00bb\"}]},{\"@type\":\"WebSite\",\"@id\":\"https:\\\/\\\/informelitoral.com.ar\\\/#website\",\"url\":\"https:\\\/\\\/informelitoral.com.ar\\\/\",\"name\":\"Informe Litoral\",\"description\":\"&quot;Nos informamos&quot; \",\"publisher\":{\"@id\":\"https:\\\/\\\/informelitoral.com.ar\\\/#organization\"},\"potentialAction\":[{\"@type\":\"SearchAction\",\"target\":{\"@type\":\"EntryPoint\",\"urlTemplate\":\"https:\\\/\\\/informelitoral.com.ar\\\/?s={search_term_string}\"},\"query-input\":{\"@type\":\"PropertyValueSpecification\",\"valueRequired\":true,\"valueName\":\"search_term_string\"}}],\"inLanguage\":\"es\"},{\"@type\":\"Organization\",\"@id\":\"https:\\\/\\\/informelitoral.com.ar\\\/#organization\",\"name\":\"Informe Litoral\",\"url\":\"https:\\\/\\\/informelitoral.com.ar\\\/\",\"logo\":{\"@type\":\"ImageObject\",\"inLanguage\":\"es\",\"@id\":\"https:\\\/\\\/informelitoral.com.ar\\\/#\\\/schema\\\/logo\\\/image\\\/\",\"url\":\"https:\\\/\\\/informelitoral.com.ar\\\/%77%70%2d%63%6f%6e%74%65%6e%74\\\/uploads\\\/2021\\\/01\\\/circulo.png\",\"contentUrl\":\"https:\\\/\\\/informelitoral.com.ar\\\/%77%70%2d%63%6f%6e%74%65%6e%74\\\/uploads\\\/2021\\\/01\\\/circulo.png\",\"width\":723,\"height\":731,\"caption\":\"Informe Litoral\"},\"image\":{\"@id\":\"https:\\\/\\\/informelitoral.com.ar\\\/#\\\/schema\\\/logo\\\/image\\\/\"},\"sameAs\":[\"https:\\\/\\\/www.facebook.com\\\/informelitoral\\\/\",\"https:\\\/\\\/x.com\\\/InformeLitoral\",\"https:\\\/\\\/www.instagram.com\\\/informelitoral\\\/\",\"https:\\\/\\\/www.youtube.com\\\/channel\\\/UCua4Qvz8Icb6MYqhoq9xLXw\"]},{\"@type\":\"Person\",\"@id\":\"https:\\\/\\\/informelitoral.com.ar\\\/#\\\/schema\\\/person\\\/f05f9f461677119578717524b127d6d5\",\"name\":\"Sebastian\",\"image\":{\"@type\":\"ImageObject\",\"inLanguage\":\"es\",\"@id\":\"https:\\\/\\\/secure.gravatar.com\\\/avatar\\\/b71bf7481d447dfb9583c7f2798e7cc64de6efb9067b74633ed8c31059a3bd82?s=96&d=mm&r=g\",\"url\":\"https:\\\/\\\/secure.gravatar.com\\\/avatar\\\/b71bf7481d447dfb9583c7f2798e7cc64de6efb9067b74633ed8c31059a3bd82?s=96&d=mm&r=g\",\"contentUrl\":\"https:\\\/\\\/secure.gravatar.com\\\/avatar\\\/b71bf7481d447dfb9583c7f2798e7cc64de6efb9067b74633ed8c31059a3bd82?s=96&d=mm&r=g\",\"caption\":\"Sebastian\"},\"url\":\"https:\\\/\\\/informelitoral.com.ar\\\/author\\\/sebastian\\\/\"}]}<\/script>","yoast_head_json":{"title":"Fern\u00e1ndez: la selecci\u00f3n es \"el ejemplo de que no debemos bajar los brazos\" - Informe Litoral","robots":{"index":"index","follow":"follow","max-snippet":"max-snippet:-1","max-image-preview":"max-image-preview:large","max-video-preview":"max-video-preview:-1"},"canonical":"https:\/\/informelitoral.com.ar\/fernandez-la-seleccion-es-el-ejemplo-de-que-no-debemos-bajar-los-brazos\/","og_locale":"es_ES","og_type":"article","og_title":"Fern\u00e1ndez: la selecci\u00f3n es \"el ejemplo de que no debemos bajar los brazos\" - Informe Litoral","og_description":"El presidente Alberto Fern\u00e1ndez salud\u00f3 hoy a la selecci\u00f3n argentina de f\u00fatbol tras su triunfo en el Mundial Qatar 2022 y afirm\u00f3 que \"son el ejemplo de que no debemos bajar los brazos\".","og_url":"https:\/\/informelitoral.com.ar\/fernandez-la-seleccion-es-el-ejemplo-de-que-no-debemos-bajar-los-brazos\/","og_site_name":"Informe Litoral","article_publisher":"https:\/\/www.facebook.com\/informelitoral\/","article_published_time":"2022-12-20T14:00:21+00:00","article_modified_time":"2022-12-20T14:01:09+00:00","og_image":[{"width":800,"height":450,"url":"https:\/\/informelitoral.com.ar\/%77%70%2d%63%6f%6e%74%65%6e%74\/uploads\/2022\/12\/o_1670448407.jpg","type":"image\/jpeg"}],"author":"Sebastian","twitter_card":"summary_large_image","twitter_creator":"@InformeLitoral","twitter_site":"@InformeLitoral","twitter_misc":{"Escrito por":"Sebastian","Tiempo de lectura":"1 minuto"},"schema":{"@context":"https:\/\/schema.org","@graph":[{"@type":"Article","@id":"https:\/\/informelitoral.com.ar\/fernandez-la-seleccion-es-el-ejemplo-de-que-no-debemos-bajar-los-brazos\/#article","isPartOf":{"@id":"https:\/\/informelitoral.com.ar\/fernandez-la-seleccion-es-el-ejemplo-de-que-no-debemos-bajar-los-brazos\/"},"author":{"name":"Sebastian","@id":"https:\/\/informelitoral.com.ar\/#\/schema\/person\/f05f9f461677119578717524b127d6d5"},"headline":"Fern\u00e1ndez: la selecci\u00f3n es \u00abel ejemplo de que no debemos bajar los brazos\u00bb","datePublished":"2022-12-20T14:00:21+00:00","dateModified":"2022-12-20T14:01:09+00:00","mainEntityOfPage":{"@id":"https:\/\/informelitoral.com.ar\/fernandez-la-seleccion-es-el-ejemplo-de-que-no-debemos-bajar-los-brazos\/"},"wordCount":236,"commentCount":0,"publisher":{"@id":"https:\/\/informelitoral.com.ar\/#organization"},"image":{"@id":"https:\/\/informelitoral.com.ar\/fernandez-la-seleccion-es-el-ejemplo-de-que-no-debemos-bajar-los-brazos\/#primaryimage"},"thumbnailUrl":"https:\/\/informelitoral.com.ar\/%77%70%2d%63%6f%6e%74%65%6e%74\/uploads\/2022\/12\/o_1670448407.jpg","articleSection":["Politica"],"inLanguage":"es","potentialAction":[{"@type":"CommentAction","name":"Comment","target":["https:\/\/informelitoral.com.ar\/fernandez-la-seleccion-es-el-ejemplo-de-que-no-debemos-bajar-los-brazos\/#respond"]}]},{"@type":"WebPage","@id":"https:\/\/informelitoral.com.ar\/fernandez-la-seleccion-es-el-ejemplo-de-que-no-debemos-bajar-los-brazos\/","url":"https:\/\/informelitoral.com.ar\/fernandez-la-seleccion-es-el-ejemplo-de-que-no-debemos-bajar-los-brazos\/","name":"Fern\u00e1ndez: la selecci\u00f3n es \"el ejemplo de que no debemos bajar los brazos\" - Informe Litoral","isPartOf":{"@id":"https:\/\/informelitoral.com.ar\/#website"},"primaryImageOfPage":{"@id":"https:\/\/informelitoral.com.ar\/fernandez-la-seleccion-es-el-ejemplo-de-que-no-debemos-bajar-los-brazos\/#primaryimage"},"image":{"@id":"https:\/\/informelitoral.com.ar\/fernandez-la-seleccion-es-el-ejemplo-de-que-no-debemos-bajar-los-brazos\/#primaryimage"},"thumbnailUrl":"https:\/\/informelitoral.com.ar\/%77%70%2d%63%6f%6e%74%65%6e%74\/uploads\/2022\/12\/o_1670448407.jpg","datePublished":"2022-12-20T14:00:21+00:00","dateModified":"2022-12-20T14:01:09+00:00","breadcrumb":{"@id":"https:\/\/informelitoral.com.ar\/fernandez-la-seleccion-es-el-ejemplo-de-que-no-debemos-bajar-los-brazos\/#breadcrumb"},"inLanguage":"es","potentialAction":[{"@type":"ReadAction","target":["https:\/\/informelitoral.com.ar\/fernandez-la-seleccion-es-el-ejemplo-de-que-no-debemos-bajar-los-brazos\/"]}]},{"@type":"ImageObject","inLanguage":"es","@id":"https:\/\/informelitoral.com.ar\/fernandez-la-seleccion-es-el-ejemplo-de-que-no-debemos-bajar-los-brazos\/#primaryimage","url":"https:\/\/informelitoral.com.ar\/%77%70%2d%63%6f%6e%74%65%6e%74\/uploads\/2022\/12\/o_1670448407.jpg","contentUrl":"https:\/\/informelitoral.com.ar\/%77%70%2d%63%6f%6e%74%65%6e%74\/uploads\/2022\/12\/o_1670448407.jpg","width":800,"height":450},{"@type":"BreadcrumbList","@id":"https:\/\/informelitoral.com.ar\/fernandez-la-seleccion-es-el-ejemplo-de-que-no-debemos-bajar-los-brazos\/#breadcrumb","itemListElement":[{"@type":"ListItem","position":1,"name":"Portada","item":"https:\/\/informelitoral.com.ar\/"},{"@type":"ListItem","position":2,"name":"Fern\u00e1ndez: la selecci\u00f3n es \u00abel ejemplo de que no debemos bajar los brazos\u00bb"}]},{"@type":"WebSite","@id":"https:\/\/informelitoral.com.ar\/#website","url":"https:\/\/informelitoral.com.ar\/","name":"Informe Litoral","description":"&quot;Nos informamos&quot; ","publisher":{"@id":"https:\/\/informelitoral.com.ar\/#organization"},"potentialAction":[{"@type":"SearchAction","target":{"@type":"EntryPoint","urlTemplate":"https:\/\/informelitoral.com.ar\/?s={search_term_string}"},"query-input":{"@type":"PropertyValueSpecification","valueRequired":true,"valueName":"search_term_string"}}],"inLanguage":"es"},{"@type":"Organization","@id":"https:\/\/informelitoral.com.ar\/#organization","name":"Informe Litoral","url":"https:\/\/informelitoral.com.ar\/","logo":{"@type":"ImageObject","inLanguage":"es","@id":"https:\/\/informelitoral.com.ar\/#\/schema\/logo\/image\/","url":"https:\/\/informelitoral.com.ar\/%77%70%2d%63%6f%6e%74%65%6e%74\/uploads\/2021\/01\/circulo.png","contentUrl":"https:\/\/informelitoral.com.ar\/%77%70%2d%63%6f%6e%74%65%6e%74\/uploads\/2021\/01\/circulo.png","width":723,"height":731,"caption":"Informe Litoral"},"image":{"@id":"https:\/\/informelitoral.com.ar\/#\/schema\/logo\/image\/"},"sameAs":["https:\/\/www.facebook.com\/informelitoral\/","https:\/\/x.com\/InformeLitoral","https:\/\/www.instagram.com\/informelitoral\/","https:\/\/www.youtube.com\/channel\/UCua4Qvz8Icb6MYqhoq9xLXw"]},{"@type":"Person","@id":"https:\/\/informelitoral.com.ar\/#\/schema\/person\/f05f9f461677119578717524b127d6d5","name":"Sebastian","image":{"@type":"ImageObject","inLanguage":"es","@id":"https:\/\/secure.gravatar.com\/avatar\/b71bf7481d447dfb9583c7f2798e7cc64de6efb9067b74633ed8c31059a3bd82?s=96&d=mm&r=g","url":"https:\/\/secure.gravatar.com\/avatar\/b71bf7481d447dfb9583c7f2798e7cc64de6efb9067b74633ed8c31059a3bd82?s=96&d=mm&r=g","contentUrl":"https:\/\/secure.gravatar.com\/avatar\/b71bf7481d447dfb9583c7f2798e7cc64de6efb9067b74633ed8c31059a3bd82?s=96&d=mm&r=g","caption":"Sebastian"},"url":"https:\/\/informelitoral.com.ar\/author\/sebastian\/"}]}},"_links":{"self":[{"href":"https:\/\/informelitoral.com.ar\/%77%70%2d%6a%73%6f%6e\/wp\/v2\/posts\/102935","targetHints":{"allow":["GET"]}}],"collection":[{"href":"https:\/\/informelitoral.com.ar\/%77%70%2d%6a%73%6f%6e\/wp\/v2\/posts"}],"about":[{"href":"https:\/\/informelitoral.com.ar\/%77%70%2d%6a%73%6f%6e\/wp\/v2\/types\/post"}],"author":[{"embeddable":true,"href":"https:\/\/informelitoral.com.ar\/%77%70%2d%6a%73%6f%6e\/wp\/v2\/users\/8"}],"replies":[{"embeddable":true,"href":"https:\/\/informelitoral.com.ar\/%77%70%2d%6a%73%6f%6e\/wp\/v2\/comments?post=102935"}],"version-history":[{"count":0,"href":"https:\/\/informelitoral.com.ar\/%77%70%2d%6a%73%6f%6e\/wp\/v2\/posts\/102935\/revisions"}],"wp:featuredmedia":[{"embeddable":true,"href":"https:\/\/informelitoral.com.ar\/%77%70%2d%6a%73%6f%6e\/wp\/v2\/media\/102919"}],"wp:attachment":[{"href":"https:\/\/informelitoral.com.ar\/%77%70%2d%6a%73%6f%6e\/wp\/v2\/media?parent=102935"}],"wp:term":[{"taxonomy":"category","embeddable":true,"href":"https:\/\/informelitoral.com.ar\/%77%70%2d%6a%73%6f%6e\/wp\/v2\/categories?post=102935"},{"taxonomy":"post_tag","embeddable":true,"href":"https:\/\/informelitoral.com.ar\/%77%70%2d%6a%73%6f%6e\/wp\/v2\/tags?post=102935"}],"curies":[{"name":"wp","href":"https:\/\/api.w.org\/{rel}","templated":true}]}}