{"id":102861,"date":"2022-12-20T10:24:38","date_gmt":"2022-12-20T13:24:38","guid":{"rendered":"https:\/\/www.informelitoral.com.ar\/?p=102861"},"modified":"2022-12-20T17:28:07","modified_gmt":"2022-12-20T20:28:07","slug":"la-ramirense-maitena-riffel-que-conmovio-por-su-historia-a-la-mama-de-messi","status":"publish","type":"post","link":"https:\/\/informelitoral.com.ar\/la-ramirense-maitena-riffel-que-conmovio-por-su-historia-a-la-mama-de-messi\/","title":{"rendered":"La ramirense Maitena Riffel que conmovi\u00f3 por su historia a la mam\u00e1 de Messi"},"content":{"rendered":"<p class=\"paragraph\"><b>Maitena Riffel<\/b><b>\u00a0<\/b>tiene 20 a\u00f1os y decidi\u00f3 emigrar para trabajar durante el\u00a0<b>Mundial\u00a0<\/b>en uno de los hoteles m\u00e1s prestigiosos de\u00a0<b>Qatar<\/b>. Con gran esfuerzo junt\u00f3 dinero y pudo comprar<b>\u00a0entradas para varios partidos de la\u00a0<\/b><b>Selecci\u00f3n<\/b><b>.<\/b><\/p>\n<p class=\"paragraph\">La joven entrerriana cont\u00f3 su historia <b>el 16 de diciembre<\/b>\u00a0-en la v\u00edspera de la final-<b>\u00a0<\/b>y la viralizaci\u00f3n permiti\u00f3 que<b>\u00a0le llegara a la familia de Lionel Messi<\/b>\u00a0a tal punto que\u00a0<b>Celia<\/b>, la mam\u00e1 del capit\u00e1n de Argentina, vio la nota y\u00a0<b>le escribi\u00f3 para regalarle una entrada para la final frente a Francia.<\/b><\/p>\n<p class=\"paragraph\">\u201cMi mam\u00e1 ley\u00f3 sobre vos en alg\u00fan medio de Argentina. \u00bfMe podr\u00edas pasar un n\u00famero para que se pueda contactar con vos?\u201d, fue el mensaje que le lleg\u00f3 a Maitena a trav\u00e9s de Instagram el s\u00e1bado. Quien le hab\u00eda mandado el sorpresivo texto fue Mar\u00eda Sol Messi, la hermana del astro.<\/p>\n<figure class=\"\">\n<div class=\"aspect_ratio__container\">\n<picture class=\"responsive-image\"><source srcset=\"https:\/\/tn.com.ar\/resizer\/Ggl6JQkfHFbosUeCNyiBXiMaqkw=\/767x0\/smart\/filters:format(webp)\/cloudfront-us-east-1.images.arcpublishing.com\/artear\/WHNTNSNB3BFPRJAV3DLAK2XOUU.jpeg\" type=\"image\/jpg\" media=\"(max-width: 728px)\" \/><source srcset=\"https:\/\/tn.com.ar\/resizer\/RAyKtj90jj8VQszUDbmL7rlHID0=\/1023x0\/smart\/filters:format(webp)\/cloudfront-us-east-1.images.arcpublishing.com\/artear\/WHNTNSNB3BFPRJAV3DLAK2XOUU.jpeg\" type=\"image\/jpg\" media=\"(max-width: 1023px)\" \/><source srcset=\"https:\/\/tn.com.ar\/resizer\/RWP5dyj-8NnUfA_PxaP_w3YWlys=\/1440x0\/smart\/filters:format(webp)\/cloudfront-us-east-1.images.arcpublishing.com\/artear\/WHNTNSNB3BFPRJAV3DLAK2XOUU.jpeg\" type=\"image\/jpg\" \/><\/picture>\n<figure style=\"width: 1440px\" class=\"wp-caption aligncenter\"><img loading=\"lazy\" decoding=\"async\" class=\"margin_bottom image flex flex_column image_placeholder\" src=\"https:\/\/tn.com.ar\/resizer\/Ggl6JQkfHFbosUeCNyiBXiMaqkw=\/767x0\/smart\/filters:format(webp)\/cloudfront-us-east-1.images.arcpublishing.com\/artear\/WHNTNSNB3BFPRJAV3DLAK2XOUU.jpeg\" alt=\"El mensaje de Mar\u00eda Sol Messi. (Foto: captura)\" width=\"1440\" height=\"2477\" \/><figcaption class=\"wp-caption-text\">El mensaje de Mar\u00eda Sol Messi. (Foto: captura)<\/figcaption><\/figure>\n<\/div><figcaption class=\"flex flex_column caption_image\"><\/figcaption><\/figure>\n<p class=\"paragraph\">Fue a partir de all\u00ed cuando todo empez\u00f3 a hacerse realidad y el mensaje esperado lleg\u00f3.\u00a0<b>\u201cHola Maitena! Soy Celia, la mam\u00e1 de Leo. Le\u00ed sobre vos y me conmovi\u00f3. \u00bfTen\u00e9s entrada para ma\u00f1ana?\u201d<\/b>,<b>\u00a0<\/b>pregunt\u00f3 la madre del diez.<\/p>\n<p class=\"paragraph\">Enseguida le avis\u00f3 que ten\u00eda una entrada para ella y arregl\u00f3 para d\u00e1rsela. El encargado de tal misi\u00f3n fue, Rodrigo, el hermano de Lionel, quien hasta se sac\u00f3 una foto con la joven y el ticket.\u00a0<b>\u201cA esa altura ya no sab\u00eda qu\u00e9 m\u00e1s hacer\u201d,<\/b>\u00a0expres\u00f3 la chica.<\/p>\n<p class=\"paragraph\">\u201cHablamos por WhatsApp y le cont\u00e9 un poco de mi historia. En mayo,\u00a0<b>mi novio<\/b>, con el que estuvo durante 5 a\u00f1os,\u00a0<b>falleci\u00f3 en un accidente<\/b>\u00a0y este viaje se convirti\u00f3 en un viaje donde yo quer\u00eda sanar, conectar conmigo devuelta porque en Argentina estaba muy mal\u201d, aclar\u00f3 la joven a\u00a0<em>TN.<\/em><\/p>\n<figure class=\"\">\n<div class=\"aspect_ratio__container\">\n<picture class=\"responsive-image\"><source srcset=\"https:\/\/tn.com.ar\/resizer\/r4_TQSwvk1zhR_TEVf_qcWH_Kdw=\/767x0\/smart\/filters:format(webp)\/cloudfront-us-east-1.images.arcpublishing.com\/artear\/UFUBP2GSRZELLGRALUBRD6GTYI.jpeg\" type=\"image\/jpg\" media=\"(max-width: 728px)\" \/><source srcset=\"https:\/\/tn.com.ar\/resizer\/qLtPLddRl43K5Ox-2HXJacOBfQo=\/1023x0\/smart\/filters:format(webp)\/cloudfront-us-east-1.images.arcpublishing.com\/artear\/UFUBP2GSRZELLGRALUBRD6GTYI.jpeg\" type=\"image\/jpg\" media=\"(max-width: 1023px)\" \/><source srcset=\"https:\/\/tn.com.ar\/resizer\/EM2UdwbZZr-32JonkcqrZZQWpUw=\/1440x0\/smart\/filters:format(webp)\/cloudfront-us-east-1.images.arcpublishing.com\/artear\/UFUBP2GSRZELLGRALUBRD6GTYI.jpeg\" type=\"image\/jpg\" \/><\/picture>\n<figure style=\"width: 1440px\" class=\"wp-caption aligncenter\"><img loading=\"lazy\" decoding=\"async\" class=\"margin_bottom image flex flex_column image_placeholder\" src=\"https:\/\/tn.com.ar\/resizer\/r4_TQSwvk1zhR_TEVf_qcWH_Kdw=\/767x0\/smart\/filters:format(webp)\/cloudfront-us-east-1.images.arcpublishing.com\/artear\/UFUBP2GSRZELLGRALUBRD6GTYI.jpeg\" alt=\"El encuentro con el hermano del diez. (Foto: captura)\" width=\"1440\" height=\"2515\" \/><figcaption class=\"wp-caption-text\">El encuentro con el hermano del diez. (Foto: captura)<\/figcaption><\/figure>\n<\/div><figcaption class=\"flex flex_column caption_image\"><\/figcaption><\/figure>\n<p class=\"paragraph\">En el mismo sentido cont\u00f3 que el viaje tuvo muchos momentos lindos, pero este \u00faltimo se llev\u00f3 el podio. \u201cCuando me pas\u00f3 esto yo dije<b>\u00a0\u2018me lo mando mi novio\u2019<\/b>, no tiene otra explicaci\u00f3n, somos muchos argentinos en Doha y no puede ser que me est\u00e9 pasando a mi\u201d.<\/p>\n<p class=\"paragraph\">Maitena reconoci\u00f3 que Celia se emocion\u00f3 con su historia y le dijo unas sentidas palabras.<b>\u00a0\u201cEs un amor, muy humilde y simp\u00e1tica\u201d<\/b>, sostuvo. \u201cSiento que sigo so\u00f1ando y nada de esto est\u00e1 pasando. Pero s\u00ed, estoy en Qatar y estuve en el estadio viendo la final del mundo\u201d, escribi\u00f3 la chica y les dedic\u00f3 unas sentidas palabras a la familia Messi: \u201c<b>Gracias por aparecer en mi vida y por permitirme ver ese partido. Por siempre en mi coraz\u00f3n\u201d.<\/b><\/p>\n<h2 class=\"font--primary\"><strong>La historia de Maitena que conmovi\u00f3 a la mam\u00e1 de Messi<\/strong><\/h2>\n<p class=\"paragraph\">A\u00a0<b>Maitena Riffel\u00a0<\/b>fueron varios los factores que la impulsaron a abandonar su ciudad natal para emigrar, al menos por cuatro meses, y\u00a0<b>trabajar durante el Mundial en uno de los hoteles m\u00e1s prestigiosos de Qatar.<\/b><\/p>\n<p class=\"paragraph\">La joven de 20 a\u00f1os, estudiante de Medicina en la Universidad Nacional de Rosario, busc\u00f3 en agosto de 2021 realizar un intercambio que le permitiese<b>\u00a0conocer otra cultura, viajar por el mundo y continuar form\u00e1ndose en su carrera.<\/b><\/p>\n<p class=\"paragraph\">\u201cMe contact\u00e9 con una empresa de Buenos Aires y no ten\u00edan nada relacionado a lo m\u00edo. Uno de los que s\u00ed ten\u00edan era\u00a0<b>un intercambio para venir a Doha.<\/b> Me gust\u00f3 porque era algo corto, que era lo que yo quer\u00eda, y adem\u00e1s pod\u00eda vivir el Mundial\u201d, cont\u00f3 Maitena.<\/p>\n<figure class=\"\">\n<div class=\"aspect_ratio__container\"><picture class=\"responsive-image\"><source srcset=\"https:\/\/tn.com.ar\/resizer\/pCLVpNvUKgL9wTpdaQ7qmZYlzN0=\/767x0\/smart\/filters:format(webp)\/cloudfront-us-east-1.images.arcpublishing.com\/artear\/QX4QC6YPTRAM7KBHN6IK5QD4FQ.jpg\" type=\"image\/jpg\" media=\"(max-width: 728px)\" \/><source srcset=\"https:\/\/tn.com.ar\/resizer\/wErfuqeSuv0YHdVwNIEQw3Tag2M=\/1023x0\/smart\/filters:format(webp)\/cloudfront-us-east-1.images.arcpublishing.com\/artear\/QX4QC6YPTRAM7KBHN6IK5QD4FQ.jpg\" type=\"image\/jpg\" media=\"(max-width: 1023px)\" \/><source srcset=\"https:\/\/tn.com.ar\/resizer\/3oNbnRi1MTWOxuMMCaAqxGPqU4g=\/1440x0\/smart\/filters:format(webp)\/cloudfront-us-east-1.images.arcpublishing.com\/artear\/QX4QC6YPTRAM7KBHN6IK5QD4FQ.jpg\" type=\"image\/jpg\" \/><img decoding=\"async\" class=\"margin_bottom image flex flex_column image_placeholder\" src=\"https:\/\/tn.com.ar\/resizer\/pCLVpNvUKgL9wTpdaQ7qmZYlzN0=\/767x0\/smart\/filters:format(webp)\/cloudfront-us-east-1.images.arcpublishing.com\/artear\/QX4QC6YPTRAM7KBHN6IK5QD4FQ.jpg\" alt=\"Lo vio en TN: la mam\u00e1 de Messi se conmovi\u00f3 con la historia de una argentina y le cumpli\u00f3 el sue\u00f1o de su vida\" \/><\/picture><\/div><figcaption class=\"flex flex_column caption_image\"><\/figcaption><\/figure>\n<p class=\"paragraph\">La nacida en<b>\u00a0General Ram\u00edrez<\/b>, inici\u00f3 en aquel entonces el proceso que le permiti\u00f3 viajar el 20 de septiembre de este a\u00f1o a la capital qatar\u00ed.<\/p>\n<p class=\"paragraph\">\u201cTuve entrevistas evaluatorias en donde se fijaban, principalmente, el nivel de ingl\u00e9s. Me exigieron no tener tatuajes visibles y adem\u00e1s deb\u00eda acreditar que estaba cursando una carrera de grado en Argentina.\u00a0<b>Cuando hice las videollamadas me hicieron mostrarles el brazo, el cuello y las manos\u201d<\/b>, indic\u00f3.<\/p>\n<p class=\"paragraph\">La hija de Roberto \u201cTito\u201d Rifffel y Silvina, narr\u00f3 que su principal prop\u00f3sito era <b>aprovechar el sueldo del hotel y ahorrar en d\u00f3lares para continuar viajando m\u00e1s all\u00e1 del Mundial.<\/b><\/p>\n<figure class=\"\">\n<div class=\"aspect_ratio__container\"><picture class=\"responsive-image\"><source srcset=\"https:\/\/tn.com.ar\/resizer\/FTLIQMQldRVGVSvx0dzhYm5pLGM=\/767x0\/smart\/filters:format(webp)\/cloudfront-us-east-1.images.arcpublishing.com\/artear\/AUHZ33YFFNBFPBKJWMILZXCQGU.jpg\" type=\"image\/jpg\" media=\"(max-width: 728px)\" \/><source srcset=\"https:\/\/tn.com.ar\/resizer\/tYky8d8PcJ7EzQ0ckOI9TtuBsFY=\/1023x0\/smart\/filters:format(webp)\/cloudfront-us-east-1.images.arcpublishing.com\/artear\/AUHZ33YFFNBFPBKJWMILZXCQGU.jpg\" type=\"image\/jpg\" media=\"(max-width: 1023px)\" \/><source srcset=\"https:\/\/tn.com.ar\/resizer\/aS2TQtwa7yb81Som4KY2nUjs038=\/1440x0\/smart\/filters:format(webp)\/cloudfront-us-east-1.images.arcpublishing.com\/artear\/AUHZ33YFFNBFPBKJWMILZXCQGU.jpg\" type=\"image\/jpg\" \/><img decoding=\"async\" class=\"margin_bottom image flex flex_column image_placeholder\" src=\"https:\/\/tn.com.ar\/resizer\/FTLIQMQldRVGVSvx0dzhYm5pLGM=\/767x0\/smart\/filters:format(webp)\/cloudfront-us-east-1.images.arcpublishing.com\/artear\/AUHZ33YFFNBFPBKJWMILZXCQGU.jpg\" alt=\"Lo vio en TN: la mam\u00e1 de Messi se conmovi\u00f3 con la historia de una argentina y le cumpli\u00f3 el sue\u00f1o de su vida\" \/><\/picture><\/div><figcaption class=\"flex flex_column caption_image\"><\/figcaption><\/figure>\n<p class=\"paragraph\">\u201cLa propuesta que me hicieron es por cuatro meses, hasta el 27 de enero.\u00a0<b>Me dan alojamiento, comida, seguro m\u00e9dico y transporte. Me pagan US$500 por mes y a eso hay que sumarle la propina y otros US$140,\u00a0<\/b>que son para que te pagues el vuelo de regreso. En total son\u00a0<b>2000 riales qatar\u00edes<\/b>\u201d, explic\u00f3 Maitena.<\/p>\n<p class=\"paragraph\">Dado que los gastos diarios los tiene cubiertos, y que para la mayor\u00eda de las salidas nocturnas tambi\u00e9n suele recibir invitaciones, el ahorro durante los cuatro meses significaba<b>\u00a0una buena oportunidad para continuar el viaje en Europa y Estados Unidos antes de retomar los estudios universitarios.<\/b><\/p>\n<p class=\"paragraph\">Sin embargo, Maitena utiliz\u00f3 parte de su dinero para el pasaje de ida y para pagar las entradas de dos partidos de la Argentina en la fase de grupos y tambi\u00e9n el de octavos (Australia) y cuartos (Pa\u00edses Bajos).\u00a0<b>Todos esos tickets los abon\u00f3 al precio oficial.<\/b><\/p>\n<figure class=\"\">\n<div class=\"aspect_ratio__container\"><picture class=\"responsive-image\"><source srcset=\"https:\/\/tn.com.ar\/resizer\/GaXUVKHgRwnVojxtJVx03iHvHXk=\/767x0\/smart\/filters:format(webp)\/cloudfront-us-east-1.images.arcpublishing.com\/artear\/KQ2OIMZJGRHHZOFGDF5QO3FRFQ.jpg\" type=\"image\/jpg\" media=\"(max-width: 728px)\" \/><source srcset=\"https:\/\/tn.com.ar\/resizer\/p_lwXkvmVRZRnQrmBtYUf7jXAIY=\/1023x0\/smart\/filters:format(webp)\/cloudfront-us-east-1.images.arcpublishing.com\/artear\/KQ2OIMZJGRHHZOFGDF5QO3FRFQ.jpg\" type=\"image\/jpg\" media=\"(max-width: 1023px)\" \/><source srcset=\"https:\/\/tn.com.ar\/resizer\/3OmnOj1cRbuLglr5RURaTOD3ZZ0=\/1440x0\/smart\/filters:format(webp)\/cloudfront-us-east-1.images.arcpublishing.com\/artear\/KQ2OIMZJGRHHZOFGDF5QO3FRFQ.jpg\" type=\"image\/jpg\" \/><img decoding=\"async\" class=\"margin_bottom image flex flex_column image_placeholder\" src=\"https:\/\/tn.com.ar\/resizer\/GaXUVKHgRwnVojxtJVx03iHvHXk=\/767x0\/smart\/filters:format(webp)\/cloudfront-us-east-1.images.arcpublishing.com\/artear\/KQ2OIMZJGRHHZOFGDF5QO3FRFQ.jpg\" alt=\"Lo vio en TN: la mam\u00e1 de Messi se conmovi\u00f3 con la historia de una argentina y le cumpli\u00f3 el sue\u00f1o de su vida\" \/><\/picture><\/div><figcaption class=\"flex flex_column caption_image\"><\/figcaption><\/figure>\n<p class=\"paragraph\">\u201cYo vine enfocada en recaudar la mayor cantidad de dinero, pero\u00a0<b>lleg\u00f3 la semifinal y todos mis ahorros me los gast\u00e9 en la entrada, unos US$800<\/b>. No pod\u00eda dejar de ir a ver a Argentina. Todo lo que puse vali\u00f3 la pena y no lo cambiar\u00eda por nada\u201d, expres\u00f3.<\/p>\n<p class=\"paragraph\">\u201cLa iba a destinar para comprarme unas cosas que ten\u00eda ganas, como cambiar el celular. Tambi\u00e9n para<b>\u00a0seguir viajando y conocer otros pa\u00edses<\/b>. Pero bueno, todav\u00eda me quedan casi un mes y medio para juntar\u201d, precis\u00f3.<\/p>\n<p class=\"paragraph\">Y entonces, cuando faltaba nada para la final, complet\u00f3: \u201cNo me arrepiento ni un poquito, vali\u00f3 la pena. Vivir la semifinal en el estadio no lo cambiar\u00eda por nada.<b>\u00a0Respecto a la final, a\u00fan no s\u00e9 c\u00f3mo voy a hacer.\u00a0<\/b>Me qued\u00f3 algo de presupuesto, que no va a alcanzar, pero quiero conseguir una entrada\u201d. La mam\u00e1 de Leo vio la nota\u00a0y le cumpli\u00f3 el deseo a Maitena.<\/p>\n","protected":false},"excerpt":{"rendered":"<p>Maitena Riffel, oriunda de Gral. Ram\u00edrez tiene 20 a\u00f1os y viaj\u00f3 a Qatar para cumplir su sue\u00f1o del ver el Mundial y trabaj\u00f3 en uno de los hoteles m\u00e1s prestigiosos de ese pa\u00eds.<\/p>\n","protected":false},"author":8,"featured_media":102866,"comment_status":"open","ping_status":"open","sticky":false,"template":"","format":"standard","meta":{"fifu_image_url":"","fifu_image_alt":"","footnotes":""},"categories":[5],"tags":[556,4041,703,27],"class_list":{"0":"post-102861","1":"post","2":"type-post","3":"status-publish","4":"format-standard","5":"has-post-thumbnail","7":"category-zonales","8":"tag-general-ramirez","9":"tag-maitena-riffel","10":"tag-qatar-2022","11":"tag-ramirez"},"yoast_head":"<title>La ramirense Maitena Riffel que conmovi\u00f3 por su historia a la mam\u00e1 de Messi - Informe Litoral<\/title>\n<meta name=\"robots\" content=\"index, follow, max-snippet:-1, max-image-preview:large, max-video-preview:-1\" \/>\n<link rel=\"canonical\" href=\"https:\/\/informelitoral.com.ar\/la-ramirense-maitena-riffel-que-conmovio-por-su-historia-a-la-mama-de-messi\/\" \/>\n<meta property=\"og:locale\" content=\"es_ES\" \/>\n<meta property=\"og:type\" content=\"article\" \/>\n<meta property=\"og:title\" content=\"La ramirense Maitena Riffel que conmovi\u00f3 por su historia a la mam\u00e1 de Messi - Informe Litoral\" \/>\n<meta property=\"og:description\" content=\"Maitena Riffel, oriunda de Gral. Ram\u00edrez tiene 20 a\u00f1os y viaj\u00f3 a Qatar para cumplir su sue\u00f1o del ver el Mundial y trabaj\u00f3 en uno de los hoteles m\u00e1s prestigiosos de ese pa\u00eds.\" \/>\n<meta property=\"og:url\" content=\"https:\/\/informelitoral.com.ar\/la-ramirense-maitena-riffel-que-conmovio-por-su-historia-a-la-mama-de-messi\/\" \/>\n<meta property=\"og:site_name\" content=\"Informe Litoral\" \/>\n<meta property=\"article:publisher\" content=\"https:\/\/www.facebook.com\/informelitoral\/\" \/>\n<meta property=\"article:published_time\" content=\"2022-12-20T13:24:38+00:00\" \/>\n<meta property=\"article:modified_time\" content=\"2022-12-20T20:28:07+00:00\" \/>\n<meta property=\"og:image\" content=\"https:\/\/informelitoral.com.ar\/%77%70%2d%63%6f%6e%74%65%6e%74\/uploads\/2022\/12\/MAITENA.jpg\" \/>\n\t<meta property=\"og:image:width\" content=\"824\" \/>\n\t<meta property=\"og:image:height\" content=\"461\" \/>\n\t<meta property=\"og:image:type\" content=\"image\/jpeg\" \/>\n<meta name=\"author\" content=\"Sebastian\" \/>\n<meta name=\"twitter:card\" content=\"summary_large_image\" \/>\n<meta name=\"twitter:creator\" content=\"@InformeLitoral\" \/>\n<meta name=\"twitter:site\" content=\"@InformeLitoral\" \/>\n<meta name=\"twitter:label1\" content=\"Escrito por\" \/>\n\t<meta name=\"twitter:data1\" content=\"Sebastian\" \/>\n\t<meta name=\"twitter:label2\" content=\"Tiempo de lectura\" \/>\n\t<meta name=\"twitter:data2\" content=\"5 minutos\" \/>\n<script type=\"application\/ld+json\" class=\"yoast-schema-graph\">{\"@context\":\"https:\\\/\\\/schema.org\",\"@graph\":[{\"@type\":\"Article\",\"@id\":\"https:\\\/\\\/informelitoral.com.ar\\\/la-ramirense-maitena-riffel-que-conmovio-por-su-historia-a-la-mama-de-messi\\\/#article\",\"isPartOf\":{\"@id\":\"https:\\\/\\\/informelitoral.com.ar\\\/la-ramirense-maitena-riffel-que-conmovio-por-su-historia-a-la-mama-de-messi\\\/\"},\"author\":{\"name\":\"Sebastian\",\"@id\":\"https:\\\/\\\/informelitoral.com.ar\\\/#\\\/schema\\\/person\\\/f05f9f461677119578717524b127d6d5\"},\"headline\":\"La ramirense Maitena Riffel que conmovi\u00f3 por su historia a la mam\u00e1 de Messi\",\"datePublished\":\"2022-12-20T13:24:38+00:00\",\"dateModified\":\"2022-12-20T20:28:07+00:00\",\"mainEntityOfPage\":{\"@id\":\"https:\\\/\\\/informelitoral.com.ar\\\/la-ramirense-maitena-riffel-que-conmovio-por-su-historia-a-la-mama-de-messi\\\/\"},\"wordCount\":1043,\"commentCount\":0,\"publisher\":{\"@id\":\"https:\\\/\\\/informelitoral.com.ar\\\/#organization\"},\"image\":{\"@id\":\"https:\\\/\\\/informelitoral.com.ar\\\/la-ramirense-maitena-riffel-que-conmovio-por-su-historia-a-la-mama-de-messi\\\/#primaryimage\"},\"thumbnailUrl\":\"https:\\\/\\\/informelitoral.com.ar\\\/%77%70%2d%63%6f%6e%74%65%6e%74\\\/uploads\\\/2022\\\/12\\\/MAITENA.jpg\",\"keywords\":[\"General Ram\u00edrez\",\"Maitena Riffel\",\"Qatar 2022\",\"Ram\u00edrez\"],\"articleSection\":[\"Departamento Diamante\"],\"inLanguage\":\"es\",\"potentialAction\":[{\"@type\":\"CommentAction\",\"name\":\"Comment\",\"target\":[\"https:\\\/\\\/informelitoral.com.ar\\\/la-ramirense-maitena-riffel-que-conmovio-por-su-historia-a-la-mama-de-messi\\\/#respond\"]}]},{\"@type\":\"WebPage\",\"@id\":\"https:\\\/\\\/informelitoral.com.ar\\\/la-ramirense-maitena-riffel-que-conmovio-por-su-historia-a-la-mama-de-messi\\\/\",\"url\":\"https:\\\/\\\/informelitoral.com.ar\\\/la-ramirense-maitena-riffel-que-conmovio-por-su-historia-a-la-mama-de-messi\\\/\",\"name\":\"La ramirense Maitena Riffel que conmovi\u00f3 por su historia a la mam\u00e1 de Messi - Informe Litoral\",\"isPartOf\":{\"@id\":\"https:\\\/\\\/informelitoral.com.ar\\\/#website\"},\"primaryImageOfPage\":{\"@id\":\"https:\\\/\\\/informelitoral.com.ar\\\/la-ramirense-maitena-riffel-que-conmovio-por-su-historia-a-la-mama-de-messi\\\/#primaryimage\"},\"image\":{\"@id\":\"https:\\\/\\\/informelitoral.com.ar\\\/la-ramirense-maitena-riffel-que-conmovio-por-su-historia-a-la-mama-de-messi\\\/#primaryimage\"},\"thumbnailUrl\":\"https:\\\/\\\/informelitoral.com.ar\\\/%77%70%2d%63%6f%6e%74%65%6e%74\\\/uploads\\\/2022\\\/12\\\/MAITENA.jpg\",\"datePublished\":\"2022-12-20T13:24:38+00:00\",\"dateModified\":\"2022-12-20T20:28:07+00:00\",\"breadcrumb\":{\"@id\":\"https:\\\/\\\/informelitoral.com.ar\\\/la-ramirense-maitena-riffel-que-conmovio-por-su-historia-a-la-mama-de-messi\\\/#breadcrumb\"},\"inLanguage\":\"es\",\"potentialAction\":[{\"@type\":\"ReadAction\",\"target\":[\"https:\\\/\\\/informelitoral.com.ar\\\/la-ramirense-maitena-riffel-que-conmovio-por-su-historia-a-la-mama-de-messi\\\/\"]}]},{\"@type\":\"ImageObject\",\"inLanguage\":\"es\",\"@id\":\"https:\\\/\\\/informelitoral.com.ar\\\/la-ramirense-maitena-riffel-que-conmovio-por-su-historia-a-la-mama-de-messi\\\/#primaryimage\",\"url\":\"https:\\\/\\\/informelitoral.com.ar\\\/%77%70%2d%63%6f%6e%74%65%6e%74\\\/uploads\\\/2022\\\/12\\\/MAITENA.jpg\",\"contentUrl\":\"https:\\\/\\\/informelitoral.com.ar\\\/%77%70%2d%63%6f%6e%74%65%6e%74\\\/uploads\\\/2022\\\/12\\\/MAITENA.jpg\",\"width\":824,\"height\":461},{\"@type\":\"BreadcrumbList\",\"@id\":\"https:\\\/\\\/informelitoral.com.ar\\\/la-ramirense-maitena-riffel-que-conmovio-por-su-historia-a-la-mama-de-messi\\\/#breadcrumb\",\"itemListElement\":[{\"@type\":\"ListItem\",\"position\":1,\"name\":\"Portada\",\"item\":\"https:\\\/\\\/informelitoral.com.ar\\\/\"},{\"@type\":\"ListItem\",\"position\":2,\"name\":\"La ramirense Maitena Riffel que conmovi\u00f3 por su historia a la mam\u00e1 de Messi\"}]},{\"@type\":\"WebSite\",\"@id\":\"https:\\\/\\\/informelitoral.com.ar\\\/#website\",\"url\":\"https:\\\/\\\/informelitoral.com.ar\\\/\",\"name\":\"Informe Litoral\",\"description\":\"&quot;Nos informamos&quot; \",\"publisher\":{\"@id\":\"https:\\\/\\\/informelitoral.com.ar\\\/#organization\"},\"potentialAction\":[{\"@type\":\"SearchAction\",\"target\":{\"@type\":\"EntryPoint\",\"urlTemplate\":\"https:\\\/\\\/informelitoral.com.ar\\\/?s={search_term_string}\"},\"query-input\":{\"@type\":\"PropertyValueSpecification\",\"valueRequired\":true,\"valueName\":\"search_term_string\"}}],\"inLanguage\":\"es\"},{\"@type\":\"Organization\",\"@id\":\"https:\\\/\\\/informelitoral.com.ar\\\/#organization\",\"name\":\"Informe Litoral\",\"url\":\"https:\\\/\\\/informelitoral.com.ar\\\/\",\"logo\":{\"@type\":\"ImageObject\",\"inLanguage\":\"es\",\"@id\":\"https:\\\/\\\/informelitoral.com.ar\\\/#\\\/schema\\\/logo\\\/image\\\/\",\"url\":\"https:\\\/\\\/informelitoral.com.ar\\\/%77%70%2d%63%6f%6e%74%65%6e%74\\\/uploads\\\/2021\\\/01\\\/circulo.png\",\"contentUrl\":\"https:\\\/\\\/informelitoral.com.ar\\\/%77%70%2d%63%6f%6e%74%65%6e%74\\\/uploads\\\/2021\\\/01\\\/circulo.png\",\"width\":723,\"height\":731,\"caption\":\"Informe Litoral\"},\"image\":{\"@id\":\"https:\\\/\\\/informelitoral.com.ar\\\/#\\\/schema\\\/logo\\\/image\\\/\"},\"sameAs\":[\"https:\\\/\\\/www.facebook.com\\\/informelitoral\\\/\",\"https:\\\/\\\/x.com\\\/InformeLitoral\",\"https:\\\/\\\/www.instagram.com\\\/informelitoral\\\/\",\"https:\\\/\\\/www.youtube.com\\\/channel\\\/UCua4Qvz8Icb6MYqhoq9xLXw\"]},{\"@type\":\"Person\",\"@id\":\"https:\\\/\\\/informelitoral.com.ar\\\/#\\\/schema\\\/person\\\/f05f9f461677119578717524b127d6d5\",\"name\":\"Sebastian\",\"image\":{\"@type\":\"ImageObject\",\"inLanguage\":\"es\",\"@id\":\"https:\\\/\\\/secure.gravatar.com\\\/avatar\\\/b71bf7481d447dfb9583c7f2798e7cc64de6efb9067b74633ed8c31059a3bd82?s=96&d=mm&r=g\",\"url\":\"https:\\\/\\\/secure.gravatar.com\\\/avatar\\\/b71bf7481d447dfb9583c7f2798e7cc64de6efb9067b74633ed8c31059a3bd82?s=96&d=mm&r=g\",\"contentUrl\":\"https:\\\/\\\/secure.gravatar.com\\\/avatar\\\/b71bf7481d447dfb9583c7f2798e7cc64de6efb9067b74633ed8c31059a3bd82?s=96&d=mm&r=g\",\"caption\":\"Sebastian\"},\"url\":\"https:\\\/\\\/informelitoral.com.ar\\\/author\\\/sebastian\\\/\"}]}<\/script>","yoast_head_json":{"title":"La ramirense Maitena Riffel que conmovi\u00f3 por su historia a la mam\u00e1 de Messi - Informe Litoral","robots":{"index":"index","follow":"follow","max-snippet":"max-snippet:-1","max-image-preview":"max-image-preview:large","max-video-preview":"max-video-preview:-1"},"canonical":"https:\/\/informelitoral.com.ar\/la-ramirense-maitena-riffel-que-conmovio-por-su-historia-a-la-mama-de-messi\/","og_locale":"es_ES","og_type":"article","og_title":"La ramirense Maitena Riffel que conmovi\u00f3 por su historia a la mam\u00e1 de Messi - Informe Litoral","og_description":"Maitena Riffel, oriunda de Gral. Ram\u00edrez tiene 20 a\u00f1os y viaj\u00f3 a Qatar para cumplir su sue\u00f1o del ver el Mundial y trabaj\u00f3 en uno de los hoteles m\u00e1s prestigiosos de ese pa\u00eds.","og_url":"https:\/\/informelitoral.com.ar\/la-ramirense-maitena-riffel-que-conmovio-por-su-historia-a-la-mama-de-messi\/","og_site_name":"Informe Litoral","article_publisher":"https:\/\/www.facebook.com\/informelitoral\/","article_published_time":"2022-12-20T13:24:38+00:00","article_modified_time":"2022-12-20T20:28:07+00:00","og_image":[{"width":824,"height":461,"url":"https:\/\/informelitoral.com.ar\/%77%70%2d%63%6f%6e%74%65%6e%74\/uploads\/2022\/12\/MAITENA.jpg","type":"image\/jpeg"}],"author":"Sebastian","twitter_card":"summary_large_image","twitter_creator":"@InformeLitoral","twitter_site":"@InformeLitoral","twitter_misc":{"Escrito por":"Sebastian","Tiempo de lectura":"5 minutos"},"schema":{"@context":"https:\/\/schema.org","@graph":[{"@type":"Article","@id":"https:\/\/informelitoral.com.ar\/la-ramirense-maitena-riffel-que-conmovio-por-su-historia-a-la-mama-de-messi\/#article","isPartOf":{"@id":"https:\/\/informelitoral.com.ar\/la-ramirense-maitena-riffel-que-conmovio-por-su-historia-a-la-mama-de-messi\/"},"author":{"name":"Sebastian","@id":"https:\/\/informelitoral.com.ar\/#\/schema\/person\/f05f9f461677119578717524b127d6d5"},"headline":"La ramirense Maitena Riffel que conmovi\u00f3 por su historia a la mam\u00e1 de Messi","datePublished":"2022-12-20T13:24:38+00:00","dateModified":"2022-12-20T20:28:07+00:00","mainEntityOfPage":{"@id":"https:\/\/informelitoral.com.ar\/la-ramirense-maitena-riffel-que-conmovio-por-su-historia-a-la-mama-de-messi\/"},"wordCount":1043,"commentCount":0,"publisher":{"@id":"https:\/\/informelitoral.com.ar\/#organization"},"image":{"@id":"https:\/\/informelitoral.com.ar\/la-ramirense-maitena-riffel-que-conmovio-por-su-historia-a-la-mama-de-messi\/#primaryimage"},"thumbnailUrl":"https:\/\/informelitoral.com.ar\/%77%70%2d%63%6f%6e%74%65%6e%74\/uploads\/2022\/12\/MAITENA.jpg","keywords":["General Ram\u00edrez","Maitena Riffel","Qatar 2022","Ram\u00edrez"],"articleSection":["Departamento Diamante"],"inLanguage":"es","potentialAction":[{"@type":"CommentAction","name":"Comment","target":["https:\/\/informelitoral.com.ar\/la-ramirense-maitena-riffel-que-conmovio-por-su-historia-a-la-mama-de-messi\/#respond"]}]},{"@type":"WebPage","@id":"https:\/\/informelitoral.com.ar\/la-ramirense-maitena-riffel-que-conmovio-por-su-historia-a-la-mama-de-messi\/","url":"https:\/\/informelitoral.com.ar\/la-ramirense-maitena-riffel-que-conmovio-por-su-historia-a-la-mama-de-messi\/","name":"La ramirense Maitena Riffel que conmovi\u00f3 por su historia a la mam\u00e1 de Messi - Informe Litoral","isPartOf":{"@id":"https:\/\/informelitoral.com.ar\/#website"},"primaryImageOfPage":{"@id":"https:\/\/informelitoral.com.ar\/la-ramirense-maitena-riffel-que-conmovio-por-su-historia-a-la-mama-de-messi\/#primaryimage"},"image":{"@id":"https:\/\/informelitoral.com.ar\/la-ramirense-maitena-riffel-que-conmovio-por-su-historia-a-la-mama-de-messi\/#primaryimage"},"thumbnailUrl":"https:\/\/informelitoral.com.ar\/%77%70%2d%63%6f%6e%74%65%6e%74\/uploads\/2022\/12\/MAITENA.jpg","datePublished":"2022-12-20T13:24:38+00:00","dateModified":"2022-12-20T20:28:07+00:00","breadcrumb":{"@id":"https:\/\/informelitoral.com.ar\/la-ramirense-maitena-riffel-que-conmovio-por-su-historia-a-la-mama-de-messi\/#breadcrumb"},"inLanguage":"es","potentialAction":[{"@type":"ReadAction","target":["https:\/\/informelitoral.com.ar\/la-ramirense-maitena-riffel-que-conmovio-por-su-historia-a-la-mama-de-messi\/"]}]},{"@type":"ImageObject","inLanguage":"es","@id":"https:\/\/informelitoral.com.ar\/la-ramirense-maitena-riffel-que-conmovio-por-su-historia-a-la-mama-de-messi\/#primaryimage","url":"https:\/\/informelitoral.com.ar\/%77%70%2d%63%6f%6e%74%65%6e%74\/uploads\/2022\/12\/MAITENA.jpg","contentUrl":"https:\/\/informelitoral.com.ar\/%77%70%2d%63%6f%6e%74%65%6e%74\/uploads\/2022\/12\/MAITENA.jpg","width":824,"height":461},{"@type":"BreadcrumbList","@id":"https:\/\/informelitoral.com.ar\/la-ramirense-maitena-riffel-que-conmovio-por-su-historia-a-la-mama-de-messi\/#breadcrumb","itemListElement":[{"@type":"ListItem","position":1,"name":"Portada","item":"https:\/\/informelitoral.com.ar\/"},{"@type":"ListItem","position":2,"name":"La ramirense Maitena Riffel que conmovi\u00f3 por su historia a la mam\u00e1 de Messi"}]},{"@type":"WebSite","@id":"https:\/\/informelitoral.com.ar\/#website","url":"https:\/\/informelitoral.com.ar\/","name":"Informe Litoral","description":"&quot;Nos informamos&quot; ","publisher":{"@id":"https:\/\/informelitoral.com.ar\/#organization"},"potentialAction":[{"@type":"SearchAction","target":{"@type":"EntryPoint","urlTemplate":"https:\/\/informelitoral.com.ar\/?s={search_term_string}"},"query-input":{"@type":"PropertyValueSpecification","valueRequired":true,"valueName":"search_term_string"}}],"inLanguage":"es"},{"@type":"Organization","@id":"https:\/\/informelitoral.com.ar\/#organization","name":"Informe Litoral","url":"https:\/\/informelitoral.com.ar\/","logo":{"@type":"ImageObject","inLanguage":"es","@id":"https:\/\/informelitoral.com.ar\/#\/schema\/logo\/image\/","url":"https:\/\/informelitoral.com.ar\/%77%70%2d%63%6f%6e%74%65%6e%74\/uploads\/2021\/01\/circulo.png","contentUrl":"https:\/\/informelitoral.com.ar\/%77%70%2d%63%6f%6e%74%65%6e%74\/uploads\/2021\/01\/circulo.png","width":723,"height":731,"caption":"Informe Litoral"},"image":{"@id":"https:\/\/informelitoral.com.ar\/#\/schema\/logo\/image\/"},"sameAs":["https:\/\/www.facebook.com\/informelitoral\/","https:\/\/x.com\/InformeLitoral","https:\/\/www.instagram.com\/informelitoral\/","https:\/\/www.youtube.com\/channel\/UCua4Qvz8Icb6MYqhoq9xLXw"]},{"@type":"Person","@id":"https:\/\/informelitoral.com.ar\/#\/schema\/person\/f05f9f461677119578717524b127d6d5","name":"Sebastian","image":{"@type":"ImageObject","inLanguage":"es","@id":"https:\/\/secure.gravatar.com\/avatar\/b71bf7481d447dfb9583c7f2798e7cc64de6efb9067b74633ed8c31059a3bd82?s=96&d=mm&r=g","url":"https:\/\/secure.gravatar.com\/avatar\/b71bf7481d447dfb9583c7f2798e7cc64de6efb9067b74633ed8c31059a3bd82?s=96&d=mm&r=g","contentUrl":"https:\/\/secure.gravatar.com\/avatar\/b71bf7481d447dfb9583c7f2798e7cc64de6efb9067b74633ed8c31059a3bd82?s=96&d=mm&r=g","caption":"Sebastian"},"url":"https:\/\/informelitoral.com.ar\/author\/sebastian\/"}]}},"_links":{"self":[{"href":"https:\/\/informelitoral.com.ar\/%77%70%2d%6a%73%6f%6e\/wp\/v2\/posts\/102861","targetHints":{"allow":["GET"]}}],"collection":[{"href":"https:\/\/informelitoral.com.ar\/%77%70%2d%6a%73%6f%6e\/wp\/v2\/posts"}],"about":[{"href":"https:\/\/informelitoral.com.ar\/%77%70%2d%6a%73%6f%6e\/wp\/v2\/types\/post"}],"author":[{"embeddable":true,"href":"https:\/\/informelitoral.com.ar\/%77%70%2d%6a%73%6f%6e\/wp\/v2\/users\/8"}],"replies":[{"embeddable":true,"href":"https:\/\/informelitoral.com.ar\/%77%70%2d%6a%73%6f%6e\/wp\/v2\/comments?post=102861"}],"version-history":[{"count":0,"href":"https:\/\/informelitoral.com.ar\/%77%70%2d%6a%73%6f%6e\/wp\/v2\/posts\/102861\/revisions"}],"wp:featuredmedia":[{"embeddable":true,"href":"https:\/\/informelitoral.com.ar\/%77%70%2d%6a%73%6f%6e\/wp\/v2\/media\/102866"}],"wp:attachment":[{"href":"https:\/\/informelitoral.com.ar\/%77%70%2d%6a%73%6f%6e\/wp\/v2\/media?parent=102861"}],"wp:term":[{"taxonomy":"category","embeddable":true,"href":"https:\/\/informelitoral.com.ar\/%77%70%2d%6a%73%6f%6e\/wp\/v2\/categories?post=102861"},{"taxonomy":"post_tag","embeddable":true,"href":"https:\/\/informelitoral.com.ar\/%77%70%2d%6a%73%6f%6e\/wp\/v2\/tags?post=102861"}],"curies":[{"name":"wp","href":"https:\/\/api.w.org\/{rel}","templated":true}]}}