{"id":102852,"date":"2022-12-20T10:13:10","date_gmt":"2022-12-20T13:13:10","guid":{"rendered":"https:\/\/www.informelitoral.com.ar\/?p=102852"},"modified":"2022-12-20T17:34:44","modified_gmt":"2022-12-20T20:34:44","slug":"la-foto-de-messi-durmiendo-con-la-copa-del-mundo-tras-su-llegada-a-la-argentina","status":"publish","type":"post","link":"https:\/\/informelitoral.com.ar\/la-foto-de-messi-durmiendo-con-la-copa-del-mundo-tras-su-llegada-a-la-argentina\/","title":{"rendered":"La foto de Messi durmiendo con la Copa del Mundo tras su llegada a la Argentina"},"content":{"rendered":"<p class=\"paragraph\"><b>La selecci\u00f3n argentina ya est\u00e1 en la Argentina despu\u00e9s de consagrarse campe\u00f3n del mundo en el Mundial de Qatar<\/b>. Tras el vuelo que los llev\u00f3 de Doha al pa\u00eds, con una parada t\u00e9cnica en Roma, el plantel fue recibido por una multitud en Ezeiza, que provoc\u00f3 unas dos horas de demora para que el micro que llevaba a los campeones pueda llegar al predio de la AFA.<\/p>\n<p class=\"paragraph\">Una vez que los futbolistas se instalaron en el complejo 2 del lugar, de uso exclusivo para la selecci\u00f3n mayor, se fueron a descansar. Pero alguien que no durmi\u00f3 s\u00f3lo. A trav\u00e9s de una publicaci\u00f3n en su cuenta de Instagram, <b>Lionel Messi se mostr\u00f3 con el trofeo m\u00e1s preciado. Y lo hizo en su cama<\/b>, la de su habitaci\u00f3n de siempre en el predio que visita cada desde que es muy chico.<\/p>\n<p class=\"paragraph\"><b>\u201cBuen d\u00eda\u201d<\/b>, escribi\u00f3 el capit\u00e1n argentino en la publicaci\u00f3n, que r\u00e1pidamente se hizo viral y obtuvo millones de Me Gusta en la red. Adem\u00e1s de la foto en la que se lo v\u00e9 pl\u00e1cidamente dormido, tambi\u00e9n hay otras dos im\u00e1genes en el posteo.<\/p>\n<p class=\"paragraph\">La segunda es\u00a0<b>una foto con una cara como de reci\u00e9n levantado, pero con una gran sonrisa en su cara<\/b>. La tercera, es disfrutando en su cama del\u00a0<b>primer mate<\/b>\u00a0de la ma\u00f1ana.<\/p>\n<div class=\"visual__image\">\n<figure style=\"width: 1920px\" class=\"wp-caption alignnone\"><img loading=\"lazy\" decoding=\"async\" src=\"https:\/\/cloudfront-us-east-1.images.arcpublishing.com\/infobae\/7LSTPKQ7GRGRBFZEFS5HRXWFTU.jpg\" alt=\"El capit\u00e1n de Argentina, reci\u00e9n levantado, pero con la copa a su lado\" width=\"1920\" height=\"2681\" \/><figcaption class=\"wp-caption-text\">El capit\u00e1n de Argentina, reci\u00e9n levantado, pero con la copa a su lado<\/figcaption><\/figure>\n<\/div>\n<p class=\"paragraph\">El desembarco del plantel de la Selecci\u00f3n fue pasadas las dos de la ma\u00f1ana. Una vez que aterriz\u00f3 el avi\u00f3n de Aerol\u00edneas Argentinas, el primero en salir por la puerta fue el propio Leo, que levant\u00f3 la copa para que todos los que estaban presentes pudieran ver esa postal que quedar\u00e1 guardada en la memoria de todos. Junto a \u00e9l apareci\u00f3 el otro gran art\u00edfice de esta conquista deportiva,\u00a0<b>Lionel Scaloni<\/b>.<\/p>\n<p class=\"paragraph\">Una vez que se subieron al micro descapotable para dirigirse a su b\u00fanker de residencia, se encontraron con un mar de gente sobre la autopista Ricchieri. El bus que los llevaba tard\u00f3 una hora y 15 minutos para llegar hasta el port\u00f3n del predio.<\/p>\n<p class=\"paragraph\">Pero antes de eso, se produjo un hecho que gener\u00f3 preocupaci\u00f3n. Varios futbolistas se ubicaron en la planta alta del bus, aunque algunos de los referentes optaron por utilizar como asiento la cola del mismo, un espacio un tanto m\u00e1s elevado que el resto. As\u00ed, distra\u00eddos, o atentos a los fan\u00e1ticos y su devoci\u00f3n,\u00a0<b>Leandro Paredes, Rodrigo de Paul, Lionel Messi (con el trofeo en sus manos), \u00c1ngel Di Mar\u00eda y Nicol\u00e1s Otamendi<\/b>\u00a0viajaban en el fondo, cuando el micro se acerc\u00f3 a un cable a baja altura.<\/p>\n<div class=\"visual__image\">\n<figure style=\"width: 1920px\" class=\"wp-caption alignnone\"><img loading=\"lazy\" decoding=\"async\" src=\"https:\/\/cloudfront-us-east-1.images.arcpublishing.com\/infobae\/CAVJTK7RYJCZDLUGUEFH4NTXDA.jpg\" alt=\"Messi tomando un mate en su cama del predio de la AFA (@leomessi)\" width=\"1920\" height=\"2400\" \/><figcaption class=\"wp-caption-text\">Messi tomando un mate en su cama del predio de la AFA (@leomessi)<\/figcaption><\/figure>\n<\/div>\n<p class=\"paragraph\">El primero en verlo fue el defensor, quien lanz\u00f3 el grito y enseguida los dem\u00e1s se agacharon, esquivando el riesgo. Pero Paredes demor\u00f3 unos segundos m\u00e1s y, si bien gambete\u00f3 el impacto, el cable le llev\u00f3 la gorra. El volante de la Juventus se qued\u00f3 contrariado por la prenda perdida, pero enseguida retom\u00f3 la conversaci\u00f3n con sus compa\u00f1eros, como si nada hubiera ocurrido.<\/p>\n","protected":false},"excerpt":{"rendered":"<p>El capit\u00e1n de la selecci\u00f3n argentina descans\u00f3 en el predio de la AFA y se despert\u00f3 con el trofeo m\u00e1s preciado<\/p>\n","protected":false},"author":8,"featured_media":102842,"comment_status":"open","ping_status":"open","sticky":false,"template":"","format":"standard","meta":{"fifu_image_url":"","fifu_image_alt":"","footnotes":""},"categories":[13],"tags":[1255,116],"class_list":{"0":"post-102852","1":"post","2":"type-post","3":"status-publish","4":"format-standard","5":"has-post-thumbnail","7":"category-deportes","8":"tag-lionel-messi","9":"tag-seleccion-argentina"},"yoast_head":"<title>La foto de Messi durmiendo con la Copa del Mundo tras su llegada a la Argentina - Informe Litoral<\/title>\n<meta name=\"robots\" content=\"index, follow, max-snippet:-1, max-image-preview:large, max-video-preview:-1\" \/>\n<link rel=\"canonical\" href=\"https:\/\/informelitoral.com.ar\/la-foto-de-messi-durmiendo-con-la-copa-del-mundo-tras-su-llegada-a-la-argentina\/\" \/>\n<meta property=\"og:locale\" content=\"es_ES\" \/>\n<meta property=\"og:type\" content=\"article\" \/>\n<meta property=\"og:title\" content=\"La foto de Messi durmiendo con la Copa del Mundo tras su llegada a la Argentina - Informe Litoral\" \/>\n<meta property=\"og:description\" content=\"El capit\u00e1n de la selecci\u00f3n argentina descans\u00f3 en el predio de la AFA y se despert\u00f3 con el trofeo m\u00e1s preciado\" \/>\n<meta property=\"og:url\" content=\"https:\/\/informelitoral.com.ar\/la-foto-de-messi-durmiendo-con-la-copa-del-mundo-tras-su-llegada-a-la-argentina\/\" \/>\n<meta property=\"og:site_name\" content=\"Informe Litoral\" \/>\n<meta property=\"article:publisher\" content=\"https:\/\/www.facebook.com\/informelitoral\/\" \/>\n<meta property=\"article:published_time\" content=\"2022-12-20T13:13:10+00:00\" \/>\n<meta property=\"article:modified_time\" content=\"2022-12-20T20:34:44+00:00\" \/>\n<meta property=\"og:image\" content=\"https:\/\/informelitoral.com.ar\/%77%70%2d%63%6f%6e%74%65%6e%74\/uploads\/2022\/12\/DLRU5FGSKVCELE5KXASLCKO2JY.webp\" \/>\n\t<meta property=\"og:image:width\" content=\"992\" \/>\n\t<meta property=\"og:image:height\" content=\"558\" \/>\n\t<meta property=\"og:image:type\" content=\"image\/webp\" \/>\n<meta name=\"author\" content=\"Sebastian\" \/>\n<meta name=\"twitter:card\" content=\"summary_large_image\" \/>\n<meta name=\"twitter:creator\" content=\"@InformeLitoral\" \/>\n<meta name=\"twitter:site\" content=\"@InformeLitoral\" \/>\n<meta name=\"twitter:label1\" content=\"Escrito por\" \/>\n\t<meta name=\"twitter:data1\" content=\"Sebastian\" \/>\n\t<meta name=\"twitter:label2\" content=\"Tiempo de lectura\" \/>\n\t<meta name=\"twitter:data2\" content=\"3 minutos\" \/>\n<script type=\"application\/ld+json\" class=\"yoast-schema-graph\">{\"@context\":\"https:\\\/\\\/schema.org\",\"@graph\":[{\"@type\":\"Article\",\"@id\":\"https:\\\/\\\/informelitoral.com.ar\\\/la-foto-de-messi-durmiendo-con-la-copa-del-mundo-tras-su-llegada-a-la-argentina\\\/#article\",\"isPartOf\":{\"@id\":\"https:\\\/\\\/informelitoral.com.ar\\\/la-foto-de-messi-durmiendo-con-la-copa-del-mundo-tras-su-llegada-a-la-argentina\\\/\"},\"author\":{\"name\":\"Sebastian\",\"@id\":\"https:\\\/\\\/informelitoral.com.ar\\\/#\\\/schema\\\/person\\\/f05f9f461677119578717524b127d6d5\"},\"headline\":\"La foto de Messi durmiendo con la Copa del Mundo tras su llegada a la Argentina\",\"datePublished\":\"2022-12-20T13:13:10+00:00\",\"dateModified\":\"2022-12-20T20:34:44+00:00\",\"mainEntityOfPage\":{\"@id\":\"https:\\\/\\\/informelitoral.com.ar\\\/la-foto-de-messi-durmiendo-con-la-copa-del-mundo-tras-su-llegada-a-la-argentina\\\/\"},\"wordCount\":574,\"commentCount\":0,\"publisher\":{\"@id\":\"https:\\\/\\\/informelitoral.com.ar\\\/#organization\"},\"image\":{\"@id\":\"https:\\\/\\\/informelitoral.com.ar\\\/la-foto-de-messi-durmiendo-con-la-copa-del-mundo-tras-su-llegada-a-la-argentina\\\/#primaryimage\"},\"thumbnailUrl\":\"https:\\\/\\\/informelitoral.com.ar\\\/%77%70%2d%63%6f%6e%74%65%6e%74\\\/uploads\\\/2022\\\/12\\\/DLRU5FGSKVCELE5KXASLCKO2JY.webp\",\"keywords\":[\"Lionel Messi\",\"Selecci\u00f3n argentina\"],\"articleSection\":[\"Deportes\"],\"inLanguage\":\"es\",\"potentialAction\":[{\"@type\":\"CommentAction\",\"name\":\"Comment\",\"target\":[\"https:\\\/\\\/informelitoral.com.ar\\\/la-foto-de-messi-durmiendo-con-la-copa-del-mundo-tras-su-llegada-a-la-argentina\\\/#respond\"]}]},{\"@type\":\"WebPage\",\"@id\":\"https:\\\/\\\/informelitoral.com.ar\\\/la-foto-de-messi-durmiendo-con-la-copa-del-mundo-tras-su-llegada-a-la-argentina\\\/\",\"url\":\"https:\\\/\\\/informelitoral.com.ar\\\/la-foto-de-messi-durmiendo-con-la-copa-del-mundo-tras-su-llegada-a-la-argentina\\\/\",\"name\":\"La foto de Messi durmiendo con la Copa del Mundo tras su llegada a la Argentina - Informe Litoral\",\"isPartOf\":{\"@id\":\"https:\\\/\\\/informelitoral.com.ar\\\/#website\"},\"primaryImageOfPage\":{\"@id\":\"https:\\\/\\\/informelitoral.com.ar\\\/la-foto-de-messi-durmiendo-con-la-copa-del-mundo-tras-su-llegada-a-la-argentina\\\/#primaryimage\"},\"image\":{\"@id\":\"https:\\\/\\\/informelitoral.com.ar\\\/la-foto-de-messi-durmiendo-con-la-copa-del-mundo-tras-su-llegada-a-la-argentina\\\/#primaryimage\"},\"thumbnailUrl\":\"https:\\\/\\\/informelitoral.com.ar\\\/%77%70%2d%63%6f%6e%74%65%6e%74\\\/uploads\\\/2022\\\/12\\\/DLRU5FGSKVCELE5KXASLCKO2JY.webp\",\"datePublished\":\"2022-12-20T13:13:10+00:00\",\"dateModified\":\"2022-12-20T20:34:44+00:00\",\"breadcrumb\":{\"@id\":\"https:\\\/\\\/informelitoral.com.ar\\\/la-foto-de-messi-durmiendo-con-la-copa-del-mundo-tras-su-llegada-a-la-argentina\\\/#breadcrumb\"},\"inLanguage\":\"es\",\"potentialAction\":[{\"@type\":\"ReadAction\",\"target\":[\"https:\\\/\\\/informelitoral.com.ar\\\/la-foto-de-messi-durmiendo-con-la-copa-del-mundo-tras-su-llegada-a-la-argentina\\\/\"]}]},{\"@type\":\"ImageObject\",\"inLanguage\":\"es\",\"@id\":\"https:\\\/\\\/informelitoral.com.ar\\\/la-foto-de-messi-durmiendo-con-la-copa-del-mundo-tras-su-llegada-a-la-argentina\\\/#primaryimage\",\"url\":\"https:\\\/\\\/informelitoral.com.ar\\\/%77%70%2d%63%6f%6e%74%65%6e%74\\\/uploads\\\/2022\\\/12\\\/DLRU5FGSKVCELE5KXASLCKO2JY.webp\",\"contentUrl\":\"https:\\\/\\\/informelitoral.com.ar\\\/%77%70%2d%63%6f%6e%74%65%6e%74\\\/uploads\\\/2022\\\/12\\\/DLRU5FGSKVCELE5KXASLCKO2JY.webp\",\"width\":992,\"height\":558},{\"@type\":\"BreadcrumbList\",\"@id\":\"https:\\\/\\\/informelitoral.com.ar\\\/la-foto-de-messi-durmiendo-con-la-copa-del-mundo-tras-su-llegada-a-la-argentina\\\/#breadcrumb\",\"itemListElement\":[{\"@type\":\"ListItem\",\"position\":1,\"name\":\"Portada\",\"item\":\"https:\\\/\\\/informelitoral.com.ar\\\/\"},{\"@type\":\"ListItem\",\"position\":2,\"name\":\"La foto de Messi durmiendo con la Copa del Mundo tras su llegada a la Argentina\"}]},{\"@type\":\"WebSite\",\"@id\":\"https:\\\/\\\/informelitoral.com.ar\\\/#website\",\"url\":\"https:\\\/\\\/informelitoral.com.ar\\\/\",\"name\":\"Informe Litoral\",\"description\":\"&quot;Nos informamos&quot; \",\"publisher\":{\"@id\":\"https:\\\/\\\/informelitoral.com.ar\\\/#organization\"},\"potentialAction\":[{\"@type\":\"SearchAction\",\"target\":{\"@type\":\"EntryPoint\",\"urlTemplate\":\"https:\\\/\\\/informelitoral.com.ar\\\/?s={search_term_string}\"},\"query-input\":{\"@type\":\"PropertyValueSpecification\",\"valueRequired\":true,\"valueName\":\"search_term_string\"}}],\"inLanguage\":\"es\"},{\"@type\":\"Organization\",\"@id\":\"https:\\\/\\\/informelitoral.com.ar\\\/#organization\",\"name\":\"Informe Litoral\",\"url\":\"https:\\\/\\\/informelitoral.com.ar\\\/\",\"logo\":{\"@type\":\"ImageObject\",\"inLanguage\":\"es\",\"@id\":\"https:\\\/\\\/informelitoral.com.ar\\\/#\\\/schema\\\/logo\\\/image\\\/\",\"url\":\"https:\\\/\\\/informelitoral.com.ar\\\/%77%70%2d%63%6f%6e%74%65%6e%74\\\/uploads\\\/2021\\\/01\\\/circulo.png\",\"contentUrl\":\"https:\\\/\\\/informelitoral.com.ar\\\/%77%70%2d%63%6f%6e%74%65%6e%74\\\/uploads\\\/2021\\\/01\\\/circulo.png\",\"width\":723,\"height\":731,\"caption\":\"Informe Litoral\"},\"image\":{\"@id\":\"https:\\\/\\\/informelitoral.com.ar\\\/#\\\/schema\\\/logo\\\/image\\\/\"},\"sameAs\":[\"https:\\\/\\\/www.facebook.com\\\/informelitoral\\\/\",\"https:\\\/\\\/x.com\\\/InformeLitoral\",\"https:\\\/\\\/www.instagram.com\\\/informelitoral\\\/\",\"https:\\\/\\\/www.youtube.com\\\/channel\\\/UCua4Qvz8Icb6MYqhoq9xLXw\"]},{\"@type\":\"Person\",\"@id\":\"https:\\\/\\\/informelitoral.com.ar\\\/#\\\/schema\\\/person\\\/f05f9f461677119578717524b127d6d5\",\"name\":\"Sebastian\",\"image\":{\"@type\":\"ImageObject\",\"inLanguage\":\"es\",\"@id\":\"https:\\\/\\\/secure.gravatar.com\\\/avatar\\\/b71bf7481d447dfb9583c7f2798e7cc64de6efb9067b74633ed8c31059a3bd82?s=96&d=mm&r=g\",\"url\":\"https:\\\/\\\/secure.gravatar.com\\\/avatar\\\/b71bf7481d447dfb9583c7f2798e7cc64de6efb9067b74633ed8c31059a3bd82?s=96&d=mm&r=g\",\"contentUrl\":\"https:\\\/\\\/secure.gravatar.com\\\/avatar\\\/b71bf7481d447dfb9583c7f2798e7cc64de6efb9067b74633ed8c31059a3bd82?s=96&d=mm&r=g\",\"caption\":\"Sebastian\"},\"url\":\"https:\\\/\\\/informelitoral.com.ar\\\/author\\\/sebastian\\\/\"}]}<\/script>","yoast_head_json":{"title":"La foto de Messi durmiendo con la Copa del Mundo tras su llegada a la Argentina - Informe Litoral","robots":{"index":"index","follow":"follow","max-snippet":"max-snippet:-1","max-image-preview":"max-image-preview:large","max-video-preview":"max-video-preview:-1"},"canonical":"https:\/\/informelitoral.com.ar\/la-foto-de-messi-durmiendo-con-la-copa-del-mundo-tras-su-llegada-a-la-argentina\/","og_locale":"es_ES","og_type":"article","og_title":"La foto de Messi durmiendo con la Copa del Mundo tras su llegada a la Argentina - Informe Litoral","og_description":"El capit\u00e1n de la selecci\u00f3n argentina descans\u00f3 en el predio de la AFA y se despert\u00f3 con el trofeo m\u00e1s preciado","og_url":"https:\/\/informelitoral.com.ar\/la-foto-de-messi-durmiendo-con-la-copa-del-mundo-tras-su-llegada-a-la-argentina\/","og_site_name":"Informe Litoral","article_publisher":"https:\/\/www.facebook.com\/informelitoral\/","article_published_time":"2022-12-20T13:13:10+00:00","article_modified_time":"2022-12-20T20:34:44+00:00","og_image":[{"width":992,"height":558,"url":"https:\/\/informelitoral.com.ar\/%77%70%2d%63%6f%6e%74%65%6e%74\/uploads\/2022\/12\/DLRU5FGSKVCELE5KXASLCKO2JY.webp","type":"image\/webp"}],"author":"Sebastian","twitter_card":"summary_large_image","twitter_creator":"@InformeLitoral","twitter_site":"@InformeLitoral","twitter_misc":{"Escrito por":"Sebastian","Tiempo de lectura":"3 minutos"},"schema":{"@context":"https:\/\/schema.org","@graph":[{"@type":"Article","@id":"https:\/\/informelitoral.com.ar\/la-foto-de-messi-durmiendo-con-la-copa-del-mundo-tras-su-llegada-a-la-argentina\/#article","isPartOf":{"@id":"https:\/\/informelitoral.com.ar\/la-foto-de-messi-durmiendo-con-la-copa-del-mundo-tras-su-llegada-a-la-argentina\/"},"author":{"name":"Sebastian","@id":"https:\/\/informelitoral.com.ar\/#\/schema\/person\/f05f9f461677119578717524b127d6d5"},"headline":"La foto de Messi durmiendo con la Copa del Mundo tras su llegada a la Argentina","datePublished":"2022-12-20T13:13:10+00:00","dateModified":"2022-12-20T20:34:44+00:00","mainEntityOfPage":{"@id":"https:\/\/informelitoral.com.ar\/la-foto-de-messi-durmiendo-con-la-copa-del-mundo-tras-su-llegada-a-la-argentina\/"},"wordCount":574,"commentCount":0,"publisher":{"@id":"https:\/\/informelitoral.com.ar\/#organization"},"image":{"@id":"https:\/\/informelitoral.com.ar\/la-foto-de-messi-durmiendo-con-la-copa-del-mundo-tras-su-llegada-a-la-argentina\/#primaryimage"},"thumbnailUrl":"https:\/\/informelitoral.com.ar\/%77%70%2d%63%6f%6e%74%65%6e%74\/uploads\/2022\/12\/DLRU5FGSKVCELE5KXASLCKO2JY.webp","keywords":["Lionel Messi","Selecci\u00f3n argentina"],"articleSection":["Deportes"],"inLanguage":"es","potentialAction":[{"@type":"CommentAction","name":"Comment","target":["https:\/\/informelitoral.com.ar\/la-foto-de-messi-durmiendo-con-la-copa-del-mundo-tras-su-llegada-a-la-argentina\/#respond"]}]},{"@type":"WebPage","@id":"https:\/\/informelitoral.com.ar\/la-foto-de-messi-durmiendo-con-la-copa-del-mundo-tras-su-llegada-a-la-argentina\/","url":"https:\/\/informelitoral.com.ar\/la-foto-de-messi-durmiendo-con-la-copa-del-mundo-tras-su-llegada-a-la-argentina\/","name":"La foto de Messi durmiendo con la Copa del Mundo tras su llegada a la Argentina - Informe Litoral","isPartOf":{"@id":"https:\/\/informelitoral.com.ar\/#website"},"primaryImageOfPage":{"@id":"https:\/\/informelitoral.com.ar\/la-foto-de-messi-durmiendo-con-la-copa-del-mundo-tras-su-llegada-a-la-argentina\/#primaryimage"},"image":{"@id":"https:\/\/informelitoral.com.ar\/la-foto-de-messi-durmiendo-con-la-copa-del-mundo-tras-su-llegada-a-la-argentina\/#primaryimage"},"thumbnailUrl":"https:\/\/informelitoral.com.ar\/%77%70%2d%63%6f%6e%74%65%6e%74\/uploads\/2022\/12\/DLRU5FGSKVCELE5KXASLCKO2JY.webp","datePublished":"2022-12-20T13:13:10+00:00","dateModified":"2022-12-20T20:34:44+00:00","breadcrumb":{"@id":"https:\/\/informelitoral.com.ar\/la-foto-de-messi-durmiendo-con-la-copa-del-mundo-tras-su-llegada-a-la-argentina\/#breadcrumb"},"inLanguage":"es","potentialAction":[{"@type":"ReadAction","target":["https:\/\/informelitoral.com.ar\/la-foto-de-messi-durmiendo-con-la-copa-del-mundo-tras-su-llegada-a-la-argentina\/"]}]},{"@type":"ImageObject","inLanguage":"es","@id":"https:\/\/informelitoral.com.ar\/la-foto-de-messi-durmiendo-con-la-copa-del-mundo-tras-su-llegada-a-la-argentina\/#primaryimage","url":"https:\/\/informelitoral.com.ar\/%77%70%2d%63%6f%6e%74%65%6e%74\/uploads\/2022\/12\/DLRU5FGSKVCELE5KXASLCKO2JY.webp","contentUrl":"https:\/\/informelitoral.com.ar\/%77%70%2d%63%6f%6e%74%65%6e%74\/uploads\/2022\/12\/DLRU5FGSKVCELE5KXASLCKO2JY.webp","width":992,"height":558},{"@type":"BreadcrumbList","@id":"https:\/\/informelitoral.com.ar\/la-foto-de-messi-durmiendo-con-la-copa-del-mundo-tras-su-llegada-a-la-argentina\/#breadcrumb","itemListElement":[{"@type":"ListItem","position":1,"name":"Portada","item":"https:\/\/informelitoral.com.ar\/"},{"@type":"ListItem","position":2,"name":"La foto de Messi durmiendo con la Copa del Mundo tras su llegada a la Argentina"}]},{"@type":"WebSite","@id":"https:\/\/informelitoral.com.ar\/#website","url":"https:\/\/informelitoral.com.ar\/","name":"Informe Litoral","description":"&quot;Nos informamos&quot; ","publisher":{"@id":"https:\/\/informelitoral.com.ar\/#organization"},"potentialAction":[{"@type":"SearchAction","target":{"@type":"EntryPoint","urlTemplate":"https:\/\/informelitoral.com.ar\/?s={search_term_string}"},"query-input":{"@type":"PropertyValueSpecification","valueRequired":true,"valueName":"search_term_string"}}],"inLanguage":"es"},{"@type":"Organization","@id":"https:\/\/informelitoral.com.ar\/#organization","name":"Informe Litoral","url":"https:\/\/informelitoral.com.ar\/","logo":{"@type":"ImageObject","inLanguage":"es","@id":"https:\/\/informelitoral.com.ar\/#\/schema\/logo\/image\/","url":"https:\/\/informelitoral.com.ar\/%77%70%2d%63%6f%6e%74%65%6e%74\/uploads\/2021\/01\/circulo.png","contentUrl":"https:\/\/informelitoral.com.ar\/%77%70%2d%63%6f%6e%74%65%6e%74\/uploads\/2021\/01\/circulo.png","width":723,"height":731,"caption":"Informe Litoral"},"image":{"@id":"https:\/\/informelitoral.com.ar\/#\/schema\/logo\/image\/"},"sameAs":["https:\/\/www.facebook.com\/informelitoral\/","https:\/\/x.com\/InformeLitoral","https:\/\/www.instagram.com\/informelitoral\/","https:\/\/www.youtube.com\/channel\/UCua4Qvz8Icb6MYqhoq9xLXw"]},{"@type":"Person","@id":"https:\/\/informelitoral.com.ar\/#\/schema\/person\/f05f9f461677119578717524b127d6d5","name":"Sebastian","image":{"@type":"ImageObject","inLanguage":"es","@id":"https:\/\/secure.gravatar.com\/avatar\/b71bf7481d447dfb9583c7f2798e7cc64de6efb9067b74633ed8c31059a3bd82?s=96&d=mm&r=g","url":"https:\/\/secure.gravatar.com\/avatar\/b71bf7481d447dfb9583c7f2798e7cc64de6efb9067b74633ed8c31059a3bd82?s=96&d=mm&r=g","contentUrl":"https:\/\/secure.gravatar.com\/avatar\/b71bf7481d447dfb9583c7f2798e7cc64de6efb9067b74633ed8c31059a3bd82?s=96&d=mm&r=g","caption":"Sebastian"},"url":"https:\/\/informelitoral.com.ar\/author\/sebastian\/"}]}},"_links":{"self":[{"href":"https:\/\/informelitoral.com.ar\/%77%70%2d%6a%73%6f%6e\/wp\/v2\/posts\/102852","targetHints":{"allow":["GET"]}}],"collection":[{"href":"https:\/\/informelitoral.com.ar\/%77%70%2d%6a%73%6f%6e\/wp\/v2\/posts"}],"about":[{"href":"https:\/\/informelitoral.com.ar\/%77%70%2d%6a%73%6f%6e\/wp\/v2\/types\/post"}],"author":[{"embeddable":true,"href":"https:\/\/informelitoral.com.ar\/%77%70%2d%6a%73%6f%6e\/wp\/v2\/users\/8"}],"replies":[{"embeddable":true,"href":"https:\/\/informelitoral.com.ar\/%77%70%2d%6a%73%6f%6e\/wp\/v2\/comments?post=102852"}],"version-history":[{"count":0,"href":"https:\/\/informelitoral.com.ar\/%77%70%2d%6a%73%6f%6e\/wp\/v2\/posts\/102852\/revisions"}],"wp:featuredmedia":[{"embeddable":true,"href":"https:\/\/informelitoral.com.ar\/%77%70%2d%6a%73%6f%6e\/wp\/v2\/media\/102842"}],"wp:attachment":[{"href":"https:\/\/informelitoral.com.ar\/%77%70%2d%6a%73%6f%6e\/wp\/v2\/media?parent=102852"}],"wp:term":[{"taxonomy":"category","embeddable":true,"href":"https:\/\/informelitoral.com.ar\/%77%70%2d%6a%73%6f%6e\/wp\/v2\/categories?post=102852"},{"taxonomy":"post_tag","embeddable":true,"href":"https:\/\/informelitoral.com.ar\/%77%70%2d%6a%73%6f%6e\/wp\/v2\/tags?post=102852"}],"curies":[{"name":"wp","href":"https:\/\/api.w.org\/{rel}","templated":true}]}}