{"id":10271,"date":"2015-03-24T13:47:18","date_gmt":"2015-03-24T16:47:18","guid":{"rendered":"http:\/\/www.isletasnoticias.com.ar\/?p=10271"},"modified":"2015-03-24T13:48:26","modified_gmt":"2015-03-24T16:48:26","slug":"los-feriados-puente-siguen-generando-polemica-con-el-sector-comercial","status":"publish","type":"post","link":"https:\/\/informelitoral.com.ar\/los-feriados-puente-siguen-generando-polemica-con-el-sector-comercial\/","title":{"rendered":"Los feriados puente siguen generando pol\u00e9mica con el sector comercial"},"content":{"rendered":"<p><strong>Fue dispar el comportamiento de los locales comerciales en la capital provincial durante el feriado puente de ayer. Desde el Centro Comercial e Industrial cuestionan la medida y exigen modificaciones en la figura legal del feriado.<\/strong><\/p>\n<figure id=\"attachment_10272\" aria-describedby=\"caption-attachment-10272\" style=\"width: 300px\" class=\"wp-caption aligncenter\"><a href=\"http:\/\/www.isletasnoticias.com.ar\/%77%70%2d%63%6f%6e%74%65%6e%74\/uploads\/2015\/03\/Imagen0187.jpg\"><img loading=\"lazy\" decoding=\"async\" class=\"wp-image-10272 size-medium\" src=\"http:\/\/www.isletasnoticias.com.ar\/%77%70%2d%63%6f%6e%74%65%6e%74\/uploads\/2015\/03\/Imagen0187-300x225.jpg\" alt=\"Imagen0187\" width=\"300\" height=\"225\" srcset=\"https:\/\/informelitoral.com.ar\/%77%70%2d%63%6f%6e%74%65%6e%74\/uploads\/2015\/03\/Imagen0187-300x225.jpg 300w, https:\/\/informelitoral.com.ar\/%77%70%2d%63%6f%6e%74%65%6e%74\/uploads\/2015\/03\/Imagen0187-1024x768.jpg 1024w, https:\/\/informelitoral.com.ar\/%77%70%2d%63%6f%6e%74%65%6e%74\/uploads\/2015\/03\/Imagen0187.jpg 1600w\" sizes=\"auto, (max-width: 300px) 100vw, 300px\" \/><\/a><figcaption id=\"caption-attachment-10272\" class=\"wp-caption-text\">(Imagen ilustrativa del archivo de IN)<\/figcaption><\/figure>\n<p>La instauraci\u00f3n de los denominados feriados puente sigue generando controversias con el sector comercial de Paran\u00e1, que desde hace tiempo vienen manifestando ante organismos nacionales le necesidad de contemplar otros aspectos que hacen al funcionamiento del sector \u201cpara que no se perjudique econ\u00f3micamente\u201d, alert\u00f3 Jorge L\u00f3pez, presidente de la Federaci\u00f3n Econ\u00f3mica de Entre R\u00edos, director Ejecutivo del Centro Comercial e Industrial de Paran\u00e1 y secretario de la Confederaci\u00f3n Argentina de la Mediana Empresa (CAME).<\/p>\n<p>\u201cTodos los feriados puente son complicados para tomar una decisi\u00f3n, en virtud de que las oficinas p\u00fablicas y todo el sistema bancario est\u00e1n cerrados y las compras las generan, principalmente, los coprovincianos\u201d, se\u00f1al\u00f3 L\u00f3pez.<\/p>\n<p>Para L\u00f3pez estos feriados \u201cno son positivos\u201d para los comercios locales, \u201csalvo los que est\u00e1n afectados al turismo en las zonas donde se desarrolla, que no incluye a todas las ciudades de la provincia\u201d, consider\u00f3.<\/p>\n<p>Para el due\u00f1o de un comercio abrir sus puertas un d\u00eda feriado y convocar a su personal implica el pago de la jornada al ciento por ciento, erogaci\u00f3n que no siempre se ve compensada con las ventas de ese d\u00eda. Sobre este punto Jorge L\u00f3pez indic\u00f3 que esta situaci\u00f3n motiva que muchas veces sean los propios due\u00f1os los que abren los locales y atienden en forma directa, \u201cque se da en locales peque\u00f1os o de barrios\u201d.<\/p>\n<p>\u201cEste feriado al comercio en general no le viene bien y desde hace tiempo venimos solicitando, a trav\u00e9s de la CAME, al Ministro de Turismo de la Naci\u00f3n que modifique la figura legal del feriado por d\u00eda no laborable\u201d, precis\u00f3.<\/p>\n<p>Puntualmente, establecer a un feriado como d\u00eda no laborable habilita al due\u00f1o de un comercio a convocar a sus empleados sin la obligaci\u00f3n de pagarles un adicional por ese d\u00eda, contrariamente a lo que establece la legislaci\u00f3n laboral.<\/p>\n<p>\u201cEn momentos como estos, es un retraso muy grande en la facturaci\u00f3n del comercio\u201d, justific\u00f3.<\/p>\n<p>\u201cEl empleo p\u00fablico tiene un gran impacto, porque la gente se mueve para trabajar y comprar y en los d\u00edas feriado prefiere quedarse en casa, por lo que el movimiento es casi nulo\u201d, asegur\u00f3.<\/p>\n<p><b>Diferencias<\/b><br \/>\nRengl\u00f3n aparte, Jorge L\u00f3pez volvi\u00f3 a cuestionar las condiciones estipuladas para las grandes cadenas de supermercados que operan en la provincia de Entre R\u00edos, considerando que existen una \u201cclara competencia desleal\u201d con el resto de los comercios.<\/p>\n<p>\u201cLos hipermercados est\u00e1n abiertos porque tienen un r\u00e9gimen laboral diferente, que es desleal y lo venimos marcando fuertemente desde hace tiempo ante los organismos nacionales, a trav\u00e9s de la C\u00e1mara que nos nuclea en el pa\u00eds\u201d, subray\u00f3.<\/p>\n<p>En este sentido, detall\u00f3 que los empleados de las grandes cadenas de supermercados consens\u00faan con la empresa su d\u00eda de descanso semanal, que va variando de acuerdo a las necesidades del empleados. En consecuencia, muchos hipermercados otorgan el franco semanal los d\u00edas feriados, \u201cdisminuyendo costos significativos, mientras que el peque\u00f1o comercio, cumpliendo con las leyes laborales, est\u00e1 obligado a otorgar el domingo con jornada de descanso y pagar al 100 por cien los feriados, por eso en muchos casos no se justifica abrir las puertas, porque es m\u00e1s lo que pierden que lo que ganan en d\u00edas como estos\u201d, insisti\u00f3 L\u00f3pez. <em>(El Diario)<\/em><\/p>\n","protected":false},"excerpt":{"rendered":"<p>Fue dispar el comportamiento de los locales comerciales en la capital provincial durante el feriado puente de ayer. Desde el Centro Comercial e Industrial cuestionan la medida y exigen modificaciones en la figura legal del feriado. La instauraci&oacute;n de los denominados feriados puente sigue generando controversias con el sector comercial de Paran&aacute;, que desde hace [&hellip;]<\/p>\n","protected":false},"author":2,"featured_media":0,"comment_status":"open","ping_status":"open","sticky":false,"template":"","format":"standard","meta":{"fifu_image_url":"","fifu_image_alt":"","footnotes":""},"categories":[6,7],"tags":[],"class_list":{"0":"post-10271","1":"post","2":"type-post","3":"status-publish","4":"format-standard","6":"category-entre-rios","7":"category-nacionales"},"yoast_head":"<title>Los feriados puente siguen generando pol\u00e9mica con el sector comercial - Informe Litoral<\/title>\n<meta name=\"robots\" content=\"index, follow, max-snippet:-1, max-image-preview:large, max-video-preview:-1\" \/>\n<link rel=\"canonical\" href=\"https:\/\/informelitoral.com.ar\/los-feriados-puente-siguen-generando-polemica-con-el-sector-comercial\/\" \/>\n<meta property=\"og:locale\" content=\"es_ES\" \/>\n<meta property=\"og:type\" content=\"article\" \/>\n<meta property=\"og:title\" content=\"Los feriados puente siguen generando pol\u00e9mica con el sector comercial - Informe Litoral\" \/>\n<meta property=\"og:description\" content=\"Fue dispar el comportamiento de los locales comerciales en la capital provincial durante el feriado puente de ayer. Desde el Centro Comercial e Industrial cuestionan la medida y exigen modificaciones en la figura legal del feriado. La instauraci&oacute;n de los denominados feriados puente sigue generando controversias con el sector comercial de Paran&aacute;, que desde hace [&hellip;]\" \/>\n<meta property=\"og:url\" content=\"https:\/\/informelitoral.com.ar\/los-feriados-puente-siguen-generando-polemica-con-el-sector-comercial\/\" \/>\n<meta property=\"og:site_name\" content=\"Informe Litoral\" \/>\n<meta property=\"article:publisher\" content=\"https:\/\/www.facebook.com\/informelitoral\/\" \/>\n<meta property=\"article:published_time\" content=\"2015-03-24T16:47:18+00:00\" \/>\n<meta property=\"article:modified_time\" content=\"2015-03-24T16:48:26+00:00\" \/>\n<meta property=\"og:image\" content=\"https:\/\/informelitoral.com.ar\/%77%70%2d%63%6f%6e%74%65%6e%74\/uploads\/2015\/03\/Imagen0187.jpg\" \/>\n\t<meta property=\"og:image:width\" content=\"1600\" \/>\n\t<meta property=\"og:image:height\" content=\"1200\" \/>\n\t<meta property=\"og:image:type\" content=\"image\/jpeg\" \/>\n<meta name=\"author\" content=\"Gonzalo Schmidt\" \/>\n<meta name=\"twitter:card\" content=\"summary_large_image\" \/>\n<meta name=\"twitter:creator\" content=\"@InformeLitoral\" \/>\n<meta name=\"twitter:site\" content=\"@InformeLitoral\" \/>\n<meta name=\"twitter:label1\" content=\"Escrito por\" \/>\n\t<meta name=\"twitter:data1\" content=\"Gonzalo Schmidt\" \/>\n\t<meta name=\"twitter:label2\" content=\"Tiempo de lectura\" \/>\n\t<meta name=\"twitter:data2\" content=\"3 minutos\" \/>\n<script type=\"application\/ld+json\" class=\"yoast-schema-graph\">{\"@context\":\"https:\\\/\\\/schema.org\",\"@graph\":[{\"@type\":\"Article\",\"@id\":\"https:\\\/\\\/informelitoral.com.ar\\\/los-feriados-puente-siguen-generando-polemica-con-el-sector-comercial\\\/#article\",\"isPartOf\":{\"@id\":\"https:\\\/\\\/informelitoral.com.ar\\\/los-feriados-puente-siguen-generando-polemica-con-el-sector-comercial\\\/\"},\"author\":{\"name\":\"Gonzalo Schmidt\",\"@id\":\"https:\\\/\\\/informelitoral.com.ar\\\/#\\\/schema\\\/person\\\/b9d00407c836482871ef1d57bf8e3180\"},\"headline\":\"Los feriados puente siguen generando pol\u00e9mica con el sector comercial\",\"datePublished\":\"2015-03-24T16:47:18+00:00\",\"dateModified\":\"2015-03-24T16:48:26+00:00\",\"mainEntityOfPage\":{\"@id\":\"https:\\\/\\\/informelitoral.com.ar\\\/los-feriados-puente-siguen-generando-polemica-con-el-sector-comercial\\\/\"},\"wordCount\":631,\"commentCount\":0,\"publisher\":{\"@id\":\"https:\\\/\\\/informelitoral.com.ar\\\/#organization\"},\"image\":{\"@id\":\"https:\\\/\\\/informelitoral.com.ar\\\/los-feriados-puente-siguen-generando-polemica-con-el-sector-comercial\\\/#primaryimage\"},\"thumbnailUrl\":\"http:\\\/\\\/www.isletasnoticias.com.ar\\\/%77%70%2d%63%6f%6e%74%65%6e%74\\\/uploads\\\/2015\\\/03\\\/Imagen0187-300x225.jpg\",\"articleSection\":[\"Entre R\u00edos\",\"Nacionales\"],\"inLanguage\":\"es\",\"potentialAction\":[{\"@type\":\"CommentAction\",\"name\":\"Comment\",\"target\":[\"https:\\\/\\\/informelitoral.com.ar\\\/los-feriados-puente-siguen-generando-polemica-con-el-sector-comercial\\\/#respond\"]}]},{\"@type\":\"WebPage\",\"@id\":\"https:\\\/\\\/informelitoral.com.ar\\\/los-feriados-puente-siguen-generando-polemica-con-el-sector-comercial\\\/\",\"url\":\"https:\\\/\\\/informelitoral.com.ar\\\/los-feriados-puente-siguen-generando-polemica-con-el-sector-comercial\\\/\",\"name\":\"Los feriados puente siguen generando pol\u00e9mica con el sector comercial - Informe Litoral\",\"isPartOf\":{\"@id\":\"https:\\\/\\\/informelitoral.com.ar\\\/#website\"},\"primaryImageOfPage\":{\"@id\":\"https:\\\/\\\/informelitoral.com.ar\\\/los-feriados-puente-siguen-generando-polemica-con-el-sector-comercial\\\/#primaryimage\"},\"image\":{\"@id\":\"https:\\\/\\\/informelitoral.com.ar\\\/los-feriados-puente-siguen-generando-polemica-con-el-sector-comercial\\\/#primaryimage\"},\"thumbnailUrl\":\"http:\\\/\\\/www.isletasnoticias.com.ar\\\/%77%70%2d%63%6f%6e%74%65%6e%74\\\/uploads\\\/2015\\\/03\\\/Imagen0187-300x225.jpg\",\"datePublished\":\"2015-03-24T16:47:18+00:00\",\"dateModified\":\"2015-03-24T16:48:26+00:00\",\"breadcrumb\":{\"@id\":\"https:\\\/\\\/informelitoral.com.ar\\\/los-feriados-puente-siguen-generando-polemica-con-el-sector-comercial\\\/#breadcrumb\"},\"inLanguage\":\"es\",\"potentialAction\":[{\"@type\":\"ReadAction\",\"target\":[\"https:\\\/\\\/informelitoral.com.ar\\\/los-feriados-puente-siguen-generando-polemica-con-el-sector-comercial\\\/\"]}]},{\"@type\":\"ImageObject\",\"inLanguage\":\"es\",\"@id\":\"https:\\\/\\\/informelitoral.com.ar\\\/los-feriados-puente-siguen-generando-polemica-con-el-sector-comercial\\\/#primaryimage\",\"url\":\"http:\\\/\\\/www.isletasnoticias.com.ar\\\/%77%70%2d%63%6f%6e%74%65%6e%74\\\/uploads\\\/2015\\\/03\\\/Imagen0187-300x225.jpg\",\"contentUrl\":\"http:\\\/\\\/www.isletasnoticias.com.ar\\\/%77%70%2d%63%6f%6e%74%65%6e%74\\\/uploads\\\/2015\\\/03\\\/Imagen0187-300x225.jpg\"},{\"@type\":\"BreadcrumbList\",\"@id\":\"https:\\\/\\\/informelitoral.com.ar\\\/los-feriados-puente-siguen-generando-polemica-con-el-sector-comercial\\\/#breadcrumb\",\"itemListElement\":[{\"@type\":\"ListItem\",\"position\":1,\"name\":\"Portada\",\"item\":\"https:\\\/\\\/informelitoral.com.ar\\\/\"},{\"@type\":\"ListItem\",\"position\":2,\"name\":\"Los feriados puente siguen generando pol\u00e9mica con el sector comercial\"}]},{\"@type\":\"WebSite\",\"@id\":\"https:\\\/\\\/informelitoral.com.ar\\\/#website\",\"url\":\"https:\\\/\\\/informelitoral.com.ar\\\/\",\"name\":\"Informe Litoral\",\"description\":\"&quot;Nos informamos&quot; \",\"publisher\":{\"@id\":\"https:\\\/\\\/informelitoral.com.ar\\\/#organization\"},\"potentialAction\":[{\"@type\":\"SearchAction\",\"target\":{\"@type\":\"EntryPoint\",\"urlTemplate\":\"https:\\\/\\\/informelitoral.com.ar\\\/?s={search_term_string}\"},\"query-input\":{\"@type\":\"PropertyValueSpecification\",\"valueRequired\":true,\"valueName\":\"search_term_string\"}}],\"inLanguage\":\"es\"},{\"@type\":\"Organization\",\"@id\":\"https:\\\/\\\/informelitoral.com.ar\\\/#organization\",\"name\":\"Informe Litoral\",\"url\":\"https:\\\/\\\/informelitoral.com.ar\\\/\",\"logo\":{\"@type\":\"ImageObject\",\"inLanguage\":\"es\",\"@id\":\"https:\\\/\\\/informelitoral.com.ar\\\/#\\\/schema\\\/logo\\\/image\\\/\",\"url\":\"https:\\\/\\\/informelitoral.com.ar\\\/%77%70%2d%63%6f%6e%74%65%6e%74\\\/uploads\\\/2021\\\/01\\\/circulo.png\",\"contentUrl\":\"https:\\\/\\\/informelitoral.com.ar\\\/%77%70%2d%63%6f%6e%74%65%6e%74\\\/uploads\\\/2021\\\/01\\\/circulo.png\",\"width\":723,\"height\":731,\"caption\":\"Informe Litoral\"},\"image\":{\"@id\":\"https:\\\/\\\/informelitoral.com.ar\\\/#\\\/schema\\\/logo\\\/image\\\/\"},\"sameAs\":[\"https:\\\/\\\/www.facebook.com\\\/informelitoral\\\/\",\"https:\\\/\\\/x.com\\\/InformeLitoral\",\"https:\\\/\\\/www.instagram.com\\\/informelitoral\\\/\",\"https:\\\/\\\/www.youtube.com\\\/channel\\\/UCua4Qvz8Icb6MYqhoq9xLXw\"]},{\"@type\":\"Person\",\"@id\":\"https:\\\/\\\/informelitoral.com.ar\\\/#\\\/schema\\\/person\\\/b9d00407c836482871ef1d57bf8e3180\",\"name\":\"Gonzalo Schmidt\",\"image\":{\"@type\":\"ImageObject\",\"inLanguage\":\"es\",\"@id\":\"https:\\\/\\\/secure.gravatar.com\\\/avatar\\\/31a1a7b66ff2de83bd0e9fd79d026630d2d99e55e8bfe501287647b4fd9743de?s=96&d=mm&r=g\",\"url\":\"https:\\\/\\\/secure.gravatar.com\\\/avatar\\\/31a1a7b66ff2de83bd0e9fd79d026630d2d99e55e8bfe501287647b4fd9743de?s=96&d=mm&r=g\",\"contentUrl\":\"https:\\\/\\\/secure.gravatar.com\\\/avatar\\\/31a1a7b66ff2de83bd0e9fd79d026630d2d99e55e8bfe501287647b4fd9743de?s=96&d=mm&r=g\",\"caption\":\"Gonzalo Schmidt\"},\"description\":\"Sitio web de noticias de la provincia de Entre R\u00edos, Argentina. Informaci\u00f3n y entretenimiento. Informe Litoral, nos informamos.\",\"sameAs\":[\"http:\\\/\\\/www.isletasnoticias.com.ar\"],\"url\":\"https:\\\/\\\/informelitoral.com.ar\\\/author\\\/gonzalo\\\/\"}]}<\/script>","yoast_head_json":{"title":"Los feriados puente siguen generando pol\u00e9mica con el sector comercial - Informe Litoral","robots":{"index":"index","follow":"follow","max-snippet":"max-snippet:-1","max-image-preview":"max-image-preview:large","max-video-preview":"max-video-preview:-1"},"canonical":"https:\/\/informelitoral.com.ar\/los-feriados-puente-siguen-generando-polemica-con-el-sector-comercial\/","og_locale":"es_ES","og_type":"article","og_title":"Los feriados puente siguen generando pol\u00e9mica con el sector comercial - Informe Litoral","og_description":"Fue dispar el comportamiento de los locales comerciales en la capital provincial durante el feriado puente de ayer. Desde el Centro Comercial e Industrial cuestionan la medida y exigen modificaciones en la figura legal del feriado. La instauraci&oacute;n de los denominados feriados puente sigue generando controversias con el sector comercial de Paran&aacute;, que desde hace [&hellip;]","og_url":"https:\/\/informelitoral.com.ar\/los-feriados-puente-siguen-generando-polemica-con-el-sector-comercial\/","og_site_name":"Informe Litoral","article_publisher":"https:\/\/www.facebook.com\/informelitoral\/","article_published_time":"2015-03-24T16:47:18+00:00","article_modified_time":"2015-03-24T16:48:26+00:00","og_image":[{"width":1600,"height":1200,"url":"https:\/\/informelitoral.com.ar\/%77%70%2d%63%6f%6e%74%65%6e%74\/uploads\/2015\/03\/Imagen0187.jpg","type":"image\/jpeg"}],"author":"Gonzalo Schmidt","twitter_card":"summary_large_image","twitter_creator":"@InformeLitoral","twitter_site":"@InformeLitoral","twitter_misc":{"Escrito por":"Gonzalo Schmidt","Tiempo de lectura":"3 minutos"},"schema":{"@context":"https:\/\/schema.org","@graph":[{"@type":"Article","@id":"https:\/\/informelitoral.com.ar\/los-feriados-puente-siguen-generando-polemica-con-el-sector-comercial\/#article","isPartOf":{"@id":"https:\/\/informelitoral.com.ar\/los-feriados-puente-siguen-generando-polemica-con-el-sector-comercial\/"},"author":{"name":"Gonzalo Schmidt","@id":"https:\/\/informelitoral.com.ar\/#\/schema\/person\/b9d00407c836482871ef1d57bf8e3180"},"headline":"Los feriados puente siguen generando pol\u00e9mica con el sector comercial","datePublished":"2015-03-24T16:47:18+00:00","dateModified":"2015-03-24T16:48:26+00:00","mainEntityOfPage":{"@id":"https:\/\/informelitoral.com.ar\/los-feriados-puente-siguen-generando-polemica-con-el-sector-comercial\/"},"wordCount":631,"commentCount":0,"publisher":{"@id":"https:\/\/informelitoral.com.ar\/#organization"},"image":{"@id":"https:\/\/informelitoral.com.ar\/los-feriados-puente-siguen-generando-polemica-con-el-sector-comercial\/#primaryimage"},"thumbnailUrl":"http:\/\/www.isletasnoticias.com.ar\/%77%70%2d%63%6f%6e%74%65%6e%74\/uploads\/2015\/03\/Imagen0187-300x225.jpg","articleSection":["Entre R\u00edos","Nacionales"],"inLanguage":"es","potentialAction":[{"@type":"CommentAction","name":"Comment","target":["https:\/\/informelitoral.com.ar\/los-feriados-puente-siguen-generando-polemica-con-el-sector-comercial\/#respond"]}]},{"@type":"WebPage","@id":"https:\/\/informelitoral.com.ar\/los-feriados-puente-siguen-generando-polemica-con-el-sector-comercial\/","url":"https:\/\/informelitoral.com.ar\/los-feriados-puente-siguen-generando-polemica-con-el-sector-comercial\/","name":"Los feriados puente siguen generando pol\u00e9mica con el sector comercial - Informe Litoral","isPartOf":{"@id":"https:\/\/informelitoral.com.ar\/#website"},"primaryImageOfPage":{"@id":"https:\/\/informelitoral.com.ar\/los-feriados-puente-siguen-generando-polemica-con-el-sector-comercial\/#primaryimage"},"image":{"@id":"https:\/\/informelitoral.com.ar\/los-feriados-puente-siguen-generando-polemica-con-el-sector-comercial\/#primaryimage"},"thumbnailUrl":"http:\/\/www.isletasnoticias.com.ar\/%77%70%2d%63%6f%6e%74%65%6e%74\/uploads\/2015\/03\/Imagen0187-300x225.jpg","datePublished":"2015-03-24T16:47:18+00:00","dateModified":"2015-03-24T16:48:26+00:00","breadcrumb":{"@id":"https:\/\/informelitoral.com.ar\/los-feriados-puente-siguen-generando-polemica-con-el-sector-comercial\/#breadcrumb"},"inLanguage":"es","potentialAction":[{"@type":"ReadAction","target":["https:\/\/informelitoral.com.ar\/los-feriados-puente-siguen-generando-polemica-con-el-sector-comercial\/"]}]},{"@type":"ImageObject","inLanguage":"es","@id":"https:\/\/informelitoral.com.ar\/los-feriados-puente-siguen-generando-polemica-con-el-sector-comercial\/#primaryimage","url":"http:\/\/www.isletasnoticias.com.ar\/%77%70%2d%63%6f%6e%74%65%6e%74\/uploads\/2015\/03\/Imagen0187-300x225.jpg","contentUrl":"http:\/\/www.isletasnoticias.com.ar\/%77%70%2d%63%6f%6e%74%65%6e%74\/uploads\/2015\/03\/Imagen0187-300x225.jpg"},{"@type":"BreadcrumbList","@id":"https:\/\/informelitoral.com.ar\/los-feriados-puente-siguen-generando-polemica-con-el-sector-comercial\/#breadcrumb","itemListElement":[{"@type":"ListItem","position":1,"name":"Portada","item":"https:\/\/informelitoral.com.ar\/"},{"@type":"ListItem","position":2,"name":"Los feriados puente siguen generando pol\u00e9mica con el sector comercial"}]},{"@type":"WebSite","@id":"https:\/\/informelitoral.com.ar\/#website","url":"https:\/\/informelitoral.com.ar\/","name":"Informe Litoral","description":"&quot;Nos informamos&quot; ","publisher":{"@id":"https:\/\/informelitoral.com.ar\/#organization"},"potentialAction":[{"@type":"SearchAction","target":{"@type":"EntryPoint","urlTemplate":"https:\/\/informelitoral.com.ar\/?s={search_term_string}"},"query-input":{"@type":"PropertyValueSpecification","valueRequired":true,"valueName":"search_term_string"}}],"inLanguage":"es"},{"@type":"Organization","@id":"https:\/\/informelitoral.com.ar\/#organization","name":"Informe Litoral","url":"https:\/\/informelitoral.com.ar\/","logo":{"@type":"ImageObject","inLanguage":"es","@id":"https:\/\/informelitoral.com.ar\/#\/schema\/logo\/image\/","url":"https:\/\/informelitoral.com.ar\/%77%70%2d%63%6f%6e%74%65%6e%74\/uploads\/2021\/01\/circulo.png","contentUrl":"https:\/\/informelitoral.com.ar\/%77%70%2d%63%6f%6e%74%65%6e%74\/uploads\/2021\/01\/circulo.png","width":723,"height":731,"caption":"Informe Litoral"},"image":{"@id":"https:\/\/informelitoral.com.ar\/#\/schema\/logo\/image\/"},"sameAs":["https:\/\/www.facebook.com\/informelitoral\/","https:\/\/x.com\/InformeLitoral","https:\/\/www.instagram.com\/informelitoral\/","https:\/\/www.youtube.com\/channel\/UCua4Qvz8Icb6MYqhoq9xLXw"]},{"@type":"Person","@id":"https:\/\/informelitoral.com.ar\/#\/schema\/person\/b9d00407c836482871ef1d57bf8e3180","name":"Gonzalo Schmidt","image":{"@type":"ImageObject","inLanguage":"es","@id":"https:\/\/secure.gravatar.com\/avatar\/31a1a7b66ff2de83bd0e9fd79d026630d2d99e55e8bfe501287647b4fd9743de?s=96&d=mm&r=g","url":"https:\/\/secure.gravatar.com\/avatar\/31a1a7b66ff2de83bd0e9fd79d026630d2d99e55e8bfe501287647b4fd9743de?s=96&d=mm&r=g","contentUrl":"https:\/\/secure.gravatar.com\/avatar\/31a1a7b66ff2de83bd0e9fd79d026630d2d99e55e8bfe501287647b4fd9743de?s=96&d=mm&r=g","caption":"Gonzalo Schmidt"},"description":"Sitio web de noticias de la provincia de Entre R\u00edos, Argentina. Informaci\u00f3n y entretenimiento. Informe Litoral, nos informamos.","sameAs":["http:\/\/www.isletasnoticias.com.ar"],"url":"https:\/\/informelitoral.com.ar\/author\/gonzalo\/"}]}},"_links":{"self":[{"href":"https:\/\/informelitoral.com.ar\/%77%70%2d%6a%73%6f%6e\/wp\/v2\/posts\/10271","targetHints":{"allow":["GET"]}}],"collection":[{"href":"https:\/\/informelitoral.com.ar\/%77%70%2d%6a%73%6f%6e\/wp\/v2\/posts"}],"about":[{"href":"https:\/\/informelitoral.com.ar\/%77%70%2d%6a%73%6f%6e\/wp\/v2\/types\/post"}],"author":[{"embeddable":true,"href":"https:\/\/informelitoral.com.ar\/%77%70%2d%6a%73%6f%6e\/wp\/v2\/users\/2"}],"replies":[{"embeddable":true,"href":"https:\/\/informelitoral.com.ar\/%77%70%2d%6a%73%6f%6e\/wp\/v2\/comments?post=10271"}],"version-history":[{"count":0,"href":"https:\/\/informelitoral.com.ar\/%77%70%2d%6a%73%6f%6e\/wp\/v2\/posts\/10271\/revisions"}],"wp:attachment":[{"href":"https:\/\/informelitoral.com.ar\/%77%70%2d%6a%73%6f%6e\/wp\/v2\/media?parent=10271"}],"wp:term":[{"taxonomy":"category","embeddable":true,"href":"https:\/\/informelitoral.com.ar\/%77%70%2d%6a%73%6f%6e\/wp\/v2\/categories?post=10271"},{"taxonomy":"post_tag","embeddable":true,"href":"https:\/\/informelitoral.com.ar\/%77%70%2d%6a%73%6f%6e\/wp\/v2\/tags?post=10271"}],"curies":[{"name":"wp","href":"https:\/\/api.w.org\/{rel}","templated":true}]}}