{"id":10265,"date":"2015-03-24T13:30:05","date_gmt":"2015-03-24T16:30:05","guid":{"rendered":"http:\/\/www.isletasnoticias.com.ar\/?p=10265"},"modified":"2015-03-24T13:30:05","modified_gmt":"2015-03-24T16:30:05","slug":"a-39-anos-del-golpe-militar-los-pueblos-sin-memoria-son-pueblos-dormidos","status":"publish","type":"post","link":"https:\/\/informelitoral.com.ar\/a-39-anos-del-golpe-militar-los-pueblos-sin-memoria-son-pueblos-dormidos\/","title":{"rendered":"A 39 a\u00f1os del golpe militar: los pueblos sin memoria son pueblos dormidos"},"content":{"rendered":"<p><strong>\u00abLa memoria despierta para herir a los pueblos dormidos que no la dejan vivir libre como el viento\u00bb, dice Le\u00f3n Gieco en su canci\u00f3n \u00abLa memoria\u00bb, esa memoria que se volver\u00e1 a reivindicar hoy cuando se conmemoren 39 a\u00f1os del Golpe militar que durante siete a\u00f1os sumi\u00f3 en la noche m\u00e1s oscura a la Argentina.<a href=\"http:\/\/www.isletasnoticias.com.ar\/%77%70%2d%63%6f%6e%74%65%6e%74\/uploads\/2015\/03\/dia-de-la-memoria.png\"><img loading=\"lazy\" decoding=\"async\" class=\"aligncenter size-medium wp-image-10266\" src=\"http:\/\/www.isletasnoticias.com.ar\/%77%70%2d%63%6f%6e%74%65%6e%74\/uploads\/2015\/03\/dia-de-la-memoria-300x171.png\" alt=\"dia-de-la-memoria\" width=\"300\" height=\"171\" srcset=\"https:\/\/informelitoral.com.ar\/%77%70%2d%63%6f%6e%74%65%6e%74\/uploads\/2015\/03\/dia-de-la-memoria-300x171.png 300w, https:\/\/informelitoral.com.ar\/%77%70%2d%63%6f%6e%74%65%6e%74\/uploads\/2015\/03\/dia-de-la-memoria.png 700w\" sizes=\"auto, (max-width: 300px) 100vw, 300px\" \/><\/a><\/strong>El 24 de marzo de conmemora el \u00abD\u00eda Nacional de la Memoria por la Verdad y la Justicia\u00bb, una jornada para recordar y analizar qu\u00e9 nos pas\u00f3 a los argentinos en esos 2.818 d\u00edas, llenos de violencia, dolor y ausencias.<\/p>\n<p>El 24 de marzo de 1976 el general Jos\u00e9 Rogelio Villarreal le dijo a Isabel Mart\u00ednez de Per\u00f3n: \u00abSe\u00f1ora, las Fuerzas Armadas han decidido tomar el control pol\u00edtico del pa\u00eds y usted queda arrestada\u00bb.<\/p>\n<p>\u00abControl del pa\u00eds&#8230;\u00bb, tres palabras que conten\u00edan un futuro fat\u00eddico: disoluci\u00f3n de los partidos pol\u00edticos, cierre del Congreso, reemplazo de la Corte Suprema de Justicia, supresi\u00f3n de la actividad sindical y debacle econ\u00f3mica y social.<\/p>\n<p>Este \u00abcontrol del pa\u00eds\u00bb fue te\u00f1ido de sangre con m\u00e1s de 30.000 desaparecidos; detenidos por razones pol\u00edticas que fueron v\u00edctimas de una violencia extrema y vej\u00e1menes y 500 beb\u00e9s robados a sus padres biol\u00f3gicos, a quienes se les cambi\u00f3 la identidad.<\/p>\n<p>\u00abControl del pa\u00eds\u00bb, tambi\u00e9n signific\u00f3 una brutal y aniquiladora pol\u00edtica econ\u00f3mica.<\/p>\n<p>El r\u00e9gimen militar impuls\u00f3 las bases de un nuevo modelo econ\u00f3mico: el neoliberalismo, con la idea de que el Estado deb\u00eda intervenir lo menos posible en el mercado.<\/p>\n<p>De esta forma, se configur\u00f3 un pa\u00eds regresivo en lo econ\u00f3mico y socialmente injusto.<\/p>\n<p>La apertura de la econom\u00eda signific\u00f3 la destrucci\u00f3n de la industria nacional, as\u00ed como tambi\u00e9n la creciente concentraci\u00f3n de la riqueza en pocas manos.<\/p>\n<p>A comienzos de 1977, el entonces ministro de Econom\u00eda, Jos\u00e9 Mart\u00ednez de Hoz, inici\u00f3 un experimento monetario denominado \u00abla tablita\u00bb, un sistema de devaluaciones que dio comienzo a la especulaci\u00f3n o \u00abbicicleta financiera\u00bb.<\/p>\n<p>En 1979, el sistema financiero se volvi\u00f3 incontrolable para el gobierno, los precios minoristas subieron un 139 por ciento y el consumo cay\u00f3 abruptamente.<\/p>\n<p>Otro n\u00famero que refleja la fuerte ca\u00edda de la econom\u00eda del pa\u00eds es que en los siete a\u00f1os de la dictadura se quintuplic\u00f3 la deuda externa argentina.<\/p>\n<p>De 9.738 millones de pesos en 1976, ascendi\u00f3 a 45.069 millones de pesos en 1983.<\/p>\n<p>39 a\u00f1os despu\u00e9s, \u00abcontrol del pa\u00eds\u00bb es reemplazado por otras tres palabras Memoria, Verdad y Justicia, que son los pilares en los que una sociedad debe apoyarse para poder mirar hacia delante, pero sin olvidar y aprendiendo de los errores.<\/p>\n<p>Despierta la memoria recordar que el 15 de marzo de 2006 se sancion\u00f3 la ley que declar\u00f3 el 24 de marzo \u00abD\u00eda de la memoria, por la verdad y la justicia\u00bb, a instancias del entonces presidente N\u00e9stor Kirchner.<\/p>\n<p>Despiertan la memoria 13 juicios por delitos de lesa humanidad que se llevan adelante actualmente; despiertan la memoria m\u00e1s de 134 procesos finalizados desde que se declar\u00f3 la inconstitucionalidad de las \u00ableyes del perd\u00f3n\u00bb; despiertan la memoria 563 condenados; despiertan la memoria 1064 detenidos por violaciones a los derechos humanos.<\/p>\n<p>La memoria se despierta con 116 nietos recuperados, con m\u00e1s de 200 detenidos-desaparecidos identificados a trav\u00e9s de sus restos encontrados enterrados clandestinamente; con m\u00e1s de 100 ex centros clandestinos de detenci\u00f3n se\u00f1alizados para recordar que por all\u00ed pas\u00f3 el horror y con 11.941 v\u00edctimas que vieron y ver\u00e1n sentados en el banquillo de los acusados a sus verdugos.<\/p>\n<p>La memoria se despiertan cuando son llevados ante la justicia los jueces c\u00f3mplices y los empresarios que no dudaron en \u00abentregar\u00bb a sus trabajadores a cambio de beneficios econ\u00f3micos ba\u00f1ados en sangre.<\/p>\n<p>Pablo Neruda dice en su poema \u00abLos enemigos\u00bb: \u00abPor esos muertos, nuestros muertos, pido castigo. Para los que de sangre salpicaron la Patria, pido castigo. Para el verdugo que mand\u00f3 esta muerte, pido castigo. Para el traidor que ascendi\u00f3 sobre el crimen, pido castigo. Para el que dio la orden de agon\u00eda, pido castigo. Para los que defendieron este crimen, pido castigo\u00bb. <em>(T\u00e9lam)<\/em><\/p>\n","protected":false},"excerpt":{"rendered":"<p>&laquo;La memoria despierta para herir a los pueblos dormidos que no la dejan vivir libre como el viento&raquo;, dice Le&oacute;n Gieco en su canci&oacute;n &laquo;La memoria&raquo;, esa memoria que se volver&aacute; a reivindicar hoy cuando se conmemoren 39 a&ntilde;os del Golpe militar que durante siete a&ntilde;os sumi&oacute; en la noche m&aacute;s oscura a la Argentina.El [&hellip;]<\/p>\n","protected":false},"author":2,"featured_media":0,"comment_status":"open","ping_status":"open","sticky":false,"template":"","format":"standard","meta":{"fifu_image_url":"","fifu_image_alt":"","footnotes":""},"categories":[7],"tags":[],"class_list":{"0":"post-10265","1":"post","2":"type-post","3":"status-publish","4":"format-standard","6":"category-nacionales"},"yoast_head":"<title>A 39 a\u00f1os del golpe militar: los pueblos sin memoria son pueblos dormidos - Informe Litoral<\/title>\n<meta name=\"robots\" content=\"index, follow, max-snippet:-1, max-image-preview:large, max-video-preview:-1\" \/>\n<link rel=\"canonical\" href=\"https:\/\/informelitoral.com.ar\/a-39-anos-del-golpe-militar-los-pueblos-sin-memoria-son-pueblos-dormidos\/\" \/>\n<meta property=\"og:locale\" content=\"es_ES\" \/>\n<meta property=\"og:type\" content=\"article\" \/>\n<meta property=\"og:title\" content=\"A 39 a\u00f1os del golpe militar: los pueblos sin memoria son pueblos dormidos - Informe Litoral\" \/>\n<meta property=\"og:description\" content=\"&laquo;La memoria despierta para herir a los pueblos dormidos que no la dejan vivir libre como el viento&raquo;, dice Le&oacute;n Gieco en su canci&oacute;n &laquo;La memoria&raquo;, esa memoria que se volver&aacute; a reivindicar hoy cuando se conmemoren 39 a&ntilde;os del Golpe militar que durante siete a&ntilde;os sumi&oacute; en la noche m&aacute;s oscura a la Argentina.El [&hellip;]\" \/>\n<meta property=\"og:url\" content=\"https:\/\/informelitoral.com.ar\/a-39-anos-del-golpe-militar-los-pueblos-sin-memoria-son-pueblos-dormidos\/\" \/>\n<meta property=\"og:site_name\" content=\"Informe Litoral\" \/>\n<meta property=\"article:publisher\" content=\"https:\/\/www.facebook.com\/informelitoral\/\" \/>\n<meta property=\"article:published_time\" content=\"2015-03-24T16:30:05+00:00\" \/>\n<meta property=\"og:image\" content=\"https:\/\/informelitoral.com.ar\/%77%70%2d%63%6f%6e%74%65%6e%74\/uploads\/2015\/03\/dia-de-la-memoria.png\" \/>\n\t<meta property=\"og:image:width\" content=\"700\" \/>\n\t<meta property=\"og:image:height\" content=\"400\" \/>\n\t<meta property=\"og:image:type\" content=\"image\/png\" \/>\n<meta name=\"author\" content=\"Gonzalo Schmidt\" \/>\n<meta name=\"twitter:card\" content=\"summary_large_image\" \/>\n<meta name=\"twitter:creator\" content=\"@InformeLitoral\" \/>\n<meta name=\"twitter:site\" content=\"@InformeLitoral\" \/>\n<meta name=\"twitter:label1\" content=\"Escrito por\" \/>\n\t<meta name=\"twitter:data1\" content=\"Gonzalo Schmidt\" \/>\n\t<meta name=\"twitter:label2\" content=\"Tiempo de lectura\" \/>\n\t<meta name=\"twitter:data2\" content=\"4 minutos\" \/>\n<script type=\"application\/ld+json\" class=\"yoast-schema-graph\">{\"@context\":\"https:\\\/\\\/schema.org\",\"@graph\":[{\"@type\":\"Article\",\"@id\":\"https:\\\/\\\/informelitoral.com.ar\\\/a-39-anos-del-golpe-militar-los-pueblos-sin-memoria-son-pueblos-dormidos\\\/#article\",\"isPartOf\":{\"@id\":\"https:\\\/\\\/informelitoral.com.ar\\\/a-39-anos-del-golpe-militar-los-pueblos-sin-memoria-son-pueblos-dormidos\\\/\"},\"author\":{\"name\":\"Gonzalo Schmidt\",\"@id\":\"https:\\\/\\\/informelitoral.com.ar\\\/#\\\/schema\\\/person\\\/b9d00407c836482871ef1d57bf8e3180\"},\"headline\":\"A 39 a\u00f1os del golpe militar: los pueblos sin memoria son pueblos dormidos\",\"datePublished\":\"2015-03-24T16:30:05+00:00\",\"mainEntityOfPage\":{\"@id\":\"https:\\\/\\\/informelitoral.com.ar\\\/a-39-anos-del-golpe-militar-los-pueblos-sin-memoria-son-pueblos-dormidos\\\/\"},\"wordCount\":716,\"commentCount\":0,\"publisher\":{\"@id\":\"https:\\\/\\\/informelitoral.com.ar\\\/#organization\"},\"image\":{\"@id\":\"https:\\\/\\\/informelitoral.com.ar\\\/a-39-anos-del-golpe-militar-los-pueblos-sin-memoria-son-pueblos-dormidos\\\/#primaryimage\"},\"thumbnailUrl\":\"http:\\\/\\\/www.isletasnoticias.com.ar\\\/%77%70%2d%63%6f%6e%74%65%6e%74\\\/uploads\\\/2015\\\/03\\\/dia-de-la-memoria-300x171.png\",\"articleSection\":[\"Nacionales\"],\"inLanguage\":\"es\",\"potentialAction\":[{\"@type\":\"CommentAction\",\"name\":\"Comment\",\"target\":[\"https:\\\/\\\/informelitoral.com.ar\\\/a-39-anos-del-golpe-militar-los-pueblos-sin-memoria-son-pueblos-dormidos\\\/#respond\"]}]},{\"@type\":\"WebPage\",\"@id\":\"https:\\\/\\\/informelitoral.com.ar\\\/a-39-anos-del-golpe-militar-los-pueblos-sin-memoria-son-pueblos-dormidos\\\/\",\"url\":\"https:\\\/\\\/informelitoral.com.ar\\\/a-39-anos-del-golpe-militar-los-pueblos-sin-memoria-son-pueblos-dormidos\\\/\",\"name\":\"A 39 a\u00f1os del golpe militar: los pueblos sin memoria son pueblos dormidos - Informe Litoral\",\"isPartOf\":{\"@id\":\"https:\\\/\\\/informelitoral.com.ar\\\/#website\"},\"primaryImageOfPage\":{\"@id\":\"https:\\\/\\\/informelitoral.com.ar\\\/a-39-anos-del-golpe-militar-los-pueblos-sin-memoria-son-pueblos-dormidos\\\/#primaryimage\"},\"image\":{\"@id\":\"https:\\\/\\\/informelitoral.com.ar\\\/a-39-anos-del-golpe-militar-los-pueblos-sin-memoria-son-pueblos-dormidos\\\/#primaryimage\"},\"thumbnailUrl\":\"http:\\\/\\\/www.isletasnoticias.com.ar\\\/%77%70%2d%63%6f%6e%74%65%6e%74\\\/uploads\\\/2015\\\/03\\\/dia-de-la-memoria-300x171.png\",\"datePublished\":\"2015-03-24T16:30:05+00:00\",\"breadcrumb\":{\"@id\":\"https:\\\/\\\/informelitoral.com.ar\\\/a-39-anos-del-golpe-militar-los-pueblos-sin-memoria-son-pueblos-dormidos\\\/#breadcrumb\"},\"inLanguage\":\"es\",\"potentialAction\":[{\"@type\":\"ReadAction\",\"target\":[\"https:\\\/\\\/informelitoral.com.ar\\\/a-39-anos-del-golpe-militar-los-pueblos-sin-memoria-son-pueblos-dormidos\\\/\"]}]},{\"@type\":\"ImageObject\",\"inLanguage\":\"es\",\"@id\":\"https:\\\/\\\/informelitoral.com.ar\\\/a-39-anos-del-golpe-militar-los-pueblos-sin-memoria-son-pueblos-dormidos\\\/#primaryimage\",\"url\":\"http:\\\/\\\/www.isletasnoticias.com.ar\\\/%77%70%2d%63%6f%6e%74%65%6e%74\\\/uploads\\\/2015\\\/03\\\/dia-de-la-memoria-300x171.png\",\"contentUrl\":\"http:\\\/\\\/www.isletasnoticias.com.ar\\\/%77%70%2d%63%6f%6e%74%65%6e%74\\\/uploads\\\/2015\\\/03\\\/dia-de-la-memoria-300x171.png\"},{\"@type\":\"BreadcrumbList\",\"@id\":\"https:\\\/\\\/informelitoral.com.ar\\\/a-39-anos-del-golpe-militar-los-pueblos-sin-memoria-son-pueblos-dormidos\\\/#breadcrumb\",\"itemListElement\":[{\"@type\":\"ListItem\",\"position\":1,\"name\":\"Portada\",\"item\":\"https:\\\/\\\/informelitoral.com.ar\\\/\"},{\"@type\":\"ListItem\",\"position\":2,\"name\":\"A 39 a\u00f1os del golpe militar: los pueblos sin memoria son pueblos dormidos\"}]},{\"@type\":\"WebSite\",\"@id\":\"https:\\\/\\\/informelitoral.com.ar\\\/#website\",\"url\":\"https:\\\/\\\/informelitoral.com.ar\\\/\",\"name\":\"Informe Litoral\",\"description\":\"&quot;Nos informamos&quot; \",\"publisher\":{\"@id\":\"https:\\\/\\\/informelitoral.com.ar\\\/#organization\"},\"potentialAction\":[{\"@type\":\"SearchAction\",\"target\":{\"@type\":\"EntryPoint\",\"urlTemplate\":\"https:\\\/\\\/informelitoral.com.ar\\\/?s={search_term_string}\"},\"query-input\":{\"@type\":\"PropertyValueSpecification\",\"valueRequired\":true,\"valueName\":\"search_term_string\"}}],\"inLanguage\":\"es\"},{\"@type\":\"Organization\",\"@id\":\"https:\\\/\\\/informelitoral.com.ar\\\/#organization\",\"name\":\"Informe Litoral\",\"url\":\"https:\\\/\\\/informelitoral.com.ar\\\/\",\"logo\":{\"@type\":\"ImageObject\",\"inLanguage\":\"es\",\"@id\":\"https:\\\/\\\/informelitoral.com.ar\\\/#\\\/schema\\\/logo\\\/image\\\/\",\"url\":\"https:\\\/\\\/informelitoral.com.ar\\\/%77%70%2d%63%6f%6e%74%65%6e%74\\\/uploads\\\/2021\\\/01\\\/circulo.png\",\"contentUrl\":\"https:\\\/\\\/informelitoral.com.ar\\\/%77%70%2d%63%6f%6e%74%65%6e%74\\\/uploads\\\/2021\\\/01\\\/circulo.png\",\"width\":723,\"height\":731,\"caption\":\"Informe Litoral\"},\"image\":{\"@id\":\"https:\\\/\\\/informelitoral.com.ar\\\/#\\\/schema\\\/logo\\\/image\\\/\"},\"sameAs\":[\"https:\\\/\\\/www.facebook.com\\\/informelitoral\\\/\",\"https:\\\/\\\/x.com\\\/InformeLitoral\",\"https:\\\/\\\/www.instagram.com\\\/informelitoral\\\/\",\"https:\\\/\\\/www.youtube.com\\\/channel\\\/UCua4Qvz8Icb6MYqhoq9xLXw\"]},{\"@type\":\"Person\",\"@id\":\"https:\\\/\\\/informelitoral.com.ar\\\/#\\\/schema\\\/person\\\/b9d00407c836482871ef1d57bf8e3180\",\"name\":\"Gonzalo Schmidt\",\"image\":{\"@type\":\"ImageObject\",\"inLanguage\":\"es\",\"@id\":\"https:\\\/\\\/secure.gravatar.com\\\/avatar\\\/31a1a7b66ff2de83bd0e9fd79d026630d2d99e55e8bfe501287647b4fd9743de?s=96&d=mm&r=g\",\"url\":\"https:\\\/\\\/secure.gravatar.com\\\/avatar\\\/31a1a7b66ff2de83bd0e9fd79d026630d2d99e55e8bfe501287647b4fd9743de?s=96&d=mm&r=g\",\"contentUrl\":\"https:\\\/\\\/secure.gravatar.com\\\/avatar\\\/31a1a7b66ff2de83bd0e9fd79d026630d2d99e55e8bfe501287647b4fd9743de?s=96&d=mm&r=g\",\"caption\":\"Gonzalo Schmidt\"},\"description\":\"Sitio web de noticias de la provincia de Entre R\u00edos, Argentina. Informaci\u00f3n y entretenimiento. Informe Litoral, nos informamos.\",\"sameAs\":[\"http:\\\/\\\/www.isletasnoticias.com.ar\"],\"url\":\"https:\\\/\\\/informelitoral.com.ar\\\/author\\\/gonzalo\\\/\"}]}<\/script>","yoast_head_json":{"title":"A 39 a\u00f1os del golpe militar: los pueblos sin memoria son pueblos dormidos - Informe Litoral","robots":{"index":"index","follow":"follow","max-snippet":"max-snippet:-1","max-image-preview":"max-image-preview:large","max-video-preview":"max-video-preview:-1"},"canonical":"https:\/\/informelitoral.com.ar\/a-39-anos-del-golpe-militar-los-pueblos-sin-memoria-son-pueblos-dormidos\/","og_locale":"es_ES","og_type":"article","og_title":"A 39 a\u00f1os del golpe militar: los pueblos sin memoria son pueblos dormidos - Informe Litoral","og_description":"&laquo;La memoria despierta para herir a los pueblos dormidos que no la dejan vivir libre como el viento&raquo;, dice Le&oacute;n Gieco en su canci&oacute;n &laquo;La memoria&raquo;, esa memoria que se volver&aacute; a reivindicar hoy cuando se conmemoren 39 a&ntilde;os del Golpe militar que durante siete a&ntilde;os sumi&oacute; en la noche m&aacute;s oscura a la Argentina.El [&hellip;]","og_url":"https:\/\/informelitoral.com.ar\/a-39-anos-del-golpe-militar-los-pueblos-sin-memoria-son-pueblos-dormidos\/","og_site_name":"Informe Litoral","article_publisher":"https:\/\/www.facebook.com\/informelitoral\/","article_published_time":"2015-03-24T16:30:05+00:00","og_image":[{"width":700,"height":400,"url":"https:\/\/informelitoral.com.ar\/%77%70%2d%63%6f%6e%74%65%6e%74\/uploads\/2015\/03\/dia-de-la-memoria.png","type":"image\/png"}],"author":"Gonzalo Schmidt","twitter_card":"summary_large_image","twitter_creator":"@InformeLitoral","twitter_site":"@InformeLitoral","twitter_misc":{"Escrito por":"Gonzalo Schmidt","Tiempo de lectura":"4 minutos"},"schema":{"@context":"https:\/\/schema.org","@graph":[{"@type":"Article","@id":"https:\/\/informelitoral.com.ar\/a-39-anos-del-golpe-militar-los-pueblos-sin-memoria-son-pueblos-dormidos\/#article","isPartOf":{"@id":"https:\/\/informelitoral.com.ar\/a-39-anos-del-golpe-militar-los-pueblos-sin-memoria-son-pueblos-dormidos\/"},"author":{"name":"Gonzalo Schmidt","@id":"https:\/\/informelitoral.com.ar\/#\/schema\/person\/b9d00407c836482871ef1d57bf8e3180"},"headline":"A 39 a\u00f1os del golpe militar: los pueblos sin memoria son pueblos dormidos","datePublished":"2015-03-24T16:30:05+00:00","mainEntityOfPage":{"@id":"https:\/\/informelitoral.com.ar\/a-39-anos-del-golpe-militar-los-pueblos-sin-memoria-son-pueblos-dormidos\/"},"wordCount":716,"commentCount":0,"publisher":{"@id":"https:\/\/informelitoral.com.ar\/#organization"},"image":{"@id":"https:\/\/informelitoral.com.ar\/a-39-anos-del-golpe-militar-los-pueblos-sin-memoria-son-pueblos-dormidos\/#primaryimage"},"thumbnailUrl":"http:\/\/www.isletasnoticias.com.ar\/%77%70%2d%63%6f%6e%74%65%6e%74\/uploads\/2015\/03\/dia-de-la-memoria-300x171.png","articleSection":["Nacionales"],"inLanguage":"es","potentialAction":[{"@type":"CommentAction","name":"Comment","target":["https:\/\/informelitoral.com.ar\/a-39-anos-del-golpe-militar-los-pueblos-sin-memoria-son-pueblos-dormidos\/#respond"]}]},{"@type":"WebPage","@id":"https:\/\/informelitoral.com.ar\/a-39-anos-del-golpe-militar-los-pueblos-sin-memoria-son-pueblos-dormidos\/","url":"https:\/\/informelitoral.com.ar\/a-39-anos-del-golpe-militar-los-pueblos-sin-memoria-son-pueblos-dormidos\/","name":"A 39 a\u00f1os del golpe militar: los pueblos sin memoria son pueblos dormidos - Informe Litoral","isPartOf":{"@id":"https:\/\/informelitoral.com.ar\/#website"},"primaryImageOfPage":{"@id":"https:\/\/informelitoral.com.ar\/a-39-anos-del-golpe-militar-los-pueblos-sin-memoria-son-pueblos-dormidos\/#primaryimage"},"image":{"@id":"https:\/\/informelitoral.com.ar\/a-39-anos-del-golpe-militar-los-pueblos-sin-memoria-son-pueblos-dormidos\/#primaryimage"},"thumbnailUrl":"http:\/\/www.isletasnoticias.com.ar\/%77%70%2d%63%6f%6e%74%65%6e%74\/uploads\/2015\/03\/dia-de-la-memoria-300x171.png","datePublished":"2015-03-24T16:30:05+00:00","breadcrumb":{"@id":"https:\/\/informelitoral.com.ar\/a-39-anos-del-golpe-militar-los-pueblos-sin-memoria-son-pueblos-dormidos\/#breadcrumb"},"inLanguage":"es","potentialAction":[{"@type":"ReadAction","target":["https:\/\/informelitoral.com.ar\/a-39-anos-del-golpe-militar-los-pueblos-sin-memoria-son-pueblos-dormidos\/"]}]},{"@type":"ImageObject","inLanguage":"es","@id":"https:\/\/informelitoral.com.ar\/a-39-anos-del-golpe-militar-los-pueblos-sin-memoria-son-pueblos-dormidos\/#primaryimage","url":"http:\/\/www.isletasnoticias.com.ar\/%77%70%2d%63%6f%6e%74%65%6e%74\/uploads\/2015\/03\/dia-de-la-memoria-300x171.png","contentUrl":"http:\/\/www.isletasnoticias.com.ar\/%77%70%2d%63%6f%6e%74%65%6e%74\/uploads\/2015\/03\/dia-de-la-memoria-300x171.png"},{"@type":"BreadcrumbList","@id":"https:\/\/informelitoral.com.ar\/a-39-anos-del-golpe-militar-los-pueblos-sin-memoria-son-pueblos-dormidos\/#breadcrumb","itemListElement":[{"@type":"ListItem","position":1,"name":"Portada","item":"https:\/\/informelitoral.com.ar\/"},{"@type":"ListItem","position":2,"name":"A 39 a\u00f1os del golpe militar: los pueblos sin memoria son pueblos dormidos"}]},{"@type":"WebSite","@id":"https:\/\/informelitoral.com.ar\/#website","url":"https:\/\/informelitoral.com.ar\/","name":"Informe Litoral","description":"&quot;Nos informamos&quot; ","publisher":{"@id":"https:\/\/informelitoral.com.ar\/#organization"},"potentialAction":[{"@type":"SearchAction","target":{"@type":"EntryPoint","urlTemplate":"https:\/\/informelitoral.com.ar\/?s={search_term_string}"},"query-input":{"@type":"PropertyValueSpecification","valueRequired":true,"valueName":"search_term_string"}}],"inLanguage":"es"},{"@type":"Organization","@id":"https:\/\/informelitoral.com.ar\/#organization","name":"Informe Litoral","url":"https:\/\/informelitoral.com.ar\/","logo":{"@type":"ImageObject","inLanguage":"es","@id":"https:\/\/informelitoral.com.ar\/#\/schema\/logo\/image\/","url":"https:\/\/informelitoral.com.ar\/%77%70%2d%63%6f%6e%74%65%6e%74\/uploads\/2021\/01\/circulo.png","contentUrl":"https:\/\/informelitoral.com.ar\/%77%70%2d%63%6f%6e%74%65%6e%74\/uploads\/2021\/01\/circulo.png","width":723,"height":731,"caption":"Informe Litoral"},"image":{"@id":"https:\/\/informelitoral.com.ar\/#\/schema\/logo\/image\/"},"sameAs":["https:\/\/www.facebook.com\/informelitoral\/","https:\/\/x.com\/InformeLitoral","https:\/\/www.instagram.com\/informelitoral\/","https:\/\/www.youtube.com\/channel\/UCua4Qvz8Icb6MYqhoq9xLXw"]},{"@type":"Person","@id":"https:\/\/informelitoral.com.ar\/#\/schema\/person\/b9d00407c836482871ef1d57bf8e3180","name":"Gonzalo Schmidt","image":{"@type":"ImageObject","inLanguage":"es","@id":"https:\/\/secure.gravatar.com\/avatar\/31a1a7b66ff2de83bd0e9fd79d026630d2d99e55e8bfe501287647b4fd9743de?s=96&d=mm&r=g","url":"https:\/\/secure.gravatar.com\/avatar\/31a1a7b66ff2de83bd0e9fd79d026630d2d99e55e8bfe501287647b4fd9743de?s=96&d=mm&r=g","contentUrl":"https:\/\/secure.gravatar.com\/avatar\/31a1a7b66ff2de83bd0e9fd79d026630d2d99e55e8bfe501287647b4fd9743de?s=96&d=mm&r=g","caption":"Gonzalo Schmidt"},"description":"Sitio web de noticias de la provincia de Entre R\u00edos, Argentina. Informaci\u00f3n y entretenimiento. Informe Litoral, nos informamos.","sameAs":["http:\/\/www.isletasnoticias.com.ar"],"url":"https:\/\/informelitoral.com.ar\/author\/gonzalo\/"}]}},"_links":{"self":[{"href":"https:\/\/informelitoral.com.ar\/%77%70%2d%6a%73%6f%6e\/wp\/v2\/posts\/10265","targetHints":{"allow":["GET"]}}],"collection":[{"href":"https:\/\/informelitoral.com.ar\/%77%70%2d%6a%73%6f%6e\/wp\/v2\/posts"}],"about":[{"href":"https:\/\/informelitoral.com.ar\/%77%70%2d%6a%73%6f%6e\/wp\/v2\/types\/post"}],"author":[{"embeddable":true,"href":"https:\/\/informelitoral.com.ar\/%77%70%2d%6a%73%6f%6e\/wp\/v2\/users\/2"}],"replies":[{"embeddable":true,"href":"https:\/\/informelitoral.com.ar\/%77%70%2d%6a%73%6f%6e\/wp\/v2\/comments?post=10265"}],"version-history":[{"count":0,"href":"https:\/\/informelitoral.com.ar\/%77%70%2d%6a%73%6f%6e\/wp\/v2\/posts\/10265\/revisions"}],"wp:attachment":[{"href":"https:\/\/informelitoral.com.ar\/%77%70%2d%6a%73%6f%6e\/wp\/v2\/media?parent=10265"}],"wp:term":[{"taxonomy":"category","embeddable":true,"href":"https:\/\/informelitoral.com.ar\/%77%70%2d%6a%73%6f%6e\/wp\/v2\/categories?post=10265"},{"taxonomy":"post_tag","embeddable":true,"href":"https:\/\/informelitoral.com.ar\/%77%70%2d%6a%73%6f%6e\/wp\/v2\/tags?post=10265"}],"curies":[{"name":"wp","href":"https:\/\/api.w.org\/{rel}","templated":true}]}}