{"id":10247,"date":"2015-03-21T15:54:51","date_gmt":"2015-03-21T18:54:51","guid":{"rendered":"http:\/\/www.isletasnoticias.com.ar\/?p=10247"},"modified":"2015-03-21T15:56:17","modified_gmt":"2015-03-21T18:56:17","slug":"adan-bahl-inauguro-la-xx-fiesta-nacional-de-la-apicultura-de-macia","status":"publish","type":"post","link":"https:\/\/informelitoral.com.ar\/adan-bahl-inauguro-la-xx-fiesta-nacional-de-la-apicultura-de-macia\/","title":{"rendered":"Ad\u00e1n Bahl inaugur\u00f3 la XX Fiesta Nacional de la Apicultura de Maci\u00e1"},"content":{"rendered":"<p><strong>Este viernes qued\u00f3 formalmente inaugurada la XX Fiesta Nacional de la Apicultura y la Expo Ap\u00edcola en la localidad de Maci\u00e1 con la presencia de Ad\u00e1n Bahl. Participan productores, artesanos, industriales y comerciantes de todo el pa\u00eds.<a href=\"http:\/\/www.isletasnoticias.com.ar\/%77%70%2d%63%6f%6e%74%65%6e%74\/uploads\/2015\/03\/e_1426948863.jpg\"><img loading=\"lazy\" decoding=\"async\" class=\"aligncenter size-medium wp-image-10248\" src=\"http:\/\/www.isletasnoticias.com.ar\/%77%70%2d%63%6f%6e%74%65%6e%74\/uploads\/2015\/03\/e_1426948863-300x225.jpg\" alt=\"e_1426948863\" width=\"300\" height=\"225\" srcset=\"https:\/\/informelitoral.com.ar\/%77%70%2d%63%6f%6e%74%65%6e%74\/uploads\/2015\/03\/e_1426948863-300x225.jpg 300w, https:\/\/informelitoral.com.ar\/%77%70%2d%63%6f%6e%74%65%6e%74\/uploads\/2015\/03\/e_1426948863.jpg 432w\" sizes=\"auto, (max-width: 300px) 100vw, 300px\" \/><\/a><\/strong>Las actividades continuar\u00e1n este s\u00e1bado y ma\u00f1ana domingo con importantes conferencias, ronda de negocios y una destacada cartelera en el escenario del predio.<\/p>\n<p>Participaron de la ceremonia inaugural el ministro de Gobierno, <strong>Ad\u00e1n Humberto Bahl<\/strong>; de Producci\u00f3n, <strong>Roberto Schunk<\/strong>; el intendente de Maci\u00e1, <strong>Ricardo Troncoso<\/strong>; el diputado Nacional, <strong>Lautaro Gervasoni;<\/strong> el senador provincial, <strong>Luis Schaaf<\/strong>, el diputado provincial, <strong>Juan Navarro<\/strong> y los intendentes <strong>Juan Jos\u00e9 Bahillo<\/strong> de Gualeguaych\u00fa; <strong>Oscar Rossetti<\/strong> de Rosario del Tala, <strong>Luis Hanemann<\/strong> de Lucas Gonz\u00e1lez; de Bovril, <strong>Alfredo Blochinger<\/strong>, <strong>Omar Migueles<\/strong> de Mansilla y dem\u00e1s presidentes de juntas de Gobierno del departamento Tala.<\/p>\n<p>El ministro de Gobierno, Ad\u00e1n Humberto Bahl destac\u00f3 que \u00abla calidad de la miel entrerriana es reconocida nacional e internacionalmente\u00bb, y agreg\u00f3 que es una verdadera alegr\u00eda poder estar celebrando junto a los productores la vig\u00e9sima edici\u00f3n de esta Fiesta Nacional de la Apicultura\u00bb.<\/p>\n<p>En relaci\u00f3n a los trabajos que vienen desarrollando desde el gobierno de la provincia, el titular de la cartera pol\u00edtica expres\u00f3: \u00abEl gobierno de Sergio Urribarri trabaja en forma permanente para fortalecer el crecimiento de las econom\u00edas regionales, porque significan trabajo genuino para los entrerrianos\u00bb, explic\u00f3 Bahl al mismo tiempo que resalt\u00f3 que \u00abhoy Entre R\u00edos se posiciona como la segunda provincia productora ap\u00edcola del pa\u00eds\u00bb.<\/p>\n<p>Por \u00faltimo, reflexion\u00f3:\u00bbLa colaboraci\u00f3n del Estado con el sector productivo siempre da buenos resultados, y es nuestro deber seguir sumando voluntades y esfuerzos para fortalecer este camino de cooperaci\u00f3n y calidad que est\u00e1 en marcha\u00bb, finaliz\u00f3 Bahl.<\/p>\n<p>Mientras que el ministro de Producci\u00f3n, Roberto Schunk, expres\u00f3: \u00abA\u00f1o a a\u00f1o, esta Fiesta es cada vez m\u00e1s linda, m\u00e1s interesante, m\u00e1s participativa, manifest\u00f3 y enfatiz\u00f3 que \u00aben esta provincia hay alrededor de 4300 productores y son el ejemplo para el resto de las cadenas de valor, porque como peque\u00f1os y medianos productores, crearon en esta localidad, el consejo provincial donde se discute y se ven reflejados todos los problemas que aparecen en el sector\u00bb.<\/p>\n<p>\u00abEn esta gesti\u00f3n, se crearon 27 cooperativas y muestra a las claras, que no hay salida sin la asociaci\u00f3n y por eso podemos decir que son un ejemplo para todos. Quiero felicitar a cada uno de los productores, porque sabemos que es una de las cadenas de valor que est\u00e1 a la vanguardia y que ha comprendido claramente lo que significa el trabajo conjunto\u00bb, finaliz\u00f3 Schunk.<\/p>\n<p>El intendente de Maci\u00e1, Ricardo Troncoso, se refiri\u00f3 al crecimiento que ha tenido la Exposici\u00f3n desde sus inicios: \u00abNo solamente nos tenemos que sentir orgullosos los maciaenses, sino tambi\u00e9n todos los entrerrianos. Cuando arrancamos all\u00e1 por el a\u00f1o 1996, nunca so\u00f1amos que pod\u00edamos ser hoy una vidriera nacional e internacional de lo que representa la miel\u00bb.<\/p>\n<p>\u00abTodo esto lo hemos logrado con mucho esfuerzo y valent\u00eda, y con el apoyo incondicional de Sergio Urribarri y de todos los representantes de este gobierno provincial con el que siempre hemos trabajado codo a codo, y hemos logrado generar trabajo y bienestar a la gente\u00bb.<\/p>\n<p>M\u00e1s adelante asegur\u00f3 que \u00abel camino que hemos trazado ha sido dif\u00edcil de recorrer pero hemos llevado a esta Exposici\u00f3n a una altura realmente inesperada. El crecimiento no ha tenido techo, hemos puesto de pie a un sector productivo que estaba abandonado y hemos puesto el alma y el coraz\u00f3n para lograr todo lo que hoy vemos ac\u00e1\u00bb, finaliz\u00f3 Troncoso.<\/p>\n<p>Gran cantidad de expositores ligados de forma directa e indirecta a la apicultura expondr\u00e1n sus productos y servicios en la muestra, donde se destacan el concurso de mieles, las jornadas de capacitaci\u00f3n te\u00f3ricas y las comidas elaboradas en base a miel o saborizadas.<\/p>\n<p>En ese sentido el senador provincial Luis Schaaf , explic\u00f3: \u00abNos visitan de todas partes del pa\u00eds, de pa\u00edses vecinos y no tanto, porque hay varios representantes europeos, esto demuestra que se sigue jerarquizando este gran evento que hace 20 a\u00f1os viene creciendo sostenidamente\u00bb. Y agreg\u00f3: \u00abEs una fiesta que caracteriza al centro de la provincia, y estamos orgullosos de poder crecer a\u00f1o a a\u00f1o con el apoyo del gobierno de la provincia\u00bb .<\/p>\n<p>M\u00e1s adelante el diputado provincial, Juan Navarro se refiri\u00f3 a las expectativas que genera este evento en la zona: \u00abEs un evento muy importante para el Departamento, tenemos muchas expectativas como todos los a\u00f1os y estamos seguros que ser\u00e1 un \u00e9xito por la calidad que ofrece desde los productores a la presentaci\u00f3n del predio\u00bb.<\/p>\n","protected":false},"excerpt":{"rendered":"<p>Este viernes qued&oacute; formalmente inaugurada la XX Fiesta Nacional de la Apicultura y la Expo Ap&iacute;cola en la localidad de Maci&aacute; con la presencia de Ad&aacute;n Bahl. Participan productores, artesanos, industriales y comerciantes de todo el pa&iacute;s.Las actividades continuar&aacute;n este s&aacute;bado y ma&ntilde;ana domingo con importantes conferencias, ronda de negocios y una destacada cartelera en [&hellip;]<\/p>\n","protected":false},"author":2,"featured_media":0,"comment_status":"open","ping_status":"open","sticky":false,"template":"","format":"standard","meta":{"fifu_image_url":"","fifu_image_alt":"","footnotes":""},"categories":[6,16],"tags":[],"class_list":{"0":"post-10247","1":"post","2":"type-post","3":"status-publish","4":"format-standard","6":"category-entre-rios","7":"category-politi"},"yoast_head":"<title>Ad\u00e1n Bahl inaugur\u00f3 la XX Fiesta Nacional de la Apicultura de Maci\u00e1 - Informe Litoral<\/title>\n<meta name=\"robots\" content=\"index, follow, max-snippet:-1, max-image-preview:large, max-video-preview:-1\" \/>\n<link rel=\"canonical\" href=\"https:\/\/informelitoral.com.ar\/adan-bahl-inauguro-la-xx-fiesta-nacional-de-la-apicultura-de-macia\/\" \/>\n<meta property=\"og:locale\" content=\"es_ES\" \/>\n<meta property=\"og:type\" content=\"article\" \/>\n<meta property=\"og:title\" content=\"Ad\u00e1n Bahl inaugur\u00f3 la XX Fiesta Nacional de la Apicultura de Maci\u00e1 - Informe Litoral\" \/>\n<meta property=\"og:description\" content=\"Este viernes qued&oacute; formalmente inaugurada la XX Fiesta Nacional de la Apicultura y la Expo Ap&iacute;cola en la localidad de Maci&aacute; con la presencia de Ad&aacute;n Bahl. Participan productores, artesanos, industriales y comerciantes de todo el pa&iacute;s.Las actividades continuar&aacute;n este s&aacute;bado y ma&ntilde;ana domingo con importantes conferencias, ronda de negocios y una destacada cartelera en [&hellip;]\" \/>\n<meta property=\"og:url\" content=\"https:\/\/informelitoral.com.ar\/adan-bahl-inauguro-la-xx-fiesta-nacional-de-la-apicultura-de-macia\/\" \/>\n<meta property=\"og:site_name\" content=\"Informe Litoral\" \/>\n<meta property=\"article:publisher\" content=\"https:\/\/www.facebook.com\/informelitoral\/\" \/>\n<meta property=\"article:published_time\" content=\"2015-03-21T18:54:51+00:00\" \/>\n<meta property=\"article:modified_time\" content=\"2015-03-21T18:56:17+00:00\" \/>\n<meta property=\"og:image\" content=\"https:\/\/informelitoral.com.ar\/%77%70%2d%63%6f%6e%74%65%6e%74\/uploads\/2015\/03\/e_1426948863.jpg\" \/>\n\t<meta property=\"og:image:width\" content=\"432\" \/>\n\t<meta property=\"og:image:height\" content=\"324\" \/>\n\t<meta property=\"og:image:type\" content=\"image\/jpeg\" \/>\n<meta name=\"author\" content=\"Gonzalo Schmidt\" \/>\n<meta name=\"twitter:card\" content=\"summary_large_image\" \/>\n<meta name=\"twitter:creator\" content=\"@InformeLitoral\" \/>\n<meta name=\"twitter:site\" content=\"@InformeLitoral\" \/>\n<meta name=\"twitter:label1\" content=\"Escrito por\" \/>\n\t<meta name=\"twitter:data1\" content=\"Gonzalo Schmidt\" \/>\n\t<meta name=\"twitter:label2\" content=\"Tiempo de lectura\" \/>\n\t<meta name=\"twitter:data2\" content=\"4 minutos\" \/>\n<script type=\"application\/ld+json\" class=\"yoast-schema-graph\">{\"@context\":\"https:\\\/\\\/schema.org\",\"@graph\":[{\"@type\":\"Article\",\"@id\":\"https:\\\/\\\/informelitoral.com.ar\\\/adan-bahl-inauguro-la-xx-fiesta-nacional-de-la-apicultura-de-macia\\\/#article\",\"isPartOf\":{\"@id\":\"https:\\\/\\\/informelitoral.com.ar\\\/adan-bahl-inauguro-la-xx-fiesta-nacional-de-la-apicultura-de-macia\\\/\"},\"author\":{\"name\":\"Gonzalo Schmidt\",\"@id\":\"https:\\\/\\\/informelitoral.com.ar\\\/#\\\/schema\\\/person\\\/b9d00407c836482871ef1d57bf8e3180\"},\"headline\":\"Ad\u00e1n Bahl inaugur\u00f3 la XX Fiesta Nacional de la Apicultura de Maci\u00e1\",\"datePublished\":\"2015-03-21T18:54:51+00:00\",\"dateModified\":\"2015-03-21T18:56:17+00:00\",\"mainEntityOfPage\":{\"@id\":\"https:\\\/\\\/informelitoral.com.ar\\\/adan-bahl-inauguro-la-xx-fiesta-nacional-de-la-apicultura-de-macia\\\/\"},\"wordCount\":815,\"commentCount\":0,\"publisher\":{\"@id\":\"https:\\\/\\\/informelitoral.com.ar\\\/#organization\"},\"image\":{\"@id\":\"https:\\\/\\\/informelitoral.com.ar\\\/adan-bahl-inauguro-la-xx-fiesta-nacional-de-la-apicultura-de-macia\\\/#primaryimage\"},\"thumbnailUrl\":\"http:\\\/\\\/www.isletasnoticias.com.ar\\\/%77%70%2d%63%6f%6e%74%65%6e%74\\\/uploads\\\/2015\\\/03\\\/e_1426948863-300x225.jpg\",\"articleSection\":[\"Entre R\u00edos\",\"Politica\"],\"inLanguage\":\"es\",\"potentialAction\":[{\"@type\":\"CommentAction\",\"name\":\"Comment\",\"target\":[\"https:\\\/\\\/informelitoral.com.ar\\\/adan-bahl-inauguro-la-xx-fiesta-nacional-de-la-apicultura-de-macia\\\/#respond\"]}]},{\"@type\":\"WebPage\",\"@id\":\"https:\\\/\\\/informelitoral.com.ar\\\/adan-bahl-inauguro-la-xx-fiesta-nacional-de-la-apicultura-de-macia\\\/\",\"url\":\"https:\\\/\\\/informelitoral.com.ar\\\/adan-bahl-inauguro-la-xx-fiesta-nacional-de-la-apicultura-de-macia\\\/\",\"name\":\"Ad\u00e1n Bahl inaugur\u00f3 la XX Fiesta Nacional de la Apicultura de Maci\u00e1 - Informe Litoral\",\"isPartOf\":{\"@id\":\"https:\\\/\\\/informelitoral.com.ar\\\/#website\"},\"primaryImageOfPage\":{\"@id\":\"https:\\\/\\\/informelitoral.com.ar\\\/adan-bahl-inauguro-la-xx-fiesta-nacional-de-la-apicultura-de-macia\\\/#primaryimage\"},\"image\":{\"@id\":\"https:\\\/\\\/informelitoral.com.ar\\\/adan-bahl-inauguro-la-xx-fiesta-nacional-de-la-apicultura-de-macia\\\/#primaryimage\"},\"thumbnailUrl\":\"http:\\\/\\\/www.isletasnoticias.com.ar\\\/%77%70%2d%63%6f%6e%74%65%6e%74\\\/uploads\\\/2015\\\/03\\\/e_1426948863-300x225.jpg\",\"datePublished\":\"2015-03-21T18:54:51+00:00\",\"dateModified\":\"2015-03-21T18:56:17+00:00\",\"breadcrumb\":{\"@id\":\"https:\\\/\\\/informelitoral.com.ar\\\/adan-bahl-inauguro-la-xx-fiesta-nacional-de-la-apicultura-de-macia\\\/#breadcrumb\"},\"inLanguage\":\"es\",\"potentialAction\":[{\"@type\":\"ReadAction\",\"target\":[\"https:\\\/\\\/informelitoral.com.ar\\\/adan-bahl-inauguro-la-xx-fiesta-nacional-de-la-apicultura-de-macia\\\/\"]}]},{\"@type\":\"ImageObject\",\"inLanguage\":\"es\",\"@id\":\"https:\\\/\\\/informelitoral.com.ar\\\/adan-bahl-inauguro-la-xx-fiesta-nacional-de-la-apicultura-de-macia\\\/#primaryimage\",\"url\":\"http:\\\/\\\/www.isletasnoticias.com.ar\\\/%77%70%2d%63%6f%6e%74%65%6e%74\\\/uploads\\\/2015\\\/03\\\/e_1426948863-300x225.jpg\",\"contentUrl\":\"http:\\\/\\\/www.isletasnoticias.com.ar\\\/%77%70%2d%63%6f%6e%74%65%6e%74\\\/uploads\\\/2015\\\/03\\\/e_1426948863-300x225.jpg\"},{\"@type\":\"BreadcrumbList\",\"@id\":\"https:\\\/\\\/informelitoral.com.ar\\\/adan-bahl-inauguro-la-xx-fiesta-nacional-de-la-apicultura-de-macia\\\/#breadcrumb\",\"itemListElement\":[{\"@type\":\"ListItem\",\"position\":1,\"name\":\"Portada\",\"item\":\"https:\\\/\\\/informelitoral.com.ar\\\/\"},{\"@type\":\"ListItem\",\"position\":2,\"name\":\"Ad\u00e1n Bahl inaugur\u00f3 la XX Fiesta Nacional de la Apicultura de Maci\u00e1\"}]},{\"@type\":\"WebSite\",\"@id\":\"https:\\\/\\\/informelitoral.com.ar\\\/#website\",\"url\":\"https:\\\/\\\/informelitoral.com.ar\\\/\",\"name\":\"Informe Litoral\",\"description\":\"&quot;Nos informamos&quot; \",\"publisher\":{\"@id\":\"https:\\\/\\\/informelitoral.com.ar\\\/#organization\"},\"potentialAction\":[{\"@type\":\"SearchAction\",\"target\":{\"@type\":\"EntryPoint\",\"urlTemplate\":\"https:\\\/\\\/informelitoral.com.ar\\\/?s={search_term_string}\"},\"query-input\":{\"@type\":\"PropertyValueSpecification\",\"valueRequired\":true,\"valueName\":\"search_term_string\"}}],\"inLanguage\":\"es\"},{\"@type\":\"Organization\",\"@id\":\"https:\\\/\\\/informelitoral.com.ar\\\/#organization\",\"name\":\"Informe Litoral\",\"url\":\"https:\\\/\\\/informelitoral.com.ar\\\/\",\"logo\":{\"@type\":\"ImageObject\",\"inLanguage\":\"es\",\"@id\":\"https:\\\/\\\/informelitoral.com.ar\\\/#\\\/schema\\\/logo\\\/image\\\/\",\"url\":\"https:\\\/\\\/informelitoral.com.ar\\\/%77%70%2d%63%6f%6e%74%65%6e%74\\\/uploads\\\/2021\\\/01\\\/circulo.png\",\"contentUrl\":\"https:\\\/\\\/informelitoral.com.ar\\\/%77%70%2d%63%6f%6e%74%65%6e%74\\\/uploads\\\/2021\\\/01\\\/circulo.png\",\"width\":723,\"height\":731,\"caption\":\"Informe Litoral\"},\"image\":{\"@id\":\"https:\\\/\\\/informelitoral.com.ar\\\/#\\\/schema\\\/logo\\\/image\\\/\"},\"sameAs\":[\"https:\\\/\\\/www.facebook.com\\\/informelitoral\\\/\",\"https:\\\/\\\/x.com\\\/InformeLitoral\",\"https:\\\/\\\/www.instagram.com\\\/informelitoral\\\/\",\"https:\\\/\\\/www.youtube.com\\\/channel\\\/UCua4Qvz8Icb6MYqhoq9xLXw\"]},{\"@type\":\"Person\",\"@id\":\"https:\\\/\\\/informelitoral.com.ar\\\/#\\\/schema\\\/person\\\/b9d00407c836482871ef1d57bf8e3180\",\"name\":\"Gonzalo Schmidt\",\"image\":{\"@type\":\"ImageObject\",\"inLanguage\":\"es\",\"@id\":\"https:\\\/\\\/secure.gravatar.com\\\/avatar\\\/31a1a7b66ff2de83bd0e9fd79d026630d2d99e55e8bfe501287647b4fd9743de?s=96&d=mm&r=g\",\"url\":\"https:\\\/\\\/secure.gravatar.com\\\/avatar\\\/31a1a7b66ff2de83bd0e9fd79d026630d2d99e55e8bfe501287647b4fd9743de?s=96&d=mm&r=g\",\"contentUrl\":\"https:\\\/\\\/secure.gravatar.com\\\/avatar\\\/31a1a7b66ff2de83bd0e9fd79d026630d2d99e55e8bfe501287647b4fd9743de?s=96&d=mm&r=g\",\"caption\":\"Gonzalo Schmidt\"},\"description\":\"Sitio web de noticias de la provincia de Entre R\u00edos, Argentina. Informaci\u00f3n y entretenimiento. Informe Litoral, nos informamos.\",\"sameAs\":[\"http:\\\/\\\/www.isletasnoticias.com.ar\"],\"url\":\"https:\\\/\\\/informelitoral.com.ar\\\/author\\\/gonzalo\\\/\"}]}<\/script>","yoast_head_json":{"title":"Ad\u00e1n Bahl inaugur\u00f3 la XX Fiesta Nacional de la Apicultura de Maci\u00e1 - Informe Litoral","robots":{"index":"index","follow":"follow","max-snippet":"max-snippet:-1","max-image-preview":"max-image-preview:large","max-video-preview":"max-video-preview:-1"},"canonical":"https:\/\/informelitoral.com.ar\/adan-bahl-inauguro-la-xx-fiesta-nacional-de-la-apicultura-de-macia\/","og_locale":"es_ES","og_type":"article","og_title":"Ad\u00e1n Bahl inaugur\u00f3 la XX Fiesta Nacional de la Apicultura de Maci\u00e1 - Informe Litoral","og_description":"Este viernes qued&oacute; formalmente inaugurada la XX Fiesta Nacional de la Apicultura y la Expo Ap&iacute;cola en la localidad de Maci&aacute; con la presencia de Ad&aacute;n Bahl. Participan productores, artesanos, industriales y comerciantes de todo el pa&iacute;s.Las actividades continuar&aacute;n este s&aacute;bado y ma&ntilde;ana domingo con importantes conferencias, ronda de negocios y una destacada cartelera en [&hellip;]","og_url":"https:\/\/informelitoral.com.ar\/adan-bahl-inauguro-la-xx-fiesta-nacional-de-la-apicultura-de-macia\/","og_site_name":"Informe Litoral","article_publisher":"https:\/\/www.facebook.com\/informelitoral\/","article_published_time":"2015-03-21T18:54:51+00:00","article_modified_time":"2015-03-21T18:56:17+00:00","og_image":[{"width":432,"height":324,"url":"https:\/\/informelitoral.com.ar\/%77%70%2d%63%6f%6e%74%65%6e%74\/uploads\/2015\/03\/e_1426948863.jpg","type":"image\/jpeg"}],"author":"Gonzalo Schmidt","twitter_card":"summary_large_image","twitter_creator":"@InformeLitoral","twitter_site":"@InformeLitoral","twitter_misc":{"Escrito por":"Gonzalo Schmidt","Tiempo de lectura":"4 minutos"},"schema":{"@context":"https:\/\/schema.org","@graph":[{"@type":"Article","@id":"https:\/\/informelitoral.com.ar\/adan-bahl-inauguro-la-xx-fiesta-nacional-de-la-apicultura-de-macia\/#article","isPartOf":{"@id":"https:\/\/informelitoral.com.ar\/adan-bahl-inauguro-la-xx-fiesta-nacional-de-la-apicultura-de-macia\/"},"author":{"name":"Gonzalo Schmidt","@id":"https:\/\/informelitoral.com.ar\/#\/schema\/person\/b9d00407c836482871ef1d57bf8e3180"},"headline":"Ad\u00e1n Bahl inaugur\u00f3 la XX Fiesta Nacional de la Apicultura de Maci\u00e1","datePublished":"2015-03-21T18:54:51+00:00","dateModified":"2015-03-21T18:56:17+00:00","mainEntityOfPage":{"@id":"https:\/\/informelitoral.com.ar\/adan-bahl-inauguro-la-xx-fiesta-nacional-de-la-apicultura-de-macia\/"},"wordCount":815,"commentCount":0,"publisher":{"@id":"https:\/\/informelitoral.com.ar\/#organization"},"image":{"@id":"https:\/\/informelitoral.com.ar\/adan-bahl-inauguro-la-xx-fiesta-nacional-de-la-apicultura-de-macia\/#primaryimage"},"thumbnailUrl":"http:\/\/www.isletasnoticias.com.ar\/%77%70%2d%63%6f%6e%74%65%6e%74\/uploads\/2015\/03\/e_1426948863-300x225.jpg","articleSection":["Entre R\u00edos","Politica"],"inLanguage":"es","potentialAction":[{"@type":"CommentAction","name":"Comment","target":["https:\/\/informelitoral.com.ar\/adan-bahl-inauguro-la-xx-fiesta-nacional-de-la-apicultura-de-macia\/#respond"]}]},{"@type":"WebPage","@id":"https:\/\/informelitoral.com.ar\/adan-bahl-inauguro-la-xx-fiesta-nacional-de-la-apicultura-de-macia\/","url":"https:\/\/informelitoral.com.ar\/adan-bahl-inauguro-la-xx-fiesta-nacional-de-la-apicultura-de-macia\/","name":"Ad\u00e1n Bahl inaugur\u00f3 la XX Fiesta Nacional de la Apicultura de Maci\u00e1 - Informe Litoral","isPartOf":{"@id":"https:\/\/informelitoral.com.ar\/#website"},"primaryImageOfPage":{"@id":"https:\/\/informelitoral.com.ar\/adan-bahl-inauguro-la-xx-fiesta-nacional-de-la-apicultura-de-macia\/#primaryimage"},"image":{"@id":"https:\/\/informelitoral.com.ar\/adan-bahl-inauguro-la-xx-fiesta-nacional-de-la-apicultura-de-macia\/#primaryimage"},"thumbnailUrl":"http:\/\/www.isletasnoticias.com.ar\/%77%70%2d%63%6f%6e%74%65%6e%74\/uploads\/2015\/03\/e_1426948863-300x225.jpg","datePublished":"2015-03-21T18:54:51+00:00","dateModified":"2015-03-21T18:56:17+00:00","breadcrumb":{"@id":"https:\/\/informelitoral.com.ar\/adan-bahl-inauguro-la-xx-fiesta-nacional-de-la-apicultura-de-macia\/#breadcrumb"},"inLanguage":"es","potentialAction":[{"@type":"ReadAction","target":["https:\/\/informelitoral.com.ar\/adan-bahl-inauguro-la-xx-fiesta-nacional-de-la-apicultura-de-macia\/"]}]},{"@type":"ImageObject","inLanguage":"es","@id":"https:\/\/informelitoral.com.ar\/adan-bahl-inauguro-la-xx-fiesta-nacional-de-la-apicultura-de-macia\/#primaryimage","url":"http:\/\/www.isletasnoticias.com.ar\/%77%70%2d%63%6f%6e%74%65%6e%74\/uploads\/2015\/03\/e_1426948863-300x225.jpg","contentUrl":"http:\/\/www.isletasnoticias.com.ar\/%77%70%2d%63%6f%6e%74%65%6e%74\/uploads\/2015\/03\/e_1426948863-300x225.jpg"},{"@type":"BreadcrumbList","@id":"https:\/\/informelitoral.com.ar\/adan-bahl-inauguro-la-xx-fiesta-nacional-de-la-apicultura-de-macia\/#breadcrumb","itemListElement":[{"@type":"ListItem","position":1,"name":"Portada","item":"https:\/\/informelitoral.com.ar\/"},{"@type":"ListItem","position":2,"name":"Ad\u00e1n Bahl inaugur\u00f3 la XX Fiesta Nacional de la Apicultura de Maci\u00e1"}]},{"@type":"WebSite","@id":"https:\/\/informelitoral.com.ar\/#website","url":"https:\/\/informelitoral.com.ar\/","name":"Informe Litoral","description":"&quot;Nos informamos&quot; ","publisher":{"@id":"https:\/\/informelitoral.com.ar\/#organization"},"potentialAction":[{"@type":"SearchAction","target":{"@type":"EntryPoint","urlTemplate":"https:\/\/informelitoral.com.ar\/?s={search_term_string}"},"query-input":{"@type":"PropertyValueSpecification","valueRequired":true,"valueName":"search_term_string"}}],"inLanguage":"es"},{"@type":"Organization","@id":"https:\/\/informelitoral.com.ar\/#organization","name":"Informe Litoral","url":"https:\/\/informelitoral.com.ar\/","logo":{"@type":"ImageObject","inLanguage":"es","@id":"https:\/\/informelitoral.com.ar\/#\/schema\/logo\/image\/","url":"https:\/\/informelitoral.com.ar\/%77%70%2d%63%6f%6e%74%65%6e%74\/uploads\/2021\/01\/circulo.png","contentUrl":"https:\/\/informelitoral.com.ar\/%77%70%2d%63%6f%6e%74%65%6e%74\/uploads\/2021\/01\/circulo.png","width":723,"height":731,"caption":"Informe Litoral"},"image":{"@id":"https:\/\/informelitoral.com.ar\/#\/schema\/logo\/image\/"},"sameAs":["https:\/\/www.facebook.com\/informelitoral\/","https:\/\/x.com\/InformeLitoral","https:\/\/www.instagram.com\/informelitoral\/","https:\/\/www.youtube.com\/channel\/UCua4Qvz8Icb6MYqhoq9xLXw"]},{"@type":"Person","@id":"https:\/\/informelitoral.com.ar\/#\/schema\/person\/b9d00407c836482871ef1d57bf8e3180","name":"Gonzalo Schmidt","image":{"@type":"ImageObject","inLanguage":"es","@id":"https:\/\/secure.gravatar.com\/avatar\/31a1a7b66ff2de83bd0e9fd79d026630d2d99e55e8bfe501287647b4fd9743de?s=96&d=mm&r=g","url":"https:\/\/secure.gravatar.com\/avatar\/31a1a7b66ff2de83bd0e9fd79d026630d2d99e55e8bfe501287647b4fd9743de?s=96&d=mm&r=g","contentUrl":"https:\/\/secure.gravatar.com\/avatar\/31a1a7b66ff2de83bd0e9fd79d026630d2d99e55e8bfe501287647b4fd9743de?s=96&d=mm&r=g","caption":"Gonzalo Schmidt"},"description":"Sitio web de noticias de la provincia de Entre R\u00edos, Argentina. Informaci\u00f3n y entretenimiento. Informe Litoral, nos informamos.","sameAs":["http:\/\/www.isletasnoticias.com.ar"],"url":"https:\/\/informelitoral.com.ar\/author\/gonzalo\/"}]}},"_links":{"self":[{"href":"https:\/\/informelitoral.com.ar\/%77%70%2d%6a%73%6f%6e\/wp\/v2\/posts\/10247","targetHints":{"allow":["GET"]}}],"collection":[{"href":"https:\/\/informelitoral.com.ar\/%77%70%2d%6a%73%6f%6e\/wp\/v2\/posts"}],"about":[{"href":"https:\/\/informelitoral.com.ar\/%77%70%2d%6a%73%6f%6e\/wp\/v2\/types\/post"}],"author":[{"embeddable":true,"href":"https:\/\/informelitoral.com.ar\/%77%70%2d%6a%73%6f%6e\/wp\/v2\/users\/2"}],"replies":[{"embeddable":true,"href":"https:\/\/informelitoral.com.ar\/%77%70%2d%6a%73%6f%6e\/wp\/v2\/comments?post=10247"}],"version-history":[{"count":0,"href":"https:\/\/informelitoral.com.ar\/%77%70%2d%6a%73%6f%6e\/wp\/v2\/posts\/10247\/revisions"}],"wp:attachment":[{"href":"https:\/\/informelitoral.com.ar\/%77%70%2d%6a%73%6f%6e\/wp\/v2\/media?parent=10247"}],"wp:term":[{"taxonomy":"category","embeddable":true,"href":"https:\/\/informelitoral.com.ar\/%77%70%2d%6a%73%6f%6e\/wp\/v2\/categories?post=10247"},{"taxonomy":"post_tag","embeddable":true,"href":"https:\/\/informelitoral.com.ar\/%77%70%2d%6a%73%6f%6e\/wp\/v2\/tags?post=10247"}],"curies":[{"name":"wp","href":"https:\/\/api.w.org\/{rel}","templated":true}]}}