{"id":102441,"date":"2022-12-16T12:03:28","date_gmt":"2022-12-16T15:03:28","guid":{"rendered":"https:\/\/www.informelitoral.com.ar\/?p=102441"},"modified":"2022-12-16T17:17:38","modified_gmt":"2022-12-16T20:17:38","slug":"iapv-y-vialidad-firmaron-un-convenio-de-colaboracion-y-asistencia","status":"publish","type":"post","link":"https:\/\/informelitoral.com.ar\/iapv-y-vialidad-firmaron-un-convenio-de-colaboracion-y-asistencia\/","title":{"rendered":"IAPV y Vialidad firmaron un convenio de colaboraci\u00f3n y asistencia"},"content":{"rendered":"<p>En la sede del IAPV, se realiz\u00f3 este jueves la firma del convenio donde intervinieron su presidente, <strong>Marcelo Bisogni<\/strong> y la titular de la DPV,<strong> Alicia Ben\u00edtez.<\/strong><\/p>\n<p>Al respecto, Bisogni dijo que \u201ceste convenio marco est\u00e1 destinado a mejorar los objetivos estrat\u00e9gicos de ambas instituciones\u201d y agreg\u00f3 que a trav\u00e9s del mismo \u00abel IAPV contar\u00e1 con los estudios de suelo que ejecutar\u00e1 la DPV necesarios para proyectar los nuevos grupos habitacionales\u201d.<\/p>\n<p>En ese sentido, se\u00f1al\u00f3 que \u201cesto redundar\u00e1 en la mejora de los tiempos licitatorios, puesto que estos estudios ya se incluir\u00e1n en los pliegos al momento de licitar y no se solicitar\u00e1n como requisito de oferta t\u00e9cnica\u201d y sum\u00f3 que \u00abtambi\u00e9n se abre un espacio de trabajo de colaboraci\u00f3n en la capacitaci\u00f3n y el fortalecimiento institucional, mediante el desarrollo conjunto de pol\u00edticas transversales mejorando los espacios de trabajo\u201d.<\/p>\n<p>Por su parte, la directora de Vialidad provincial, Alicia Ben\u00edtez expres\u00f3 que \u00abel organismo a mi cargo, mediante este convenio, se abocar\u00e1 a estudiar, planificar, asesorar y aportar apoyatura t\u00e9cnica y material adecuada, para la realizaci\u00f3n de estudios de suelo y ensayos t\u00e9cnicos, en cuanto el IAPV lo requiera o necesitara, as\u00ed como tambi\u00e9n tareas de transporte, log\u00edstica y las relacionadas con obras viales, su control y supervisi\u00f3n\u201d.<\/p>\n<p>Adem\u00e1s, remarc\u00f3 que \u201cambas instituciones podr\u00e1n generar acuerdos para la colaboraci\u00f3n, capacitaci\u00f3n y apoyo en temas que no siendo estrictamente t\u00e9cnicos aporten al desarrollo integral de ambas\u201d.<\/p>\n","protected":false},"excerpt":{"rendered":"<p>El Instituto Aut\u00e1rquico de Planeamiento y Vivienda y la Direcci\u00f3n Provincial de Vialidad, suscribieron un acuerdo marco de colaboraci\u00f3n y asistencia interinstitucional para las funciones que los organismos llevan adelante a fin de mejorar sus objetivos estrat\u00e9gicos.<\/p>\n","protected":false},"author":8,"featured_media":102445,"comment_status":"open","ping_status":"open","sticky":false,"template":"","format":"standard","meta":{"fifu_image_url":"","fifu_image_alt":"","footnotes":""},"categories":[6],"tags":[1517,352],"class_list":{"0":"post-102441","1":"post","2":"type-post","3":"status-publish","4":"format-standard","5":"has-post-thumbnail","7":"category-entre-rios","8":"tag-iapv","9":"tag-viviendas"},"yoast_head":"<title>IAPV y Vialidad firmaron un convenio de colaboraci\u00f3n y asistencia - Informe Litoral<\/title>\n<meta name=\"robots\" content=\"index, follow, max-snippet:-1, max-image-preview:large, max-video-preview:-1\" \/>\n<link rel=\"canonical\" href=\"https:\/\/informelitoral.com.ar\/iapv-y-vialidad-firmaron-un-convenio-de-colaboracion-y-asistencia\/\" \/>\n<meta property=\"og:locale\" content=\"es_ES\" \/>\n<meta property=\"og:type\" content=\"article\" \/>\n<meta property=\"og:title\" content=\"IAPV y Vialidad firmaron un convenio de colaboraci\u00f3n y asistencia - Informe Litoral\" \/>\n<meta property=\"og:description\" content=\"El Instituto Aut\u00e1rquico de Planeamiento y Vivienda y la Direcci\u00f3n Provincial de Vialidad, suscribieron un acuerdo marco de colaboraci\u00f3n y asistencia interinstitucional para las funciones que los organismos llevan adelante a fin de mejorar sus objetivos estrat\u00e9gicos.\" \/>\n<meta property=\"og:url\" content=\"https:\/\/informelitoral.com.ar\/iapv-y-vialidad-firmaron-un-convenio-de-colaboracion-y-asistencia\/\" \/>\n<meta property=\"og:site_name\" content=\"Informe Litoral\" \/>\n<meta property=\"article:publisher\" content=\"https:\/\/www.facebook.com\/informelitoral\/\" \/>\n<meta property=\"article:published_time\" content=\"2022-12-16T15:03:28+00:00\" \/>\n<meta property=\"article:modified_time\" content=\"2022-12-16T20:17:38+00:00\" \/>\n<meta property=\"og:image\" content=\"https:\/\/informelitoral.com.ar\/%77%70%2d%63%6f%6e%74%65%6e%74\/uploads\/2022\/12\/p_1671201163.jpg\" \/>\n\t<meta property=\"og:image:width\" content=\"1920\" \/>\n\t<meta property=\"og:image:height\" content=\"800\" \/>\n\t<meta property=\"og:image:type\" content=\"image\/jpeg\" \/>\n<meta name=\"author\" content=\"Sebastian\" \/>\n<meta name=\"twitter:card\" content=\"summary_large_image\" \/>\n<meta name=\"twitter:creator\" content=\"@InformeLitoral\" \/>\n<meta name=\"twitter:site\" content=\"@InformeLitoral\" \/>\n<meta name=\"twitter:label1\" content=\"Escrito por\" \/>\n\t<meta name=\"twitter:data1\" content=\"Sebastian\" \/>\n\t<meta name=\"twitter:label2\" content=\"Tiempo de lectura\" \/>\n\t<meta name=\"twitter:data2\" content=\"1 minuto\" \/>\n<script type=\"application\/ld+json\" class=\"yoast-schema-graph\">{\"@context\":\"https:\\\/\\\/schema.org\",\"@graph\":[{\"@type\":\"Article\",\"@id\":\"https:\\\/\\\/informelitoral.com.ar\\\/iapv-y-vialidad-firmaron-un-convenio-de-colaboracion-y-asistencia\\\/#article\",\"isPartOf\":{\"@id\":\"https:\\\/\\\/informelitoral.com.ar\\\/iapv-y-vialidad-firmaron-un-convenio-de-colaboracion-y-asistencia\\\/\"},\"author\":{\"name\":\"Sebastian\",\"@id\":\"https:\\\/\\\/informelitoral.com.ar\\\/#\\\/schema\\\/person\\\/f05f9f461677119578717524b127d6d5\"},\"headline\":\"IAPV y Vialidad firmaron un convenio de colaboraci\u00f3n y asistencia\",\"datePublished\":\"2022-12-16T15:03:28+00:00\",\"dateModified\":\"2022-12-16T20:17:38+00:00\",\"mainEntityOfPage\":{\"@id\":\"https:\\\/\\\/informelitoral.com.ar\\\/iapv-y-vialidad-firmaron-un-convenio-de-colaboracion-y-asistencia\\\/\"},\"wordCount\":268,\"commentCount\":0,\"publisher\":{\"@id\":\"https:\\\/\\\/informelitoral.com.ar\\\/#organization\"},\"image\":{\"@id\":\"https:\\\/\\\/informelitoral.com.ar\\\/iapv-y-vialidad-firmaron-un-convenio-de-colaboracion-y-asistencia\\\/#primaryimage\"},\"thumbnailUrl\":\"https:\\\/\\\/informelitoral.com.ar\\\/%77%70%2d%63%6f%6e%74%65%6e%74\\\/uploads\\\/2022\\\/12\\\/p_1671201163.jpg\",\"keywords\":[\"IAPV\",\"Viviendas\"],\"articleSection\":[\"Entre R\u00edos\"],\"inLanguage\":\"es\",\"potentialAction\":[{\"@type\":\"CommentAction\",\"name\":\"Comment\",\"target\":[\"https:\\\/\\\/informelitoral.com.ar\\\/iapv-y-vialidad-firmaron-un-convenio-de-colaboracion-y-asistencia\\\/#respond\"]}]},{\"@type\":\"WebPage\",\"@id\":\"https:\\\/\\\/informelitoral.com.ar\\\/iapv-y-vialidad-firmaron-un-convenio-de-colaboracion-y-asistencia\\\/\",\"url\":\"https:\\\/\\\/informelitoral.com.ar\\\/iapv-y-vialidad-firmaron-un-convenio-de-colaboracion-y-asistencia\\\/\",\"name\":\"IAPV y Vialidad firmaron un convenio de colaboraci\u00f3n y asistencia - Informe Litoral\",\"isPartOf\":{\"@id\":\"https:\\\/\\\/informelitoral.com.ar\\\/#website\"},\"primaryImageOfPage\":{\"@id\":\"https:\\\/\\\/informelitoral.com.ar\\\/iapv-y-vialidad-firmaron-un-convenio-de-colaboracion-y-asistencia\\\/#primaryimage\"},\"image\":{\"@id\":\"https:\\\/\\\/informelitoral.com.ar\\\/iapv-y-vialidad-firmaron-un-convenio-de-colaboracion-y-asistencia\\\/#primaryimage\"},\"thumbnailUrl\":\"https:\\\/\\\/informelitoral.com.ar\\\/%77%70%2d%63%6f%6e%74%65%6e%74\\\/uploads\\\/2022\\\/12\\\/p_1671201163.jpg\",\"datePublished\":\"2022-12-16T15:03:28+00:00\",\"dateModified\":\"2022-12-16T20:17:38+00:00\",\"breadcrumb\":{\"@id\":\"https:\\\/\\\/informelitoral.com.ar\\\/iapv-y-vialidad-firmaron-un-convenio-de-colaboracion-y-asistencia\\\/#breadcrumb\"},\"inLanguage\":\"es\",\"potentialAction\":[{\"@type\":\"ReadAction\",\"target\":[\"https:\\\/\\\/informelitoral.com.ar\\\/iapv-y-vialidad-firmaron-un-convenio-de-colaboracion-y-asistencia\\\/\"]}]},{\"@type\":\"ImageObject\",\"inLanguage\":\"es\",\"@id\":\"https:\\\/\\\/informelitoral.com.ar\\\/iapv-y-vialidad-firmaron-un-convenio-de-colaboracion-y-asistencia\\\/#primaryimage\",\"url\":\"https:\\\/\\\/informelitoral.com.ar\\\/%77%70%2d%63%6f%6e%74%65%6e%74\\\/uploads\\\/2022\\\/12\\\/p_1671201163.jpg\",\"contentUrl\":\"https:\\\/\\\/informelitoral.com.ar\\\/%77%70%2d%63%6f%6e%74%65%6e%74\\\/uploads\\\/2022\\\/12\\\/p_1671201163.jpg\",\"width\":1920,\"height\":800},{\"@type\":\"BreadcrumbList\",\"@id\":\"https:\\\/\\\/informelitoral.com.ar\\\/iapv-y-vialidad-firmaron-un-convenio-de-colaboracion-y-asistencia\\\/#breadcrumb\",\"itemListElement\":[{\"@type\":\"ListItem\",\"position\":1,\"name\":\"Portada\",\"item\":\"https:\\\/\\\/informelitoral.com.ar\\\/\"},{\"@type\":\"ListItem\",\"position\":2,\"name\":\"IAPV y Vialidad firmaron un convenio de colaboraci\u00f3n y asistencia\"}]},{\"@type\":\"WebSite\",\"@id\":\"https:\\\/\\\/informelitoral.com.ar\\\/#website\",\"url\":\"https:\\\/\\\/informelitoral.com.ar\\\/\",\"name\":\"Informe Litoral\",\"description\":\"&quot;Nos informamos&quot; \",\"publisher\":{\"@id\":\"https:\\\/\\\/informelitoral.com.ar\\\/#organization\"},\"potentialAction\":[{\"@type\":\"SearchAction\",\"target\":{\"@type\":\"EntryPoint\",\"urlTemplate\":\"https:\\\/\\\/informelitoral.com.ar\\\/?s={search_term_string}\"},\"query-input\":{\"@type\":\"PropertyValueSpecification\",\"valueRequired\":true,\"valueName\":\"search_term_string\"}}],\"inLanguage\":\"es\"},{\"@type\":\"Organization\",\"@id\":\"https:\\\/\\\/informelitoral.com.ar\\\/#organization\",\"name\":\"Informe Litoral\",\"url\":\"https:\\\/\\\/informelitoral.com.ar\\\/\",\"logo\":{\"@type\":\"ImageObject\",\"inLanguage\":\"es\",\"@id\":\"https:\\\/\\\/informelitoral.com.ar\\\/#\\\/schema\\\/logo\\\/image\\\/\",\"url\":\"https:\\\/\\\/informelitoral.com.ar\\\/%77%70%2d%63%6f%6e%74%65%6e%74\\\/uploads\\\/2021\\\/01\\\/circulo.png\",\"contentUrl\":\"https:\\\/\\\/informelitoral.com.ar\\\/%77%70%2d%63%6f%6e%74%65%6e%74\\\/uploads\\\/2021\\\/01\\\/circulo.png\",\"width\":723,\"height\":731,\"caption\":\"Informe Litoral\"},\"image\":{\"@id\":\"https:\\\/\\\/informelitoral.com.ar\\\/#\\\/schema\\\/logo\\\/image\\\/\"},\"sameAs\":[\"https:\\\/\\\/www.facebook.com\\\/informelitoral\\\/\",\"https:\\\/\\\/x.com\\\/InformeLitoral\",\"https:\\\/\\\/www.instagram.com\\\/informelitoral\\\/\",\"https:\\\/\\\/www.youtube.com\\\/channel\\\/UCua4Qvz8Icb6MYqhoq9xLXw\"]},{\"@type\":\"Person\",\"@id\":\"https:\\\/\\\/informelitoral.com.ar\\\/#\\\/schema\\\/person\\\/f05f9f461677119578717524b127d6d5\",\"name\":\"Sebastian\",\"image\":{\"@type\":\"ImageObject\",\"inLanguage\":\"es\",\"@id\":\"https:\\\/\\\/secure.gravatar.com\\\/avatar\\\/b71bf7481d447dfb9583c7f2798e7cc64de6efb9067b74633ed8c31059a3bd82?s=96&d=mm&r=g\",\"url\":\"https:\\\/\\\/secure.gravatar.com\\\/avatar\\\/b71bf7481d447dfb9583c7f2798e7cc64de6efb9067b74633ed8c31059a3bd82?s=96&d=mm&r=g\",\"contentUrl\":\"https:\\\/\\\/secure.gravatar.com\\\/avatar\\\/b71bf7481d447dfb9583c7f2798e7cc64de6efb9067b74633ed8c31059a3bd82?s=96&d=mm&r=g\",\"caption\":\"Sebastian\"},\"url\":\"https:\\\/\\\/informelitoral.com.ar\\\/author\\\/sebastian\\\/\"}]}<\/script>","yoast_head_json":{"title":"IAPV y Vialidad firmaron un convenio de colaboraci\u00f3n y asistencia - Informe Litoral","robots":{"index":"index","follow":"follow","max-snippet":"max-snippet:-1","max-image-preview":"max-image-preview:large","max-video-preview":"max-video-preview:-1"},"canonical":"https:\/\/informelitoral.com.ar\/iapv-y-vialidad-firmaron-un-convenio-de-colaboracion-y-asistencia\/","og_locale":"es_ES","og_type":"article","og_title":"IAPV y Vialidad firmaron un convenio de colaboraci\u00f3n y asistencia - Informe Litoral","og_description":"El Instituto Aut\u00e1rquico de Planeamiento y Vivienda y la Direcci\u00f3n Provincial de Vialidad, suscribieron un acuerdo marco de colaboraci\u00f3n y asistencia interinstitucional para las funciones que los organismos llevan adelante a fin de mejorar sus objetivos estrat\u00e9gicos.","og_url":"https:\/\/informelitoral.com.ar\/iapv-y-vialidad-firmaron-un-convenio-de-colaboracion-y-asistencia\/","og_site_name":"Informe Litoral","article_publisher":"https:\/\/www.facebook.com\/informelitoral\/","article_published_time":"2022-12-16T15:03:28+00:00","article_modified_time":"2022-12-16T20:17:38+00:00","og_image":[{"width":1920,"height":800,"url":"https:\/\/informelitoral.com.ar\/%77%70%2d%63%6f%6e%74%65%6e%74\/uploads\/2022\/12\/p_1671201163.jpg","type":"image\/jpeg"}],"author":"Sebastian","twitter_card":"summary_large_image","twitter_creator":"@InformeLitoral","twitter_site":"@InformeLitoral","twitter_misc":{"Escrito por":"Sebastian","Tiempo de lectura":"1 minuto"},"schema":{"@context":"https:\/\/schema.org","@graph":[{"@type":"Article","@id":"https:\/\/informelitoral.com.ar\/iapv-y-vialidad-firmaron-un-convenio-de-colaboracion-y-asistencia\/#article","isPartOf":{"@id":"https:\/\/informelitoral.com.ar\/iapv-y-vialidad-firmaron-un-convenio-de-colaboracion-y-asistencia\/"},"author":{"name":"Sebastian","@id":"https:\/\/informelitoral.com.ar\/#\/schema\/person\/f05f9f461677119578717524b127d6d5"},"headline":"IAPV y Vialidad firmaron un convenio de colaboraci\u00f3n y asistencia","datePublished":"2022-12-16T15:03:28+00:00","dateModified":"2022-12-16T20:17:38+00:00","mainEntityOfPage":{"@id":"https:\/\/informelitoral.com.ar\/iapv-y-vialidad-firmaron-un-convenio-de-colaboracion-y-asistencia\/"},"wordCount":268,"commentCount":0,"publisher":{"@id":"https:\/\/informelitoral.com.ar\/#organization"},"image":{"@id":"https:\/\/informelitoral.com.ar\/iapv-y-vialidad-firmaron-un-convenio-de-colaboracion-y-asistencia\/#primaryimage"},"thumbnailUrl":"https:\/\/informelitoral.com.ar\/%77%70%2d%63%6f%6e%74%65%6e%74\/uploads\/2022\/12\/p_1671201163.jpg","keywords":["IAPV","Viviendas"],"articleSection":["Entre R\u00edos"],"inLanguage":"es","potentialAction":[{"@type":"CommentAction","name":"Comment","target":["https:\/\/informelitoral.com.ar\/iapv-y-vialidad-firmaron-un-convenio-de-colaboracion-y-asistencia\/#respond"]}]},{"@type":"WebPage","@id":"https:\/\/informelitoral.com.ar\/iapv-y-vialidad-firmaron-un-convenio-de-colaboracion-y-asistencia\/","url":"https:\/\/informelitoral.com.ar\/iapv-y-vialidad-firmaron-un-convenio-de-colaboracion-y-asistencia\/","name":"IAPV y Vialidad firmaron un convenio de colaboraci\u00f3n y asistencia - Informe Litoral","isPartOf":{"@id":"https:\/\/informelitoral.com.ar\/#website"},"primaryImageOfPage":{"@id":"https:\/\/informelitoral.com.ar\/iapv-y-vialidad-firmaron-un-convenio-de-colaboracion-y-asistencia\/#primaryimage"},"image":{"@id":"https:\/\/informelitoral.com.ar\/iapv-y-vialidad-firmaron-un-convenio-de-colaboracion-y-asistencia\/#primaryimage"},"thumbnailUrl":"https:\/\/informelitoral.com.ar\/%77%70%2d%63%6f%6e%74%65%6e%74\/uploads\/2022\/12\/p_1671201163.jpg","datePublished":"2022-12-16T15:03:28+00:00","dateModified":"2022-12-16T20:17:38+00:00","breadcrumb":{"@id":"https:\/\/informelitoral.com.ar\/iapv-y-vialidad-firmaron-un-convenio-de-colaboracion-y-asistencia\/#breadcrumb"},"inLanguage":"es","potentialAction":[{"@type":"ReadAction","target":["https:\/\/informelitoral.com.ar\/iapv-y-vialidad-firmaron-un-convenio-de-colaboracion-y-asistencia\/"]}]},{"@type":"ImageObject","inLanguage":"es","@id":"https:\/\/informelitoral.com.ar\/iapv-y-vialidad-firmaron-un-convenio-de-colaboracion-y-asistencia\/#primaryimage","url":"https:\/\/informelitoral.com.ar\/%77%70%2d%63%6f%6e%74%65%6e%74\/uploads\/2022\/12\/p_1671201163.jpg","contentUrl":"https:\/\/informelitoral.com.ar\/%77%70%2d%63%6f%6e%74%65%6e%74\/uploads\/2022\/12\/p_1671201163.jpg","width":1920,"height":800},{"@type":"BreadcrumbList","@id":"https:\/\/informelitoral.com.ar\/iapv-y-vialidad-firmaron-un-convenio-de-colaboracion-y-asistencia\/#breadcrumb","itemListElement":[{"@type":"ListItem","position":1,"name":"Portada","item":"https:\/\/informelitoral.com.ar\/"},{"@type":"ListItem","position":2,"name":"IAPV y Vialidad firmaron un convenio de colaboraci\u00f3n y asistencia"}]},{"@type":"WebSite","@id":"https:\/\/informelitoral.com.ar\/#website","url":"https:\/\/informelitoral.com.ar\/","name":"Informe Litoral","description":"&quot;Nos informamos&quot; ","publisher":{"@id":"https:\/\/informelitoral.com.ar\/#organization"},"potentialAction":[{"@type":"SearchAction","target":{"@type":"EntryPoint","urlTemplate":"https:\/\/informelitoral.com.ar\/?s={search_term_string}"},"query-input":{"@type":"PropertyValueSpecification","valueRequired":true,"valueName":"search_term_string"}}],"inLanguage":"es"},{"@type":"Organization","@id":"https:\/\/informelitoral.com.ar\/#organization","name":"Informe Litoral","url":"https:\/\/informelitoral.com.ar\/","logo":{"@type":"ImageObject","inLanguage":"es","@id":"https:\/\/informelitoral.com.ar\/#\/schema\/logo\/image\/","url":"https:\/\/informelitoral.com.ar\/%77%70%2d%63%6f%6e%74%65%6e%74\/uploads\/2021\/01\/circulo.png","contentUrl":"https:\/\/informelitoral.com.ar\/%77%70%2d%63%6f%6e%74%65%6e%74\/uploads\/2021\/01\/circulo.png","width":723,"height":731,"caption":"Informe Litoral"},"image":{"@id":"https:\/\/informelitoral.com.ar\/#\/schema\/logo\/image\/"},"sameAs":["https:\/\/www.facebook.com\/informelitoral\/","https:\/\/x.com\/InformeLitoral","https:\/\/www.instagram.com\/informelitoral\/","https:\/\/www.youtube.com\/channel\/UCua4Qvz8Icb6MYqhoq9xLXw"]},{"@type":"Person","@id":"https:\/\/informelitoral.com.ar\/#\/schema\/person\/f05f9f461677119578717524b127d6d5","name":"Sebastian","image":{"@type":"ImageObject","inLanguage":"es","@id":"https:\/\/secure.gravatar.com\/avatar\/b71bf7481d447dfb9583c7f2798e7cc64de6efb9067b74633ed8c31059a3bd82?s=96&d=mm&r=g","url":"https:\/\/secure.gravatar.com\/avatar\/b71bf7481d447dfb9583c7f2798e7cc64de6efb9067b74633ed8c31059a3bd82?s=96&d=mm&r=g","contentUrl":"https:\/\/secure.gravatar.com\/avatar\/b71bf7481d447dfb9583c7f2798e7cc64de6efb9067b74633ed8c31059a3bd82?s=96&d=mm&r=g","caption":"Sebastian"},"url":"https:\/\/informelitoral.com.ar\/author\/sebastian\/"}]}},"_links":{"self":[{"href":"https:\/\/informelitoral.com.ar\/%77%70%2d%6a%73%6f%6e\/wp\/v2\/posts\/102441","targetHints":{"allow":["GET"]}}],"collection":[{"href":"https:\/\/informelitoral.com.ar\/%77%70%2d%6a%73%6f%6e\/wp\/v2\/posts"}],"about":[{"href":"https:\/\/informelitoral.com.ar\/%77%70%2d%6a%73%6f%6e\/wp\/v2\/types\/post"}],"author":[{"embeddable":true,"href":"https:\/\/informelitoral.com.ar\/%77%70%2d%6a%73%6f%6e\/wp\/v2\/users\/8"}],"replies":[{"embeddable":true,"href":"https:\/\/informelitoral.com.ar\/%77%70%2d%6a%73%6f%6e\/wp\/v2\/comments?post=102441"}],"version-history":[{"count":0,"href":"https:\/\/informelitoral.com.ar\/%77%70%2d%6a%73%6f%6e\/wp\/v2\/posts\/102441\/revisions"}],"wp:featuredmedia":[{"embeddable":true,"href":"https:\/\/informelitoral.com.ar\/%77%70%2d%6a%73%6f%6e\/wp\/v2\/media\/102445"}],"wp:attachment":[{"href":"https:\/\/informelitoral.com.ar\/%77%70%2d%6a%73%6f%6e\/wp\/v2\/media?parent=102441"}],"wp:term":[{"taxonomy":"category","embeddable":true,"href":"https:\/\/informelitoral.com.ar\/%77%70%2d%6a%73%6f%6e\/wp\/v2\/categories?post=102441"},{"taxonomy":"post_tag","embeddable":true,"href":"https:\/\/informelitoral.com.ar\/%77%70%2d%6a%73%6f%6e\/wp\/v2\/tags?post=102441"}],"curies":[{"name":"wp","href":"https:\/\/api.w.org\/{rel}","templated":true}]}}