{"id":10208,"date":"2015-03-18T17:39:32","date_gmt":"2015-03-18T20:39:32","guid":{"rendered":"http:\/\/www.isletasnoticias.com.ar\/?p=10208"},"modified":"2015-03-18T17:47:05","modified_gmt":"2015-03-18T20:47:05","slug":"adelantarian-las-elecciones-y-urribarri-seria-candidato-a-diputado-provincial","status":"publish","type":"post","link":"https:\/\/informelitoral.com.ar\/adelantarian-las-elecciones-y-urribarri-seria-candidato-a-diputado-provincial\/","title":{"rendered":"Adelantar\u00edan las elecciones y Urribarri ser\u00eda candidato a diputado provincial"},"content":{"rendered":"<p><strong>Ser\u00eda una decisi\u00f3n tomada. Todo estar\u00eda listo para que en Entre R\u00edos deba votarse antes que a nivel nacional. La decisi\u00f3n del gobernador estar\u00eda siendo estudiada por el fiscal de Estado.<a href=\"http:\/\/www.isletasnoticias.com.ar\/%77%70%2d%63%6f%6e%74%65%6e%74\/uploads\/2015\/03\/o_1382883047.jpg\"><img loading=\"lazy\" decoding=\"async\" class=\"aligncenter size-medium wp-image-10209\" src=\"http:\/\/www.isletasnoticias.com.ar\/%77%70%2d%63%6f%6e%74%65%6e%74\/uploads\/2015\/03\/o_1382883047-300x169.jpg\" alt=\"o_1382883047\" width=\"300\" height=\"169\" srcset=\"https:\/\/informelitoral.com.ar\/%77%70%2d%63%6f%6e%74%65%6e%74\/uploads\/2015\/03\/o_1382883047-300x169.jpg 300w, https:\/\/informelitoral.com.ar\/%77%70%2d%63%6f%6e%74%65%6e%74\/uploads\/2015\/03\/o_1382883047.jpg 640w\" sizes=\"auto, (max-width: 300px) 100vw, 300px\" \/><\/a><\/strong>Distintas fuentes pol\u00edticas y funcionarios de varios \u00e1mbitos del Estado provincial confirman que es una decisi\u00f3n tomada: adelantar las elecciones provinciales en Entre R\u00edos. Es un secreto a voces o una versi\u00f3n que nadie todav\u00eda se atreve a revelar apareciendo con nombre y apellido.<\/p>\n<section class=\"texto\">Las versiones circulantes dan cuenta de que el fiscal de Estado, Julio Rodr\u00edguez Signes, es el encargado de darle los detalles a la convocatoria formal decidida ya por el gobernador Sergio Urribarri. La estrategia incluso prev\u00e9 que el mandatario provincial desista de su inter\u00e9s por mantener la precandidatura presidencial.Por lo bajo lo confirmaron una media docena de fuentes calificadas que han pedido no ser identificadas. Lo cierto es que los entrerrianos votar\u00edan antes por gobernador y diputados provinciales, intendentes, concejales, antes de hacerlo por presidente y diputados nacionales.<\/p>\n<p>Las versiones dan cuenta de que en la provincia habr\u00eda una elecci\u00f3n con la modalidad de las PASO el primer domingo de julio mientras que las generales provinciales ser\u00edan en agosto, es decir dos meses antes de que haya que acudir nuevamente al cuarto oscuro para elegir presidente y legisladores nacionales.<\/p>\n<p>\u201cCon esto podemos decir que Urribarri se estar\u00eda bajando de su precandidatura presidencial e ir\u00eda como primer diputado provincial para encabezar la boleta a modo testimonial\u201d, dijo una de las fuentes consultadas por \u201cAn\u00e1lisis Digital\u201d.<\/p>\n<p>Sucede que en buena parte del arco oficialista se entiende que no aparecer Urribarri en la boleta, cuando tiene un alto consenso en la sociedad entrerriana, ser\u00eda una decisi\u00f3n err\u00f3nea, por lo cual se busca convencerlo en tal sentido.<\/p>\n<p>Es una decisi\u00f3n pol\u00edtica tomada la de adelantar las elecciones, lo que levanta las posibilidades del Frente para la Victoria en la provincia, en detrimento de las chances opositoras, toda vez que el oficialismo sigue midiendo muy bien en la provincia, a diferencia del nivel de adhesi\u00f3n que tiene el kirchnerismo a nivel nacional. <em>(An\u00e1lisis Digital)<\/em><\/p>\n<\/section>\n","protected":false},"excerpt":{"rendered":"<p>Ser&iacute;a una decisi&oacute;n tomada. Todo estar&iacute;a listo para que en Entre R&iacute;os deba votarse antes que a nivel nacional. La decisi&oacute;n del gobernador estar&iacute;a siendo estudiada por el fiscal de Estado.Distintas fuentes pol&iacute;ticas y funcionarios de varios &aacute;mbitos del Estado provincial confirman que es una decisi&oacute;n tomada: adelantar las elecciones provinciales en Entre R&iacute;os. Es [&hellip;]<\/p>\n","protected":false},"author":2,"featured_media":0,"comment_status":"open","ping_status":"open","sticky":false,"template":"","format":"standard","meta":{"fifu_image_url":"","fifu_image_alt":"","footnotes":""},"categories":[6,16],"tags":[],"class_list":{"0":"post-10208","1":"post","2":"type-post","3":"status-publish","4":"format-standard","6":"category-entre-rios","7":"category-politi"},"yoast_head":"<title>Adelantar\u00edan las elecciones y Urribarri ser\u00eda candidato a diputado provincial - Informe Litoral<\/title>\n<meta name=\"robots\" content=\"index, follow, max-snippet:-1, max-image-preview:large, max-video-preview:-1\" \/>\n<link rel=\"canonical\" href=\"https:\/\/informelitoral.com.ar\/adelantarian-las-elecciones-y-urribarri-seria-candidato-a-diputado-provincial\/\" \/>\n<meta property=\"og:locale\" content=\"es_ES\" \/>\n<meta property=\"og:type\" content=\"article\" \/>\n<meta property=\"og:title\" content=\"Adelantar\u00edan las elecciones y Urribarri ser\u00eda candidato a diputado provincial - Informe Litoral\" \/>\n<meta property=\"og:description\" content=\"Ser&iacute;a una decisi&oacute;n tomada. Todo estar&iacute;a listo para que en Entre R&iacute;os deba votarse antes que a nivel nacional. La decisi&oacute;n del gobernador estar&iacute;a siendo estudiada por el fiscal de Estado.Distintas fuentes pol&iacute;ticas y funcionarios de varios &aacute;mbitos del Estado provincial confirman que es una decisi&oacute;n tomada: adelantar las elecciones provinciales en Entre R&iacute;os. Es [&hellip;]\" \/>\n<meta property=\"og:url\" content=\"https:\/\/informelitoral.com.ar\/adelantarian-las-elecciones-y-urribarri-seria-candidato-a-diputado-provincial\/\" \/>\n<meta property=\"og:site_name\" content=\"Informe Litoral\" \/>\n<meta property=\"article:publisher\" content=\"https:\/\/www.facebook.com\/informelitoral\/\" \/>\n<meta property=\"article:published_time\" content=\"2015-03-18T20:39:32+00:00\" \/>\n<meta property=\"article:modified_time\" content=\"2015-03-18T20:47:05+00:00\" \/>\n<meta property=\"og:image\" content=\"https:\/\/informelitoral.com.ar\/%77%70%2d%63%6f%6e%74%65%6e%74\/uploads\/2015\/03\/o_1382883047.jpg\" \/>\n\t<meta property=\"og:image:width\" content=\"640\" \/>\n\t<meta property=\"og:image:height\" content=\"360\" \/>\n\t<meta property=\"og:image:type\" content=\"image\/jpeg\" \/>\n<meta name=\"author\" content=\"Gonzalo Schmidt\" \/>\n<meta name=\"twitter:card\" content=\"summary_large_image\" \/>\n<meta name=\"twitter:creator\" content=\"@InformeLitoral\" \/>\n<meta name=\"twitter:site\" content=\"@InformeLitoral\" \/>\n<meta name=\"twitter:label1\" content=\"Escrito por\" \/>\n\t<meta name=\"twitter:data1\" content=\"Gonzalo Schmidt\" \/>\n\t<meta name=\"twitter:label2\" content=\"Tiempo de lectura\" \/>\n\t<meta name=\"twitter:data2\" content=\"2 minutos\" \/>\n<script type=\"application\/ld+json\" class=\"yoast-schema-graph\">{\"@context\":\"https:\\\/\\\/schema.org\",\"@graph\":[{\"@type\":\"Article\",\"@id\":\"https:\\\/\\\/informelitoral.com.ar\\\/adelantarian-las-elecciones-y-urribarri-seria-candidato-a-diputado-provincial\\\/#article\",\"isPartOf\":{\"@id\":\"https:\\\/\\\/informelitoral.com.ar\\\/adelantarian-las-elecciones-y-urribarri-seria-candidato-a-diputado-provincial\\\/\"},\"author\":{\"name\":\"Gonzalo Schmidt\",\"@id\":\"https:\\\/\\\/informelitoral.com.ar\\\/#\\\/schema\\\/person\\\/b9d00407c836482871ef1d57bf8e3180\"},\"headline\":\"Adelantar\u00edan las elecciones y Urribarri ser\u00eda candidato a diputado provincial\",\"datePublished\":\"2015-03-18T20:39:32+00:00\",\"dateModified\":\"2015-03-18T20:47:05+00:00\",\"mainEntityOfPage\":{\"@id\":\"https:\\\/\\\/informelitoral.com.ar\\\/adelantarian-las-elecciones-y-urribarri-seria-candidato-a-diputado-provincial\\\/\"},\"wordCount\":384,\"commentCount\":0,\"publisher\":{\"@id\":\"https:\\\/\\\/informelitoral.com.ar\\\/#organization\"},\"image\":{\"@id\":\"https:\\\/\\\/informelitoral.com.ar\\\/adelantarian-las-elecciones-y-urribarri-seria-candidato-a-diputado-provincial\\\/#primaryimage\"},\"thumbnailUrl\":\"http:\\\/\\\/www.isletasnoticias.com.ar\\\/%77%70%2d%63%6f%6e%74%65%6e%74\\\/uploads\\\/2015\\\/03\\\/o_1382883047-300x169.jpg\",\"articleSection\":[\"Entre R\u00edos\",\"Politica\"],\"inLanguage\":\"es\",\"potentialAction\":[{\"@type\":\"CommentAction\",\"name\":\"Comment\",\"target\":[\"https:\\\/\\\/informelitoral.com.ar\\\/adelantarian-las-elecciones-y-urribarri-seria-candidato-a-diputado-provincial\\\/#respond\"]}]},{\"@type\":\"WebPage\",\"@id\":\"https:\\\/\\\/informelitoral.com.ar\\\/adelantarian-las-elecciones-y-urribarri-seria-candidato-a-diputado-provincial\\\/\",\"url\":\"https:\\\/\\\/informelitoral.com.ar\\\/adelantarian-las-elecciones-y-urribarri-seria-candidato-a-diputado-provincial\\\/\",\"name\":\"Adelantar\u00edan las elecciones y Urribarri ser\u00eda candidato a diputado provincial - Informe Litoral\",\"isPartOf\":{\"@id\":\"https:\\\/\\\/informelitoral.com.ar\\\/#website\"},\"primaryImageOfPage\":{\"@id\":\"https:\\\/\\\/informelitoral.com.ar\\\/adelantarian-las-elecciones-y-urribarri-seria-candidato-a-diputado-provincial\\\/#primaryimage\"},\"image\":{\"@id\":\"https:\\\/\\\/informelitoral.com.ar\\\/adelantarian-las-elecciones-y-urribarri-seria-candidato-a-diputado-provincial\\\/#primaryimage\"},\"thumbnailUrl\":\"http:\\\/\\\/www.isletasnoticias.com.ar\\\/%77%70%2d%63%6f%6e%74%65%6e%74\\\/uploads\\\/2015\\\/03\\\/o_1382883047-300x169.jpg\",\"datePublished\":\"2015-03-18T20:39:32+00:00\",\"dateModified\":\"2015-03-18T20:47:05+00:00\",\"breadcrumb\":{\"@id\":\"https:\\\/\\\/informelitoral.com.ar\\\/adelantarian-las-elecciones-y-urribarri-seria-candidato-a-diputado-provincial\\\/#breadcrumb\"},\"inLanguage\":\"es\",\"potentialAction\":[{\"@type\":\"ReadAction\",\"target\":[\"https:\\\/\\\/informelitoral.com.ar\\\/adelantarian-las-elecciones-y-urribarri-seria-candidato-a-diputado-provincial\\\/\"]}]},{\"@type\":\"ImageObject\",\"inLanguage\":\"es\",\"@id\":\"https:\\\/\\\/informelitoral.com.ar\\\/adelantarian-las-elecciones-y-urribarri-seria-candidato-a-diputado-provincial\\\/#primaryimage\",\"url\":\"http:\\\/\\\/www.isletasnoticias.com.ar\\\/%77%70%2d%63%6f%6e%74%65%6e%74\\\/uploads\\\/2015\\\/03\\\/o_1382883047-300x169.jpg\",\"contentUrl\":\"http:\\\/\\\/www.isletasnoticias.com.ar\\\/%77%70%2d%63%6f%6e%74%65%6e%74\\\/uploads\\\/2015\\\/03\\\/o_1382883047-300x169.jpg\"},{\"@type\":\"BreadcrumbList\",\"@id\":\"https:\\\/\\\/informelitoral.com.ar\\\/adelantarian-las-elecciones-y-urribarri-seria-candidato-a-diputado-provincial\\\/#breadcrumb\",\"itemListElement\":[{\"@type\":\"ListItem\",\"position\":1,\"name\":\"Portada\",\"item\":\"https:\\\/\\\/informelitoral.com.ar\\\/\"},{\"@type\":\"ListItem\",\"position\":2,\"name\":\"Adelantar\u00edan las elecciones y Urribarri ser\u00eda candidato a diputado provincial\"}]},{\"@type\":\"WebSite\",\"@id\":\"https:\\\/\\\/informelitoral.com.ar\\\/#website\",\"url\":\"https:\\\/\\\/informelitoral.com.ar\\\/\",\"name\":\"Informe Litoral\",\"description\":\"&quot;Nos informamos&quot; \",\"publisher\":{\"@id\":\"https:\\\/\\\/informelitoral.com.ar\\\/#organization\"},\"potentialAction\":[{\"@type\":\"SearchAction\",\"target\":{\"@type\":\"EntryPoint\",\"urlTemplate\":\"https:\\\/\\\/informelitoral.com.ar\\\/?s={search_term_string}\"},\"query-input\":{\"@type\":\"PropertyValueSpecification\",\"valueRequired\":true,\"valueName\":\"search_term_string\"}}],\"inLanguage\":\"es\"},{\"@type\":\"Organization\",\"@id\":\"https:\\\/\\\/informelitoral.com.ar\\\/#organization\",\"name\":\"Informe Litoral\",\"url\":\"https:\\\/\\\/informelitoral.com.ar\\\/\",\"logo\":{\"@type\":\"ImageObject\",\"inLanguage\":\"es\",\"@id\":\"https:\\\/\\\/informelitoral.com.ar\\\/#\\\/schema\\\/logo\\\/image\\\/\",\"url\":\"https:\\\/\\\/informelitoral.com.ar\\\/%77%70%2d%63%6f%6e%74%65%6e%74\\\/uploads\\\/2021\\\/01\\\/circulo.png\",\"contentUrl\":\"https:\\\/\\\/informelitoral.com.ar\\\/%77%70%2d%63%6f%6e%74%65%6e%74\\\/uploads\\\/2021\\\/01\\\/circulo.png\",\"width\":723,\"height\":731,\"caption\":\"Informe Litoral\"},\"image\":{\"@id\":\"https:\\\/\\\/informelitoral.com.ar\\\/#\\\/schema\\\/logo\\\/image\\\/\"},\"sameAs\":[\"https:\\\/\\\/www.facebook.com\\\/informelitoral\\\/\",\"https:\\\/\\\/x.com\\\/InformeLitoral\",\"https:\\\/\\\/www.instagram.com\\\/informelitoral\\\/\",\"https:\\\/\\\/www.youtube.com\\\/channel\\\/UCua4Qvz8Icb6MYqhoq9xLXw\"]},{\"@type\":\"Person\",\"@id\":\"https:\\\/\\\/informelitoral.com.ar\\\/#\\\/schema\\\/person\\\/b9d00407c836482871ef1d57bf8e3180\",\"name\":\"Gonzalo Schmidt\",\"image\":{\"@type\":\"ImageObject\",\"inLanguage\":\"es\",\"@id\":\"https:\\\/\\\/secure.gravatar.com\\\/avatar\\\/31a1a7b66ff2de83bd0e9fd79d026630d2d99e55e8bfe501287647b4fd9743de?s=96&d=mm&r=g\",\"url\":\"https:\\\/\\\/secure.gravatar.com\\\/avatar\\\/31a1a7b66ff2de83bd0e9fd79d026630d2d99e55e8bfe501287647b4fd9743de?s=96&d=mm&r=g\",\"contentUrl\":\"https:\\\/\\\/secure.gravatar.com\\\/avatar\\\/31a1a7b66ff2de83bd0e9fd79d026630d2d99e55e8bfe501287647b4fd9743de?s=96&d=mm&r=g\",\"caption\":\"Gonzalo Schmidt\"},\"description\":\"Sitio web de noticias de la provincia de Entre R\u00edos, Argentina. Informaci\u00f3n y entretenimiento. Informe Litoral, nos informamos.\",\"sameAs\":[\"http:\\\/\\\/www.isletasnoticias.com.ar\"],\"url\":\"https:\\\/\\\/informelitoral.com.ar\\\/author\\\/gonzalo\\\/\"}]}<\/script>","yoast_head_json":{"title":"Adelantar\u00edan las elecciones y Urribarri ser\u00eda candidato a diputado provincial - Informe Litoral","robots":{"index":"index","follow":"follow","max-snippet":"max-snippet:-1","max-image-preview":"max-image-preview:large","max-video-preview":"max-video-preview:-1"},"canonical":"https:\/\/informelitoral.com.ar\/adelantarian-las-elecciones-y-urribarri-seria-candidato-a-diputado-provincial\/","og_locale":"es_ES","og_type":"article","og_title":"Adelantar\u00edan las elecciones y Urribarri ser\u00eda candidato a diputado provincial - Informe Litoral","og_description":"Ser&iacute;a una decisi&oacute;n tomada. Todo estar&iacute;a listo para que en Entre R&iacute;os deba votarse antes que a nivel nacional. La decisi&oacute;n del gobernador estar&iacute;a siendo estudiada por el fiscal de Estado.Distintas fuentes pol&iacute;ticas y funcionarios de varios &aacute;mbitos del Estado provincial confirman que es una decisi&oacute;n tomada: adelantar las elecciones provinciales en Entre R&iacute;os. Es [&hellip;]","og_url":"https:\/\/informelitoral.com.ar\/adelantarian-las-elecciones-y-urribarri-seria-candidato-a-diputado-provincial\/","og_site_name":"Informe Litoral","article_publisher":"https:\/\/www.facebook.com\/informelitoral\/","article_published_time":"2015-03-18T20:39:32+00:00","article_modified_time":"2015-03-18T20:47:05+00:00","og_image":[{"width":640,"height":360,"url":"https:\/\/informelitoral.com.ar\/%77%70%2d%63%6f%6e%74%65%6e%74\/uploads\/2015\/03\/o_1382883047.jpg","type":"image\/jpeg"}],"author":"Gonzalo Schmidt","twitter_card":"summary_large_image","twitter_creator":"@InformeLitoral","twitter_site":"@InformeLitoral","twitter_misc":{"Escrito por":"Gonzalo Schmidt","Tiempo de lectura":"2 minutos"},"schema":{"@context":"https:\/\/schema.org","@graph":[{"@type":"Article","@id":"https:\/\/informelitoral.com.ar\/adelantarian-las-elecciones-y-urribarri-seria-candidato-a-diputado-provincial\/#article","isPartOf":{"@id":"https:\/\/informelitoral.com.ar\/adelantarian-las-elecciones-y-urribarri-seria-candidato-a-diputado-provincial\/"},"author":{"name":"Gonzalo Schmidt","@id":"https:\/\/informelitoral.com.ar\/#\/schema\/person\/b9d00407c836482871ef1d57bf8e3180"},"headline":"Adelantar\u00edan las elecciones y Urribarri ser\u00eda candidato a diputado provincial","datePublished":"2015-03-18T20:39:32+00:00","dateModified":"2015-03-18T20:47:05+00:00","mainEntityOfPage":{"@id":"https:\/\/informelitoral.com.ar\/adelantarian-las-elecciones-y-urribarri-seria-candidato-a-diputado-provincial\/"},"wordCount":384,"commentCount":0,"publisher":{"@id":"https:\/\/informelitoral.com.ar\/#organization"},"image":{"@id":"https:\/\/informelitoral.com.ar\/adelantarian-las-elecciones-y-urribarri-seria-candidato-a-diputado-provincial\/#primaryimage"},"thumbnailUrl":"http:\/\/www.isletasnoticias.com.ar\/%77%70%2d%63%6f%6e%74%65%6e%74\/uploads\/2015\/03\/o_1382883047-300x169.jpg","articleSection":["Entre R\u00edos","Politica"],"inLanguage":"es","potentialAction":[{"@type":"CommentAction","name":"Comment","target":["https:\/\/informelitoral.com.ar\/adelantarian-las-elecciones-y-urribarri-seria-candidato-a-diputado-provincial\/#respond"]}]},{"@type":"WebPage","@id":"https:\/\/informelitoral.com.ar\/adelantarian-las-elecciones-y-urribarri-seria-candidato-a-diputado-provincial\/","url":"https:\/\/informelitoral.com.ar\/adelantarian-las-elecciones-y-urribarri-seria-candidato-a-diputado-provincial\/","name":"Adelantar\u00edan las elecciones y Urribarri ser\u00eda candidato a diputado provincial - Informe Litoral","isPartOf":{"@id":"https:\/\/informelitoral.com.ar\/#website"},"primaryImageOfPage":{"@id":"https:\/\/informelitoral.com.ar\/adelantarian-las-elecciones-y-urribarri-seria-candidato-a-diputado-provincial\/#primaryimage"},"image":{"@id":"https:\/\/informelitoral.com.ar\/adelantarian-las-elecciones-y-urribarri-seria-candidato-a-diputado-provincial\/#primaryimage"},"thumbnailUrl":"http:\/\/www.isletasnoticias.com.ar\/%77%70%2d%63%6f%6e%74%65%6e%74\/uploads\/2015\/03\/o_1382883047-300x169.jpg","datePublished":"2015-03-18T20:39:32+00:00","dateModified":"2015-03-18T20:47:05+00:00","breadcrumb":{"@id":"https:\/\/informelitoral.com.ar\/adelantarian-las-elecciones-y-urribarri-seria-candidato-a-diputado-provincial\/#breadcrumb"},"inLanguage":"es","potentialAction":[{"@type":"ReadAction","target":["https:\/\/informelitoral.com.ar\/adelantarian-las-elecciones-y-urribarri-seria-candidato-a-diputado-provincial\/"]}]},{"@type":"ImageObject","inLanguage":"es","@id":"https:\/\/informelitoral.com.ar\/adelantarian-las-elecciones-y-urribarri-seria-candidato-a-diputado-provincial\/#primaryimage","url":"http:\/\/www.isletasnoticias.com.ar\/%77%70%2d%63%6f%6e%74%65%6e%74\/uploads\/2015\/03\/o_1382883047-300x169.jpg","contentUrl":"http:\/\/www.isletasnoticias.com.ar\/%77%70%2d%63%6f%6e%74%65%6e%74\/uploads\/2015\/03\/o_1382883047-300x169.jpg"},{"@type":"BreadcrumbList","@id":"https:\/\/informelitoral.com.ar\/adelantarian-las-elecciones-y-urribarri-seria-candidato-a-diputado-provincial\/#breadcrumb","itemListElement":[{"@type":"ListItem","position":1,"name":"Portada","item":"https:\/\/informelitoral.com.ar\/"},{"@type":"ListItem","position":2,"name":"Adelantar\u00edan las elecciones y Urribarri ser\u00eda candidato a diputado provincial"}]},{"@type":"WebSite","@id":"https:\/\/informelitoral.com.ar\/#website","url":"https:\/\/informelitoral.com.ar\/","name":"Informe Litoral","description":"&quot;Nos informamos&quot; ","publisher":{"@id":"https:\/\/informelitoral.com.ar\/#organization"},"potentialAction":[{"@type":"SearchAction","target":{"@type":"EntryPoint","urlTemplate":"https:\/\/informelitoral.com.ar\/?s={search_term_string}"},"query-input":{"@type":"PropertyValueSpecification","valueRequired":true,"valueName":"search_term_string"}}],"inLanguage":"es"},{"@type":"Organization","@id":"https:\/\/informelitoral.com.ar\/#organization","name":"Informe Litoral","url":"https:\/\/informelitoral.com.ar\/","logo":{"@type":"ImageObject","inLanguage":"es","@id":"https:\/\/informelitoral.com.ar\/#\/schema\/logo\/image\/","url":"https:\/\/informelitoral.com.ar\/%77%70%2d%63%6f%6e%74%65%6e%74\/uploads\/2021\/01\/circulo.png","contentUrl":"https:\/\/informelitoral.com.ar\/%77%70%2d%63%6f%6e%74%65%6e%74\/uploads\/2021\/01\/circulo.png","width":723,"height":731,"caption":"Informe Litoral"},"image":{"@id":"https:\/\/informelitoral.com.ar\/#\/schema\/logo\/image\/"},"sameAs":["https:\/\/www.facebook.com\/informelitoral\/","https:\/\/x.com\/InformeLitoral","https:\/\/www.instagram.com\/informelitoral\/","https:\/\/www.youtube.com\/channel\/UCua4Qvz8Icb6MYqhoq9xLXw"]},{"@type":"Person","@id":"https:\/\/informelitoral.com.ar\/#\/schema\/person\/b9d00407c836482871ef1d57bf8e3180","name":"Gonzalo Schmidt","image":{"@type":"ImageObject","inLanguage":"es","@id":"https:\/\/secure.gravatar.com\/avatar\/31a1a7b66ff2de83bd0e9fd79d026630d2d99e55e8bfe501287647b4fd9743de?s=96&d=mm&r=g","url":"https:\/\/secure.gravatar.com\/avatar\/31a1a7b66ff2de83bd0e9fd79d026630d2d99e55e8bfe501287647b4fd9743de?s=96&d=mm&r=g","contentUrl":"https:\/\/secure.gravatar.com\/avatar\/31a1a7b66ff2de83bd0e9fd79d026630d2d99e55e8bfe501287647b4fd9743de?s=96&d=mm&r=g","caption":"Gonzalo Schmidt"},"description":"Sitio web de noticias de la provincia de Entre R\u00edos, Argentina. Informaci\u00f3n y entretenimiento. Informe Litoral, nos informamos.","sameAs":["http:\/\/www.isletasnoticias.com.ar"],"url":"https:\/\/informelitoral.com.ar\/author\/gonzalo\/"}]}},"_links":{"self":[{"href":"https:\/\/informelitoral.com.ar\/%77%70%2d%6a%73%6f%6e\/wp\/v2\/posts\/10208","targetHints":{"allow":["GET"]}}],"collection":[{"href":"https:\/\/informelitoral.com.ar\/%77%70%2d%6a%73%6f%6e\/wp\/v2\/posts"}],"about":[{"href":"https:\/\/informelitoral.com.ar\/%77%70%2d%6a%73%6f%6e\/wp\/v2\/types\/post"}],"author":[{"embeddable":true,"href":"https:\/\/informelitoral.com.ar\/%77%70%2d%6a%73%6f%6e\/wp\/v2\/users\/2"}],"replies":[{"embeddable":true,"href":"https:\/\/informelitoral.com.ar\/%77%70%2d%6a%73%6f%6e\/wp\/v2\/comments?post=10208"}],"version-history":[{"count":0,"href":"https:\/\/informelitoral.com.ar\/%77%70%2d%6a%73%6f%6e\/wp\/v2\/posts\/10208\/revisions"}],"wp:attachment":[{"href":"https:\/\/informelitoral.com.ar\/%77%70%2d%6a%73%6f%6e\/wp\/v2\/media?parent=10208"}],"wp:term":[{"taxonomy":"category","embeddable":true,"href":"https:\/\/informelitoral.com.ar\/%77%70%2d%6a%73%6f%6e\/wp\/v2\/categories?post=10208"},{"taxonomy":"post_tag","embeddable":true,"href":"https:\/\/informelitoral.com.ar\/%77%70%2d%6a%73%6f%6e\/wp\/v2\/tags?post=10208"}],"curies":[{"name":"wp","href":"https:\/\/api.w.org\/{rel}","templated":true}]}}