{"id":10197,"date":"2015-03-17T12:29:13","date_gmt":"2015-03-17T15:29:13","guid":{"rendered":"http:\/\/www.isletasnoticias.com.ar\/?p=10197"},"modified":"2015-03-17T12:29:13","modified_gmt":"2015-03-17T15:29:13","slug":"sergio-massa-los-argentinos-no-quieren-seguir-en-los-70-ni-volver-a-los-90-vamos-al-futuro","status":"publish","type":"post","link":"https:\/\/informelitoral.com.ar\/sergio-massa-los-argentinos-no-quieren-seguir-en-los-70-ni-volver-a-los-90-vamos-al-futuro\/","title":{"rendered":"Sergio Massa: \u00abLos argentinos no quieren seguir en los 70, ni volver a los 90, vamos al futuro\u00bb"},"content":{"rendered":"<p><strong>El candidato del Frente Renovador carg\u00f3 contra <em>Macri<\/em> y <em>Scioli<\/em> y ratific\u00f3 su proyecto presidencial; \u00abVoy a ser presidente y voy a ganar en primera vuelta\u00bb, afirm\u00f3.<a href=\"http:\/\/www.isletasnoticias.com.ar\/%77%70%2d%63%6f%6e%74%65%6e%74\/uploads\/2015\/03\/0008204489.jpg\"><br \/>\n<\/a> <a href=\"http:\/\/www.isletasnoticias.com.ar\/%77%70%2d%63%6f%6e%74%65%6e%74\/uploads\/2015\/03\/30adc8271b7e84421bfe7f30dc21acdd.jpg\"><img loading=\"lazy\" decoding=\"async\" class=\"aligncenter size-medium wp-image-10198\" src=\"http:\/\/www.isletasnoticias.com.ar\/%77%70%2d%63%6f%6e%74%65%6e%74\/uploads\/2015\/03\/30adc8271b7e84421bfe7f30dc21acdd-300x205.jpg\" alt=\"30adc8271b7e84421bfe7f30dc21acdd\" width=\"300\" height=\"205\" srcset=\"https:\/\/informelitoral.com.ar\/%77%70%2d%63%6f%6e%74%65%6e%74\/uploads\/2015\/03\/30adc8271b7e84421bfe7f30dc21acdd-300x205.jpg 300w, https:\/\/informelitoral.com.ar\/%77%70%2d%63%6f%6e%74%65%6e%74\/uploads\/2015\/03\/30adc8271b7e84421bfe7f30dc21acdd-1024x698.jpg 1024w, https:\/\/informelitoral.com.ar\/%77%70%2d%63%6f%6e%74%65%6e%74\/uploads\/2015\/03\/30adc8271b7e84421bfe7f30dc21acdd.jpg 2000w\" sizes=\"auto, (max-width: 300px) 100vw, 300px\" \/><\/a><\/strong><\/p>\n<p class=\"primero\">El candidato del Frente Renovador, <b>Sergio Massa<\/b>, advirti\u00f3 esta ma\u00f1ana que los argentinos \u00ab<b>no quieren seguir en los 70, ni volver a los 90<\/b>\u00ab, tras la decisi\u00f3n de la Uni\u00f3n C\u00edvica Radical de acordar con el jefe de gobierno porte\u00f1o, Mauricio Macri, para competir en las Primarias Abiertas, Simult\u00e1neas y Obligatorias (PASO).<\/p>\n<p>\u00ab<b>Voy a ser presidente y voy a ganar en primera vuelta<\/b>\u00ab, respondi\u00f3 esta ma\u00f1ana el diputado nacional, al ser consultado en radio La Red sobre si continuar\u00eda con su postulaci\u00f3n por la primera magistratura, en momentos en que las encuestadoras lo ubican tercero, detr\u00e1s de Macri y del aspirante del Frente para la Victoria, el gobernador Daniel Scioli.<\/p>\n<p>Sergio Massa cuestion\u00f3 el acercamiento de la UCR y el Pro y tom\u00f3 distancia de esas estrategias electorales. \u00abNo quiero que se amontonen dirigentes\u00bb, afirm\u00f3 y aclar\u00f3, frente al retroceso en los sondeos de opini\u00f3n p\u00fablica: \u00abVoy a ser presidente y en primera vuelta. Me siento m\u00e1s fuerte que antes. Cuando arrancamos \u00e9ramos 9 intendentes y tuvimos que enfrentar a todo el gobierno nacional, al provincial y a todos los intendentes de la provincia\u00bb.<\/p>\n<p>\u00abNo es tiempo de amontonar dirigentes y de sacar dirigentes del caj\u00f3n de los recuerdos, hay que mirar el futuro. Me llama la atenci\u00f3n ver a Federico Storani justificando su acuerdo con Macri, cuando sabemos que es un hombre del progresismo, es un amontonamiento\u00bb, afirm\u00f3 el diputado y consider\u00f3: \u00abNo quiere ni seguir en los 70 ni volver a los 90, nosotros planteamos el futuro\u00bb.<\/p>\n<p>Con respecto a la promesa de Macri de levantar el cepo, el candidato del Frente Renovador afirm\u00f3 que en ese \u00absector pol\u00edtico est\u00e1n los que inventaron el corralito y el corral\u00f3n, y en el nuestro los que pudieron sacar el corralito y el corral\u00f3n, como Roberto Lavagna\u00bb.<\/p>\n<p>Ante la posibilidad de bajar su postulaci\u00f3n y ser candidato a gobernador bonaerense de Macri, Massa respondi\u00f3 que \u00ab\u00e9l es nacido en Tandil, se lo ofrecer\u00eda yo a \u00e9l; nosotros tenemos a Felipe Sol\u00e1, Dar\u00edo Giustozzi, Francisco De Narv\u00e1ez y M\u00f3nica L\u00f3pez\u00bb. <em>(La Naci\u00f3n)<\/em><\/p>\n","protected":false},"excerpt":{"rendered":"<p>El candidato del Frente Renovador carg&oacute; contra Macri y Scioli y ratific&oacute; su proyecto presidencial; &laquo;Voy a ser presidente y voy a ganar en primera vuelta&raquo;, afirm&oacute;. El candidato del Frente Renovador, Sergio Massa, advirti&oacute; esta ma&ntilde;ana que los argentinos &laquo;no quieren seguir en los 70, ni volver a los 90&laquo;, tras la decisi&oacute;n de [&hellip;]<\/p>\n","protected":false},"author":2,"featured_media":0,"comment_status":"open","ping_status":"open","sticky":false,"template":"","format":"standard","meta":{"fifu_image_url":"","fifu_image_alt":"","footnotes":""},"categories":[7,16],"tags":[],"class_list":{"0":"post-10197","1":"post","2":"type-post","3":"status-publish","4":"format-standard","6":"category-nacionales","7":"category-politi"},"yoast_head":"<title>Sergio Massa: &quot;Los argentinos no quieren seguir en los 70, ni volver a los 90, vamos al futuro&quot; - Informe Litoral<\/title>\n<meta name=\"robots\" content=\"index, follow, max-snippet:-1, max-image-preview:large, max-video-preview:-1\" \/>\n<link rel=\"canonical\" href=\"https:\/\/informelitoral.com.ar\/sergio-massa-los-argentinos-no-quieren-seguir-en-los-70-ni-volver-a-los-90-vamos-al-futuro\/\" \/>\n<meta property=\"og:locale\" content=\"es_ES\" \/>\n<meta property=\"og:type\" content=\"article\" \/>\n<meta property=\"og:title\" content=\"Sergio Massa: &quot;Los argentinos no quieren seguir en los 70, ni volver a los 90, vamos al futuro&quot; - Informe Litoral\" \/>\n<meta property=\"og:description\" content=\"El candidato del Frente Renovador carg&oacute; contra Macri y Scioli y ratific&oacute; su proyecto presidencial; &laquo;Voy a ser presidente y voy a ganar en primera vuelta&raquo;, afirm&oacute;. El candidato del Frente Renovador, Sergio Massa, advirti&oacute; esta ma&ntilde;ana que los argentinos &laquo;no quieren seguir en los 70, ni volver a los 90&laquo;, tras la decisi&oacute;n de [&hellip;]\" \/>\n<meta property=\"og:url\" content=\"https:\/\/informelitoral.com.ar\/sergio-massa-los-argentinos-no-quieren-seguir-en-los-70-ni-volver-a-los-90-vamos-al-futuro\/\" \/>\n<meta property=\"og:site_name\" content=\"Informe Litoral\" \/>\n<meta property=\"article:publisher\" content=\"https:\/\/www.facebook.com\/informelitoral\/\" \/>\n<meta property=\"article:published_time\" content=\"2015-03-17T15:29:13+00:00\" \/>\n<meta property=\"og:image\" content=\"https:\/\/informelitoral.com.ar\/%77%70%2d%63%6f%6e%74%65%6e%74\/uploads\/2015\/03\/30adc8271b7e84421bfe7f30dc21acdd.jpg\" \/>\n\t<meta property=\"og:image:width\" content=\"2000\" \/>\n\t<meta property=\"og:image:height\" content=\"1364\" \/>\n\t<meta property=\"og:image:type\" content=\"image\/jpeg\" \/>\n<meta name=\"author\" content=\"Gonzalo Schmidt\" \/>\n<meta name=\"twitter:card\" content=\"summary_large_image\" \/>\n<meta name=\"twitter:creator\" content=\"@InformeLitoral\" \/>\n<meta name=\"twitter:site\" content=\"@InformeLitoral\" \/>\n<meta name=\"twitter:label1\" content=\"Escrito por\" \/>\n\t<meta name=\"twitter:data1\" content=\"Gonzalo Schmidt\" \/>\n\t<meta name=\"twitter:label2\" content=\"Tiempo de lectura\" \/>\n\t<meta name=\"twitter:data2\" content=\"2 minutos\" \/>\n<script type=\"application\/ld+json\" class=\"yoast-schema-graph\">{\"@context\":\"https:\\\/\\\/schema.org\",\"@graph\":[{\"@type\":\"Article\",\"@id\":\"https:\\\/\\\/informelitoral.com.ar\\\/sergio-massa-los-argentinos-no-quieren-seguir-en-los-70-ni-volver-a-los-90-vamos-al-futuro\\\/#article\",\"isPartOf\":{\"@id\":\"https:\\\/\\\/informelitoral.com.ar\\\/sergio-massa-los-argentinos-no-quieren-seguir-en-los-70-ni-volver-a-los-90-vamos-al-futuro\\\/\"},\"author\":{\"name\":\"Gonzalo Schmidt\",\"@id\":\"https:\\\/\\\/informelitoral.com.ar\\\/#\\\/schema\\\/person\\\/b9d00407c836482871ef1d57bf8e3180\"},\"headline\":\"Sergio Massa: \u00abLos argentinos no quieren seguir en los 70, ni volver a los 90, vamos al futuro\u00bb\",\"datePublished\":\"2015-03-17T15:29:13+00:00\",\"mainEntityOfPage\":{\"@id\":\"https:\\\/\\\/informelitoral.com.ar\\\/sergio-massa-los-argentinos-no-quieren-seguir-en-los-70-ni-volver-a-los-90-vamos-al-futuro\\\/\"},\"wordCount\":404,\"commentCount\":0,\"publisher\":{\"@id\":\"https:\\\/\\\/informelitoral.com.ar\\\/#organization\"},\"image\":{\"@id\":\"https:\\\/\\\/informelitoral.com.ar\\\/sergio-massa-los-argentinos-no-quieren-seguir-en-los-70-ni-volver-a-los-90-vamos-al-futuro\\\/#primaryimage\"},\"thumbnailUrl\":\"http:\\\/\\\/www.isletasnoticias.com.ar\\\/%77%70%2d%63%6f%6e%74%65%6e%74\\\/uploads\\\/2015\\\/03\\\/30adc8271b7e84421bfe7f30dc21acdd-300x205.jpg\",\"articleSection\":[\"Nacionales\",\"Politica\"],\"inLanguage\":\"es\",\"potentialAction\":[{\"@type\":\"CommentAction\",\"name\":\"Comment\",\"target\":[\"https:\\\/\\\/informelitoral.com.ar\\\/sergio-massa-los-argentinos-no-quieren-seguir-en-los-70-ni-volver-a-los-90-vamos-al-futuro\\\/#respond\"]}]},{\"@type\":\"WebPage\",\"@id\":\"https:\\\/\\\/informelitoral.com.ar\\\/sergio-massa-los-argentinos-no-quieren-seguir-en-los-70-ni-volver-a-los-90-vamos-al-futuro\\\/\",\"url\":\"https:\\\/\\\/informelitoral.com.ar\\\/sergio-massa-los-argentinos-no-quieren-seguir-en-los-70-ni-volver-a-los-90-vamos-al-futuro\\\/\",\"name\":\"Sergio Massa: \\\"Los argentinos no quieren seguir en los 70, ni volver a los 90, vamos al futuro\\\" - Informe Litoral\",\"isPartOf\":{\"@id\":\"https:\\\/\\\/informelitoral.com.ar\\\/#website\"},\"primaryImageOfPage\":{\"@id\":\"https:\\\/\\\/informelitoral.com.ar\\\/sergio-massa-los-argentinos-no-quieren-seguir-en-los-70-ni-volver-a-los-90-vamos-al-futuro\\\/#primaryimage\"},\"image\":{\"@id\":\"https:\\\/\\\/informelitoral.com.ar\\\/sergio-massa-los-argentinos-no-quieren-seguir-en-los-70-ni-volver-a-los-90-vamos-al-futuro\\\/#primaryimage\"},\"thumbnailUrl\":\"http:\\\/\\\/www.isletasnoticias.com.ar\\\/%77%70%2d%63%6f%6e%74%65%6e%74\\\/uploads\\\/2015\\\/03\\\/30adc8271b7e84421bfe7f30dc21acdd-300x205.jpg\",\"datePublished\":\"2015-03-17T15:29:13+00:00\",\"breadcrumb\":{\"@id\":\"https:\\\/\\\/informelitoral.com.ar\\\/sergio-massa-los-argentinos-no-quieren-seguir-en-los-70-ni-volver-a-los-90-vamos-al-futuro\\\/#breadcrumb\"},\"inLanguage\":\"es\",\"potentialAction\":[{\"@type\":\"ReadAction\",\"target\":[\"https:\\\/\\\/informelitoral.com.ar\\\/sergio-massa-los-argentinos-no-quieren-seguir-en-los-70-ni-volver-a-los-90-vamos-al-futuro\\\/\"]}]},{\"@type\":\"ImageObject\",\"inLanguage\":\"es\",\"@id\":\"https:\\\/\\\/informelitoral.com.ar\\\/sergio-massa-los-argentinos-no-quieren-seguir-en-los-70-ni-volver-a-los-90-vamos-al-futuro\\\/#primaryimage\",\"url\":\"http:\\\/\\\/www.isletasnoticias.com.ar\\\/%77%70%2d%63%6f%6e%74%65%6e%74\\\/uploads\\\/2015\\\/03\\\/30adc8271b7e84421bfe7f30dc21acdd-300x205.jpg\",\"contentUrl\":\"http:\\\/\\\/www.isletasnoticias.com.ar\\\/%77%70%2d%63%6f%6e%74%65%6e%74\\\/uploads\\\/2015\\\/03\\\/30adc8271b7e84421bfe7f30dc21acdd-300x205.jpg\"},{\"@type\":\"BreadcrumbList\",\"@id\":\"https:\\\/\\\/informelitoral.com.ar\\\/sergio-massa-los-argentinos-no-quieren-seguir-en-los-70-ni-volver-a-los-90-vamos-al-futuro\\\/#breadcrumb\",\"itemListElement\":[{\"@type\":\"ListItem\",\"position\":1,\"name\":\"Portada\",\"item\":\"https:\\\/\\\/informelitoral.com.ar\\\/\"},{\"@type\":\"ListItem\",\"position\":2,\"name\":\"Sergio Massa: \u00abLos argentinos no quieren seguir en los 70, ni volver a los 90, vamos al futuro\u00bb\"}]},{\"@type\":\"WebSite\",\"@id\":\"https:\\\/\\\/informelitoral.com.ar\\\/#website\",\"url\":\"https:\\\/\\\/informelitoral.com.ar\\\/\",\"name\":\"Informe Litoral\",\"description\":\"&quot;Nos informamos&quot; \",\"publisher\":{\"@id\":\"https:\\\/\\\/informelitoral.com.ar\\\/#organization\"},\"potentialAction\":[{\"@type\":\"SearchAction\",\"target\":{\"@type\":\"EntryPoint\",\"urlTemplate\":\"https:\\\/\\\/informelitoral.com.ar\\\/?s={search_term_string}\"},\"query-input\":{\"@type\":\"PropertyValueSpecification\",\"valueRequired\":true,\"valueName\":\"search_term_string\"}}],\"inLanguage\":\"es\"},{\"@type\":\"Organization\",\"@id\":\"https:\\\/\\\/informelitoral.com.ar\\\/#organization\",\"name\":\"Informe Litoral\",\"url\":\"https:\\\/\\\/informelitoral.com.ar\\\/\",\"logo\":{\"@type\":\"ImageObject\",\"inLanguage\":\"es\",\"@id\":\"https:\\\/\\\/informelitoral.com.ar\\\/#\\\/schema\\\/logo\\\/image\\\/\",\"url\":\"https:\\\/\\\/informelitoral.com.ar\\\/%77%70%2d%63%6f%6e%74%65%6e%74\\\/uploads\\\/2021\\\/01\\\/circulo.png\",\"contentUrl\":\"https:\\\/\\\/informelitoral.com.ar\\\/%77%70%2d%63%6f%6e%74%65%6e%74\\\/uploads\\\/2021\\\/01\\\/circulo.png\",\"width\":723,\"height\":731,\"caption\":\"Informe Litoral\"},\"image\":{\"@id\":\"https:\\\/\\\/informelitoral.com.ar\\\/#\\\/schema\\\/logo\\\/image\\\/\"},\"sameAs\":[\"https:\\\/\\\/www.facebook.com\\\/informelitoral\\\/\",\"https:\\\/\\\/x.com\\\/InformeLitoral\",\"https:\\\/\\\/www.instagram.com\\\/informelitoral\\\/\",\"https:\\\/\\\/www.youtube.com\\\/channel\\\/UCua4Qvz8Icb6MYqhoq9xLXw\"]},{\"@type\":\"Person\",\"@id\":\"https:\\\/\\\/informelitoral.com.ar\\\/#\\\/schema\\\/person\\\/b9d00407c836482871ef1d57bf8e3180\",\"name\":\"Gonzalo Schmidt\",\"image\":{\"@type\":\"ImageObject\",\"inLanguage\":\"es\",\"@id\":\"https:\\\/\\\/secure.gravatar.com\\\/avatar\\\/31a1a7b66ff2de83bd0e9fd79d026630d2d99e55e8bfe501287647b4fd9743de?s=96&d=mm&r=g\",\"url\":\"https:\\\/\\\/secure.gravatar.com\\\/avatar\\\/31a1a7b66ff2de83bd0e9fd79d026630d2d99e55e8bfe501287647b4fd9743de?s=96&d=mm&r=g\",\"contentUrl\":\"https:\\\/\\\/secure.gravatar.com\\\/avatar\\\/31a1a7b66ff2de83bd0e9fd79d026630d2d99e55e8bfe501287647b4fd9743de?s=96&d=mm&r=g\",\"caption\":\"Gonzalo Schmidt\"},\"description\":\"Sitio web de noticias de la provincia de Entre R\u00edos, Argentina. Informaci\u00f3n y entretenimiento. Informe Litoral, nos informamos.\",\"sameAs\":[\"http:\\\/\\\/www.isletasnoticias.com.ar\"],\"url\":\"https:\\\/\\\/informelitoral.com.ar\\\/author\\\/gonzalo\\\/\"}]}<\/script>","yoast_head_json":{"title":"Sergio Massa: \"Los argentinos no quieren seguir en los 70, ni volver a los 90, vamos al futuro\" - Informe Litoral","robots":{"index":"index","follow":"follow","max-snippet":"max-snippet:-1","max-image-preview":"max-image-preview:large","max-video-preview":"max-video-preview:-1"},"canonical":"https:\/\/informelitoral.com.ar\/sergio-massa-los-argentinos-no-quieren-seguir-en-los-70-ni-volver-a-los-90-vamos-al-futuro\/","og_locale":"es_ES","og_type":"article","og_title":"Sergio Massa: \"Los argentinos no quieren seguir en los 70, ni volver a los 90, vamos al futuro\" - Informe Litoral","og_description":"El candidato del Frente Renovador carg&oacute; contra Macri y Scioli y ratific&oacute; su proyecto presidencial; &laquo;Voy a ser presidente y voy a ganar en primera vuelta&raquo;, afirm&oacute;. El candidato del Frente Renovador, Sergio Massa, advirti&oacute; esta ma&ntilde;ana que los argentinos &laquo;no quieren seguir en los 70, ni volver a los 90&laquo;, tras la decisi&oacute;n de [&hellip;]","og_url":"https:\/\/informelitoral.com.ar\/sergio-massa-los-argentinos-no-quieren-seguir-en-los-70-ni-volver-a-los-90-vamos-al-futuro\/","og_site_name":"Informe Litoral","article_publisher":"https:\/\/www.facebook.com\/informelitoral\/","article_published_time":"2015-03-17T15:29:13+00:00","og_image":[{"width":2000,"height":1364,"url":"https:\/\/informelitoral.com.ar\/%77%70%2d%63%6f%6e%74%65%6e%74\/uploads\/2015\/03\/30adc8271b7e84421bfe7f30dc21acdd.jpg","type":"image\/jpeg"}],"author":"Gonzalo Schmidt","twitter_card":"summary_large_image","twitter_creator":"@InformeLitoral","twitter_site":"@InformeLitoral","twitter_misc":{"Escrito por":"Gonzalo Schmidt","Tiempo de lectura":"2 minutos"},"schema":{"@context":"https:\/\/schema.org","@graph":[{"@type":"Article","@id":"https:\/\/informelitoral.com.ar\/sergio-massa-los-argentinos-no-quieren-seguir-en-los-70-ni-volver-a-los-90-vamos-al-futuro\/#article","isPartOf":{"@id":"https:\/\/informelitoral.com.ar\/sergio-massa-los-argentinos-no-quieren-seguir-en-los-70-ni-volver-a-los-90-vamos-al-futuro\/"},"author":{"name":"Gonzalo Schmidt","@id":"https:\/\/informelitoral.com.ar\/#\/schema\/person\/b9d00407c836482871ef1d57bf8e3180"},"headline":"Sergio Massa: \u00abLos argentinos no quieren seguir en los 70, ni volver a los 90, vamos al futuro\u00bb","datePublished":"2015-03-17T15:29:13+00:00","mainEntityOfPage":{"@id":"https:\/\/informelitoral.com.ar\/sergio-massa-los-argentinos-no-quieren-seguir-en-los-70-ni-volver-a-los-90-vamos-al-futuro\/"},"wordCount":404,"commentCount":0,"publisher":{"@id":"https:\/\/informelitoral.com.ar\/#organization"},"image":{"@id":"https:\/\/informelitoral.com.ar\/sergio-massa-los-argentinos-no-quieren-seguir-en-los-70-ni-volver-a-los-90-vamos-al-futuro\/#primaryimage"},"thumbnailUrl":"http:\/\/www.isletasnoticias.com.ar\/%77%70%2d%63%6f%6e%74%65%6e%74\/uploads\/2015\/03\/30adc8271b7e84421bfe7f30dc21acdd-300x205.jpg","articleSection":["Nacionales","Politica"],"inLanguage":"es","potentialAction":[{"@type":"CommentAction","name":"Comment","target":["https:\/\/informelitoral.com.ar\/sergio-massa-los-argentinos-no-quieren-seguir-en-los-70-ni-volver-a-los-90-vamos-al-futuro\/#respond"]}]},{"@type":"WebPage","@id":"https:\/\/informelitoral.com.ar\/sergio-massa-los-argentinos-no-quieren-seguir-en-los-70-ni-volver-a-los-90-vamos-al-futuro\/","url":"https:\/\/informelitoral.com.ar\/sergio-massa-los-argentinos-no-quieren-seguir-en-los-70-ni-volver-a-los-90-vamos-al-futuro\/","name":"Sergio Massa: \"Los argentinos no quieren seguir en los 70, ni volver a los 90, vamos al futuro\" - Informe Litoral","isPartOf":{"@id":"https:\/\/informelitoral.com.ar\/#website"},"primaryImageOfPage":{"@id":"https:\/\/informelitoral.com.ar\/sergio-massa-los-argentinos-no-quieren-seguir-en-los-70-ni-volver-a-los-90-vamos-al-futuro\/#primaryimage"},"image":{"@id":"https:\/\/informelitoral.com.ar\/sergio-massa-los-argentinos-no-quieren-seguir-en-los-70-ni-volver-a-los-90-vamos-al-futuro\/#primaryimage"},"thumbnailUrl":"http:\/\/www.isletasnoticias.com.ar\/%77%70%2d%63%6f%6e%74%65%6e%74\/uploads\/2015\/03\/30adc8271b7e84421bfe7f30dc21acdd-300x205.jpg","datePublished":"2015-03-17T15:29:13+00:00","breadcrumb":{"@id":"https:\/\/informelitoral.com.ar\/sergio-massa-los-argentinos-no-quieren-seguir-en-los-70-ni-volver-a-los-90-vamos-al-futuro\/#breadcrumb"},"inLanguage":"es","potentialAction":[{"@type":"ReadAction","target":["https:\/\/informelitoral.com.ar\/sergio-massa-los-argentinos-no-quieren-seguir-en-los-70-ni-volver-a-los-90-vamos-al-futuro\/"]}]},{"@type":"ImageObject","inLanguage":"es","@id":"https:\/\/informelitoral.com.ar\/sergio-massa-los-argentinos-no-quieren-seguir-en-los-70-ni-volver-a-los-90-vamos-al-futuro\/#primaryimage","url":"http:\/\/www.isletasnoticias.com.ar\/%77%70%2d%63%6f%6e%74%65%6e%74\/uploads\/2015\/03\/30adc8271b7e84421bfe7f30dc21acdd-300x205.jpg","contentUrl":"http:\/\/www.isletasnoticias.com.ar\/%77%70%2d%63%6f%6e%74%65%6e%74\/uploads\/2015\/03\/30adc8271b7e84421bfe7f30dc21acdd-300x205.jpg"},{"@type":"BreadcrumbList","@id":"https:\/\/informelitoral.com.ar\/sergio-massa-los-argentinos-no-quieren-seguir-en-los-70-ni-volver-a-los-90-vamos-al-futuro\/#breadcrumb","itemListElement":[{"@type":"ListItem","position":1,"name":"Portada","item":"https:\/\/informelitoral.com.ar\/"},{"@type":"ListItem","position":2,"name":"Sergio Massa: \u00abLos argentinos no quieren seguir en los 70, ni volver a los 90, vamos al futuro\u00bb"}]},{"@type":"WebSite","@id":"https:\/\/informelitoral.com.ar\/#website","url":"https:\/\/informelitoral.com.ar\/","name":"Informe Litoral","description":"&quot;Nos informamos&quot; ","publisher":{"@id":"https:\/\/informelitoral.com.ar\/#organization"},"potentialAction":[{"@type":"SearchAction","target":{"@type":"EntryPoint","urlTemplate":"https:\/\/informelitoral.com.ar\/?s={search_term_string}"},"query-input":{"@type":"PropertyValueSpecification","valueRequired":true,"valueName":"search_term_string"}}],"inLanguage":"es"},{"@type":"Organization","@id":"https:\/\/informelitoral.com.ar\/#organization","name":"Informe Litoral","url":"https:\/\/informelitoral.com.ar\/","logo":{"@type":"ImageObject","inLanguage":"es","@id":"https:\/\/informelitoral.com.ar\/#\/schema\/logo\/image\/","url":"https:\/\/informelitoral.com.ar\/%77%70%2d%63%6f%6e%74%65%6e%74\/uploads\/2021\/01\/circulo.png","contentUrl":"https:\/\/informelitoral.com.ar\/%77%70%2d%63%6f%6e%74%65%6e%74\/uploads\/2021\/01\/circulo.png","width":723,"height":731,"caption":"Informe Litoral"},"image":{"@id":"https:\/\/informelitoral.com.ar\/#\/schema\/logo\/image\/"},"sameAs":["https:\/\/www.facebook.com\/informelitoral\/","https:\/\/x.com\/InformeLitoral","https:\/\/www.instagram.com\/informelitoral\/","https:\/\/www.youtube.com\/channel\/UCua4Qvz8Icb6MYqhoq9xLXw"]},{"@type":"Person","@id":"https:\/\/informelitoral.com.ar\/#\/schema\/person\/b9d00407c836482871ef1d57bf8e3180","name":"Gonzalo Schmidt","image":{"@type":"ImageObject","inLanguage":"es","@id":"https:\/\/secure.gravatar.com\/avatar\/31a1a7b66ff2de83bd0e9fd79d026630d2d99e55e8bfe501287647b4fd9743de?s=96&d=mm&r=g","url":"https:\/\/secure.gravatar.com\/avatar\/31a1a7b66ff2de83bd0e9fd79d026630d2d99e55e8bfe501287647b4fd9743de?s=96&d=mm&r=g","contentUrl":"https:\/\/secure.gravatar.com\/avatar\/31a1a7b66ff2de83bd0e9fd79d026630d2d99e55e8bfe501287647b4fd9743de?s=96&d=mm&r=g","caption":"Gonzalo Schmidt"},"description":"Sitio web de noticias de la provincia de Entre R\u00edos, Argentina. Informaci\u00f3n y entretenimiento. Informe Litoral, nos informamos.","sameAs":["http:\/\/www.isletasnoticias.com.ar"],"url":"https:\/\/informelitoral.com.ar\/author\/gonzalo\/"}]}},"_links":{"self":[{"href":"https:\/\/informelitoral.com.ar\/%77%70%2d%6a%73%6f%6e\/wp\/v2\/posts\/10197","targetHints":{"allow":["GET"]}}],"collection":[{"href":"https:\/\/informelitoral.com.ar\/%77%70%2d%6a%73%6f%6e\/wp\/v2\/posts"}],"about":[{"href":"https:\/\/informelitoral.com.ar\/%77%70%2d%6a%73%6f%6e\/wp\/v2\/types\/post"}],"author":[{"embeddable":true,"href":"https:\/\/informelitoral.com.ar\/%77%70%2d%6a%73%6f%6e\/wp\/v2\/users\/2"}],"replies":[{"embeddable":true,"href":"https:\/\/informelitoral.com.ar\/%77%70%2d%6a%73%6f%6e\/wp\/v2\/comments?post=10197"}],"version-history":[{"count":0,"href":"https:\/\/informelitoral.com.ar\/%77%70%2d%6a%73%6f%6e\/wp\/v2\/posts\/10197\/revisions"}],"wp:attachment":[{"href":"https:\/\/informelitoral.com.ar\/%77%70%2d%6a%73%6f%6e\/wp\/v2\/media?parent=10197"}],"wp:term":[{"taxonomy":"category","embeddable":true,"href":"https:\/\/informelitoral.com.ar\/%77%70%2d%6a%73%6f%6e\/wp\/v2\/categories?post=10197"},{"taxonomy":"post_tag","embeddable":true,"href":"https:\/\/informelitoral.com.ar\/%77%70%2d%6a%73%6f%6e\/wp\/v2\/tags?post=10197"}],"curies":[{"name":"wp","href":"https:\/\/api.w.org\/{rel}","templated":true}]}}