{"id":10194,"date":"2015-03-17T12:17:23","date_gmt":"2015-03-17T15:17:23","guid":{"rendered":"http:\/\/www.isletasnoticias.com.ar\/?p=10194"},"modified":"2015-03-17T12:17:23","modified_gmt":"2015-03-17T15:17:23","slug":"pronostican-que-el-otono-sera-mas-lluvioso-y-caluroso-que-lo-normal","status":"publish","type":"post","link":"https:\/\/informelitoral.com.ar\/pronostican-que-el-otono-sera-mas-lluvioso-y-caluroso-que-lo-normal\/","title":{"rendered":"Pronostican que el oto\u00f1o ser\u00e1 m\u00e1s lluvioso y caluroso que lo normal"},"content":{"rendered":"<p><strong>Para esta semana prev\u00e9n m\u00e1ximas superiores a 30\u00b0. El cambio de estaci\u00f3n traer\u00e1 precipitaciones superiores a la media en buena parte del pa\u00eds. Habr\u00e1 temperaturas m\u00e1s c\u00e1lidas que lo habitual. <i>Las previsiones para marzo, abril y mayo<\/i>.<a href=\"http:\/\/www.isletasnoticias.com.ar\/%77%70%2d%63%6f%6e%74%65%6e%74\/uploads\/2015\/03\/images.jpg\"><img loading=\"lazy\" decoding=\"async\" class=\"aligncenter size-full wp-image-10195\" src=\"http:\/\/www.isletasnoticias.com.ar\/%77%70%2d%63%6f%6e%74%65%6e%74\/uploads\/2015\/03\/images.jpg\" alt=\"images\" width=\"259\" height=\"194\" \/><\/a><\/strong>Dej\u00f3 el tendal de inundaciones en el centro del pa\u00eds tras las feroces lluvias de febrero y ahora, a fuerza de jornadas agobiantes, el verano se resiste. Y a s\u00f3lo cuatro d\u00edas de la llegada del oto\u00f1o, las perspectivas para las pr\u00f3ximas semanas son similares. La estaci\u00f3n de transici\u00f3n -tal como lo anuncia el pron\u00f3stico clim\u00e1tico trimestral elaborado por el Servicio Meteorol\u00f3gico Nacional (SMN) para los meses de marzo, abril y mayo- tambi\u00e9n traer\u00e1 temperaturas y precipitaciones superiores a los registros habituales para la \u00e9poca.<\/p>\n<p>\u00abEl aumento de las lluvias se ver\u00e1 sobre todo durante la primera parte del trimestre, despu\u00e9s ser\u00e1 m\u00e1s seco\u00bb, dice Jos\u00e9 Luis Stella, del Servicio de Climatolog\u00eda del SMN. Las mayores precipitaciones se dar\u00e1n en el centro-este del pa\u00eds y la regi\u00f3n del Litoral, incluyendo las provincias de San Luis, C\u00f3rdoba, Santa Fe, norte de Buenos Aires,<b>Entre R\u00edos<\/b>, Corrientes, Misiones, este de Chaco y este de Formosa. Para la zona comprendida por el sudoeste de la provincia de Buenos Aires y noreste de la Patagonia tambi\u00e9n se esperan condiciones normales o superiores a la normal. En el resto del territorio argentino se espera que dentro del trimestre la precipitaci\u00f3n se encuentre dentro del rango habitual del oto\u00f1o.<\/p>\n<p>El informe trimestral del SMN -realizado por climat\u00f3logos de diversas instituciones del pa\u00eds en base al an\u00e1lisis de las condiciones oce\u00e1nicas y atmosf\u00e9ricas globales y regionales- aclara que no se descarta que se sigan registrando eventos de lluvia localmente m\u00e1s intensos que lo normal sobre el centro y norte del pa\u00eds. \u00abEn particular sobre la zona comprendida por las provincias de C\u00f3rdoba, San Luis, sur de Santiago del Estero y oeste de Santa Fe, estos eventos, de ocurrir, ser\u00edan m\u00e1s probables en la primera parte del trimestre\u00bb, indica. Y por eso recomienda \u00abel monitoreo de la situaci\u00f3n con las actualizaciones de los pron\u00f3sticos diarios de lluvia\u00bb.<\/p>\n<p>Es que la situaci\u00f3n a\u00fan es grave en las zonas afectadas por el temporal. En Tucum\u00e1n, por ejemplo, ayer quedaban 150 evacuados. Y en Idiaz\u00e1bal, C\u00f3rdoba, los vecinos reci\u00e9n est\u00e1n regresando ahora a sus casas.<\/p>\n<p><strong>\u00bfA qu\u00e9 se debe el aumento de las lluvias?<\/strong><br \/>\nExplican los meteor\u00f3logos que uno de los principales factores es la irrupci\u00f3n de masas de aire h\u00famedo que descienden del Amazonas y que se transforman en el motor principal para la formaci\u00f3n de lluvias y tormentas. \u00abTodav\u00eda no influye la corriente de El Ni\u00f1o en el aumento de las lluvias porque actualmente se encuentra en estado neutral\u00bb, afirma Stella. Y explica: \u00abSe espera que se defina a fines de abril, pero en todo caso su influencia ser\u00e1 d\u00e9bil\u00bb.<br \/>\nEn cuanto a las temperaturas, c\u00e1lido seguir\u00e1 siendo el oto\u00f1o que se avecina. El informe trimestral afirma que tendr\u00e1 temperaturas promedio que ser\u00e1n normales o superiores a las normales en la zona comprendida desde el centro hacia el norte del pa\u00eds. En tanto, hacia la parte sur del territorio las temperaturas ser\u00edan m\u00e1s pr\u00f3ximas a los valores normales para la \u00e9poca.<\/p>\n<p><strong>\u00bfA qu\u00e9 se debe el calor?<\/strong><br \/>\nLos entendidos dicen que uno de los principales factores es la persistencia de masas de aire c\u00e1lida que durante varios d\u00edas se asientan en la zona central del pa\u00eds formando un sistema de alta presi\u00f3n -favorecido por vientos que soplan del sector norte-, que no permiten el ingreso de sistemas de baja presi\u00f3n que traen aire fr\u00edo.Calor y lluvia. Los climat\u00f3logos prev\u00e9n que la tendencia volver\u00e1 a repetirse. Paraguas y ropa liviana es el mejor combo, entonces, para recibir al oto\u00f1o. <em>(Clar\u00edn)<\/em><\/p>\n","protected":false},"excerpt":{"rendered":"<p>Para esta semana prev&eacute;n m&aacute;ximas superiores a 30&deg;. El cambio de estaci&oacute;n traer&aacute; precipitaciones superiores a la media en buena parte del pa&iacute;s. Habr&aacute; temperaturas m&aacute;s c&aacute;lidas que lo habitual. Las previsiones para marzo, abril y mayo.Dej&oacute; el tendal de inundaciones en el centro del pa&iacute;s tras las feroces lluvias de febrero y ahora, a [&hellip;]<\/p>\n","protected":false},"author":2,"featured_media":0,"comment_status":"open","ping_status":"open","sticky":false,"template":"","format":"standard","meta":{"fifu_image_url":"","fifu_image_alt":"","footnotes":""},"categories":[10,7],"tags":[],"class_list":{"0":"post-10194","1":"post","2":"type-post","3":"status-publish","4":"format-standard","6":"category-campo","7":"category-nacionales"},"yoast_head":"<title>Pronostican que el oto\u00f1o ser\u00e1 m\u00e1s lluvioso y caluroso que lo normal - Informe Litoral<\/title>\n<meta name=\"robots\" content=\"index, follow, max-snippet:-1, max-image-preview:large, max-video-preview:-1\" \/>\n<link rel=\"canonical\" href=\"https:\/\/informelitoral.com.ar\/pronostican-que-el-otono-sera-mas-lluvioso-y-caluroso-que-lo-normal\/\" \/>\n<meta property=\"og:locale\" content=\"es_ES\" \/>\n<meta property=\"og:type\" content=\"article\" \/>\n<meta property=\"og:title\" content=\"Pronostican que el oto\u00f1o ser\u00e1 m\u00e1s lluvioso y caluroso que lo normal - Informe Litoral\" \/>\n<meta property=\"og:description\" content=\"Para esta semana prev&eacute;n m&aacute;ximas superiores a 30&deg;. El cambio de estaci&oacute;n traer&aacute; precipitaciones superiores a la media en buena parte del pa&iacute;s. Habr&aacute; temperaturas m&aacute;s c&aacute;lidas que lo habitual. Las previsiones para marzo, abril y mayo.Dej&oacute; el tendal de inundaciones en el centro del pa&iacute;s tras las feroces lluvias de febrero y ahora, a [&hellip;]\" \/>\n<meta property=\"og:url\" content=\"https:\/\/informelitoral.com.ar\/pronostican-que-el-otono-sera-mas-lluvioso-y-caluroso-que-lo-normal\/\" \/>\n<meta property=\"og:site_name\" content=\"Informe Litoral\" \/>\n<meta property=\"article:publisher\" content=\"https:\/\/www.facebook.com\/informelitoral\/\" \/>\n<meta property=\"article:published_time\" content=\"2015-03-17T15:17:23+00:00\" \/>\n<meta property=\"og:image\" content=\"https:\/\/informelitoral.com.ar\/%77%70%2d%63%6f%6e%74%65%6e%74\/uploads\/2015\/03\/images.jpg\" \/>\n\t<meta property=\"og:image:width\" content=\"259\" \/>\n\t<meta property=\"og:image:height\" content=\"194\" \/>\n\t<meta property=\"og:image:type\" content=\"image\/jpeg\" \/>\n<meta name=\"author\" content=\"Gonzalo Schmidt\" \/>\n<meta name=\"twitter:card\" content=\"summary_large_image\" \/>\n<meta name=\"twitter:creator\" content=\"@InformeLitoral\" \/>\n<meta name=\"twitter:site\" content=\"@InformeLitoral\" \/>\n<meta name=\"twitter:label1\" content=\"Escrito por\" \/>\n\t<meta name=\"twitter:data1\" content=\"Gonzalo Schmidt\" \/>\n\t<meta name=\"twitter:label2\" content=\"Tiempo de lectura\" \/>\n\t<meta name=\"twitter:data2\" content=\"3 minutos\" \/>\n<script type=\"application\/ld+json\" class=\"yoast-schema-graph\">{\"@context\":\"https:\\\/\\\/schema.org\",\"@graph\":[{\"@type\":\"Article\",\"@id\":\"https:\\\/\\\/informelitoral.com.ar\\\/pronostican-que-el-otono-sera-mas-lluvioso-y-caluroso-que-lo-normal\\\/#article\",\"isPartOf\":{\"@id\":\"https:\\\/\\\/informelitoral.com.ar\\\/pronostican-que-el-otono-sera-mas-lluvioso-y-caluroso-que-lo-normal\\\/\"},\"author\":{\"name\":\"Gonzalo Schmidt\",\"@id\":\"https:\\\/\\\/informelitoral.com.ar\\\/#\\\/schema\\\/person\\\/b9d00407c836482871ef1d57bf8e3180\"},\"headline\":\"Pronostican que el oto\u00f1o ser\u00e1 m\u00e1s lluvioso y caluroso que lo normal\",\"datePublished\":\"2015-03-17T15:17:23+00:00\",\"mainEntityOfPage\":{\"@id\":\"https:\\\/\\\/informelitoral.com.ar\\\/pronostican-que-el-otono-sera-mas-lluvioso-y-caluroso-que-lo-normal\\\/\"},\"wordCount\":701,\"commentCount\":0,\"publisher\":{\"@id\":\"https:\\\/\\\/informelitoral.com.ar\\\/#organization\"},\"image\":{\"@id\":\"https:\\\/\\\/informelitoral.com.ar\\\/pronostican-que-el-otono-sera-mas-lluvioso-y-caluroso-que-lo-normal\\\/#primaryimage\"},\"thumbnailUrl\":\"http:\\\/\\\/www.isletasnoticias.com.ar\\\/%77%70%2d%63%6f%6e%74%65%6e%74\\\/uploads\\\/2015\\\/03\\\/images.jpg\",\"articleSection\":[\"Campo\",\"Nacionales\"],\"inLanguage\":\"es\",\"potentialAction\":[{\"@type\":\"CommentAction\",\"name\":\"Comment\",\"target\":[\"https:\\\/\\\/informelitoral.com.ar\\\/pronostican-que-el-otono-sera-mas-lluvioso-y-caluroso-que-lo-normal\\\/#respond\"]}]},{\"@type\":\"WebPage\",\"@id\":\"https:\\\/\\\/informelitoral.com.ar\\\/pronostican-que-el-otono-sera-mas-lluvioso-y-caluroso-que-lo-normal\\\/\",\"url\":\"https:\\\/\\\/informelitoral.com.ar\\\/pronostican-que-el-otono-sera-mas-lluvioso-y-caluroso-que-lo-normal\\\/\",\"name\":\"Pronostican que el oto\u00f1o ser\u00e1 m\u00e1s lluvioso y caluroso que lo normal - Informe Litoral\",\"isPartOf\":{\"@id\":\"https:\\\/\\\/informelitoral.com.ar\\\/#website\"},\"primaryImageOfPage\":{\"@id\":\"https:\\\/\\\/informelitoral.com.ar\\\/pronostican-que-el-otono-sera-mas-lluvioso-y-caluroso-que-lo-normal\\\/#primaryimage\"},\"image\":{\"@id\":\"https:\\\/\\\/informelitoral.com.ar\\\/pronostican-que-el-otono-sera-mas-lluvioso-y-caluroso-que-lo-normal\\\/#primaryimage\"},\"thumbnailUrl\":\"http:\\\/\\\/www.isletasnoticias.com.ar\\\/%77%70%2d%63%6f%6e%74%65%6e%74\\\/uploads\\\/2015\\\/03\\\/images.jpg\",\"datePublished\":\"2015-03-17T15:17:23+00:00\",\"breadcrumb\":{\"@id\":\"https:\\\/\\\/informelitoral.com.ar\\\/pronostican-que-el-otono-sera-mas-lluvioso-y-caluroso-que-lo-normal\\\/#breadcrumb\"},\"inLanguage\":\"es\",\"potentialAction\":[{\"@type\":\"ReadAction\",\"target\":[\"https:\\\/\\\/informelitoral.com.ar\\\/pronostican-que-el-otono-sera-mas-lluvioso-y-caluroso-que-lo-normal\\\/\"]}]},{\"@type\":\"ImageObject\",\"inLanguage\":\"es\",\"@id\":\"https:\\\/\\\/informelitoral.com.ar\\\/pronostican-que-el-otono-sera-mas-lluvioso-y-caluroso-que-lo-normal\\\/#primaryimage\",\"url\":\"http:\\\/\\\/www.isletasnoticias.com.ar\\\/%77%70%2d%63%6f%6e%74%65%6e%74\\\/uploads\\\/2015\\\/03\\\/images.jpg\",\"contentUrl\":\"http:\\\/\\\/www.isletasnoticias.com.ar\\\/%77%70%2d%63%6f%6e%74%65%6e%74\\\/uploads\\\/2015\\\/03\\\/images.jpg\"},{\"@type\":\"BreadcrumbList\",\"@id\":\"https:\\\/\\\/informelitoral.com.ar\\\/pronostican-que-el-otono-sera-mas-lluvioso-y-caluroso-que-lo-normal\\\/#breadcrumb\",\"itemListElement\":[{\"@type\":\"ListItem\",\"position\":1,\"name\":\"Portada\",\"item\":\"https:\\\/\\\/informelitoral.com.ar\\\/\"},{\"@type\":\"ListItem\",\"position\":2,\"name\":\"Pronostican que el oto\u00f1o ser\u00e1 m\u00e1s lluvioso y caluroso que lo normal\"}]},{\"@type\":\"WebSite\",\"@id\":\"https:\\\/\\\/informelitoral.com.ar\\\/#website\",\"url\":\"https:\\\/\\\/informelitoral.com.ar\\\/\",\"name\":\"Informe Litoral\",\"description\":\"&quot;Nos informamos&quot; \",\"publisher\":{\"@id\":\"https:\\\/\\\/informelitoral.com.ar\\\/#organization\"},\"potentialAction\":[{\"@type\":\"SearchAction\",\"target\":{\"@type\":\"EntryPoint\",\"urlTemplate\":\"https:\\\/\\\/informelitoral.com.ar\\\/?s={search_term_string}\"},\"query-input\":{\"@type\":\"PropertyValueSpecification\",\"valueRequired\":true,\"valueName\":\"search_term_string\"}}],\"inLanguage\":\"es\"},{\"@type\":\"Organization\",\"@id\":\"https:\\\/\\\/informelitoral.com.ar\\\/#organization\",\"name\":\"Informe Litoral\",\"url\":\"https:\\\/\\\/informelitoral.com.ar\\\/\",\"logo\":{\"@type\":\"ImageObject\",\"inLanguage\":\"es\",\"@id\":\"https:\\\/\\\/informelitoral.com.ar\\\/#\\\/schema\\\/logo\\\/image\\\/\",\"url\":\"https:\\\/\\\/informelitoral.com.ar\\\/%77%70%2d%63%6f%6e%74%65%6e%74\\\/uploads\\\/2021\\\/01\\\/circulo.png\",\"contentUrl\":\"https:\\\/\\\/informelitoral.com.ar\\\/%77%70%2d%63%6f%6e%74%65%6e%74\\\/uploads\\\/2021\\\/01\\\/circulo.png\",\"width\":723,\"height\":731,\"caption\":\"Informe Litoral\"},\"image\":{\"@id\":\"https:\\\/\\\/informelitoral.com.ar\\\/#\\\/schema\\\/logo\\\/image\\\/\"},\"sameAs\":[\"https:\\\/\\\/www.facebook.com\\\/informelitoral\\\/\",\"https:\\\/\\\/x.com\\\/InformeLitoral\",\"https:\\\/\\\/www.instagram.com\\\/informelitoral\\\/\",\"https:\\\/\\\/www.youtube.com\\\/channel\\\/UCua4Qvz8Icb6MYqhoq9xLXw\"]},{\"@type\":\"Person\",\"@id\":\"https:\\\/\\\/informelitoral.com.ar\\\/#\\\/schema\\\/person\\\/b9d00407c836482871ef1d57bf8e3180\",\"name\":\"Gonzalo Schmidt\",\"image\":{\"@type\":\"ImageObject\",\"inLanguage\":\"es\",\"@id\":\"https:\\\/\\\/secure.gravatar.com\\\/avatar\\\/31a1a7b66ff2de83bd0e9fd79d026630d2d99e55e8bfe501287647b4fd9743de?s=96&d=mm&r=g\",\"url\":\"https:\\\/\\\/secure.gravatar.com\\\/avatar\\\/31a1a7b66ff2de83bd0e9fd79d026630d2d99e55e8bfe501287647b4fd9743de?s=96&d=mm&r=g\",\"contentUrl\":\"https:\\\/\\\/secure.gravatar.com\\\/avatar\\\/31a1a7b66ff2de83bd0e9fd79d026630d2d99e55e8bfe501287647b4fd9743de?s=96&d=mm&r=g\",\"caption\":\"Gonzalo Schmidt\"},\"description\":\"Sitio web de noticias de la provincia de Entre R\u00edos, Argentina. Informaci\u00f3n y entretenimiento. Informe Litoral, nos informamos.\",\"sameAs\":[\"http:\\\/\\\/www.isletasnoticias.com.ar\"],\"url\":\"https:\\\/\\\/informelitoral.com.ar\\\/author\\\/gonzalo\\\/\"}]}<\/script>","yoast_head_json":{"title":"Pronostican que el oto\u00f1o ser\u00e1 m\u00e1s lluvioso y caluroso que lo normal - Informe Litoral","robots":{"index":"index","follow":"follow","max-snippet":"max-snippet:-1","max-image-preview":"max-image-preview:large","max-video-preview":"max-video-preview:-1"},"canonical":"https:\/\/informelitoral.com.ar\/pronostican-que-el-otono-sera-mas-lluvioso-y-caluroso-que-lo-normal\/","og_locale":"es_ES","og_type":"article","og_title":"Pronostican que el oto\u00f1o ser\u00e1 m\u00e1s lluvioso y caluroso que lo normal - Informe Litoral","og_description":"Para esta semana prev&eacute;n m&aacute;ximas superiores a 30&deg;. El cambio de estaci&oacute;n traer&aacute; precipitaciones superiores a la media en buena parte del pa&iacute;s. Habr&aacute; temperaturas m&aacute;s c&aacute;lidas que lo habitual. Las previsiones para marzo, abril y mayo.Dej&oacute; el tendal de inundaciones en el centro del pa&iacute;s tras las feroces lluvias de febrero y ahora, a [&hellip;]","og_url":"https:\/\/informelitoral.com.ar\/pronostican-que-el-otono-sera-mas-lluvioso-y-caluroso-que-lo-normal\/","og_site_name":"Informe Litoral","article_publisher":"https:\/\/www.facebook.com\/informelitoral\/","article_published_time":"2015-03-17T15:17:23+00:00","og_image":[{"width":259,"height":194,"url":"https:\/\/informelitoral.com.ar\/%77%70%2d%63%6f%6e%74%65%6e%74\/uploads\/2015\/03\/images.jpg","type":"image\/jpeg"}],"author":"Gonzalo Schmidt","twitter_card":"summary_large_image","twitter_creator":"@InformeLitoral","twitter_site":"@InformeLitoral","twitter_misc":{"Escrito por":"Gonzalo Schmidt","Tiempo de lectura":"3 minutos"},"schema":{"@context":"https:\/\/schema.org","@graph":[{"@type":"Article","@id":"https:\/\/informelitoral.com.ar\/pronostican-que-el-otono-sera-mas-lluvioso-y-caluroso-que-lo-normal\/#article","isPartOf":{"@id":"https:\/\/informelitoral.com.ar\/pronostican-que-el-otono-sera-mas-lluvioso-y-caluroso-que-lo-normal\/"},"author":{"name":"Gonzalo Schmidt","@id":"https:\/\/informelitoral.com.ar\/#\/schema\/person\/b9d00407c836482871ef1d57bf8e3180"},"headline":"Pronostican que el oto\u00f1o ser\u00e1 m\u00e1s lluvioso y caluroso que lo normal","datePublished":"2015-03-17T15:17:23+00:00","mainEntityOfPage":{"@id":"https:\/\/informelitoral.com.ar\/pronostican-que-el-otono-sera-mas-lluvioso-y-caluroso-que-lo-normal\/"},"wordCount":701,"commentCount":0,"publisher":{"@id":"https:\/\/informelitoral.com.ar\/#organization"},"image":{"@id":"https:\/\/informelitoral.com.ar\/pronostican-que-el-otono-sera-mas-lluvioso-y-caluroso-que-lo-normal\/#primaryimage"},"thumbnailUrl":"http:\/\/www.isletasnoticias.com.ar\/%77%70%2d%63%6f%6e%74%65%6e%74\/uploads\/2015\/03\/images.jpg","articleSection":["Campo","Nacionales"],"inLanguage":"es","potentialAction":[{"@type":"CommentAction","name":"Comment","target":["https:\/\/informelitoral.com.ar\/pronostican-que-el-otono-sera-mas-lluvioso-y-caluroso-que-lo-normal\/#respond"]}]},{"@type":"WebPage","@id":"https:\/\/informelitoral.com.ar\/pronostican-que-el-otono-sera-mas-lluvioso-y-caluroso-que-lo-normal\/","url":"https:\/\/informelitoral.com.ar\/pronostican-que-el-otono-sera-mas-lluvioso-y-caluroso-que-lo-normal\/","name":"Pronostican que el oto\u00f1o ser\u00e1 m\u00e1s lluvioso y caluroso que lo normal - Informe Litoral","isPartOf":{"@id":"https:\/\/informelitoral.com.ar\/#website"},"primaryImageOfPage":{"@id":"https:\/\/informelitoral.com.ar\/pronostican-que-el-otono-sera-mas-lluvioso-y-caluroso-que-lo-normal\/#primaryimage"},"image":{"@id":"https:\/\/informelitoral.com.ar\/pronostican-que-el-otono-sera-mas-lluvioso-y-caluroso-que-lo-normal\/#primaryimage"},"thumbnailUrl":"http:\/\/www.isletasnoticias.com.ar\/%77%70%2d%63%6f%6e%74%65%6e%74\/uploads\/2015\/03\/images.jpg","datePublished":"2015-03-17T15:17:23+00:00","breadcrumb":{"@id":"https:\/\/informelitoral.com.ar\/pronostican-que-el-otono-sera-mas-lluvioso-y-caluroso-que-lo-normal\/#breadcrumb"},"inLanguage":"es","potentialAction":[{"@type":"ReadAction","target":["https:\/\/informelitoral.com.ar\/pronostican-que-el-otono-sera-mas-lluvioso-y-caluroso-que-lo-normal\/"]}]},{"@type":"ImageObject","inLanguage":"es","@id":"https:\/\/informelitoral.com.ar\/pronostican-que-el-otono-sera-mas-lluvioso-y-caluroso-que-lo-normal\/#primaryimage","url":"http:\/\/www.isletasnoticias.com.ar\/%77%70%2d%63%6f%6e%74%65%6e%74\/uploads\/2015\/03\/images.jpg","contentUrl":"http:\/\/www.isletasnoticias.com.ar\/%77%70%2d%63%6f%6e%74%65%6e%74\/uploads\/2015\/03\/images.jpg"},{"@type":"BreadcrumbList","@id":"https:\/\/informelitoral.com.ar\/pronostican-que-el-otono-sera-mas-lluvioso-y-caluroso-que-lo-normal\/#breadcrumb","itemListElement":[{"@type":"ListItem","position":1,"name":"Portada","item":"https:\/\/informelitoral.com.ar\/"},{"@type":"ListItem","position":2,"name":"Pronostican que el oto\u00f1o ser\u00e1 m\u00e1s lluvioso y caluroso que lo normal"}]},{"@type":"WebSite","@id":"https:\/\/informelitoral.com.ar\/#website","url":"https:\/\/informelitoral.com.ar\/","name":"Informe Litoral","description":"&quot;Nos informamos&quot; ","publisher":{"@id":"https:\/\/informelitoral.com.ar\/#organization"},"potentialAction":[{"@type":"SearchAction","target":{"@type":"EntryPoint","urlTemplate":"https:\/\/informelitoral.com.ar\/?s={search_term_string}"},"query-input":{"@type":"PropertyValueSpecification","valueRequired":true,"valueName":"search_term_string"}}],"inLanguage":"es"},{"@type":"Organization","@id":"https:\/\/informelitoral.com.ar\/#organization","name":"Informe Litoral","url":"https:\/\/informelitoral.com.ar\/","logo":{"@type":"ImageObject","inLanguage":"es","@id":"https:\/\/informelitoral.com.ar\/#\/schema\/logo\/image\/","url":"https:\/\/informelitoral.com.ar\/%77%70%2d%63%6f%6e%74%65%6e%74\/uploads\/2021\/01\/circulo.png","contentUrl":"https:\/\/informelitoral.com.ar\/%77%70%2d%63%6f%6e%74%65%6e%74\/uploads\/2021\/01\/circulo.png","width":723,"height":731,"caption":"Informe Litoral"},"image":{"@id":"https:\/\/informelitoral.com.ar\/#\/schema\/logo\/image\/"},"sameAs":["https:\/\/www.facebook.com\/informelitoral\/","https:\/\/x.com\/InformeLitoral","https:\/\/www.instagram.com\/informelitoral\/","https:\/\/www.youtube.com\/channel\/UCua4Qvz8Icb6MYqhoq9xLXw"]},{"@type":"Person","@id":"https:\/\/informelitoral.com.ar\/#\/schema\/person\/b9d00407c836482871ef1d57bf8e3180","name":"Gonzalo Schmidt","image":{"@type":"ImageObject","inLanguage":"es","@id":"https:\/\/secure.gravatar.com\/avatar\/31a1a7b66ff2de83bd0e9fd79d026630d2d99e55e8bfe501287647b4fd9743de?s=96&d=mm&r=g","url":"https:\/\/secure.gravatar.com\/avatar\/31a1a7b66ff2de83bd0e9fd79d026630d2d99e55e8bfe501287647b4fd9743de?s=96&d=mm&r=g","contentUrl":"https:\/\/secure.gravatar.com\/avatar\/31a1a7b66ff2de83bd0e9fd79d026630d2d99e55e8bfe501287647b4fd9743de?s=96&d=mm&r=g","caption":"Gonzalo Schmidt"},"description":"Sitio web de noticias de la provincia de Entre R\u00edos, Argentina. Informaci\u00f3n y entretenimiento. Informe Litoral, nos informamos.","sameAs":["http:\/\/www.isletasnoticias.com.ar"],"url":"https:\/\/informelitoral.com.ar\/author\/gonzalo\/"}]}},"_links":{"self":[{"href":"https:\/\/informelitoral.com.ar\/%77%70%2d%6a%73%6f%6e\/wp\/v2\/posts\/10194","targetHints":{"allow":["GET"]}}],"collection":[{"href":"https:\/\/informelitoral.com.ar\/%77%70%2d%6a%73%6f%6e\/wp\/v2\/posts"}],"about":[{"href":"https:\/\/informelitoral.com.ar\/%77%70%2d%6a%73%6f%6e\/wp\/v2\/types\/post"}],"author":[{"embeddable":true,"href":"https:\/\/informelitoral.com.ar\/%77%70%2d%6a%73%6f%6e\/wp\/v2\/users\/2"}],"replies":[{"embeddable":true,"href":"https:\/\/informelitoral.com.ar\/%77%70%2d%6a%73%6f%6e\/wp\/v2\/comments?post=10194"}],"version-history":[{"count":0,"href":"https:\/\/informelitoral.com.ar\/%77%70%2d%6a%73%6f%6e\/wp\/v2\/posts\/10194\/revisions"}],"wp:attachment":[{"href":"https:\/\/informelitoral.com.ar\/%77%70%2d%6a%73%6f%6e\/wp\/v2\/media?parent=10194"}],"wp:term":[{"taxonomy":"category","embeddable":true,"href":"https:\/\/informelitoral.com.ar\/%77%70%2d%6a%73%6f%6e\/wp\/v2\/categories?post=10194"},{"taxonomy":"post_tag","embeddable":true,"href":"https:\/\/informelitoral.com.ar\/%77%70%2d%6a%73%6f%6e\/wp\/v2\/tags?post=10194"}],"curies":[{"name":"wp","href":"https:\/\/api.w.org\/{rel}","templated":true}]}}