{"id":101531,"date":"2022-12-15T08:19:04","date_gmt":"2022-12-15T11:19:04","guid":{"rendered":"https:\/\/www.informelitoral.com.ar\/?p=101531"},"modified":"2022-12-15T08:29:57","modified_gmt":"2022-12-15T11:29:57","slug":"con-fuerte-viento-del-sur-llego-un-nuevo-frente-frio-el-pronostico-del-tiempo","status":"publish","type":"post","link":"https:\/\/informelitoral.com.ar\/con-fuerte-viento-del-sur-llego-un-nuevo-frente-frio-el-pronostico-del-tiempo\/","title":{"rendered":"Con fuerte viento del sur, lleg\u00f3 un nuevo frente fr\u00edo: el pron\u00f3stico del tiempo"},"content":{"rendered":"<p>Tal como estaba pronosticado, el d\u00eda de calor m\u00e1s intenso de la semana fue el mi\u00e9rcoles, mientras que desde hoy las temperaturas volver\u00e1n a descender, producto de un nuevo frente fr\u00edo que ingres\u00f3 esta madrugada a Entre R\u00edos, con vientos del sur y sudeste superar\u00edan los 40 kil\u00f3metros por hora. No se descarta\u00a0<b>alguna tormenta aislada durante las primeras horas de la jornada y est\u00e1 vigente la probabilidad de chaparrones<\/b>. Para esta tarde se anuncian 32 grados de m\u00e1xima.<\/p>\n<p>&nbsp;<\/p>\n<p>En tanto, el amanecer m\u00e1s fresco ser\u00e1 el viernes, con 14 grados de m\u00ednima y 30 por la tarde. Para el s\u00e1bado por la ma\u00f1ana se estiman 16 grados y luego 29 de m\u00e1xima.<\/p>\n<figure class=\"embed\"><\/figure>\n<p>El ascenso empezar\u00e1 nuevamente el domingo, con 32 grados durante la tarde, mientras que el calor ganar\u00e1 terreno en d\u00edas posteriores con registros t\u00e9rmicos de hasta 35 grados. Desde el viernes y, al menos, hasta el martes pr\u00f3ximo no hay pron\u00f3stico de lluvias.<\/p>\n","protected":false},"excerpt":{"rendered":"<p>Hay probabilidad de chaparrones y se esperan m\u00e1ximas de 32 grados en Entre R\u00edos, con vientos del sur y sudeste que podr\u00edan superar los 40 kil\u00f3metros por hora. El amanecer de ma\u00f1ana ser\u00e1 muy fresco.<\/p>\n","protected":false},"author":8,"featured_media":101545,"comment_status":"open","ping_status":"open","sticky":false,"template":"","format":"standard","meta":{"fifu_image_url":"","fifu_image_alt":"","footnotes":""},"categories":[6],"tags":[113],"class_list":{"0":"post-101531","1":"post","2":"type-post","3":"status-publish","4":"format-standard","5":"has-post-thumbnail","7":"category-entre-rios","8":"tag-smn"},"yoast_head":"<title>Con fuerte viento del sur, lleg\u00f3 un nuevo frente fr\u00edo: el pron\u00f3stico del tiempo - Informe Litoral<\/title>\n<meta name=\"robots\" content=\"index, follow, max-snippet:-1, max-image-preview:large, max-video-preview:-1\" \/>\n<link rel=\"canonical\" href=\"https:\/\/informelitoral.com.ar\/con-fuerte-viento-del-sur-llego-un-nuevo-frente-frio-el-pronostico-del-tiempo\/\" \/>\n<meta property=\"og:locale\" content=\"es_ES\" \/>\n<meta property=\"og:type\" content=\"article\" \/>\n<meta property=\"og:title\" content=\"Con fuerte viento del sur, lleg\u00f3 un nuevo frente fr\u00edo: el pron\u00f3stico del tiempo - Informe Litoral\" \/>\n<meta property=\"og:description\" content=\"Hay probabilidad de chaparrones y se esperan m\u00e1ximas de 32 grados en Entre R\u00edos, con vientos del sur y sudeste que podr\u00edan superar los 40 kil\u00f3metros por hora. El amanecer de ma\u00f1ana ser\u00e1 muy fresco.\" \/>\n<meta property=\"og:url\" content=\"https:\/\/informelitoral.com.ar\/con-fuerte-viento-del-sur-llego-un-nuevo-frente-frio-el-pronostico-del-tiempo\/\" \/>\n<meta property=\"og:site_name\" content=\"Informe Litoral\" \/>\n<meta property=\"article:publisher\" content=\"https:\/\/www.facebook.com\/informelitoral\/\" \/>\n<meta property=\"article:published_time\" content=\"2022-12-15T11:19:04+00:00\" \/>\n<meta property=\"article:modified_time\" content=\"2022-12-15T11:29:57+00:00\" \/>\n<meta property=\"og:image\" content=\"https:\/\/informelitoral.com.ar\/%77%70%2d%63%6f%6e%74%65%6e%74\/uploads\/2022\/12\/cielo-algo-nublado-2-813x458-1.jpg\" \/>\n\t<meta property=\"og:image:width\" content=\"813\" \/>\n\t<meta property=\"og:image:height\" content=\"458\" \/>\n\t<meta property=\"og:image:type\" content=\"image\/jpeg\" \/>\n<meta name=\"author\" content=\"Sebastian\" \/>\n<meta name=\"twitter:card\" content=\"summary_large_image\" \/>\n<meta name=\"twitter:creator\" content=\"@InformeLitoral\" \/>\n<meta name=\"twitter:site\" content=\"@InformeLitoral\" \/>\n<meta name=\"twitter:label1\" content=\"Escrito por\" \/>\n\t<meta name=\"twitter:data1\" content=\"Sebastian\" \/>\n\t<meta name=\"twitter:label2\" content=\"Tiempo de lectura\" \/>\n\t<meta name=\"twitter:data2\" content=\"1 minuto\" \/>\n<script type=\"application\/ld+json\" class=\"yoast-schema-graph\">{\"@context\":\"https:\\\/\\\/schema.org\",\"@graph\":[{\"@type\":\"Article\",\"@id\":\"https:\\\/\\\/informelitoral.com.ar\\\/con-fuerte-viento-del-sur-llego-un-nuevo-frente-frio-el-pronostico-del-tiempo\\\/#article\",\"isPartOf\":{\"@id\":\"https:\\\/\\\/informelitoral.com.ar\\\/con-fuerte-viento-del-sur-llego-un-nuevo-frente-frio-el-pronostico-del-tiempo\\\/\"},\"author\":{\"name\":\"Sebastian\",\"@id\":\"https:\\\/\\\/informelitoral.com.ar\\\/#\\\/schema\\\/person\\\/f05f9f461677119578717524b127d6d5\"},\"headline\":\"Con fuerte viento del sur, lleg\u00f3 un nuevo frente fr\u00edo: el pron\u00f3stico del tiempo\",\"datePublished\":\"2022-12-15T11:19:04+00:00\",\"dateModified\":\"2022-12-15T11:29:57+00:00\",\"mainEntityOfPage\":{\"@id\":\"https:\\\/\\\/informelitoral.com.ar\\\/con-fuerte-viento-del-sur-llego-un-nuevo-frente-frio-el-pronostico-del-tiempo\\\/\"},\"wordCount\":183,\"commentCount\":0,\"publisher\":{\"@id\":\"https:\\\/\\\/informelitoral.com.ar\\\/#organization\"},\"image\":{\"@id\":\"https:\\\/\\\/informelitoral.com.ar\\\/con-fuerte-viento-del-sur-llego-un-nuevo-frente-frio-el-pronostico-del-tiempo\\\/#primaryimage\"},\"thumbnailUrl\":\"https:\\\/\\\/informelitoral.com.ar\\\/%77%70%2d%63%6f%6e%74%65%6e%74\\\/uploads\\\/2022\\\/12\\\/cielo-algo-nublado-2-813x458-1.jpg\",\"keywords\":[\"SMN\"],\"articleSection\":[\"Entre R\u00edos\"],\"inLanguage\":\"es\",\"potentialAction\":[{\"@type\":\"CommentAction\",\"name\":\"Comment\",\"target\":[\"https:\\\/\\\/informelitoral.com.ar\\\/con-fuerte-viento-del-sur-llego-un-nuevo-frente-frio-el-pronostico-del-tiempo\\\/#respond\"]}]},{\"@type\":\"WebPage\",\"@id\":\"https:\\\/\\\/informelitoral.com.ar\\\/con-fuerte-viento-del-sur-llego-un-nuevo-frente-frio-el-pronostico-del-tiempo\\\/\",\"url\":\"https:\\\/\\\/informelitoral.com.ar\\\/con-fuerte-viento-del-sur-llego-un-nuevo-frente-frio-el-pronostico-del-tiempo\\\/\",\"name\":\"Con fuerte viento del sur, lleg\u00f3 un nuevo frente fr\u00edo: el pron\u00f3stico del tiempo - Informe Litoral\",\"isPartOf\":{\"@id\":\"https:\\\/\\\/informelitoral.com.ar\\\/#website\"},\"primaryImageOfPage\":{\"@id\":\"https:\\\/\\\/informelitoral.com.ar\\\/con-fuerte-viento-del-sur-llego-un-nuevo-frente-frio-el-pronostico-del-tiempo\\\/#primaryimage\"},\"image\":{\"@id\":\"https:\\\/\\\/informelitoral.com.ar\\\/con-fuerte-viento-del-sur-llego-un-nuevo-frente-frio-el-pronostico-del-tiempo\\\/#primaryimage\"},\"thumbnailUrl\":\"https:\\\/\\\/informelitoral.com.ar\\\/%77%70%2d%63%6f%6e%74%65%6e%74\\\/uploads\\\/2022\\\/12\\\/cielo-algo-nublado-2-813x458-1.jpg\",\"datePublished\":\"2022-12-15T11:19:04+00:00\",\"dateModified\":\"2022-12-15T11:29:57+00:00\",\"breadcrumb\":{\"@id\":\"https:\\\/\\\/informelitoral.com.ar\\\/con-fuerte-viento-del-sur-llego-un-nuevo-frente-frio-el-pronostico-del-tiempo\\\/#breadcrumb\"},\"inLanguage\":\"es\",\"potentialAction\":[{\"@type\":\"ReadAction\",\"target\":[\"https:\\\/\\\/informelitoral.com.ar\\\/con-fuerte-viento-del-sur-llego-un-nuevo-frente-frio-el-pronostico-del-tiempo\\\/\"]}]},{\"@type\":\"ImageObject\",\"inLanguage\":\"es\",\"@id\":\"https:\\\/\\\/informelitoral.com.ar\\\/con-fuerte-viento-del-sur-llego-un-nuevo-frente-frio-el-pronostico-del-tiempo\\\/#primaryimage\",\"url\":\"https:\\\/\\\/informelitoral.com.ar\\\/%77%70%2d%63%6f%6e%74%65%6e%74\\\/uploads\\\/2022\\\/12\\\/cielo-algo-nublado-2-813x458-1.jpg\",\"contentUrl\":\"https:\\\/\\\/informelitoral.com.ar\\\/%77%70%2d%63%6f%6e%74%65%6e%74\\\/uploads\\\/2022\\\/12\\\/cielo-algo-nublado-2-813x458-1.jpg\",\"width\":813,\"height\":458},{\"@type\":\"BreadcrumbList\",\"@id\":\"https:\\\/\\\/informelitoral.com.ar\\\/con-fuerte-viento-del-sur-llego-un-nuevo-frente-frio-el-pronostico-del-tiempo\\\/#breadcrumb\",\"itemListElement\":[{\"@type\":\"ListItem\",\"position\":1,\"name\":\"Portada\",\"item\":\"https:\\\/\\\/informelitoral.com.ar\\\/\"},{\"@type\":\"ListItem\",\"position\":2,\"name\":\"Con fuerte viento del sur, lleg\u00f3 un nuevo frente fr\u00edo: el pron\u00f3stico del tiempo\"}]},{\"@type\":\"WebSite\",\"@id\":\"https:\\\/\\\/informelitoral.com.ar\\\/#website\",\"url\":\"https:\\\/\\\/informelitoral.com.ar\\\/\",\"name\":\"Informe Litoral\",\"description\":\"&quot;Nos informamos&quot; \",\"publisher\":{\"@id\":\"https:\\\/\\\/informelitoral.com.ar\\\/#organization\"},\"potentialAction\":[{\"@type\":\"SearchAction\",\"target\":{\"@type\":\"EntryPoint\",\"urlTemplate\":\"https:\\\/\\\/informelitoral.com.ar\\\/?s={search_term_string}\"},\"query-input\":{\"@type\":\"PropertyValueSpecification\",\"valueRequired\":true,\"valueName\":\"search_term_string\"}}],\"inLanguage\":\"es\"},{\"@type\":\"Organization\",\"@id\":\"https:\\\/\\\/informelitoral.com.ar\\\/#organization\",\"name\":\"Informe Litoral\",\"url\":\"https:\\\/\\\/informelitoral.com.ar\\\/\",\"logo\":{\"@type\":\"ImageObject\",\"inLanguage\":\"es\",\"@id\":\"https:\\\/\\\/informelitoral.com.ar\\\/#\\\/schema\\\/logo\\\/image\\\/\",\"url\":\"https:\\\/\\\/informelitoral.com.ar\\\/%77%70%2d%63%6f%6e%74%65%6e%74\\\/uploads\\\/2021\\\/01\\\/circulo.png\",\"contentUrl\":\"https:\\\/\\\/informelitoral.com.ar\\\/%77%70%2d%63%6f%6e%74%65%6e%74\\\/uploads\\\/2021\\\/01\\\/circulo.png\",\"width\":723,\"height\":731,\"caption\":\"Informe Litoral\"},\"image\":{\"@id\":\"https:\\\/\\\/informelitoral.com.ar\\\/#\\\/schema\\\/logo\\\/image\\\/\"},\"sameAs\":[\"https:\\\/\\\/www.facebook.com\\\/informelitoral\\\/\",\"https:\\\/\\\/x.com\\\/InformeLitoral\",\"https:\\\/\\\/www.instagram.com\\\/informelitoral\\\/\",\"https:\\\/\\\/www.youtube.com\\\/channel\\\/UCua4Qvz8Icb6MYqhoq9xLXw\"]},{\"@type\":\"Person\",\"@id\":\"https:\\\/\\\/informelitoral.com.ar\\\/#\\\/schema\\\/person\\\/f05f9f461677119578717524b127d6d5\",\"name\":\"Sebastian\",\"image\":{\"@type\":\"ImageObject\",\"inLanguage\":\"es\",\"@id\":\"https:\\\/\\\/secure.gravatar.com\\\/avatar\\\/b71bf7481d447dfb9583c7f2798e7cc64de6efb9067b74633ed8c31059a3bd82?s=96&d=mm&r=g\",\"url\":\"https:\\\/\\\/secure.gravatar.com\\\/avatar\\\/b71bf7481d447dfb9583c7f2798e7cc64de6efb9067b74633ed8c31059a3bd82?s=96&d=mm&r=g\",\"contentUrl\":\"https:\\\/\\\/secure.gravatar.com\\\/avatar\\\/b71bf7481d447dfb9583c7f2798e7cc64de6efb9067b74633ed8c31059a3bd82?s=96&d=mm&r=g\",\"caption\":\"Sebastian\"},\"url\":\"https:\\\/\\\/informelitoral.com.ar\\\/author\\\/sebastian\\\/\"}]}<\/script>","yoast_head_json":{"title":"Con fuerte viento del sur, lleg\u00f3 un nuevo frente fr\u00edo: el pron\u00f3stico del tiempo - Informe Litoral","robots":{"index":"index","follow":"follow","max-snippet":"max-snippet:-1","max-image-preview":"max-image-preview:large","max-video-preview":"max-video-preview:-1"},"canonical":"https:\/\/informelitoral.com.ar\/con-fuerte-viento-del-sur-llego-un-nuevo-frente-frio-el-pronostico-del-tiempo\/","og_locale":"es_ES","og_type":"article","og_title":"Con fuerte viento del sur, lleg\u00f3 un nuevo frente fr\u00edo: el pron\u00f3stico del tiempo - Informe Litoral","og_description":"Hay probabilidad de chaparrones y se esperan m\u00e1ximas de 32 grados en Entre R\u00edos, con vientos del sur y sudeste que podr\u00edan superar los 40 kil\u00f3metros por hora. El amanecer de ma\u00f1ana ser\u00e1 muy fresco.","og_url":"https:\/\/informelitoral.com.ar\/con-fuerte-viento-del-sur-llego-un-nuevo-frente-frio-el-pronostico-del-tiempo\/","og_site_name":"Informe Litoral","article_publisher":"https:\/\/www.facebook.com\/informelitoral\/","article_published_time":"2022-12-15T11:19:04+00:00","article_modified_time":"2022-12-15T11:29:57+00:00","og_image":[{"width":813,"height":458,"url":"https:\/\/informelitoral.com.ar\/%77%70%2d%63%6f%6e%74%65%6e%74\/uploads\/2022\/12\/cielo-algo-nublado-2-813x458-1.jpg","type":"image\/jpeg"}],"author":"Sebastian","twitter_card":"summary_large_image","twitter_creator":"@InformeLitoral","twitter_site":"@InformeLitoral","twitter_misc":{"Escrito por":"Sebastian","Tiempo de lectura":"1 minuto"},"schema":{"@context":"https:\/\/schema.org","@graph":[{"@type":"Article","@id":"https:\/\/informelitoral.com.ar\/con-fuerte-viento-del-sur-llego-un-nuevo-frente-frio-el-pronostico-del-tiempo\/#article","isPartOf":{"@id":"https:\/\/informelitoral.com.ar\/con-fuerte-viento-del-sur-llego-un-nuevo-frente-frio-el-pronostico-del-tiempo\/"},"author":{"name":"Sebastian","@id":"https:\/\/informelitoral.com.ar\/#\/schema\/person\/f05f9f461677119578717524b127d6d5"},"headline":"Con fuerte viento del sur, lleg\u00f3 un nuevo frente fr\u00edo: el pron\u00f3stico del tiempo","datePublished":"2022-12-15T11:19:04+00:00","dateModified":"2022-12-15T11:29:57+00:00","mainEntityOfPage":{"@id":"https:\/\/informelitoral.com.ar\/con-fuerte-viento-del-sur-llego-un-nuevo-frente-frio-el-pronostico-del-tiempo\/"},"wordCount":183,"commentCount":0,"publisher":{"@id":"https:\/\/informelitoral.com.ar\/#organization"},"image":{"@id":"https:\/\/informelitoral.com.ar\/con-fuerte-viento-del-sur-llego-un-nuevo-frente-frio-el-pronostico-del-tiempo\/#primaryimage"},"thumbnailUrl":"https:\/\/informelitoral.com.ar\/%77%70%2d%63%6f%6e%74%65%6e%74\/uploads\/2022\/12\/cielo-algo-nublado-2-813x458-1.jpg","keywords":["SMN"],"articleSection":["Entre R\u00edos"],"inLanguage":"es","potentialAction":[{"@type":"CommentAction","name":"Comment","target":["https:\/\/informelitoral.com.ar\/con-fuerte-viento-del-sur-llego-un-nuevo-frente-frio-el-pronostico-del-tiempo\/#respond"]}]},{"@type":"WebPage","@id":"https:\/\/informelitoral.com.ar\/con-fuerte-viento-del-sur-llego-un-nuevo-frente-frio-el-pronostico-del-tiempo\/","url":"https:\/\/informelitoral.com.ar\/con-fuerte-viento-del-sur-llego-un-nuevo-frente-frio-el-pronostico-del-tiempo\/","name":"Con fuerte viento del sur, lleg\u00f3 un nuevo frente fr\u00edo: el pron\u00f3stico del tiempo - Informe Litoral","isPartOf":{"@id":"https:\/\/informelitoral.com.ar\/#website"},"primaryImageOfPage":{"@id":"https:\/\/informelitoral.com.ar\/con-fuerte-viento-del-sur-llego-un-nuevo-frente-frio-el-pronostico-del-tiempo\/#primaryimage"},"image":{"@id":"https:\/\/informelitoral.com.ar\/con-fuerte-viento-del-sur-llego-un-nuevo-frente-frio-el-pronostico-del-tiempo\/#primaryimage"},"thumbnailUrl":"https:\/\/informelitoral.com.ar\/%77%70%2d%63%6f%6e%74%65%6e%74\/uploads\/2022\/12\/cielo-algo-nublado-2-813x458-1.jpg","datePublished":"2022-12-15T11:19:04+00:00","dateModified":"2022-12-15T11:29:57+00:00","breadcrumb":{"@id":"https:\/\/informelitoral.com.ar\/con-fuerte-viento-del-sur-llego-un-nuevo-frente-frio-el-pronostico-del-tiempo\/#breadcrumb"},"inLanguage":"es","potentialAction":[{"@type":"ReadAction","target":["https:\/\/informelitoral.com.ar\/con-fuerte-viento-del-sur-llego-un-nuevo-frente-frio-el-pronostico-del-tiempo\/"]}]},{"@type":"ImageObject","inLanguage":"es","@id":"https:\/\/informelitoral.com.ar\/con-fuerte-viento-del-sur-llego-un-nuevo-frente-frio-el-pronostico-del-tiempo\/#primaryimage","url":"https:\/\/informelitoral.com.ar\/%77%70%2d%63%6f%6e%74%65%6e%74\/uploads\/2022\/12\/cielo-algo-nublado-2-813x458-1.jpg","contentUrl":"https:\/\/informelitoral.com.ar\/%77%70%2d%63%6f%6e%74%65%6e%74\/uploads\/2022\/12\/cielo-algo-nublado-2-813x458-1.jpg","width":813,"height":458},{"@type":"BreadcrumbList","@id":"https:\/\/informelitoral.com.ar\/con-fuerte-viento-del-sur-llego-un-nuevo-frente-frio-el-pronostico-del-tiempo\/#breadcrumb","itemListElement":[{"@type":"ListItem","position":1,"name":"Portada","item":"https:\/\/informelitoral.com.ar\/"},{"@type":"ListItem","position":2,"name":"Con fuerte viento del sur, lleg\u00f3 un nuevo frente fr\u00edo: el pron\u00f3stico del tiempo"}]},{"@type":"WebSite","@id":"https:\/\/informelitoral.com.ar\/#website","url":"https:\/\/informelitoral.com.ar\/","name":"Informe Litoral","description":"&quot;Nos informamos&quot; ","publisher":{"@id":"https:\/\/informelitoral.com.ar\/#organization"},"potentialAction":[{"@type":"SearchAction","target":{"@type":"EntryPoint","urlTemplate":"https:\/\/informelitoral.com.ar\/?s={search_term_string}"},"query-input":{"@type":"PropertyValueSpecification","valueRequired":true,"valueName":"search_term_string"}}],"inLanguage":"es"},{"@type":"Organization","@id":"https:\/\/informelitoral.com.ar\/#organization","name":"Informe Litoral","url":"https:\/\/informelitoral.com.ar\/","logo":{"@type":"ImageObject","inLanguage":"es","@id":"https:\/\/informelitoral.com.ar\/#\/schema\/logo\/image\/","url":"https:\/\/informelitoral.com.ar\/%77%70%2d%63%6f%6e%74%65%6e%74\/uploads\/2021\/01\/circulo.png","contentUrl":"https:\/\/informelitoral.com.ar\/%77%70%2d%63%6f%6e%74%65%6e%74\/uploads\/2021\/01\/circulo.png","width":723,"height":731,"caption":"Informe Litoral"},"image":{"@id":"https:\/\/informelitoral.com.ar\/#\/schema\/logo\/image\/"},"sameAs":["https:\/\/www.facebook.com\/informelitoral\/","https:\/\/x.com\/InformeLitoral","https:\/\/www.instagram.com\/informelitoral\/","https:\/\/www.youtube.com\/channel\/UCua4Qvz8Icb6MYqhoq9xLXw"]},{"@type":"Person","@id":"https:\/\/informelitoral.com.ar\/#\/schema\/person\/f05f9f461677119578717524b127d6d5","name":"Sebastian","image":{"@type":"ImageObject","inLanguage":"es","@id":"https:\/\/secure.gravatar.com\/avatar\/b71bf7481d447dfb9583c7f2798e7cc64de6efb9067b74633ed8c31059a3bd82?s=96&d=mm&r=g","url":"https:\/\/secure.gravatar.com\/avatar\/b71bf7481d447dfb9583c7f2798e7cc64de6efb9067b74633ed8c31059a3bd82?s=96&d=mm&r=g","contentUrl":"https:\/\/secure.gravatar.com\/avatar\/b71bf7481d447dfb9583c7f2798e7cc64de6efb9067b74633ed8c31059a3bd82?s=96&d=mm&r=g","caption":"Sebastian"},"url":"https:\/\/informelitoral.com.ar\/author\/sebastian\/"}]}},"_links":{"self":[{"href":"https:\/\/informelitoral.com.ar\/%77%70%2d%6a%73%6f%6e\/wp\/v2\/posts\/101531","targetHints":{"allow":["GET"]}}],"collection":[{"href":"https:\/\/informelitoral.com.ar\/%77%70%2d%6a%73%6f%6e\/wp\/v2\/posts"}],"about":[{"href":"https:\/\/informelitoral.com.ar\/%77%70%2d%6a%73%6f%6e\/wp\/v2\/types\/post"}],"author":[{"embeddable":true,"href":"https:\/\/informelitoral.com.ar\/%77%70%2d%6a%73%6f%6e\/wp\/v2\/users\/8"}],"replies":[{"embeddable":true,"href":"https:\/\/informelitoral.com.ar\/%77%70%2d%6a%73%6f%6e\/wp\/v2\/comments?post=101531"}],"version-history":[{"count":0,"href":"https:\/\/informelitoral.com.ar\/%77%70%2d%6a%73%6f%6e\/wp\/v2\/posts\/101531\/revisions"}],"wp:featuredmedia":[{"embeddable":true,"href":"https:\/\/informelitoral.com.ar\/%77%70%2d%6a%73%6f%6e\/wp\/v2\/media\/101545"}],"wp:attachment":[{"href":"https:\/\/informelitoral.com.ar\/%77%70%2d%6a%73%6f%6e\/wp\/v2\/media?parent=101531"}],"wp:term":[{"taxonomy":"category","embeddable":true,"href":"https:\/\/informelitoral.com.ar\/%77%70%2d%6a%73%6f%6e\/wp\/v2\/categories?post=101531"},{"taxonomy":"post_tag","embeddable":true,"href":"https:\/\/informelitoral.com.ar\/%77%70%2d%6a%73%6f%6e\/wp\/v2\/tags?post=101531"}],"curies":[{"name":"wp","href":"https:\/\/api.w.org\/{rel}","templated":true}]}}