{"id":101161,"date":"2022-12-13T12:42:31","date_gmt":"2022-12-13T15:42:31","guid":{"rendered":"https:\/\/www.informelitoral.com.ar\/?p=101161"},"modified":"2022-12-13T18:28:47","modified_gmt":"2022-12-13T21:28:47","slug":"bordet-la-unidad-es-una-prioridad-para-ser-competitivos-en-las-elecciones-2","status":"publish","type":"post","link":"https:\/\/informelitoral.com.ar\/bordet-la-unidad-es-una-prioridad-para-ser-competitivos-en-las-elecciones-2\/","title":{"rendered":"Bordet: \u201cLa unidad es una prioridad para ser competitivos en las elecciones\u201d"},"content":{"rendered":"<p>\u201cJunto a gobernadores del Frente de Todos y referentes del Movimiento Obrero Organizado acordamos trabajar fuertemente para brindar un escenario de estabilidad y previsibilidad en nuestro pa\u00eds\u201d, afirm\u00f3 el gobernador Gustavo Bordet.<\/p>\n<p>Adem\u00e1s asever\u00f3: \u201cM\u00e1s all\u00e1 de los matices que tenemos en nuestra fuerza pol\u00edtica, la unidad es una prioridad para ser competitivos en las elecciones del pr\u00f3ximo a\u00f1o\u201d.<\/p>\n<p>El mandatario entrerriano se expres\u00f3 a trav\u00e9s de sus redes sociales tras participar del encuentro de la Liga de Gobernadores del Frente de Todos y la CGT, realizado el lunes por la tarde en la sede del Consejo Federal de Inversiones (CFI), en el centro porte\u00f1o.<\/p>\n<p>Tambi\u00e9n hizo menci\u00f3n al litigio entre la Ciudad Aut\u00f3noma de Buenos Aires y el Gobierno nacional por el reparto de los fondos de coparticipaci\u00f3n. \u201cEn la sede del CFI los mandatarios nos manifestamos una vez m\u00e1s en defensa del federalismo y no aceptaremos decisiones que lo vulneren. Ratificamos la necesidad de ser escuchados en el recurso de amparo que se tramita por la coparticipaci\u00f3n\u201d, subray\u00f3 al respecto.<\/p>\n","protected":false},"excerpt":{"rendered":"<p> Tras participar del encuentro de la Liga de Gobernadores del Frente de Todos y la CGT el lunes por la tarde, Gustavo Bordet destac\u00f3 la necesidad de la unidad \u201cm\u00e1s all\u00e1 de los matices que tenemos en nuestra fuerza pol\u00edtica\u201d \u00b7 En la reuni\u00f3n se acord\u00f3 conformar una mesa pol\u00edtica para reorganizar el peronismo, tras el renunciamiento de Cristina Fern\u00e1ndez a ser candidata<\/p>\n","protected":false},"author":8,"featured_media":101095,"comment_status":"open","ping_status":"open","sticky":false,"template":"","format":"standard","meta":{"fifu_image_url":"","fifu_image_alt":"","footnotes":""},"categories":[16],"tags":[167],"class_list":{"0":"post-101161","1":"post","2":"type-post","3":"status-publish","4":"format-standard","5":"has-post-thumbnail","7":"category-politi","8":"tag-gustavo-bordet"},"yoast_head":"<title>Bordet: \u201cLa unidad es una prioridad para ser competitivos en las elecciones\u201d - Informe Litoral<\/title>\n<meta name=\"robots\" content=\"index, follow, max-snippet:-1, max-image-preview:large, max-video-preview:-1\" \/>\n<link rel=\"canonical\" href=\"https:\/\/informelitoral.com.ar\/bordet-la-unidad-es-una-prioridad-para-ser-competitivos-en-las-elecciones-2\/\" \/>\n<meta property=\"og:locale\" content=\"es_ES\" \/>\n<meta property=\"og:type\" content=\"article\" \/>\n<meta property=\"og:title\" content=\"Bordet: \u201cLa unidad es una prioridad para ser competitivos en las elecciones\u201d - Informe Litoral\" \/>\n<meta property=\"og:description\" content=\"Tras participar del encuentro de la Liga de Gobernadores del Frente de Todos y la CGT el lunes por la tarde, Gustavo Bordet destac\u00f3 la necesidad de la unidad \u201cm\u00e1s all\u00e1 de los matices que tenemos en nuestra fuerza pol\u00edtica\u201d \u00b7 En la reuni\u00f3n se acord\u00f3 conformar una mesa pol\u00edtica para reorganizar el peronismo, tras el renunciamiento de Cristina Fern\u00e1ndez a ser candidata\" \/>\n<meta property=\"og:url\" content=\"https:\/\/informelitoral.com.ar\/bordet-la-unidad-es-una-prioridad-para-ser-competitivos-en-las-elecciones-2\/\" \/>\n<meta property=\"og:site_name\" content=\"Informe Litoral\" \/>\n<meta property=\"article:publisher\" content=\"https:\/\/www.facebook.com\/informelitoral\/\" \/>\n<meta property=\"article:published_time\" content=\"2022-12-13T15:42:31+00:00\" \/>\n<meta property=\"article:modified_time\" content=\"2022-12-13T21:28:47+00:00\" \/>\n<meta property=\"og:image\" content=\"https:\/\/informelitoral.com.ar\/%77%70%2d%63%6f%6e%74%65%6e%74\/uploads\/2022\/12\/apfdigital_380401_13122022_Fj0fs65XwAARc6Z.jpg\" \/>\n\t<meta property=\"og:image:width\" content=\"500\" \/>\n\t<meta property=\"og:image:height\" content=\"333\" \/>\n\t<meta property=\"og:image:type\" content=\"image\/jpeg\" \/>\n<meta name=\"author\" content=\"Sebastian\" \/>\n<meta name=\"twitter:card\" content=\"summary_large_image\" \/>\n<meta name=\"twitter:creator\" content=\"@InformeLitoral\" \/>\n<meta name=\"twitter:site\" content=\"@InformeLitoral\" \/>\n<meta name=\"twitter:label1\" content=\"Escrito por\" \/>\n\t<meta name=\"twitter:data1\" content=\"Sebastian\" \/>\n\t<meta name=\"twitter:label2\" content=\"Tiempo de lectura\" \/>\n\t<meta name=\"twitter:data2\" content=\"1 minuto\" \/>\n<script type=\"application\/ld+json\" class=\"yoast-schema-graph\">{\"@context\":\"https:\\\/\\\/schema.org\",\"@graph\":[{\"@type\":\"Article\",\"@id\":\"https:\\\/\\\/informelitoral.com.ar\\\/bordet-la-unidad-es-una-prioridad-para-ser-competitivos-en-las-elecciones-2\\\/#article\",\"isPartOf\":{\"@id\":\"https:\\\/\\\/informelitoral.com.ar\\\/bordet-la-unidad-es-una-prioridad-para-ser-competitivos-en-las-elecciones-2\\\/\"},\"author\":{\"name\":\"Sebastian\",\"@id\":\"https:\\\/\\\/informelitoral.com.ar\\\/#\\\/schema\\\/person\\\/f05f9f461677119578717524b127d6d5\"},\"headline\":\"Bordet: \u201cLa unidad es una prioridad para ser competitivos en las elecciones\u201d\",\"datePublished\":\"2022-12-13T15:42:31+00:00\",\"dateModified\":\"2022-12-13T21:28:47+00:00\",\"mainEntityOfPage\":{\"@id\":\"https:\\\/\\\/informelitoral.com.ar\\\/bordet-la-unidad-es-una-prioridad-para-ser-competitivos-en-las-elecciones-2\\\/\"},\"wordCount\":198,\"commentCount\":0,\"publisher\":{\"@id\":\"https:\\\/\\\/informelitoral.com.ar\\\/#organization\"},\"image\":{\"@id\":\"https:\\\/\\\/informelitoral.com.ar\\\/bordet-la-unidad-es-una-prioridad-para-ser-competitivos-en-las-elecciones-2\\\/#primaryimage\"},\"thumbnailUrl\":\"https:\\\/\\\/informelitoral.com.ar\\\/%77%70%2d%63%6f%6e%74%65%6e%74\\\/uploads\\\/2022\\\/12\\\/apfdigital_380401_13122022_Fj0fs65XwAARc6Z.jpg\",\"keywords\":[\"Gustavo Bordet\"],\"articleSection\":[\"Politica\"],\"inLanguage\":\"es\",\"potentialAction\":[{\"@type\":\"CommentAction\",\"name\":\"Comment\",\"target\":[\"https:\\\/\\\/informelitoral.com.ar\\\/bordet-la-unidad-es-una-prioridad-para-ser-competitivos-en-las-elecciones-2\\\/#respond\"]}]},{\"@type\":\"WebPage\",\"@id\":\"https:\\\/\\\/informelitoral.com.ar\\\/bordet-la-unidad-es-una-prioridad-para-ser-competitivos-en-las-elecciones-2\\\/\",\"url\":\"https:\\\/\\\/informelitoral.com.ar\\\/bordet-la-unidad-es-una-prioridad-para-ser-competitivos-en-las-elecciones-2\\\/\",\"name\":\"Bordet: \u201cLa unidad es una prioridad para ser competitivos en las elecciones\u201d - Informe Litoral\",\"isPartOf\":{\"@id\":\"https:\\\/\\\/informelitoral.com.ar\\\/#website\"},\"primaryImageOfPage\":{\"@id\":\"https:\\\/\\\/informelitoral.com.ar\\\/bordet-la-unidad-es-una-prioridad-para-ser-competitivos-en-las-elecciones-2\\\/#primaryimage\"},\"image\":{\"@id\":\"https:\\\/\\\/informelitoral.com.ar\\\/bordet-la-unidad-es-una-prioridad-para-ser-competitivos-en-las-elecciones-2\\\/#primaryimage\"},\"thumbnailUrl\":\"https:\\\/\\\/informelitoral.com.ar\\\/%77%70%2d%63%6f%6e%74%65%6e%74\\\/uploads\\\/2022\\\/12\\\/apfdigital_380401_13122022_Fj0fs65XwAARc6Z.jpg\",\"datePublished\":\"2022-12-13T15:42:31+00:00\",\"dateModified\":\"2022-12-13T21:28:47+00:00\",\"breadcrumb\":{\"@id\":\"https:\\\/\\\/informelitoral.com.ar\\\/bordet-la-unidad-es-una-prioridad-para-ser-competitivos-en-las-elecciones-2\\\/#breadcrumb\"},\"inLanguage\":\"es\",\"potentialAction\":[{\"@type\":\"ReadAction\",\"target\":[\"https:\\\/\\\/informelitoral.com.ar\\\/bordet-la-unidad-es-una-prioridad-para-ser-competitivos-en-las-elecciones-2\\\/\"]}]},{\"@type\":\"ImageObject\",\"inLanguage\":\"es\",\"@id\":\"https:\\\/\\\/informelitoral.com.ar\\\/bordet-la-unidad-es-una-prioridad-para-ser-competitivos-en-las-elecciones-2\\\/#primaryimage\",\"url\":\"https:\\\/\\\/informelitoral.com.ar\\\/%77%70%2d%63%6f%6e%74%65%6e%74\\\/uploads\\\/2022\\\/12\\\/apfdigital_380401_13122022_Fj0fs65XwAARc6Z.jpg\",\"contentUrl\":\"https:\\\/\\\/informelitoral.com.ar\\\/%77%70%2d%63%6f%6e%74%65%6e%74\\\/uploads\\\/2022\\\/12\\\/apfdigital_380401_13122022_Fj0fs65XwAARc6Z.jpg\",\"width\":500,\"height\":333},{\"@type\":\"BreadcrumbList\",\"@id\":\"https:\\\/\\\/informelitoral.com.ar\\\/bordet-la-unidad-es-una-prioridad-para-ser-competitivos-en-las-elecciones-2\\\/#breadcrumb\",\"itemListElement\":[{\"@type\":\"ListItem\",\"position\":1,\"name\":\"Portada\",\"item\":\"https:\\\/\\\/informelitoral.com.ar\\\/\"},{\"@type\":\"ListItem\",\"position\":2,\"name\":\"Bordet: \u201cLa unidad es una prioridad para ser competitivos en las elecciones\u201d\"}]},{\"@type\":\"WebSite\",\"@id\":\"https:\\\/\\\/informelitoral.com.ar\\\/#website\",\"url\":\"https:\\\/\\\/informelitoral.com.ar\\\/\",\"name\":\"Informe Litoral\",\"description\":\"&quot;Nos informamos&quot; \",\"publisher\":{\"@id\":\"https:\\\/\\\/informelitoral.com.ar\\\/#organization\"},\"potentialAction\":[{\"@type\":\"SearchAction\",\"target\":{\"@type\":\"EntryPoint\",\"urlTemplate\":\"https:\\\/\\\/informelitoral.com.ar\\\/?s={search_term_string}\"},\"query-input\":{\"@type\":\"PropertyValueSpecification\",\"valueRequired\":true,\"valueName\":\"search_term_string\"}}],\"inLanguage\":\"es\"},{\"@type\":\"Organization\",\"@id\":\"https:\\\/\\\/informelitoral.com.ar\\\/#organization\",\"name\":\"Informe Litoral\",\"url\":\"https:\\\/\\\/informelitoral.com.ar\\\/\",\"logo\":{\"@type\":\"ImageObject\",\"inLanguage\":\"es\",\"@id\":\"https:\\\/\\\/informelitoral.com.ar\\\/#\\\/schema\\\/logo\\\/image\\\/\",\"url\":\"https:\\\/\\\/informelitoral.com.ar\\\/%77%70%2d%63%6f%6e%74%65%6e%74\\\/uploads\\\/2021\\\/01\\\/circulo.png\",\"contentUrl\":\"https:\\\/\\\/informelitoral.com.ar\\\/%77%70%2d%63%6f%6e%74%65%6e%74\\\/uploads\\\/2021\\\/01\\\/circulo.png\",\"width\":723,\"height\":731,\"caption\":\"Informe Litoral\"},\"image\":{\"@id\":\"https:\\\/\\\/informelitoral.com.ar\\\/#\\\/schema\\\/logo\\\/image\\\/\"},\"sameAs\":[\"https:\\\/\\\/www.facebook.com\\\/informelitoral\\\/\",\"https:\\\/\\\/x.com\\\/InformeLitoral\",\"https:\\\/\\\/www.instagram.com\\\/informelitoral\\\/\",\"https:\\\/\\\/www.youtube.com\\\/channel\\\/UCua4Qvz8Icb6MYqhoq9xLXw\"]},{\"@type\":\"Person\",\"@id\":\"https:\\\/\\\/informelitoral.com.ar\\\/#\\\/schema\\\/person\\\/f05f9f461677119578717524b127d6d5\",\"name\":\"Sebastian\",\"image\":{\"@type\":\"ImageObject\",\"inLanguage\":\"es\",\"@id\":\"https:\\\/\\\/secure.gravatar.com\\\/avatar\\\/b71bf7481d447dfb9583c7f2798e7cc64de6efb9067b74633ed8c31059a3bd82?s=96&d=mm&r=g\",\"url\":\"https:\\\/\\\/secure.gravatar.com\\\/avatar\\\/b71bf7481d447dfb9583c7f2798e7cc64de6efb9067b74633ed8c31059a3bd82?s=96&d=mm&r=g\",\"contentUrl\":\"https:\\\/\\\/secure.gravatar.com\\\/avatar\\\/b71bf7481d447dfb9583c7f2798e7cc64de6efb9067b74633ed8c31059a3bd82?s=96&d=mm&r=g\",\"caption\":\"Sebastian\"},\"url\":\"https:\\\/\\\/informelitoral.com.ar\\\/author\\\/sebastian\\\/\"}]}<\/script>","yoast_head_json":{"title":"Bordet: \u201cLa unidad es una prioridad para ser competitivos en las elecciones\u201d - Informe Litoral","robots":{"index":"index","follow":"follow","max-snippet":"max-snippet:-1","max-image-preview":"max-image-preview:large","max-video-preview":"max-video-preview:-1"},"canonical":"https:\/\/informelitoral.com.ar\/bordet-la-unidad-es-una-prioridad-para-ser-competitivos-en-las-elecciones-2\/","og_locale":"es_ES","og_type":"article","og_title":"Bordet: \u201cLa unidad es una prioridad para ser competitivos en las elecciones\u201d - Informe Litoral","og_description":"Tras participar del encuentro de la Liga de Gobernadores del Frente de Todos y la CGT el lunes por la tarde, Gustavo Bordet destac\u00f3 la necesidad de la unidad \u201cm\u00e1s all\u00e1 de los matices que tenemos en nuestra fuerza pol\u00edtica\u201d \u00b7 En la reuni\u00f3n se acord\u00f3 conformar una mesa pol\u00edtica para reorganizar el peronismo, tras el renunciamiento de Cristina Fern\u00e1ndez a ser candidata","og_url":"https:\/\/informelitoral.com.ar\/bordet-la-unidad-es-una-prioridad-para-ser-competitivos-en-las-elecciones-2\/","og_site_name":"Informe Litoral","article_publisher":"https:\/\/www.facebook.com\/informelitoral\/","article_published_time":"2022-12-13T15:42:31+00:00","article_modified_time":"2022-12-13T21:28:47+00:00","og_image":[{"width":500,"height":333,"url":"https:\/\/informelitoral.com.ar\/%77%70%2d%63%6f%6e%74%65%6e%74\/uploads\/2022\/12\/apfdigital_380401_13122022_Fj0fs65XwAARc6Z.jpg","type":"image\/jpeg"}],"author":"Sebastian","twitter_card":"summary_large_image","twitter_creator":"@InformeLitoral","twitter_site":"@InformeLitoral","twitter_misc":{"Escrito por":"Sebastian","Tiempo de lectura":"1 minuto"},"schema":{"@context":"https:\/\/schema.org","@graph":[{"@type":"Article","@id":"https:\/\/informelitoral.com.ar\/bordet-la-unidad-es-una-prioridad-para-ser-competitivos-en-las-elecciones-2\/#article","isPartOf":{"@id":"https:\/\/informelitoral.com.ar\/bordet-la-unidad-es-una-prioridad-para-ser-competitivos-en-las-elecciones-2\/"},"author":{"name":"Sebastian","@id":"https:\/\/informelitoral.com.ar\/#\/schema\/person\/f05f9f461677119578717524b127d6d5"},"headline":"Bordet: \u201cLa unidad es una prioridad para ser competitivos en las elecciones\u201d","datePublished":"2022-12-13T15:42:31+00:00","dateModified":"2022-12-13T21:28:47+00:00","mainEntityOfPage":{"@id":"https:\/\/informelitoral.com.ar\/bordet-la-unidad-es-una-prioridad-para-ser-competitivos-en-las-elecciones-2\/"},"wordCount":198,"commentCount":0,"publisher":{"@id":"https:\/\/informelitoral.com.ar\/#organization"},"image":{"@id":"https:\/\/informelitoral.com.ar\/bordet-la-unidad-es-una-prioridad-para-ser-competitivos-en-las-elecciones-2\/#primaryimage"},"thumbnailUrl":"https:\/\/informelitoral.com.ar\/%77%70%2d%63%6f%6e%74%65%6e%74\/uploads\/2022\/12\/apfdigital_380401_13122022_Fj0fs65XwAARc6Z.jpg","keywords":["Gustavo Bordet"],"articleSection":["Politica"],"inLanguage":"es","potentialAction":[{"@type":"CommentAction","name":"Comment","target":["https:\/\/informelitoral.com.ar\/bordet-la-unidad-es-una-prioridad-para-ser-competitivos-en-las-elecciones-2\/#respond"]}]},{"@type":"WebPage","@id":"https:\/\/informelitoral.com.ar\/bordet-la-unidad-es-una-prioridad-para-ser-competitivos-en-las-elecciones-2\/","url":"https:\/\/informelitoral.com.ar\/bordet-la-unidad-es-una-prioridad-para-ser-competitivos-en-las-elecciones-2\/","name":"Bordet: \u201cLa unidad es una prioridad para ser competitivos en las elecciones\u201d - Informe Litoral","isPartOf":{"@id":"https:\/\/informelitoral.com.ar\/#website"},"primaryImageOfPage":{"@id":"https:\/\/informelitoral.com.ar\/bordet-la-unidad-es-una-prioridad-para-ser-competitivos-en-las-elecciones-2\/#primaryimage"},"image":{"@id":"https:\/\/informelitoral.com.ar\/bordet-la-unidad-es-una-prioridad-para-ser-competitivos-en-las-elecciones-2\/#primaryimage"},"thumbnailUrl":"https:\/\/informelitoral.com.ar\/%77%70%2d%63%6f%6e%74%65%6e%74\/uploads\/2022\/12\/apfdigital_380401_13122022_Fj0fs65XwAARc6Z.jpg","datePublished":"2022-12-13T15:42:31+00:00","dateModified":"2022-12-13T21:28:47+00:00","breadcrumb":{"@id":"https:\/\/informelitoral.com.ar\/bordet-la-unidad-es-una-prioridad-para-ser-competitivos-en-las-elecciones-2\/#breadcrumb"},"inLanguage":"es","potentialAction":[{"@type":"ReadAction","target":["https:\/\/informelitoral.com.ar\/bordet-la-unidad-es-una-prioridad-para-ser-competitivos-en-las-elecciones-2\/"]}]},{"@type":"ImageObject","inLanguage":"es","@id":"https:\/\/informelitoral.com.ar\/bordet-la-unidad-es-una-prioridad-para-ser-competitivos-en-las-elecciones-2\/#primaryimage","url":"https:\/\/informelitoral.com.ar\/%77%70%2d%63%6f%6e%74%65%6e%74\/uploads\/2022\/12\/apfdigital_380401_13122022_Fj0fs65XwAARc6Z.jpg","contentUrl":"https:\/\/informelitoral.com.ar\/%77%70%2d%63%6f%6e%74%65%6e%74\/uploads\/2022\/12\/apfdigital_380401_13122022_Fj0fs65XwAARc6Z.jpg","width":500,"height":333},{"@type":"BreadcrumbList","@id":"https:\/\/informelitoral.com.ar\/bordet-la-unidad-es-una-prioridad-para-ser-competitivos-en-las-elecciones-2\/#breadcrumb","itemListElement":[{"@type":"ListItem","position":1,"name":"Portada","item":"https:\/\/informelitoral.com.ar\/"},{"@type":"ListItem","position":2,"name":"Bordet: \u201cLa unidad es una prioridad para ser competitivos en las elecciones\u201d"}]},{"@type":"WebSite","@id":"https:\/\/informelitoral.com.ar\/#website","url":"https:\/\/informelitoral.com.ar\/","name":"Informe Litoral","description":"&quot;Nos informamos&quot; ","publisher":{"@id":"https:\/\/informelitoral.com.ar\/#organization"},"potentialAction":[{"@type":"SearchAction","target":{"@type":"EntryPoint","urlTemplate":"https:\/\/informelitoral.com.ar\/?s={search_term_string}"},"query-input":{"@type":"PropertyValueSpecification","valueRequired":true,"valueName":"search_term_string"}}],"inLanguage":"es"},{"@type":"Organization","@id":"https:\/\/informelitoral.com.ar\/#organization","name":"Informe Litoral","url":"https:\/\/informelitoral.com.ar\/","logo":{"@type":"ImageObject","inLanguage":"es","@id":"https:\/\/informelitoral.com.ar\/#\/schema\/logo\/image\/","url":"https:\/\/informelitoral.com.ar\/%77%70%2d%63%6f%6e%74%65%6e%74\/uploads\/2021\/01\/circulo.png","contentUrl":"https:\/\/informelitoral.com.ar\/%77%70%2d%63%6f%6e%74%65%6e%74\/uploads\/2021\/01\/circulo.png","width":723,"height":731,"caption":"Informe Litoral"},"image":{"@id":"https:\/\/informelitoral.com.ar\/#\/schema\/logo\/image\/"},"sameAs":["https:\/\/www.facebook.com\/informelitoral\/","https:\/\/x.com\/InformeLitoral","https:\/\/www.instagram.com\/informelitoral\/","https:\/\/www.youtube.com\/channel\/UCua4Qvz8Icb6MYqhoq9xLXw"]},{"@type":"Person","@id":"https:\/\/informelitoral.com.ar\/#\/schema\/person\/f05f9f461677119578717524b127d6d5","name":"Sebastian","image":{"@type":"ImageObject","inLanguage":"es","@id":"https:\/\/secure.gravatar.com\/avatar\/b71bf7481d447dfb9583c7f2798e7cc64de6efb9067b74633ed8c31059a3bd82?s=96&d=mm&r=g","url":"https:\/\/secure.gravatar.com\/avatar\/b71bf7481d447dfb9583c7f2798e7cc64de6efb9067b74633ed8c31059a3bd82?s=96&d=mm&r=g","contentUrl":"https:\/\/secure.gravatar.com\/avatar\/b71bf7481d447dfb9583c7f2798e7cc64de6efb9067b74633ed8c31059a3bd82?s=96&d=mm&r=g","caption":"Sebastian"},"url":"https:\/\/informelitoral.com.ar\/author\/sebastian\/"}]}},"_links":{"self":[{"href":"https:\/\/informelitoral.com.ar\/%77%70%2d%6a%73%6f%6e\/wp\/v2\/posts\/101161","targetHints":{"allow":["GET"]}}],"collection":[{"href":"https:\/\/informelitoral.com.ar\/%77%70%2d%6a%73%6f%6e\/wp\/v2\/posts"}],"about":[{"href":"https:\/\/informelitoral.com.ar\/%77%70%2d%6a%73%6f%6e\/wp\/v2\/types\/post"}],"author":[{"embeddable":true,"href":"https:\/\/informelitoral.com.ar\/%77%70%2d%6a%73%6f%6e\/wp\/v2\/users\/8"}],"replies":[{"embeddable":true,"href":"https:\/\/informelitoral.com.ar\/%77%70%2d%6a%73%6f%6e\/wp\/v2\/comments?post=101161"}],"version-history":[{"count":0,"href":"https:\/\/informelitoral.com.ar\/%77%70%2d%6a%73%6f%6e\/wp\/v2\/posts\/101161\/revisions"}],"wp:featuredmedia":[{"embeddable":true,"href":"https:\/\/informelitoral.com.ar\/%77%70%2d%6a%73%6f%6e\/wp\/v2\/media\/101095"}],"wp:attachment":[{"href":"https:\/\/informelitoral.com.ar\/%77%70%2d%6a%73%6f%6e\/wp\/v2\/media?parent=101161"}],"wp:term":[{"taxonomy":"category","embeddable":true,"href":"https:\/\/informelitoral.com.ar\/%77%70%2d%6a%73%6f%6e\/wp\/v2\/categories?post=101161"},{"taxonomy":"post_tag","embeddable":true,"href":"https:\/\/informelitoral.com.ar\/%77%70%2d%6a%73%6f%6e\/wp\/v2\/tags?post=101161"}],"curies":[{"name":"wp","href":"https:\/\/api.w.org\/{rel}","templated":true}]}}