{"id":101063,"date":"2022-12-13T11:07:12","date_gmt":"2022-12-13T14:07:12","guid":{"rendered":"https:\/\/www.informelitoral.com.ar\/?p=101063"},"modified":"2022-12-13T11:09:28","modified_gmt":"2022-12-13T14:09:28","slug":"conducia-con-2-0-de-alcohol-por-las-calles-de-crespo","status":"publish","type":"post","link":"https:\/\/informelitoral.com.ar\/conducia-con-2-0-de-alcohol-por-las-calles-de-crespo\/","title":{"rendered":"Conduc\u00eda con 2.0 de alcohol por las calles de Crespo"},"content":{"rendered":"<div class=\"cuerpo fullpost__cuerpo\">\n<p>El Jefe de la dependencia local, Crio. Ppal. Maximiliano Alva, manifest\u00f3 que \u00abel excesivo consumo de alcohol es una situaci\u00f3n que nos viene preocupando y ocupando, porque claramente est\u00e1 presente como un motivo desencadenante de diferentes intervenciones que realizamos\u00bb.\u00a0 El funcionario apunt\u00f3 que no se reflejan como hechos aislados y espor\u00e1dicos, sino que mantienen una considerable constancia.<\/p>\n<p>En tal sentido, el Jefe de Comisar\u00eda Crespo sostuvo: \u00abLamentablemente vemos que todos los fines de semana, surgen retenciones y situaciones que se suscitan en la v\u00eda p\u00fablica, que al ahondar despu\u00e9s se determina que son producto del excesivo consumo de bebidas alcoh\u00f3licas, lo cual aumenta la agresividad y disminuye las capacidades, por ejemplo, para conducir. En el reciente fin de semana extra largo, se llevaron a cabo operativos alrededor de eventos privados y se hubo veh\u00edculos retenidos por condiciones de ebriedad de los conductores. En total, fueron 6 motocicletas, por carencia de documentaci\u00f3n b\u00e1sica obligatoria y dos autom\u00f3viles, ambos por dar positivo el test de alcoholemia practicado a quienes se encontraban al mando de los mismos\u00bb. De hecho, se conoci\u00f3 que una de las mediciones alcanz\u00f3 2.0 g\/l.<\/p>\n<p>\u00abSe trabaj\u00f3 en conjunto con personal de Tr\u00e1nsito Municipal y agentes de la Guardia Urbana Municipal\u00bb, dijo Alva y anticip\u00f3: \u00abEn estos d\u00edas, estamos manteniendo contactos y definiendo reuniones para diagramar los operativos en torno a los festejos que conllevan la finalizaci\u00f3n del a\u00f1o. Restan varias fechas y situaciones que por diferentes motivos son festivas, las altas temperaturas propician la ingesta de bebidas alcoh\u00f3licas, pero seremos firmes a la hora de garantizar la seguridad. Apoyamos y acompa\u00f1amos las iniciativas de celebraci\u00f3n, pero estaremos procurando que se desarrollen en un clima de tranquilidad y sin riesgos para nadie\u00bb, asever\u00f3.<\/p>\n<\/div>\n<section class=\"info-autor\">\n<div class=\"foto\"><\/div>\n<div class=\"datos\">\n<h2 class=\"nombre\"><\/h2>\n<\/div>\n<\/section>\n","protected":false},"excerpt":{"rendered":"<p>Autoridades policiales revelaron que el factor com\u00fan de las \u00faltimas retenciones vehiculares, fue el consumo elevado de alcohol por parte de los conductores. Anticiparon que se eval\u00faan medidas a adoptar de cara a las fiestas.<\/p>\n","protected":false},"author":8,"featured_media":24888,"comment_status":"open","ping_status":"open","sticky":false,"template":"","format":"standard","meta":{"fifu_image_url":"","fifu_image_alt":"","footnotes":""},"categories":[14],"tags":[],"class_list":{"0":"post-101063","1":"post","2":"type-post","3":"status-publish","4":"format-standard","5":"has-post-thumbnail","7":"category-policiales"},"yoast_head":"<title>Conduc\u00eda con 2.0 de alcohol por las calles de Crespo - Informe Litoral<\/title>\n<meta name=\"robots\" content=\"index, follow, max-snippet:-1, max-image-preview:large, max-video-preview:-1\" \/>\n<link rel=\"canonical\" href=\"https:\/\/informelitoral.com.ar\/conducia-con-2-0-de-alcohol-por-las-calles-de-crespo\/\" \/>\n<meta property=\"og:locale\" content=\"es_ES\" \/>\n<meta property=\"og:type\" content=\"article\" \/>\n<meta property=\"og:title\" content=\"Conduc\u00eda con 2.0 de alcohol por las calles de Crespo - Informe Litoral\" \/>\n<meta property=\"og:description\" content=\"Autoridades policiales revelaron que el factor com\u00fan de las \u00faltimas retenciones vehiculares, fue el consumo elevado de alcohol por parte de los conductores. Anticiparon que se eval\u00faan medidas a adoptar de cara a las fiestas.\" \/>\n<meta property=\"og:url\" content=\"https:\/\/informelitoral.com.ar\/conducia-con-2-0-de-alcohol-por-las-calles-de-crespo\/\" \/>\n<meta property=\"og:site_name\" content=\"Informe Litoral\" \/>\n<meta property=\"article:publisher\" content=\"https:\/\/www.facebook.com\/informelitoral\/\" \/>\n<meta property=\"article:published_time\" content=\"2022-12-13T14:07:12+00:00\" \/>\n<meta property=\"article:modified_time\" content=\"2022-12-13T14:09:28+00:00\" \/>\n<meta property=\"og:image\" content=\"https:\/\/informelitoral.com.ar\/%77%70%2d%63%6f%6e%74%65%6e%74\/uploads\/2018\/02\/policia-patrullero-768x506.jpg\" \/>\n\t<meta property=\"og:image:width\" content=\"768\" \/>\n\t<meta property=\"og:image:height\" content=\"506\" \/>\n\t<meta property=\"og:image:type\" content=\"image\/jpeg\" \/>\n<meta name=\"author\" content=\"Sebastian\" \/>\n<meta name=\"twitter:card\" content=\"summary_large_image\" \/>\n<meta name=\"twitter:creator\" content=\"@InformeLitoral\" \/>\n<meta name=\"twitter:site\" content=\"@InformeLitoral\" \/>\n<meta name=\"twitter:label1\" content=\"Escrito por\" \/>\n\t<meta name=\"twitter:data1\" content=\"Sebastian\" \/>\n\t<meta name=\"twitter:label2\" content=\"Tiempo de lectura\" \/>\n\t<meta name=\"twitter:data2\" content=\"2 minutos\" \/>\n<script type=\"application\/ld+json\" class=\"yoast-schema-graph\">{\"@context\":\"https:\\\/\\\/schema.org\",\"@graph\":[{\"@type\":\"Article\",\"@id\":\"https:\\\/\\\/informelitoral.com.ar\\\/conducia-con-2-0-de-alcohol-por-las-calles-de-crespo\\\/#article\",\"isPartOf\":{\"@id\":\"https:\\\/\\\/informelitoral.com.ar\\\/conducia-con-2-0-de-alcohol-por-las-calles-de-crespo\\\/\"},\"author\":{\"name\":\"Sebastian\",\"@id\":\"https:\\\/\\\/informelitoral.com.ar\\\/#\\\/schema\\\/person\\\/f05f9f461677119578717524b127d6d5\"},\"headline\":\"Conduc\u00eda con 2.0 de alcohol por las calles de Crespo\",\"datePublished\":\"2022-12-13T14:07:12+00:00\",\"dateModified\":\"2022-12-13T14:09:28+00:00\",\"mainEntityOfPage\":{\"@id\":\"https:\\\/\\\/informelitoral.com.ar\\\/conducia-con-2-0-de-alcohol-por-las-calles-de-crespo\\\/\"},\"wordCount\":311,\"commentCount\":0,\"publisher\":{\"@id\":\"https:\\\/\\\/informelitoral.com.ar\\\/#organization\"},\"image\":{\"@id\":\"https:\\\/\\\/informelitoral.com.ar\\\/conducia-con-2-0-de-alcohol-por-las-calles-de-crespo\\\/#primaryimage\"},\"thumbnailUrl\":\"https:\\\/\\\/informelitoral.com.ar\\\/%77%70%2d%63%6f%6e%74%65%6e%74\\\/uploads\\\/2018\\\/02\\\/policia-patrullero-768x506.jpg\",\"articleSection\":[\"Policiales\"],\"inLanguage\":\"es\",\"potentialAction\":[{\"@type\":\"CommentAction\",\"name\":\"Comment\",\"target\":[\"https:\\\/\\\/informelitoral.com.ar\\\/conducia-con-2-0-de-alcohol-por-las-calles-de-crespo\\\/#respond\"]}]},{\"@type\":\"WebPage\",\"@id\":\"https:\\\/\\\/informelitoral.com.ar\\\/conducia-con-2-0-de-alcohol-por-las-calles-de-crespo\\\/\",\"url\":\"https:\\\/\\\/informelitoral.com.ar\\\/conducia-con-2-0-de-alcohol-por-las-calles-de-crespo\\\/\",\"name\":\"Conduc\u00eda con 2.0 de alcohol por las calles de Crespo - Informe Litoral\",\"isPartOf\":{\"@id\":\"https:\\\/\\\/informelitoral.com.ar\\\/#website\"},\"primaryImageOfPage\":{\"@id\":\"https:\\\/\\\/informelitoral.com.ar\\\/conducia-con-2-0-de-alcohol-por-las-calles-de-crespo\\\/#primaryimage\"},\"image\":{\"@id\":\"https:\\\/\\\/informelitoral.com.ar\\\/conducia-con-2-0-de-alcohol-por-las-calles-de-crespo\\\/#primaryimage\"},\"thumbnailUrl\":\"https:\\\/\\\/informelitoral.com.ar\\\/%77%70%2d%63%6f%6e%74%65%6e%74\\\/uploads\\\/2018\\\/02\\\/policia-patrullero-768x506.jpg\",\"datePublished\":\"2022-12-13T14:07:12+00:00\",\"dateModified\":\"2022-12-13T14:09:28+00:00\",\"breadcrumb\":{\"@id\":\"https:\\\/\\\/informelitoral.com.ar\\\/conducia-con-2-0-de-alcohol-por-las-calles-de-crespo\\\/#breadcrumb\"},\"inLanguage\":\"es\",\"potentialAction\":[{\"@type\":\"ReadAction\",\"target\":[\"https:\\\/\\\/informelitoral.com.ar\\\/conducia-con-2-0-de-alcohol-por-las-calles-de-crespo\\\/\"]}]},{\"@type\":\"ImageObject\",\"inLanguage\":\"es\",\"@id\":\"https:\\\/\\\/informelitoral.com.ar\\\/conducia-con-2-0-de-alcohol-por-las-calles-de-crespo\\\/#primaryimage\",\"url\":\"https:\\\/\\\/informelitoral.com.ar\\\/%77%70%2d%63%6f%6e%74%65%6e%74\\\/uploads\\\/2018\\\/02\\\/policia-patrullero-768x506.jpg\",\"contentUrl\":\"https:\\\/\\\/informelitoral.com.ar\\\/%77%70%2d%63%6f%6e%74%65%6e%74\\\/uploads\\\/2018\\\/02\\\/policia-patrullero-768x506.jpg\",\"width\":768,\"height\":506},{\"@type\":\"BreadcrumbList\",\"@id\":\"https:\\\/\\\/informelitoral.com.ar\\\/conducia-con-2-0-de-alcohol-por-las-calles-de-crespo\\\/#breadcrumb\",\"itemListElement\":[{\"@type\":\"ListItem\",\"position\":1,\"name\":\"Portada\",\"item\":\"https:\\\/\\\/informelitoral.com.ar\\\/\"},{\"@type\":\"ListItem\",\"position\":2,\"name\":\"Conduc\u00eda con 2.0 de alcohol por las calles de Crespo\"}]},{\"@type\":\"WebSite\",\"@id\":\"https:\\\/\\\/informelitoral.com.ar\\\/#website\",\"url\":\"https:\\\/\\\/informelitoral.com.ar\\\/\",\"name\":\"Informe Litoral\",\"description\":\"&quot;Nos informamos&quot; \",\"publisher\":{\"@id\":\"https:\\\/\\\/informelitoral.com.ar\\\/#organization\"},\"potentialAction\":[{\"@type\":\"SearchAction\",\"target\":{\"@type\":\"EntryPoint\",\"urlTemplate\":\"https:\\\/\\\/informelitoral.com.ar\\\/?s={search_term_string}\"},\"query-input\":{\"@type\":\"PropertyValueSpecification\",\"valueRequired\":true,\"valueName\":\"search_term_string\"}}],\"inLanguage\":\"es\"},{\"@type\":\"Organization\",\"@id\":\"https:\\\/\\\/informelitoral.com.ar\\\/#organization\",\"name\":\"Informe Litoral\",\"url\":\"https:\\\/\\\/informelitoral.com.ar\\\/\",\"logo\":{\"@type\":\"ImageObject\",\"inLanguage\":\"es\",\"@id\":\"https:\\\/\\\/informelitoral.com.ar\\\/#\\\/schema\\\/logo\\\/image\\\/\",\"url\":\"https:\\\/\\\/informelitoral.com.ar\\\/%77%70%2d%63%6f%6e%74%65%6e%74\\\/uploads\\\/2021\\\/01\\\/circulo.png\",\"contentUrl\":\"https:\\\/\\\/informelitoral.com.ar\\\/%77%70%2d%63%6f%6e%74%65%6e%74\\\/uploads\\\/2021\\\/01\\\/circulo.png\",\"width\":723,\"height\":731,\"caption\":\"Informe Litoral\"},\"image\":{\"@id\":\"https:\\\/\\\/informelitoral.com.ar\\\/#\\\/schema\\\/logo\\\/image\\\/\"},\"sameAs\":[\"https:\\\/\\\/www.facebook.com\\\/informelitoral\\\/\",\"https:\\\/\\\/x.com\\\/InformeLitoral\",\"https:\\\/\\\/www.instagram.com\\\/informelitoral\\\/\",\"https:\\\/\\\/www.youtube.com\\\/channel\\\/UCua4Qvz8Icb6MYqhoq9xLXw\"]},{\"@type\":\"Person\",\"@id\":\"https:\\\/\\\/informelitoral.com.ar\\\/#\\\/schema\\\/person\\\/f05f9f461677119578717524b127d6d5\",\"name\":\"Sebastian\",\"image\":{\"@type\":\"ImageObject\",\"inLanguage\":\"es\",\"@id\":\"https:\\\/\\\/secure.gravatar.com\\\/avatar\\\/b71bf7481d447dfb9583c7f2798e7cc64de6efb9067b74633ed8c31059a3bd82?s=96&d=mm&r=g\",\"url\":\"https:\\\/\\\/secure.gravatar.com\\\/avatar\\\/b71bf7481d447dfb9583c7f2798e7cc64de6efb9067b74633ed8c31059a3bd82?s=96&d=mm&r=g\",\"contentUrl\":\"https:\\\/\\\/secure.gravatar.com\\\/avatar\\\/b71bf7481d447dfb9583c7f2798e7cc64de6efb9067b74633ed8c31059a3bd82?s=96&d=mm&r=g\",\"caption\":\"Sebastian\"},\"url\":\"https:\\\/\\\/informelitoral.com.ar\\\/author\\\/sebastian\\\/\"}]}<\/script>","yoast_head_json":{"title":"Conduc\u00eda con 2.0 de alcohol por las calles de Crespo - Informe Litoral","robots":{"index":"index","follow":"follow","max-snippet":"max-snippet:-1","max-image-preview":"max-image-preview:large","max-video-preview":"max-video-preview:-1"},"canonical":"https:\/\/informelitoral.com.ar\/conducia-con-2-0-de-alcohol-por-las-calles-de-crespo\/","og_locale":"es_ES","og_type":"article","og_title":"Conduc\u00eda con 2.0 de alcohol por las calles de Crespo - Informe Litoral","og_description":"Autoridades policiales revelaron que el factor com\u00fan de las \u00faltimas retenciones vehiculares, fue el consumo elevado de alcohol por parte de los conductores. Anticiparon que se eval\u00faan medidas a adoptar de cara a las fiestas.","og_url":"https:\/\/informelitoral.com.ar\/conducia-con-2-0-de-alcohol-por-las-calles-de-crespo\/","og_site_name":"Informe Litoral","article_publisher":"https:\/\/www.facebook.com\/informelitoral\/","article_published_time":"2022-12-13T14:07:12+00:00","article_modified_time":"2022-12-13T14:09:28+00:00","og_image":[{"width":768,"height":506,"url":"https:\/\/informelitoral.com.ar\/%77%70%2d%63%6f%6e%74%65%6e%74\/uploads\/2018\/02\/policia-patrullero-768x506.jpg","type":"image\/jpeg"}],"author":"Sebastian","twitter_card":"summary_large_image","twitter_creator":"@InformeLitoral","twitter_site":"@InformeLitoral","twitter_misc":{"Escrito por":"Sebastian","Tiempo de lectura":"2 minutos"},"schema":{"@context":"https:\/\/schema.org","@graph":[{"@type":"Article","@id":"https:\/\/informelitoral.com.ar\/conducia-con-2-0-de-alcohol-por-las-calles-de-crespo\/#article","isPartOf":{"@id":"https:\/\/informelitoral.com.ar\/conducia-con-2-0-de-alcohol-por-las-calles-de-crespo\/"},"author":{"name":"Sebastian","@id":"https:\/\/informelitoral.com.ar\/#\/schema\/person\/f05f9f461677119578717524b127d6d5"},"headline":"Conduc\u00eda con 2.0 de alcohol por las calles de Crespo","datePublished":"2022-12-13T14:07:12+00:00","dateModified":"2022-12-13T14:09:28+00:00","mainEntityOfPage":{"@id":"https:\/\/informelitoral.com.ar\/conducia-con-2-0-de-alcohol-por-las-calles-de-crespo\/"},"wordCount":311,"commentCount":0,"publisher":{"@id":"https:\/\/informelitoral.com.ar\/#organization"},"image":{"@id":"https:\/\/informelitoral.com.ar\/conducia-con-2-0-de-alcohol-por-las-calles-de-crespo\/#primaryimage"},"thumbnailUrl":"https:\/\/informelitoral.com.ar\/%77%70%2d%63%6f%6e%74%65%6e%74\/uploads\/2018\/02\/policia-patrullero-768x506.jpg","articleSection":["Policiales"],"inLanguage":"es","potentialAction":[{"@type":"CommentAction","name":"Comment","target":["https:\/\/informelitoral.com.ar\/conducia-con-2-0-de-alcohol-por-las-calles-de-crespo\/#respond"]}]},{"@type":"WebPage","@id":"https:\/\/informelitoral.com.ar\/conducia-con-2-0-de-alcohol-por-las-calles-de-crespo\/","url":"https:\/\/informelitoral.com.ar\/conducia-con-2-0-de-alcohol-por-las-calles-de-crespo\/","name":"Conduc\u00eda con 2.0 de alcohol por las calles de Crespo - Informe Litoral","isPartOf":{"@id":"https:\/\/informelitoral.com.ar\/#website"},"primaryImageOfPage":{"@id":"https:\/\/informelitoral.com.ar\/conducia-con-2-0-de-alcohol-por-las-calles-de-crespo\/#primaryimage"},"image":{"@id":"https:\/\/informelitoral.com.ar\/conducia-con-2-0-de-alcohol-por-las-calles-de-crespo\/#primaryimage"},"thumbnailUrl":"https:\/\/informelitoral.com.ar\/%77%70%2d%63%6f%6e%74%65%6e%74\/uploads\/2018\/02\/policia-patrullero-768x506.jpg","datePublished":"2022-12-13T14:07:12+00:00","dateModified":"2022-12-13T14:09:28+00:00","breadcrumb":{"@id":"https:\/\/informelitoral.com.ar\/conducia-con-2-0-de-alcohol-por-las-calles-de-crespo\/#breadcrumb"},"inLanguage":"es","potentialAction":[{"@type":"ReadAction","target":["https:\/\/informelitoral.com.ar\/conducia-con-2-0-de-alcohol-por-las-calles-de-crespo\/"]}]},{"@type":"ImageObject","inLanguage":"es","@id":"https:\/\/informelitoral.com.ar\/conducia-con-2-0-de-alcohol-por-las-calles-de-crespo\/#primaryimage","url":"https:\/\/informelitoral.com.ar\/%77%70%2d%63%6f%6e%74%65%6e%74\/uploads\/2018\/02\/policia-patrullero-768x506.jpg","contentUrl":"https:\/\/informelitoral.com.ar\/%77%70%2d%63%6f%6e%74%65%6e%74\/uploads\/2018\/02\/policia-patrullero-768x506.jpg","width":768,"height":506},{"@type":"BreadcrumbList","@id":"https:\/\/informelitoral.com.ar\/conducia-con-2-0-de-alcohol-por-las-calles-de-crespo\/#breadcrumb","itemListElement":[{"@type":"ListItem","position":1,"name":"Portada","item":"https:\/\/informelitoral.com.ar\/"},{"@type":"ListItem","position":2,"name":"Conduc\u00eda con 2.0 de alcohol por las calles de Crespo"}]},{"@type":"WebSite","@id":"https:\/\/informelitoral.com.ar\/#website","url":"https:\/\/informelitoral.com.ar\/","name":"Informe Litoral","description":"&quot;Nos informamos&quot; ","publisher":{"@id":"https:\/\/informelitoral.com.ar\/#organization"},"potentialAction":[{"@type":"SearchAction","target":{"@type":"EntryPoint","urlTemplate":"https:\/\/informelitoral.com.ar\/?s={search_term_string}"},"query-input":{"@type":"PropertyValueSpecification","valueRequired":true,"valueName":"search_term_string"}}],"inLanguage":"es"},{"@type":"Organization","@id":"https:\/\/informelitoral.com.ar\/#organization","name":"Informe Litoral","url":"https:\/\/informelitoral.com.ar\/","logo":{"@type":"ImageObject","inLanguage":"es","@id":"https:\/\/informelitoral.com.ar\/#\/schema\/logo\/image\/","url":"https:\/\/informelitoral.com.ar\/%77%70%2d%63%6f%6e%74%65%6e%74\/uploads\/2021\/01\/circulo.png","contentUrl":"https:\/\/informelitoral.com.ar\/%77%70%2d%63%6f%6e%74%65%6e%74\/uploads\/2021\/01\/circulo.png","width":723,"height":731,"caption":"Informe Litoral"},"image":{"@id":"https:\/\/informelitoral.com.ar\/#\/schema\/logo\/image\/"},"sameAs":["https:\/\/www.facebook.com\/informelitoral\/","https:\/\/x.com\/InformeLitoral","https:\/\/www.instagram.com\/informelitoral\/","https:\/\/www.youtube.com\/channel\/UCua4Qvz8Icb6MYqhoq9xLXw"]},{"@type":"Person","@id":"https:\/\/informelitoral.com.ar\/#\/schema\/person\/f05f9f461677119578717524b127d6d5","name":"Sebastian","image":{"@type":"ImageObject","inLanguage":"es","@id":"https:\/\/secure.gravatar.com\/avatar\/b71bf7481d447dfb9583c7f2798e7cc64de6efb9067b74633ed8c31059a3bd82?s=96&d=mm&r=g","url":"https:\/\/secure.gravatar.com\/avatar\/b71bf7481d447dfb9583c7f2798e7cc64de6efb9067b74633ed8c31059a3bd82?s=96&d=mm&r=g","contentUrl":"https:\/\/secure.gravatar.com\/avatar\/b71bf7481d447dfb9583c7f2798e7cc64de6efb9067b74633ed8c31059a3bd82?s=96&d=mm&r=g","caption":"Sebastian"},"url":"https:\/\/informelitoral.com.ar\/author\/sebastian\/"}]}},"_links":{"self":[{"href":"https:\/\/informelitoral.com.ar\/%77%70%2d%6a%73%6f%6e\/wp\/v2\/posts\/101063","targetHints":{"allow":["GET"]}}],"collection":[{"href":"https:\/\/informelitoral.com.ar\/%77%70%2d%6a%73%6f%6e\/wp\/v2\/posts"}],"about":[{"href":"https:\/\/informelitoral.com.ar\/%77%70%2d%6a%73%6f%6e\/wp\/v2\/types\/post"}],"author":[{"embeddable":true,"href":"https:\/\/informelitoral.com.ar\/%77%70%2d%6a%73%6f%6e\/wp\/v2\/users\/8"}],"replies":[{"embeddable":true,"href":"https:\/\/informelitoral.com.ar\/%77%70%2d%6a%73%6f%6e\/wp\/v2\/comments?post=101063"}],"version-history":[{"count":0,"href":"https:\/\/informelitoral.com.ar\/%77%70%2d%6a%73%6f%6e\/wp\/v2\/posts\/101063\/revisions"}],"wp:featuredmedia":[{"embeddable":true,"href":"https:\/\/informelitoral.com.ar\/%77%70%2d%6a%73%6f%6e\/wp\/v2\/media\/24888"}],"wp:attachment":[{"href":"https:\/\/informelitoral.com.ar\/%77%70%2d%6a%73%6f%6e\/wp\/v2\/media?parent=101063"}],"wp:term":[{"taxonomy":"category","embeddable":true,"href":"https:\/\/informelitoral.com.ar\/%77%70%2d%6a%73%6f%6e\/wp\/v2\/categories?post=101063"},{"taxonomy":"post_tag","embeddable":true,"href":"https:\/\/informelitoral.com.ar\/%77%70%2d%6a%73%6f%6e\/wp\/v2\/tags?post=101063"}],"curies":[{"name":"wp","href":"https:\/\/api.w.org\/{rel}","templated":true}]}}