{"id":10078,"date":"2015-03-05T15:58:55","date_gmt":"2015-03-05T18:58:55","guid":{"rendered":"http:\/\/www.isletasnoticias.com.ar\/?p=10078"},"modified":"2015-03-05T15:58:55","modified_gmt":"2015-03-05T18:58:55","slug":"jueza-arroyo-salgado-a-nisman-lo-mataron","status":"publish","type":"post","link":"https:\/\/informelitoral.com.ar\/jueza-arroyo-salgado-a-nisman-lo-mataron\/","title":{"rendered":"Jueza Arroyo Salgado: \u00abA Nisman lo mataron\u00bb"},"content":{"rendered":"<p><strong>La jueza federal y ex pareja del fiscal dio a conocer las pericias realizadas por los prestigiosos forenses de la querella. Revel\u00f3 que la muerte no fue inmediata, que \u00abhubo agon\u00eda\u00bb y que el cuerpo \u00abfue movido\u00bb. \u00abFue un magnicidio\u00bb, se\u00f1al\u00f3.<a href=\"http:\/\/www.isletasnoticias.com.ar\/%77%70%2d%63%6f%6e%74%65%6e%74\/uploads\/2015\/03\/0012293521.jpg\"><img loading=\"lazy\" decoding=\"async\" class=\"aligncenter size-medium wp-image-10079\" src=\"http:\/\/www.isletasnoticias.com.ar\/%77%70%2d%63%6f%6e%74%65%6e%74\/uploads\/2015\/03\/0012293521-300x169.jpg\" alt=\"0012293521\" width=\"300\" height=\"169\" srcset=\"https:\/\/informelitoral.com.ar\/%77%70%2d%63%6f%6e%74%65%6e%74\/uploads\/2015\/03\/0012293521-300x169.jpg 300w, https:\/\/informelitoral.com.ar\/%77%70%2d%63%6f%6e%74%65%6e%74\/uploads\/2015\/03\/0012293521.jpg 770w\" sizes=\"auto, (max-width: 300px) 100vw, 300px\" \/><\/a><\/strong><\/p>\n<p>\u00abA <strong>Alberto Nisman<\/strong> lo mataron\u00bb. \u00abFue un magnicidio de proporciones desconocidas\u00bb. Las contundentes frases fueron pronunciadas por la jueza federal Sandra Arroyo Salgado al dar a conocer los datos de las pericias realizadas por prestigiosos expertos de la querella \u2013que integra junto a la madre y las hijas de Nisman\u2013 durante una conferencia de prensa en San Isidro.<\/p>\n<p>Acompa\u00f1ada por los peritos forenses Julio Ravioli y Osvaldo Raffo, y por el licenciado en criminal\u00edstica Daniel Salcedo, Arroyo Salgado inici\u00f3 la rueda de prensa afirmando: \u00abLa investigaci\u00f3n s\u00f3lo admite tres hip\u00f3tesis: accidente, suicidio u homicidio. Descartamos absolutamente las dos primeras\u00bb.<\/p>\n<p>Luego, se\u00f1al\u00f3 que la querella \u00abno busca un resultado determinado\u00bb, sino que \u00ablo \u00fanico que busca es la verdad objetiva y cient\u00edficamente comprobable a partir de la evidencia f\u00edsica\u00bb.<\/p>\n<p>\u00abLa muerte violenta en el contexto pol\u00edtico y judicial ha impactado de lleno en la institucionalidad de la rep\u00fablica, adem\u00e1s de poner en tela de juicio el rol del Estado ante la comunidad internacional en materia de terrorismo\u00bb, continu\u00f3 la jueza federal durante su exposici\u00f3n.<\/p>\n<p>El informe brindado por Arroyo Salgado fue presentado y sumado hoy al expediente judicial. Tiene m\u00e1s de 100 hojas y fue realizado en parte analizando las fotos del cuerpo de Nisman tomadas por la Polic\u00eda Federal y la Prefectura en el momento en que fue hallado sin vida, junto a las im\u00e1genes tomadas durante la autopsia y las del lugar del hecho criminal.<\/p>\n<p>Arroyo Salgado explic\u00f3 que la difusi\u00f3n de las fotos \u00abpermitir\u00eda graficar con mayor claridad\u00bb los resultados de las pericias, pero optaron por no darlas a conocer \u00abpor respeto a las hijas y los familiares de Nisman, debido al impacto emocional que hubiera generado\u00bb.<\/p>\n<div>El escrito elaborado por el equipo interdisciplinario criminal\u00edstico forense consta de <b>nueve conclusiones<\/b>, que son las siguientes:<\/div>\n<div><\/div>\n<div><b>1) <\/b>Natalio Alberto Nisman falleci\u00f3 como consecuencia de una dislaceraci\u00f3n y hemorragia meningoencef\u00e1lica producida por un proyectil de arma de fuego en cr\u00e1neo y cerebro, seguida de copiosa hemorragia externa, provocando que los \u00f3rganos estuvieran exang\u00fces.<\/div>\n<div><\/div>\n<div><b>2) <\/b>La pistola Bersa modelo 62 secuestrada en autos presenta signos de haber sido disparada, fue apta para el disparo y la pericia comparativa realizada indica irrefutablemente que fue el arma usada en el hecho.<\/div>\n<div><\/div>\n<div><b>3) <\/b>Las pericias de microscop\u00eda electr\u00f3nica de barrido a los efectos de determinar la presencia de part\u00edculas fusionadas, caracter\u00edsticas de residuos de disparo \u2013bario, antinomio y plomo\u2013 realizadas tanto en la sede de la Polic\u00eda Cient\u00edfica de la Polic\u00eda de la Provincia de Buenos Aires, as\u00ed como en el Cuerpo de Investigaciones Fiscales del Ministerio P\u00fablico de Salta, dieron para con las muestras obtenidas de las manos de Natalio Alberto Nisman, conforme al protocolo de la Polic\u00eda Federal, resultado negativo.<\/div>\n<div><\/div>\n<div><b>4)<\/b> La pericia toxicol\u00f3gica demostr\u00f3 la presencia de metabolitos de benzodiacepina en cantidades no determinables, de uso habitual de la v\u00edctima. Cafe\u00edna en cantidades no determinables y alcohol en contenido g\u00e1strico compatible con una m\u00ednima ingesta de bebida alcoh\u00f3lica o con la fermentaci\u00f3n natural de alimentos ingeridos. No se demostr\u00f3 la presencia de alcohol en pool de v\u00edsceras, sangre u orina. Es decir que los trascendidos p\u00fablicos que afirman que Nisman estaba alcoholizado al momento de su fallecimiento no son certeros.<\/div>\n<div><\/div>\n<div><b>5)<\/b> No existi\u00f3 espasmo cadav\u00e9rico porque hubo agon\u00eda. En esto me voy a permitir hacer lectura de una conclusi\u00f3n preliminar. Se afirm\u00f3 en la autopsia oficial que el cad\u00e1ver de Nisman presentaba el signo del espasmo cadav\u00e9rico en la mano derecha, lo que inducir\u00eda a pensar en la forma suicida de la muerte. Sin embargo, podemos afirmar con certeza que ese signo no existi\u00f3, el mecanismo de producci\u00f3n de este signo postmortal es de rara frecuencia. De hecho, el doctor Raffo, que ha participado en 20.000 autopsias, ha visto ese fen\u00f3meno en dos oportunidades, y el Dr. Ravioli en s\u00f3lo una. La agon\u00eda es incompatible con la aparici\u00f3n de este signo y Nisman tuvo agon\u00eda. Agon\u00eda que estuvo objetivamente demostrada por la copiosa hemorragia externa que se aprecia en la iconograf\u00eda y la videofilmaci\u00f3n. No puede haber espasmo cadav\u00e9rico si hubo agon\u00eda y la agon\u00eda est\u00e1 demostrada por el importante torrente de hemorragia presente en la escena en que fue hallado el cuerpo sin vida del Dr. Nisman.<\/div>\n<div><\/div>\n<div><b>6)<\/b> La posici\u00f3n en que fue encontrado el cuerpo no fue la final, es decir que no fue la que ten\u00eda al momento de la muerte. El cuerpo ha sido movido.<\/div>\n<div><\/div>\n<div><b>7)<\/b> El cuerpo se hallaba exang\u00fce y laxo al momento del inicio de la autopsia. El cronotadiagn\u00f3stico, es decir, la data de la muerte, es de 36 horas, m\u00e1s menos cuatro horas, contadas a partir del inicio de la operaci\u00f3n de la autopsia. La autopsia fue realizada el d\u00eda lunes 19 de enero de 2015 entre las 8 y las 10 horas. La determinaci\u00f3n de potasio en humor v\u00edtreo est\u00e1 acorde con el intervalo postmortal que hemos se\u00f1alado.<\/div>\n<div><\/div>\n<div><b>8) <\/b>El orificio de entrada est\u00e1 ubicado en la zona temporoparietal derecha a tres cent\u00edmetros por encima de la inserci\u00f3n superior del pabell\u00f3n auricular. El proyectil, al atravesar los tejidos, se fragment\u00f3 y deform\u00f3 por su condici\u00f3n de hollow point, generando una cavitaci\u00f3n temporaria y definitiva, ilustrada en el informe, dirigi\u00e9ndose hacia la zona frontotemporal izquierda de donde se extrajo de la masa encef\u00e1lica. La distancia del disparo fue de no m\u00e1s all\u00e1 de un cent\u00edmetro. La trayectoria del proyectil disparado por el arma de fuego secuestrada fue de derecha a izquierda, de abajo hacia arriba y de atr\u00e1s hacia adelante, tal y como lo demuestran las pericias complementarias realizadas por la morgue. El proyectil liber\u00f3 energ\u00eda cin\u00e9tica suficiente como para generar m\u00faltiples fracturas del cr\u00e1neo.<\/div>\n<div><\/div>\n<div><b>9)<\/b> El an\u00e1lisis del lugar del hecho as\u00ed como las evidencias f\u00edsicas del escenario de esta muerte violenta descartan la posibilidad de que el hecho sea accidental. Por los mismos motivos expuestos se descarta la probabilidad de la hip\u00f3tesis en modalidad suicida.<\/div>\n<div><\/div>\n<div><b>Cr\u00edticas a la investigaci\u00f3n<\/b><\/div>\n<div>Durante la presentaci\u00f3n, Arroyo Salgado cuestion\u00f3 parte de lo actuado por la fiscal Vivina Fein y por la jueza Fabiana Palmaghini. En ese sentido, lament\u00f3 que \u00abno se hizo saber a los familiares presentes en el lugar del hecho que ten\u00edan el derecho de participar de la autopsia con la intervenci\u00f3n de peritos de parte\u00bb.<\/div>\n<div><\/div>\n<div>De haber ocurrido esto, \u00absin duda hubiera contribuido a enriquecer el proceso pericial en miras a la b\u00fasqueda de la verdad\u00bb. Por el contrario, \u00abla falta de peritos de parte en la autopsia deriv\u00f3 en conclusiones parciales y equivocadas\u00bb.<\/div>\n<div><\/div>\n<div>Finalmente, Arroyo Salgado indic\u00f3 que el informe presentado hoy \u00abcontinuar\u00e1 siendo actualizado con todos aquellos elementos que se vayan recopilando\u00bb. <em>(Infobae)<\/em><\/div>\n","protected":false},"excerpt":{"rendered":"<p>La jueza federal y ex pareja del fiscal dio a conocer las pericias realizadas por los prestigiosos forenses de la querella. Revel&oacute; que la muerte no fue inmediata, que &laquo;hubo agon&iacute;a&raquo; y que el cuerpo &laquo;fue movido&raquo;. &laquo;Fue un magnicidio&raquo;, se&ntilde;al&oacute;. &laquo;A Alberto Nisman lo mataron&raquo;. &laquo;Fue un magnicidio de proporciones desconocidas&raquo;. Las contundentes frases [&hellip;]<\/p>\n","protected":false},"author":2,"featured_media":0,"comment_status":"open","ping_status":"open","sticky":false,"template":"","format":"standard","meta":{"fifu_image_url":"","fifu_image_alt":"","footnotes":""},"categories":[7,14,16],"tags":[],"class_list":{"0":"post-10078","1":"post","2":"type-post","3":"status-publish","4":"format-standard","6":"category-nacionales","7":"category-policiales","8":"category-politi"},"yoast_head":"<title>Jueza Arroyo Salgado: &quot;A Nisman lo mataron&quot; - Informe Litoral<\/title>\n<meta name=\"robots\" content=\"index, follow, max-snippet:-1, max-image-preview:large, max-video-preview:-1\" \/>\n<link rel=\"canonical\" href=\"https:\/\/informelitoral.com.ar\/jueza-arroyo-salgado-a-nisman-lo-mataron\/\" \/>\n<meta property=\"og:locale\" content=\"es_ES\" \/>\n<meta property=\"og:type\" content=\"article\" \/>\n<meta property=\"og:title\" content=\"Jueza Arroyo Salgado: &quot;A Nisman lo mataron&quot; - Informe Litoral\" \/>\n<meta property=\"og:description\" content=\"La jueza federal y ex pareja del fiscal dio a conocer las pericias realizadas por los prestigiosos forenses de la querella. Revel&oacute; que la muerte no fue inmediata, que &laquo;hubo agon&iacute;a&raquo; y que el cuerpo &laquo;fue movido&raquo;. &laquo;Fue un magnicidio&raquo;, se&ntilde;al&oacute;. &laquo;A Alberto Nisman lo mataron&raquo;. &laquo;Fue un magnicidio de proporciones desconocidas&raquo;. Las contundentes frases [&hellip;]\" \/>\n<meta property=\"og:url\" content=\"https:\/\/informelitoral.com.ar\/jueza-arroyo-salgado-a-nisman-lo-mataron\/\" \/>\n<meta property=\"og:site_name\" content=\"Informe Litoral\" \/>\n<meta property=\"article:publisher\" content=\"https:\/\/www.facebook.com\/informelitoral\/\" \/>\n<meta property=\"article:published_time\" content=\"2015-03-05T18:58:55+00:00\" \/>\n<meta property=\"og:image\" content=\"https:\/\/informelitoral.com.ar\/%77%70%2d%63%6f%6e%74%65%6e%74\/uploads\/2015\/03\/0012293521.jpg\" \/>\n\t<meta property=\"og:image:width\" content=\"770\" \/>\n\t<meta property=\"og:image:height\" content=\"433\" \/>\n\t<meta property=\"og:image:type\" content=\"image\/jpeg\" \/>\n<meta name=\"author\" content=\"Gonzalo Schmidt\" \/>\n<meta name=\"twitter:card\" content=\"summary_large_image\" \/>\n<meta name=\"twitter:creator\" content=\"@InformeLitoral\" \/>\n<meta name=\"twitter:site\" content=\"@InformeLitoral\" \/>\n<meta name=\"twitter:label1\" content=\"Escrito por\" \/>\n\t<meta name=\"twitter:data1\" content=\"Gonzalo Schmidt\" \/>\n\t<meta name=\"twitter:label2\" content=\"Tiempo de lectura\" \/>\n\t<meta name=\"twitter:data2\" content=\"6 minutos\" \/>\n<script type=\"application\/ld+json\" class=\"yoast-schema-graph\">{\"@context\":\"https:\\\/\\\/schema.org\",\"@graph\":[{\"@type\":\"Article\",\"@id\":\"https:\\\/\\\/informelitoral.com.ar\\\/jueza-arroyo-salgado-a-nisman-lo-mataron\\\/#article\",\"isPartOf\":{\"@id\":\"https:\\\/\\\/informelitoral.com.ar\\\/jueza-arroyo-salgado-a-nisman-lo-mataron\\\/\"},\"author\":{\"name\":\"Gonzalo Schmidt\",\"@id\":\"https:\\\/\\\/informelitoral.com.ar\\\/#\\\/schema\\\/person\\\/b9d00407c836482871ef1d57bf8e3180\"},\"headline\":\"Jueza Arroyo Salgado: \u00abA Nisman lo mataron\u00bb\",\"datePublished\":\"2015-03-05T18:58:55+00:00\",\"mainEntityOfPage\":{\"@id\":\"https:\\\/\\\/informelitoral.com.ar\\\/jueza-arroyo-salgado-a-nisman-lo-mataron\\\/\"},\"wordCount\":1216,\"commentCount\":0,\"publisher\":{\"@id\":\"https:\\\/\\\/informelitoral.com.ar\\\/#organization\"},\"image\":{\"@id\":\"https:\\\/\\\/informelitoral.com.ar\\\/jueza-arroyo-salgado-a-nisman-lo-mataron\\\/#primaryimage\"},\"thumbnailUrl\":\"http:\\\/\\\/www.isletasnoticias.com.ar\\\/%77%70%2d%63%6f%6e%74%65%6e%74\\\/uploads\\\/2015\\\/03\\\/0012293521-300x169.jpg\",\"articleSection\":[\"Nacionales\",\"Policiales\",\"Politica\"],\"inLanguage\":\"es\",\"potentialAction\":[{\"@type\":\"CommentAction\",\"name\":\"Comment\",\"target\":[\"https:\\\/\\\/informelitoral.com.ar\\\/jueza-arroyo-salgado-a-nisman-lo-mataron\\\/#respond\"]}]},{\"@type\":\"WebPage\",\"@id\":\"https:\\\/\\\/informelitoral.com.ar\\\/jueza-arroyo-salgado-a-nisman-lo-mataron\\\/\",\"url\":\"https:\\\/\\\/informelitoral.com.ar\\\/jueza-arroyo-salgado-a-nisman-lo-mataron\\\/\",\"name\":\"Jueza Arroyo Salgado: \\\"A Nisman lo mataron\\\" - Informe Litoral\",\"isPartOf\":{\"@id\":\"https:\\\/\\\/informelitoral.com.ar\\\/#website\"},\"primaryImageOfPage\":{\"@id\":\"https:\\\/\\\/informelitoral.com.ar\\\/jueza-arroyo-salgado-a-nisman-lo-mataron\\\/#primaryimage\"},\"image\":{\"@id\":\"https:\\\/\\\/informelitoral.com.ar\\\/jueza-arroyo-salgado-a-nisman-lo-mataron\\\/#primaryimage\"},\"thumbnailUrl\":\"http:\\\/\\\/www.isletasnoticias.com.ar\\\/%77%70%2d%63%6f%6e%74%65%6e%74\\\/uploads\\\/2015\\\/03\\\/0012293521-300x169.jpg\",\"datePublished\":\"2015-03-05T18:58:55+00:00\",\"breadcrumb\":{\"@id\":\"https:\\\/\\\/informelitoral.com.ar\\\/jueza-arroyo-salgado-a-nisman-lo-mataron\\\/#breadcrumb\"},\"inLanguage\":\"es\",\"potentialAction\":[{\"@type\":\"ReadAction\",\"target\":[\"https:\\\/\\\/informelitoral.com.ar\\\/jueza-arroyo-salgado-a-nisman-lo-mataron\\\/\"]}]},{\"@type\":\"ImageObject\",\"inLanguage\":\"es\",\"@id\":\"https:\\\/\\\/informelitoral.com.ar\\\/jueza-arroyo-salgado-a-nisman-lo-mataron\\\/#primaryimage\",\"url\":\"http:\\\/\\\/www.isletasnoticias.com.ar\\\/%77%70%2d%63%6f%6e%74%65%6e%74\\\/uploads\\\/2015\\\/03\\\/0012293521-300x169.jpg\",\"contentUrl\":\"http:\\\/\\\/www.isletasnoticias.com.ar\\\/%77%70%2d%63%6f%6e%74%65%6e%74\\\/uploads\\\/2015\\\/03\\\/0012293521-300x169.jpg\"},{\"@type\":\"BreadcrumbList\",\"@id\":\"https:\\\/\\\/informelitoral.com.ar\\\/jueza-arroyo-salgado-a-nisman-lo-mataron\\\/#breadcrumb\",\"itemListElement\":[{\"@type\":\"ListItem\",\"position\":1,\"name\":\"Portada\",\"item\":\"https:\\\/\\\/informelitoral.com.ar\\\/\"},{\"@type\":\"ListItem\",\"position\":2,\"name\":\"Jueza Arroyo Salgado: \u00abA Nisman lo mataron\u00bb\"}]},{\"@type\":\"WebSite\",\"@id\":\"https:\\\/\\\/informelitoral.com.ar\\\/#website\",\"url\":\"https:\\\/\\\/informelitoral.com.ar\\\/\",\"name\":\"Informe Litoral\",\"description\":\"&quot;Nos informamos&quot; \",\"publisher\":{\"@id\":\"https:\\\/\\\/informelitoral.com.ar\\\/#organization\"},\"potentialAction\":[{\"@type\":\"SearchAction\",\"target\":{\"@type\":\"EntryPoint\",\"urlTemplate\":\"https:\\\/\\\/informelitoral.com.ar\\\/?s={search_term_string}\"},\"query-input\":{\"@type\":\"PropertyValueSpecification\",\"valueRequired\":true,\"valueName\":\"search_term_string\"}}],\"inLanguage\":\"es\"},{\"@type\":\"Organization\",\"@id\":\"https:\\\/\\\/informelitoral.com.ar\\\/#organization\",\"name\":\"Informe Litoral\",\"url\":\"https:\\\/\\\/informelitoral.com.ar\\\/\",\"logo\":{\"@type\":\"ImageObject\",\"inLanguage\":\"es\",\"@id\":\"https:\\\/\\\/informelitoral.com.ar\\\/#\\\/schema\\\/logo\\\/image\\\/\",\"url\":\"https:\\\/\\\/informelitoral.com.ar\\\/%77%70%2d%63%6f%6e%74%65%6e%74\\\/uploads\\\/2021\\\/01\\\/circulo.png\",\"contentUrl\":\"https:\\\/\\\/informelitoral.com.ar\\\/%77%70%2d%63%6f%6e%74%65%6e%74\\\/uploads\\\/2021\\\/01\\\/circulo.png\",\"width\":723,\"height\":731,\"caption\":\"Informe Litoral\"},\"image\":{\"@id\":\"https:\\\/\\\/informelitoral.com.ar\\\/#\\\/schema\\\/logo\\\/image\\\/\"},\"sameAs\":[\"https:\\\/\\\/www.facebook.com\\\/informelitoral\\\/\",\"https:\\\/\\\/x.com\\\/InformeLitoral\",\"https:\\\/\\\/www.instagram.com\\\/informelitoral\\\/\",\"https:\\\/\\\/www.youtube.com\\\/channel\\\/UCua4Qvz8Icb6MYqhoq9xLXw\"]},{\"@type\":\"Person\",\"@id\":\"https:\\\/\\\/informelitoral.com.ar\\\/#\\\/schema\\\/person\\\/b9d00407c836482871ef1d57bf8e3180\",\"name\":\"Gonzalo Schmidt\",\"image\":{\"@type\":\"ImageObject\",\"inLanguage\":\"es\",\"@id\":\"https:\\\/\\\/secure.gravatar.com\\\/avatar\\\/31a1a7b66ff2de83bd0e9fd79d026630d2d99e55e8bfe501287647b4fd9743de?s=96&d=mm&r=g\",\"url\":\"https:\\\/\\\/secure.gravatar.com\\\/avatar\\\/31a1a7b66ff2de83bd0e9fd79d026630d2d99e55e8bfe501287647b4fd9743de?s=96&d=mm&r=g\",\"contentUrl\":\"https:\\\/\\\/secure.gravatar.com\\\/avatar\\\/31a1a7b66ff2de83bd0e9fd79d026630d2d99e55e8bfe501287647b4fd9743de?s=96&d=mm&r=g\",\"caption\":\"Gonzalo Schmidt\"},\"description\":\"Sitio web de noticias de la provincia de Entre R\u00edos, Argentina. Informaci\u00f3n y entretenimiento. Informe Litoral, nos informamos.\",\"sameAs\":[\"http:\\\/\\\/www.isletasnoticias.com.ar\"],\"url\":\"https:\\\/\\\/informelitoral.com.ar\\\/author\\\/gonzalo\\\/\"}]}<\/script>","yoast_head_json":{"title":"Jueza Arroyo Salgado: \"A Nisman lo mataron\" - Informe Litoral","robots":{"index":"index","follow":"follow","max-snippet":"max-snippet:-1","max-image-preview":"max-image-preview:large","max-video-preview":"max-video-preview:-1"},"canonical":"https:\/\/informelitoral.com.ar\/jueza-arroyo-salgado-a-nisman-lo-mataron\/","og_locale":"es_ES","og_type":"article","og_title":"Jueza Arroyo Salgado: \"A Nisman lo mataron\" - Informe Litoral","og_description":"La jueza federal y ex pareja del fiscal dio a conocer las pericias realizadas por los prestigiosos forenses de la querella. Revel&oacute; que la muerte no fue inmediata, que &laquo;hubo agon&iacute;a&raquo; y que el cuerpo &laquo;fue movido&raquo;. &laquo;Fue un magnicidio&raquo;, se&ntilde;al&oacute;. &laquo;A Alberto Nisman lo mataron&raquo;. &laquo;Fue un magnicidio de proporciones desconocidas&raquo;. Las contundentes frases [&hellip;]","og_url":"https:\/\/informelitoral.com.ar\/jueza-arroyo-salgado-a-nisman-lo-mataron\/","og_site_name":"Informe Litoral","article_publisher":"https:\/\/www.facebook.com\/informelitoral\/","article_published_time":"2015-03-05T18:58:55+00:00","og_image":[{"width":770,"height":433,"url":"https:\/\/informelitoral.com.ar\/%77%70%2d%63%6f%6e%74%65%6e%74\/uploads\/2015\/03\/0012293521.jpg","type":"image\/jpeg"}],"author":"Gonzalo Schmidt","twitter_card":"summary_large_image","twitter_creator":"@InformeLitoral","twitter_site":"@InformeLitoral","twitter_misc":{"Escrito por":"Gonzalo Schmidt","Tiempo de lectura":"6 minutos"},"schema":{"@context":"https:\/\/schema.org","@graph":[{"@type":"Article","@id":"https:\/\/informelitoral.com.ar\/jueza-arroyo-salgado-a-nisman-lo-mataron\/#article","isPartOf":{"@id":"https:\/\/informelitoral.com.ar\/jueza-arroyo-salgado-a-nisman-lo-mataron\/"},"author":{"name":"Gonzalo Schmidt","@id":"https:\/\/informelitoral.com.ar\/#\/schema\/person\/b9d00407c836482871ef1d57bf8e3180"},"headline":"Jueza Arroyo Salgado: \u00abA Nisman lo mataron\u00bb","datePublished":"2015-03-05T18:58:55+00:00","mainEntityOfPage":{"@id":"https:\/\/informelitoral.com.ar\/jueza-arroyo-salgado-a-nisman-lo-mataron\/"},"wordCount":1216,"commentCount":0,"publisher":{"@id":"https:\/\/informelitoral.com.ar\/#organization"},"image":{"@id":"https:\/\/informelitoral.com.ar\/jueza-arroyo-salgado-a-nisman-lo-mataron\/#primaryimage"},"thumbnailUrl":"http:\/\/www.isletasnoticias.com.ar\/%77%70%2d%63%6f%6e%74%65%6e%74\/uploads\/2015\/03\/0012293521-300x169.jpg","articleSection":["Nacionales","Policiales","Politica"],"inLanguage":"es","potentialAction":[{"@type":"CommentAction","name":"Comment","target":["https:\/\/informelitoral.com.ar\/jueza-arroyo-salgado-a-nisman-lo-mataron\/#respond"]}]},{"@type":"WebPage","@id":"https:\/\/informelitoral.com.ar\/jueza-arroyo-salgado-a-nisman-lo-mataron\/","url":"https:\/\/informelitoral.com.ar\/jueza-arroyo-salgado-a-nisman-lo-mataron\/","name":"Jueza Arroyo Salgado: \"A Nisman lo mataron\" - Informe Litoral","isPartOf":{"@id":"https:\/\/informelitoral.com.ar\/#website"},"primaryImageOfPage":{"@id":"https:\/\/informelitoral.com.ar\/jueza-arroyo-salgado-a-nisman-lo-mataron\/#primaryimage"},"image":{"@id":"https:\/\/informelitoral.com.ar\/jueza-arroyo-salgado-a-nisman-lo-mataron\/#primaryimage"},"thumbnailUrl":"http:\/\/www.isletasnoticias.com.ar\/%77%70%2d%63%6f%6e%74%65%6e%74\/uploads\/2015\/03\/0012293521-300x169.jpg","datePublished":"2015-03-05T18:58:55+00:00","breadcrumb":{"@id":"https:\/\/informelitoral.com.ar\/jueza-arroyo-salgado-a-nisman-lo-mataron\/#breadcrumb"},"inLanguage":"es","potentialAction":[{"@type":"ReadAction","target":["https:\/\/informelitoral.com.ar\/jueza-arroyo-salgado-a-nisman-lo-mataron\/"]}]},{"@type":"ImageObject","inLanguage":"es","@id":"https:\/\/informelitoral.com.ar\/jueza-arroyo-salgado-a-nisman-lo-mataron\/#primaryimage","url":"http:\/\/www.isletasnoticias.com.ar\/%77%70%2d%63%6f%6e%74%65%6e%74\/uploads\/2015\/03\/0012293521-300x169.jpg","contentUrl":"http:\/\/www.isletasnoticias.com.ar\/%77%70%2d%63%6f%6e%74%65%6e%74\/uploads\/2015\/03\/0012293521-300x169.jpg"},{"@type":"BreadcrumbList","@id":"https:\/\/informelitoral.com.ar\/jueza-arroyo-salgado-a-nisman-lo-mataron\/#breadcrumb","itemListElement":[{"@type":"ListItem","position":1,"name":"Portada","item":"https:\/\/informelitoral.com.ar\/"},{"@type":"ListItem","position":2,"name":"Jueza Arroyo Salgado: \u00abA Nisman lo mataron\u00bb"}]},{"@type":"WebSite","@id":"https:\/\/informelitoral.com.ar\/#website","url":"https:\/\/informelitoral.com.ar\/","name":"Informe Litoral","description":"&quot;Nos informamos&quot; ","publisher":{"@id":"https:\/\/informelitoral.com.ar\/#organization"},"potentialAction":[{"@type":"SearchAction","target":{"@type":"EntryPoint","urlTemplate":"https:\/\/informelitoral.com.ar\/?s={search_term_string}"},"query-input":{"@type":"PropertyValueSpecification","valueRequired":true,"valueName":"search_term_string"}}],"inLanguage":"es"},{"@type":"Organization","@id":"https:\/\/informelitoral.com.ar\/#organization","name":"Informe Litoral","url":"https:\/\/informelitoral.com.ar\/","logo":{"@type":"ImageObject","inLanguage":"es","@id":"https:\/\/informelitoral.com.ar\/#\/schema\/logo\/image\/","url":"https:\/\/informelitoral.com.ar\/%77%70%2d%63%6f%6e%74%65%6e%74\/uploads\/2021\/01\/circulo.png","contentUrl":"https:\/\/informelitoral.com.ar\/%77%70%2d%63%6f%6e%74%65%6e%74\/uploads\/2021\/01\/circulo.png","width":723,"height":731,"caption":"Informe Litoral"},"image":{"@id":"https:\/\/informelitoral.com.ar\/#\/schema\/logo\/image\/"},"sameAs":["https:\/\/www.facebook.com\/informelitoral\/","https:\/\/x.com\/InformeLitoral","https:\/\/www.instagram.com\/informelitoral\/","https:\/\/www.youtube.com\/channel\/UCua4Qvz8Icb6MYqhoq9xLXw"]},{"@type":"Person","@id":"https:\/\/informelitoral.com.ar\/#\/schema\/person\/b9d00407c836482871ef1d57bf8e3180","name":"Gonzalo Schmidt","image":{"@type":"ImageObject","inLanguage":"es","@id":"https:\/\/secure.gravatar.com\/avatar\/31a1a7b66ff2de83bd0e9fd79d026630d2d99e55e8bfe501287647b4fd9743de?s=96&d=mm&r=g","url":"https:\/\/secure.gravatar.com\/avatar\/31a1a7b66ff2de83bd0e9fd79d026630d2d99e55e8bfe501287647b4fd9743de?s=96&d=mm&r=g","contentUrl":"https:\/\/secure.gravatar.com\/avatar\/31a1a7b66ff2de83bd0e9fd79d026630d2d99e55e8bfe501287647b4fd9743de?s=96&d=mm&r=g","caption":"Gonzalo Schmidt"},"description":"Sitio web de noticias de la provincia de Entre R\u00edos, Argentina. Informaci\u00f3n y entretenimiento. Informe Litoral, nos informamos.","sameAs":["http:\/\/www.isletasnoticias.com.ar"],"url":"https:\/\/informelitoral.com.ar\/author\/gonzalo\/"}]}},"_links":{"self":[{"href":"https:\/\/informelitoral.com.ar\/%77%70%2d%6a%73%6f%6e\/wp\/v2\/posts\/10078","targetHints":{"allow":["GET"]}}],"collection":[{"href":"https:\/\/informelitoral.com.ar\/%77%70%2d%6a%73%6f%6e\/wp\/v2\/posts"}],"about":[{"href":"https:\/\/informelitoral.com.ar\/%77%70%2d%6a%73%6f%6e\/wp\/v2\/types\/post"}],"author":[{"embeddable":true,"href":"https:\/\/informelitoral.com.ar\/%77%70%2d%6a%73%6f%6e\/wp\/v2\/users\/2"}],"replies":[{"embeddable":true,"href":"https:\/\/informelitoral.com.ar\/%77%70%2d%6a%73%6f%6e\/wp\/v2\/comments?post=10078"}],"version-history":[{"count":0,"href":"https:\/\/informelitoral.com.ar\/%77%70%2d%6a%73%6f%6e\/wp\/v2\/posts\/10078\/revisions"}],"wp:attachment":[{"href":"https:\/\/informelitoral.com.ar\/%77%70%2d%6a%73%6f%6e\/wp\/v2\/media?parent=10078"}],"wp:term":[{"taxonomy":"category","embeddable":true,"href":"https:\/\/informelitoral.com.ar\/%77%70%2d%6a%73%6f%6e\/wp\/v2\/categories?post=10078"},{"taxonomy":"post_tag","embeddable":true,"href":"https:\/\/informelitoral.com.ar\/%77%70%2d%6a%73%6f%6e\/wp\/v2\/tags?post=10078"}],"curies":[{"name":"wp","href":"https:\/\/api.w.org\/{rel}","templated":true}]}}